{"id":11593,"date":"2017-05-05T14:03:25","date_gmt":"2017-05-05T13:03:25","guid":{"rendered":"http:\/\/www.info-algerie.com\/actualites\/legislatives-le-peuple-algerien-a-prouve-sa-determination-a-faire-entendre-sa-voix-au-monde-entier\/"},"modified":"2017-05-05T14:03:25","modified_gmt":"2017-05-05T13:03:25","slug":"legislatives-le-peuple-algerien-a-prouve-sa-determination-a-faire-entendre-sa-voix-au-monde-entier","status":"publish","type":"post","link":"https:\/\/www.info-algerie.com\/actualites\/legislatives-le-peuple-algerien-a-prouve-sa-determination-a-faire-entendre-sa-voix-au-monde-entier\/","title":{"rendered":"L\u00e9gislatives: le peuple alg\u00e9rien &quot;a prouv\u00e9 sa d\u00e9termination \u00e0 faire  entendre sa voix au monde entier&quot;"},"content":{"rendered":"<div class=\"K2FeedImage\"><img decoding=\"async\" src=\"https:\/\/www.info-algerie.com\/actualites\/wp-content\/uploads\/2017\/05\/5625bd63162231a55d0a6919b5a0d953_S.jpg\" \/><\/div>\n<div class=\"K2FeedIntroText\">\n<p>ALGER- Le ministre de l&rsquo;Int\u00e9rieur et des Collectivit\u00e9s\u00a0 locales, Noureddine Bedoui, a indiqu\u00e9 vendredi \u00e0 Alger que les \u00e9lections\u00a0 l\u00e9gislatives du 4 mai se sont d\u00e9roul\u00e9es dans \u00ab\u00a0le calme et la s\u00e9r\u00e9nit\u00e9\u00a0\u00bb,\u00a0 affirmant que le peuple alg\u00e9rien a prouv\u00e9, \u00e0 travers sa participation \u00e0 ce\u00a0 scrutin, \u00ab\u00a0sa d\u00e9termination \u00e0 faire entendre sa voix au monde entier\u00a0\u00bb.<\/p>\n<p>&#013;\n<\/p><\/div>\n<div class=\"K2FeedFullText\">&#013;<\/p>\n<p>S&rsquo;exprimant lors d&rsquo;une conf\u00e9rence de presse consacr\u00e9e \u00e0 la pr\u00e9sentation\u00a0 des r\u00e9sultats pr\u00e9liminaires des l\u00e9gislatives, M. Bedoui s&rsquo;est f\u00e9licit\u00e9 du\u00a0 climat g\u00e9n\u00e9ral dans lequel s&rsquo;est d\u00e9roul\u00e9 le scrutin qu&rsquo;il a qualifi\u00e9 de\u00a0 \u00ab\u00a0f\u00eate nationale\u00a0\u00bb.<br \/>\u00ab\u00a0A travers sa participation \u00e0 ce scrutin, le peuple alg\u00e9rien a prouv\u00e9\u00a0 qu&rsquo;il \u00e9tait r\u00e9sign\u00e9 \u00e0 faire entendre sa voix au monde entier, en faisant\u00a0 preuve d&rsquo;un haut niveau de conscience \u00e0 chaque fois qu&rsquo;il \u00e9tait sollicit\u00e9\u00a0 pour s&rsquo;exprimer sur des rendez-vous politiques majeurs engageant l&rsquo;avenir\u00a0 du pays et en se montrant totalement mobilis\u00e9 pour mettre en \u00e9chec les\u00a0 desseins des comploteurs\u00a0\u00bb, a-t-il soulign\u00e9.<br \/>Le ministre a \u00e9galement relev\u00e9 que le peuple alg\u00e9rien \u00ab\u00a0s&rsquo;est rendu aux\u00a0 urnes en toute spontan\u00e9it\u00e9 et engagement\u00a0\u00bb, faisant remarquer que ce scrutin\u00a0 \u00ab\u00a0constitue le premier exercice d\u00e9mocratique apr\u00e8s la r\u00e9vision\u00a0 constitutionnelle de 2016, initi\u00e9e par le pr\u00e9sident de la R\u00e9publique,\u00a0 Abdelaziz Bouteflika, et qui a consolid\u00e9 le processus d\u00e9mocratique en\u00a0 offrant des garanties sans pr\u00e9c\u00e9dents quant \u00e0 la probit\u00e9 et la transparence\u00a0 des \u00e9lections\u00a0\u00bb.<br \/>Il a, dans ce sens, cit\u00e9 la cr\u00e9ation de la Haute instance ind\u00e9pendante de\u00a0 surveillance des \u00e9lections (HIISE), saluant le r\u00f4le \u00ab\u00a0fondamental\u00a0\u00bb de cette\u00a0 instance lors des \u00e9lections l\u00e9gislatives du 4 mai 2017 et sa coordination\u00a0 \u00ab\u00a0permanente\u00a0\u00bb avec les diff\u00e9rents services de l&rsquo;Etat pour le bon d\u00e9roulement\u00a0 du processus \u00e9lectoral.<br \/>\u00ab\u00a0Toutes les appr\u00e9hensions exprim\u00e9es avant le scrutin se sont av\u00e9r\u00e9es\u00a0 vaines du moment que la gestion de l&rsquo;op\u00e9ration \u00e9lectorale s&rsquo;est d\u00e9roul\u00e9e de\u00a0 fa\u00e7on professionnelle et avec une grande maitrise\u00a0\u00bb, s&rsquo;est-il r\u00e9joui.<br \/>M. Bedoui a \u00e9galement fait remarquer que ce scrutin s&rsquo;est d\u00e9roul\u00e9 dans un\u00a0 contexte marqu\u00e9 notamment par l&rsquo;adoption en 2016 d&rsquo;une nouvelle loi\u00a0 relative au r\u00e9gime \u00e9lectoral \u00ab\u00a0dont nous avons veill\u00e9 \u00e0 sa stricte\u00a0 application\u00a0\u00bb, a-t-il dit.<br \/>Le ministre a, \u00e0 cette occasion, rendu hommage aux partenaires politiques\u00a0 \u00ab\u00a0qui ont fait preuve d&rsquo;un haut niveau de conscience loin de toute\u00a0 surench\u00e8re\u00a0\u00bb.<br \/>Il a aussi rappel\u00e9 que ce scrutin s&rsquo;est d\u00e9roul\u00e9 en pr\u00e9sence de 299\u00a0 observateurs internationaux repr\u00e9sentants 5 organisations internationales,\u00a0 \u00ab\u00a0qui ont eu \u00e0 leur disposition tous les moyens n\u00e9cessaire pour leur\u00a0 permettre d&rsquo;accomplir leur mission dans les meilleures conditions\u00a0\u00bb, tout en les invitant \u00ab\u00a0\u00e0 \u00e9laborer des rapports constructifs et objectifs qui\u00a0 permettront \u00e0 l&rsquo;Alg\u00e9rie d&rsquo;am\u00e9liorer davantage l&rsquo;organisation de futures\u00a0 \u00e9lections\u00a0\u00bb.<\/p>\n<\/div>\n<p>&#013;<br \/>\nSource: <a href=\"http:\/\/www.aps.dz\/algerie\/57071-legislatives-le-peuple-algerien-a-prouve-sa-determination-a-faire-entendre-sa-voix-au-monde-entier-bedoui\" target=\"_blank\">L\u00e9gislatives: le peuple alg\u00e9rien \u00ab\u00a0a prouv\u00e9 sa d\u00e9termination \u00e0 faire  entendre sa voix au monde entier\u00a0\u00bb<\/a><\/p>\n<!--CusAds0-->\n<div style=\"font-size: 0px; height: 0px; line-height: 0px; margin: 0; padding: 0; clear: both;\"><\/div>","protected":false},"excerpt":{"rendered":"<p>ALGER- Le ministre de l&rsquo;Int\u00e9rieur et des Collectivit\u00e9s\u00a0 locales, Noureddine Bedoui, a indiqu\u00e9 vendredi \u00e0 Alger que les \u00e9lections\u00a0 l\u00e9gislatives du 4 mai se sont d\u00e9roul\u00e9es dans \u00ab\u00a0le calme et la s\u00e9r\u00e9nit\u00e9\u00a0\u00bb,\u00a0 affirmant que le peuple alg\u00e9rien a prouv\u00e9, \u00e0 travers sa participation \u00e0 ce\u00a0 scrutin, \u00ab\u00a0sa d\u00e9termination \u00e0 faire entendre sa voix au monde<\/p>\n","protected":false},"author":6,"featured_media":11594,"comment_status":"open","ping_status":"open","sticky":false,"template":"","format":"standard","meta":{"footnotes":""},"categories":[22],"tags":[93],"class_list":["post-11593","post","type-post","status-publish","format-standard","has-post-thumbnail","hentry","category-infos","tag-onu"],"yoast_head":"<!-- This site is optimized with the Yoast SEO plugin v27.5 - https:\/\/yoast.com\/product\/yoast-seo-wordpress\/ -->\n<title>L\u00e9gislatives: le peuple alg\u00e9rien &quot;a prouv\u00e9 sa d\u00e9termination \u00e0 faire entendre sa voix au monde entier&quot; - info algerie<\/title>\n<meta name=\"robots\" content=\"index, follow, max-snippet:-1, max-image-preview:large, max-video-preview:-1\" \/>\n<link rel=\"canonical\" href=\"https:\/\/www.info-algerie.com\/actualites\/legislatives-le-peuple-algerien-a-prouve-sa-determination-a-faire-entendre-sa-voix-au-monde-entier\/\" \/>\n<meta property=\"og:locale\" content=\"fr_FR\" \/>\n<meta property=\"og:type\" content=\"article\" \/>\n<meta property=\"og:title\" content=\"L\u00e9gislatives: le peuple alg\u00e9rien &quot;a prouv\u00e9 sa d\u00e9termination \u00e0 faire entendre sa voix au monde entier&quot; - info algerie\" \/>\n<meta property=\"og:description\" content=\"ALGER- Le ministre de l&rsquo;Int\u00e9rieur et des Collectivit\u00e9s\u00a0 locales, Noureddine Bedoui, a indiqu\u00e9 vendredi \u00e0 Alger que les \u00e9lections\u00a0 l\u00e9gislatives du 4 mai se sont d\u00e9roul\u00e9es dans \u00ab\u00a0le calme et la s\u00e9r\u00e9nit\u00e9\u00a0\u00bb,\u00a0 affirmant que le peuple alg\u00e9rien a prouv\u00e9, \u00e0 travers sa participation \u00e0 ce\u00a0 scrutin, \u00ab\u00a0sa d\u00e9termination \u00e0 faire entendre sa voix au monde\" \/>\n<meta property=\"og:url\" content=\"https:\/\/www.info-algerie.com\/actualites\/legislatives-le-peuple-algerien-a-prouve-sa-determination-a-faire-entendre-sa-voix-au-monde-entier\/\" \/>\n<meta property=\"og:site_name\" content=\"info algerie\" \/>\n<meta property=\"article:publisher\" content=\"https:\/\/www.facebook.com\/infoalgerieactu\" \/>\n<meta property=\"article:published_time\" content=\"2017-05-05T13:03:25+00:00\" \/>\n<meta property=\"og:image\" content=\"https:\/\/www.info-algerie.com\/actualites\/wp-content\/uploads\/2017\/05\/5625bd63162231a55d0a6919b5a0d953_S-1.jpg\" \/>\n\t<meta property=\"og:image:width\" content=\"280\" \/>\n\t<meta property=\"og:image:height\" content=\"176\" \/>\n\t<meta property=\"og:image:type\" content=\"image\/jpeg\" \/>\n<meta name=\"author\" content=\"La r\u00e9daction\" \/>\n<meta name=\"twitter:label1\" content=\"\u00c9crit par\" \/>\n\t<meta name=\"twitter:data1\" content=\"La r\u00e9daction\" \/>\n\t<meta name=\"twitter:label2\" content=\"Dur\u00e9e de lecture estim\u00e9e\" \/>\n\t<meta name=\"twitter:data2\" content=\"2 minutes\" \/>\n<script type=\"application\/ld+json\" class=\"yoast-schema-graph\">{\"@context\":\"https:\\\/\\\/schema.org\",\"@graph\":[{\"@type\":\"Article\",\"@id\":\"https:\\\/\\\/www.info-algerie.com\\\/actualites\\\/legislatives-le-peuple-algerien-a-prouve-sa-determination-a-faire-entendre-sa-voix-au-monde-entier\\\/#article\",\"isPartOf\":{\"@id\":\"https:\\\/\\\/www.info-algerie.com\\\/actualites\\\/legislatives-le-peuple-algerien-a-prouve-sa-determination-a-faire-entendre-sa-voix-au-monde-entier\\\/\"},\"author\":{\"name\":\"La r\u00e9daction\",\"@id\":\"https:\\\/\\\/www.info-algerie.com\\\/actualites\\\/#\\\/schema\\\/person\\\/847aaec44920825b843a08f30ec6aa1e\"},\"headline\":\"L\u00e9gislatives: le peuple alg\u00e9rien &quot;a prouv\u00e9 sa d\u00e9termination \u00e0 faire entendre sa voix au monde entier&quot;\",\"datePublished\":\"2017-05-05T13:03:25+00:00\",\"mainEntityOfPage\":{\"@id\":\"https:\\\/\\\/www.info-algerie.com\\\/actualites\\\/legislatives-le-peuple-algerien-a-prouve-sa-determination-a-faire-entendre-sa-voix-au-monde-entier\\\/\"},\"wordCount\":521,\"commentCount\":0,\"publisher\":{\"@id\":\"https:\\\/\\\/www.info-algerie.com\\\/actualites\\\/#organization\"},\"image\":{\"@id\":\"https:\\\/\\\/www.info-algerie.com\\\/actualites\\\/legislatives-le-peuple-algerien-a-prouve-sa-determination-a-faire-entendre-sa-voix-au-monde-entier\\\/#primaryimage\"},\"thumbnailUrl\":\"https:\\\/\\\/www.info-algerie.com\\\/actualites\\\/wp-content\\\/uploads\\\/2017\\\/05\\\/5625bd63162231a55d0a6919b5a0d953_S-1.jpg\",\"keywords\":[\"ONU\"],\"articleSection\":[\"infos\"],\"inLanguage\":\"fr-FR\",\"potentialAction\":[{\"@type\":\"CommentAction\",\"name\":\"Comment\",\"target\":[\"https:\\\/\\\/www.info-algerie.com\\\/actualites\\\/legislatives-le-peuple-algerien-a-prouve-sa-determination-a-faire-entendre-sa-voix-au-monde-entier\\\/#respond\"]}]},{\"@type\":\"WebPage\",\"@id\":\"https:\\\/\\\/www.info-algerie.com\\\/actualites\\\/legislatives-le-peuple-algerien-a-prouve-sa-determination-a-faire-entendre-sa-voix-au-monde-entier\\\/\",\"url\":\"https:\\\/\\\/www.info-algerie.com\\\/actualites\\\/legislatives-le-peuple-algerien-a-prouve-sa-determination-a-faire-entendre-sa-voix-au-monde-entier\\\/\",\"name\":\"L\u00e9gislatives: le peuple alg\u00e9rien &quot;a prouv\u00e9 sa d\u00e9termination \u00e0 faire entendre sa voix au monde entier&quot; - info algerie\",\"isPartOf\":{\"@id\":\"https:\\\/\\\/www.info-algerie.com\\\/actualites\\\/#website\"},\"primaryImageOfPage\":{\"@id\":\"https:\\\/\\\/www.info-algerie.com\\\/actualites\\\/legislatives-le-peuple-algerien-a-prouve-sa-determination-a-faire-entendre-sa-voix-au-monde-entier\\\/#primaryimage\"},\"image\":{\"@id\":\"https:\\\/\\\/www.info-algerie.com\\\/actualites\\\/legislatives-le-peuple-algerien-a-prouve-sa-determination-a-faire-entendre-sa-voix-au-monde-entier\\\/#primaryimage\"},\"thumbnailUrl\":\"https:\\\/\\\/www.info-algerie.com\\\/actualites\\\/wp-content\\\/uploads\\\/2017\\\/05\\\/5625bd63162231a55d0a6919b5a0d953_S-1.jpg\",\"datePublished\":\"2017-05-05T13:03:25+00:00\",\"breadcrumb\":{\"@id\":\"https:\\\/\\\/www.info-algerie.com\\\/actualites\\\/legislatives-le-peuple-algerien-a-prouve-sa-determination-a-faire-entendre-sa-voix-au-monde-entier\\\/#breadcrumb\"},\"inLanguage\":\"fr-FR\",\"potentialAction\":[{\"@type\":\"ReadAction\",\"target\":[\"https:\\\/\\\/www.info-algerie.com\\\/actualites\\\/legislatives-le-peuple-algerien-a-prouve-sa-determination-a-faire-entendre-sa-voix-au-monde-entier\\\/\"]}]},{\"@type\":\"ImageObject\",\"inLanguage\":\"fr-FR\",\"@id\":\"https:\\\/\\\/www.info-algerie.com\\\/actualites\\\/legislatives-le-peuple-algerien-a-prouve-sa-determination-a-faire-entendre-sa-voix-au-monde-entier\\\/#primaryimage\",\"url\":\"https:\\\/\\\/www.info-algerie.com\\\/actualites\\\/wp-content\\\/uploads\\\/2017\\\/05\\\/5625bd63162231a55d0a6919b5a0d953_S-1.jpg\",\"contentUrl\":\"https:\\\/\\\/www.info-algerie.com\\\/actualites\\\/wp-content\\\/uploads\\\/2017\\\/05\\\/5625bd63162231a55d0a6919b5a0d953_S-1.jpg\",\"width\":280,\"height\":176},{\"@type\":\"BreadcrumbList\",\"@id\":\"https:\\\/\\\/www.info-algerie.com\\\/actualites\\\/legislatives-le-peuple-algerien-a-prouve-sa-determination-a-faire-entendre-sa-voix-au-monde-entier\\\/#breadcrumb\",\"itemListElement\":[{\"@type\":\"ListItem\",\"position\":1,\"name\":\"Accueil\",\"item\":\"https:\\\/\\\/www.info-algerie.com\\\/actualites\\\/\"},{\"@type\":\"ListItem\",\"position\":2,\"name\":\"L\u00e9gislatives: le peuple alg\u00e9rien &quot;a prouv\u00e9 sa d\u00e9termination \u00e0 faire entendre sa voix au monde entier&quot;\"}]},{\"@type\":\"WebSite\",\"@id\":\"https:\\\/\\\/www.info-algerie.com\\\/actualites\\\/#website\",\"url\":\"https:\\\/\\\/www.info-algerie.com\\\/actualites\\\/\",\"name\":\"info algerie\",\"description\":\"Toutes les actualit\u00e9s\",\"publisher\":{\"@id\":\"https:\\\/\\\/www.info-algerie.com\\\/actualites\\\/#organization\"},\"potentialAction\":[{\"@type\":\"SearchAction\",\"target\":{\"@type\":\"EntryPoint\",\"urlTemplate\":\"https:\\\/\\\/www.info-algerie.com\\\/actualites\\\/?s={search_term_string}\"},\"query-input\":{\"@type\":\"PropertyValueSpecification\",\"valueRequired\":true,\"valueName\":\"search_term_string\"}}],\"inLanguage\":\"fr-FR\"},{\"@type\":\"Organization\",\"@id\":\"https:\\\/\\\/www.info-algerie.com\\\/actualites\\\/#organization\",\"name\":\"info algerie\",\"url\":\"https:\\\/\\\/www.info-algerie.com\\\/actualites\\\/\",\"logo\":{\"@type\":\"ImageObject\",\"inLanguage\":\"fr-FR\",\"@id\":\"https:\\\/\\\/www.info-algerie.com\\\/actualites\\\/#\\\/schema\\\/logo\\\/image\\\/\",\"url\":\"https:\\\/\\\/www.info-algerie.com\\\/actualites\\\/wp-content\\\/uploads\\\/2022\\\/07\\\/logo-ia-120.png\",\"contentUrl\":\"https:\\\/\\\/www.info-algerie.com\\\/actualites\\\/wp-content\\\/uploads\\\/2022\\\/07\\\/logo-ia-120.png\",\"width\":120,\"height\":43,\"caption\":\"info algerie\"},\"image\":{\"@id\":\"https:\\\/\\\/www.info-algerie.com\\\/actualites\\\/#\\\/schema\\\/logo\\\/image\\\/\"},\"sameAs\":[\"https:\\\/\\\/www.facebook.com\\\/infoalgerieactu\",\"https:\\\/\\\/x.com\\\/infoalgerie1\"]},{\"@type\":\"Person\",\"@id\":\"https:\\\/\\\/www.info-algerie.com\\\/actualites\\\/#\\\/schema\\\/person\\\/847aaec44920825b843a08f30ec6aa1e\",\"name\":\"La r\u00e9daction\",\"image\":{\"@type\":\"ImageObject\",\"inLanguage\":\"fr-FR\",\"@id\":\"https:\\\/\\\/secure.gravatar.com\\\/avatar\\\/769db425c6f465158149f1ffd6cf61ce7a8a879d11dfbef8288af36dfddd418c?s=96&d=mm&r=g\",\"url\":\"https:\\\/\\\/secure.gravatar.com\\\/avatar\\\/769db425c6f465158149f1ffd6cf61ce7a8a879d11dfbef8288af36dfddd418c?s=96&d=mm&r=g\",\"contentUrl\":\"https:\\\/\\\/secure.gravatar.com\\\/avatar\\\/769db425c6f465158149f1ffd6cf61ce7a8a879d11dfbef8288af36dfddd418c?s=96&d=mm&r=g\",\"caption\":\"La r\u00e9daction\"},\"sameAs\":[\"http:\\\/\\\/www.lkeria.com\\\/\"],\"url\":\"https:\\\/\\\/www.info-algerie.com\\\/actualites\\\/author\\\/chakib32\\\/\"}]}<\/script>\n<!-- \/ Yoast SEO plugin. -->","yoast_head_json":{"title":"L\u00e9gislatives: le peuple alg\u00e9rien &quot;a prouv\u00e9 sa d\u00e9termination \u00e0 faire entendre sa voix au monde entier&quot; - info algerie","robots":{"index":"index","follow":"follow","max-snippet":"max-snippet:-1","max-image-preview":"max-image-preview:large","max-video-preview":"max-video-preview:-1"},"canonical":"https:\/\/www.info-algerie.com\/actualites\/legislatives-le-peuple-algerien-a-prouve-sa-determination-a-faire-entendre-sa-voix-au-monde-entier\/","og_locale":"fr_FR","og_type":"article","og_title":"L\u00e9gislatives: le peuple alg\u00e9rien &quot;a prouv\u00e9 sa d\u00e9termination \u00e0 faire entendre sa voix au monde entier&quot; - info algerie","og_description":"ALGER- Le ministre de l&rsquo;Int\u00e9rieur et des Collectivit\u00e9s\u00a0 locales, Noureddine Bedoui, a indiqu\u00e9 vendredi \u00e0 Alger que les \u00e9lections\u00a0 l\u00e9gislatives du 4 mai se sont d\u00e9roul\u00e9es dans \u00ab\u00a0le calme et la s\u00e9r\u00e9nit\u00e9\u00a0\u00bb,\u00a0 affirmant que le peuple alg\u00e9rien a prouv\u00e9, \u00e0 travers sa participation \u00e0 ce\u00a0 scrutin, \u00ab\u00a0sa d\u00e9termination \u00e0 faire entendre sa voix au monde","og_url":"https:\/\/www.info-algerie.com\/actualites\/legislatives-le-peuple-algerien-a-prouve-sa-determination-a-faire-entendre-sa-voix-au-monde-entier\/","og_site_name":"info algerie","article_publisher":"https:\/\/www.facebook.com\/infoalgerieactu","article_published_time":"2017-05-05T13:03:25+00:00","og_image":[{"width":280,"height":176,"url":"https:\/\/www.info-algerie.com\/actualites\/wp-content\/uploads\/2017\/05\/5625bd63162231a55d0a6919b5a0d953_S-1.jpg","type":"image\/jpeg"}],"author":"La r\u00e9daction","twitter_misc":{"\u00c9crit par":"La r\u00e9daction","Dur\u00e9e de lecture estim\u00e9e":"2 minutes"},"schema":{"@context":"https:\/\/schema.org","@graph":[{"@type":"Article","@id":"https:\/\/www.info-algerie.com\/actualites\/legislatives-le-peuple-algerien-a-prouve-sa-determination-a-faire-entendre-sa-voix-au-monde-entier\/#article","isPartOf":{"@id":"https:\/\/www.info-algerie.com\/actualites\/legislatives-le-peuple-algerien-a-prouve-sa-determination-a-faire-entendre-sa-voix-au-monde-entier\/"},"author":{"name":"La r\u00e9daction","@id":"https:\/\/www.info-algerie.com\/actualites\/#\/schema\/person\/847aaec44920825b843a08f30ec6aa1e"},"headline":"L\u00e9gislatives: le peuple alg\u00e9rien &quot;a prouv\u00e9 sa d\u00e9termination \u00e0 faire entendre sa voix au monde entier&quot;","datePublished":"2017-05-05T13:03:25+00:00","mainEntityOfPage":{"@id":"https:\/\/www.info-algerie.com\/actualites\/legislatives-le-peuple-algerien-a-prouve-sa-determination-a-faire-entendre-sa-voix-au-monde-entier\/"},"wordCount":521,"commentCount":0,"publisher":{"@id":"https:\/\/www.info-algerie.com\/actualites\/#organization"},"image":{"@id":"https:\/\/www.info-algerie.com\/actualites\/legislatives-le-peuple-algerien-a-prouve-sa-determination-a-faire-entendre-sa-voix-au-monde-entier\/#primaryimage"},"thumbnailUrl":"https:\/\/www.info-algerie.com\/actualites\/wp-content\/uploads\/2017\/05\/5625bd63162231a55d0a6919b5a0d953_S-1.jpg","keywords":["ONU"],"articleSection":["infos"],"inLanguage":"fr-FR","potentialAction":[{"@type":"CommentAction","name":"Comment","target":["https:\/\/www.info-algerie.com\/actualites\/legislatives-le-peuple-algerien-a-prouve-sa-determination-a-faire-entendre-sa-voix-au-monde-entier\/#respond"]}]},{"@type":"WebPage","@id":"https:\/\/www.info-algerie.com\/actualites\/legislatives-le-peuple-algerien-a-prouve-sa-determination-a-faire-entendre-sa-voix-au-monde-entier\/","url":"https:\/\/www.info-algerie.com\/actualites\/legislatives-le-peuple-algerien-a-prouve-sa-determination-a-faire-entendre-sa-voix-au-monde-entier\/","name":"L\u00e9gislatives: le peuple alg\u00e9rien &quot;a prouv\u00e9 sa d\u00e9termination \u00e0 faire entendre sa voix au monde entier&quot; - info algerie","isPartOf":{"@id":"https:\/\/www.info-algerie.com\/actualites\/#website"},"primaryImageOfPage":{"@id":"https:\/\/www.info-algerie.com\/actualites\/legislatives-le-peuple-algerien-a-prouve-sa-determination-a-faire-entendre-sa-voix-au-monde-entier\/#primaryimage"},"image":{"@id":"https:\/\/www.info-algerie.com\/actualites\/legislatives-le-peuple-algerien-a-prouve-sa-determination-a-faire-entendre-sa-voix-au-monde-entier\/#primaryimage"},"thumbnailUrl":"https:\/\/www.info-algerie.com\/actualites\/wp-content\/uploads\/2017\/05\/5625bd63162231a55d0a6919b5a0d953_S-1.jpg","datePublished":"2017-05-05T13:03:25+00:00","breadcrumb":{"@id":"https:\/\/www.info-algerie.com\/actualites\/legislatives-le-peuple-algerien-a-prouve-sa-determination-a-faire-entendre-sa-voix-au-monde-entier\/#breadcrumb"},"inLanguage":"fr-FR","potentialAction":[{"@type":"ReadAction","target":["https:\/\/www.info-algerie.com\/actualites\/legislatives-le-peuple-algerien-a-prouve-sa-determination-a-faire-entendre-sa-voix-au-monde-entier\/"]}]},{"@type":"ImageObject","inLanguage":"fr-FR","@id":"https:\/\/www.info-algerie.com\/actualites\/legislatives-le-peuple-algerien-a-prouve-sa-determination-a-faire-entendre-sa-voix-au-monde-entier\/#primaryimage","url":"https:\/\/www.info-algerie.com\/actualites\/wp-content\/uploads\/2017\/05\/5625bd63162231a55d0a6919b5a0d953_S-1.jpg","contentUrl":"https:\/\/www.info-algerie.com\/actualites\/wp-content\/uploads\/2017\/05\/5625bd63162231a55d0a6919b5a0d953_S-1.jpg","width":280,"height":176},{"@type":"BreadcrumbList","@id":"https:\/\/www.info-algerie.com\/actualites\/legislatives-le-peuple-algerien-a-prouve-sa-determination-a-faire-entendre-sa-voix-au-monde-entier\/#breadcrumb","itemListElement":[{"@type":"ListItem","position":1,"name":"Accueil","item":"https:\/\/www.info-algerie.com\/actualites\/"},{"@type":"ListItem","position":2,"name":"L\u00e9gislatives: le peuple alg\u00e9rien &quot;a prouv\u00e9 sa d\u00e9termination \u00e0 faire entendre sa voix au monde entier&quot;"}]},{"@type":"WebSite","@id":"https:\/\/www.info-algerie.com\/actualites\/#website","url":"https:\/\/www.info-algerie.com\/actualites\/","name":"info algerie","description":"Toutes les actualit\u00e9s","publisher":{"@id":"https:\/\/www.info-algerie.com\/actualites\/#organization"},"potentialAction":[{"@type":"SearchAction","target":{"@type":"EntryPoint","urlTemplate":"https:\/\/www.info-algerie.com\/actualites\/?s={search_term_string}"},"query-input":{"@type":"PropertyValueSpecification","valueRequired":true,"valueName":"search_term_string"}}],"inLanguage":"fr-FR"},{"@type":"Organization","@id":"https:\/\/www.info-algerie.com\/actualites\/#organization","name":"info algerie","url":"https:\/\/www.info-algerie.com\/actualites\/","logo":{"@type":"ImageObject","inLanguage":"fr-FR","@id":"https:\/\/www.info-algerie.com\/actualites\/#\/schema\/logo\/image\/","url":"https:\/\/www.info-algerie.com\/actualites\/wp-content\/uploads\/2022\/07\/logo-ia-120.png","contentUrl":"https:\/\/www.info-algerie.com\/actualites\/wp-content\/uploads\/2022\/07\/logo-ia-120.png","width":120,"height":43,"caption":"info algerie"},"image":{"@id":"https:\/\/www.info-algerie.com\/actualites\/#\/schema\/logo\/image\/"},"sameAs":["https:\/\/www.facebook.com\/infoalgerieactu","https:\/\/x.com\/infoalgerie1"]},{"@type":"Person","@id":"https:\/\/www.info-algerie.com\/actualites\/#\/schema\/person\/847aaec44920825b843a08f30ec6aa1e","name":"La r\u00e9daction","image":{"@type":"ImageObject","inLanguage":"fr-FR","@id":"https:\/\/secure.gravatar.com\/avatar\/769db425c6f465158149f1ffd6cf61ce7a8a879d11dfbef8288af36dfddd418c?s=96&d=mm&r=g","url":"https:\/\/secure.gravatar.com\/avatar\/769db425c6f465158149f1ffd6cf61ce7a8a879d11dfbef8288af36dfddd418c?s=96&d=mm&r=g","contentUrl":"https:\/\/secure.gravatar.com\/avatar\/769db425c6f465158149f1ffd6cf61ce7a8a879d11dfbef8288af36dfddd418c?s=96&d=mm&r=g","caption":"La r\u00e9daction"},"sameAs":["http:\/\/www.lkeria.com\/"],"url":"https:\/\/www.info-algerie.com\/actualites\/author\/chakib32\/"}]}},"_links":{"self":[{"href":"https:\/\/www.info-algerie.com\/actualites\/wp-json\/wp\/v2\/posts\/11593","targetHints":{"allow":["GET"]}}],"collection":[{"href":"https:\/\/www.info-algerie.com\/actualites\/wp-json\/wp\/v2\/posts"}],"about":[{"href":"https:\/\/www.info-algerie.com\/actualites\/wp-json\/wp\/v2\/types\/post"}],"author":[{"embeddable":true,"href":"https:\/\/www.info-algerie.com\/actualites\/wp-json\/wp\/v2\/users\/6"}],"replies":[{"embeddable":true,"href":"https:\/\/www.info-algerie.com\/actualites\/wp-json\/wp\/v2\/comments?post=11593"}],"version-history":[{"count":0,"href":"https:\/\/www.info-algerie.com\/actualites\/wp-json\/wp\/v2\/posts\/11593\/revisions"}],"wp:featuredmedia":[{"embeddable":true,"href":"https:\/\/www.info-algerie.com\/actualites\/wp-json\/wp\/v2\/media\/11594"}],"wp:attachment":[{"href":"https:\/\/www.info-algerie.com\/actualites\/wp-json\/wp\/v2\/media?parent=11593"}],"wp:term":[{"taxonomy":"category","embeddable":true,"href":"https:\/\/www.info-algerie.com\/actualites\/wp-json\/wp\/v2\/categories?post=11593"},{"taxonomy":"post_tag","embeddable":true,"href":"https:\/\/www.info-algerie.com\/actualites\/wp-json\/wp\/v2\/tags?post=11593"}],"curies":[{"name":"wp","href":"https:\/\/api.w.org\/{rel}","templated":true}]}}