{"id":11979,"date":"2017-05-14T16:13:03","date_gmt":"2017-05-14T15:13:03","guid":{"rendered":"http:\/\/www.info-algerie.com\/actualites\/un-responsable-onusien-rend-hommage-a-lalgerie-pour-son-role-dans-le-reglement-des-crises-en-afrique\/"},"modified":"2017-05-14T16:13:03","modified_gmt":"2017-05-14T15:13:03","slug":"un-responsable-onusien-rend-hommage-a-lalgerie-pour-son-role-dans-le-reglement-des-crises-en-afrique","status":"publish","type":"post","link":"https:\/\/www.info-algerie.com\/actualites\/un-responsable-onusien-rend-hommage-a-lalgerie-pour-son-role-dans-le-reglement-des-crises-en-afrique\/","title":{"rendered":"Un responsable onusien rend hommage \u00e0 l&#039;Alg\u00e9rie pour son r\u00f4le dans le\u00a0r\u00e8glement des crises en Afrique\u00a0\u00a0"},"content":{"rendered":"<div class=\"K2FeedImage\"><img decoding=\"async\" src=\"https:\/\/www.info-algerie.com\/actualites\/wp-content\/uploads\/2017\/05\/8ba583c80d30b418e12d484ab4bbaac0_S.jpg\" alt=\"Un responsable onusien rend hommage &#xE0; l'Alg&#xE9;rie pour son r&#xF4;le dans le&#xA0;r&#xE8;glement des crises en Afrique&#xA0;&#xA0;\" \/><\/div>\n<div class=\"K2FeedIntroText\">\n<p class=\"MsoNoSpacing\">ALGER- Le secr\u00e9taire g\u00e9n\u00e9ral adjoint des Nations Unies\u00a0 aux op\u00e9rations de maintien de la paix, Jean-Pierre Lacroix, a rendu\u00a0 dimanche hommage \u00e0 l&rsquo;Alg\u00e9rie pour son r\u00f4le jou\u00e9 en mati\u00e8re d&rsquo;instauration\u00a0de la paix et de la s\u00e9curit\u00e9 ainsi que dans le r\u00e8glement des crises dans la\u00a0 r\u00e9gion et en Afrique \u00e0 travers des actions jointes \u00e0 celles de la\u00a0 communaut\u00e9 internationale.\u00a0\u00a0<\/p>\n<p>&#013;\n<\/p><\/div>\n<div class=\"K2FeedFullText\">&#013;<\/p>\n<p>\u00ab\u00a0Je remercie les autorit\u00e9s alg\u00e9riennes pour le r\u00f4le essentiel que joue\u00a0 l&rsquo;Alg\u00e9rie pour aider \u00e0 r\u00e9soudre les crises qui affectent le continent\u00a0 africain\u00a0\u00bb, a d\u00e9clar\u00e9 M. Lacroix, au terme de l&rsquo;audience que lui accord\u00e9e \u00e0\u00a0 Alger le ministre d&rsquo;Etat, ministre des Affaires \u00e9trang\u00e8res et de la\u00a0 coop\u00e9ration internationale, Ramtane Lamamra, et \u00e0 laquelle a assist\u00e9 le\u00a0 Repr\u00e9sentant sp\u00e9cial du Secr\u00e9taire g\u00e9n\u00e9ral de l&rsquo;Onu au Mali et Chef de la\u00a0 Mission multidimensionnelle int\u00e9gr\u00e9e des Nations Unies pour la\u00a0 stabilisation au Mali (MINUSMA), Mahamat Saleh Annadif.<\/p>\n<p>&#013;<\/p>\n<p>\u00ab\u00a0Nous avons parl\u00e9 avec MM. Lamamra et Ennadif de la situation au Mali,\u00a0 nous avons redis toute notre appr\u00e9ciation pour le r\u00f4le absolument\u00a0 incontournable que joue l&rsquo;Alg\u00e9rie, qu&rsquo;elle a jou\u00e9 dans le pass\u00e9, qu&rsquo;elle\u00a0 joue aujourd&rsquo;hui et qu&rsquo;elle jouera demain encore pour continuer nos efforts\u00a0 collectifs pour ramener la paix et la stabilit\u00e9 au Mali et dans le Sahel\u00a0\u00bb,\u00a0 a indiqu\u00e9 M. Lacroix.\u00a0<\/p>\n<p>&#013;<\/p>\n<p>Rappelant les efforts collectifs de l&rsquo;Alg\u00e9rie, des Nations Unis, de M.\u00a0 Annadif et des autres partenaires pour r\u00e9tablir la paix et la s\u00e9curit\u00e9 au\u00a0 Mali, le responsable onusien a, toutefois, ajout\u00e9 que \u00ab\u00a0beaucoup reste \u00e0\u00a0 faire&#8230;\u00a0\u00bb<\/p>\n<p>&#013;<\/p>\n<p>\u00ab\u00a0Il y&rsquo;a des d\u00e9fis, une situation s\u00e9curitaire qui reste difficile, encore\u00a0 du travail pour mener \u00e0 bien la mise en oeuvre de l&rsquo;accord de paix, mais\u00a0 les discussions que nous avons eues, ont confirm\u00e9 l&rsquo;engagement de l&rsquo;Alg\u00e9rie\u00a0 pour conserver ce r\u00f4le leader dans ce travail collectif pour aider le\u00a0 peuple malien et les pays de la r\u00e9gion \u00e0 retrouver la stabilit\u00e9\u00a0\u00bb, a\u00a0 \u00e9galement soulign\u00e9 M. Lacroix.<\/p>\n<p>&#013;<\/p>\n<p>L&rsquo;Alg\u00e9rie en sa qualit\u00e9 de chef de file de la m\u00e9diation internationale\u00a0 avait conduit les pourparlers inter-maliens pour le r\u00e8glement de la crise\u00a0 dans la r\u00e9gion nord du Mali, couronn\u00e9s par la signature de l&rsquo;accord de paix\u00a0 et de r\u00e9conciliation au Mali dont elle (l&rsquo;Alg\u00e9rie) pr\u00e9side aujourd&rsquo;hui le\u00a0Comit\u00e9 de la mise en Oeuvre de cet accord.<\/p>\n<\/div>\n<p>&#013;<br \/>\nSource: <a href=\"http:\/\/www.aps.dz\/algerie\/57557-un-responsable-onusien-rend-hommage-a-l-algerie-pour-son-role-dans-le-reglement-des-crises-en-afrique\" target=\"_blank\">Un responsable onusien rend hommage \u00e0 l&rsquo;Alg\u00e9rie pour son r\u00f4le dans le\u00a0r\u00e8glement des crises en Afrique\u00a0\u00a0<\/a><\/p>\n<!--CusAds0-->\n<div style=\"font-size: 0px; height: 0px; line-height: 0px; margin: 0; padding: 0; clear: both;\"><\/div>","protected":false},"excerpt":{"rendered":"<p>ALGER- Le secr\u00e9taire g\u00e9n\u00e9ral adjoint des Nations Unies\u00a0 aux op\u00e9rations de maintien de la paix, Jean-Pierre Lacroix, a rendu\u00a0 dimanche hommage \u00e0 l&rsquo;Alg\u00e9rie pour son r\u00f4le jou\u00e9 en mati\u00e8re d&rsquo;instauration\u00a0de la paix et de la s\u00e9curit\u00e9 ainsi que dans le r\u00e8glement des crises dans la\u00a0 r\u00e9gion et en Afrique \u00e0 travers des actions jointes \u00e0<\/p>\n","protected":false},"author":6,"featured_media":11980,"comment_status":"open","ping_status":"open","sticky":false,"template":"","format":"standard","meta":{"footnotes":""},"categories":[22],"tags":[93],"class_list":["post-11979","post","type-post","status-publish","format-standard","has-post-thumbnail","hentry","category-infos","tag-onu"],"yoast_head":"<!-- This site is optimized with the Yoast SEO plugin v27.5 - https:\/\/yoast.com\/product\/yoast-seo-wordpress\/ -->\n<title>Un responsable onusien rend hommage \u00e0 l&#039;Alg\u00e9rie pour son r\u00f4le dans le\u00a0r\u00e8glement des crises en Afrique\u00a0\u00a0 - info algerie<\/title>\n<meta name=\"robots\" content=\"index, follow, max-snippet:-1, max-image-preview:large, max-video-preview:-1\" \/>\n<link rel=\"canonical\" href=\"https:\/\/www.info-algerie.com\/actualites\/un-responsable-onusien-rend-hommage-a-lalgerie-pour-son-role-dans-le-reglement-des-crises-en-afrique\/\" \/>\n<meta property=\"og:locale\" content=\"fr_FR\" \/>\n<meta property=\"og:type\" content=\"article\" \/>\n<meta property=\"og:title\" content=\"Un responsable onusien rend hommage \u00e0 l&#039;Alg\u00e9rie pour son r\u00f4le dans le\u00a0r\u00e8glement des crises en Afrique\u00a0\u00a0 - info algerie\" \/>\n<meta property=\"og:description\" content=\"ALGER- Le secr\u00e9taire g\u00e9n\u00e9ral adjoint des Nations Unies\u00a0 aux op\u00e9rations de maintien de la paix, Jean-Pierre Lacroix, a rendu\u00a0 dimanche hommage \u00e0 l&rsquo;Alg\u00e9rie pour son r\u00f4le jou\u00e9 en mati\u00e8re d&rsquo;instauration\u00a0de la paix et de la s\u00e9curit\u00e9 ainsi que dans le r\u00e8glement des crises dans la\u00a0 r\u00e9gion et en Afrique \u00e0 travers des actions jointes \u00e0\" \/>\n<meta property=\"og:url\" content=\"https:\/\/www.info-algerie.com\/actualites\/un-responsable-onusien-rend-hommage-a-lalgerie-pour-son-role-dans-le-reglement-des-crises-en-afrique\/\" \/>\n<meta property=\"og:site_name\" content=\"info algerie\" \/>\n<meta property=\"article:publisher\" content=\"https:\/\/www.facebook.com\/infoalgerieactu\" \/>\n<meta property=\"article:published_time\" content=\"2017-05-14T15:13:03+00:00\" \/>\n<meta property=\"og:image\" content=\"https:\/\/www.info-algerie.com\/actualites\/wp-content\/uploads\/2017\/05\/8ba583c80d30b418e12d484ab4bbaac0_S-1.jpg\" \/>\n\t<meta property=\"og:image:width\" content=\"280\" \/>\n\t<meta property=\"og:image:height\" content=\"214\" \/>\n\t<meta property=\"og:image:type\" content=\"image\/jpeg\" \/>\n<meta name=\"author\" content=\"La r\u00e9daction\" \/>\n<meta name=\"twitter:label1\" content=\"\u00c9crit par\" \/>\n\t<meta name=\"twitter:data1\" content=\"La r\u00e9daction\" \/>\n\t<meta name=\"twitter:label2\" content=\"Dur\u00e9e de lecture estim\u00e9e\" \/>\n\t<meta name=\"twitter:data2\" content=\"2 minutes\" \/>\n<script type=\"application\/ld+json\" class=\"yoast-schema-graph\">{\"@context\":\"https:\\\/\\\/schema.org\",\"@graph\":[{\"@type\":\"Article\",\"@id\":\"https:\\\/\\\/www.info-algerie.com\\\/actualites\\\/un-responsable-onusien-rend-hommage-a-lalgerie-pour-son-role-dans-le-reglement-des-crises-en-afrique\\\/#article\",\"isPartOf\":{\"@id\":\"https:\\\/\\\/www.info-algerie.com\\\/actualites\\\/un-responsable-onusien-rend-hommage-a-lalgerie-pour-son-role-dans-le-reglement-des-crises-en-afrique\\\/\"},\"author\":{\"name\":\"La r\u00e9daction\",\"@id\":\"https:\\\/\\\/www.info-algerie.com\\\/actualites\\\/#\\\/schema\\\/person\\\/847aaec44920825b843a08f30ec6aa1e\"},\"headline\":\"Un responsable onusien rend hommage \u00e0 l&#039;Alg\u00e9rie pour son r\u00f4le dans le\u00a0r\u00e8glement des crises en Afrique\u00a0\u00a0\",\"datePublished\":\"2017-05-14T15:13:03+00:00\",\"mainEntityOfPage\":{\"@id\":\"https:\\\/\\\/www.info-algerie.com\\\/actualites\\\/un-responsable-onusien-rend-hommage-a-lalgerie-pour-son-role-dans-le-reglement-des-crises-en-afrique\\\/\"},\"wordCount\":464,\"commentCount\":0,\"publisher\":{\"@id\":\"https:\\\/\\\/www.info-algerie.com\\\/actualites\\\/#organization\"},\"image\":{\"@id\":\"https:\\\/\\\/www.info-algerie.com\\\/actualites\\\/un-responsable-onusien-rend-hommage-a-lalgerie-pour-son-role-dans-le-reglement-des-crises-en-afrique\\\/#primaryimage\"},\"thumbnailUrl\":\"https:\\\/\\\/www.info-algerie.com\\\/actualites\\\/wp-content\\\/uploads\\\/2017\\\/05\\\/8ba583c80d30b418e12d484ab4bbaac0_S-1.jpg\",\"keywords\":[\"ONU\"],\"articleSection\":[\"infos\"],\"inLanguage\":\"fr-FR\",\"potentialAction\":[{\"@type\":\"CommentAction\",\"name\":\"Comment\",\"target\":[\"https:\\\/\\\/www.info-algerie.com\\\/actualites\\\/un-responsable-onusien-rend-hommage-a-lalgerie-pour-son-role-dans-le-reglement-des-crises-en-afrique\\\/#respond\"]}]},{\"@type\":\"WebPage\",\"@id\":\"https:\\\/\\\/www.info-algerie.com\\\/actualites\\\/un-responsable-onusien-rend-hommage-a-lalgerie-pour-son-role-dans-le-reglement-des-crises-en-afrique\\\/\",\"url\":\"https:\\\/\\\/www.info-algerie.com\\\/actualites\\\/un-responsable-onusien-rend-hommage-a-lalgerie-pour-son-role-dans-le-reglement-des-crises-en-afrique\\\/\",\"name\":\"Un responsable onusien rend hommage \u00e0 l&#039;Alg\u00e9rie pour son r\u00f4le dans le\u00a0r\u00e8glement des crises en Afrique\u00a0\u00a0 - info algerie\",\"isPartOf\":{\"@id\":\"https:\\\/\\\/www.info-algerie.com\\\/actualites\\\/#website\"},\"primaryImageOfPage\":{\"@id\":\"https:\\\/\\\/www.info-algerie.com\\\/actualites\\\/un-responsable-onusien-rend-hommage-a-lalgerie-pour-son-role-dans-le-reglement-des-crises-en-afrique\\\/#primaryimage\"},\"image\":{\"@id\":\"https:\\\/\\\/www.info-algerie.com\\\/actualites\\\/un-responsable-onusien-rend-hommage-a-lalgerie-pour-son-role-dans-le-reglement-des-crises-en-afrique\\\/#primaryimage\"},\"thumbnailUrl\":\"https:\\\/\\\/www.info-algerie.com\\\/actualites\\\/wp-content\\\/uploads\\\/2017\\\/05\\\/8ba583c80d30b418e12d484ab4bbaac0_S-1.jpg\",\"datePublished\":\"2017-05-14T15:13:03+00:00\",\"breadcrumb\":{\"@id\":\"https:\\\/\\\/www.info-algerie.com\\\/actualites\\\/un-responsable-onusien-rend-hommage-a-lalgerie-pour-son-role-dans-le-reglement-des-crises-en-afrique\\\/#breadcrumb\"},\"inLanguage\":\"fr-FR\",\"potentialAction\":[{\"@type\":\"ReadAction\",\"target\":[\"https:\\\/\\\/www.info-algerie.com\\\/actualites\\\/un-responsable-onusien-rend-hommage-a-lalgerie-pour-son-role-dans-le-reglement-des-crises-en-afrique\\\/\"]}]},{\"@type\":\"ImageObject\",\"inLanguage\":\"fr-FR\",\"@id\":\"https:\\\/\\\/www.info-algerie.com\\\/actualites\\\/un-responsable-onusien-rend-hommage-a-lalgerie-pour-son-role-dans-le-reglement-des-crises-en-afrique\\\/#primaryimage\",\"url\":\"https:\\\/\\\/www.info-algerie.com\\\/actualites\\\/wp-content\\\/uploads\\\/2017\\\/05\\\/8ba583c80d30b418e12d484ab4bbaac0_S-1.jpg\",\"contentUrl\":\"https:\\\/\\\/www.info-algerie.com\\\/actualites\\\/wp-content\\\/uploads\\\/2017\\\/05\\\/8ba583c80d30b418e12d484ab4bbaac0_S-1.jpg\",\"width\":280,\"height\":214},{\"@type\":\"BreadcrumbList\",\"@id\":\"https:\\\/\\\/www.info-algerie.com\\\/actualites\\\/un-responsable-onusien-rend-hommage-a-lalgerie-pour-son-role-dans-le-reglement-des-crises-en-afrique\\\/#breadcrumb\",\"itemListElement\":[{\"@type\":\"ListItem\",\"position\":1,\"name\":\"Accueil\",\"item\":\"https:\\\/\\\/www.info-algerie.com\\\/actualites\\\/\"},{\"@type\":\"ListItem\",\"position\":2,\"name\":\"Un responsable onusien rend hommage \u00e0 l&#039;Alg\u00e9rie pour son r\u00f4le dans le\u00a0r\u00e8glement des crises en Afrique\u00a0\u00a0\"}]},{\"@type\":\"WebSite\",\"@id\":\"https:\\\/\\\/www.info-algerie.com\\\/actualites\\\/#website\",\"url\":\"https:\\\/\\\/www.info-algerie.com\\\/actualites\\\/\",\"name\":\"info algerie\",\"description\":\"Toutes les actualit\u00e9s\",\"publisher\":{\"@id\":\"https:\\\/\\\/www.info-algerie.com\\\/actualites\\\/#organization\"},\"potentialAction\":[{\"@type\":\"SearchAction\",\"target\":{\"@type\":\"EntryPoint\",\"urlTemplate\":\"https:\\\/\\\/www.info-algerie.com\\\/actualites\\\/?s={search_term_string}\"},\"query-input\":{\"@type\":\"PropertyValueSpecification\",\"valueRequired\":true,\"valueName\":\"search_term_string\"}}],\"inLanguage\":\"fr-FR\"},{\"@type\":\"Organization\",\"@id\":\"https:\\\/\\\/www.info-algerie.com\\\/actualites\\\/#organization\",\"name\":\"info algerie\",\"url\":\"https:\\\/\\\/www.info-algerie.com\\\/actualites\\\/\",\"logo\":{\"@type\":\"ImageObject\",\"inLanguage\":\"fr-FR\",\"@id\":\"https:\\\/\\\/www.info-algerie.com\\\/actualites\\\/#\\\/schema\\\/logo\\\/image\\\/\",\"url\":\"https:\\\/\\\/www.info-algerie.com\\\/actualites\\\/wp-content\\\/uploads\\\/2022\\\/07\\\/logo-ia-120.png\",\"contentUrl\":\"https:\\\/\\\/www.info-algerie.com\\\/actualites\\\/wp-content\\\/uploads\\\/2022\\\/07\\\/logo-ia-120.png\",\"width\":120,\"height\":43,\"caption\":\"info algerie\"},\"image\":{\"@id\":\"https:\\\/\\\/www.info-algerie.com\\\/actualites\\\/#\\\/schema\\\/logo\\\/image\\\/\"},\"sameAs\":[\"https:\\\/\\\/www.facebook.com\\\/infoalgerieactu\",\"https:\\\/\\\/x.com\\\/infoalgerie1\"]},{\"@type\":\"Person\",\"@id\":\"https:\\\/\\\/www.info-algerie.com\\\/actualites\\\/#\\\/schema\\\/person\\\/847aaec44920825b843a08f30ec6aa1e\",\"name\":\"La r\u00e9daction\",\"image\":{\"@type\":\"ImageObject\",\"inLanguage\":\"fr-FR\",\"@id\":\"https:\\\/\\\/secure.gravatar.com\\\/avatar\\\/769db425c6f465158149f1ffd6cf61ce7a8a879d11dfbef8288af36dfddd418c?s=96&d=mm&r=g\",\"url\":\"https:\\\/\\\/secure.gravatar.com\\\/avatar\\\/769db425c6f465158149f1ffd6cf61ce7a8a879d11dfbef8288af36dfddd418c?s=96&d=mm&r=g\",\"contentUrl\":\"https:\\\/\\\/secure.gravatar.com\\\/avatar\\\/769db425c6f465158149f1ffd6cf61ce7a8a879d11dfbef8288af36dfddd418c?s=96&d=mm&r=g\",\"caption\":\"La r\u00e9daction\"},\"sameAs\":[\"http:\\\/\\\/www.lkeria.com\\\/\"],\"url\":\"https:\\\/\\\/www.info-algerie.com\\\/actualites\\\/author\\\/chakib32\\\/\"}]}<\/script>\n<!-- \/ Yoast SEO plugin. -->","yoast_head_json":{"title":"Un responsable onusien rend hommage \u00e0 l&#039;Alg\u00e9rie pour son r\u00f4le dans le\u00a0r\u00e8glement des crises en Afrique\u00a0\u00a0 - info algerie","robots":{"index":"index","follow":"follow","max-snippet":"max-snippet:-1","max-image-preview":"max-image-preview:large","max-video-preview":"max-video-preview:-1"},"canonical":"https:\/\/www.info-algerie.com\/actualites\/un-responsable-onusien-rend-hommage-a-lalgerie-pour-son-role-dans-le-reglement-des-crises-en-afrique\/","og_locale":"fr_FR","og_type":"article","og_title":"Un responsable onusien rend hommage \u00e0 l&#039;Alg\u00e9rie pour son r\u00f4le dans le\u00a0r\u00e8glement des crises en Afrique\u00a0\u00a0 - info algerie","og_description":"ALGER- Le secr\u00e9taire g\u00e9n\u00e9ral adjoint des Nations Unies\u00a0 aux op\u00e9rations de maintien de la paix, Jean-Pierre Lacroix, a rendu\u00a0 dimanche hommage \u00e0 l&rsquo;Alg\u00e9rie pour son r\u00f4le jou\u00e9 en mati\u00e8re d&rsquo;instauration\u00a0de la paix et de la s\u00e9curit\u00e9 ainsi que dans le r\u00e8glement des crises dans la\u00a0 r\u00e9gion et en Afrique \u00e0 travers des actions jointes \u00e0","og_url":"https:\/\/www.info-algerie.com\/actualites\/un-responsable-onusien-rend-hommage-a-lalgerie-pour-son-role-dans-le-reglement-des-crises-en-afrique\/","og_site_name":"info algerie","article_publisher":"https:\/\/www.facebook.com\/infoalgerieactu","article_published_time":"2017-05-14T15:13:03+00:00","og_image":[{"width":280,"height":214,"url":"https:\/\/www.info-algerie.com\/actualites\/wp-content\/uploads\/2017\/05\/8ba583c80d30b418e12d484ab4bbaac0_S-1.jpg","type":"image\/jpeg"}],"author":"La r\u00e9daction","twitter_misc":{"\u00c9crit par":"La r\u00e9daction","Dur\u00e9e de lecture estim\u00e9e":"2 minutes"},"schema":{"@context":"https:\/\/schema.org","@graph":[{"@type":"Article","@id":"https:\/\/www.info-algerie.com\/actualites\/un-responsable-onusien-rend-hommage-a-lalgerie-pour-son-role-dans-le-reglement-des-crises-en-afrique\/#article","isPartOf":{"@id":"https:\/\/www.info-algerie.com\/actualites\/un-responsable-onusien-rend-hommage-a-lalgerie-pour-son-role-dans-le-reglement-des-crises-en-afrique\/"},"author":{"name":"La r\u00e9daction","@id":"https:\/\/www.info-algerie.com\/actualites\/#\/schema\/person\/847aaec44920825b843a08f30ec6aa1e"},"headline":"Un responsable onusien rend hommage \u00e0 l&#039;Alg\u00e9rie pour son r\u00f4le dans le\u00a0r\u00e8glement des crises en Afrique\u00a0\u00a0","datePublished":"2017-05-14T15:13:03+00:00","mainEntityOfPage":{"@id":"https:\/\/www.info-algerie.com\/actualites\/un-responsable-onusien-rend-hommage-a-lalgerie-pour-son-role-dans-le-reglement-des-crises-en-afrique\/"},"wordCount":464,"commentCount":0,"publisher":{"@id":"https:\/\/www.info-algerie.com\/actualites\/#organization"},"image":{"@id":"https:\/\/www.info-algerie.com\/actualites\/un-responsable-onusien-rend-hommage-a-lalgerie-pour-son-role-dans-le-reglement-des-crises-en-afrique\/#primaryimage"},"thumbnailUrl":"https:\/\/www.info-algerie.com\/actualites\/wp-content\/uploads\/2017\/05\/8ba583c80d30b418e12d484ab4bbaac0_S-1.jpg","keywords":["ONU"],"articleSection":["infos"],"inLanguage":"fr-FR","potentialAction":[{"@type":"CommentAction","name":"Comment","target":["https:\/\/www.info-algerie.com\/actualites\/un-responsable-onusien-rend-hommage-a-lalgerie-pour-son-role-dans-le-reglement-des-crises-en-afrique\/#respond"]}]},{"@type":"WebPage","@id":"https:\/\/www.info-algerie.com\/actualites\/un-responsable-onusien-rend-hommage-a-lalgerie-pour-son-role-dans-le-reglement-des-crises-en-afrique\/","url":"https:\/\/www.info-algerie.com\/actualites\/un-responsable-onusien-rend-hommage-a-lalgerie-pour-son-role-dans-le-reglement-des-crises-en-afrique\/","name":"Un responsable onusien rend hommage \u00e0 l&#039;Alg\u00e9rie pour son r\u00f4le dans le\u00a0r\u00e8glement des crises en Afrique\u00a0\u00a0 - info algerie","isPartOf":{"@id":"https:\/\/www.info-algerie.com\/actualites\/#website"},"primaryImageOfPage":{"@id":"https:\/\/www.info-algerie.com\/actualites\/un-responsable-onusien-rend-hommage-a-lalgerie-pour-son-role-dans-le-reglement-des-crises-en-afrique\/#primaryimage"},"image":{"@id":"https:\/\/www.info-algerie.com\/actualites\/un-responsable-onusien-rend-hommage-a-lalgerie-pour-son-role-dans-le-reglement-des-crises-en-afrique\/#primaryimage"},"thumbnailUrl":"https:\/\/www.info-algerie.com\/actualites\/wp-content\/uploads\/2017\/05\/8ba583c80d30b418e12d484ab4bbaac0_S-1.jpg","datePublished":"2017-05-14T15:13:03+00:00","breadcrumb":{"@id":"https:\/\/www.info-algerie.com\/actualites\/un-responsable-onusien-rend-hommage-a-lalgerie-pour-son-role-dans-le-reglement-des-crises-en-afrique\/#breadcrumb"},"inLanguage":"fr-FR","potentialAction":[{"@type":"ReadAction","target":["https:\/\/www.info-algerie.com\/actualites\/un-responsable-onusien-rend-hommage-a-lalgerie-pour-son-role-dans-le-reglement-des-crises-en-afrique\/"]}]},{"@type":"ImageObject","inLanguage":"fr-FR","@id":"https:\/\/www.info-algerie.com\/actualites\/un-responsable-onusien-rend-hommage-a-lalgerie-pour-son-role-dans-le-reglement-des-crises-en-afrique\/#primaryimage","url":"https:\/\/www.info-algerie.com\/actualites\/wp-content\/uploads\/2017\/05\/8ba583c80d30b418e12d484ab4bbaac0_S-1.jpg","contentUrl":"https:\/\/www.info-algerie.com\/actualites\/wp-content\/uploads\/2017\/05\/8ba583c80d30b418e12d484ab4bbaac0_S-1.jpg","width":280,"height":214},{"@type":"BreadcrumbList","@id":"https:\/\/www.info-algerie.com\/actualites\/un-responsable-onusien-rend-hommage-a-lalgerie-pour-son-role-dans-le-reglement-des-crises-en-afrique\/#breadcrumb","itemListElement":[{"@type":"ListItem","position":1,"name":"Accueil","item":"https:\/\/www.info-algerie.com\/actualites\/"},{"@type":"ListItem","position":2,"name":"Un responsable onusien rend hommage \u00e0 l&#039;Alg\u00e9rie pour son r\u00f4le dans le\u00a0r\u00e8glement des crises en Afrique\u00a0\u00a0"}]},{"@type":"WebSite","@id":"https:\/\/www.info-algerie.com\/actualites\/#website","url":"https:\/\/www.info-algerie.com\/actualites\/","name":"info algerie","description":"Toutes les actualit\u00e9s","publisher":{"@id":"https:\/\/www.info-algerie.com\/actualites\/#organization"},"potentialAction":[{"@type":"SearchAction","target":{"@type":"EntryPoint","urlTemplate":"https:\/\/www.info-algerie.com\/actualites\/?s={search_term_string}"},"query-input":{"@type":"PropertyValueSpecification","valueRequired":true,"valueName":"search_term_string"}}],"inLanguage":"fr-FR"},{"@type":"Organization","@id":"https:\/\/www.info-algerie.com\/actualites\/#organization","name":"info algerie","url":"https:\/\/www.info-algerie.com\/actualites\/","logo":{"@type":"ImageObject","inLanguage":"fr-FR","@id":"https:\/\/www.info-algerie.com\/actualites\/#\/schema\/logo\/image\/","url":"https:\/\/www.info-algerie.com\/actualites\/wp-content\/uploads\/2022\/07\/logo-ia-120.png","contentUrl":"https:\/\/www.info-algerie.com\/actualites\/wp-content\/uploads\/2022\/07\/logo-ia-120.png","width":120,"height":43,"caption":"info algerie"},"image":{"@id":"https:\/\/www.info-algerie.com\/actualites\/#\/schema\/logo\/image\/"},"sameAs":["https:\/\/www.facebook.com\/infoalgerieactu","https:\/\/x.com\/infoalgerie1"]},{"@type":"Person","@id":"https:\/\/www.info-algerie.com\/actualites\/#\/schema\/person\/847aaec44920825b843a08f30ec6aa1e","name":"La r\u00e9daction","image":{"@type":"ImageObject","inLanguage":"fr-FR","@id":"https:\/\/secure.gravatar.com\/avatar\/769db425c6f465158149f1ffd6cf61ce7a8a879d11dfbef8288af36dfddd418c?s=96&d=mm&r=g","url":"https:\/\/secure.gravatar.com\/avatar\/769db425c6f465158149f1ffd6cf61ce7a8a879d11dfbef8288af36dfddd418c?s=96&d=mm&r=g","contentUrl":"https:\/\/secure.gravatar.com\/avatar\/769db425c6f465158149f1ffd6cf61ce7a8a879d11dfbef8288af36dfddd418c?s=96&d=mm&r=g","caption":"La r\u00e9daction"},"sameAs":["http:\/\/www.lkeria.com\/"],"url":"https:\/\/www.info-algerie.com\/actualites\/author\/chakib32\/"}]}},"_links":{"self":[{"href":"https:\/\/www.info-algerie.com\/actualites\/wp-json\/wp\/v2\/posts\/11979","targetHints":{"allow":["GET"]}}],"collection":[{"href":"https:\/\/www.info-algerie.com\/actualites\/wp-json\/wp\/v2\/posts"}],"about":[{"href":"https:\/\/www.info-algerie.com\/actualites\/wp-json\/wp\/v2\/types\/post"}],"author":[{"embeddable":true,"href":"https:\/\/www.info-algerie.com\/actualites\/wp-json\/wp\/v2\/users\/6"}],"replies":[{"embeddable":true,"href":"https:\/\/www.info-algerie.com\/actualites\/wp-json\/wp\/v2\/comments?post=11979"}],"version-history":[{"count":0,"href":"https:\/\/www.info-algerie.com\/actualites\/wp-json\/wp\/v2\/posts\/11979\/revisions"}],"wp:featuredmedia":[{"embeddable":true,"href":"https:\/\/www.info-algerie.com\/actualites\/wp-json\/wp\/v2\/media\/11980"}],"wp:attachment":[{"href":"https:\/\/www.info-algerie.com\/actualites\/wp-json\/wp\/v2\/media?parent=11979"}],"wp:term":[{"taxonomy":"category","embeddable":true,"href":"https:\/\/www.info-algerie.com\/actualites\/wp-json\/wp\/v2\/categories?post=11979"},{"taxonomy":"post_tag","embeddable":true,"href":"https:\/\/www.info-algerie.com\/actualites\/wp-json\/wp\/v2\/tags?post=11979"}],"curies":[{"name":"wp","href":"https:\/\/api.w.org\/{rel}","templated":true}]}}