{"id":11983,"date":"2017-05-14T17:27:27","date_gmt":"2017-05-14T16:27:27","guid":{"rendered":"http:\/\/www.info-algerie.com\/actualites\/messahel-represente-le-president-bouteflika-au-sommet-du-comite-de-lua-sur-la-reforme-du-conseil-de-securite-de-lonu\/"},"modified":"2017-05-14T17:27:27","modified_gmt":"2017-05-14T16:27:27","slug":"messahel-represente-le-president-bouteflika-au-sommet-du-comite-de-lua-sur-la-reforme-du-conseil-de-securite-de-lonu","status":"publish","type":"post","link":"https:\/\/www.info-algerie.com\/actualites\/messahel-represente-le-president-bouteflika-au-sommet-du-comite-de-lua-sur-la-reforme-du-conseil-de-securite-de-lonu\/","title":{"rendered":"Messahel repr\u00e9sente le pr\u00e9sident Bouteflika au sommet du Comit\u00e9 de l&#039;UA\u00a0 sur la r\u00e9forme du Conseil de s\u00e9curit\u00e9 de l&#039;ONU"},"content":{"rendered":"<div class=\"K2FeedImage\"><img decoding=\"async\" src=\"https:\/\/www.info-algerie.com\/actualites\/wp-content\/uploads\/2017\/05\/2ab3bd6c11c351ff41aaaa8580a12153_S.jpg\" alt=\"Messahel repr&#xE9;sente le pr&#xE9;sident Bouteflika au sommet du Comit&#xE9; de l'UA&#xA0; sur la r&#xE9;forme du Conseil de s&#xE9;curit&#xE9; de l'ONU\" \/><\/div>\n<div class=\"K2FeedIntroText\">\n<p>ALGER- Le ministre des Affaires maghr\u00e9bines, de l&rsquo;Union\u00a0 africaine et de la Ligue des Etats arabes, Abdelkader Messahel,\u00a0 repr\u00e9sentera le pr\u00e9sident de la R\u00e9publique, Abdelaziz Bouteflika, aux\u00a0 travaux du Comit\u00e9 des dix chefs d&rsquo;Etat et de Gouvernement de l&rsquo;Union\u00a0 africaine sur la r\u00e9forme du Conseil de s\u00e9curit\u00e9 des Nations unies, pr\u00e9vus\u00a0 du 15 au 17 mai \u00e0 Malabo (Guin\u00e9e Equatoriale), indique dimanche le\u00a0 minist\u00e8re des Affaires \u00e9trang\u00e8res dans un communiqu\u00e9.<\/p>\n<p>&#013;\n<\/p><\/div>\n<div class=\"K2FeedFullText\">&#013;<\/p>\n<p>Les membres du Comit\u00e9 proc\u00e9deront, au cours de ce Sommet, \u00e0 \u00ab\u00a0une\u00a0 \u00e9valuation d&rsquo;\u00e9tape du processus engag\u00e9 pour la r\u00e9forme du Conseil de\u00a0 s\u00e9curit\u00e9 et examineront les voies et moyens de promouvoir et de consolider\u00a0 la position africaine commune dite aussi ++Consensus d&rsquo;Ezulwini++, \u00e0 la lumi\u00e8re des d\u00e9veloppements r\u00e9cents intervenus dans le cadre des\u00a0 n\u00e9gociations intergouvernementales\u00a0\u00bb, pr\u00e9cise la m\u00eame source.<\/p>\n<p>&#013;<\/p>\n<p>Adopt\u00e9 en 2005 par l&rsquo;Union africaine, le \u00ab\u00a0Consensus d&rsquo;Ezulwini\u00a0\u00bb est\u00a0 l&rsquo;expression de la revendication des Etats membres pour une participation\u00a0 \u00ab\u00a0plus juste, plus \u00e9quilibr\u00e9e et plus repr\u00e9sentative de l&rsquo;Afrique, afin de\u00a0 pouvoir assumer pleinement son r\u00f4le, au sein de la communaut\u00e9\u00a0 internationale, notamment dans le maintien de la paix \u00e0 travers le monde\u00a0\u00bb.<\/p>\n<p>&#013;<\/p>\n<p>\u00a0<\/p>\n<p>&#013;<\/p>\n<p>Ce comit\u00e9, pr\u00e9sid\u00e9 par le pr\u00e9sident de la R\u00e9publique du Sierra Leone,\u00a0 Ernest Bai Koroma, est compos\u00e9 de l&rsquo;Alg\u00e9rie, de la Libye, de la R\u00e9publique\u00a0 du Congo, de la Guin\u00e9e Equatoriale, du Kenya, de la Namibie, de l&rsquo;Ouganda,\u00a0 du S\u00e9n\u00e9gal, de la Sierra Leone et de la Zambie,\u00a0 rappelle-t-on.<\/p>\n<\/div>\n<p>&#013;<br \/>\nSource: <a href=\"http:\/\/www.aps.dz\/algerie\/57561-messahel-represente-le-president-bouteflika-au-sommet-du-comite-de-l-ua-sur-la-reforme-du-conseil-de-securite-de-l-onu\" target=\"_blank\">Messahel repr\u00e9sente le pr\u00e9sident Bouteflika au sommet du Comit\u00e9 de l&rsquo;UA\u00a0 sur la r\u00e9forme du Conseil de s\u00e9curit\u00e9 de l&rsquo;ONU<\/a><\/p>\n<!--CusAds0-->\n<div style=\"font-size: 0px; height: 0px; line-height: 0px; margin: 0; padding: 0; clear: both;\"><\/div>","protected":false},"excerpt":{"rendered":"<p>ALGER- Le ministre des Affaires maghr\u00e9bines, de l&rsquo;Union\u00a0 africaine et de la Ligue des Etats arabes, Abdelkader Messahel,\u00a0 repr\u00e9sentera le pr\u00e9sident de la R\u00e9publique, Abdelaziz Bouteflika, aux\u00a0 travaux du Comit\u00e9 des dix chefs d&rsquo;Etat et de Gouvernement de l&rsquo;Union\u00a0 africaine sur la r\u00e9forme du Conseil de s\u00e9curit\u00e9 des Nations unies, pr\u00e9vus\u00a0 du 15 au 17<\/p>\n","protected":false},"author":6,"featured_media":11984,"comment_status":"open","ping_status":"open","sticky":false,"template":"","format":"standard","meta":{"footnotes":""},"categories":[22],"tags":[93],"class_list":["post-11983","post","type-post","status-publish","format-standard","has-post-thumbnail","hentry","category-infos","tag-onu"],"yoast_head":"<!-- This site is optimized with the Yoast SEO plugin v27.5 - https:\/\/yoast.com\/product\/yoast-seo-wordpress\/ -->\n<title>Messahel repr\u00e9sente le pr\u00e9sident Bouteflika au sommet du Comit\u00e9 de l&#039;UA\u00a0 sur la r\u00e9forme du Conseil de s\u00e9curit\u00e9 de l&#039;ONU - info algerie<\/title>\n<meta name=\"robots\" content=\"index, follow, max-snippet:-1, max-image-preview:large, max-video-preview:-1\" \/>\n<link rel=\"canonical\" href=\"https:\/\/www.info-algerie.com\/actualites\/messahel-represente-le-president-bouteflika-au-sommet-du-comite-de-lua-sur-la-reforme-du-conseil-de-securite-de-lonu\/\" \/>\n<meta property=\"og:locale\" content=\"fr_FR\" \/>\n<meta property=\"og:type\" content=\"article\" \/>\n<meta property=\"og:title\" content=\"Messahel repr\u00e9sente le pr\u00e9sident Bouteflika au sommet du Comit\u00e9 de l&#039;UA\u00a0 sur la r\u00e9forme du Conseil de s\u00e9curit\u00e9 de l&#039;ONU - info algerie\" \/>\n<meta property=\"og:description\" content=\"ALGER- Le ministre des Affaires maghr\u00e9bines, de l&rsquo;Union\u00a0 africaine et de la Ligue des Etats arabes, Abdelkader Messahel,\u00a0 repr\u00e9sentera le pr\u00e9sident de la R\u00e9publique, Abdelaziz Bouteflika, aux\u00a0 travaux du Comit\u00e9 des dix chefs d&rsquo;Etat et de Gouvernement de l&rsquo;Union\u00a0 africaine sur la r\u00e9forme du Conseil de s\u00e9curit\u00e9 des Nations unies, pr\u00e9vus\u00a0 du 15 au 17\" \/>\n<meta property=\"og:url\" content=\"https:\/\/www.info-algerie.com\/actualites\/messahel-represente-le-president-bouteflika-au-sommet-du-comite-de-lua-sur-la-reforme-du-conseil-de-securite-de-lonu\/\" \/>\n<meta property=\"og:site_name\" content=\"info algerie\" \/>\n<meta property=\"article:publisher\" content=\"https:\/\/www.facebook.com\/infoalgerieactu\" \/>\n<meta property=\"article:published_time\" content=\"2017-05-14T16:27:27+00:00\" \/>\n<meta property=\"og:image\" content=\"https:\/\/www.info-algerie.com\/actualites\/wp-content\/uploads\/2017\/05\/2ab3bd6c11c351ff41aaaa8580a12153_S-1.jpg\" \/>\n\t<meta property=\"og:image:width\" content=\"280\" \/>\n\t<meta property=\"og:image:height\" content=\"196\" \/>\n\t<meta property=\"og:image:type\" content=\"image\/jpeg\" \/>\n<meta name=\"author\" content=\"La r\u00e9daction\" \/>\n<meta name=\"twitter:label1\" content=\"\u00c9crit par\" \/>\n\t<meta name=\"twitter:data1\" content=\"La r\u00e9daction\" \/>\n\t<meta name=\"twitter:label2\" content=\"Dur\u00e9e de lecture estim\u00e9e\" \/>\n\t<meta name=\"twitter:data2\" content=\"1 minute\" \/>\n<script type=\"application\/ld+json\" class=\"yoast-schema-graph\">{\"@context\":\"https:\\\/\\\/schema.org\",\"@graph\":[{\"@type\":\"Article\",\"@id\":\"https:\\\/\\\/www.info-algerie.com\\\/actualites\\\/messahel-represente-le-president-bouteflika-au-sommet-du-comite-de-lua-sur-la-reforme-du-conseil-de-securite-de-lonu\\\/#article\",\"isPartOf\":{\"@id\":\"https:\\\/\\\/www.info-algerie.com\\\/actualites\\\/messahel-represente-le-president-bouteflika-au-sommet-du-comite-de-lua-sur-la-reforme-du-conseil-de-securite-de-lonu\\\/\"},\"author\":{\"name\":\"La r\u00e9daction\",\"@id\":\"https:\\\/\\\/www.info-algerie.com\\\/actualites\\\/#\\\/schema\\\/person\\\/847aaec44920825b843a08f30ec6aa1e\"},\"headline\":\"Messahel repr\u00e9sente le pr\u00e9sident Bouteflika au sommet du Comit\u00e9 de l&#039;UA\u00a0 sur la r\u00e9forme du Conseil de s\u00e9curit\u00e9 de l&#039;ONU\",\"datePublished\":\"2017-05-14T16:27:27+00:00\",\"mainEntityOfPage\":{\"@id\":\"https:\\\/\\\/www.info-algerie.com\\\/actualites\\\/messahel-represente-le-president-bouteflika-au-sommet-du-comite-de-lua-sur-la-reforme-du-conseil-de-securite-de-lonu\\\/\"},\"wordCount\":319,\"commentCount\":0,\"publisher\":{\"@id\":\"https:\\\/\\\/www.info-algerie.com\\\/actualites\\\/#organization\"},\"image\":{\"@id\":\"https:\\\/\\\/www.info-algerie.com\\\/actualites\\\/messahel-represente-le-president-bouteflika-au-sommet-du-comite-de-lua-sur-la-reforme-du-conseil-de-securite-de-lonu\\\/#primaryimage\"},\"thumbnailUrl\":\"https:\\\/\\\/www.info-algerie.com\\\/actualites\\\/wp-content\\\/uploads\\\/2017\\\/05\\\/2ab3bd6c11c351ff41aaaa8580a12153_S-1.jpg\",\"keywords\":[\"ONU\"],\"articleSection\":[\"infos\"],\"inLanguage\":\"fr-FR\",\"potentialAction\":[{\"@type\":\"CommentAction\",\"name\":\"Comment\",\"target\":[\"https:\\\/\\\/www.info-algerie.com\\\/actualites\\\/messahel-represente-le-president-bouteflika-au-sommet-du-comite-de-lua-sur-la-reforme-du-conseil-de-securite-de-lonu\\\/#respond\"]}]},{\"@type\":\"WebPage\",\"@id\":\"https:\\\/\\\/www.info-algerie.com\\\/actualites\\\/messahel-represente-le-president-bouteflika-au-sommet-du-comite-de-lua-sur-la-reforme-du-conseil-de-securite-de-lonu\\\/\",\"url\":\"https:\\\/\\\/www.info-algerie.com\\\/actualites\\\/messahel-represente-le-president-bouteflika-au-sommet-du-comite-de-lua-sur-la-reforme-du-conseil-de-securite-de-lonu\\\/\",\"name\":\"Messahel repr\u00e9sente le pr\u00e9sident Bouteflika au sommet du Comit\u00e9 de l&#039;UA\u00a0 sur la r\u00e9forme du Conseil de s\u00e9curit\u00e9 de l&#039;ONU - info algerie\",\"isPartOf\":{\"@id\":\"https:\\\/\\\/www.info-algerie.com\\\/actualites\\\/#website\"},\"primaryImageOfPage\":{\"@id\":\"https:\\\/\\\/www.info-algerie.com\\\/actualites\\\/messahel-represente-le-president-bouteflika-au-sommet-du-comite-de-lua-sur-la-reforme-du-conseil-de-securite-de-lonu\\\/#primaryimage\"},\"image\":{\"@id\":\"https:\\\/\\\/www.info-algerie.com\\\/actualites\\\/messahel-represente-le-president-bouteflika-au-sommet-du-comite-de-lua-sur-la-reforme-du-conseil-de-securite-de-lonu\\\/#primaryimage\"},\"thumbnailUrl\":\"https:\\\/\\\/www.info-algerie.com\\\/actualites\\\/wp-content\\\/uploads\\\/2017\\\/05\\\/2ab3bd6c11c351ff41aaaa8580a12153_S-1.jpg\",\"datePublished\":\"2017-05-14T16:27:27+00:00\",\"breadcrumb\":{\"@id\":\"https:\\\/\\\/www.info-algerie.com\\\/actualites\\\/messahel-represente-le-president-bouteflika-au-sommet-du-comite-de-lua-sur-la-reforme-du-conseil-de-securite-de-lonu\\\/#breadcrumb\"},\"inLanguage\":\"fr-FR\",\"potentialAction\":[{\"@type\":\"ReadAction\",\"target\":[\"https:\\\/\\\/www.info-algerie.com\\\/actualites\\\/messahel-represente-le-president-bouteflika-au-sommet-du-comite-de-lua-sur-la-reforme-du-conseil-de-securite-de-lonu\\\/\"]}]},{\"@type\":\"ImageObject\",\"inLanguage\":\"fr-FR\",\"@id\":\"https:\\\/\\\/www.info-algerie.com\\\/actualites\\\/messahel-represente-le-president-bouteflika-au-sommet-du-comite-de-lua-sur-la-reforme-du-conseil-de-securite-de-lonu\\\/#primaryimage\",\"url\":\"https:\\\/\\\/www.info-algerie.com\\\/actualites\\\/wp-content\\\/uploads\\\/2017\\\/05\\\/2ab3bd6c11c351ff41aaaa8580a12153_S-1.jpg\",\"contentUrl\":\"https:\\\/\\\/www.info-algerie.com\\\/actualites\\\/wp-content\\\/uploads\\\/2017\\\/05\\\/2ab3bd6c11c351ff41aaaa8580a12153_S-1.jpg\",\"width\":280,\"height\":196},{\"@type\":\"BreadcrumbList\",\"@id\":\"https:\\\/\\\/www.info-algerie.com\\\/actualites\\\/messahel-represente-le-president-bouteflika-au-sommet-du-comite-de-lua-sur-la-reforme-du-conseil-de-securite-de-lonu\\\/#breadcrumb\",\"itemListElement\":[{\"@type\":\"ListItem\",\"position\":1,\"name\":\"Accueil\",\"item\":\"https:\\\/\\\/www.info-algerie.com\\\/actualites\\\/\"},{\"@type\":\"ListItem\",\"position\":2,\"name\":\"Messahel repr\u00e9sente le pr\u00e9sident Bouteflika au sommet du Comit\u00e9 de l&#039;UA\u00a0 sur la r\u00e9forme du Conseil de s\u00e9curit\u00e9 de l&#039;ONU\"}]},{\"@type\":\"WebSite\",\"@id\":\"https:\\\/\\\/www.info-algerie.com\\\/actualites\\\/#website\",\"url\":\"https:\\\/\\\/www.info-algerie.com\\\/actualites\\\/\",\"name\":\"info algerie\",\"description\":\"Toutes les actualit\u00e9s\",\"publisher\":{\"@id\":\"https:\\\/\\\/www.info-algerie.com\\\/actualites\\\/#organization\"},\"potentialAction\":[{\"@type\":\"SearchAction\",\"target\":{\"@type\":\"EntryPoint\",\"urlTemplate\":\"https:\\\/\\\/www.info-algerie.com\\\/actualites\\\/?s={search_term_string}\"},\"query-input\":{\"@type\":\"PropertyValueSpecification\",\"valueRequired\":true,\"valueName\":\"search_term_string\"}}],\"inLanguage\":\"fr-FR\"},{\"@type\":\"Organization\",\"@id\":\"https:\\\/\\\/www.info-algerie.com\\\/actualites\\\/#organization\",\"name\":\"info algerie\",\"url\":\"https:\\\/\\\/www.info-algerie.com\\\/actualites\\\/\",\"logo\":{\"@type\":\"ImageObject\",\"inLanguage\":\"fr-FR\",\"@id\":\"https:\\\/\\\/www.info-algerie.com\\\/actualites\\\/#\\\/schema\\\/logo\\\/image\\\/\",\"url\":\"https:\\\/\\\/www.info-algerie.com\\\/actualites\\\/wp-content\\\/uploads\\\/2022\\\/07\\\/logo-ia-120.png\",\"contentUrl\":\"https:\\\/\\\/www.info-algerie.com\\\/actualites\\\/wp-content\\\/uploads\\\/2022\\\/07\\\/logo-ia-120.png\",\"width\":120,\"height\":43,\"caption\":\"info algerie\"},\"image\":{\"@id\":\"https:\\\/\\\/www.info-algerie.com\\\/actualites\\\/#\\\/schema\\\/logo\\\/image\\\/\"},\"sameAs\":[\"https:\\\/\\\/www.facebook.com\\\/infoalgerieactu\",\"https:\\\/\\\/x.com\\\/infoalgerie1\"]},{\"@type\":\"Person\",\"@id\":\"https:\\\/\\\/www.info-algerie.com\\\/actualites\\\/#\\\/schema\\\/person\\\/847aaec44920825b843a08f30ec6aa1e\",\"name\":\"La r\u00e9daction\",\"image\":{\"@type\":\"ImageObject\",\"inLanguage\":\"fr-FR\",\"@id\":\"https:\\\/\\\/secure.gravatar.com\\\/avatar\\\/769db425c6f465158149f1ffd6cf61ce7a8a879d11dfbef8288af36dfddd418c?s=96&d=mm&r=g\",\"url\":\"https:\\\/\\\/secure.gravatar.com\\\/avatar\\\/769db425c6f465158149f1ffd6cf61ce7a8a879d11dfbef8288af36dfddd418c?s=96&d=mm&r=g\",\"contentUrl\":\"https:\\\/\\\/secure.gravatar.com\\\/avatar\\\/769db425c6f465158149f1ffd6cf61ce7a8a879d11dfbef8288af36dfddd418c?s=96&d=mm&r=g\",\"caption\":\"La r\u00e9daction\"},\"sameAs\":[\"http:\\\/\\\/www.lkeria.com\\\/\"],\"url\":\"https:\\\/\\\/www.info-algerie.com\\\/actualites\\\/author\\\/chakib32\\\/\"}]}<\/script>\n<!-- \/ Yoast SEO plugin. -->","yoast_head_json":{"title":"Messahel repr\u00e9sente le pr\u00e9sident Bouteflika au sommet du Comit\u00e9 de l&#039;UA\u00a0 sur la r\u00e9forme du Conseil de s\u00e9curit\u00e9 de l&#039;ONU - info algerie","robots":{"index":"index","follow":"follow","max-snippet":"max-snippet:-1","max-image-preview":"max-image-preview:large","max-video-preview":"max-video-preview:-1"},"canonical":"https:\/\/www.info-algerie.com\/actualites\/messahel-represente-le-president-bouteflika-au-sommet-du-comite-de-lua-sur-la-reforme-du-conseil-de-securite-de-lonu\/","og_locale":"fr_FR","og_type":"article","og_title":"Messahel repr\u00e9sente le pr\u00e9sident Bouteflika au sommet du Comit\u00e9 de l&#039;UA\u00a0 sur la r\u00e9forme du Conseil de s\u00e9curit\u00e9 de l&#039;ONU - info algerie","og_description":"ALGER- Le ministre des Affaires maghr\u00e9bines, de l&rsquo;Union\u00a0 africaine et de la Ligue des Etats arabes, Abdelkader Messahel,\u00a0 repr\u00e9sentera le pr\u00e9sident de la R\u00e9publique, Abdelaziz Bouteflika, aux\u00a0 travaux du Comit\u00e9 des dix chefs d&rsquo;Etat et de Gouvernement de l&rsquo;Union\u00a0 africaine sur la r\u00e9forme du Conseil de s\u00e9curit\u00e9 des Nations unies, pr\u00e9vus\u00a0 du 15 au 17","og_url":"https:\/\/www.info-algerie.com\/actualites\/messahel-represente-le-president-bouteflika-au-sommet-du-comite-de-lua-sur-la-reforme-du-conseil-de-securite-de-lonu\/","og_site_name":"info algerie","article_publisher":"https:\/\/www.facebook.com\/infoalgerieactu","article_published_time":"2017-05-14T16:27:27+00:00","og_image":[{"width":280,"height":196,"url":"https:\/\/www.info-algerie.com\/actualites\/wp-content\/uploads\/2017\/05\/2ab3bd6c11c351ff41aaaa8580a12153_S-1.jpg","type":"image\/jpeg"}],"author":"La r\u00e9daction","twitter_misc":{"\u00c9crit par":"La r\u00e9daction","Dur\u00e9e de lecture estim\u00e9e":"1 minute"},"schema":{"@context":"https:\/\/schema.org","@graph":[{"@type":"Article","@id":"https:\/\/www.info-algerie.com\/actualites\/messahel-represente-le-president-bouteflika-au-sommet-du-comite-de-lua-sur-la-reforme-du-conseil-de-securite-de-lonu\/#article","isPartOf":{"@id":"https:\/\/www.info-algerie.com\/actualites\/messahel-represente-le-president-bouteflika-au-sommet-du-comite-de-lua-sur-la-reforme-du-conseil-de-securite-de-lonu\/"},"author":{"name":"La r\u00e9daction","@id":"https:\/\/www.info-algerie.com\/actualites\/#\/schema\/person\/847aaec44920825b843a08f30ec6aa1e"},"headline":"Messahel repr\u00e9sente le pr\u00e9sident Bouteflika au sommet du Comit\u00e9 de l&#039;UA\u00a0 sur la r\u00e9forme du Conseil de s\u00e9curit\u00e9 de l&#039;ONU","datePublished":"2017-05-14T16:27:27+00:00","mainEntityOfPage":{"@id":"https:\/\/www.info-algerie.com\/actualites\/messahel-represente-le-president-bouteflika-au-sommet-du-comite-de-lua-sur-la-reforme-du-conseil-de-securite-de-lonu\/"},"wordCount":319,"commentCount":0,"publisher":{"@id":"https:\/\/www.info-algerie.com\/actualites\/#organization"},"image":{"@id":"https:\/\/www.info-algerie.com\/actualites\/messahel-represente-le-president-bouteflika-au-sommet-du-comite-de-lua-sur-la-reforme-du-conseil-de-securite-de-lonu\/#primaryimage"},"thumbnailUrl":"https:\/\/www.info-algerie.com\/actualites\/wp-content\/uploads\/2017\/05\/2ab3bd6c11c351ff41aaaa8580a12153_S-1.jpg","keywords":["ONU"],"articleSection":["infos"],"inLanguage":"fr-FR","potentialAction":[{"@type":"CommentAction","name":"Comment","target":["https:\/\/www.info-algerie.com\/actualites\/messahel-represente-le-president-bouteflika-au-sommet-du-comite-de-lua-sur-la-reforme-du-conseil-de-securite-de-lonu\/#respond"]}]},{"@type":"WebPage","@id":"https:\/\/www.info-algerie.com\/actualites\/messahel-represente-le-president-bouteflika-au-sommet-du-comite-de-lua-sur-la-reforme-du-conseil-de-securite-de-lonu\/","url":"https:\/\/www.info-algerie.com\/actualites\/messahel-represente-le-president-bouteflika-au-sommet-du-comite-de-lua-sur-la-reforme-du-conseil-de-securite-de-lonu\/","name":"Messahel repr\u00e9sente le pr\u00e9sident Bouteflika au sommet du Comit\u00e9 de l&#039;UA\u00a0 sur la r\u00e9forme du Conseil de s\u00e9curit\u00e9 de l&#039;ONU - info algerie","isPartOf":{"@id":"https:\/\/www.info-algerie.com\/actualites\/#website"},"primaryImageOfPage":{"@id":"https:\/\/www.info-algerie.com\/actualites\/messahel-represente-le-president-bouteflika-au-sommet-du-comite-de-lua-sur-la-reforme-du-conseil-de-securite-de-lonu\/#primaryimage"},"image":{"@id":"https:\/\/www.info-algerie.com\/actualites\/messahel-represente-le-president-bouteflika-au-sommet-du-comite-de-lua-sur-la-reforme-du-conseil-de-securite-de-lonu\/#primaryimage"},"thumbnailUrl":"https:\/\/www.info-algerie.com\/actualites\/wp-content\/uploads\/2017\/05\/2ab3bd6c11c351ff41aaaa8580a12153_S-1.jpg","datePublished":"2017-05-14T16:27:27+00:00","breadcrumb":{"@id":"https:\/\/www.info-algerie.com\/actualites\/messahel-represente-le-president-bouteflika-au-sommet-du-comite-de-lua-sur-la-reforme-du-conseil-de-securite-de-lonu\/#breadcrumb"},"inLanguage":"fr-FR","potentialAction":[{"@type":"ReadAction","target":["https:\/\/www.info-algerie.com\/actualites\/messahel-represente-le-president-bouteflika-au-sommet-du-comite-de-lua-sur-la-reforme-du-conseil-de-securite-de-lonu\/"]}]},{"@type":"ImageObject","inLanguage":"fr-FR","@id":"https:\/\/www.info-algerie.com\/actualites\/messahel-represente-le-president-bouteflika-au-sommet-du-comite-de-lua-sur-la-reforme-du-conseil-de-securite-de-lonu\/#primaryimage","url":"https:\/\/www.info-algerie.com\/actualites\/wp-content\/uploads\/2017\/05\/2ab3bd6c11c351ff41aaaa8580a12153_S-1.jpg","contentUrl":"https:\/\/www.info-algerie.com\/actualites\/wp-content\/uploads\/2017\/05\/2ab3bd6c11c351ff41aaaa8580a12153_S-1.jpg","width":280,"height":196},{"@type":"BreadcrumbList","@id":"https:\/\/www.info-algerie.com\/actualites\/messahel-represente-le-president-bouteflika-au-sommet-du-comite-de-lua-sur-la-reforme-du-conseil-de-securite-de-lonu\/#breadcrumb","itemListElement":[{"@type":"ListItem","position":1,"name":"Accueil","item":"https:\/\/www.info-algerie.com\/actualites\/"},{"@type":"ListItem","position":2,"name":"Messahel repr\u00e9sente le pr\u00e9sident Bouteflika au sommet du Comit\u00e9 de l&#039;UA\u00a0 sur la r\u00e9forme du Conseil de s\u00e9curit\u00e9 de l&#039;ONU"}]},{"@type":"WebSite","@id":"https:\/\/www.info-algerie.com\/actualites\/#website","url":"https:\/\/www.info-algerie.com\/actualites\/","name":"info algerie","description":"Toutes les actualit\u00e9s","publisher":{"@id":"https:\/\/www.info-algerie.com\/actualites\/#organization"},"potentialAction":[{"@type":"SearchAction","target":{"@type":"EntryPoint","urlTemplate":"https:\/\/www.info-algerie.com\/actualites\/?s={search_term_string}"},"query-input":{"@type":"PropertyValueSpecification","valueRequired":true,"valueName":"search_term_string"}}],"inLanguage":"fr-FR"},{"@type":"Organization","@id":"https:\/\/www.info-algerie.com\/actualites\/#organization","name":"info algerie","url":"https:\/\/www.info-algerie.com\/actualites\/","logo":{"@type":"ImageObject","inLanguage":"fr-FR","@id":"https:\/\/www.info-algerie.com\/actualites\/#\/schema\/logo\/image\/","url":"https:\/\/www.info-algerie.com\/actualites\/wp-content\/uploads\/2022\/07\/logo-ia-120.png","contentUrl":"https:\/\/www.info-algerie.com\/actualites\/wp-content\/uploads\/2022\/07\/logo-ia-120.png","width":120,"height":43,"caption":"info algerie"},"image":{"@id":"https:\/\/www.info-algerie.com\/actualites\/#\/schema\/logo\/image\/"},"sameAs":["https:\/\/www.facebook.com\/infoalgerieactu","https:\/\/x.com\/infoalgerie1"]},{"@type":"Person","@id":"https:\/\/www.info-algerie.com\/actualites\/#\/schema\/person\/847aaec44920825b843a08f30ec6aa1e","name":"La r\u00e9daction","image":{"@type":"ImageObject","inLanguage":"fr-FR","@id":"https:\/\/secure.gravatar.com\/avatar\/769db425c6f465158149f1ffd6cf61ce7a8a879d11dfbef8288af36dfddd418c?s=96&d=mm&r=g","url":"https:\/\/secure.gravatar.com\/avatar\/769db425c6f465158149f1ffd6cf61ce7a8a879d11dfbef8288af36dfddd418c?s=96&d=mm&r=g","contentUrl":"https:\/\/secure.gravatar.com\/avatar\/769db425c6f465158149f1ffd6cf61ce7a8a879d11dfbef8288af36dfddd418c?s=96&d=mm&r=g","caption":"La r\u00e9daction"},"sameAs":["http:\/\/www.lkeria.com\/"],"url":"https:\/\/www.info-algerie.com\/actualites\/author\/chakib32\/"}]}},"_links":{"self":[{"href":"https:\/\/www.info-algerie.com\/actualites\/wp-json\/wp\/v2\/posts\/11983","targetHints":{"allow":["GET"]}}],"collection":[{"href":"https:\/\/www.info-algerie.com\/actualites\/wp-json\/wp\/v2\/posts"}],"about":[{"href":"https:\/\/www.info-algerie.com\/actualites\/wp-json\/wp\/v2\/types\/post"}],"author":[{"embeddable":true,"href":"https:\/\/www.info-algerie.com\/actualites\/wp-json\/wp\/v2\/users\/6"}],"replies":[{"embeddable":true,"href":"https:\/\/www.info-algerie.com\/actualites\/wp-json\/wp\/v2\/comments?post=11983"}],"version-history":[{"count":0,"href":"https:\/\/www.info-algerie.com\/actualites\/wp-json\/wp\/v2\/posts\/11983\/revisions"}],"wp:featuredmedia":[{"embeddable":true,"href":"https:\/\/www.info-algerie.com\/actualites\/wp-json\/wp\/v2\/media\/11984"}],"wp:attachment":[{"href":"https:\/\/www.info-algerie.com\/actualites\/wp-json\/wp\/v2\/media?parent=11983"}],"wp:term":[{"taxonomy":"category","embeddable":true,"href":"https:\/\/www.info-algerie.com\/actualites\/wp-json\/wp\/v2\/categories?post=11983"},{"taxonomy":"post_tag","embeddable":true,"href":"https:\/\/www.info-algerie.com\/actualites\/wp-json\/wp\/v2\/tags?post=11983"}],"curies":[{"name":"wp","href":"https:\/\/api.w.org\/{rel}","templated":true}]}}