{"id":11988,"date":"2017-05-14T18:25:44","date_gmt":"2017-05-14T17:25:44","guid":{"rendered":"http:\/\/www.info-algerie.com\/actualites\/la-couverture-mediatique-des-legislatives-globalement-excellente\/"},"modified":"2017-05-14T18:25:44","modified_gmt":"2017-05-14T17:25:44","slug":"la-couverture-mediatique-des-legislatives-globalement-excellente","status":"publish","type":"post","link":"https:\/\/www.info-algerie.com\/actualites\/la-couverture-mediatique-des-legislatives-globalement-excellente\/","title":{"rendered":"La couverture m\u00e9diatique des l\u00e9gislatives globalement &quot;excellente&quot;"},"content":{"rendered":"<div class=\"K2FeedImage\"><img decoding=\"async\" src=\"https:\/\/www.info-algerie.com\/actualites\/wp-content\/uploads\/2017\/05\/1bfe8dd3854a76572a00bb7cf00210b1_S.jpg\" \/><\/div>\n<div class=\"K2FeedIntroText\">\n<p>BOUMERDES- Le ministre de la Communication, Hamid Grine\u00a0 a indiqu\u00e9 dimanche \u00e0 Boumerdes, que la couverture m\u00e9diatique des \u00e9lections\u00a0 l\u00e9gislatives du 4 mai \u00e9tait globalement \u00ab\u00a0excellente\u00a0\u00bb, \u00e0 l&rsquo;exception de\u00a0 quelques \u00ab\u00a0d\u00e9passements\u00a0\u00bb sans incidence sur leur d\u00e9roulement.<\/p>\n<p>&#013;\n<\/p><\/div>\n<div class=\"K2FeedFullText\">&#013;<\/p>\n<p>\u00ab\u00a0La couverture des m\u00e9dias nationaux, tant priv\u00e9s que publics, \u00e9tait\u00a0 globalement excellente \u00e0 l&rsquo;exception de quelques cas de d\u00e9passements\u00a0 enregistr\u00e9s ici et l\u00e0 mais sans incidence sur leur d\u00e9roulement\u00a0\u00bb, a affirm\u00e9\u00a0 le ministre dans un entretien \u00e0 la radio de Boumerdes, ajoutant que l&rsquo;Etat a fait montre d&rsquo;indulgence \u00e0 leur sujet au vue de la jeune exp\u00e9rience (\u00e0\u00a0 peine trente ans) de la presse nationale.<\/p>\n<p>&#013;<\/p>\n<p>Il a relev\u00e9 dans ce sens que la presse nationale \u00ab\u00a0a gagn\u00e9 en maturit\u00e9\u00a0\u00bb\u00a0 gr\u00e2ce au projet initi\u00e9 par le pr\u00e9sident de la R\u00e9publique, Abdelaziz \u00a0Bouteflika pour la professionnalisation du journalisme. Le ministre a estim\u00e9 que le professionnalisme de la presse est atteint\u00a0 \u00ab\u00a0lorsque le citoyen est en mesure de distinguer entre l&rsquo;information fiable\u00a0 et la rumeur tendancieuse qui peut impacte n\u00e9gativement la soci\u00e9t\u00e9\u00a0\u00bb .<\/p>\n<p>&#013;<\/p>\n<p>\u00ab\u00a0L&rsquo;Alg\u00e9rie a franchi, ces derni\u00e8res ann\u00e9es, de grands pas et nous\u00a0 constatons la diff\u00e9rence entre la presse d&rsquo;hier et celle d&rsquo;aujourd&rsquo;hui\u00a0\u00bb,\u00a0 a-t-il soutenu. M. Grine a appel\u00e9 dans le m\u00eame contexte les journalistes \u00e0 faire preuve de\u00a0 vigilance en s&rsquo;assurant de la fiabilit\u00e9 et de la source de l&rsquo;information\u00a0 avant de la publier \u00e0 la connaissance du citoyen, ajoutant que la critique\u00a0 doit \u00eatre tr\u00e8s objective et loin de porter atteinte \u00e0 la vie priv\u00e9e.<\/p>\n<p>&#013;<\/p>\n<p>Par ailleurs, M. Grine a fait \u00e9tat de l&rsquo;organisation \u00e0 venir du secteur de\u00a0 l&rsquo;audiovisuel et l&rsquo;accr\u00e9ditation de 10 cha\u00eenes de t\u00e9l\u00e9vision priv\u00e9es en\u00a0 fonction des fr\u00e9quences disponibles outre la publication du cahier de\u00a0 charges les encadrant.Concernant le march\u00e9 publicitaire, le ministre a rappel\u00e9 son intervention\u00a0 \u00e0 plusieurs reprises aupr\u00e8s de l&rsquo;Entreprise nationale de communication,\u00a0 d&rsquo;\u00e9dition et de publicit\u00e9 (Anep) pour l&rsquo;octroi de parts aux journaux,\u00a0 notamment anciens afin de les aider et leur \u00e9viter la banqueroute.<\/p>\n<p>&#013;<\/p>\n<p>R\u00e9agissant \u00e0 l&rsquo;intervention du directeur du quotidien \u00ab\u00a0La Tribune\u00a0\u00bb, Hassan\u00a0 Bachir Cherif, au sujet de l&rsquo;octroi de la publicit\u00e9 par l&rsquo;op\u00e9rateur de\u00a0 t\u00e9l\u00e9phonie mobile \u00ab\u00a0Ooredoo\u00a0\u00bb \u00e0 certains titres de presse sur instructions\u00a0 d&rsquo;une certaine partie, M. Grine a affirm\u00e9 que l&rsquo;Etat n&rsquo;a \u00ab\u00a0jamais\u00a0\u00bb instruit\u00a0 cet op\u00e9rateur en mati\u00e8re d&rsquo;octroi de publicit\u00e9. \u00ab\u00a0J&rsquo;ai convoqu\u00e9 le premier\u00a0 responsable de cet op\u00e9rateur en Alg\u00e9rie et je l&rsquo;ai instruit d&rsquo;octroyer la\u00a0 publicit\u00e9 \u00e0 tous les journaux sans exclusive, instruction qui a \u00e9t\u00e9 bien suivie et aucun titre n&rsquo;est \u00e9cart\u00e9\u00a0\u00bb, a-t-il conclu.<\/p>\n<\/div>\n<p>&#013;<br \/>\nSource: <a href=\"http:\/\/www.aps.dz\/algerie\/57565-la-couverture-mediatique-des-legislatives-globalement-excellente\" target=\"_blank\">La couverture m\u00e9diatique des l\u00e9gislatives globalement \u00ab\u00a0excellente\u00a0\u00bb<\/a><\/p>\n<!--CusAds0-->\n<div style=\"font-size: 0px; height: 0px; line-height: 0px; margin: 0; padding: 0; clear: both;\"><\/div>","protected":false},"excerpt":{"rendered":"<p>BOUMERDES- Le ministre de la Communication, Hamid Grine\u00a0 a indiqu\u00e9 dimanche \u00e0 Boumerdes, que la couverture m\u00e9diatique des \u00e9lections\u00a0 l\u00e9gislatives du 4 mai \u00e9tait globalement \u00ab\u00a0excellente\u00a0\u00bb, \u00e0 l&rsquo;exception de\u00a0 quelques \u00ab\u00a0d\u00e9passements\u00a0\u00bb sans incidence sur leur d\u00e9roulement. &#013; &#013; \u00ab\u00a0La couverture des m\u00e9dias nationaux, tant priv\u00e9s que publics, \u00e9tait\u00a0 globalement excellente \u00e0 l&rsquo;exception de quelques cas<\/p>\n","protected":false},"author":6,"featured_media":11989,"comment_status":"open","ping_status":"open","sticky":false,"template":"","format":"standard","meta":{"footnotes":""},"categories":[22],"tags":[93],"class_list":["post-11988","post","type-post","status-publish","format-standard","has-post-thumbnail","hentry","category-infos","tag-onu"],"yoast_head":"<!-- This site is optimized with the Yoast SEO plugin v27.5 - https:\/\/yoast.com\/product\/yoast-seo-wordpress\/ -->\n<title>La couverture m\u00e9diatique des l\u00e9gislatives globalement &quot;excellente&quot; - info algerie<\/title>\n<meta name=\"robots\" content=\"index, follow, max-snippet:-1, max-image-preview:large, max-video-preview:-1\" \/>\n<link rel=\"canonical\" href=\"https:\/\/www.info-algerie.com\/actualites\/la-couverture-mediatique-des-legislatives-globalement-excellente\/\" \/>\n<meta property=\"og:locale\" content=\"fr_FR\" \/>\n<meta property=\"og:type\" content=\"article\" \/>\n<meta property=\"og:title\" content=\"La couverture m\u00e9diatique des l\u00e9gislatives globalement &quot;excellente&quot; - info algerie\" \/>\n<meta property=\"og:description\" content=\"BOUMERDES- Le ministre de la Communication, Hamid Grine\u00a0 a indiqu\u00e9 dimanche \u00e0 Boumerdes, que la couverture m\u00e9diatique des \u00e9lections\u00a0 l\u00e9gislatives du 4 mai \u00e9tait globalement \u00ab\u00a0excellente\u00a0\u00bb, \u00e0 l&rsquo;exception de\u00a0 quelques \u00ab\u00a0d\u00e9passements\u00a0\u00bb sans incidence sur leur d\u00e9roulement. &#013; &#013; \u00ab\u00a0La couverture des m\u00e9dias nationaux, tant priv\u00e9s que publics, \u00e9tait\u00a0 globalement excellente \u00e0 l&rsquo;exception de quelques cas\" \/>\n<meta property=\"og:url\" content=\"https:\/\/www.info-algerie.com\/actualites\/la-couverture-mediatique-des-legislatives-globalement-excellente\/\" \/>\n<meta property=\"og:site_name\" content=\"info algerie\" \/>\n<meta property=\"article:publisher\" content=\"https:\/\/www.facebook.com\/infoalgerieactu\" \/>\n<meta property=\"article:published_time\" content=\"2017-05-14T17:25:44+00:00\" \/>\n<meta property=\"og:image\" content=\"https:\/\/www.info-algerie.com\/actualites\/wp-content\/uploads\/2017\/05\/1bfe8dd3854a76572a00bb7cf00210b1_S-1.jpg\" \/>\n\t<meta property=\"og:image:width\" content=\"280\" \/>\n\t<meta property=\"og:image:height\" content=\"203\" \/>\n\t<meta property=\"og:image:type\" content=\"image\/jpeg\" \/>\n<meta name=\"author\" content=\"La r\u00e9daction\" \/>\n<meta name=\"twitter:label1\" content=\"\u00c9crit par\" \/>\n\t<meta name=\"twitter:data1\" content=\"La r\u00e9daction\" \/>\n\t<meta name=\"twitter:label2\" content=\"Dur\u00e9e de lecture estim\u00e9e\" \/>\n\t<meta name=\"twitter:data2\" content=\"2 minutes\" \/>\n<script type=\"application\/ld+json\" class=\"yoast-schema-graph\">{\"@context\":\"https:\\\/\\\/schema.org\",\"@graph\":[{\"@type\":\"Article\",\"@id\":\"https:\\\/\\\/www.info-algerie.com\\\/actualites\\\/la-couverture-mediatique-des-legislatives-globalement-excellente\\\/#article\",\"isPartOf\":{\"@id\":\"https:\\\/\\\/www.info-algerie.com\\\/actualites\\\/la-couverture-mediatique-des-legislatives-globalement-excellente\\\/\"},\"author\":{\"name\":\"La r\u00e9daction\",\"@id\":\"https:\\\/\\\/www.info-algerie.com\\\/actualites\\\/#\\\/schema\\\/person\\\/847aaec44920825b843a08f30ec6aa1e\"},\"headline\":\"La couverture m\u00e9diatique des l\u00e9gislatives globalement &quot;excellente&quot;\",\"datePublished\":\"2017-05-14T17:25:44+00:00\",\"mainEntityOfPage\":{\"@id\":\"https:\\\/\\\/www.info-algerie.com\\\/actualites\\\/la-couverture-mediatique-des-legislatives-globalement-excellente\\\/\"},\"wordCount\":475,\"commentCount\":0,\"publisher\":{\"@id\":\"https:\\\/\\\/www.info-algerie.com\\\/actualites\\\/#organization\"},\"image\":{\"@id\":\"https:\\\/\\\/www.info-algerie.com\\\/actualites\\\/la-couverture-mediatique-des-legislatives-globalement-excellente\\\/#primaryimage\"},\"thumbnailUrl\":\"https:\\\/\\\/www.info-algerie.com\\\/actualites\\\/wp-content\\\/uploads\\\/2017\\\/05\\\/1bfe8dd3854a76572a00bb7cf00210b1_S-1.jpg\",\"keywords\":[\"ONU\"],\"articleSection\":[\"infos\"],\"inLanguage\":\"fr-FR\",\"potentialAction\":[{\"@type\":\"CommentAction\",\"name\":\"Comment\",\"target\":[\"https:\\\/\\\/www.info-algerie.com\\\/actualites\\\/la-couverture-mediatique-des-legislatives-globalement-excellente\\\/#respond\"]}]},{\"@type\":\"WebPage\",\"@id\":\"https:\\\/\\\/www.info-algerie.com\\\/actualites\\\/la-couverture-mediatique-des-legislatives-globalement-excellente\\\/\",\"url\":\"https:\\\/\\\/www.info-algerie.com\\\/actualites\\\/la-couverture-mediatique-des-legislatives-globalement-excellente\\\/\",\"name\":\"La couverture m\u00e9diatique des l\u00e9gislatives globalement &quot;excellente&quot; - info algerie\",\"isPartOf\":{\"@id\":\"https:\\\/\\\/www.info-algerie.com\\\/actualites\\\/#website\"},\"primaryImageOfPage\":{\"@id\":\"https:\\\/\\\/www.info-algerie.com\\\/actualites\\\/la-couverture-mediatique-des-legislatives-globalement-excellente\\\/#primaryimage\"},\"image\":{\"@id\":\"https:\\\/\\\/www.info-algerie.com\\\/actualites\\\/la-couverture-mediatique-des-legislatives-globalement-excellente\\\/#primaryimage\"},\"thumbnailUrl\":\"https:\\\/\\\/www.info-algerie.com\\\/actualites\\\/wp-content\\\/uploads\\\/2017\\\/05\\\/1bfe8dd3854a76572a00bb7cf00210b1_S-1.jpg\",\"datePublished\":\"2017-05-14T17:25:44+00:00\",\"breadcrumb\":{\"@id\":\"https:\\\/\\\/www.info-algerie.com\\\/actualites\\\/la-couverture-mediatique-des-legislatives-globalement-excellente\\\/#breadcrumb\"},\"inLanguage\":\"fr-FR\",\"potentialAction\":[{\"@type\":\"ReadAction\",\"target\":[\"https:\\\/\\\/www.info-algerie.com\\\/actualites\\\/la-couverture-mediatique-des-legislatives-globalement-excellente\\\/\"]}]},{\"@type\":\"ImageObject\",\"inLanguage\":\"fr-FR\",\"@id\":\"https:\\\/\\\/www.info-algerie.com\\\/actualites\\\/la-couverture-mediatique-des-legislatives-globalement-excellente\\\/#primaryimage\",\"url\":\"https:\\\/\\\/www.info-algerie.com\\\/actualites\\\/wp-content\\\/uploads\\\/2017\\\/05\\\/1bfe8dd3854a76572a00bb7cf00210b1_S-1.jpg\",\"contentUrl\":\"https:\\\/\\\/www.info-algerie.com\\\/actualites\\\/wp-content\\\/uploads\\\/2017\\\/05\\\/1bfe8dd3854a76572a00bb7cf00210b1_S-1.jpg\",\"width\":280,\"height\":203},{\"@type\":\"BreadcrumbList\",\"@id\":\"https:\\\/\\\/www.info-algerie.com\\\/actualites\\\/la-couverture-mediatique-des-legislatives-globalement-excellente\\\/#breadcrumb\",\"itemListElement\":[{\"@type\":\"ListItem\",\"position\":1,\"name\":\"Accueil\",\"item\":\"https:\\\/\\\/www.info-algerie.com\\\/actualites\\\/\"},{\"@type\":\"ListItem\",\"position\":2,\"name\":\"La couverture m\u00e9diatique des l\u00e9gislatives globalement &quot;excellente&quot;\"}]},{\"@type\":\"WebSite\",\"@id\":\"https:\\\/\\\/www.info-algerie.com\\\/actualites\\\/#website\",\"url\":\"https:\\\/\\\/www.info-algerie.com\\\/actualites\\\/\",\"name\":\"info algerie\",\"description\":\"Toutes les actualit\u00e9s\",\"publisher\":{\"@id\":\"https:\\\/\\\/www.info-algerie.com\\\/actualites\\\/#organization\"},\"potentialAction\":[{\"@type\":\"SearchAction\",\"target\":{\"@type\":\"EntryPoint\",\"urlTemplate\":\"https:\\\/\\\/www.info-algerie.com\\\/actualites\\\/?s={search_term_string}\"},\"query-input\":{\"@type\":\"PropertyValueSpecification\",\"valueRequired\":true,\"valueName\":\"search_term_string\"}}],\"inLanguage\":\"fr-FR\"},{\"@type\":\"Organization\",\"@id\":\"https:\\\/\\\/www.info-algerie.com\\\/actualites\\\/#organization\",\"name\":\"info algerie\",\"url\":\"https:\\\/\\\/www.info-algerie.com\\\/actualites\\\/\",\"logo\":{\"@type\":\"ImageObject\",\"inLanguage\":\"fr-FR\",\"@id\":\"https:\\\/\\\/www.info-algerie.com\\\/actualites\\\/#\\\/schema\\\/logo\\\/image\\\/\",\"url\":\"https:\\\/\\\/www.info-algerie.com\\\/actualites\\\/wp-content\\\/uploads\\\/2022\\\/07\\\/logo-ia-120.png\",\"contentUrl\":\"https:\\\/\\\/www.info-algerie.com\\\/actualites\\\/wp-content\\\/uploads\\\/2022\\\/07\\\/logo-ia-120.png\",\"width\":120,\"height\":43,\"caption\":\"info algerie\"},\"image\":{\"@id\":\"https:\\\/\\\/www.info-algerie.com\\\/actualites\\\/#\\\/schema\\\/logo\\\/image\\\/\"},\"sameAs\":[\"https:\\\/\\\/www.facebook.com\\\/infoalgerieactu\",\"https:\\\/\\\/x.com\\\/infoalgerie1\"]},{\"@type\":\"Person\",\"@id\":\"https:\\\/\\\/www.info-algerie.com\\\/actualites\\\/#\\\/schema\\\/person\\\/847aaec44920825b843a08f30ec6aa1e\",\"name\":\"La r\u00e9daction\",\"image\":{\"@type\":\"ImageObject\",\"inLanguage\":\"fr-FR\",\"@id\":\"https:\\\/\\\/secure.gravatar.com\\\/avatar\\\/769db425c6f465158149f1ffd6cf61ce7a8a879d11dfbef8288af36dfddd418c?s=96&d=mm&r=g\",\"url\":\"https:\\\/\\\/secure.gravatar.com\\\/avatar\\\/769db425c6f465158149f1ffd6cf61ce7a8a879d11dfbef8288af36dfddd418c?s=96&d=mm&r=g\",\"contentUrl\":\"https:\\\/\\\/secure.gravatar.com\\\/avatar\\\/769db425c6f465158149f1ffd6cf61ce7a8a879d11dfbef8288af36dfddd418c?s=96&d=mm&r=g\",\"caption\":\"La r\u00e9daction\"},\"sameAs\":[\"http:\\\/\\\/www.lkeria.com\\\/\"],\"url\":\"https:\\\/\\\/www.info-algerie.com\\\/actualites\\\/author\\\/chakib32\\\/\"}]}<\/script>\n<!-- \/ Yoast SEO plugin. -->","yoast_head_json":{"title":"La couverture m\u00e9diatique des l\u00e9gislatives globalement &quot;excellente&quot; - info algerie","robots":{"index":"index","follow":"follow","max-snippet":"max-snippet:-1","max-image-preview":"max-image-preview:large","max-video-preview":"max-video-preview:-1"},"canonical":"https:\/\/www.info-algerie.com\/actualites\/la-couverture-mediatique-des-legislatives-globalement-excellente\/","og_locale":"fr_FR","og_type":"article","og_title":"La couverture m\u00e9diatique des l\u00e9gislatives globalement &quot;excellente&quot; - info algerie","og_description":"BOUMERDES- Le ministre de la Communication, Hamid Grine\u00a0 a indiqu\u00e9 dimanche \u00e0 Boumerdes, que la couverture m\u00e9diatique des \u00e9lections\u00a0 l\u00e9gislatives du 4 mai \u00e9tait globalement \u00ab\u00a0excellente\u00a0\u00bb, \u00e0 l&rsquo;exception de\u00a0 quelques \u00ab\u00a0d\u00e9passements\u00a0\u00bb sans incidence sur leur d\u00e9roulement. &#013; &#013; \u00ab\u00a0La couverture des m\u00e9dias nationaux, tant priv\u00e9s que publics, \u00e9tait\u00a0 globalement excellente \u00e0 l&rsquo;exception de quelques cas","og_url":"https:\/\/www.info-algerie.com\/actualites\/la-couverture-mediatique-des-legislatives-globalement-excellente\/","og_site_name":"info algerie","article_publisher":"https:\/\/www.facebook.com\/infoalgerieactu","article_published_time":"2017-05-14T17:25:44+00:00","og_image":[{"width":280,"height":203,"url":"https:\/\/www.info-algerie.com\/actualites\/wp-content\/uploads\/2017\/05\/1bfe8dd3854a76572a00bb7cf00210b1_S-1.jpg","type":"image\/jpeg"}],"author":"La r\u00e9daction","twitter_misc":{"\u00c9crit par":"La r\u00e9daction","Dur\u00e9e de lecture estim\u00e9e":"2 minutes"},"schema":{"@context":"https:\/\/schema.org","@graph":[{"@type":"Article","@id":"https:\/\/www.info-algerie.com\/actualites\/la-couverture-mediatique-des-legislatives-globalement-excellente\/#article","isPartOf":{"@id":"https:\/\/www.info-algerie.com\/actualites\/la-couverture-mediatique-des-legislatives-globalement-excellente\/"},"author":{"name":"La r\u00e9daction","@id":"https:\/\/www.info-algerie.com\/actualites\/#\/schema\/person\/847aaec44920825b843a08f30ec6aa1e"},"headline":"La couverture m\u00e9diatique des l\u00e9gislatives globalement &quot;excellente&quot;","datePublished":"2017-05-14T17:25:44+00:00","mainEntityOfPage":{"@id":"https:\/\/www.info-algerie.com\/actualites\/la-couverture-mediatique-des-legislatives-globalement-excellente\/"},"wordCount":475,"commentCount":0,"publisher":{"@id":"https:\/\/www.info-algerie.com\/actualites\/#organization"},"image":{"@id":"https:\/\/www.info-algerie.com\/actualites\/la-couverture-mediatique-des-legislatives-globalement-excellente\/#primaryimage"},"thumbnailUrl":"https:\/\/www.info-algerie.com\/actualites\/wp-content\/uploads\/2017\/05\/1bfe8dd3854a76572a00bb7cf00210b1_S-1.jpg","keywords":["ONU"],"articleSection":["infos"],"inLanguage":"fr-FR","potentialAction":[{"@type":"CommentAction","name":"Comment","target":["https:\/\/www.info-algerie.com\/actualites\/la-couverture-mediatique-des-legislatives-globalement-excellente\/#respond"]}]},{"@type":"WebPage","@id":"https:\/\/www.info-algerie.com\/actualites\/la-couverture-mediatique-des-legislatives-globalement-excellente\/","url":"https:\/\/www.info-algerie.com\/actualites\/la-couverture-mediatique-des-legislatives-globalement-excellente\/","name":"La couverture m\u00e9diatique des l\u00e9gislatives globalement &quot;excellente&quot; - info algerie","isPartOf":{"@id":"https:\/\/www.info-algerie.com\/actualites\/#website"},"primaryImageOfPage":{"@id":"https:\/\/www.info-algerie.com\/actualites\/la-couverture-mediatique-des-legislatives-globalement-excellente\/#primaryimage"},"image":{"@id":"https:\/\/www.info-algerie.com\/actualites\/la-couverture-mediatique-des-legislatives-globalement-excellente\/#primaryimage"},"thumbnailUrl":"https:\/\/www.info-algerie.com\/actualites\/wp-content\/uploads\/2017\/05\/1bfe8dd3854a76572a00bb7cf00210b1_S-1.jpg","datePublished":"2017-05-14T17:25:44+00:00","breadcrumb":{"@id":"https:\/\/www.info-algerie.com\/actualites\/la-couverture-mediatique-des-legislatives-globalement-excellente\/#breadcrumb"},"inLanguage":"fr-FR","potentialAction":[{"@type":"ReadAction","target":["https:\/\/www.info-algerie.com\/actualites\/la-couverture-mediatique-des-legislatives-globalement-excellente\/"]}]},{"@type":"ImageObject","inLanguage":"fr-FR","@id":"https:\/\/www.info-algerie.com\/actualites\/la-couverture-mediatique-des-legislatives-globalement-excellente\/#primaryimage","url":"https:\/\/www.info-algerie.com\/actualites\/wp-content\/uploads\/2017\/05\/1bfe8dd3854a76572a00bb7cf00210b1_S-1.jpg","contentUrl":"https:\/\/www.info-algerie.com\/actualites\/wp-content\/uploads\/2017\/05\/1bfe8dd3854a76572a00bb7cf00210b1_S-1.jpg","width":280,"height":203},{"@type":"BreadcrumbList","@id":"https:\/\/www.info-algerie.com\/actualites\/la-couverture-mediatique-des-legislatives-globalement-excellente\/#breadcrumb","itemListElement":[{"@type":"ListItem","position":1,"name":"Accueil","item":"https:\/\/www.info-algerie.com\/actualites\/"},{"@type":"ListItem","position":2,"name":"La couverture m\u00e9diatique des l\u00e9gislatives globalement &quot;excellente&quot;"}]},{"@type":"WebSite","@id":"https:\/\/www.info-algerie.com\/actualites\/#website","url":"https:\/\/www.info-algerie.com\/actualites\/","name":"info algerie","description":"Toutes les actualit\u00e9s","publisher":{"@id":"https:\/\/www.info-algerie.com\/actualites\/#organization"},"potentialAction":[{"@type":"SearchAction","target":{"@type":"EntryPoint","urlTemplate":"https:\/\/www.info-algerie.com\/actualites\/?s={search_term_string}"},"query-input":{"@type":"PropertyValueSpecification","valueRequired":true,"valueName":"search_term_string"}}],"inLanguage":"fr-FR"},{"@type":"Organization","@id":"https:\/\/www.info-algerie.com\/actualites\/#organization","name":"info algerie","url":"https:\/\/www.info-algerie.com\/actualites\/","logo":{"@type":"ImageObject","inLanguage":"fr-FR","@id":"https:\/\/www.info-algerie.com\/actualites\/#\/schema\/logo\/image\/","url":"https:\/\/www.info-algerie.com\/actualites\/wp-content\/uploads\/2022\/07\/logo-ia-120.png","contentUrl":"https:\/\/www.info-algerie.com\/actualites\/wp-content\/uploads\/2022\/07\/logo-ia-120.png","width":120,"height":43,"caption":"info algerie"},"image":{"@id":"https:\/\/www.info-algerie.com\/actualites\/#\/schema\/logo\/image\/"},"sameAs":["https:\/\/www.facebook.com\/infoalgerieactu","https:\/\/x.com\/infoalgerie1"]},{"@type":"Person","@id":"https:\/\/www.info-algerie.com\/actualites\/#\/schema\/person\/847aaec44920825b843a08f30ec6aa1e","name":"La r\u00e9daction","image":{"@type":"ImageObject","inLanguage":"fr-FR","@id":"https:\/\/secure.gravatar.com\/avatar\/769db425c6f465158149f1ffd6cf61ce7a8a879d11dfbef8288af36dfddd418c?s=96&d=mm&r=g","url":"https:\/\/secure.gravatar.com\/avatar\/769db425c6f465158149f1ffd6cf61ce7a8a879d11dfbef8288af36dfddd418c?s=96&d=mm&r=g","contentUrl":"https:\/\/secure.gravatar.com\/avatar\/769db425c6f465158149f1ffd6cf61ce7a8a879d11dfbef8288af36dfddd418c?s=96&d=mm&r=g","caption":"La r\u00e9daction"},"sameAs":["http:\/\/www.lkeria.com\/"],"url":"https:\/\/www.info-algerie.com\/actualites\/author\/chakib32\/"}]}},"_links":{"self":[{"href":"https:\/\/www.info-algerie.com\/actualites\/wp-json\/wp\/v2\/posts\/11988","targetHints":{"allow":["GET"]}}],"collection":[{"href":"https:\/\/www.info-algerie.com\/actualites\/wp-json\/wp\/v2\/posts"}],"about":[{"href":"https:\/\/www.info-algerie.com\/actualites\/wp-json\/wp\/v2\/types\/post"}],"author":[{"embeddable":true,"href":"https:\/\/www.info-algerie.com\/actualites\/wp-json\/wp\/v2\/users\/6"}],"replies":[{"embeddable":true,"href":"https:\/\/www.info-algerie.com\/actualites\/wp-json\/wp\/v2\/comments?post=11988"}],"version-history":[{"count":0,"href":"https:\/\/www.info-algerie.com\/actualites\/wp-json\/wp\/v2\/posts\/11988\/revisions"}],"wp:featuredmedia":[{"embeddable":true,"href":"https:\/\/www.info-algerie.com\/actualites\/wp-json\/wp\/v2\/media\/11989"}],"wp:attachment":[{"href":"https:\/\/www.info-algerie.com\/actualites\/wp-json\/wp\/v2\/media?parent=11988"}],"wp:term":[{"taxonomy":"category","embeddable":true,"href":"https:\/\/www.info-algerie.com\/actualites\/wp-json\/wp\/v2\/categories?post=11988"},{"taxonomy":"post_tag","embeddable":true,"href":"https:\/\/www.info-algerie.com\/actualites\/wp-json\/wp\/v2\/tags?post=11988"}],"curies":[{"name":"wp","href":"https:\/\/api.w.org\/{rel}","templated":true}]}}