{"id":11990,"date":"2017-05-14T19:24:51","date_gmt":"2017-05-14T18:24:51","guid":{"rendered":"http:\/\/www.info-algerie.com\/actualites\/la-lutte-contre-le-terrorisme-impose-laction-commune-et-un-engagement-franc-sellal\/"},"modified":"2017-05-14T19:24:51","modified_gmt":"2017-05-14T18:24:51","slug":"la-lutte-contre-le-terrorisme-impose-laction-commune-et-un-engagement-franc-sellal","status":"publish","type":"post","link":"https:\/\/www.info-algerie.com\/actualites\/la-lutte-contre-le-terrorisme-impose-laction-commune-et-un-engagement-franc-sellal\/","title":{"rendered":"La lutte contre le terrorisme &quot;impose l&#039;action commune&quot; et un &quot;engagement\u00a0 franc&quot; (Sellal)"},"content":{"rendered":"<div class=\"K2FeedIntroText\">\n<p class=\"MsoNoSpacing\">\u00a0<\/p>\n<p>&#013;<\/p>\n<p>ALGER- La lutte contre le terrorisme et les diff\u00e9rentes\u00a0 formes de criminalit\u00e9 \u00ab\u00a0impose l&rsquo;action commune\u00a0\u00bb entre les services\u00a0 internationaux de s\u00e9curit\u00e9 et un \u00ab\u00a0engagement franc\u00a0\u00bb de la communaut\u00e9\u00a0 internationale, a pr\u00e9conis\u00e9, dimanche \u00e0 Alger, le Premier ministre,\u00a0 Abdelmalek Sellal.<\/p>\n<p>&#013;\n<\/p><\/div>\n<div class=\"K2FeedFullText\">&#013;<\/p>\n<p>\u00ab\u00a0Nous enregistrons dans toutes les r\u00e9gions du monde une recrudescence du\u00a0 fl\u00e9au terroriste et ses alliances inf\u00e2mes avec les trafiquants de drogue,\u00a0 d&rsquo;armes et d&rsquo;\u00eatres humains, ainsi qu&rsquo;avec des professionnels du crime\u00a0 \u00e9lectronique et du blanchiment d&rsquo;argent\u00a0\u00bb, a constat\u00e9 M. Sellal dans une allocution prononc\u00e9e \u00e0 l&rsquo;ouverture de la 1\u00e8re session du m\u00e9canisme de\u00a0 l&rsquo;Union africaine de coop\u00e9ration polici\u00e8re (Afripol).<\/p>\n<p>&#013;<\/p>\n<p>\u00ab\u00a0Il s&rsquo;agit d&rsquo;un p\u00e9ril plan\u00e9taire et d&rsquo;une menace organis\u00e9e et multiformes\u00a0 pour notre s\u00e9curit\u00e9 qui impose l&rsquo;action commune, la coordination et la\u00a0 coop\u00e9ration entre les services internationaux de s\u00e9curit\u00e9, ainsi que\u00a0 l&rsquo;engagement franc de la communaut\u00e9 internationale dans cet effort de\u00a0 lutte\u00a0\u00bb, a-t-il soutenu.<\/p>\n<p>&#013;<\/p>\n<p>Pour le Premier ministre, il devient, d\u00e8s lors, \u00ab\u00a0imp\u00e9ratif et urgent de\u00a0 renforcer les capacit\u00e9s op\u00e9rationnelles et techniques des services\u00a0 africains de police en d\u00e9veloppant les manuels, en cr\u00e9ant des centres\u00a0 d&rsquo;excellence en mati\u00e8re de formation et d&rsquo;enqu\u00eate judiciaire et en\u00a0 g\u00e9n\u00e9ralisant les pratiques innovantes et l&rsquo;\u00e9change d&rsquo;informations et\u00a0 d&rsquo;exp\u00e9riences\u00a0\u00bb.<\/p>\n<p>&#013;<\/p>\n<p>Mettant en exergue que l&rsquo;Alg\u00e9rie a \u00e9t\u00e9 \u00ab\u00a0aux premiers rangs de la lutte\u00a0 contre le terrorisme et les diff\u00e9rentes formes de criminalit\u00e9 qui lui sont\u00a0 consubstantielles\u00a0\u00bb, il a rappel\u00e9 qu&rsquo;elle a consenti, dans ce cadre, \u00ab\u00a0des\u00a0 efforts immenses et a eu un r\u00f4le d\u00e9terminant pour privil\u00e9gier le traitement\u00a0 \u00e0 la racine des crises en enlevant aux terroristes les alibis religieux ou\u00a0 ethniques, en ass\u00e9chant les sources de financements et en affrontant les\u00a0 matrices nourrici\u00e8res de la radicalisation, tant au plan acad\u00e9mique que\u00a0 politique ou m\u00e9diatique\u00a0\u00bb.<\/p>\n<p>&#013;<\/p>\n<p>\u00a0<\/p>\n<p>&#013;<\/p>\n<p><strong>R\u00e9conciliation nationale: une exp\u00e9rience r\u00e9ussie qui permet \u00e0 l&rsquo;Alg\u00e9rie de\u00a0jouir de la stabilit\u00e9<\/strong><\/p>\n<p>&#013;<\/p>\n<p>\u00a0M. Sellal a observ\u00e9 que la lutte contre le terrorisme et le crime organis\u00e9\u00a0 \u00ab\u00a0doit \u00eatre un effort continu et rigoureux, obligatoirement accompagn\u00e9 d&rsquo;un\u00a0 grand travail de traitement des causes originelles, telles que l&rsquo;ignorance\u00a0 et la non satisfaction des besoins sociaux\u00a0\u00bb.<\/p>\n<p>&#013;<\/p>\n<p>L&rsquo;importance de la mise en oeuvre de \u00ab\u00a0politiques sinc\u00e8res de r\u00e9conciliation\u00a0 nationale pour rassembler les peuples et \u00e9loigner les haines et les\u00a0 rancoeurs\u00a0\u00bb ne doit pas \u00eatre omise, a-t-il ajout\u00e9, relevant que c&rsquo;est une\u00a0 \u00ab\u00a0exp\u00e9rience r\u00e9ussie similaire\u00a0\u00bb qu&rsquo;a connue l&rsquo;Alg\u00e9rie et qui lui permet de\u00a0 jouir depuis des ann\u00e9es de la paix et de la stabilit\u00e9.<\/p>\n<p>&#013;<\/p>\n<p>M. Sellal a indiqu\u00e9 que l&rsquo;Alg\u00e9rie \u00ab\u00a0appr\u00e9cie \u00e0 leur juste valeur\u00a0\u00bb les\u00a0 efforts et les initiatives prises au niveau international et continental\u00a0 par les pays membres d&rsquo;Afripol, comme elle \u00ab\u00a0salue l&rsquo;esprit de solidarit\u00e9 et\u00a0 de fraternit\u00e9\u00a0\u00bb qui r\u00e8gne au sein de cette organisation, formulant le voeu\u00a0 que les r\u00e9sultats de sa 1\u00e8re assembl\u00e9e g\u00e9n\u00e9rale contribuent \u00e0 rendre\u00a0 \u00ab\u00a0effective\u00a0\u00bb son action dans tous les Etats du continent, \u00ab\u00a0confortant ainsi\u00a0 la coop\u00e9ration polici\u00e8re africaine et la paix dans le monde\u00a0\u00bb.<\/p>\n<p>&#013;<\/p>\n<p>Le Premier ministre a estim\u00e9 que cette rencontre \u00ab\u00a0t\u00e9moigne de l&rsquo;engagement\u00a0 et de la d\u00e9termination des gouvernements et des services de police\u00a0 africains \u00e0 consacrer la coop\u00e9ration s\u00e9curitaire et \u00e0 affronter les d\u00e9fis\u00a0 qui se dressent devant nous, notamment le crime transnational et le\u00a0 terrorisme\u00a0\u00bb.<\/p>\n<p>&#013;<\/p>\n<p>Il a rappel\u00e9, \u00e0 cet \u00e9gard, que l&rsquo;Union africaine a \u00e9t\u00e9 b\u00e2tie pour r\u00e9aliser\u00a0 les objectifs de paix, d&rsquo;union et de prosp\u00e9rit\u00e9 pour tous les peuples\u00a0 africains. Ces objectifs, a-t-il dit, \u00ab\u00a0ne peuvent \u00eatre atteints sans la\u00a0 garantie de la s\u00e9curit\u00e9 et de la stabilit\u00e9, l&rsquo;instauration de l&rsquo;Etat de\u00a0 droit, l&rsquo;application des principes de bonne gouvernance et la r\u00e9union des\u00a0 conditions du d\u00e9veloppement durable dans nos pays\u00a0\u00bb.<\/p>\n<p>&#013;<\/p>\n<p>\u00a0<\/p>\n<p>&#013;<\/p>\n<p>Au d\u00e9but de son intervention, M. Sellal a transmis aux participants les\u00a0 salutations du pr\u00e9sident de la R\u00e9publique, Abdelaziz Bouteflika, et ses\u00a0 voeux de succ\u00e8s et de r\u00e9ussite aux travaux de la 1\u00e8re assembl\u00e9e g\u00e9n\u00e9rale\u00a0 d&rsquo;Afripol.<\/p>\n<\/div>\n<p>&#013;<br \/>\nSource: <a href=\"http:\/\/www.aps.dz\/algerie\/57571-la-lutte-contre-le-terrorisme-impose-l-action-commune-et-un-engagement-franc-sellal\" target=\"_blank\">La lutte contre le terrorisme \u00ab\u00a0impose l&rsquo;action commune\u00a0\u00bb et un \u00ab\u00a0engagement\u00a0 franc\u00a0\u00bb (Sellal)<\/a><\/p>\n<!--CusAds0-->\n<div style=\"font-size: 0px; height: 0px; line-height: 0px; margin: 0; padding: 0; clear: both;\"><\/div>","protected":false},"excerpt":{"rendered":"<p>\u00a0 &#013; ALGER- La lutte contre le terrorisme et les diff\u00e9rentes\u00a0 formes de criminalit\u00e9 \u00ab\u00a0impose l&rsquo;action commune\u00a0\u00bb entre les services\u00a0 internationaux de s\u00e9curit\u00e9 et un \u00ab\u00a0engagement franc\u00a0\u00bb de la communaut\u00e9\u00a0 internationale, a pr\u00e9conis\u00e9, dimanche \u00e0 Alger, le Premier ministre,\u00a0 Abdelmalek Sellal. &#013; &#013; \u00ab\u00a0Nous enregistrons dans toutes les r\u00e9gions du monde une recrudescence du\u00a0 fl\u00e9au<\/p>\n","protected":false},"author":6,"featured_media":0,"comment_status":"open","ping_status":"open","sticky":false,"template":"","format":"standard","meta":{"footnotes":""},"categories":[22],"tags":[93],"class_list":["post-11990","post","type-post","status-publish","format-standard","hentry","category-infos","tag-onu"],"yoast_head":"<!-- This site is optimized with the Yoast SEO plugin v27.5 - https:\/\/yoast.com\/product\/yoast-seo-wordpress\/ -->\n<title>La lutte contre le terrorisme &quot;impose l&#039;action commune&quot; et un &quot;engagement\u00a0 franc&quot; (Sellal) - info algerie<\/title>\n<meta name=\"robots\" content=\"index, follow, max-snippet:-1, max-image-preview:large, max-video-preview:-1\" \/>\n<link rel=\"canonical\" href=\"https:\/\/www.info-algerie.com\/actualites\/la-lutte-contre-le-terrorisme-impose-laction-commune-et-un-engagement-franc-sellal\/\" \/>\n<meta property=\"og:locale\" content=\"fr_FR\" \/>\n<meta property=\"og:type\" content=\"article\" \/>\n<meta property=\"og:title\" content=\"La lutte contre le terrorisme &quot;impose l&#039;action commune&quot; et un &quot;engagement\u00a0 franc&quot; (Sellal) - info algerie\" \/>\n<meta property=\"og:description\" content=\"\u00a0 &#013; ALGER- La lutte contre le terrorisme et les diff\u00e9rentes\u00a0 formes de criminalit\u00e9 \u00ab\u00a0impose l&rsquo;action commune\u00a0\u00bb entre les services\u00a0 internationaux de s\u00e9curit\u00e9 et un \u00ab\u00a0engagement franc\u00a0\u00bb de la communaut\u00e9\u00a0 internationale, a pr\u00e9conis\u00e9, dimanche \u00e0 Alger, le Premier ministre,\u00a0 Abdelmalek Sellal. &#013; &#013; \u00ab\u00a0Nous enregistrons dans toutes les r\u00e9gions du monde une recrudescence du\u00a0 fl\u00e9au\" \/>\n<meta property=\"og:url\" content=\"https:\/\/www.info-algerie.com\/actualites\/la-lutte-contre-le-terrorisme-impose-laction-commune-et-un-engagement-franc-sellal\/\" \/>\n<meta property=\"og:site_name\" content=\"info algerie\" \/>\n<meta property=\"article:publisher\" content=\"https:\/\/www.facebook.com\/infoalgerieactu\" \/>\n<meta property=\"article:published_time\" content=\"2017-05-14T18:24:51+00:00\" \/>\n<meta name=\"author\" content=\"La r\u00e9daction\" \/>\n<meta name=\"twitter:label1\" content=\"\u00c9crit par\" \/>\n\t<meta name=\"twitter:data1\" content=\"La r\u00e9daction\" \/>\n\t<meta name=\"twitter:label2\" content=\"Dur\u00e9e de lecture estim\u00e9e\" \/>\n\t<meta name=\"twitter:data2\" content=\"3 minutes\" \/>\n<script type=\"application\/ld+json\" class=\"yoast-schema-graph\">{\"@context\":\"https:\\\/\\\/schema.org\",\"@graph\":[{\"@type\":\"Article\",\"@id\":\"https:\\\/\\\/www.info-algerie.com\\\/actualites\\\/la-lutte-contre-le-terrorisme-impose-laction-commune-et-un-engagement-franc-sellal\\\/#article\",\"isPartOf\":{\"@id\":\"https:\\\/\\\/www.info-algerie.com\\\/actualites\\\/la-lutte-contre-le-terrorisme-impose-laction-commune-et-un-engagement-franc-sellal\\\/\"},\"author\":{\"name\":\"La r\u00e9daction\",\"@id\":\"https:\\\/\\\/www.info-algerie.com\\\/actualites\\\/#\\\/schema\\\/person\\\/847aaec44920825b843a08f30ec6aa1e\"},\"headline\":\"La lutte contre le terrorisme &quot;impose l&#039;action commune&quot; et un &quot;engagement\u00a0 franc&quot; (Sellal)\",\"datePublished\":\"2017-05-14T18:24:51+00:00\",\"mainEntityOfPage\":{\"@id\":\"https:\\\/\\\/www.info-algerie.com\\\/actualites\\\/la-lutte-contre-le-terrorisme-impose-laction-commune-et-un-engagement-franc-sellal\\\/\"},\"wordCount\":749,\"commentCount\":0,\"publisher\":{\"@id\":\"https:\\\/\\\/www.info-algerie.com\\\/actualites\\\/#organization\"},\"keywords\":[\"ONU\"],\"articleSection\":[\"infos\"],\"inLanguage\":\"fr-FR\",\"potentialAction\":[{\"@type\":\"CommentAction\",\"name\":\"Comment\",\"target\":[\"https:\\\/\\\/www.info-algerie.com\\\/actualites\\\/la-lutte-contre-le-terrorisme-impose-laction-commune-et-un-engagement-franc-sellal\\\/#respond\"]}]},{\"@type\":\"WebPage\",\"@id\":\"https:\\\/\\\/www.info-algerie.com\\\/actualites\\\/la-lutte-contre-le-terrorisme-impose-laction-commune-et-un-engagement-franc-sellal\\\/\",\"url\":\"https:\\\/\\\/www.info-algerie.com\\\/actualites\\\/la-lutte-contre-le-terrorisme-impose-laction-commune-et-un-engagement-franc-sellal\\\/\",\"name\":\"La lutte contre le terrorisme &quot;impose l&#039;action commune&quot; et un &quot;engagement\u00a0 franc&quot; (Sellal) - info algerie\",\"isPartOf\":{\"@id\":\"https:\\\/\\\/www.info-algerie.com\\\/actualites\\\/#website\"},\"datePublished\":\"2017-05-14T18:24:51+00:00\",\"breadcrumb\":{\"@id\":\"https:\\\/\\\/www.info-algerie.com\\\/actualites\\\/la-lutte-contre-le-terrorisme-impose-laction-commune-et-un-engagement-franc-sellal\\\/#breadcrumb\"},\"inLanguage\":\"fr-FR\",\"potentialAction\":[{\"@type\":\"ReadAction\",\"target\":[\"https:\\\/\\\/www.info-algerie.com\\\/actualites\\\/la-lutte-contre-le-terrorisme-impose-laction-commune-et-un-engagement-franc-sellal\\\/\"]}]},{\"@type\":\"BreadcrumbList\",\"@id\":\"https:\\\/\\\/www.info-algerie.com\\\/actualites\\\/la-lutte-contre-le-terrorisme-impose-laction-commune-et-un-engagement-franc-sellal\\\/#breadcrumb\",\"itemListElement\":[{\"@type\":\"ListItem\",\"position\":1,\"name\":\"Accueil\",\"item\":\"https:\\\/\\\/www.info-algerie.com\\\/actualites\\\/\"},{\"@type\":\"ListItem\",\"position\":2,\"name\":\"La lutte contre le terrorisme &quot;impose l&#039;action commune&quot; et un &quot;engagement\u00a0 franc&quot; (Sellal)\"}]},{\"@type\":\"WebSite\",\"@id\":\"https:\\\/\\\/www.info-algerie.com\\\/actualites\\\/#website\",\"url\":\"https:\\\/\\\/www.info-algerie.com\\\/actualites\\\/\",\"name\":\"info algerie\",\"description\":\"Toutes les actualit\u00e9s\",\"publisher\":{\"@id\":\"https:\\\/\\\/www.info-algerie.com\\\/actualites\\\/#organization\"},\"potentialAction\":[{\"@type\":\"SearchAction\",\"target\":{\"@type\":\"EntryPoint\",\"urlTemplate\":\"https:\\\/\\\/www.info-algerie.com\\\/actualites\\\/?s={search_term_string}\"},\"query-input\":{\"@type\":\"PropertyValueSpecification\",\"valueRequired\":true,\"valueName\":\"search_term_string\"}}],\"inLanguage\":\"fr-FR\"},{\"@type\":\"Organization\",\"@id\":\"https:\\\/\\\/www.info-algerie.com\\\/actualites\\\/#organization\",\"name\":\"info algerie\",\"url\":\"https:\\\/\\\/www.info-algerie.com\\\/actualites\\\/\",\"logo\":{\"@type\":\"ImageObject\",\"inLanguage\":\"fr-FR\",\"@id\":\"https:\\\/\\\/www.info-algerie.com\\\/actualites\\\/#\\\/schema\\\/logo\\\/image\\\/\",\"url\":\"https:\\\/\\\/www.info-algerie.com\\\/actualites\\\/wp-content\\\/uploads\\\/2022\\\/07\\\/logo-ia-120.png\",\"contentUrl\":\"https:\\\/\\\/www.info-algerie.com\\\/actualites\\\/wp-content\\\/uploads\\\/2022\\\/07\\\/logo-ia-120.png\",\"width\":120,\"height\":43,\"caption\":\"info algerie\"},\"image\":{\"@id\":\"https:\\\/\\\/www.info-algerie.com\\\/actualites\\\/#\\\/schema\\\/logo\\\/image\\\/\"},\"sameAs\":[\"https:\\\/\\\/www.facebook.com\\\/infoalgerieactu\",\"https:\\\/\\\/x.com\\\/infoalgerie1\"]},{\"@type\":\"Person\",\"@id\":\"https:\\\/\\\/www.info-algerie.com\\\/actualites\\\/#\\\/schema\\\/person\\\/847aaec44920825b843a08f30ec6aa1e\",\"name\":\"La r\u00e9daction\",\"image\":{\"@type\":\"ImageObject\",\"inLanguage\":\"fr-FR\",\"@id\":\"https:\\\/\\\/secure.gravatar.com\\\/avatar\\\/769db425c6f465158149f1ffd6cf61ce7a8a879d11dfbef8288af36dfddd418c?s=96&d=mm&r=g\",\"url\":\"https:\\\/\\\/secure.gravatar.com\\\/avatar\\\/769db425c6f465158149f1ffd6cf61ce7a8a879d11dfbef8288af36dfddd418c?s=96&d=mm&r=g\",\"contentUrl\":\"https:\\\/\\\/secure.gravatar.com\\\/avatar\\\/769db425c6f465158149f1ffd6cf61ce7a8a879d11dfbef8288af36dfddd418c?s=96&d=mm&r=g\",\"caption\":\"La r\u00e9daction\"},\"sameAs\":[\"http:\\\/\\\/www.lkeria.com\\\/\"],\"url\":\"https:\\\/\\\/www.info-algerie.com\\\/actualites\\\/author\\\/chakib32\\\/\"}]}<\/script>\n<!-- \/ Yoast SEO plugin. -->","yoast_head_json":{"title":"La lutte contre le terrorisme &quot;impose l&#039;action commune&quot; et un &quot;engagement\u00a0 franc&quot; (Sellal) - info algerie","robots":{"index":"index","follow":"follow","max-snippet":"max-snippet:-1","max-image-preview":"max-image-preview:large","max-video-preview":"max-video-preview:-1"},"canonical":"https:\/\/www.info-algerie.com\/actualites\/la-lutte-contre-le-terrorisme-impose-laction-commune-et-un-engagement-franc-sellal\/","og_locale":"fr_FR","og_type":"article","og_title":"La lutte contre le terrorisme &quot;impose l&#039;action commune&quot; et un &quot;engagement\u00a0 franc&quot; (Sellal) - info algerie","og_description":"\u00a0 &#013; ALGER- La lutte contre le terrorisme et les diff\u00e9rentes\u00a0 formes de criminalit\u00e9 \u00ab\u00a0impose l&rsquo;action commune\u00a0\u00bb entre les services\u00a0 internationaux de s\u00e9curit\u00e9 et un \u00ab\u00a0engagement franc\u00a0\u00bb de la communaut\u00e9\u00a0 internationale, a pr\u00e9conis\u00e9, dimanche \u00e0 Alger, le Premier ministre,\u00a0 Abdelmalek Sellal. &#013; &#013; \u00ab\u00a0Nous enregistrons dans toutes les r\u00e9gions du monde une recrudescence du\u00a0 fl\u00e9au","og_url":"https:\/\/www.info-algerie.com\/actualites\/la-lutte-contre-le-terrorisme-impose-laction-commune-et-un-engagement-franc-sellal\/","og_site_name":"info algerie","article_publisher":"https:\/\/www.facebook.com\/infoalgerieactu","article_published_time":"2017-05-14T18:24:51+00:00","author":"La r\u00e9daction","twitter_misc":{"\u00c9crit par":"La r\u00e9daction","Dur\u00e9e de lecture estim\u00e9e":"3 minutes"},"schema":{"@context":"https:\/\/schema.org","@graph":[{"@type":"Article","@id":"https:\/\/www.info-algerie.com\/actualites\/la-lutte-contre-le-terrorisme-impose-laction-commune-et-un-engagement-franc-sellal\/#article","isPartOf":{"@id":"https:\/\/www.info-algerie.com\/actualites\/la-lutte-contre-le-terrorisme-impose-laction-commune-et-un-engagement-franc-sellal\/"},"author":{"name":"La r\u00e9daction","@id":"https:\/\/www.info-algerie.com\/actualites\/#\/schema\/person\/847aaec44920825b843a08f30ec6aa1e"},"headline":"La lutte contre le terrorisme &quot;impose l&#039;action commune&quot; et un &quot;engagement\u00a0 franc&quot; (Sellal)","datePublished":"2017-05-14T18:24:51+00:00","mainEntityOfPage":{"@id":"https:\/\/www.info-algerie.com\/actualites\/la-lutte-contre-le-terrorisme-impose-laction-commune-et-un-engagement-franc-sellal\/"},"wordCount":749,"commentCount":0,"publisher":{"@id":"https:\/\/www.info-algerie.com\/actualites\/#organization"},"keywords":["ONU"],"articleSection":["infos"],"inLanguage":"fr-FR","potentialAction":[{"@type":"CommentAction","name":"Comment","target":["https:\/\/www.info-algerie.com\/actualites\/la-lutte-contre-le-terrorisme-impose-laction-commune-et-un-engagement-franc-sellal\/#respond"]}]},{"@type":"WebPage","@id":"https:\/\/www.info-algerie.com\/actualites\/la-lutte-contre-le-terrorisme-impose-laction-commune-et-un-engagement-franc-sellal\/","url":"https:\/\/www.info-algerie.com\/actualites\/la-lutte-contre-le-terrorisme-impose-laction-commune-et-un-engagement-franc-sellal\/","name":"La lutte contre le terrorisme &quot;impose l&#039;action commune&quot; et un &quot;engagement\u00a0 franc&quot; (Sellal) - info algerie","isPartOf":{"@id":"https:\/\/www.info-algerie.com\/actualites\/#website"},"datePublished":"2017-05-14T18:24:51+00:00","breadcrumb":{"@id":"https:\/\/www.info-algerie.com\/actualites\/la-lutte-contre-le-terrorisme-impose-laction-commune-et-un-engagement-franc-sellal\/#breadcrumb"},"inLanguage":"fr-FR","potentialAction":[{"@type":"ReadAction","target":["https:\/\/www.info-algerie.com\/actualites\/la-lutte-contre-le-terrorisme-impose-laction-commune-et-un-engagement-franc-sellal\/"]}]},{"@type":"BreadcrumbList","@id":"https:\/\/www.info-algerie.com\/actualites\/la-lutte-contre-le-terrorisme-impose-laction-commune-et-un-engagement-franc-sellal\/#breadcrumb","itemListElement":[{"@type":"ListItem","position":1,"name":"Accueil","item":"https:\/\/www.info-algerie.com\/actualites\/"},{"@type":"ListItem","position":2,"name":"La lutte contre le terrorisme &quot;impose l&#039;action commune&quot; et un &quot;engagement\u00a0 franc&quot; (Sellal)"}]},{"@type":"WebSite","@id":"https:\/\/www.info-algerie.com\/actualites\/#website","url":"https:\/\/www.info-algerie.com\/actualites\/","name":"info algerie","description":"Toutes les actualit\u00e9s","publisher":{"@id":"https:\/\/www.info-algerie.com\/actualites\/#organization"},"potentialAction":[{"@type":"SearchAction","target":{"@type":"EntryPoint","urlTemplate":"https:\/\/www.info-algerie.com\/actualites\/?s={search_term_string}"},"query-input":{"@type":"PropertyValueSpecification","valueRequired":true,"valueName":"search_term_string"}}],"inLanguage":"fr-FR"},{"@type":"Organization","@id":"https:\/\/www.info-algerie.com\/actualites\/#organization","name":"info algerie","url":"https:\/\/www.info-algerie.com\/actualites\/","logo":{"@type":"ImageObject","inLanguage":"fr-FR","@id":"https:\/\/www.info-algerie.com\/actualites\/#\/schema\/logo\/image\/","url":"https:\/\/www.info-algerie.com\/actualites\/wp-content\/uploads\/2022\/07\/logo-ia-120.png","contentUrl":"https:\/\/www.info-algerie.com\/actualites\/wp-content\/uploads\/2022\/07\/logo-ia-120.png","width":120,"height":43,"caption":"info algerie"},"image":{"@id":"https:\/\/www.info-algerie.com\/actualites\/#\/schema\/logo\/image\/"},"sameAs":["https:\/\/www.facebook.com\/infoalgerieactu","https:\/\/x.com\/infoalgerie1"]},{"@type":"Person","@id":"https:\/\/www.info-algerie.com\/actualites\/#\/schema\/person\/847aaec44920825b843a08f30ec6aa1e","name":"La r\u00e9daction","image":{"@type":"ImageObject","inLanguage":"fr-FR","@id":"https:\/\/secure.gravatar.com\/avatar\/769db425c6f465158149f1ffd6cf61ce7a8a879d11dfbef8288af36dfddd418c?s=96&d=mm&r=g","url":"https:\/\/secure.gravatar.com\/avatar\/769db425c6f465158149f1ffd6cf61ce7a8a879d11dfbef8288af36dfddd418c?s=96&d=mm&r=g","contentUrl":"https:\/\/secure.gravatar.com\/avatar\/769db425c6f465158149f1ffd6cf61ce7a8a879d11dfbef8288af36dfddd418c?s=96&d=mm&r=g","caption":"La r\u00e9daction"},"sameAs":["http:\/\/www.lkeria.com\/"],"url":"https:\/\/www.info-algerie.com\/actualites\/author\/chakib32\/"}]}},"_links":{"self":[{"href":"https:\/\/www.info-algerie.com\/actualites\/wp-json\/wp\/v2\/posts\/11990","targetHints":{"allow":["GET"]}}],"collection":[{"href":"https:\/\/www.info-algerie.com\/actualites\/wp-json\/wp\/v2\/posts"}],"about":[{"href":"https:\/\/www.info-algerie.com\/actualites\/wp-json\/wp\/v2\/types\/post"}],"author":[{"embeddable":true,"href":"https:\/\/www.info-algerie.com\/actualites\/wp-json\/wp\/v2\/users\/6"}],"replies":[{"embeddable":true,"href":"https:\/\/www.info-algerie.com\/actualites\/wp-json\/wp\/v2\/comments?post=11990"}],"version-history":[{"count":0,"href":"https:\/\/www.info-algerie.com\/actualites\/wp-json\/wp\/v2\/posts\/11990\/revisions"}],"wp:attachment":[{"href":"https:\/\/www.info-algerie.com\/actualites\/wp-json\/wp\/v2\/media?parent=11990"}],"wp:term":[{"taxonomy":"category","embeddable":true,"href":"https:\/\/www.info-algerie.com\/actualites\/wp-json\/wp\/v2\/categories?post=11990"},{"taxonomy":"post_tag","embeddable":true,"href":"https:\/\/www.info-algerie.com\/actualites\/wp-json\/wp\/v2\/tags?post=11990"}],"curies":[{"name":"wp","href":"https:\/\/api.w.org\/{rel}","templated":true}]}}