{"id":11995,"date":"2017-05-14T19:03:11","date_gmt":"2017-05-14T18:03:11","guid":{"rendered":"http:\/\/www.info-algerie.com\/actualites\/le-president-bouteflika-coordinateur-africain-pour-la-lutte-antiterroriste-un-nouvel-eloge-de-laction-de-lalgerie\/"},"modified":"2017-05-14T19:03:11","modified_gmt":"2017-05-14T18:03:11","slug":"le-president-bouteflika-coordinateur-africain-pour-la-lutte-antiterroriste-un-nouvel-eloge-de-laction-de-lalgerie","status":"publish","type":"post","link":"https:\/\/www.info-algerie.com\/actualites\/le-president-bouteflika-coordinateur-africain-pour-la-lutte-antiterroriste-un-nouvel-eloge-de-laction-de-lalgerie\/","title":{"rendered":"Le Pr\u00e9sident Bouteflika coordinateur africain pour la lutte\u00a0 antiterroriste: un &quot;nouvel \u00e9loge&quot; de l&#039;action de l&#039;Alg\u00e9rie\u00a0"},"content":{"rendered":"<div class=\"K2FeedImage\"><img decoding=\"async\" src=\"https:\/\/www.info-algerie.com\/actualites\/wp-content\/uploads\/2017\/05\/00ca31a2a16d4c95f1cc4d5619f98a35_S.jpg\" \/><\/div>\n<div class=\"K2FeedIntroText\">\n<p>ALGER &#8211; La d\u00e9cision des dirigeants africains de d\u00e9signer\u00a0 le Pr\u00e9sident Abdelaziz Bouteflika en tant que coordinateur africain pour la\u00a0 lutte antiterroriste est un \u00ab\u00a0nouvel \u00e9loge\u00a0\u00bb de l&rsquo;exp\u00e9rience de l&rsquo;Alg\u00e9rie et\u00a0de son action dans la r\u00e9solution des conflits, a affirm\u00e9 le Premier\u00a0 ministre, Abdelmalek Sellal, dimanche \u00e0 Alger, \u00e0 l&rsquo;ouverture de la 1\u00e8re\u00a0 assembl\u00e9e g\u00e9n\u00e9rale du m\u00e9canisme de l&rsquo;Union africaine de coop\u00e9ration\u00a0 polici\u00e8re (Afripol).<\/p>\n<p>&#013;\n<\/p><\/div>\n<div class=\"K2FeedFullText\">&#013;<\/p>\n<p>\u00ab\u00a0La derni\u00e8re d\u00e9cision des dirigeants africains de coopter le pr\u00e9sident\u00a0 Abdelaziz Bouteflika, un homme qui a vou\u00e9 sa vie \u00e0 l&rsquo;ind\u00e9pendance et \u00e0\u00a0 l&rsquo;unit\u00e9 du continent, en tant que coordinateur africain pour la lutte \u00a0antiterroriste, est un nouvel \u00e9loge de l&rsquo;exp\u00e9rience de l&rsquo;Alg\u00e9rie et de son\u00a0 action calme et \u00e9quilibr\u00e9e dans la r\u00e9solution des conflits africains et la\u00a0 r\u00e9duction des zones de tensions en s&rsquo;appuyant sur le dialogue et la\u00a0 recherche constante de consensus\u00a0\u00bb, a soulign\u00e9 M. Sellal.<\/p>\n<p>&#013;<\/p>\n<p>Le Premier ministre a rappel\u00e9 que l&rsquo;Alg\u00e9rie a \u00e9t\u00e9 aux premiers rangs de la\u00a0 lutte contre le terrorisme et les diff\u00e9rentes formes de criminalit\u00e9 qui lui\u00a0 sont consubstantielles. \u00ab\u00a0Elle y a consenti des efforts immenses et a eu un\u00a0 r\u00f4le d\u00e9terminant pour privil\u00e9gier le traitement \u00e0 la racine des crises en\u00a0<span style=\"font-size: 12.16px\">enlevant aux terroristes les alibis religieux ou ethniques, en ass\u00e9chant<\/span><span style=\"font-size: 12.16px\">\u00a0 <\/span><span style=\"font-size: 12.16px\">les sources de financements et en affrontant les matrices nourrici\u00e8res de<\/span><span style=\"font-size: 12.16px\">\u00a0 <\/span><span style=\"font-size: 12.16px\">la radicalisation tant au plan acad\u00e9mique que politique ou m\u00e9diatique\u00a0\u00bb,<\/span><span style=\"font-size: 12.16px\">\u00a0 <\/span><span style=\"font-size: 12.16px\">a-t-il pr\u00e9cis\u00e9.<\/span><\/p>\n<p>&#013;<\/p>\n<p>M. Sellal a observ\u00e9 que la lutte contre le terrorisme et le crime organis\u00e9\u00a0 \u00ab\u00a0doit \u00eatre un effort continu et rigoureux, obligatoirement accompagn\u00e9 d&rsquo;un\u00a0 grand travail de traitement des causes originelles, telles que l&rsquo;ignorance\u00a0 et la non satisfaction des besoins sociaux\u00a0\u00bb.<\/p>\n<p>&#013;<\/p>\n<p>L&rsquo;importance de la mise en oeuvre de \u00ab\u00a0politiques sinc\u00e8res de r\u00e9conciliation\u00a0 nationale pour rassembler les peuples et \u00e9loigner les haines et les\u00a0 rancoeurs\u00a0\u00bb ne doit pas \u00eatre omise, a-t-il ajout\u00e9, relevant que c&rsquo;est une\u00a0 \u00ab\u00a0exp\u00e9rience r\u00e9ussie similaire\u00a0\u00bb qu&rsquo;a connue l&rsquo;Alg\u00e9rie et qui lui permet de\u00a0jouir depuis des ann\u00e9es de la paix et de la stabilit\u00e9.\u00a0<\/p>\n<\/div>\n<p>&#013;<br \/>\nSource: <a href=\"http:\/\/www.aps.dz\/algerie\/57569-le-president-bouteflika-coordinateur-africain-pour-la-lutte-antiterroriste-un-nouvel-eloge-de-l-action-de-l-algerie\" target=\"_blank\">Le Pr\u00e9sident Bouteflika coordinateur africain pour la lutte\u00a0 antiterroriste: un \u00ab\u00a0nouvel \u00e9loge\u00a0\u00bb de l&rsquo;action de l&rsquo;Alg\u00e9rie\u00a0<\/a><\/p>\n<!--CusAds0-->\n<div style=\"font-size: 0px; height: 0px; line-height: 0px; margin: 0; padding: 0; clear: both;\"><\/div>","protected":false},"excerpt":{"rendered":"<p>ALGER &#8211; La d\u00e9cision des dirigeants africains de d\u00e9signer\u00a0 le Pr\u00e9sident Abdelaziz Bouteflika en tant que coordinateur africain pour la\u00a0 lutte antiterroriste est un \u00ab\u00a0nouvel \u00e9loge\u00a0\u00bb de l&rsquo;exp\u00e9rience de l&rsquo;Alg\u00e9rie et\u00a0de son action dans la r\u00e9solution des conflits, a affirm\u00e9 le Premier\u00a0 ministre, Abdelmalek Sellal, dimanche \u00e0 Alger, \u00e0 l&rsquo;ouverture de la 1\u00e8re\u00a0 assembl\u00e9e g\u00e9n\u00e9rale<\/p>\n","protected":false},"author":6,"featured_media":11996,"comment_status":"open","ping_status":"open","sticky":false,"template":"","format":"standard","meta":{"footnotes":""},"categories":[22],"tags":[93],"class_list":["post-11995","post","type-post","status-publish","format-standard","has-post-thumbnail","hentry","category-infos","tag-onu"],"yoast_head":"<!-- This site is optimized with the Yoast SEO plugin v27.5 - https:\/\/yoast.com\/product\/yoast-seo-wordpress\/ -->\n<title>Le Pr\u00e9sident Bouteflika coordinateur africain pour la lutte\u00a0 antiterroriste: un &quot;nouvel \u00e9loge&quot; de l&#039;action de l&#039;Alg\u00e9rie\u00a0 - info algerie<\/title>\n<meta name=\"robots\" content=\"index, follow, max-snippet:-1, max-image-preview:large, max-video-preview:-1\" \/>\n<link rel=\"canonical\" href=\"https:\/\/www.info-algerie.com\/actualites\/le-president-bouteflika-coordinateur-africain-pour-la-lutte-antiterroriste-un-nouvel-eloge-de-laction-de-lalgerie\/\" \/>\n<meta property=\"og:locale\" content=\"fr_FR\" \/>\n<meta property=\"og:type\" content=\"article\" \/>\n<meta property=\"og:title\" content=\"Le Pr\u00e9sident Bouteflika coordinateur africain pour la lutte\u00a0 antiterroriste: un &quot;nouvel \u00e9loge&quot; de l&#039;action de l&#039;Alg\u00e9rie\u00a0 - info algerie\" \/>\n<meta property=\"og:description\" content=\"ALGER &#8211; La d\u00e9cision des dirigeants africains de d\u00e9signer\u00a0 le Pr\u00e9sident Abdelaziz Bouteflika en tant que coordinateur africain pour la\u00a0 lutte antiterroriste est un \u00ab\u00a0nouvel \u00e9loge\u00a0\u00bb de l&rsquo;exp\u00e9rience de l&rsquo;Alg\u00e9rie et\u00a0de son action dans la r\u00e9solution des conflits, a affirm\u00e9 le Premier\u00a0 ministre, Abdelmalek Sellal, dimanche \u00e0 Alger, \u00e0 l&rsquo;ouverture de la 1\u00e8re\u00a0 assembl\u00e9e g\u00e9n\u00e9rale\" \/>\n<meta property=\"og:url\" content=\"https:\/\/www.info-algerie.com\/actualites\/le-president-bouteflika-coordinateur-africain-pour-la-lutte-antiterroriste-un-nouvel-eloge-de-laction-de-lalgerie\/\" \/>\n<meta property=\"og:site_name\" content=\"info algerie\" \/>\n<meta property=\"article:publisher\" content=\"https:\/\/www.facebook.com\/infoalgerieactu\" \/>\n<meta property=\"article:published_time\" content=\"2017-05-14T18:03:11+00:00\" \/>\n<meta property=\"og:image\" content=\"https:\/\/www.info-algerie.com\/actualites\/wp-content\/uploads\/2017\/05\/00ca31a2a16d4c95f1cc4d5619f98a35_S-1.jpg\" \/>\n\t<meta property=\"og:image:width\" content=\"280\" \/>\n\t<meta property=\"og:image:height\" content=\"172\" \/>\n\t<meta property=\"og:image:type\" content=\"image\/jpeg\" \/>\n<meta name=\"author\" content=\"La r\u00e9daction\" \/>\n<meta name=\"twitter:label1\" content=\"\u00c9crit par\" \/>\n\t<meta name=\"twitter:data1\" content=\"La r\u00e9daction\" \/>\n\t<meta name=\"twitter:label2\" content=\"Dur\u00e9e de lecture estim\u00e9e\" \/>\n\t<meta name=\"twitter:data2\" content=\"2 minutes\" \/>\n<script type=\"application\/ld+json\" class=\"yoast-schema-graph\">{\"@context\":\"https:\\\/\\\/schema.org\",\"@graph\":[{\"@type\":\"Article\",\"@id\":\"https:\\\/\\\/www.info-algerie.com\\\/actualites\\\/le-president-bouteflika-coordinateur-africain-pour-la-lutte-antiterroriste-un-nouvel-eloge-de-laction-de-lalgerie\\\/#article\",\"isPartOf\":{\"@id\":\"https:\\\/\\\/www.info-algerie.com\\\/actualites\\\/le-president-bouteflika-coordinateur-africain-pour-la-lutte-antiterroriste-un-nouvel-eloge-de-laction-de-lalgerie\\\/\"},\"author\":{\"name\":\"La r\u00e9daction\",\"@id\":\"https:\\\/\\\/www.info-algerie.com\\\/actualites\\\/#\\\/schema\\\/person\\\/847aaec44920825b843a08f30ec6aa1e\"},\"headline\":\"Le Pr\u00e9sident Bouteflika coordinateur africain pour la lutte\u00a0 antiterroriste: un &quot;nouvel \u00e9loge&quot; de l&#039;action de l&#039;Alg\u00e9rie\u00a0\",\"datePublished\":\"2017-05-14T18:03:11+00:00\",\"mainEntityOfPage\":{\"@id\":\"https:\\\/\\\/www.info-algerie.com\\\/actualites\\\/le-president-bouteflika-coordinateur-africain-pour-la-lutte-antiterroriste-un-nouvel-eloge-de-laction-de-lalgerie\\\/\"},\"wordCount\":415,\"commentCount\":0,\"publisher\":{\"@id\":\"https:\\\/\\\/www.info-algerie.com\\\/actualites\\\/#organization\"},\"image\":{\"@id\":\"https:\\\/\\\/www.info-algerie.com\\\/actualites\\\/le-president-bouteflika-coordinateur-africain-pour-la-lutte-antiterroriste-un-nouvel-eloge-de-laction-de-lalgerie\\\/#primaryimage\"},\"thumbnailUrl\":\"https:\\\/\\\/www.info-algerie.com\\\/actualites\\\/wp-content\\\/uploads\\\/2017\\\/05\\\/00ca31a2a16d4c95f1cc4d5619f98a35_S-1.jpg\",\"keywords\":[\"ONU\"],\"articleSection\":[\"infos\"],\"inLanguage\":\"fr-FR\",\"potentialAction\":[{\"@type\":\"CommentAction\",\"name\":\"Comment\",\"target\":[\"https:\\\/\\\/www.info-algerie.com\\\/actualites\\\/le-president-bouteflika-coordinateur-africain-pour-la-lutte-antiterroriste-un-nouvel-eloge-de-laction-de-lalgerie\\\/#respond\"]}]},{\"@type\":\"WebPage\",\"@id\":\"https:\\\/\\\/www.info-algerie.com\\\/actualites\\\/le-president-bouteflika-coordinateur-africain-pour-la-lutte-antiterroriste-un-nouvel-eloge-de-laction-de-lalgerie\\\/\",\"url\":\"https:\\\/\\\/www.info-algerie.com\\\/actualites\\\/le-president-bouteflika-coordinateur-africain-pour-la-lutte-antiterroriste-un-nouvel-eloge-de-laction-de-lalgerie\\\/\",\"name\":\"Le Pr\u00e9sident Bouteflika coordinateur africain pour la lutte\u00a0 antiterroriste: un &quot;nouvel \u00e9loge&quot; de l&#039;action de l&#039;Alg\u00e9rie\u00a0 - info algerie\",\"isPartOf\":{\"@id\":\"https:\\\/\\\/www.info-algerie.com\\\/actualites\\\/#website\"},\"primaryImageOfPage\":{\"@id\":\"https:\\\/\\\/www.info-algerie.com\\\/actualites\\\/le-president-bouteflika-coordinateur-africain-pour-la-lutte-antiterroriste-un-nouvel-eloge-de-laction-de-lalgerie\\\/#primaryimage\"},\"image\":{\"@id\":\"https:\\\/\\\/www.info-algerie.com\\\/actualites\\\/le-president-bouteflika-coordinateur-africain-pour-la-lutte-antiterroriste-un-nouvel-eloge-de-laction-de-lalgerie\\\/#primaryimage\"},\"thumbnailUrl\":\"https:\\\/\\\/www.info-algerie.com\\\/actualites\\\/wp-content\\\/uploads\\\/2017\\\/05\\\/00ca31a2a16d4c95f1cc4d5619f98a35_S-1.jpg\",\"datePublished\":\"2017-05-14T18:03:11+00:00\",\"breadcrumb\":{\"@id\":\"https:\\\/\\\/www.info-algerie.com\\\/actualites\\\/le-president-bouteflika-coordinateur-africain-pour-la-lutte-antiterroriste-un-nouvel-eloge-de-laction-de-lalgerie\\\/#breadcrumb\"},\"inLanguage\":\"fr-FR\",\"potentialAction\":[{\"@type\":\"ReadAction\",\"target\":[\"https:\\\/\\\/www.info-algerie.com\\\/actualites\\\/le-president-bouteflika-coordinateur-africain-pour-la-lutte-antiterroriste-un-nouvel-eloge-de-laction-de-lalgerie\\\/\"]}]},{\"@type\":\"ImageObject\",\"inLanguage\":\"fr-FR\",\"@id\":\"https:\\\/\\\/www.info-algerie.com\\\/actualites\\\/le-president-bouteflika-coordinateur-africain-pour-la-lutte-antiterroriste-un-nouvel-eloge-de-laction-de-lalgerie\\\/#primaryimage\",\"url\":\"https:\\\/\\\/www.info-algerie.com\\\/actualites\\\/wp-content\\\/uploads\\\/2017\\\/05\\\/00ca31a2a16d4c95f1cc4d5619f98a35_S-1.jpg\",\"contentUrl\":\"https:\\\/\\\/www.info-algerie.com\\\/actualites\\\/wp-content\\\/uploads\\\/2017\\\/05\\\/00ca31a2a16d4c95f1cc4d5619f98a35_S-1.jpg\",\"width\":280,\"height\":172},{\"@type\":\"BreadcrumbList\",\"@id\":\"https:\\\/\\\/www.info-algerie.com\\\/actualites\\\/le-president-bouteflika-coordinateur-africain-pour-la-lutte-antiterroriste-un-nouvel-eloge-de-laction-de-lalgerie\\\/#breadcrumb\",\"itemListElement\":[{\"@type\":\"ListItem\",\"position\":1,\"name\":\"Accueil\",\"item\":\"https:\\\/\\\/www.info-algerie.com\\\/actualites\\\/\"},{\"@type\":\"ListItem\",\"position\":2,\"name\":\"Le Pr\u00e9sident Bouteflika coordinateur africain pour la lutte\u00a0 antiterroriste: un &quot;nouvel \u00e9loge&quot; de l&#039;action de l&#039;Alg\u00e9rie\u00a0\"}]},{\"@type\":\"WebSite\",\"@id\":\"https:\\\/\\\/www.info-algerie.com\\\/actualites\\\/#website\",\"url\":\"https:\\\/\\\/www.info-algerie.com\\\/actualites\\\/\",\"name\":\"info algerie\",\"description\":\"Toutes les actualit\u00e9s\",\"publisher\":{\"@id\":\"https:\\\/\\\/www.info-algerie.com\\\/actualites\\\/#organization\"},\"potentialAction\":[{\"@type\":\"SearchAction\",\"target\":{\"@type\":\"EntryPoint\",\"urlTemplate\":\"https:\\\/\\\/www.info-algerie.com\\\/actualites\\\/?s={search_term_string}\"},\"query-input\":{\"@type\":\"PropertyValueSpecification\",\"valueRequired\":true,\"valueName\":\"search_term_string\"}}],\"inLanguage\":\"fr-FR\"},{\"@type\":\"Organization\",\"@id\":\"https:\\\/\\\/www.info-algerie.com\\\/actualites\\\/#organization\",\"name\":\"info algerie\",\"url\":\"https:\\\/\\\/www.info-algerie.com\\\/actualites\\\/\",\"logo\":{\"@type\":\"ImageObject\",\"inLanguage\":\"fr-FR\",\"@id\":\"https:\\\/\\\/www.info-algerie.com\\\/actualites\\\/#\\\/schema\\\/logo\\\/image\\\/\",\"url\":\"https:\\\/\\\/www.info-algerie.com\\\/actualites\\\/wp-content\\\/uploads\\\/2022\\\/07\\\/logo-ia-120.png\",\"contentUrl\":\"https:\\\/\\\/www.info-algerie.com\\\/actualites\\\/wp-content\\\/uploads\\\/2022\\\/07\\\/logo-ia-120.png\",\"width\":120,\"height\":43,\"caption\":\"info algerie\"},\"image\":{\"@id\":\"https:\\\/\\\/www.info-algerie.com\\\/actualites\\\/#\\\/schema\\\/logo\\\/image\\\/\"},\"sameAs\":[\"https:\\\/\\\/www.facebook.com\\\/infoalgerieactu\",\"https:\\\/\\\/x.com\\\/infoalgerie1\"]},{\"@type\":\"Person\",\"@id\":\"https:\\\/\\\/www.info-algerie.com\\\/actualites\\\/#\\\/schema\\\/person\\\/847aaec44920825b843a08f30ec6aa1e\",\"name\":\"La r\u00e9daction\",\"image\":{\"@type\":\"ImageObject\",\"inLanguage\":\"fr-FR\",\"@id\":\"https:\\\/\\\/secure.gravatar.com\\\/avatar\\\/769db425c6f465158149f1ffd6cf61ce7a8a879d11dfbef8288af36dfddd418c?s=96&d=mm&r=g\",\"url\":\"https:\\\/\\\/secure.gravatar.com\\\/avatar\\\/769db425c6f465158149f1ffd6cf61ce7a8a879d11dfbef8288af36dfddd418c?s=96&d=mm&r=g\",\"contentUrl\":\"https:\\\/\\\/secure.gravatar.com\\\/avatar\\\/769db425c6f465158149f1ffd6cf61ce7a8a879d11dfbef8288af36dfddd418c?s=96&d=mm&r=g\",\"caption\":\"La r\u00e9daction\"},\"sameAs\":[\"http:\\\/\\\/www.lkeria.com\\\/\"],\"url\":\"https:\\\/\\\/www.info-algerie.com\\\/actualites\\\/author\\\/chakib32\\\/\"}]}<\/script>\n<!-- \/ Yoast SEO plugin. -->","yoast_head_json":{"title":"Le Pr\u00e9sident Bouteflika coordinateur africain pour la lutte\u00a0 antiterroriste: un &quot;nouvel \u00e9loge&quot; de l&#039;action de l&#039;Alg\u00e9rie\u00a0 - info algerie","robots":{"index":"index","follow":"follow","max-snippet":"max-snippet:-1","max-image-preview":"max-image-preview:large","max-video-preview":"max-video-preview:-1"},"canonical":"https:\/\/www.info-algerie.com\/actualites\/le-president-bouteflika-coordinateur-africain-pour-la-lutte-antiterroriste-un-nouvel-eloge-de-laction-de-lalgerie\/","og_locale":"fr_FR","og_type":"article","og_title":"Le Pr\u00e9sident Bouteflika coordinateur africain pour la lutte\u00a0 antiterroriste: un &quot;nouvel \u00e9loge&quot; de l&#039;action de l&#039;Alg\u00e9rie\u00a0 - info algerie","og_description":"ALGER &#8211; La d\u00e9cision des dirigeants africains de d\u00e9signer\u00a0 le Pr\u00e9sident Abdelaziz Bouteflika en tant que coordinateur africain pour la\u00a0 lutte antiterroriste est un \u00ab\u00a0nouvel \u00e9loge\u00a0\u00bb de l&rsquo;exp\u00e9rience de l&rsquo;Alg\u00e9rie et\u00a0de son action dans la r\u00e9solution des conflits, a affirm\u00e9 le Premier\u00a0 ministre, Abdelmalek Sellal, dimanche \u00e0 Alger, \u00e0 l&rsquo;ouverture de la 1\u00e8re\u00a0 assembl\u00e9e g\u00e9n\u00e9rale","og_url":"https:\/\/www.info-algerie.com\/actualites\/le-president-bouteflika-coordinateur-africain-pour-la-lutte-antiterroriste-un-nouvel-eloge-de-laction-de-lalgerie\/","og_site_name":"info algerie","article_publisher":"https:\/\/www.facebook.com\/infoalgerieactu","article_published_time":"2017-05-14T18:03:11+00:00","og_image":[{"width":280,"height":172,"url":"https:\/\/www.info-algerie.com\/actualites\/wp-content\/uploads\/2017\/05\/00ca31a2a16d4c95f1cc4d5619f98a35_S-1.jpg","type":"image\/jpeg"}],"author":"La r\u00e9daction","twitter_misc":{"\u00c9crit par":"La r\u00e9daction","Dur\u00e9e de lecture estim\u00e9e":"2 minutes"},"schema":{"@context":"https:\/\/schema.org","@graph":[{"@type":"Article","@id":"https:\/\/www.info-algerie.com\/actualites\/le-president-bouteflika-coordinateur-africain-pour-la-lutte-antiterroriste-un-nouvel-eloge-de-laction-de-lalgerie\/#article","isPartOf":{"@id":"https:\/\/www.info-algerie.com\/actualites\/le-president-bouteflika-coordinateur-africain-pour-la-lutte-antiterroriste-un-nouvel-eloge-de-laction-de-lalgerie\/"},"author":{"name":"La r\u00e9daction","@id":"https:\/\/www.info-algerie.com\/actualites\/#\/schema\/person\/847aaec44920825b843a08f30ec6aa1e"},"headline":"Le Pr\u00e9sident Bouteflika coordinateur africain pour la lutte\u00a0 antiterroriste: un &quot;nouvel \u00e9loge&quot; de l&#039;action de l&#039;Alg\u00e9rie\u00a0","datePublished":"2017-05-14T18:03:11+00:00","mainEntityOfPage":{"@id":"https:\/\/www.info-algerie.com\/actualites\/le-president-bouteflika-coordinateur-africain-pour-la-lutte-antiterroriste-un-nouvel-eloge-de-laction-de-lalgerie\/"},"wordCount":415,"commentCount":0,"publisher":{"@id":"https:\/\/www.info-algerie.com\/actualites\/#organization"},"image":{"@id":"https:\/\/www.info-algerie.com\/actualites\/le-president-bouteflika-coordinateur-africain-pour-la-lutte-antiterroriste-un-nouvel-eloge-de-laction-de-lalgerie\/#primaryimage"},"thumbnailUrl":"https:\/\/www.info-algerie.com\/actualites\/wp-content\/uploads\/2017\/05\/00ca31a2a16d4c95f1cc4d5619f98a35_S-1.jpg","keywords":["ONU"],"articleSection":["infos"],"inLanguage":"fr-FR","potentialAction":[{"@type":"CommentAction","name":"Comment","target":["https:\/\/www.info-algerie.com\/actualites\/le-president-bouteflika-coordinateur-africain-pour-la-lutte-antiterroriste-un-nouvel-eloge-de-laction-de-lalgerie\/#respond"]}]},{"@type":"WebPage","@id":"https:\/\/www.info-algerie.com\/actualites\/le-president-bouteflika-coordinateur-africain-pour-la-lutte-antiterroriste-un-nouvel-eloge-de-laction-de-lalgerie\/","url":"https:\/\/www.info-algerie.com\/actualites\/le-president-bouteflika-coordinateur-africain-pour-la-lutte-antiterroriste-un-nouvel-eloge-de-laction-de-lalgerie\/","name":"Le Pr\u00e9sident Bouteflika coordinateur africain pour la lutte\u00a0 antiterroriste: un &quot;nouvel \u00e9loge&quot; de l&#039;action de l&#039;Alg\u00e9rie\u00a0 - info algerie","isPartOf":{"@id":"https:\/\/www.info-algerie.com\/actualites\/#website"},"primaryImageOfPage":{"@id":"https:\/\/www.info-algerie.com\/actualites\/le-president-bouteflika-coordinateur-africain-pour-la-lutte-antiterroriste-un-nouvel-eloge-de-laction-de-lalgerie\/#primaryimage"},"image":{"@id":"https:\/\/www.info-algerie.com\/actualites\/le-president-bouteflika-coordinateur-africain-pour-la-lutte-antiterroriste-un-nouvel-eloge-de-laction-de-lalgerie\/#primaryimage"},"thumbnailUrl":"https:\/\/www.info-algerie.com\/actualites\/wp-content\/uploads\/2017\/05\/00ca31a2a16d4c95f1cc4d5619f98a35_S-1.jpg","datePublished":"2017-05-14T18:03:11+00:00","breadcrumb":{"@id":"https:\/\/www.info-algerie.com\/actualites\/le-president-bouteflika-coordinateur-africain-pour-la-lutte-antiterroriste-un-nouvel-eloge-de-laction-de-lalgerie\/#breadcrumb"},"inLanguage":"fr-FR","potentialAction":[{"@type":"ReadAction","target":["https:\/\/www.info-algerie.com\/actualites\/le-president-bouteflika-coordinateur-africain-pour-la-lutte-antiterroriste-un-nouvel-eloge-de-laction-de-lalgerie\/"]}]},{"@type":"ImageObject","inLanguage":"fr-FR","@id":"https:\/\/www.info-algerie.com\/actualites\/le-president-bouteflika-coordinateur-africain-pour-la-lutte-antiterroriste-un-nouvel-eloge-de-laction-de-lalgerie\/#primaryimage","url":"https:\/\/www.info-algerie.com\/actualites\/wp-content\/uploads\/2017\/05\/00ca31a2a16d4c95f1cc4d5619f98a35_S-1.jpg","contentUrl":"https:\/\/www.info-algerie.com\/actualites\/wp-content\/uploads\/2017\/05\/00ca31a2a16d4c95f1cc4d5619f98a35_S-1.jpg","width":280,"height":172},{"@type":"BreadcrumbList","@id":"https:\/\/www.info-algerie.com\/actualites\/le-president-bouteflika-coordinateur-africain-pour-la-lutte-antiterroriste-un-nouvel-eloge-de-laction-de-lalgerie\/#breadcrumb","itemListElement":[{"@type":"ListItem","position":1,"name":"Accueil","item":"https:\/\/www.info-algerie.com\/actualites\/"},{"@type":"ListItem","position":2,"name":"Le Pr\u00e9sident Bouteflika coordinateur africain pour la lutte\u00a0 antiterroriste: un &quot;nouvel \u00e9loge&quot; de l&#039;action de l&#039;Alg\u00e9rie\u00a0"}]},{"@type":"WebSite","@id":"https:\/\/www.info-algerie.com\/actualites\/#website","url":"https:\/\/www.info-algerie.com\/actualites\/","name":"info algerie","description":"Toutes les actualit\u00e9s","publisher":{"@id":"https:\/\/www.info-algerie.com\/actualites\/#organization"},"potentialAction":[{"@type":"SearchAction","target":{"@type":"EntryPoint","urlTemplate":"https:\/\/www.info-algerie.com\/actualites\/?s={search_term_string}"},"query-input":{"@type":"PropertyValueSpecification","valueRequired":true,"valueName":"search_term_string"}}],"inLanguage":"fr-FR"},{"@type":"Organization","@id":"https:\/\/www.info-algerie.com\/actualites\/#organization","name":"info algerie","url":"https:\/\/www.info-algerie.com\/actualites\/","logo":{"@type":"ImageObject","inLanguage":"fr-FR","@id":"https:\/\/www.info-algerie.com\/actualites\/#\/schema\/logo\/image\/","url":"https:\/\/www.info-algerie.com\/actualites\/wp-content\/uploads\/2022\/07\/logo-ia-120.png","contentUrl":"https:\/\/www.info-algerie.com\/actualites\/wp-content\/uploads\/2022\/07\/logo-ia-120.png","width":120,"height":43,"caption":"info algerie"},"image":{"@id":"https:\/\/www.info-algerie.com\/actualites\/#\/schema\/logo\/image\/"},"sameAs":["https:\/\/www.facebook.com\/infoalgerieactu","https:\/\/x.com\/infoalgerie1"]},{"@type":"Person","@id":"https:\/\/www.info-algerie.com\/actualites\/#\/schema\/person\/847aaec44920825b843a08f30ec6aa1e","name":"La r\u00e9daction","image":{"@type":"ImageObject","inLanguage":"fr-FR","@id":"https:\/\/secure.gravatar.com\/avatar\/769db425c6f465158149f1ffd6cf61ce7a8a879d11dfbef8288af36dfddd418c?s=96&d=mm&r=g","url":"https:\/\/secure.gravatar.com\/avatar\/769db425c6f465158149f1ffd6cf61ce7a8a879d11dfbef8288af36dfddd418c?s=96&d=mm&r=g","contentUrl":"https:\/\/secure.gravatar.com\/avatar\/769db425c6f465158149f1ffd6cf61ce7a8a879d11dfbef8288af36dfddd418c?s=96&d=mm&r=g","caption":"La r\u00e9daction"},"sameAs":["http:\/\/www.lkeria.com\/"],"url":"https:\/\/www.info-algerie.com\/actualites\/author\/chakib32\/"}]}},"_links":{"self":[{"href":"https:\/\/www.info-algerie.com\/actualites\/wp-json\/wp\/v2\/posts\/11995","targetHints":{"allow":["GET"]}}],"collection":[{"href":"https:\/\/www.info-algerie.com\/actualites\/wp-json\/wp\/v2\/posts"}],"about":[{"href":"https:\/\/www.info-algerie.com\/actualites\/wp-json\/wp\/v2\/types\/post"}],"author":[{"embeddable":true,"href":"https:\/\/www.info-algerie.com\/actualites\/wp-json\/wp\/v2\/users\/6"}],"replies":[{"embeddable":true,"href":"https:\/\/www.info-algerie.com\/actualites\/wp-json\/wp\/v2\/comments?post=11995"}],"version-history":[{"count":0,"href":"https:\/\/www.info-algerie.com\/actualites\/wp-json\/wp\/v2\/posts\/11995\/revisions"}],"wp:featuredmedia":[{"embeddable":true,"href":"https:\/\/www.info-algerie.com\/actualites\/wp-json\/wp\/v2\/media\/11996"}],"wp:attachment":[{"href":"https:\/\/www.info-algerie.com\/actualites\/wp-json\/wp\/v2\/media?parent=11995"}],"wp:term":[{"taxonomy":"category","embeddable":true,"href":"https:\/\/www.info-algerie.com\/actualites\/wp-json\/wp\/v2\/categories?post=11995"},{"taxonomy":"post_tag","embeddable":true,"href":"https:\/\/www.info-algerie.com\/actualites\/wp-json\/wp\/v2\/tags?post=11995"}],"curies":[{"name":"wp","href":"https:\/\/api.w.org\/{rel}","templated":true}]}}