{"id":11998,"date":"2017-05-14T18:41:27","date_gmt":"2017-05-14T17:41:27","guid":{"rendered":"http:\/\/www.info-algerie.com\/actualites\/debut-des-travaux-de-la-premiere-assemblee-generale-dafripol\/"},"modified":"2017-05-14T18:41:27","modified_gmt":"2017-05-14T17:41:27","slug":"debut-des-travaux-de-la-premiere-assemblee-generale-dafripol","status":"publish","type":"post","link":"https:\/\/www.info-algerie.com\/actualites\/debut-des-travaux-de-la-premiere-assemblee-generale-dafripol\/","title":{"rendered":"D\u00e9but des travaux de la premi\u00e8re assembl\u00e9e g\u00e9n\u00e9rale d&#039;Afripol"},"content":{"rendered":"<div class=\"K2FeedImage\"><img decoding=\"async\" src=\"https:\/\/www.info-algerie.com\/actualites\/wp-content\/uploads\/2017\/05\/f8c1c1ade96eed189637ea5a67e1be16_S.jpg\" alt=\"D&#xE9;but des travaux de la premi&#xE8;re assembl&#xE9;e g&#xE9;n&#xE9;rale d'Afripol\" \/><\/div>\n<div class=\"K2FeedIntroText\">\n<p>ALGER &#8211; Les travaux de la premi\u00e8re assembl\u00e9e g\u00e9n\u00e9rale du\u00a0 M\u00e9canisme de coop\u00e9ration polici\u00e8re africaine (Afripol) ont d\u00e9but\u00e9 dimanche\u00a0 \u00e0 Alger, en pr\u00e9sence du Premier ministre, Abdelmalek Sellal et du pr\u00e9sident\u00a0 de la Commission de l&rsquo;Union africaine, Mahamat Moussa Faki.<\/p>\n<p>&#013;\n<\/p><\/div>\n<div class=\"K2FeedFullText\">&#013;<\/p>\n<p>La tenue de cette assembl\u00e9e g\u00e9n\u00e9rale, qui marquera \u00ab\u00a0l&rsquo;institution\u00a0 effective\u00a0\u00bb de ce m\u00e9canisme, intervient apr\u00e8s l&rsquo;adoption des statuts\u00a0 d&rsquo;Afripol, lors de la 28\u00e8me session ordinaire des chefs d&rsquo;Etat et de\u00a0 gouvernement de l&rsquo;Union africaine, tenue \u00e0 Addis-abeba les 30 et 31 janvier\u00a0 dernier.<\/p>\n<p>&#013;<\/p>\n<p>Au cours de cette r\u00e9union, il sera proc\u00e9d\u00e9 \u00e0 l&rsquo;examen des projets des\u00a0 r\u00e8glements int\u00e9rieurs de l&rsquo;assembl\u00e9e g\u00e9n\u00e9rale et du comit\u00e9 directeur, \u00e0 la\u00a0 mise en place des membres du comit\u00e9 directeur d\u2019Afripol ainsi qu&rsquo;\u00e0 la\u00a0 d\u00e9finition des cadres g\u00e9n\u00e9raux de coop\u00e9ration pour les institutions de\u00a0 police aux niveaux national, r\u00e9gional, continental et international.<\/p>\n<p>&#013;<\/p>\n<p>Afripol est une organisation de coop\u00e9ration polici\u00e8re africaine visant\u00a0 \u00e0 am\u00e9liorer \u00ab\u00a0l&rsquo;efficacit\u00e9\u00a0\u00bb des services de police africains \u00e0 travers\u00a0 l&rsquo;\u00e9change d&rsquo;informations et d&rsquo;exp\u00e9riences en mati\u00e8re de lutte contre le\u00a0 crime transnational et le terrorisme.<\/p>\n<p>&#013;<\/p>\n<p>Ce m\u00e9canisme se veut une \u00ab\u00a0valeur ajout\u00e9e\u00a0\u00bb \u00e0 la coop\u00e9ration polici\u00e8re\u00a0 r\u00e9gionale et internationale et \u00ab\u00a0une alliance strat\u00e9gique\u00a0\u00bb face aux menaces\u00a0 internationales qui p\u00e8sent sur un environnement en \u00ab\u00a0constante \u00e9volution\u00a0\u00bb.<\/p>\n<p>&#013;<\/p>\n<p>L&rsquo;id\u00e9e de la cr\u00e9ation d&rsquo;Afripol a \u00e9t\u00e9 lanc\u00e9e lors de la 22e conf\u00e9rence\u00a0 r\u00e9gionale africaine de l&rsquo;Organisation internationale de police criminelle\u00a0 (Interpol), tenue en septembre 2013 \u00e0 Oran, en pr\u00e9sence de 41 chefs\u00a0 africains de police qui l&rsquo;ont adopt\u00e9e \u00e0 l&rsquo;unanimit\u00e9. L&rsquo;initiative a \u00e9t\u00e9<\/p>\n<p>&#013;<\/p>\n<p>appuy\u00e9e en marge de la 82e Assembl\u00e9e g\u00e9n\u00e9rale d&rsquo;Interpol tenue du 21 au 24\u00a0 octobre \u00e0 Carthag\u00e8ne (Colombie).<\/p>\n<p>&#013;<\/p>\n<p>Le ministre de l&rsquo;Int\u00e9rieur et des collectivit\u00e9s locales Nordine Bedoui\u00a0 avait inaugur\u00e9 le 13 d\u00e9cembre 2015 le si\u00e8ge d&rsquo;Afripol, situ\u00e9 \u00e0 Ben Aknoun\u00a0 (Alger), en pr\u00e9sence des repr\u00e9sentants des appareils de police de plus de 40 Etats africains.<\/p>\n<p>&#013;<\/p>\n<p>\u00a0<\/p>\n<p>&#013;<\/p>\n<p>\u00a0<\/p>\n<\/div>\n<p>&#013;<br \/>\nSource: <a href=\"http:\/\/www.aps.dz\/algerie\/57567-debut-des-travaux-de-la-premiere-assemblee-generale-d-afripol\" target=\"_blank\">D\u00e9but des travaux de la premi\u00e8re assembl\u00e9e g\u00e9n\u00e9rale d&rsquo;Afripol<\/a><\/p>\n<!--CusAds0-->\n<div style=\"font-size: 0px; height: 0px; line-height: 0px; margin: 0; padding: 0; clear: both;\"><\/div>","protected":false},"excerpt":{"rendered":"<p>ALGER &#8211; Les travaux de la premi\u00e8re assembl\u00e9e g\u00e9n\u00e9rale du\u00a0 M\u00e9canisme de coop\u00e9ration polici\u00e8re africaine (Afripol) ont d\u00e9but\u00e9 dimanche\u00a0 \u00e0 Alger, en pr\u00e9sence du Premier ministre, Abdelmalek Sellal et du pr\u00e9sident\u00a0 de la Commission de l&rsquo;Union africaine, Mahamat Moussa Faki. &#013; &#013; La tenue de cette assembl\u00e9e g\u00e9n\u00e9rale, qui marquera \u00ab\u00a0l&rsquo;institution\u00a0 effective\u00a0\u00bb de ce m\u00e9canisme,<\/p>\n","protected":false},"author":6,"featured_media":11999,"comment_status":"open","ping_status":"open","sticky":false,"template":"","format":"standard","meta":{"footnotes":""},"categories":[22],"tags":[93],"class_list":["post-11998","post","type-post","status-publish","format-standard","has-post-thumbnail","hentry","category-infos","tag-onu"],"yoast_head":"<!-- This site is optimized with the Yoast SEO plugin v27.5 - https:\/\/yoast.com\/product\/yoast-seo-wordpress\/ -->\n<title>D\u00e9but des travaux de la premi\u00e8re assembl\u00e9e g\u00e9n\u00e9rale d&#039;Afripol - info algerie<\/title>\n<meta name=\"robots\" content=\"index, follow, max-snippet:-1, max-image-preview:large, max-video-preview:-1\" \/>\n<link rel=\"canonical\" href=\"https:\/\/www.info-algerie.com\/actualites\/debut-des-travaux-de-la-premiere-assemblee-generale-dafripol\/\" \/>\n<meta property=\"og:locale\" content=\"fr_FR\" \/>\n<meta property=\"og:type\" content=\"article\" \/>\n<meta property=\"og:title\" content=\"D\u00e9but des travaux de la premi\u00e8re assembl\u00e9e g\u00e9n\u00e9rale d&#039;Afripol - info algerie\" \/>\n<meta property=\"og:description\" content=\"ALGER &#8211; Les travaux de la premi\u00e8re assembl\u00e9e g\u00e9n\u00e9rale du\u00a0 M\u00e9canisme de coop\u00e9ration polici\u00e8re africaine (Afripol) ont d\u00e9but\u00e9 dimanche\u00a0 \u00e0 Alger, en pr\u00e9sence du Premier ministre, Abdelmalek Sellal et du pr\u00e9sident\u00a0 de la Commission de l&rsquo;Union africaine, Mahamat Moussa Faki. &#013; &#013; La tenue de cette assembl\u00e9e g\u00e9n\u00e9rale, qui marquera \u00ab\u00a0l&rsquo;institution\u00a0 effective\u00a0\u00bb de ce m\u00e9canisme,\" \/>\n<meta property=\"og:url\" content=\"https:\/\/www.info-algerie.com\/actualites\/debut-des-travaux-de-la-premiere-assemblee-generale-dafripol\/\" \/>\n<meta property=\"og:site_name\" content=\"info algerie\" \/>\n<meta property=\"article:publisher\" content=\"https:\/\/www.facebook.com\/infoalgerieactu\" \/>\n<meta property=\"article:published_time\" content=\"2017-05-14T17:41:27+00:00\" \/>\n<meta property=\"og:image\" content=\"https:\/\/www.info-algerie.com\/actualites\/wp-content\/uploads\/2017\/05\/f8c1c1ade96eed189637ea5a67e1be16_S-1.jpg\" \/>\n\t<meta property=\"og:image:width\" content=\"280\" \/>\n\t<meta property=\"og:image:height\" content=\"172\" \/>\n\t<meta property=\"og:image:type\" content=\"image\/jpeg\" \/>\n<meta name=\"author\" content=\"La r\u00e9daction\" \/>\n<meta name=\"twitter:label1\" content=\"\u00c9crit par\" \/>\n\t<meta name=\"twitter:data1\" content=\"La r\u00e9daction\" \/>\n\t<meta name=\"twitter:label2\" content=\"Dur\u00e9e de lecture estim\u00e9e\" \/>\n\t<meta name=\"twitter:data2\" content=\"2 minutes\" \/>\n<script type=\"application\/ld+json\" class=\"yoast-schema-graph\">{\"@context\":\"https:\\\/\\\/schema.org\",\"@graph\":[{\"@type\":\"Article\",\"@id\":\"https:\\\/\\\/www.info-algerie.com\\\/actualites\\\/debut-des-travaux-de-la-premiere-assemblee-generale-dafripol\\\/#article\",\"isPartOf\":{\"@id\":\"https:\\\/\\\/www.info-algerie.com\\\/actualites\\\/debut-des-travaux-de-la-premiere-assemblee-generale-dafripol\\\/\"},\"author\":{\"name\":\"La r\u00e9daction\",\"@id\":\"https:\\\/\\\/www.info-algerie.com\\\/actualites\\\/#\\\/schema\\\/person\\\/847aaec44920825b843a08f30ec6aa1e\"},\"headline\":\"D\u00e9but des travaux de la premi\u00e8re assembl\u00e9e g\u00e9n\u00e9rale d&#039;Afripol\",\"datePublished\":\"2017-05-14T17:41:27+00:00\",\"mainEntityOfPage\":{\"@id\":\"https:\\\/\\\/www.info-algerie.com\\\/actualites\\\/debut-des-travaux-de-la-premiere-assemblee-generale-dafripol\\\/\"},\"wordCount\":391,\"commentCount\":0,\"publisher\":{\"@id\":\"https:\\\/\\\/www.info-algerie.com\\\/actualites\\\/#organization\"},\"image\":{\"@id\":\"https:\\\/\\\/www.info-algerie.com\\\/actualites\\\/debut-des-travaux-de-la-premiere-assemblee-generale-dafripol\\\/#primaryimage\"},\"thumbnailUrl\":\"https:\\\/\\\/www.info-algerie.com\\\/actualites\\\/wp-content\\\/uploads\\\/2017\\\/05\\\/f8c1c1ade96eed189637ea5a67e1be16_S-1.jpg\",\"keywords\":[\"ONU\"],\"articleSection\":[\"infos\"],\"inLanguage\":\"fr-FR\",\"potentialAction\":[{\"@type\":\"CommentAction\",\"name\":\"Comment\",\"target\":[\"https:\\\/\\\/www.info-algerie.com\\\/actualites\\\/debut-des-travaux-de-la-premiere-assemblee-generale-dafripol\\\/#respond\"]}]},{\"@type\":\"WebPage\",\"@id\":\"https:\\\/\\\/www.info-algerie.com\\\/actualites\\\/debut-des-travaux-de-la-premiere-assemblee-generale-dafripol\\\/\",\"url\":\"https:\\\/\\\/www.info-algerie.com\\\/actualites\\\/debut-des-travaux-de-la-premiere-assemblee-generale-dafripol\\\/\",\"name\":\"D\u00e9but des travaux de la premi\u00e8re assembl\u00e9e g\u00e9n\u00e9rale d&#039;Afripol - info algerie\",\"isPartOf\":{\"@id\":\"https:\\\/\\\/www.info-algerie.com\\\/actualites\\\/#website\"},\"primaryImageOfPage\":{\"@id\":\"https:\\\/\\\/www.info-algerie.com\\\/actualites\\\/debut-des-travaux-de-la-premiere-assemblee-generale-dafripol\\\/#primaryimage\"},\"image\":{\"@id\":\"https:\\\/\\\/www.info-algerie.com\\\/actualites\\\/debut-des-travaux-de-la-premiere-assemblee-generale-dafripol\\\/#primaryimage\"},\"thumbnailUrl\":\"https:\\\/\\\/www.info-algerie.com\\\/actualites\\\/wp-content\\\/uploads\\\/2017\\\/05\\\/f8c1c1ade96eed189637ea5a67e1be16_S-1.jpg\",\"datePublished\":\"2017-05-14T17:41:27+00:00\",\"breadcrumb\":{\"@id\":\"https:\\\/\\\/www.info-algerie.com\\\/actualites\\\/debut-des-travaux-de-la-premiere-assemblee-generale-dafripol\\\/#breadcrumb\"},\"inLanguage\":\"fr-FR\",\"potentialAction\":[{\"@type\":\"ReadAction\",\"target\":[\"https:\\\/\\\/www.info-algerie.com\\\/actualites\\\/debut-des-travaux-de-la-premiere-assemblee-generale-dafripol\\\/\"]}]},{\"@type\":\"ImageObject\",\"inLanguage\":\"fr-FR\",\"@id\":\"https:\\\/\\\/www.info-algerie.com\\\/actualites\\\/debut-des-travaux-de-la-premiere-assemblee-generale-dafripol\\\/#primaryimage\",\"url\":\"https:\\\/\\\/www.info-algerie.com\\\/actualites\\\/wp-content\\\/uploads\\\/2017\\\/05\\\/f8c1c1ade96eed189637ea5a67e1be16_S-1.jpg\",\"contentUrl\":\"https:\\\/\\\/www.info-algerie.com\\\/actualites\\\/wp-content\\\/uploads\\\/2017\\\/05\\\/f8c1c1ade96eed189637ea5a67e1be16_S-1.jpg\",\"width\":280,\"height\":172},{\"@type\":\"BreadcrumbList\",\"@id\":\"https:\\\/\\\/www.info-algerie.com\\\/actualites\\\/debut-des-travaux-de-la-premiere-assemblee-generale-dafripol\\\/#breadcrumb\",\"itemListElement\":[{\"@type\":\"ListItem\",\"position\":1,\"name\":\"Accueil\",\"item\":\"https:\\\/\\\/www.info-algerie.com\\\/actualites\\\/\"},{\"@type\":\"ListItem\",\"position\":2,\"name\":\"D\u00e9but des travaux de la premi\u00e8re assembl\u00e9e g\u00e9n\u00e9rale d&#039;Afripol\"}]},{\"@type\":\"WebSite\",\"@id\":\"https:\\\/\\\/www.info-algerie.com\\\/actualites\\\/#website\",\"url\":\"https:\\\/\\\/www.info-algerie.com\\\/actualites\\\/\",\"name\":\"info algerie\",\"description\":\"Toutes les actualit\u00e9s\",\"publisher\":{\"@id\":\"https:\\\/\\\/www.info-algerie.com\\\/actualites\\\/#organization\"},\"potentialAction\":[{\"@type\":\"SearchAction\",\"target\":{\"@type\":\"EntryPoint\",\"urlTemplate\":\"https:\\\/\\\/www.info-algerie.com\\\/actualites\\\/?s={search_term_string}\"},\"query-input\":{\"@type\":\"PropertyValueSpecification\",\"valueRequired\":true,\"valueName\":\"search_term_string\"}}],\"inLanguage\":\"fr-FR\"},{\"@type\":\"Organization\",\"@id\":\"https:\\\/\\\/www.info-algerie.com\\\/actualites\\\/#organization\",\"name\":\"info algerie\",\"url\":\"https:\\\/\\\/www.info-algerie.com\\\/actualites\\\/\",\"logo\":{\"@type\":\"ImageObject\",\"inLanguage\":\"fr-FR\",\"@id\":\"https:\\\/\\\/www.info-algerie.com\\\/actualites\\\/#\\\/schema\\\/logo\\\/image\\\/\",\"url\":\"https:\\\/\\\/www.info-algerie.com\\\/actualites\\\/wp-content\\\/uploads\\\/2022\\\/07\\\/logo-ia-120.png\",\"contentUrl\":\"https:\\\/\\\/www.info-algerie.com\\\/actualites\\\/wp-content\\\/uploads\\\/2022\\\/07\\\/logo-ia-120.png\",\"width\":120,\"height\":43,\"caption\":\"info algerie\"},\"image\":{\"@id\":\"https:\\\/\\\/www.info-algerie.com\\\/actualites\\\/#\\\/schema\\\/logo\\\/image\\\/\"},\"sameAs\":[\"https:\\\/\\\/www.facebook.com\\\/infoalgerieactu\",\"https:\\\/\\\/x.com\\\/infoalgerie1\"]},{\"@type\":\"Person\",\"@id\":\"https:\\\/\\\/www.info-algerie.com\\\/actualites\\\/#\\\/schema\\\/person\\\/847aaec44920825b843a08f30ec6aa1e\",\"name\":\"La r\u00e9daction\",\"image\":{\"@type\":\"ImageObject\",\"inLanguage\":\"fr-FR\",\"@id\":\"https:\\\/\\\/secure.gravatar.com\\\/avatar\\\/769db425c6f465158149f1ffd6cf61ce7a8a879d11dfbef8288af36dfddd418c?s=96&d=mm&r=g\",\"url\":\"https:\\\/\\\/secure.gravatar.com\\\/avatar\\\/769db425c6f465158149f1ffd6cf61ce7a8a879d11dfbef8288af36dfddd418c?s=96&d=mm&r=g\",\"contentUrl\":\"https:\\\/\\\/secure.gravatar.com\\\/avatar\\\/769db425c6f465158149f1ffd6cf61ce7a8a879d11dfbef8288af36dfddd418c?s=96&d=mm&r=g\",\"caption\":\"La r\u00e9daction\"},\"sameAs\":[\"http:\\\/\\\/www.lkeria.com\\\/\"],\"url\":\"https:\\\/\\\/www.info-algerie.com\\\/actualites\\\/author\\\/chakib32\\\/\"}]}<\/script>\n<!-- \/ Yoast SEO plugin. -->","yoast_head_json":{"title":"D\u00e9but des travaux de la premi\u00e8re assembl\u00e9e g\u00e9n\u00e9rale d&#039;Afripol - info algerie","robots":{"index":"index","follow":"follow","max-snippet":"max-snippet:-1","max-image-preview":"max-image-preview:large","max-video-preview":"max-video-preview:-1"},"canonical":"https:\/\/www.info-algerie.com\/actualites\/debut-des-travaux-de-la-premiere-assemblee-generale-dafripol\/","og_locale":"fr_FR","og_type":"article","og_title":"D\u00e9but des travaux de la premi\u00e8re assembl\u00e9e g\u00e9n\u00e9rale d&#039;Afripol - info algerie","og_description":"ALGER &#8211; Les travaux de la premi\u00e8re assembl\u00e9e g\u00e9n\u00e9rale du\u00a0 M\u00e9canisme de coop\u00e9ration polici\u00e8re africaine (Afripol) ont d\u00e9but\u00e9 dimanche\u00a0 \u00e0 Alger, en pr\u00e9sence du Premier ministre, Abdelmalek Sellal et du pr\u00e9sident\u00a0 de la Commission de l&rsquo;Union africaine, Mahamat Moussa Faki. &#013; &#013; La tenue de cette assembl\u00e9e g\u00e9n\u00e9rale, qui marquera \u00ab\u00a0l&rsquo;institution\u00a0 effective\u00a0\u00bb de ce m\u00e9canisme,","og_url":"https:\/\/www.info-algerie.com\/actualites\/debut-des-travaux-de-la-premiere-assemblee-generale-dafripol\/","og_site_name":"info algerie","article_publisher":"https:\/\/www.facebook.com\/infoalgerieactu","article_published_time":"2017-05-14T17:41:27+00:00","og_image":[{"width":280,"height":172,"url":"https:\/\/www.info-algerie.com\/actualites\/wp-content\/uploads\/2017\/05\/f8c1c1ade96eed189637ea5a67e1be16_S-1.jpg","type":"image\/jpeg"}],"author":"La r\u00e9daction","twitter_misc":{"\u00c9crit par":"La r\u00e9daction","Dur\u00e9e de lecture estim\u00e9e":"2 minutes"},"schema":{"@context":"https:\/\/schema.org","@graph":[{"@type":"Article","@id":"https:\/\/www.info-algerie.com\/actualites\/debut-des-travaux-de-la-premiere-assemblee-generale-dafripol\/#article","isPartOf":{"@id":"https:\/\/www.info-algerie.com\/actualites\/debut-des-travaux-de-la-premiere-assemblee-generale-dafripol\/"},"author":{"name":"La r\u00e9daction","@id":"https:\/\/www.info-algerie.com\/actualites\/#\/schema\/person\/847aaec44920825b843a08f30ec6aa1e"},"headline":"D\u00e9but des travaux de la premi\u00e8re assembl\u00e9e g\u00e9n\u00e9rale d&#039;Afripol","datePublished":"2017-05-14T17:41:27+00:00","mainEntityOfPage":{"@id":"https:\/\/www.info-algerie.com\/actualites\/debut-des-travaux-de-la-premiere-assemblee-generale-dafripol\/"},"wordCount":391,"commentCount":0,"publisher":{"@id":"https:\/\/www.info-algerie.com\/actualites\/#organization"},"image":{"@id":"https:\/\/www.info-algerie.com\/actualites\/debut-des-travaux-de-la-premiere-assemblee-generale-dafripol\/#primaryimage"},"thumbnailUrl":"https:\/\/www.info-algerie.com\/actualites\/wp-content\/uploads\/2017\/05\/f8c1c1ade96eed189637ea5a67e1be16_S-1.jpg","keywords":["ONU"],"articleSection":["infos"],"inLanguage":"fr-FR","potentialAction":[{"@type":"CommentAction","name":"Comment","target":["https:\/\/www.info-algerie.com\/actualites\/debut-des-travaux-de-la-premiere-assemblee-generale-dafripol\/#respond"]}]},{"@type":"WebPage","@id":"https:\/\/www.info-algerie.com\/actualites\/debut-des-travaux-de-la-premiere-assemblee-generale-dafripol\/","url":"https:\/\/www.info-algerie.com\/actualites\/debut-des-travaux-de-la-premiere-assemblee-generale-dafripol\/","name":"D\u00e9but des travaux de la premi\u00e8re assembl\u00e9e g\u00e9n\u00e9rale d&#039;Afripol - info algerie","isPartOf":{"@id":"https:\/\/www.info-algerie.com\/actualites\/#website"},"primaryImageOfPage":{"@id":"https:\/\/www.info-algerie.com\/actualites\/debut-des-travaux-de-la-premiere-assemblee-generale-dafripol\/#primaryimage"},"image":{"@id":"https:\/\/www.info-algerie.com\/actualites\/debut-des-travaux-de-la-premiere-assemblee-generale-dafripol\/#primaryimage"},"thumbnailUrl":"https:\/\/www.info-algerie.com\/actualites\/wp-content\/uploads\/2017\/05\/f8c1c1ade96eed189637ea5a67e1be16_S-1.jpg","datePublished":"2017-05-14T17:41:27+00:00","breadcrumb":{"@id":"https:\/\/www.info-algerie.com\/actualites\/debut-des-travaux-de-la-premiere-assemblee-generale-dafripol\/#breadcrumb"},"inLanguage":"fr-FR","potentialAction":[{"@type":"ReadAction","target":["https:\/\/www.info-algerie.com\/actualites\/debut-des-travaux-de-la-premiere-assemblee-generale-dafripol\/"]}]},{"@type":"ImageObject","inLanguage":"fr-FR","@id":"https:\/\/www.info-algerie.com\/actualites\/debut-des-travaux-de-la-premiere-assemblee-generale-dafripol\/#primaryimage","url":"https:\/\/www.info-algerie.com\/actualites\/wp-content\/uploads\/2017\/05\/f8c1c1ade96eed189637ea5a67e1be16_S-1.jpg","contentUrl":"https:\/\/www.info-algerie.com\/actualites\/wp-content\/uploads\/2017\/05\/f8c1c1ade96eed189637ea5a67e1be16_S-1.jpg","width":280,"height":172},{"@type":"BreadcrumbList","@id":"https:\/\/www.info-algerie.com\/actualites\/debut-des-travaux-de-la-premiere-assemblee-generale-dafripol\/#breadcrumb","itemListElement":[{"@type":"ListItem","position":1,"name":"Accueil","item":"https:\/\/www.info-algerie.com\/actualites\/"},{"@type":"ListItem","position":2,"name":"D\u00e9but des travaux de la premi\u00e8re assembl\u00e9e g\u00e9n\u00e9rale d&#039;Afripol"}]},{"@type":"WebSite","@id":"https:\/\/www.info-algerie.com\/actualites\/#website","url":"https:\/\/www.info-algerie.com\/actualites\/","name":"info algerie","description":"Toutes les actualit\u00e9s","publisher":{"@id":"https:\/\/www.info-algerie.com\/actualites\/#organization"},"potentialAction":[{"@type":"SearchAction","target":{"@type":"EntryPoint","urlTemplate":"https:\/\/www.info-algerie.com\/actualites\/?s={search_term_string}"},"query-input":{"@type":"PropertyValueSpecification","valueRequired":true,"valueName":"search_term_string"}}],"inLanguage":"fr-FR"},{"@type":"Organization","@id":"https:\/\/www.info-algerie.com\/actualites\/#organization","name":"info algerie","url":"https:\/\/www.info-algerie.com\/actualites\/","logo":{"@type":"ImageObject","inLanguage":"fr-FR","@id":"https:\/\/www.info-algerie.com\/actualites\/#\/schema\/logo\/image\/","url":"https:\/\/www.info-algerie.com\/actualites\/wp-content\/uploads\/2022\/07\/logo-ia-120.png","contentUrl":"https:\/\/www.info-algerie.com\/actualites\/wp-content\/uploads\/2022\/07\/logo-ia-120.png","width":120,"height":43,"caption":"info algerie"},"image":{"@id":"https:\/\/www.info-algerie.com\/actualites\/#\/schema\/logo\/image\/"},"sameAs":["https:\/\/www.facebook.com\/infoalgerieactu","https:\/\/x.com\/infoalgerie1"]},{"@type":"Person","@id":"https:\/\/www.info-algerie.com\/actualites\/#\/schema\/person\/847aaec44920825b843a08f30ec6aa1e","name":"La r\u00e9daction","image":{"@type":"ImageObject","inLanguage":"fr-FR","@id":"https:\/\/secure.gravatar.com\/avatar\/769db425c6f465158149f1ffd6cf61ce7a8a879d11dfbef8288af36dfddd418c?s=96&d=mm&r=g","url":"https:\/\/secure.gravatar.com\/avatar\/769db425c6f465158149f1ffd6cf61ce7a8a879d11dfbef8288af36dfddd418c?s=96&d=mm&r=g","contentUrl":"https:\/\/secure.gravatar.com\/avatar\/769db425c6f465158149f1ffd6cf61ce7a8a879d11dfbef8288af36dfddd418c?s=96&d=mm&r=g","caption":"La r\u00e9daction"},"sameAs":["http:\/\/www.lkeria.com\/"],"url":"https:\/\/www.info-algerie.com\/actualites\/author\/chakib32\/"}]}},"_links":{"self":[{"href":"https:\/\/www.info-algerie.com\/actualites\/wp-json\/wp\/v2\/posts\/11998","targetHints":{"allow":["GET"]}}],"collection":[{"href":"https:\/\/www.info-algerie.com\/actualites\/wp-json\/wp\/v2\/posts"}],"about":[{"href":"https:\/\/www.info-algerie.com\/actualites\/wp-json\/wp\/v2\/types\/post"}],"author":[{"embeddable":true,"href":"https:\/\/www.info-algerie.com\/actualites\/wp-json\/wp\/v2\/users\/6"}],"replies":[{"embeddable":true,"href":"https:\/\/www.info-algerie.com\/actualites\/wp-json\/wp\/v2\/comments?post=11998"}],"version-history":[{"count":0,"href":"https:\/\/www.info-algerie.com\/actualites\/wp-json\/wp\/v2\/posts\/11998\/revisions"}],"wp:featuredmedia":[{"embeddable":true,"href":"https:\/\/www.info-algerie.com\/actualites\/wp-json\/wp\/v2\/media\/11999"}],"wp:attachment":[{"href":"https:\/\/www.info-algerie.com\/actualites\/wp-json\/wp\/v2\/media?parent=11998"}],"wp:term":[{"taxonomy":"category","embeddable":true,"href":"https:\/\/www.info-algerie.com\/actualites\/wp-json\/wp\/v2\/categories?post=11998"},{"taxonomy":"post_tag","embeddable":true,"href":"https:\/\/www.info-algerie.com\/actualites\/wp-json\/wp\/v2\/tags?post=11998"}],"curies":[{"name":"wp","href":"https:\/\/api.w.org\/{rel}","templated":true}]}}