{"id":12,"date":"2015-08-10T19:49:24","date_gmt":"2015-08-10T18:49:24","guid":{"rendered":"http:\/\/www.info-algerie.com\/actualites\/letat-ne-renoncera-ni-aux-acquis-sociaux-ni-a-la-realisation-des-programmes-de-developpement\/"},"modified":"2015-08-10T19:49:24","modified_gmt":"2015-08-10T18:49:24","slug":"letat-ne-renoncera-ni-aux-acquis-sociaux-ni-a-la-realisation-des-programmes-de-developpement","status":"publish","type":"post","link":"https:\/\/www.info-algerie.com\/actualites\/letat-ne-renoncera-ni-aux-acquis-sociaux-ni-a-la-realisation-des-programmes-de-developpement\/","title":{"rendered":"L&#039;Etat ne renoncera ni aux acquis sociaux ni \u00e0 la r\u00e9alisation des programmes de d\u00e9veloppement"},"content":{"rendered":"<div class=\"K2FeedImage\"><img decoding=\"async\" src=\"\" alt=\"L'Etat ne renoncera ni aux acquis sociaux ni &#xE0; la r&#xE9;alisation des programmes de d&#xE9;veloppement\" \/><\/div>\n<div class=\"K2FeedIntroText\"> BECHAR- Le ministre de l&rsquo;Int\u00e9rieur et des Collectivit\u00e9s locales, Noureddine Bedoui a affirm\u00e9, lundi \u00e0 B\u00e9char, que l&rsquo;Etat ne renoncera ni aux acquis sociaux ni \u00e0 la r\u00e9alisation des programmes de d\u00e9veloppement arr\u00eat\u00e9s en d\u00e9pit de la \u00ab\u00a0conjoncture \u00e9conomique difficile\u00a0\u00bb que traverse le pays. Dans une allocution \u00e0 l&rsquo;occasion de\u2026<\/div>\n<p>&#013;<br \/>\nSource: <a href=\"http:\/\/www.aps.dz\/algerie\/27034-l-etat-ne-renoncera-ni-aux-acquis-sociaux-ni-%C3%A0-la-r%C3%A9alisation-des-programmes-de-d%C3%A9veloppement\" target=\"_blank\">L&rsquo;Etat ne renoncera ni aux acquis sociaux ni \u00e0 la r\u00e9alisation des programmes de d\u00e9veloppement<\/a><\/p>\n<!--CusAds0-->\n<div style=\"font-size: 0px; height: 0px; line-height: 0px; margin: 0; padding: 0; clear: both;\"><\/div>","protected":false},"excerpt":{"rendered":"<p>BECHAR- Le ministre de l&rsquo;Int\u00e9rieur et des Collectivit\u00e9s locales, Noureddine Bedoui a affirm\u00e9, lundi \u00e0 B\u00e9char, que l&rsquo;Etat ne renoncera ni aux acquis sociaux ni \u00e0 la r\u00e9alisation des programmes de d\u00e9veloppement arr\u00eat\u00e9s en d\u00e9pit de la \u00ab\u00a0conjoncture \u00e9conomique difficile\u00a0\u00bb que traverse le pays. Dans une allocution \u00e0 l&rsquo;occasion de\u2026 &#013; Source: L&rsquo;Etat ne renoncera<\/p>\n","protected":false},"author":6,"featured_media":0,"comment_status":"open","ping_status":"open","sticky":false,"template":"","format":"standard","meta":{"footnotes":""},"categories":[],"tags":[],"class_list":["post-12","post","type-post","status-publish","format-standard","hentry"],"yoast_head":"<!-- This site is optimized with the Yoast SEO plugin v27.5 - https:\/\/yoast.com\/product\/yoast-seo-wordpress\/ -->\n<title>L&#039;Etat ne renoncera ni aux acquis sociaux ni \u00e0 la r\u00e9alisation des programmes de d\u00e9veloppement - info algerie<\/title>\n<meta name=\"robots\" content=\"index, follow, max-snippet:-1, max-image-preview:large, max-video-preview:-1\" \/>\n<link rel=\"canonical\" href=\"https:\/\/www.info-algerie.com\/actualites\/letat-ne-renoncera-ni-aux-acquis-sociaux-ni-a-la-realisation-des-programmes-de-developpement\/\" \/>\n<meta property=\"og:locale\" content=\"fr_FR\" \/>\n<meta property=\"og:type\" content=\"article\" \/>\n<meta property=\"og:title\" content=\"L&#039;Etat ne renoncera ni aux acquis sociaux ni \u00e0 la r\u00e9alisation des programmes de d\u00e9veloppement - info algerie\" \/>\n<meta property=\"og:description\" content=\"BECHAR- Le ministre de l&rsquo;Int\u00e9rieur et des Collectivit\u00e9s locales, Noureddine Bedoui a affirm\u00e9, lundi \u00e0 B\u00e9char, que l&rsquo;Etat ne renoncera ni aux acquis sociaux ni \u00e0 la r\u00e9alisation des programmes de d\u00e9veloppement arr\u00eat\u00e9s en d\u00e9pit de la \u00ab\u00a0conjoncture \u00e9conomique difficile\u00a0\u00bb que traverse le pays. Dans une allocution \u00e0 l&rsquo;occasion de\u2026 &#013; Source: L&rsquo;Etat ne renoncera\" \/>\n<meta property=\"og:url\" content=\"https:\/\/www.info-algerie.com\/actualites\/letat-ne-renoncera-ni-aux-acquis-sociaux-ni-a-la-realisation-des-programmes-de-developpement\/\" \/>\n<meta property=\"og:site_name\" content=\"info algerie\" \/>\n<meta property=\"article:publisher\" content=\"https:\/\/www.facebook.com\/infoalgerieactu\" \/>\n<meta property=\"article:published_time\" content=\"2015-08-10T18:49:24+00:00\" \/>\n<meta name=\"author\" content=\"La r\u00e9daction\" \/>\n<meta name=\"twitter:label1\" content=\"\u00c9crit par\" \/>\n\t<meta name=\"twitter:data1\" content=\"La r\u00e9daction\" \/>\n<script type=\"application\/ld+json\" class=\"yoast-schema-graph\">{\"@context\":\"https:\\\/\\\/schema.org\",\"@graph\":[{\"@type\":\"Article\",\"@id\":\"https:\\\/\\\/www.info-algerie.com\\\/actualites\\\/letat-ne-renoncera-ni-aux-acquis-sociaux-ni-a-la-realisation-des-programmes-de-developpement\\\/#article\",\"isPartOf\":{\"@id\":\"https:\\\/\\\/www.info-algerie.com\\\/actualites\\\/letat-ne-renoncera-ni-aux-acquis-sociaux-ni-a-la-realisation-des-programmes-de-developpement\\\/\"},\"author\":{\"name\":\"La r\u00e9daction\",\"@id\":\"https:\\\/\\\/www.info-algerie.com\\\/actualites\\\/#\\\/schema\\\/person\\\/847aaec44920825b843a08f30ec6aa1e\"},\"headline\":\"L&#039;Etat ne renoncera ni aux acquis sociaux ni \u00e0 la r\u00e9alisation des programmes de d\u00e9veloppement\",\"datePublished\":\"2015-08-10T18:49:24+00:00\",\"mainEntityOfPage\":{\"@id\":\"https:\\\/\\\/www.info-algerie.com\\\/actualites\\\/letat-ne-renoncera-ni-aux-acquis-sociaux-ni-a-la-realisation-des-programmes-de-developpement\\\/\"},\"wordCount\":93,\"commentCount\":0,\"publisher\":{\"@id\":\"https:\\\/\\\/www.info-algerie.com\\\/actualites\\\/#organization\"},\"inLanguage\":\"fr-FR\",\"potentialAction\":[{\"@type\":\"CommentAction\",\"name\":\"Comment\",\"target\":[\"https:\\\/\\\/www.info-algerie.com\\\/actualites\\\/letat-ne-renoncera-ni-aux-acquis-sociaux-ni-a-la-realisation-des-programmes-de-developpement\\\/#respond\"]}]},{\"@type\":\"WebPage\",\"@id\":\"https:\\\/\\\/www.info-algerie.com\\\/actualites\\\/letat-ne-renoncera-ni-aux-acquis-sociaux-ni-a-la-realisation-des-programmes-de-developpement\\\/\",\"url\":\"https:\\\/\\\/www.info-algerie.com\\\/actualites\\\/letat-ne-renoncera-ni-aux-acquis-sociaux-ni-a-la-realisation-des-programmes-de-developpement\\\/\",\"name\":\"L&#039;Etat ne renoncera ni aux acquis sociaux ni \u00e0 la r\u00e9alisation des programmes de d\u00e9veloppement - info algerie\",\"isPartOf\":{\"@id\":\"https:\\\/\\\/www.info-algerie.com\\\/actualites\\\/#website\"},\"datePublished\":\"2015-08-10T18:49:24+00:00\",\"breadcrumb\":{\"@id\":\"https:\\\/\\\/www.info-algerie.com\\\/actualites\\\/letat-ne-renoncera-ni-aux-acquis-sociaux-ni-a-la-realisation-des-programmes-de-developpement\\\/#breadcrumb\"},\"inLanguage\":\"fr-FR\",\"potentialAction\":[{\"@type\":\"ReadAction\",\"target\":[\"https:\\\/\\\/www.info-algerie.com\\\/actualites\\\/letat-ne-renoncera-ni-aux-acquis-sociaux-ni-a-la-realisation-des-programmes-de-developpement\\\/\"]}]},{\"@type\":\"BreadcrumbList\",\"@id\":\"https:\\\/\\\/www.info-algerie.com\\\/actualites\\\/letat-ne-renoncera-ni-aux-acquis-sociaux-ni-a-la-realisation-des-programmes-de-developpement\\\/#breadcrumb\",\"itemListElement\":[{\"@type\":\"ListItem\",\"position\":1,\"name\":\"Accueil\",\"item\":\"https:\\\/\\\/www.info-algerie.com\\\/actualites\\\/\"},{\"@type\":\"ListItem\",\"position\":2,\"name\":\"L&#039;Etat ne renoncera ni aux acquis sociaux ni \u00e0 la r\u00e9alisation des programmes de d\u00e9veloppement\"}]},{\"@type\":\"WebSite\",\"@id\":\"https:\\\/\\\/www.info-algerie.com\\\/actualites\\\/#website\",\"url\":\"https:\\\/\\\/www.info-algerie.com\\\/actualites\\\/\",\"name\":\"info algerie\",\"description\":\"Toutes les actualit\u00e9s\",\"publisher\":{\"@id\":\"https:\\\/\\\/www.info-algerie.com\\\/actualites\\\/#organization\"},\"potentialAction\":[{\"@type\":\"SearchAction\",\"target\":{\"@type\":\"EntryPoint\",\"urlTemplate\":\"https:\\\/\\\/www.info-algerie.com\\\/actualites\\\/?s={search_term_string}\"},\"query-input\":{\"@type\":\"PropertyValueSpecification\",\"valueRequired\":true,\"valueName\":\"search_term_string\"}}],\"inLanguage\":\"fr-FR\"},{\"@type\":\"Organization\",\"@id\":\"https:\\\/\\\/www.info-algerie.com\\\/actualites\\\/#organization\",\"name\":\"info algerie\",\"url\":\"https:\\\/\\\/www.info-algerie.com\\\/actualites\\\/\",\"logo\":{\"@type\":\"ImageObject\",\"inLanguage\":\"fr-FR\",\"@id\":\"https:\\\/\\\/www.info-algerie.com\\\/actualites\\\/#\\\/schema\\\/logo\\\/image\\\/\",\"url\":\"https:\\\/\\\/www.info-algerie.com\\\/actualites\\\/wp-content\\\/uploads\\\/2022\\\/07\\\/logo-ia-120.png\",\"contentUrl\":\"https:\\\/\\\/www.info-algerie.com\\\/actualites\\\/wp-content\\\/uploads\\\/2022\\\/07\\\/logo-ia-120.png\",\"width\":120,\"height\":43,\"caption\":\"info algerie\"},\"image\":{\"@id\":\"https:\\\/\\\/www.info-algerie.com\\\/actualites\\\/#\\\/schema\\\/logo\\\/image\\\/\"},\"sameAs\":[\"https:\\\/\\\/www.facebook.com\\\/infoalgerieactu\",\"https:\\\/\\\/x.com\\\/infoalgerie1\"]},{\"@type\":\"Person\",\"@id\":\"https:\\\/\\\/www.info-algerie.com\\\/actualites\\\/#\\\/schema\\\/person\\\/847aaec44920825b843a08f30ec6aa1e\",\"name\":\"La r\u00e9daction\",\"image\":{\"@type\":\"ImageObject\",\"inLanguage\":\"fr-FR\",\"@id\":\"https:\\\/\\\/secure.gravatar.com\\\/avatar\\\/769db425c6f465158149f1ffd6cf61ce7a8a879d11dfbef8288af36dfddd418c?s=96&d=mm&r=g\",\"url\":\"https:\\\/\\\/secure.gravatar.com\\\/avatar\\\/769db425c6f465158149f1ffd6cf61ce7a8a879d11dfbef8288af36dfddd418c?s=96&d=mm&r=g\",\"contentUrl\":\"https:\\\/\\\/secure.gravatar.com\\\/avatar\\\/769db425c6f465158149f1ffd6cf61ce7a8a879d11dfbef8288af36dfddd418c?s=96&d=mm&r=g\",\"caption\":\"La r\u00e9daction\"},\"sameAs\":[\"http:\\\/\\\/www.lkeria.com\\\/\"],\"url\":\"https:\\\/\\\/www.info-algerie.com\\\/actualites\\\/author\\\/chakib32\\\/\"}]}<\/script>\n<!-- \/ Yoast SEO plugin. -->","yoast_head_json":{"title":"L&#039;Etat ne renoncera ni aux acquis sociaux ni \u00e0 la r\u00e9alisation des programmes de d\u00e9veloppement - info algerie","robots":{"index":"index","follow":"follow","max-snippet":"max-snippet:-1","max-image-preview":"max-image-preview:large","max-video-preview":"max-video-preview:-1"},"canonical":"https:\/\/www.info-algerie.com\/actualites\/letat-ne-renoncera-ni-aux-acquis-sociaux-ni-a-la-realisation-des-programmes-de-developpement\/","og_locale":"fr_FR","og_type":"article","og_title":"L&#039;Etat ne renoncera ni aux acquis sociaux ni \u00e0 la r\u00e9alisation des programmes de d\u00e9veloppement - info algerie","og_description":"BECHAR- Le ministre de l&rsquo;Int\u00e9rieur et des Collectivit\u00e9s locales, Noureddine Bedoui a affirm\u00e9, lundi \u00e0 B\u00e9char, que l&rsquo;Etat ne renoncera ni aux acquis sociaux ni \u00e0 la r\u00e9alisation des programmes de d\u00e9veloppement arr\u00eat\u00e9s en d\u00e9pit de la \u00ab\u00a0conjoncture \u00e9conomique difficile\u00a0\u00bb que traverse le pays. Dans une allocution \u00e0 l&rsquo;occasion de\u2026 &#013; Source: L&rsquo;Etat ne renoncera","og_url":"https:\/\/www.info-algerie.com\/actualites\/letat-ne-renoncera-ni-aux-acquis-sociaux-ni-a-la-realisation-des-programmes-de-developpement\/","og_site_name":"info algerie","article_publisher":"https:\/\/www.facebook.com\/infoalgerieactu","article_published_time":"2015-08-10T18:49:24+00:00","author":"La r\u00e9daction","twitter_misc":{"\u00c9crit par":"La r\u00e9daction"},"schema":{"@context":"https:\/\/schema.org","@graph":[{"@type":"Article","@id":"https:\/\/www.info-algerie.com\/actualites\/letat-ne-renoncera-ni-aux-acquis-sociaux-ni-a-la-realisation-des-programmes-de-developpement\/#article","isPartOf":{"@id":"https:\/\/www.info-algerie.com\/actualites\/letat-ne-renoncera-ni-aux-acquis-sociaux-ni-a-la-realisation-des-programmes-de-developpement\/"},"author":{"name":"La r\u00e9daction","@id":"https:\/\/www.info-algerie.com\/actualites\/#\/schema\/person\/847aaec44920825b843a08f30ec6aa1e"},"headline":"L&#039;Etat ne renoncera ni aux acquis sociaux ni \u00e0 la r\u00e9alisation des programmes de d\u00e9veloppement","datePublished":"2015-08-10T18:49:24+00:00","mainEntityOfPage":{"@id":"https:\/\/www.info-algerie.com\/actualites\/letat-ne-renoncera-ni-aux-acquis-sociaux-ni-a-la-realisation-des-programmes-de-developpement\/"},"wordCount":93,"commentCount":0,"publisher":{"@id":"https:\/\/www.info-algerie.com\/actualites\/#organization"},"inLanguage":"fr-FR","potentialAction":[{"@type":"CommentAction","name":"Comment","target":["https:\/\/www.info-algerie.com\/actualites\/letat-ne-renoncera-ni-aux-acquis-sociaux-ni-a-la-realisation-des-programmes-de-developpement\/#respond"]}]},{"@type":"WebPage","@id":"https:\/\/www.info-algerie.com\/actualites\/letat-ne-renoncera-ni-aux-acquis-sociaux-ni-a-la-realisation-des-programmes-de-developpement\/","url":"https:\/\/www.info-algerie.com\/actualites\/letat-ne-renoncera-ni-aux-acquis-sociaux-ni-a-la-realisation-des-programmes-de-developpement\/","name":"L&#039;Etat ne renoncera ni aux acquis sociaux ni \u00e0 la r\u00e9alisation des programmes de d\u00e9veloppement - info algerie","isPartOf":{"@id":"https:\/\/www.info-algerie.com\/actualites\/#website"},"datePublished":"2015-08-10T18:49:24+00:00","breadcrumb":{"@id":"https:\/\/www.info-algerie.com\/actualites\/letat-ne-renoncera-ni-aux-acquis-sociaux-ni-a-la-realisation-des-programmes-de-developpement\/#breadcrumb"},"inLanguage":"fr-FR","potentialAction":[{"@type":"ReadAction","target":["https:\/\/www.info-algerie.com\/actualites\/letat-ne-renoncera-ni-aux-acquis-sociaux-ni-a-la-realisation-des-programmes-de-developpement\/"]}]},{"@type":"BreadcrumbList","@id":"https:\/\/www.info-algerie.com\/actualites\/letat-ne-renoncera-ni-aux-acquis-sociaux-ni-a-la-realisation-des-programmes-de-developpement\/#breadcrumb","itemListElement":[{"@type":"ListItem","position":1,"name":"Accueil","item":"https:\/\/www.info-algerie.com\/actualites\/"},{"@type":"ListItem","position":2,"name":"L&#039;Etat ne renoncera ni aux acquis sociaux ni \u00e0 la r\u00e9alisation des programmes de d\u00e9veloppement"}]},{"@type":"WebSite","@id":"https:\/\/www.info-algerie.com\/actualites\/#website","url":"https:\/\/www.info-algerie.com\/actualites\/","name":"info algerie","description":"Toutes les actualit\u00e9s","publisher":{"@id":"https:\/\/www.info-algerie.com\/actualites\/#organization"},"potentialAction":[{"@type":"SearchAction","target":{"@type":"EntryPoint","urlTemplate":"https:\/\/www.info-algerie.com\/actualites\/?s={search_term_string}"},"query-input":{"@type":"PropertyValueSpecification","valueRequired":true,"valueName":"search_term_string"}}],"inLanguage":"fr-FR"},{"@type":"Organization","@id":"https:\/\/www.info-algerie.com\/actualites\/#organization","name":"info algerie","url":"https:\/\/www.info-algerie.com\/actualites\/","logo":{"@type":"ImageObject","inLanguage":"fr-FR","@id":"https:\/\/www.info-algerie.com\/actualites\/#\/schema\/logo\/image\/","url":"https:\/\/www.info-algerie.com\/actualites\/wp-content\/uploads\/2022\/07\/logo-ia-120.png","contentUrl":"https:\/\/www.info-algerie.com\/actualites\/wp-content\/uploads\/2022\/07\/logo-ia-120.png","width":120,"height":43,"caption":"info algerie"},"image":{"@id":"https:\/\/www.info-algerie.com\/actualites\/#\/schema\/logo\/image\/"},"sameAs":["https:\/\/www.facebook.com\/infoalgerieactu","https:\/\/x.com\/infoalgerie1"]},{"@type":"Person","@id":"https:\/\/www.info-algerie.com\/actualites\/#\/schema\/person\/847aaec44920825b843a08f30ec6aa1e","name":"La r\u00e9daction","image":{"@type":"ImageObject","inLanguage":"fr-FR","@id":"https:\/\/secure.gravatar.com\/avatar\/769db425c6f465158149f1ffd6cf61ce7a8a879d11dfbef8288af36dfddd418c?s=96&d=mm&r=g","url":"https:\/\/secure.gravatar.com\/avatar\/769db425c6f465158149f1ffd6cf61ce7a8a879d11dfbef8288af36dfddd418c?s=96&d=mm&r=g","contentUrl":"https:\/\/secure.gravatar.com\/avatar\/769db425c6f465158149f1ffd6cf61ce7a8a879d11dfbef8288af36dfddd418c?s=96&d=mm&r=g","caption":"La r\u00e9daction"},"sameAs":["http:\/\/www.lkeria.com\/"],"url":"https:\/\/www.info-algerie.com\/actualites\/author\/chakib32\/"}]}},"_links":{"self":[{"href":"https:\/\/www.info-algerie.com\/actualites\/wp-json\/wp\/v2\/posts\/12","targetHints":{"allow":["GET"]}}],"collection":[{"href":"https:\/\/www.info-algerie.com\/actualites\/wp-json\/wp\/v2\/posts"}],"about":[{"href":"https:\/\/www.info-algerie.com\/actualites\/wp-json\/wp\/v2\/types\/post"}],"author":[{"embeddable":true,"href":"https:\/\/www.info-algerie.com\/actualites\/wp-json\/wp\/v2\/users\/6"}],"replies":[{"embeddable":true,"href":"https:\/\/www.info-algerie.com\/actualites\/wp-json\/wp\/v2\/comments?post=12"}],"version-history":[{"count":0,"href":"https:\/\/www.info-algerie.com\/actualites\/wp-json\/wp\/v2\/posts\/12\/revisions"}],"wp:attachment":[{"href":"https:\/\/www.info-algerie.com\/actualites\/wp-json\/wp\/v2\/media?parent=12"}],"wp:term":[{"taxonomy":"category","embeddable":true,"href":"https:\/\/www.info-algerie.com\/actualites\/wp-json\/wp\/v2\/categories?post=12"},{"taxonomy":"post_tag","embeddable":true,"href":"https:\/\/www.info-algerie.com\/actualites\/wp-json\/wp\/v2\/tags?post=12"}],"curies":[{"name":"wp","href":"https:\/\/api.w.org\/{rel}","templated":true}]}}