{"id":12022,"date":"2017-05-15T12:12:38","date_gmt":"2017-05-15T11:12:38","guid":{"rendered":"http:\/\/www.info-algerie.com\/actualites\/3e-edition-du-prix-du-president-de-la-republique-du-journaliste-professionnel\/"},"modified":"2017-05-15T12:12:38","modified_gmt":"2017-05-15T11:12:38","slug":"3e-edition-du-prix-du-president-de-la-republique-du-journaliste-professionnel","status":"publish","type":"post","link":"https:\/\/www.info-algerie.com\/actualites\/3e-edition-du-prix-du-president-de-la-republique-du-journaliste-professionnel\/","title":{"rendered":"3e \u00e9dition du prix du pr\u00e9sident de la R\u00e9publique du journaliste professionnel"},"content":{"rendered":"<div class=\"K2FeedImage\"><img decoding=\"async\" src=\"https:\/\/www.info-algerie.com\/actualites\/wp-content\/uploads\/2017\/05\/c261defa47abaf05ebfc3c339efa92d0_S.jpg\" alt=\"3e &#xE9;dition du prix du pr&#xE9;sident de la R&#xE9;publique du journaliste professionnel\" \/><\/div>\n<div class=\"K2FeedIntroText\">\n<p>ALGER &#8211; La troisi\u00e8me \u00e9dition du prix du pr\u00e9sident de la R\u00e9publique du journaliste professionnel, comptant pour l&rsquo;ann\u00e9e 2017, est lanc\u00e9e et portera sur le th\u00e8me de \u00ab\u00a0la pr\u00e9servation de l&rsquo;environnement, cl\u00e9 de bien-\u00eatre public et de bonheur social\u00a0\u00bb, lit-on lundi dans une annonce du minist\u00e8re de la Communication.<\/p>\n<p>&#013;\n<\/p><\/div>\n<div class=\"K2FeedFullText\">&#013;<\/p>\n<p>Ce prix qui sera d\u00e9cern\u00e9 \u00e0 l&rsquo;occasion de la c\u00e9l\u00e9bration de la Journ\u00e9e nationale de la presse, le 22 octobre prochain compte cinq cat\u00e9gories relatives aux informations \u00e9crite, t\u00e9l\u00e9visuelle et radiophonique, la presse \u00e9lectronique et l&rsquo;illustration.<\/p>\n<p>&#013;<\/p>\n<p>S&rsquo;agissant des modalit\u00e9s d&rsquo;attribution du prix, \u00ab\u00a0le jury proc\u00e8dera \u00e0 la s\u00e9lection des trois laur\u00e9ats dans chacune des 5 cat\u00e9gories. Le prix sera d\u00e9cern\u00e9 \u00e0 la meilleure \u0153uvre des trois laur\u00e9ats. En plus d&rsquo;un certificat de m\u00e9rite, les laur\u00e9ats des quatre premi\u00e8res cat\u00e9gories b\u00e9n\u00e9ficieront d&rsquo;une r\u00e9compense financi\u00e8re\u00a0\u00bb.<\/p>\n<p>&#013;<\/p>\n<p>Le montant en est d&rsquo;un million de dinars pour le 1er laur\u00e9at, 500.000 DA pour le 2eme et 300.000 DA pour le 3eme laur\u00e9at. Pour la cinqui\u00e8me cat\u00e9gorie, l&rsquo;auteur de la meilleure illustration b\u00e9n\u00e9ficiera d&rsquo;une r\u00e9compense financi\u00e8re de 100.000 DA.<\/p>\n<p>&#013;<\/p>\n<p>Concernant les conditions de participation, le candidat doit \u00eatre, notamment, de nationalit\u00e9 alg\u00e9rienne et titulaire de la carte nationale de journaliste professionnel. Les oeuvres pr\u00e9sent\u00e9es doivent faire l&rsquo;objet de diffusion ou de publication par un organe de presse national durant la p\u00e9riode 2016-2017.<\/p>\n<p>&#013;<\/p>\n<p>La date limite du d\u00e9p\u00f4t des dossiers est fix\u00e9e au 31 ao\u00fbt 2017. Le formulaire de candidature peut \u00eatre t\u00e9l\u00e9charg\u00e9 sur le site web du minist\u00e8re de la Communication: http:\/\/ministerecommunication.gov.dz\/fr.<\/p>\n<p>&#013;<\/p>\n<p>Annonc\u00e9 par le pr\u00e9sident Bouteflika \u00e0 l&rsquo;occasion de la journ\u00e9e mondiale de la presse, le 3 mai 2015, le prix a \u00e9t\u00e9 institu\u00e9 la m\u00eame ann\u00e9e par d\u00e9cret pr\u00e9sidentiel, \u00ab\u00a0en signe de reconnaissance au valeureux parcours des journalistes alg\u00e9riens durant la guerre de lib\u00e9ration et d&rsquo;appui aux efforts des professionnels de la presse nationale qui contribuent \u00e0 la promotion du droit du citoyen \u00e0 une information objective et cr\u00e9dible\u00a0\u00bb.<\/p>\n<p>&#013;<\/p>\n<p class=\"MsoNormal\">Les objectifs du prix sont d&rsquo;encourager et promouvoir la production journalistique nationale sous toutes ses formes, stimuler l&rsquo;excellence, la cr\u00e9ation et la professionnalisation au sein de la presse nationale en instaurant la culture du m\u00e9rite et r\u00e9compenser les meilleurs \u0153uvres individuelles ou collectives ayant trait \u00e0 la th\u00e9matique retenue.<\/p>\n<\/div>\n<p>&#013;<br \/>\nSource: <a href=\"http:\/\/www.aps.dz\/algerie\/57594-3e-edition-du-prix-du-president-de-la-republique-du-journaliste-professionnel\" target=\"_blank\">3e \u00e9dition du prix du pr\u00e9sident de la R\u00e9publique du journaliste professionnel<\/a><\/p>\n<!--CusAds0-->\n<div style=\"font-size: 0px; height: 0px; line-height: 0px; margin: 0; padding: 0; clear: both;\"><\/div>","protected":false},"excerpt":{"rendered":"<p>ALGER &#8211; La troisi\u00e8me \u00e9dition du prix du pr\u00e9sident de la R\u00e9publique du journaliste professionnel, comptant pour l&rsquo;ann\u00e9e 2017, est lanc\u00e9e et portera sur le th\u00e8me de \u00ab\u00a0la pr\u00e9servation de l&rsquo;environnement, cl\u00e9 de bien-\u00eatre public et de bonheur social\u00a0\u00bb, lit-on lundi dans une annonce du minist\u00e8re de la Communication. &#013; &#013; Ce prix qui sera<\/p>\n","protected":false},"author":6,"featured_media":12023,"comment_status":"open","ping_status":"open","sticky":false,"template":"","format":"standard","meta":{"footnotes":""},"categories":[22],"tags":[93],"class_list":["post-12022","post","type-post","status-publish","format-standard","has-post-thumbnail","hentry","category-infos","tag-onu"],"yoast_head":"<!-- This site is optimized with the Yoast SEO plugin v27.5 - https:\/\/yoast.com\/product\/yoast-seo-wordpress\/ -->\n<title>3e \u00e9dition du prix du pr\u00e9sident de la R\u00e9publique du journaliste professionnel - info algerie<\/title>\n<meta name=\"robots\" content=\"index, follow, max-snippet:-1, max-image-preview:large, max-video-preview:-1\" \/>\n<link rel=\"canonical\" href=\"https:\/\/www.info-algerie.com\/actualites\/3e-edition-du-prix-du-president-de-la-republique-du-journaliste-professionnel\/\" \/>\n<meta property=\"og:locale\" content=\"fr_FR\" \/>\n<meta property=\"og:type\" content=\"article\" \/>\n<meta property=\"og:title\" content=\"3e \u00e9dition du prix du pr\u00e9sident de la R\u00e9publique du journaliste professionnel - info algerie\" \/>\n<meta property=\"og:description\" content=\"ALGER &#8211; La troisi\u00e8me \u00e9dition du prix du pr\u00e9sident de la R\u00e9publique du journaliste professionnel, comptant pour l&rsquo;ann\u00e9e 2017, est lanc\u00e9e et portera sur le th\u00e8me de \u00ab\u00a0la pr\u00e9servation de l&rsquo;environnement, cl\u00e9 de bien-\u00eatre public et de bonheur social\u00a0\u00bb, lit-on lundi dans une annonce du minist\u00e8re de la Communication. &#013; &#013; Ce prix qui sera\" \/>\n<meta property=\"og:url\" content=\"https:\/\/www.info-algerie.com\/actualites\/3e-edition-du-prix-du-president-de-la-republique-du-journaliste-professionnel\/\" \/>\n<meta property=\"og:site_name\" content=\"info algerie\" \/>\n<meta property=\"article:publisher\" content=\"https:\/\/www.facebook.com\/infoalgerieactu\" \/>\n<meta property=\"article:published_time\" content=\"2017-05-15T11:12:38+00:00\" \/>\n<meta property=\"og:image\" content=\"https:\/\/www.info-algerie.com\/actualites\/wp-content\/uploads\/2017\/05\/c261defa47abaf05ebfc3c339efa92d0_S-1.jpg\" \/>\n\t<meta property=\"og:image:width\" content=\"280\" \/>\n\t<meta property=\"og:image:height\" content=\"169\" \/>\n\t<meta property=\"og:image:type\" content=\"image\/jpeg\" \/>\n<meta name=\"author\" content=\"La r\u00e9daction\" \/>\n<meta name=\"twitter:label1\" content=\"\u00c9crit par\" \/>\n\t<meta name=\"twitter:data1\" content=\"La r\u00e9daction\" \/>\n\t<meta name=\"twitter:label2\" content=\"Dur\u00e9e de lecture estim\u00e9e\" \/>\n\t<meta name=\"twitter:data2\" content=\"2 minutes\" \/>\n<script type=\"application\/ld+json\" class=\"yoast-schema-graph\">{\"@context\":\"https:\\\/\\\/schema.org\",\"@graph\":[{\"@type\":\"Article\",\"@id\":\"https:\\\/\\\/www.info-algerie.com\\\/actualites\\\/3e-edition-du-prix-du-president-de-la-republique-du-journaliste-professionnel\\\/#article\",\"isPartOf\":{\"@id\":\"https:\\\/\\\/www.info-algerie.com\\\/actualites\\\/3e-edition-du-prix-du-president-de-la-republique-du-journaliste-professionnel\\\/\"},\"author\":{\"name\":\"La r\u00e9daction\",\"@id\":\"https:\\\/\\\/www.info-algerie.com\\\/actualites\\\/#\\\/schema\\\/person\\\/847aaec44920825b843a08f30ec6aa1e\"},\"headline\":\"3e \u00e9dition du prix du pr\u00e9sident de la R\u00e9publique du journaliste professionnel\",\"datePublished\":\"2017-05-15T11:12:38+00:00\",\"mainEntityOfPage\":{\"@id\":\"https:\\\/\\\/www.info-algerie.com\\\/actualites\\\/3e-edition-du-prix-du-president-de-la-republique-du-journaliste-professionnel\\\/\"},\"wordCount\":458,\"commentCount\":0,\"publisher\":{\"@id\":\"https:\\\/\\\/www.info-algerie.com\\\/actualites\\\/#organization\"},\"image\":{\"@id\":\"https:\\\/\\\/www.info-algerie.com\\\/actualites\\\/3e-edition-du-prix-du-president-de-la-republique-du-journaliste-professionnel\\\/#primaryimage\"},\"thumbnailUrl\":\"https:\\\/\\\/www.info-algerie.com\\\/actualites\\\/wp-content\\\/uploads\\\/2017\\\/05\\\/c261defa47abaf05ebfc3c339efa92d0_S-1.jpg\",\"keywords\":[\"ONU\"],\"articleSection\":[\"infos\"],\"inLanguage\":\"fr-FR\",\"potentialAction\":[{\"@type\":\"CommentAction\",\"name\":\"Comment\",\"target\":[\"https:\\\/\\\/www.info-algerie.com\\\/actualites\\\/3e-edition-du-prix-du-president-de-la-republique-du-journaliste-professionnel\\\/#respond\"]}]},{\"@type\":\"WebPage\",\"@id\":\"https:\\\/\\\/www.info-algerie.com\\\/actualites\\\/3e-edition-du-prix-du-president-de-la-republique-du-journaliste-professionnel\\\/\",\"url\":\"https:\\\/\\\/www.info-algerie.com\\\/actualites\\\/3e-edition-du-prix-du-president-de-la-republique-du-journaliste-professionnel\\\/\",\"name\":\"3e \u00e9dition du prix du pr\u00e9sident de la R\u00e9publique du journaliste professionnel - info algerie\",\"isPartOf\":{\"@id\":\"https:\\\/\\\/www.info-algerie.com\\\/actualites\\\/#website\"},\"primaryImageOfPage\":{\"@id\":\"https:\\\/\\\/www.info-algerie.com\\\/actualites\\\/3e-edition-du-prix-du-president-de-la-republique-du-journaliste-professionnel\\\/#primaryimage\"},\"image\":{\"@id\":\"https:\\\/\\\/www.info-algerie.com\\\/actualites\\\/3e-edition-du-prix-du-president-de-la-republique-du-journaliste-professionnel\\\/#primaryimage\"},\"thumbnailUrl\":\"https:\\\/\\\/www.info-algerie.com\\\/actualites\\\/wp-content\\\/uploads\\\/2017\\\/05\\\/c261defa47abaf05ebfc3c339efa92d0_S-1.jpg\",\"datePublished\":\"2017-05-15T11:12:38+00:00\",\"breadcrumb\":{\"@id\":\"https:\\\/\\\/www.info-algerie.com\\\/actualites\\\/3e-edition-du-prix-du-president-de-la-republique-du-journaliste-professionnel\\\/#breadcrumb\"},\"inLanguage\":\"fr-FR\",\"potentialAction\":[{\"@type\":\"ReadAction\",\"target\":[\"https:\\\/\\\/www.info-algerie.com\\\/actualites\\\/3e-edition-du-prix-du-president-de-la-republique-du-journaliste-professionnel\\\/\"]}]},{\"@type\":\"ImageObject\",\"inLanguage\":\"fr-FR\",\"@id\":\"https:\\\/\\\/www.info-algerie.com\\\/actualites\\\/3e-edition-du-prix-du-president-de-la-republique-du-journaliste-professionnel\\\/#primaryimage\",\"url\":\"https:\\\/\\\/www.info-algerie.com\\\/actualites\\\/wp-content\\\/uploads\\\/2017\\\/05\\\/c261defa47abaf05ebfc3c339efa92d0_S-1.jpg\",\"contentUrl\":\"https:\\\/\\\/www.info-algerie.com\\\/actualites\\\/wp-content\\\/uploads\\\/2017\\\/05\\\/c261defa47abaf05ebfc3c339efa92d0_S-1.jpg\",\"width\":280,\"height\":169},{\"@type\":\"BreadcrumbList\",\"@id\":\"https:\\\/\\\/www.info-algerie.com\\\/actualites\\\/3e-edition-du-prix-du-president-de-la-republique-du-journaliste-professionnel\\\/#breadcrumb\",\"itemListElement\":[{\"@type\":\"ListItem\",\"position\":1,\"name\":\"Accueil\",\"item\":\"https:\\\/\\\/www.info-algerie.com\\\/actualites\\\/\"},{\"@type\":\"ListItem\",\"position\":2,\"name\":\"3e \u00e9dition du prix du pr\u00e9sident de la R\u00e9publique du journaliste professionnel\"}]},{\"@type\":\"WebSite\",\"@id\":\"https:\\\/\\\/www.info-algerie.com\\\/actualites\\\/#website\",\"url\":\"https:\\\/\\\/www.info-algerie.com\\\/actualites\\\/\",\"name\":\"info algerie\",\"description\":\"Toutes les actualit\u00e9s\",\"publisher\":{\"@id\":\"https:\\\/\\\/www.info-algerie.com\\\/actualites\\\/#organization\"},\"potentialAction\":[{\"@type\":\"SearchAction\",\"target\":{\"@type\":\"EntryPoint\",\"urlTemplate\":\"https:\\\/\\\/www.info-algerie.com\\\/actualites\\\/?s={search_term_string}\"},\"query-input\":{\"@type\":\"PropertyValueSpecification\",\"valueRequired\":true,\"valueName\":\"search_term_string\"}}],\"inLanguage\":\"fr-FR\"},{\"@type\":\"Organization\",\"@id\":\"https:\\\/\\\/www.info-algerie.com\\\/actualites\\\/#organization\",\"name\":\"info algerie\",\"url\":\"https:\\\/\\\/www.info-algerie.com\\\/actualites\\\/\",\"logo\":{\"@type\":\"ImageObject\",\"inLanguage\":\"fr-FR\",\"@id\":\"https:\\\/\\\/www.info-algerie.com\\\/actualites\\\/#\\\/schema\\\/logo\\\/image\\\/\",\"url\":\"https:\\\/\\\/www.info-algerie.com\\\/actualites\\\/wp-content\\\/uploads\\\/2022\\\/07\\\/logo-ia-120.png\",\"contentUrl\":\"https:\\\/\\\/www.info-algerie.com\\\/actualites\\\/wp-content\\\/uploads\\\/2022\\\/07\\\/logo-ia-120.png\",\"width\":120,\"height\":43,\"caption\":\"info algerie\"},\"image\":{\"@id\":\"https:\\\/\\\/www.info-algerie.com\\\/actualites\\\/#\\\/schema\\\/logo\\\/image\\\/\"},\"sameAs\":[\"https:\\\/\\\/www.facebook.com\\\/infoalgerieactu\",\"https:\\\/\\\/x.com\\\/infoalgerie1\"]},{\"@type\":\"Person\",\"@id\":\"https:\\\/\\\/www.info-algerie.com\\\/actualites\\\/#\\\/schema\\\/person\\\/847aaec44920825b843a08f30ec6aa1e\",\"name\":\"La r\u00e9daction\",\"image\":{\"@type\":\"ImageObject\",\"inLanguage\":\"fr-FR\",\"@id\":\"https:\\\/\\\/secure.gravatar.com\\\/avatar\\\/769db425c6f465158149f1ffd6cf61ce7a8a879d11dfbef8288af36dfddd418c?s=96&d=mm&r=g\",\"url\":\"https:\\\/\\\/secure.gravatar.com\\\/avatar\\\/769db425c6f465158149f1ffd6cf61ce7a8a879d11dfbef8288af36dfddd418c?s=96&d=mm&r=g\",\"contentUrl\":\"https:\\\/\\\/secure.gravatar.com\\\/avatar\\\/769db425c6f465158149f1ffd6cf61ce7a8a879d11dfbef8288af36dfddd418c?s=96&d=mm&r=g\",\"caption\":\"La r\u00e9daction\"},\"sameAs\":[\"http:\\\/\\\/www.lkeria.com\\\/\"],\"url\":\"https:\\\/\\\/www.info-algerie.com\\\/actualites\\\/author\\\/chakib32\\\/\"}]}<\/script>\n<!-- \/ Yoast SEO plugin. -->","yoast_head_json":{"title":"3e \u00e9dition du prix du pr\u00e9sident de la R\u00e9publique du journaliste professionnel - info algerie","robots":{"index":"index","follow":"follow","max-snippet":"max-snippet:-1","max-image-preview":"max-image-preview:large","max-video-preview":"max-video-preview:-1"},"canonical":"https:\/\/www.info-algerie.com\/actualites\/3e-edition-du-prix-du-president-de-la-republique-du-journaliste-professionnel\/","og_locale":"fr_FR","og_type":"article","og_title":"3e \u00e9dition du prix du pr\u00e9sident de la R\u00e9publique du journaliste professionnel - info algerie","og_description":"ALGER &#8211; La troisi\u00e8me \u00e9dition du prix du pr\u00e9sident de la R\u00e9publique du journaliste professionnel, comptant pour l&rsquo;ann\u00e9e 2017, est lanc\u00e9e et portera sur le th\u00e8me de \u00ab\u00a0la pr\u00e9servation de l&rsquo;environnement, cl\u00e9 de bien-\u00eatre public et de bonheur social\u00a0\u00bb, lit-on lundi dans une annonce du minist\u00e8re de la Communication. &#013; &#013; Ce prix qui sera","og_url":"https:\/\/www.info-algerie.com\/actualites\/3e-edition-du-prix-du-president-de-la-republique-du-journaliste-professionnel\/","og_site_name":"info algerie","article_publisher":"https:\/\/www.facebook.com\/infoalgerieactu","article_published_time":"2017-05-15T11:12:38+00:00","og_image":[{"width":280,"height":169,"url":"https:\/\/www.info-algerie.com\/actualites\/wp-content\/uploads\/2017\/05\/c261defa47abaf05ebfc3c339efa92d0_S-1.jpg","type":"image\/jpeg"}],"author":"La r\u00e9daction","twitter_misc":{"\u00c9crit par":"La r\u00e9daction","Dur\u00e9e de lecture estim\u00e9e":"2 minutes"},"schema":{"@context":"https:\/\/schema.org","@graph":[{"@type":"Article","@id":"https:\/\/www.info-algerie.com\/actualites\/3e-edition-du-prix-du-president-de-la-republique-du-journaliste-professionnel\/#article","isPartOf":{"@id":"https:\/\/www.info-algerie.com\/actualites\/3e-edition-du-prix-du-president-de-la-republique-du-journaliste-professionnel\/"},"author":{"name":"La r\u00e9daction","@id":"https:\/\/www.info-algerie.com\/actualites\/#\/schema\/person\/847aaec44920825b843a08f30ec6aa1e"},"headline":"3e \u00e9dition du prix du pr\u00e9sident de la R\u00e9publique du journaliste professionnel","datePublished":"2017-05-15T11:12:38+00:00","mainEntityOfPage":{"@id":"https:\/\/www.info-algerie.com\/actualites\/3e-edition-du-prix-du-president-de-la-republique-du-journaliste-professionnel\/"},"wordCount":458,"commentCount":0,"publisher":{"@id":"https:\/\/www.info-algerie.com\/actualites\/#organization"},"image":{"@id":"https:\/\/www.info-algerie.com\/actualites\/3e-edition-du-prix-du-president-de-la-republique-du-journaliste-professionnel\/#primaryimage"},"thumbnailUrl":"https:\/\/www.info-algerie.com\/actualites\/wp-content\/uploads\/2017\/05\/c261defa47abaf05ebfc3c339efa92d0_S-1.jpg","keywords":["ONU"],"articleSection":["infos"],"inLanguage":"fr-FR","potentialAction":[{"@type":"CommentAction","name":"Comment","target":["https:\/\/www.info-algerie.com\/actualites\/3e-edition-du-prix-du-president-de-la-republique-du-journaliste-professionnel\/#respond"]}]},{"@type":"WebPage","@id":"https:\/\/www.info-algerie.com\/actualites\/3e-edition-du-prix-du-president-de-la-republique-du-journaliste-professionnel\/","url":"https:\/\/www.info-algerie.com\/actualites\/3e-edition-du-prix-du-president-de-la-republique-du-journaliste-professionnel\/","name":"3e \u00e9dition du prix du pr\u00e9sident de la R\u00e9publique du journaliste professionnel - info algerie","isPartOf":{"@id":"https:\/\/www.info-algerie.com\/actualites\/#website"},"primaryImageOfPage":{"@id":"https:\/\/www.info-algerie.com\/actualites\/3e-edition-du-prix-du-president-de-la-republique-du-journaliste-professionnel\/#primaryimage"},"image":{"@id":"https:\/\/www.info-algerie.com\/actualites\/3e-edition-du-prix-du-president-de-la-republique-du-journaliste-professionnel\/#primaryimage"},"thumbnailUrl":"https:\/\/www.info-algerie.com\/actualites\/wp-content\/uploads\/2017\/05\/c261defa47abaf05ebfc3c339efa92d0_S-1.jpg","datePublished":"2017-05-15T11:12:38+00:00","breadcrumb":{"@id":"https:\/\/www.info-algerie.com\/actualites\/3e-edition-du-prix-du-president-de-la-republique-du-journaliste-professionnel\/#breadcrumb"},"inLanguage":"fr-FR","potentialAction":[{"@type":"ReadAction","target":["https:\/\/www.info-algerie.com\/actualites\/3e-edition-du-prix-du-president-de-la-republique-du-journaliste-professionnel\/"]}]},{"@type":"ImageObject","inLanguage":"fr-FR","@id":"https:\/\/www.info-algerie.com\/actualites\/3e-edition-du-prix-du-president-de-la-republique-du-journaliste-professionnel\/#primaryimage","url":"https:\/\/www.info-algerie.com\/actualites\/wp-content\/uploads\/2017\/05\/c261defa47abaf05ebfc3c339efa92d0_S-1.jpg","contentUrl":"https:\/\/www.info-algerie.com\/actualites\/wp-content\/uploads\/2017\/05\/c261defa47abaf05ebfc3c339efa92d0_S-1.jpg","width":280,"height":169},{"@type":"BreadcrumbList","@id":"https:\/\/www.info-algerie.com\/actualites\/3e-edition-du-prix-du-president-de-la-republique-du-journaliste-professionnel\/#breadcrumb","itemListElement":[{"@type":"ListItem","position":1,"name":"Accueil","item":"https:\/\/www.info-algerie.com\/actualites\/"},{"@type":"ListItem","position":2,"name":"3e \u00e9dition du prix du pr\u00e9sident de la R\u00e9publique du journaliste professionnel"}]},{"@type":"WebSite","@id":"https:\/\/www.info-algerie.com\/actualites\/#website","url":"https:\/\/www.info-algerie.com\/actualites\/","name":"info algerie","description":"Toutes les actualit\u00e9s","publisher":{"@id":"https:\/\/www.info-algerie.com\/actualites\/#organization"},"potentialAction":[{"@type":"SearchAction","target":{"@type":"EntryPoint","urlTemplate":"https:\/\/www.info-algerie.com\/actualites\/?s={search_term_string}"},"query-input":{"@type":"PropertyValueSpecification","valueRequired":true,"valueName":"search_term_string"}}],"inLanguage":"fr-FR"},{"@type":"Organization","@id":"https:\/\/www.info-algerie.com\/actualites\/#organization","name":"info algerie","url":"https:\/\/www.info-algerie.com\/actualites\/","logo":{"@type":"ImageObject","inLanguage":"fr-FR","@id":"https:\/\/www.info-algerie.com\/actualites\/#\/schema\/logo\/image\/","url":"https:\/\/www.info-algerie.com\/actualites\/wp-content\/uploads\/2022\/07\/logo-ia-120.png","contentUrl":"https:\/\/www.info-algerie.com\/actualites\/wp-content\/uploads\/2022\/07\/logo-ia-120.png","width":120,"height":43,"caption":"info algerie"},"image":{"@id":"https:\/\/www.info-algerie.com\/actualites\/#\/schema\/logo\/image\/"},"sameAs":["https:\/\/www.facebook.com\/infoalgerieactu","https:\/\/x.com\/infoalgerie1"]},{"@type":"Person","@id":"https:\/\/www.info-algerie.com\/actualites\/#\/schema\/person\/847aaec44920825b843a08f30ec6aa1e","name":"La r\u00e9daction","image":{"@type":"ImageObject","inLanguage":"fr-FR","@id":"https:\/\/secure.gravatar.com\/avatar\/769db425c6f465158149f1ffd6cf61ce7a8a879d11dfbef8288af36dfddd418c?s=96&d=mm&r=g","url":"https:\/\/secure.gravatar.com\/avatar\/769db425c6f465158149f1ffd6cf61ce7a8a879d11dfbef8288af36dfddd418c?s=96&d=mm&r=g","contentUrl":"https:\/\/secure.gravatar.com\/avatar\/769db425c6f465158149f1ffd6cf61ce7a8a879d11dfbef8288af36dfddd418c?s=96&d=mm&r=g","caption":"La r\u00e9daction"},"sameAs":["http:\/\/www.lkeria.com\/"],"url":"https:\/\/www.info-algerie.com\/actualites\/author\/chakib32\/"}]}},"_links":{"self":[{"href":"https:\/\/www.info-algerie.com\/actualites\/wp-json\/wp\/v2\/posts\/12022","targetHints":{"allow":["GET"]}}],"collection":[{"href":"https:\/\/www.info-algerie.com\/actualites\/wp-json\/wp\/v2\/posts"}],"about":[{"href":"https:\/\/www.info-algerie.com\/actualites\/wp-json\/wp\/v2\/types\/post"}],"author":[{"embeddable":true,"href":"https:\/\/www.info-algerie.com\/actualites\/wp-json\/wp\/v2\/users\/6"}],"replies":[{"embeddable":true,"href":"https:\/\/www.info-algerie.com\/actualites\/wp-json\/wp\/v2\/comments?post=12022"}],"version-history":[{"count":0,"href":"https:\/\/www.info-algerie.com\/actualites\/wp-json\/wp\/v2\/posts\/12022\/revisions"}],"wp:featuredmedia":[{"embeddable":true,"href":"https:\/\/www.info-algerie.com\/actualites\/wp-json\/wp\/v2\/media\/12023"}],"wp:attachment":[{"href":"https:\/\/www.info-algerie.com\/actualites\/wp-json\/wp\/v2\/media?parent=12022"}],"wp:term":[{"taxonomy":"category","embeddable":true,"href":"https:\/\/www.info-algerie.com\/actualites\/wp-json\/wp\/v2\/categories?post=12022"},{"taxonomy":"post_tag","embeddable":true,"href":"https:\/\/www.info-algerie.com\/actualites\/wp-json\/wp\/v2\/tags?post=12022"}],"curies":[{"name":"wp","href":"https:\/\/api.w.org\/{rel}","templated":true}]}}