{"id":12029,"date":"2017-05-15T14:34:04","date_gmt":"2017-05-15T13:34:04","guid":{"rendered":"http:\/\/www.info-algerie.com\/actualites\/lalgerie-elue-pour-presider-lafripol\/"},"modified":"2017-05-15T14:34:04","modified_gmt":"2017-05-15T13:34:04","slug":"lalgerie-elue-pour-presider-lafripol","status":"publish","type":"post","link":"https:\/\/www.info-algerie.com\/actualites\/lalgerie-elue-pour-presider-lafripol\/","title":{"rendered":"L&#039;Alg\u00e9rie \u00e9lue pour pr\u00e9sider l&#039;Afripol\u00a0"},"content":{"rendered":"<div class=\"K2FeedImage\"><img decoding=\"async\" src=\"https:\/\/www.info-algerie.com\/actualites\/wp-content\/uploads\/2017\/05\/1f38ead2771dbf453cd7eb4c5b7b1f68_S.jpg\" alt=\"L'Alg&#xE9;rie &#xE9;lue pour pr&#xE9;sider l'Afripol&#xA0;\" \/><\/div>\n<div class=\"K2FeedIntroText\">\n<p>ALGER- L&rsquo;Alg\u00e9rie a \u00e9t\u00e9 \u00e9lue lundi pour pr\u00e9sider le\u00a0 M\u00e9canisme de coop\u00e9ration polici\u00e8re africaine (Afripol), dont la premi\u00e8re\u00a0 assembl\u00e9e g\u00e9n\u00e9rale se tient Alger du 14 au 16 mai, a indiqu\u00e9 le Commissaire\u00a0 \u00e0 la paix et \u00e0 la s\u00e9curit\u00e9 de l&rsquo;Union africaine (UA), Sma\u00efl Chergui.<\/p>\n<p>&#013;\n<\/p><\/div>\n<div class=\"K2FeedFullText\">&#013;<\/p>\n<p>\u00ab\u00a0La premi\u00e8re assembl\u00e9e g\u00e9n\u00e9rale de l\u2019Afripol s&rsquo;est ouverte \u00e0 Alger avec\u00a0 l\u2019\u00e9lection du bureau du congr\u00e8s et l&rsquo;Alg\u00e9rie a \u00e9t\u00e9 choisie pour diriger\u00a0 l&rsquo;Afripol pour une dur\u00e9e de deux ans\u00a0\u00bb, a expliqu\u00e9 M. Chergui dans une\u00a0 d\u00e9claration \u00e0 la presse en marge des travaux de cette assembl\u00e9e.<\/p>\n<p>&#013;<\/p>\n<p>Il a ajout\u00e9 que les postes de 1er, 2e et 3e vice-pr\u00e9sidents sont revenus\u00a0 respectivement \u00e0 l\u2019Ouganda, au Nigeria et \u00e0 la R\u00e9publique Centrafricaine,\u00a0 alors que le poste de rapporteur a \u00e9t\u00e9 confi\u00e9 \u00e0 la Zambie.\u00a0Relevant une \u00ab\u00a0pr\u00e9sence forte\u00a0\u00bb des pays africains et d\u2019organisations\u00a0 r\u00e9gionales et mondiales \u00e0 l&rsquo;AG de l&rsquo;Afripol, M. Chergui qui s&rsquo;exprimait en\u00a0 sa qualit\u00e9 de repr\u00e9sentant de l&rsquo;UA, s&rsquo;est \u00ab\u00a0f\u00e9licit\u00e9\u00a0\u00bb des acquis r\u00e9alis\u00e9s\u00a0 par ce M\u00e9canisme qui dispose d\u00e9sormais d&rsquo;un si\u00e8ge \u00e0 Alger.<\/p>\n<p>&#013;<\/p>\n<p>Il a \u00e9galement mis en avant les efforts de la Direction g\u00e9n\u00e9rale de la\u00a0 S\u00fbret\u00e9 nationale (DGSN) pour doter l&rsquo;Afripol de moyens n\u00e9cessaires et\u00a0 modernes permettant \u00e0 la police africaine de \u00ab\u00a0relever les d\u00e9fis de la paix\u00a0 et de la s\u00e9curit\u00e9\u00a0\u00bb.\u00a0<\/p>\n<p>&#013;<\/p>\n<p>\u00ab\u00a0Nous sommes fiers de cet acquis et, \u00e0 ce titre, je remercie, au nom de\u00a0 l\u2019UA, le pr\u00e9sident de la R\u00e9publique, Abdelaziz Bouteflika, le gouvernement\u00a0 et le peuple alg\u00e9riens pour ce soutien permanent et continu au service de\u00a0 l\u2019Afrique\u00a0\u00bb, a soulign\u00e9 M. Chergui.<\/p>\n<p>&#013;<\/p>\n<p>De son c\u00f4t\u00e9, le secr\u00e9taire g\u00e9n\u00e9ral du Conseil des ministres arabes de\u00a0 l&rsquo;Int\u00e9rieur, Mohamed-Ali Komane, a adress\u00e9 ses \u00ab\u00a0remerciements\u00a0\u00bb \u00e0 l&rsquo;Alg\u00e9rie,\u00a0 \u00ab\u00a0pays de paix et de s\u00e9curit\u00e9\u00a0\u00bb, pour avoir abrit\u00e9 les travaux de cette AG.<\/p>\n<p>&#013;<\/p>\n<p>Il a, en outre, salu\u00e9 le r\u00f4le de l&rsquo;Alg\u00e9rie \u00ab\u00a0qui est toujours pr\u00e9sente dans\u00a0 les instances r\u00e9gionales et internationales\u00a0\u00bb, soulignant la \u00ab\u00a0grande\u00a0 exp\u00e9rience\u00a0\u00bb de la police alg\u00e9rienne.<\/p>\n<p>&#013;<\/p>\n<p>M. Komane a, par la m\u00eame occasion, f\u00e9licit\u00e9 le Directeur g\u00e9n\u00e9ral de la\u00a0 S\u00fbret\u00e9 nationale, le g\u00e9n\u00e9ral-major Abdelghani Hamel, pour son \u00e9lection \u00e0 la\u00a0 pr\u00e9sidence de l&rsquo;Afripol, estimant que c&rsquo;est \u00ab\u00a0une juste reconnaissance pour\u00a0 les efforts qu&rsquo;il a consentis en faveur de la paix et de la s\u00e9curit\u00e9 et des\u00a0droits de l&rsquo;homme\u00a0\u00bb.\u00a0<\/p>\n<\/div>\n<p>&#013;<br \/>\nSource: <a href=\"http:\/\/www.aps.dz\/algerie\/57610-l-algerie-elue-pour-presider-l-afripol\" target=\"_blank\">L&rsquo;Alg\u00e9rie \u00e9lue pour pr\u00e9sider l&rsquo;Afripol\u00a0<\/a><\/p>\n<!--CusAds0-->\n<div style=\"font-size: 0px; height: 0px; line-height: 0px; margin: 0; padding: 0; clear: both;\"><\/div>","protected":false},"excerpt":{"rendered":"<p>ALGER- L&rsquo;Alg\u00e9rie a \u00e9t\u00e9 \u00e9lue lundi pour pr\u00e9sider le\u00a0 M\u00e9canisme de coop\u00e9ration polici\u00e8re africaine (Afripol), dont la premi\u00e8re\u00a0 assembl\u00e9e g\u00e9n\u00e9rale se tient Alger du 14 au 16 mai, a indiqu\u00e9 le Commissaire\u00a0 \u00e0 la paix et \u00e0 la s\u00e9curit\u00e9 de l&rsquo;Union africaine (UA), Sma\u00efl Chergui. &#013; &#013; \u00ab\u00a0La premi\u00e8re assembl\u00e9e g\u00e9n\u00e9rale de l\u2019Afripol s&rsquo;est ouverte<\/p>\n","protected":false},"author":6,"featured_media":12030,"comment_status":"open","ping_status":"open","sticky":false,"template":"","format":"standard","meta":{"footnotes":""},"categories":[22],"tags":[93],"class_list":["post-12029","post","type-post","status-publish","format-standard","has-post-thumbnail","hentry","category-infos","tag-onu"],"yoast_head":"<!-- This site is optimized with the Yoast SEO plugin v27.5 - https:\/\/yoast.com\/product\/yoast-seo-wordpress\/ -->\n<title>L&#039;Alg\u00e9rie \u00e9lue pour pr\u00e9sider l&#039;Afripol\u00a0 - info algerie<\/title>\n<meta name=\"robots\" content=\"index, follow, max-snippet:-1, max-image-preview:large, max-video-preview:-1\" \/>\n<link rel=\"canonical\" href=\"https:\/\/www.info-algerie.com\/actualites\/lalgerie-elue-pour-presider-lafripol\/\" \/>\n<meta property=\"og:locale\" content=\"fr_FR\" \/>\n<meta property=\"og:type\" content=\"article\" \/>\n<meta property=\"og:title\" content=\"L&#039;Alg\u00e9rie \u00e9lue pour pr\u00e9sider l&#039;Afripol\u00a0 - info algerie\" \/>\n<meta property=\"og:description\" content=\"ALGER- L&rsquo;Alg\u00e9rie a \u00e9t\u00e9 \u00e9lue lundi pour pr\u00e9sider le\u00a0 M\u00e9canisme de coop\u00e9ration polici\u00e8re africaine (Afripol), dont la premi\u00e8re\u00a0 assembl\u00e9e g\u00e9n\u00e9rale se tient Alger du 14 au 16 mai, a indiqu\u00e9 le Commissaire\u00a0 \u00e0 la paix et \u00e0 la s\u00e9curit\u00e9 de l&rsquo;Union africaine (UA), Sma\u00efl Chergui. &#013; &#013; \u00ab\u00a0La premi\u00e8re assembl\u00e9e g\u00e9n\u00e9rale de l\u2019Afripol s&rsquo;est ouverte\" \/>\n<meta property=\"og:url\" content=\"https:\/\/www.info-algerie.com\/actualites\/lalgerie-elue-pour-presider-lafripol\/\" \/>\n<meta property=\"og:site_name\" content=\"info algerie\" \/>\n<meta property=\"article:publisher\" content=\"https:\/\/www.facebook.com\/infoalgerieactu\" \/>\n<meta property=\"article:published_time\" content=\"2017-05-15T13:34:04+00:00\" \/>\n<meta property=\"og:image\" content=\"https:\/\/www.info-algerie.com\/actualites\/wp-content\/uploads\/2017\/05\/1f38ead2771dbf453cd7eb4c5b7b1f68_S-1.jpg\" \/>\n\t<meta property=\"og:image:width\" content=\"280\" \/>\n\t<meta property=\"og:image:height\" content=\"172\" \/>\n\t<meta property=\"og:image:type\" content=\"image\/jpeg\" \/>\n<meta name=\"author\" content=\"La r\u00e9daction\" \/>\n<meta name=\"twitter:label1\" content=\"\u00c9crit par\" \/>\n\t<meta name=\"twitter:data1\" content=\"La r\u00e9daction\" \/>\n\t<meta name=\"twitter:label2\" content=\"Dur\u00e9e de lecture estim\u00e9e\" \/>\n\t<meta name=\"twitter:data2\" content=\"2 minutes\" \/>\n<script type=\"application\/ld+json\" class=\"yoast-schema-graph\">{\"@context\":\"https:\\\/\\\/schema.org\",\"@graph\":[{\"@type\":\"Article\",\"@id\":\"https:\\\/\\\/www.info-algerie.com\\\/actualites\\\/lalgerie-elue-pour-presider-lafripol\\\/#article\",\"isPartOf\":{\"@id\":\"https:\\\/\\\/www.info-algerie.com\\\/actualites\\\/lalgerie-elue-pour-presider-lafripol\\\/\"},\"author\":{\"name\":\"La r\u00e9daction\",\"@id\":\"https:\\\/\\\/www.info-algerie.com\\\/actualites\\\/#\\\/schema\\\/person\\\/847aaec44920825b843a08f30ec6aa1e\"},\"headline\":\"L&#039;Alg\u00e9rie \u00e9lue pour pr\u00e9sider l&#039;Afripol\u00a0\",\"datePublished\":\"2017-05-15T13:34:04+00:00\",\"mainEntityOfPage\":{\"@id\":\"https:\\\/\\\/www.info-algerie.com\\\/actualites\\\/lalgerie-elue-pour-presider-lafripol\\\/\"},\"wordCount\":460,\"commentCount\":0,\"publisher\":{\"@id\":\"https:\\\/\\\/www.info-algerie.com\\\/actualites\\\/#organization\"},\"image\":{\"@id\":\"https:\\\/\\\/www.info-algerie.com\\\/actualites\\\/lalgerie-elue-pour-presider-lafripol\\\/#primaryimage\"},\"thumbnailUrl\":\"https:\\\/\\\/www.info-algerie.com\\\/actualites\\\/wp-content\\\/uploads\\\/2017\\\/05\\\/1f38ead2771dbf453cd7eb4c5b7b1f68_S-1.jpg\",\"keywords\":[\"ONU\"],\"articleSection\":[\"infos\"],\"inLanguage\":\"fr-FR\",\"potentialAction\":[{\"@type\":\"CommentAction\",\"name\":\"Comment\",\"target\":[\"https:\\\/\\\/www.info-algerie.com\\\/actualites\\\/lalgerie-elue-pour-presider-lafripol\\\/#respond\"]}]},{\"@type\":\"WebPage\",\"@id\":\"https:\\\/\\\/www.info-algerie.com\\\/actualites\\\/lalgerie-elue-pour-presider-lafripol\\\/\",\"url\":\"https:\\\/\\\/www.info-algerie.com\\\/actualites\\\/lalgerie-elue-pour-presider-lafripol\\\/\",\"name\":\"L&#039;Alg\u00e9rie \u00e9lue pour pr\u00e9sider l&#039;Afripol\u00a0 - info algerie\",\"isPartOf\":{\"@id\":\"https:\\\/\\\/www.info-algerie.com\\\/actualites\\\/#website\"},\"primaryImageOfPage\":{\"@id\":\"https:\\\/\\\/www.info-algerie.com\\\/actualites\\\/lalgerie-elue-pour-presider-lafripol\\\/#primaryimage\"},\"image\":{\"@id\":\"https:\\\/\\\/www.info-algerie.com\\\/actualites\\\/lalgerie-elue-pour-presider-lafripol\\\/#primaryimage\"},\"thumbnailUrl\":\"https:\\\/\\\/www.info-algerie.com\\\/actualites\\\/wp-content\\\/uploads\\\/2017\\\/05\\\/1f38ead2771dbf453cd7eb4c5b7b1f68_S-1.jpg\",\"datePublished\":\"2017-05-15T13:34:04+00:00\",\"breadcrumb\":{\"@id\":\"https:\\\/\\\/www.info-algerie.com\\\/actualites\\\/lalgerie-elue-pour-presider-lafripol\\\/#breadcrumb\"},\"inLanguage\":\"fr-FR\",\"potentialAction\":[{\"@type\":\"ReadAction\",\"target\":[\"https:\\\/\\\/www.info-algerie.com\\\/actualites\\\/lalgerie-elue-pour-presider-lafripol\\\/\"]}]},{\"@type\":\"ImageObject\",\"inLanguage\":\"fr-FR\",\"@id\":\"https:\\\/\\\/www.info-algerie.com\\\/actualites\\\/lalgerie-elue-pour-presider-lafripol\\\/#primaryimage\",\"url\":\"https:\\\/\\\/www.info-algerie.com\\\/actualites\\\/wp-content\\\/uploads\\\/2017\\\/05\\\/1f38ead2771dbf453cd7eb4c5b7b1f68_S-1.jpg\",\"contentUrl\":\"https:\\\/\\\/www.info-algerie.com\\\/actualites\\\/wp-content\\\/uploads\\\/2017\\\/05\\\/1f38ead2771dbf453cd7eb4c5b7b1f68_S-1.jpg\",\"width\":280,\"height\":172},{\"@type\":\"BreadcrumbList\",\"@id\":\"https:\\\/\\\/www.info-algerie.com\\\/actualites\\\/lalgerie-elue-pour-presider-lafripol\\\/#breadcrumb\",\"itemListElement\":[{\"@type\":\"ListItem\",\"position\":1,\"name\":\"Accueil\",\"item\":\"https:\\\/\\\/www.info-algerie.com\\\/actualites\\\/\"},{\"@type\":\"ListItem\",\"position\":2,\"name\":\"L&#039;Alg\u00e9rie \u00e9lue pour pr\u00e9sider l&#039;Afripol\u00a0\"}]},{\"@type\":\"WebSite\",\"@id\":\"https:\\\/\\\/www.info-algerie.com\\\/actualites\\\/#website\",\"url\":\"https:\\\/\\\/www.info-algerie.com\\\/actualites\\\/\",\"name\":\"info algerie\",\"description\":\"Toutes les actualit\u00e9s\",\"publisher\":{\"@id\":\"https:\\\/\\\/www.info-algerie.com\\\/actualites\\\/#organization\"},\"potentialAction\":[{\"@type\":\"SearchAction\",\"target\":{\"@type\":\"EntryPoint\",\"urlTemplate\":\"https:\\\/\\\/www.info-algerie.com\\\/actualites\\\/?s={search_term_string}\"},\"query-input\":{\"@type\":\"PropertyValueSpecification\",\"valueRequired\":true,\"valueName\":\"search_term_string\"}}],\"inLanguage\":\"fr-FR\"},{\"@type\":\"Organization\",\"@id\":\"https:\\\/\\\/www.info-algerie.com\\\/actualites\\\/#organization\",\"name\":\"info algerie\",\"url\":\"https:\\\/\\\/www.info-algerie.com\\\/actualites\\\/\",\"logo\":{\"@type\":\"ImageObject\",\"inLanguage\":\"fr-FR\",\"@id\":\"https:\\\/\\\/www.info-algerie.com\\\/actualites\\\/#\\\/schema\\\/logo\\\/image\\\/\",\"url\":\"https:\\\/\\\/www.info-algerie.com\\\/actualites\\\/wp-content\\\/uploads\\\/2022\\\/07\\\/logo-ia-120.png\",\"contentUrl\":\"https:\\\/\\\/www.info-algerie.com\\\/actualites\\\/wp-content\\\/uploads\\\/2022\\\/07\\\/logo-ia-120.png\",\"width\":120,\"height\":43,\"caption\":\"info algerie\"},\"image\":{\"@id\":\"https:\\\/\\\/www.info-algerie.com\\\/actualites\\\/#\\\/schema\\\/logo\\\/image\\\/\"},\"sameAs\":[\"https:\\\/\\\/www.facebook.com\\\/infoalgerieactu\",\"https:\\\/\\\/x.com\\\/infoalgerie1\"]},{\"@type\":\"Person\",\"@id\":\"https:\\\/\\\/www.info-algerie.com\\\/actualites\\\/#\\\/schema\\\/person\\\/847aaec44920825b843a08f30ec6aa1e\",\"name\":\"La r\u00e9daction\",\"image\":{\"@type\":\"ImageObject\",\"inLanguage\":\"fr-FR\",\"@id\":\"https:\\\/\\\/secure.gravatar.com\\\/avatar\\\/769db425c6f465158149f1ffd6cf61ce7a8a879d11dfbef8288af36dfddd418c?s=96&d=mm&r=g\",\"url\":\"https:\\\/\\\/secure.gravatar.com\\\/avatar\\\/769db425c6f465158149f1ffd6cf61ce7a8a879d11dfbef8288af36dfddd418c?s=96&d=mm&r=g\",\"contentUrl\":\"https:\\\/\\\/secure.gravatar.com\\\/avatar\\\/769db425c6f465158149f1ffd6cf61ce7a8a879d11dfbef8288af36dfddd418c?s=96&d=mm&r=g\",\"caption\":\"La r\u00e9daction\"},\"sameAs\":[\"http:\\\/\\\/www.lkeria.com\\\/\"],\"url\":\"https:\\\/\\\/www.info-algerie.com\\\/actualites\\\/author\\\/chakib32\\\/\"}]}<\/script>\n<!-- \/ Yoast SEO plugin. -->","yoast_head_json":{"title":"L&#039;Alg\u00e9rie \u00e9lue pour pr\u00e9sider l&#039;Afripol\u00a0 - info algerie","robots":{"index":"index","follow":"follow","max-snippet":"max-snippet:-1","max-image-preview":"max-image-preview:large","max-video-preview":"max-video-preview:-1"},"canonical":"https:\/\/www.info-algerie.com\/actualites\/lalgerie-elue-pour-presider-lafripol\/","og_locale":"fr_FR","og_type":"article","og_title":"L&#039;Alg\u00e9rie \u00e9lue pour pr\u00e9sider l&#039;Afripol\u00a0 - info algerie","og_description":"ALGER- L&rsquo;Alg\u00e9rie a \u00e9t\u00e9 \u00e9lue lundi pour pr\u00e9sider le\u00a0 M\u00e9canisme de coop\u00e9ration polici\u00e8re africaine (Afripol), dont la premi\u00e8re\u00a0 assembl\u00e9e g\u00e9n\u00e9rale se tient Alger du 14 au 16 mai, a indiqu\u00e9 le Commissaire\u00a0 \u00e0 la paix et \u00e0 la s\u00e9curit\u00e9 de l&rsquo;Union africaine (UA), Sma\u00efl Chergui. &#013; &#013; \u00ab\u00a0La premi\u00e8re assembl\u00e9e g\u00e9n\u00e9rale de l\u2019Afripol s&rsquo;est ouverte","og_url":"https:\/\/www.info-algerie.com\/actualites\/lalgerie-elue-pour-presider-lafripol\/","og_site_name":"info algerie","article_publisher":"https:\/\/www.facebook.com\/infoalgerieactu","article_published_time":"2017-05-15T13:34:04+00:00","og_image":[{"width":280,"height":172,"url":"https:\/\/www.info-algerie.com\/actualites\/wp-content\/uploads\/2017\/05\/1f38ead2771dbf453cd7eb4c5b7b1f68_S-1.jpg","type":"image\/jpeg"}],"author":"La r\u00e9daction","twitter_misc":{"\u00c9crit par":"La r\u00e9daction","Dur\u00e9e de lecture estim\u00e9e":"2 minutes"},"schema":{"@context":"https:\/\/schema.org","@graph":[{"@type":"Article","@id":"https:\/\/www.info-algerie.com\/actualites\/lalgerie-elue-pour-presider-lafripol\/#article","isPartOf":{"@id":"https:\/\/www.info-algerie.com\/actualites\/lalgerie-elue-pour-presider-lafripol\/"},"author":{"name":"La r\u00e9daction","@id":"https:\/\/www.info-algerie.com\/actualites\/#\/schema\/person\/847aaec44920825b843a08f30ec6aa1e"},"headline":"L&#039;Alg\u00e9rie \u00e9lue pour pr\u00e9sider l&#039;Afripol\u00a0","datePublished":"2017-05-15T13:34:04+00:00","mainEntityOfPage":{"@id":"https:\/\/www.info-algerie.com\/actualites\/lalgerie-elue-pour-presider-lafripol\/"},"wordCount":460,"commentCount":0,"publisher":{"@id":"https:\/\/www.info-algerie.com\/actualites\/#organization"},"image":{"@id":"https:\/\/www.info-algerie.com\/actualites\/lalgerie-elue-pour-presider-lafripol\/#primaryimage"},"thumbnailUrl":"https:\/\/www.info-algerie.com\/actualites\/wp-content\/uploads\/2017\/05\/1f38ead2771dbf453cd7eb4c5b7b1f68_S-1.jpg","keywords":["ONU"],"articleSection":["infos"],"inLanguage":"fr-FR","potentialAction":[{"@type":"CommentAction","name":"Comment","target":["https:\/\/www.info-algerie.com\/actualites\/lalgerie-elue-pour-presider-lafripol\/#respond"]}]},{"@type":"WebPage","@id":"https:\/\/www.info-algerie.com\/actualites\/lalgerie-elue-pour-presider-lafripol\/","url":"https:\/\/www.info-algerie.com\/actualites\/lalgerie-elue-pour-presider-lafripol\/","name":"L&#039;Alg\u00e9rie \u00e9lue pour pr\u00e9sider l&#039;Afripol\u00a0 - info algerie","isPartOf":{"@id":"https:\/\/www.info-algerie.com\/actualites\/#website"},"primaryImageOfPage":{"@id":"https:\/\/www.info-algerie.com\/actualites\/lalgerie-elue-pour-presider-lafripol\/#primaryimage"},"image":{"@id":"https:\/\/www.info-algerie.com\/actualites\/lalgerie-elue-pour-presider-lafripol\/#primaryimage"},"thumbnailUrl":"https:\/\/www.info-algerie.com\/actualites\/wp-content\/uploads\/2017\/05\/1f38ead2771dbf453cd7eb4c5b7b1f68_S-1.jpg","datePublished":"2017-05-15T13:34:04+00:00","breadcrumb":{"@id":"https:\/\/www.info-algerie.com\/actualites\/lalgerie-elue-pour-presider-lafripol\/#breadcrumb"},"inLanguage":"fr-FR","potentialAction":[{"@type":"ReadAction","target":["https:\/\/www.info-algerie.com\/actualites\/lalgerie-elue-pour-presider-lafripol\/"]}]},{"@type":"ImageObject","inLanguage":"fr-FR","@id":"https:\/\/www.info-algerie.com\/actualites\/lalgerie-elue-pour-presider-lafripol\/#primaryimage","url":"https:\/\/www.info-algerie.com\/actualites\/wp-content\/uploads\/2017\/05\/1f38ead2771dbf453cd7eb4c5b7b1f68_S-1.jpg","contentUrl":"https:\/\/www.info-algerie.com\/actualites\/wp-content\/uploads\/2017\/05\/1f38ead2771dbf453cd7eb4c5b7b1f68_S-1.jpg","width":280,"height":172},{"@type":"BreadcrumbList","@id":"https:\/\/www.info-algerie.com\/actualites\/lalgerie-elue-pour-presider-lafripol\/#breadcrumb","itemListElement":[{"@type":"ListItem","position":1,"name":"Accueil","item":"https:\/\/www.info-algerie.com\/actualites\/"},{"@type":"ListItem","position":2,"name":"L&#039;Alg\u00e9rie \u00e9lue pour pr\u00e9sider l&#039;Afripol\u00a0"}]},{"@type":"WebSite","@id":"https:\/\/www.info-algerie.com\/actualites\/#website","url":"https:\/\/www.info-algerie.com\/actualites\/","name":"info algerie","description":"Toutes les actualit\u00e9s","publisher":{"@id":"https:\/\/www.info-algerie.com\/actualites\/#organization"},"potentialAction":[{"@type":"SearchAction","target":{"@type":"EntryPoint","urlTemplate":"https:\/\/www.info-algerie.com\/actualites\/?s={search_term_string}"},"query-input":{"@type":"PropertyValueSpecification","valueRequired":true,"valueName":"search_term_string"}}],"inLanguage":"fr-FR"},{"@type":"Organization","@id":"https:\/\/www.info-algerie.com\/actualites\/#organization","name":"info algerie","url":"https:\/\/www.info-algerie.com\/actualites\/","logo":{"@type":"ImageObject","inLanguage":"fr-FR","@id":"https:\/\/www.info-algerie.com\/actualites\/#\/schema\/logo\/image\/","url":"https:\/\/www.info-algerie.com\/actualites\/wp-content\/uploads\/2022\/07\/logo-ia-120.png","contentUrl":"https:\/\/www.info-algerie.com\/actualites\/wp-content\/uploads\/2022\/07\/logo-ia-120.png","width":120,"height":43,"caption":"info algerie"},"image":{"@id":"https:\/\/www.info-algerie.com\/actualites\/#\/schema\/logo\/image\/"},"sameAs":["https:\/\/www.facebook.com\/infoalgerieactu","https:\/\/x.com\/infoalgerie1"]},{"@type":"Person","@id":"https:\/\/www.info-algerie.com\/actualites\/#\/schema\/person\/847aaec44920825b843a08f30ec6aa1e","name":"La r\u00e9daction","image":{"@type":"ImageObject","inLanguage":"fr-FR","@id":"https:\/\/secure.gravatar.com\/avatar\/769db425c6f465158149f1ffd6cf61ce7a8a879d11dfbef8288af36dfddd418c?s=96&d=mm&r=g","url":"https:\/\/secure.gravatar.com\/avatar\/769db425c6f465158149f1ffd6cf61ce7a8a879d11dfbef8288af36dfddd418c?s=96&d=mm&r=g","contentUrl":"https:\/\/secure.gravatar.com\/avatar\/769db425c6f465158149f1ffd6cf61ce7a8a879d11dfbef8288af36dfddd418c?s=96&d=mm&r=g","caption":"La r\u00e9daction"},"sameAs":["http:\/\/www.lkeria.com\/"],"url":"https:\/\/www.info-algerie.com\/actualites\/author\/chakib32\/"}]}},"_links":{"self":[{"href":"https:\/\/www.info-algerie.com\/actualites\/wp-json\/wp\/v2\/posts\/12029","targetHints":{"allow":["GET"]}}],"collection":[{"href":"https:\/\/www.info-algerie.com\/actualites\/wp-json\/wp\/v2\/posts"}],"about":[{"href":"https:\/\/www.info-algerie.com\/actualites\/wp-json\/wp\/v2\/types\/post"}],"author":[{"embeddable":true,"href":"https:\/\/www.info-algerie.com\/actualites\/wp-json\/wp\/v2\/users\/6"}],"replies":[{"embeddable":true,"href":"https:\/\/www.info-algerie.com\/actualites\/wp-json\/wp\/v2\/comments?post=12029"}],"version-history":[{"count":0,"href":"https:\/\/www.info-algerie.com\/actualites\/wp-json\/wp\/v2\/posts\/12029\/revisions"}],"wp:featuredmedia":[{"embeddable":true,"href":"https:\/\/www.info-algerie.com\/actualites\/wp-json\/wp\/v2\/media\/12030"}],"wp:attachment":[{"href":"https:\/\/www.info-algerie.com\/actualites\/wp-json\/wp\/v2\/media?parent=12029"}],"wp:term":[{"taxonomy":"category","embeddable":true,"href":"https:\/\/www.info-algerie.com\/actualites\/wp-json\/wp\/v2\/categories?post=12029"},{"taxonomy":"post_tag","embeddable":true,"href":"https:\/\/www.info-algerie.com\/actualites\/wp-json\/wp\/v2\/tags?post=12029"}],"curies":[{"name":"wp","href":"https:\/\/api.w.org\/{rel}","templated":true}]}}