{"id":12035,"date":"2017-05-15T17:04:20","date_gmt":"2017-05-15T16:04:20","guid":{"rendered":"http:\/\/www.info-algerie.com\/actualites\/algerie-mali-signature-dun-protocole-de-cooperation-dans-le-domaine-juridique-et-judiciaire\/"},"modified":"2017-05-15T17:04:20","modified_gmt":"2017-05-15T16:04:20","slug":"algerie-mali-signature-dun-protocole-de-cooperation-dans-le-domaine-juridique-et-judiciaire","status":"publish","type":"post","link":"https:\/\/www.info-algerie.com\/actualites\/algerie-mali-signature-dun-protocole-de-cooperation-dans-le-domaine-juridique-et-judiciaire\/","title":{"rendered":"Alg\u00e9rie-Mali: Signature d&#039;un protocole de coop\u00e9ration dans le domaine\u00a0 juridique et judiciaire"},"content":{"rendered":"<div class=\"K2FeedImage\"><img decoding=\"async\" src=\"https:\/\/www.info-algerie.com\/actualites\/wp-content\/uploads\/2017\/05\/740491b13c99175fc8c047baef7e0a0d_S.jpg\" alt=\"Alg&#xE9;rie-Mali: Signature d'un protocole de coop&#xE9;ration dans le domaine&#xA0; juridique et judiciaire\" \/><\/div>\n<div class=\"K2FeedIntroText\">\n<p class=\"MsoNoSpacing\">ALGER &#8211; L&rsquo;Alg\u00e9rie et le Mali ont sign\u00e9 dimanche \u00e0 Alger\u00a0 un protocole de coop\u00e9ration dans le domaine juridique et judiciaire.Ce protocole a \u00e9t\u00e9 sign\u00e9 par le ministre de la Justice, Garde des Sceaux,\u00a0 Tayeb Louh et son homologue malien, Mamadou Ismaila Konate.<\/p>\n<p>&#013;\n<\/p><\/div>\n<div class=\"K2FeedFullText\">&#013;<\/p>\n<p>A l&rsquo;issue de la c\u00e9r\u00e9monie de signature, M. Louh a affirm\u00e9 que ce protocole\u00a0 constituait \u00ab\u00a0un nouveau jalon visant l&rsquo;\u00e9change d&rsquo;exp\u00e9riences et le\u00a0 renforcement de la coop\u00e9ration entre l&rsquo;Alg\u00e9rie et le Mali dans le domaine\u00a0 juridique et judiciaire, notamment en mati\u00e8re d&rsquo;acc\u00e9l\u00e9ration de l&rsquo;ex\u00e9cution\u00a0 des commissions rogatoires\u00a0\u00bb.<\/p>\n<p>&#013;<\/p>\n<p>Le ministre a annonc\u00e9 que des experts alg\u00e9riens devraient se rendre\u00a0 ult\u00e9rieurement \u00e0 Bamako, en vue d&rsquo;assister leurs homologues maliens dans le\u00a0 processus de modernisation du secteur de la Justice, \u00e0 travers\u00a0 l&rsquo;introduction des technologies de l&rsquo;information et de la communication (TIC), y compris pour la d\u00e9livrance du casier judiciaire, outre\u00a0 l&rsquo;organisation de sessions de formation au profit des juges antiterroristes\u00a0 des deux pays et l&rsquo;\u00e9change d&rsquo;exp\u00e9riences.<\/p>\n<p>&#013;<\/p>\n<p>Dans ce contexte, M. Louh a mis l&rsquo;accent sur l&rsquo;imp\u00e9rative mise \u00e0 jour de\u00a0 la convention, sign\u00e9e entre l&rsquo;Alg\u00e9rie et le Mali en 1983, afin de l&rsquo;adapter\u00a0 aux nouveaut\u00e9s enregistr\u00e9es dans le domaine juridique et judiciaire.<\/p>\n<p>&#013;<\/p>\n<p>Il a appel\u00e9, en outre, au renforcement de la coop\u00e9ration bilat\u00e9rale,\u00a0 d&rsquo;autant que la situation actuelle exige \u00ab\u00a0la conjugaison des efforts en vue\u00a0 de relever les d\u00e9fis s\u00e9curitaires et \u00e0 leur t\u00eate la lutte contre le\u00a0 terrorisme et le tarissement de ses sources de financement en particulier\u00a0 dans la r\u00e9gion du Sahel, ainsi que la n\u00e9cessit\u00e9 de lutter contre le\u00a0 criminalit\u00e9, sous toutes ses formes\u00a0\u00bb.<\/p>\n<p>&#013;<\/p>\n<p>Le Garde des Sceaux a pass\u00e9 en revue les efforts consentis dans le cadre\u00a0 de la lutte contre le crime organis\u00e9 et le terrorisme, rappelant dans ce\u00a0 sens les principaux volets de l&rsquo;approche globale adopt\u00e9e par l&rsquo;Alg\u00e9rie en\u00a0 mati\u00e8re de lutte antiterroriste et l&rsquo;importance de la coop\u00e9ration\u00a0 internationale dans ce domaine.<\/p>\n<p>&#013;<\/p>\n<p>M. Louh a \u00e9voqu\u00e9 les \u00e9tapes franchies par l&rsquo;Alg\u00e9rie en mati\u00e8re de r\u00e9forme\u00a0 et de modernisation de la Justice et l&rsquo;adaptation de son syst\u00e8me juridique\u00a0 avec les nouveaut\u00e9s enregistr\u00e9es \u00e0 l&rsquo;\u00e9chelle internationale, soulignant \u00ab\u00a0le\u00a0 grand int\u00e9r\u00eat accord\u00e9 par le pr\u00e9sident de la R\u00e9publique, Abdelaziz Bouteflika \u00e0 la cons\u00e9cration de ces r\u00e9formes pour l&rsquo;\u00e9dification de l&rsquo;Etat\u00a0 de droit\u00a0\u00bb.<\/p>\n<p>&#013;<\/p>\n<p>Le ministre malien a exprim\u00e9 la disponibilit\u00e9 de son pays \u00e0 \u00e9largir les\u00a0 domaines de coop\u00e9ration bilat\u00e9rale, notamment le domaine judiciaire, et la\u00a0 volont\u00e9 de tirer profit de l&rsquo;exp\u00e9rience de l&rsquo;Alg\u00e9rie en mati\u00e8re de lutte\u00a0 contre le terrorisme.<\/p>\n<p>&#013;<\/p>\n<p>Il a \u00e9galement mis en avant l&rsquo;importance de \u00ab\u00a0la formation continue des\u00a0 juges antiterroristes, et des agents de la Police judiciaire et ceux de la\u00a0 police des fronti\u00e8res\u00a0\u00bb. Le ministre malien a insist\u00e9, en outre, sur l&rsquo;importance de la\u00a0 coordination et de la coop\u00e9ration bilat\u00e9rale dans la lutte antiterroriste,\u00a0 pr\u00e9conisant \u00ab\u00a0davantage de vigilance\u00a0\u00bb.<\/p>\n<p>&#013;<\/p>\n<p>Apr\u00e8s avoir salu\u00e9 l&rsquo;exp\u00e9rience \u00ab\u00a0r\u00e9ussie\u00a0\u00bb de l&rsquo;Alg\u00e9rie dans la\u00a0 modernisation du secteur de la Justice, M. Mamadou a soulign\u00e9 \u00ab\u00a0l&rsquo;impact\u00a0 positif de cette modernisation sur la gestion des diff\u00e9rents secteurs au\u00a0 Mali, notamment au volet financier\u00a0\u00bb.<\/p>\n<p>&#013;<\/p>\n<p>\u00a0<\/p>\n<p>&#013;<\/p>\n<p>Accompagn\u00e9 du ministre de la Justice, M. Mamadou a visit\u00e9 le centre de\u00a0 personnalisation de la puce de signature \u00e9lectronique o\u00f9 il a re\u00e7u des\u00a0 explications sur le fonctionnement de cette structure et les facilit\u00e9s\u00a0 administratives offertes au citoyen.<\/p>\n<\/div>\n<p>&#013;<br \/>\nSource: <a href=\"http:\/\/www.aps.dz\/algerie\/57621-algerie-mali-signature-d-un-protocole-de-cooperation-dans-le-domaine-juridique-et-judiciaire\" target=\"_blank\">Alg\u00e9rie-Mali: Signature d&rsquo;un protocole de coop\u00e9ration dans le domaine\u00a0 juridique et judiciaire<\/a><\/p>\n<!--CusAds0-->\n<div style=\"font-size: 0px; height: 0px; line-height: 0px; margin: 0; padding: 0; clear: both;\"><\/div>","protected":false},"excerpt":{"rendered":"<p>ALGER &#8211; L&rsquo;Alg\u00e9rie et le Mali ont sign\u00e9 dimanche \u00e0 Alger\u00a0 un protocole de coop\u00e9ration dans le domaine juridique et judiciaire.Ce protocole a \u00e9t\u00e9 sign\u00e9 par le ministre de la Justice, Garde des Sceaux,\u00a0 Tayeb Louh et son homologue malien, Mamadou Ismaila Konate. &#013; &#013; A l&rsquo;issue de la c\u00e9r\u00e9monie de signature, M. Louh a<\/p>\n","protected":false},"author":6,"featured_media":12036,"comment_status":"open","ping_status":"open","sticky":false,"template":"","format":"standard","meta":{"footnotes":""},"categories":[22],"tags":[93],"class_list":["post-12035","post","type-post","status-publish","format-standard","has-post-thumbnail","hentry","category-infos","tag-onu"],"yoast_head":"<!-- This site is optimized with the Yoast SEO plugin v27.5 - https:\/\/yoast.com\/product\/yoast-seo-wordpress\/ -->\n<title>Alg\u00e9rie-Mali: Signature d&#039;un protocole de coop\u00e9ration dans le domaine\u00a0 juridique et judiciaire - info algerie<\/title>\n<meta name=\"robots\" content=\"index, follow, max-snippet:-1, max-image-preview:large, max-video-preview:-1\" \/>\n<link rel=\"canonical\" href=\"https:\/\/www.info-algerie.com\/actualites\/algerie-mali-signature-dun-protocole-de-cooperation-dans-le-domaine-juridique-et-judiciaire\/\" \/>\n<meta property=\"og:locale\" content=\"fr_FR\" \/>\n<meta property=\"og:type\" content=\"article\" \/>\n<meta property=\"og:title\" content=\"Alg\u00e9rie-Mali: Signature d&#039;un protocole de coop\u00e9ration dans le domaine\u00a0 juridique et judiciaire - info algerie\" \/>\n<meta property=\"og:description\" content=\"ALGER &#8211; L&rsquo;Alg\u00e9rie et le Mali ont sign\u00e9 dimanche \u00e0 Alger\u00a0 un protocole de coop\u00e9ration dans le domaine juridique et judiciaire.Ce protocole a \u00e9t\u00e9 sign\u00e9 par le ministre de la Justice, Garde des Sceaux,\u00a0 Tayeb Louh et son homologue malien, Mamadou Ismaila Konate. &#013; &#013; A l&rsquo;issue de la c\u00e9r\u00e9monie de signature, M. Louh a\" \/>\n<meta property=\"og:url\" content=\"https:\/\/www.info-algerie.com\/actualites\/algerie-mali-signature-dun-protocole-de-cooperation-dans-le-domaine-juridique-et-judiciaire\/\" \/>\n<meta property=\"og:site_name\" content=\"info algerie\" \/>\n<meta property=\"article:publisher\" content=\"https:\/\/www.facebook.com\/infoalgerieactu\" \/>\n<meta property=\"article:published_time\" content=\"2017-05-15T16:04:20+00:00\" \/>\n<meta property=\"og:image\" content=\"https:\/\/www.info-algerie.com\/actualites\/wp-content\/uploads\/2017\/05\/740491b13c99175fc8c047baef7e0a0d_S-1.jpg\" \/>\n\t<meta property=\"og:image:width\" content=\"280\" \/>\n\t<meta property=\"og:image:height\" content=\"185\" \/>\n\t<meta property=\"og:image:type\" content=\"image\/jpeg\" \/>\n<meta name=\"author\" content=\"La r\u00e9daction\" \/>\n<meta name=\"twitter:label1\" content=\"\u00c9crit par\" \/>\n\t<meta name=\"twitter:data1\" content=\"La r\u00e9daction\" \/>\n\t<meta name=\"twitter:label2\" content=\"Dur\u00e9e de lecture estim\u00e9e\" \/>\n\t<meta name=\"twitter:data2\" content=\"3 minutes\" \/>\n<script type=\"application\/ld+json\" class=\"yoast-schema-graph\">{\"@context\":\"https:\\\/\\\/schema.org\",\"@graph\":[{\"@type\":\"Article\",\"@id\":\"https:\\\/\\\/www.info-algerie.com\\\/actualites\\\/algerie-mali-signature-dun-protocole-de-cooperation-dans-le-domaine-juridique-et-judiciaire\\\/#article\",\"isPartOf\":{\"@id\":\"https:\\\/\\\/www.info-algerie.com\\\/actualites\\\/algerie-mali-signature-dun-protocole-de-cooperation-dans-le-domaine-juridique-et-judiciaire\\\/\"},\"author\":{\"name\":\"La r\u00e9daction\",\"@id\":\"https:\\\/\\\/www.info-algerie.com\\\/actualites\\\/#\\\/schema\\\/person\\\/847aaec44920825b843a08f30ec6aa1e\"},\"headline\":\"Alg\u00e9rie-Mali: Signature d&#039;un protocole de coop\u00e9ration dans le domaine\u00a0 juridique et judiciaire\",\"datePublished\":\"2017-05-15T16:04:20+00:00\",\"mainEntityOfPage\":{\"@id\":\"https:\\\/\\\/www.info-algerie.com\\\/actualites\\\/algerie-mali-signature-dun-protocole-de-cooperation-dans-le-domaine-juridique-et-judiciaire\\\/\"},\"wordCount\":647,\"commentCount\":0,\"publisher\":{\"@id\":\"https:\\\/\\\/www.info-algerie.com\\\/actualites\\\/#organization\"},\"image\":{\"@id\":\"https:\\\/\\\/www.info-algerie.com\\\/actualites\\\/algerie-mali-signature-dun-protocole-de-cooperation-dans-le-domaine-juridique-et-judiciaire\\\/#primaryimage\"},\"thumbnailUrl\":\"https:\\\/\\\/www.info-algerie.com\\\/actualites\\\/wp-content\\\/uploads\\\/2017\\\/05\\\/740491b13c99175fc8c047baef7e0a0d_S-1.jpg\",\"keywords\":[\"ONU\"],\"articleSection\":[\"infos\"],\"inLanguage\":\"fr-FR\",\"potentialAction\":[{\"@type\":\"CommentAction\",\"name\":\"Comment\",\"target\":[\"https:\\\/\\\/www.info-algerie.com\\\/actualites\\\/algerie-mali-signature-dun-protocole-de-cooperation-dans-le-domaine-juridique-et-judiciaire\\\/#respond\"]}]},{\"@type\":\"WebPage\",\"@id\":\"https:\\\/\\\/www.info-algerie.com\\\/actualites\\\/algerie-mali-signature-dun-protocole-de-cooperation-dans-le-domaine-juridique-et-judiciaire\\\/\",\"url\":\"https:\\\/\\\/www.info-algerie.com\\\/actualites\\\/algerie-mali-signature-dun-protocole-de-cooperation-dans-le-domaine-juridique-et-judiciaire\\\/\",\"name\":\"Alg\u00e9rie-Mali: Signature d&#039;un protocole de coop\u00e9ration dans le domaine\u00a0 juridique et judiciaire - info algerie\",\"isPartOf\":{\"@id\":\"https:\\\/\\\/www.info-algerie.com\\\/actualites\\\/#website\"},\"primaryImageOfPage\":{\"@id\":\"https:\\\/\\\/www.info-algerie.com\\\/actualites\\\/algerie-mali-signature-dun-protocole-de-cooperation-dans-le-domaine-juridique-et-judiciaire\\\/#primaryimage\"},\"image\":{\"@id\":\"https:\\\/\\\/www.info-algerie.com\\\/actualites\\\/algerie-mali-signature-dun-protocole-de-cooperation-dans-le-domaine-juridique-et-judiciaire\\\/#primaryimage\"},\"thumbnailUrl\":\"https:\\\/\\\/www.info-algerie.com\\\/actualites\\\/wp-content\\\/uploads\\\/2017\\\/05\\\/740491b13c99175fc8c047baef7e0a0d_S-1.jpg\",\"datePublished\":\"2017-05-15T16:04:20+00:00\",\"breadcrumb\":{\"@id\":\"https:\\\/\\\/www.info-algerie.com\\\/actualites\\\/algerie-mali-signature-dun-protocole-de-cooperation-dans-le-domaine-juridique-et-judiciaire\\\/#breadcrumb\"},\"inLanguage\":\"fr-FR\",\"potentialAction\":[{\"@type\":\"ReadAction\",\"target\":[\"https:\\\/\\\/www.info-algerie.com\\\/actualites\\\/algerie-mali-signature-dun-protocole-de-cooperation-dans-le-domaine-juridique-et-judiciaire\\\/\"]}]},{\"@type\":\"ImageObject\",\"inLanguage\":\"fr-FR\",\"@id\":\"https:\\\/\\\/www.info-algerie.com\\\/actualites\\\/algerie-mali-signature-dun-protocole-de-cooperation-dans-le-domaine-juridique-et-judiciaire\\\/#primaryimage\",\"url\":\"https:\\\/\\\/www.info-algerie.com\\\/actualites\\\/wp-content\\\/uploads\\\/2017\\\/05\\\/740491b13c99175fc8c047baef7e0a0d_S-1.jpg\",\"contentUrl\":\"https:\\\/\\\/www.info-algerie.com\\\/actualites\\\/wp-content\\\/uploads\\\/2017\\\/05\\\/740491b13c99175fc8c047baef7e0a0d_S-1.jpg\",\"width\":280,\"height\":185},{\"@type\":\"BreadcrumbList\",\"@id\":\"https:\\\/\\\/www.info-algerie.com\\\/actualites\\\/algerie-mali-signature-dun-protocole-de-cooperation-dans-le-domaine-juridique-et-judiciaire\\\/#breadcrumb\",\"itemListElement\":[{\"@type\":\"ListItem\",\"position\":1,\"name\":\"Accueil\",\"item\":\"https:\\\/\\\/www.info-algerie.com\\\/actualites\\\/\"},{\"@type\":\"ListItem\",\"position\":2,\"name\":\"Alg\u00e9rie-Mali: Signature d&#039;un protocole de coop\u00e9ration dans le domaine\u00a0 juridique et judiciaire\"}]},{\"@type\":\"WebSite\",\"@id\":\"https:\\\/\\\/www.info-algerie.com\\\/actualites\\\/#website\",\"url\":\"https:\\\/\\\/www.info-algerie.com\\\/actualites\\\/\",\"name\":\"info algerie\",\"description\":\"Toutes les actualit\u00e9s\",\"publisher\":{\"@id\":\"https:\\\/\\\/www.info-algerie.com\\\/actualites\\\/#organization\"},\"potentialAction\":[{\"@type\":\"SearchAction\",\"target\":{\"@type\":\"EntryPoint\",\"urlTemplate\":\"https:\\\/\\\/www.info-algerie.com\\\/actualites\\\/?s={search_term_string}\"},\"query-input\":{\"@type\":\"PropertyValueSpecification\",\"valueRequired\":true,\"valueName\":\"search_term_string\"}}],\"inLanguage\":\"fr-FR\"},{\"@type\":\"Organization\",\"@id\":\"https:\\\/\\\/www.info-algerie.com\\\/actualites\\\/#organization\",\"name\":\"info algerie\",\"url\":\"https:\\\/\\\/www.info-algerie.com\\\/actualites\\\/\",\"logo\":{\"@type\":\"ImageObject\",\"inLanguage\":\"fr-FR\",\"@id\":\"https:\\\/\\\/www.info-algerie.com\\\/actualites\\\/#\\\/schema\\\/logo\\\/image\\\/\",\"url\":\"https:\\\/\\\/www.info-algerie.com\\\/actualites\\\/wp-content\\\/uploads\\\/2022\\\/07\\\/logo-ia-120.png\",\"contentUrl\":\"https:\\\/\\\/www.info-algerie.com\\\/actualites\\\/wp-content\\\/uploads\\\/2022\\\/07\\\/logo-ia-120.png\",\"width\":120,\"height\":43,\"caption\":\"info algerie\"},\"image\":{\"@id\":\"https:\\\/\\\/www.info-algerie.com\\\/actualites\\\/#\\\/schema\\\/logo\\\/image\\\/\"},\"sameAs\":[\"https:\\\/\\\/www.facebook.com\\\/infoalgerieactu\",\"https:\\\/\\\/x.com\\\/infoalgerie1\"]},{\"@type\":\"Person\",\"@id\":\"https:\\\/\\\/www.info-algerie.com\\\/actualites\\\/#\\\/schema\\\/person\\\/847aaec44920825b843a08f30ec6aa1e\",\"name\":\"La r\u00e9daction\",\"image\":{\"@type\":\"ImageObject\",\"inLanguage\":\"fr-FR\",\"@id\":\"https:\\\/\\\/secure.gravatar.com\\\/avatar\\\/769db425c6f465158149f1ffd6cf61ce7a8a879d11dfbef8288af36dfddd418c?s=96&d=mm&r=g\",\"url\":\"https:\\\/\\\/secure.gravatar.com\\\/avatar\\\/769db425c6f465158149f1ffd6cf61ce7a8a879d11dfbef8288af36dfddd418c?s=96&d=mm&r=g\",\"contentUrl\":\"https:\\\/\\\/secure.gravatar.com\\\/avatar\\\/769db425c6f465158149f1ffd6cf61ce7a8a879d11dfbef8288af36dfddd418c?s=96&d=mm&r=g\",\"caption\":\"La r\u00e9daction\"},\"sameAs\":[\"http:\\\/\\\/www.lkeria.com\\\/\"],\"url\":\"https:\\\/\\\/www.info-algerie.com\\\/actualites\\\/author\\\/chakib32\\\/\"}]}<\/script>\n<!-- \/ Yoast SEO plugin. -->","yoast_head_json":{"title":"Alg\u00e9rie-Mali: Signature d&#039;un protocole de coop\u00e9ration dans le domaine\u00a0 juridique et judiciaire - info algerie","robots":{"index":"index","follow":"follow","max-snippet":"max-snippet:-1","max-image-preview":"max-image-preview:large","max-video-preview":"max-video-preview:-1"},"canonical":"https:\/\/www.info-algerie.com\/actualites\/algerie-mali-signature-dun-protocole-de-cooperation-dans-le-domaine-juridique-et-judiciaire\/","og_locale":"fr_FR","og_type":"article","og_title":"Alg\u00e9rie-Mali: Signature d&#039;un protocole de coop\u00e9ration dans le domaine\u00a0 juridique et judiciaire - info algerie","og_description":"ALGER &#8211; L&rsquo;Alg\u00e9rie et le Mali ont sign\u00e9 dimanche \u00e0 Alger\u00a0 un protocole de coop\u00e9ration dans le domaine juridique et judiciaire.Ce protocole a \u00e9t\u00e9 sign\u00e9 par le ministre de la Justice, Garde des Sceaux,\u00a0 Tayeb Louh et son homologue malien, Mamadou Ismaila Konate. &#013; &#013; A l&rsquo;issue de la c\u00e9r\u00e9monie de signature, M. Louh a","og_url":"https:\/\/www.info-algerie.com\/actualites\/algerie-mali-signature-dun-protocole-de-cooperation-dans-le-domaine-juridique-et-judiciaire\/","og_site_name":"info algerie","article_publisher":"https:\/\/www.facebook.com\/infoalgerieactu","article_published_time":"2017-05-15T16:04:20+00:00","og_image":[{"width":280,"height":185,"url":"https:\/\/www.info-algerie.com\/actualites\/wp-content\/uploads\/2017\/05\/740491b13c99175fc8c047baef7e0a0d_S-1.jpg","type":"image\/jpeg"}],"author":"La r\u00e9daction","twitter_misc":{"\u00c9crit par":"La r\u00e9daction","Dur\u00e9e de lecture estim\u00e9e":"3 minutes"},"schema":{"@context":"https:\/\/schema.org","@graph":[{"@type":"Article","@id":"https:\/\/www.info-algerie.com\/actualites\/algerie-mali-signature-dun-protocole-de-cooperation-dans-le-domaine-juridique-et-judiciaire\/#article","isPartOf":{"@id":"https:\/\/www.info-algerie.com\/actualites\/algerie-mali-signature-dun-protocole-de-cooperation-dans-le-domaine-juridique-et-judiciaire\/"},"author":{"name":"La r\u00e9daction","@id":"https:\/\/www.info-algerie.com\/actualites\/#\/schema\/person\/847aaec44920825b843a08f30ec6aa1e"},"headline":"Alg\u00e9rie-Mali: Signature d&#039;un protocole de coop\u00e9ration dans le domaine\u00a0 juridique et judiciaire","datePublished":"2017-05-15T16:04:20+00:00","mainEntityOfPage":{"@id":"https:\/\/www.info-algerie.com\/actualites\/algerie-mali-signature-dun-protocole-de-cooperation-dans-le-domaine-juridique-et-judiciaire\/"},"wordCount":647,"commentCount":0,"publisher":{"@id":"https:\/\/www.info-algerie.com\/actualites\/#organization"},"image":{"@id":"https:\/\/www.info-algerie.com\/actualites\/algerie-mali-signature-dun-protocole-de-cooperation-dans-le-domaine-juridique-et-judiciaire\/#primaryimage"},"thumbnailUrl":"https:\/\/www.info-algerie.com\/actualites\/wp-content\/uploads\/2017\/05\/740491b13c99175fc8c047baef7e0a0d_S-1.jpg","keywords":["ONU"],"articleSection":["infos"],"inLanguage":"fr-FR","potentialAction":[{"@type":"CommentAction","name":"Comment","target":["https:\/\/www.info-algerie.com\/actualites\/algerie-mali-signature-dun-protocole-de-cooperation-dans-le-domaine-juridique-et-judiciaire\/#respond"]}]},{"@type":"WebPage","@id":"https:\/\/www.info-algerie.com\/actualites\/algerie-mali-signature-dun-protocole-de-cooperation-dans-le-domaine-juridique-et-judiciaire\/","url":"https:\/\/www.info-algerie.com\/actualites\/algerie-mali-signature-dun-protocole-de-cooperation-dans-le-domaine-juridique-et-judiciaire\/","name":"Alg\u00e9rie-Mali: Signature d&#039;un protocole de coop\u00e9ration dans le domaine\u00a0 juridique et judiciaire - info algerie","isPartOf":{"@id":"https:\/\/www.info-algerie.com\/actualites\/#website"},"primaryImageOfPage":{"@id":"https:\/\/www.info-algerie.com\/actualites\/algerie-mali-signature-dun-protocole-de-cooperation-dans-le-domaine-juridique-et-judiciaire\/#primaryimage"},"image":{"@id":"https:\/\/www.info-algerie.com\/actualites\/algerie-mali-signature-dun-protocole-de-cooperation-dans-le-domaine-juridique-et-judiciaire\/#primaryimage"},"thumbnailUrl":"https:\/\/www.info-algerie.com\/actualites\/wp-content\/uploads\/2017\/05\/740491b13c99175fc8c047baef7e0a0d_S-1.jpg","datePublished":"2017-05-15T16:04:20+00:00","breadcrumb":{"@id":"https:\/\/www.info-algerie.com\/actualites\/algerie-mali-signature-dun-protocole-de-cooperation-dans-le-domaine-juridique-et-judiciaire\/#breadcrumb"},"inLanguage":"fr-FR","potentialAction":[{"@type":"ReadAction","target":["https:\/\/www.info-algerie.com\/actualites\/algerie-mali-signature-dun-protocole-de-cooperation-dans-le-domaine-juridique-et-judiciaire\/"]}]},{"@type":"ImageObject","inLanguage":"fr-FR","@id":"https:\/\/www.info-algerie.com\/actualites\/algerie-mali-signature-dun-protocole-de-cooperation-dans-le-domaine-juridique-et-judiciaire\/#primaryimage","url":"https:\/\/www.info-algerie.com\/actualites\/wp-content\/uploads\/2017\/05\/740491b13c99175fc8c047baef7e0a0d_S-1.jpg","contentUrl":"https:\/\/www.info-algerie.com\/actualites\/wp-content\/uploads\/2017\/05\/740491b13c99175fc8c047baef7e0a0d_S-1.jpg","width":280,"height":185},{"@type":"BreadcrumbList","@id":"https:\/\/www.info-algerie.com\/actualites\/algerie-mali-signature-dun-protocole-de-cooperation-dans-le-domaine-juridique-et-judiciaire\/#breadcrumb","itemListElement":[{"@type":"ListItem","position":1,"name":"Accueil","item":"https:\/\/www.info-algerie.com\/actualites\/"},{"@type":"ListItem","position":2,"name":"Alg\u00e9rie-Mali: Signature d&#039;un protocole de coop\u00e9ration dans le domaine\u00a0 juridique et judiciaire"}]},{"@type":"WebSite","@id":"https:\/\/www.info-algerie.com\/actualites\/#website","url":"https:\/\/www.info-algerie.com\/actualites\/","name":"info algerie","description":"Toutes les actualit\u00e9s","publisher":{"@id":"https:\/\/www.info-algerie.com\/actualites\/#organization"},"potentialAction":[{"@type":"SearchAction","target":{"@type":"EntryPoint","urlTemplate":"https:\/\/www.info-algerie.com\/actualites\/?s={search_term_string}"},"query-input":{"@type":"PropertyValueSpecification","valueRequired":true,"valueName":"search_term_string"}}],"inLanguage":"fr-FR"},{"@type":"Organization","@id":"https:\/\/www.info-algerie.com\/actualites\/#organization","name":"info algerie","url":"https:\/\/www.info-algerie.com\/actualites\/","logo":{"@type":"ImageObject","inLanguage":"fr-FR","@id":"https:\/\/www.info-algerie.com\/actualites\/#\/schema\/logo\/image\/","url":"https:\/\/www.info-algerie.com\/actualites\/wp-content\/uploads\/2022\/07\/logo-ia-120.png","contentUrl":"https:\/\/www.info-algerie.com\/actualites\/wp-content\/uploads\/2022\/07\/logo-ia-120.png","width":120,"height":43,"caption":"info algerie"},"image":{"@id":"https:\/\/www.info-algerie.com\/actualites\/#\/schema\/logo\/image\/"},"sameAs":["https:\/\/www.facebook.com\/infoalgerieactu","https:\/\/x.com\/infoalgerie1"]},{"@type":"Person","@id":"https:\/\/www.info-algerie.com\/actualites\/#\/schema\/person\/847aaec44920825b843a08f30ec6aa1e","name":"La r\u00e9daction","image":{"@type":"ImageObject","inLanguage":"fr-FR","@id":"https:\/\/secure.gravatar.com\/avatar\/769db425c6f465158149f1ffd6cf61ce7a8a879d11dfbef8288af36dfddd418c?s=96&d=mm&r=g","url":"https:\/\/secure.gravatar.com\/avatar\/769db425c6f465158149f1ffd6cf61ce7a8a879d11dfbef8288af36dfddd418c?s=96&d=mm&r=g","contentUrl":"https:\/\/secure.gravatar.com\/avatar\/769db425c6f465158149f1ffd6cf61ce7a8a879d11dfbef8288af36dfddd418c?s=96&d=mm&r=g","caption":"La r\u00e9daction"},"sameAs":["http:\/\/www.lkeria.com\/"],"url":"https:\/\/www.info-algerie.com\/actualites\/author\/chakib32\/"}]}},"_links":{"self":[{"href":"https:\/\/www.info-algerie.com\/actualites\/wp-json\/wp\/v2\/posts\/12035","targetHints":{"allow":["GET"]}}],"collection":[{"href":"https:\/\/www.info-algerie.com\/actualites\/wp-json\/wp\/v2\/posts"}],"about":[{"href":"https:\/\/www.info-algerie.com\/actualites\/wp-json\/wp\/v2\/types\/post"}],"author":[{"embeddable":true,"href":"https:\/\/www.info-algerie.com\/actualites\/wp-json\/wp\/v2\/users\/6"}],"replies":[{"embeddable":true,"href":"https:\/\/www.info-algerie.com\/actualites\/wp-json\/wp\/v2\/comments?post=12035"}],"version-history":[{"count":0,"href":"https:\/\/www.info-algerie.com\/actualites\/wp-json\/wp\/v2\/posts\/12035\/revisions"}],"wp:featuredmedia":[{"embeddable":true,"href":"https:\/\/www.info-algerie.com\/actualites\/wp-json\/wp\/v2\/media\/12036"}],"wp:attachment":[{"href":"https:\/\/www.info-algerie.com\/actualites\/wp-json\/wp\/v2\/media?parent=12035"}],"wp:term":[{"taxonomy":"category","embeddable":true,"href":"https:\/\/www.info-algerie.com\/actualites\/wp-json\/wp\/v2\/categories?post=12035"},{"taxonomy":"post_tag","embeddable":true,"href":"https:\/\/www.info-algerie.com\/actualites\/wp-json\/wp\/v2\/tags?post=12035"}],"curies":[{"name":"wp","href":"https:\/\/api.w.org\/{rel}","templated":true}]}}