{"id":12052,"date":"2017-05-16T10:49:55","date_gmt":"2017-05-16T09:49:55","guid":{"rendered":"http:\/\/www.info-algerie.com\/actualites\/lamamra-en-visite-de-travail-a-washington-a-partir-de-mercredi\/"},"modified":"2017-05-16T10:49:55","modified_gmt":"2017-05-16T09:49:55","slug":"lamamra-en-visite-de-travail-a-washington-a-partir-de-mercredi","status":"publish","type":"post","link":"https:\/\/www.info-algerie.com\/actualites\/lamamra-en-visite-de-travail-a-washington-a-partir-de-mercredi\/","title":{"rendered":"Lamamra en visite de travail \u00e0 Washington \u00e0 partir de mercredi"},"content":{"rendered":"<div class=\"K2FeedImage\"><img decoding=\"async\" src=\"https:\/\/www.info-algerie.com\/actualites\/wp-content\/uploads\/2017\/05\/fb7fa1d7296eaded25b99efdf359e615_S.jpg\" alt=\"Lamamra en visite de travail &#xE0; Washington &#xE0; partir de mercredi\" \/><\/div>\n<div class=\"K2FeedIntroText\">\n<p>ALGER- Le ministre d&rsquo;Etat, ministre des Affaires \u00e9trang\u00e8res et de la Coop\u00e9ration internationale, Ramtane Lamamra, \u00a0effectuera, \u00e0 partir de mercredi, une visite de travail \u00e0 Washington \u00e0 l&rsquo;invitation du secr\u00e9taire d&rsquo;Etat am\u00e9ricain, Rex Tillerson, avec lequel il aura des entretiens qui porteront sur la coop\u00e9ration bilat\u00e9rale et les questions politiques et s\u00e9curitaires d&rsquo;int\u00e9r\u00eat commun, indique mardi un communique du minist\u00e8re des Affaires \u00e9trang\u00e8res.<\/p>\n<p>&#013;\n<\/p><\/div>\n<div class=\"K2FeedFullText\">&#013;<\/p>\n<p>Les chefs de la diplomatie alg\u00e9rienne et am\u00e9ricaine auront l&rsquo;occasion, dans le contexte du dialogue strat\u00e9gique entre les deux pays et dans la perspective de la tenue de la quatri\u00e8me session minist\u00e9rielle, d'\u00a0\u00bb\u00e9changer des vues sur les questions internationales inscrites \u00e0 l&rsquo;agenda des Nations Unies, notamment la question palestinienne, les crises en Libye et en Syrie, la situation au Sahel, ainsi que la question du Sahara occidental\u00a0\u00bb, pr\u00e9cise-t-on de m\u00eame source.<\/p>\n<p>&#013;<\/p>\n<p>La coop\u00e9ration internationale en mati\u00e8re de lutte contre le terrorisme et la criminalit\u00e9 transfrontali\u00e8re, ainsi que les grands axes des contributions am\u00e9ricaines \u00e0 la paix et \u00e0 la s\u00e9curit\u00e9 de l&rsquo;Afrique et son d\u00e9veloppement seront \u00e9galement \u00e0 l&rsquo;ordre du jour des entretiens entre les deux parties.\u00a0\u00a0\u00a0<\/p>\n<p>&#013;<\/p>\n<p class=\"MsoNormal\">Au cours de cette visite de deux jours, M. Lamamra aura, en outre, \u00ab\u00a0des consultations avec de hauts responsables du Congr\u00e8s am\u00e9ricain sur les perspectives de renforcement du partenariat alg\u00e9ro-am\u00e9ricain, ainsi que sur des questions globales et r\u00e9gionales\u00a0\u00bb, ajoute le communiqu\u00e9.\u00a0<\/p>\n<\/div>\n<p>&#013;<br \/>\nSource: <a href=\"http:\/\/www.aps.dz\/algerie\/57647-lamamra-en-visite-de-travail-a-washington-a-partir-de-mercredi\" target=\"_blank\">Lamamra en visite de travail \u00e0 Washington \u00e0 partir de mercredi<\/a><\/p>\n<!--CusAds0-->\n<div style=\"font-size: 0px; height: 0px; line-height: 0px; margin: 0; padding: 0; clear: both;\"><\/div>","protected":false},"excerpt":{"rendered":"<p>ALGER- Le ministre d&rsquo;Etat, ministre des Affaires \u00e9trang\u00e8res et de la Coop\u00e9ration internationale, Ramtane Lamamra, \u00a0effectuera, \u00e0 partir de mercredi, une visite de travail \u00e0 Washington \u00e0 l&rsquo;invitation du secr\u00e9taire d&rsquo;Etat am\u00e9ricain, Rex Tillerson, avec lequel il aura des entretiens qui porteront sur la coop\u00e9ration bilat\u00e9rale et les questions politiques et s\u00e9curitaires d&rsquo;int\u00e9r\u00eat commun, indique<\/p>\n","protected":false},"author":6,"featured_media":12053,"comment_status":"open","ping_status":"open","sticky":false,"template":"","format":"standard","meta":{"footnotes":""},"categories":[22],"tags":[93],"class_list":["post-12052","post","type-post","status-publish","format-standard","has-post-thumbnail","hentry","category-infos","tag-onu"],"yoast_head":"<!-- This site is optimized with the Yoast SEO plugin v27.5 - https:\/\/yoast.com\/product\/yoast-seo-wordpress\/ -->\n<title>Lamamra en visite de travail \u00e0 Washington \u00e0 partir de mercredi - info algerie<\/title>\n<meta name=\"robots\" content=\"index, follow, max-snippet:-1, max-image-preview:large, max-video-preview:-1\" \/>\n<link rel=\"canonical\" href=\"https:\/\/www.info-algerie.com\/actualites\/lamamra-en-visite-de-travail-a-washington-a-partir-de-mercredi\/\" \/>\n<meta property=\"og:locale\" content=\"fr_FR\" \/>\n<meta property=\"og:type\" content=\"article\" \/>\n<meta property=\"og:title\" content=\"Lamamra en visite de travail \u00e0 Washington \u00e0 partir de mercredi - info algerie\" \/>\n<meta property=\"og:description\" content=\"ALGER- Le ministre d&rsquo;Etat, ministre des Affaires \u00e9trang\u00e8res et de la Coop\u00e9ration internationale, Ramtane Lamamra, \u00a0effectuera, \u00e0 partir de mercredi, une visite de travail \u00e0 Washington \u00e0 l&rsquo;invitation du secr\u00e9taire d&rsquo;Etat am\u00e9ricain, Rex Tillerson, avec lequel il aura des entretiens qui porteront sur la coop\u00e9ration bilat\u00e9rale et les questions politiques et s\u00e9curitaires d&rsquo;int\u00e9r\u00eat commun, indique\" \/>\n<meta property=\"og:url\" content=\"https:\/\/www.info-algerie.com\/actualites\/lamamra-en-visite-de-travail-a-washington-a-partir-de-mercredi\/\" \/>\n<meta property=\"og:site_name\" content=\"info algerie\" \/>\n<meta property=\"article:publisher\" content=\"https:\/\/www.facebook.com\/infoalgerieactu\" \/>\n<meta property=\"article:published_time\" content=\"2017-05-16T09:49:55+00:00\" \/>\n<meta property=\"og:image\" content=\"https:\/\/www.info-algerie.com\/actualites\/wp-content\/uploads\/2017\/05\/fb7fa1d7296eaded25b99efdf359e615_S-1.jpg\" \/>\n\t<meta property=\"og:image:width\" content=\"280\" \/>\n\t<meta property=\"og:image:height\" content=\"169\" \/>\n\t<meta property=\"og:image:type\" content=\"image\/jpeg\" \/>\n<meta name=\"author\" content=\"La r\u00e9daction\" \/>\n<meta name=\"twitter:label1\" content=\"\u00c9crit par\" \/>\n\t<meta name=\"twitter:data1\" content=\"La r\u00e9daction\" \/>\n\t<meta name=\"twitter:label2\" content=\"Dur\u00e9e de lecture estim\u00e9e\" \/>\n\t<meta name=\"twitter:data2\" content=\"1 minute\" \/>\n<script type=\"application\/ld+json\" class=\"yoast-schema-graph\">{\"@context\":\"https:\\\/\\\/schema.org\",\"@graph\":[{\"@type\":\"Article\",\"@id\":\"https:\\\/\\\/www.info-algerie.com\\\/actualites\\\/lamamra-en-visite-de-travail-a-washington-a-partir-de-mercredi\\\/#article\",\"isPartOf\":{\"@id\":\"https:\\\/\\\/www.info-algerie.com\\\/actualites\\\/lamamra-en-visite-de-travail-a-washington-a-partir-de-mercredi\\\/\"},\"author\":{\"name\":\"La r\u00e9daction\",\"@id\":\"https:\\\/\\\/www.info-algerie.com\\\/actualites\\\/#\\\/schema\\\/person\\\/847aaec44920825b843a08f30ec6aa1e\"},\"headline\":\"Lamamra en visite de travail \u00e0 Washington \u00e0 partir de mercredi\",\"datePublished\":\"2017-05-16T09:49:55+00:00\",\"mainEntityOfPage\":{\"@id\":\"https:\\\/\\\/www.info-algerie.com\\\/actualites\\\/lamamra-en-visite-de-travail-a-washington-a-partir-de-mercredi\\\/\"},\"wordCount\":271,\"commentCount\":0,\"publisher\":{\"@id\":\"https:\\\/\\\/www.info-algerie.com\\\/actualites\\\/#organization\"},\"image\":{\"@id\":\"https:\\\/\\\/www.info-algerie.com\\\/actualites\\\/lamamra-en-visite-de-travail-a-washington-a-partir-de-mercredi\\\/#primaryimage\"},\"thumbnailUrl\":\"https:\\\/\\\/www.info-algerie.com\\\/actualites\\\/wp-content\\\/uploads\\\/2017\\\/05\\\/fb7fa1d7296eaded25b99efdf359e615_S-1.jpg\",\"keywords\":[\"ONU\"],\"articleSection\":[\"infos\"],\"inLanguage\":\"fr-FR\",\"potentialAction\":[{\"@type\":\"CommentAction\",\"name\":\"Comment\",\"target\":[\"https:\\\/\\\/www.info-algerie.com\\\/actualites\\\/lamamra-en-visite-de-travail-a-washington-a-partir-de-mercredi\\\/#respond\"]}]},{\"@type\":\"WebPage\",\"@id\":\"https:\\\/\\\/www.info-algerie.com\\\/actualites\\\/lamamra-en-visite-de-travail-a-washington-a-partir-de-mercredi\\\/\",\"url\":\"https:\\\/\\\/www.info-algerie.com\\\/actualites\\\/lamamra-en-visite-de-travail-a-washington-a-partir-de-mercredi\\\/\",\"name\":\"Lamamra en visite de travail \u00e0 Washington \u00e0 partir de mercredi - info algerie\",\"isPartOf\":{\"@id\":\"https:\\\/\\\/www.info-algerie.com\\\/actualites\\\/#website\"},\"primaryImageOfPage\":{\"@id\":\"https:\\\/\\\/www.info-algerie.com\\\/actualites\\\/lamamra-en-visite-de-travail-a-washington-a-partir-de-mercredi\\\/#primaryimage\"},\"image\":{\"@id\":\"https:\\\/\\\/www.info-algerie.com\\\/actualites\\\/lamamra-en-visite-de-travail-a-washington-a-partir-de-mercredi\\\/#primaryimage\"},\"thumbnailUrl\":\"https:\\\/\\\/www.info-algerie.com\\\/actualites\\\/wp-content\\\/uploads\\\/2017\\\/05\\\/fb7fa1d7296eaded25b99efdf359e615_S-1.jpg\",\"datePublished\":\"2017-05-16T09:49:55+00:00\",\"breadcrumb\":{\"@id\":\"https:\\\/\\\/www.info-algerie.com\\\/actualites\\\/lamamra-en-visite-de-travail-a-washington-a-partir-de-mercredi\\\/#breadcrumb\"},\"inLanguage\":\"fr-FR\",\"potentialAction\":[{\"@type\":\"ReadAction\",\"target\":[\"https:\\\/\\\/www.info-algerie.com\\\/actualites\\\/lamamra-en-visite-de-travail-a-washington-a-partir-de-mercredi\\\/\"]}]},{\"@type\":\"ImageObject\",\"inLanguage\":\"fr-FR\",\"@id\":\"https:\\\/\\\/www.info-algerie.com\\\/actualites\\\/lamamra-en-visite-de-travail-a-washington-a-partir-de-mercredi\\\/#primaryimage\",\"url\":\"https:\\\/\\\/www.info-algerie.com\\\/actualites\\\/wp-content\\\/uploads\\\/2017\\\/05\\\/fb7fa1d7296eaded25b99efdf359e615_S-1.jpg\",\"contentUrl\":\"https:\\\/\\\/www.info-algerie.com\\\/actualites\\\/wp-content\\\/uploads\\\/2017\\\/05\\\/fb7fa1d7296eaded25b99efdf359e615_S-1.jpg\",\"width\":280,\"height\":169},{\"@type\":\"BreadcrumbList\",\"@id\":\"https:\\\/\\\/www.info-algerie.com\\\/actualites\\\/lamamra-en-visite-de-travail-a-washington-a-partir-de-mercredi\\\/#breadcrumb\",\"itemListElement\":[{\"@type\":\"ListItem\",\"position\":1,\"name\":\"Accueil\",\"item\":\"https:\\\/\\\/www.info-algerie.com\\\/actualites\\\/\"},{\"@type\":\"ListItem\",\"position\":2,\"name\":\"Lamamra en visite de travail \u00e0 Washington \u00e0 partir de mercredi\"}]},{\"@type\":\"WebSite\",\"@id\":\"https:\\\/\\\/www.info-algerie.com\\\/actualites\\\/#website\",\"url\":\"https:\\\/\\\/www.info-algerie.com\\\/actualites\\\/\",\"name\":\"info algerie\",\"description\":\"Toutes les actualit\u00e9s\",\"publisher\":{\"@id\":\"https:\\\/\\\/www.info-algerie.com\\\/actualites\\\/#organization\"},\"potentialAction\":[{\"@type\":\"SearchAction\",\"target\":{\"@type\":\"EntryPoint\",\"urlTemplate\":\"https:\\\/\\\/www.info-algerie.com\\\/actualites\\\/?s={search_term_string}\"},\"query-input\":{\"@type\":\"PropertyValueSpecification\",\"valueRequired\":true,\"valueName\":\"search_term_string\"}}],\"inLanguage\":\"fr-FR\"},{\"@type\":\"Organization\",\"@id\":\"https:\\\/\\\/www.info-algerie.com\\\/actualites\\\/#organization\",\"name\":\"info algerie\",\"url\":\"https:\\\/\\\/www.info-algerie.com\\\/actualites\\\/\",\"logo\":{\"@type\":\"ImageObject\",\"inLanguage\":\"fr-FR\",\"@id\":\"https:\\\/\\\/www.info-algerie.com\\\/actualites\\\/#\\\/schema\\\/logo\\\/image\\\/\",\"url\":\"https:\\\/\\\/www.info-algerie.com\\\/actualites\\\/wp-content\\\/uploads\\\/2022\\\/07\\\/logo-ia-120.png\",\"contentUrl\":\"https:\\\/\\\/www.info-algerie.com\\\/actualites\\\/wp-content\\\/uploads\\\/2022\\\/07\\\/logo-ia-120.png\",\"width\":120,\"height\":43,\"caption\":\"info algerie\"},\"image\":{\"@id\":\"https:\\\/\\\/www.info-algerie.com\\\/actualites\\\/#\\\/schema\\\/logo\\\/image\\\/\"},\"sameAs\":[\"https:\\\/\\\/www.facebook.com\\\/infoalgerieactu\",\"https:\\\/\\\/x.com\\\/infoalgerie1\"]},{\"@type\":\"Person\",\"@id\":\"https:\\\/\\\/www.info-algerie.com\\\/actualites\\\/#\\\/schema\\\/person\\\/847aaec44920825b843a08f30ec6aa1e\",\"name\":\"La r\u00e9daction\",\"image\":{\"@type\":\"ImageObject\",\"inLanguage\":\"fr-FR\",\"@id\":\"https:\\\/\\\/secure.gravatar.com\\\/avatar\\\/769db425c6f465158149f1ffd6cf61ce7a8a879d11dfbef8288af36dfddd418c?s=96&d=mm&r=g\",\"url\":\"https:\\\/\\\/secure.gravatar.com\\\/avatar\\\/769db425c6f465158149f1ffd6cf61ce7a8a879d11dfbef8288af36dfddd418c?s=96&d=mm&r=g\",\"contentUrl\":\"https:\\\/\\\/secure.gravatar.com\\\/avatar\\\/769db425c6f465158149f1ffd6cf61ce7a8a879d11dfbef8288af36dfddd418c?s=96&d=mm&r=g\",\"caption\":\"La r\u00e9daction\"},\"sameAs\":[\"http:\\\/\\\/www.lkeria.com\\\/\"],\"url\":\"https:\\\/\\\/www.info-algerie.com\\\/actualites\\\/author\\\/chakib32\\\/\"}]}<\/script>\n<!-- \/ Yoast SEO plugin. -->","yoast_head_json":{"title":"Lamamra en visite de travail \u00e0 Washington \u00e0 partir de mercredi - info algerie","robots":{"index":"index","follow":"follow","max-snippet":"max-snippet:-1","max-image-preview":"max-image-preview:large","max-video-preview":"max-video-preview:-1"},"canonical":"https:\/\/www.info-algerie.com\/actualites\/lamamra-en-visite-de-travail-a-washington-a-partir-de-mercredi\/","og_locale":"fr_FR","og_type":"article","og_title":"Lamamra en visite de travail \u00e0 Washington \u00e0 partir de mercredi - info algerie","og_description":"ALGER- Le ministre d&rsquo;Etat, ministre des Affaires \u00e9trang\u00e8res et de la Coop\u00e9ration internationale, Ramtane Lamamra, \u00a0effectuera, \u00e0 partir de mercredi, une visite de travail \u00e0 Washington \u00e0 l&rsquo;invitation du secr\u00e9taire d&rsquo;Etat am\u00e9ricain, Rex Tillerson, avec lequel il aura des entretiens qui porteront sur la coop\u00e9ration bilat\u00e9rale et les questions politiques et s\u00e9curitaires d&rsquo;int\u00e9r\u00eat commun, indique","og_url":"https:\/\/www.info-algerie.com\/actualites\/lamamra-en-visite-de-travail-a-washington-a-partir-de-mercredi\/","og_site_name":"info algerie","article_publisher":"https:\/\/www.facebook.com\/infoalgerieactu","article_published_time":"2017-05-16T09:49:55+00:00","og_image":[{"width":280,"height":169,"url":"https:\/\/www.info-algerie.com\/actualites\/wp-content\/uploads\/2017\/05\/fb7fa1d7296eaded25b99efdf359e615_S-1.jpg","type":"image\/jpeg"}],"author":"La r\u00e9daction","twitter_misc":{"\u00c9crit par":"La r\u00e9daction","Dur\u00e9e de lecture estim\u00e9e":"1 minute"},"schema":{"@context":"https:\/\/schema.org","@graph":[{"@type":"Article","@id":"https:\/\/www.info-algerie.com\/actualites\/lamamra-en-visite-de-travail-a-washington-a-partir-de-mercredi\/#article","isPartOf":{"@id":"https:\/\/www.info-algerie.com\/actualites\/lamamra-en-visite-de-travail-a-washington-a-partir-de-mercredi\/"},"author":{"name":"La r\u00e9daction","@id":"https:\/\/www.info-algerie.com\/actualites\/#\/schema\/person\/847aaec44920825b843a08f30ec6aa1e"},"headline":"Lamamra en visite de travail \u00e0 Washington \u00e0 partir de mercredi","datePublished":"2017-05-16T09:49:55+00:00","mainEntityOfPage":{"@id":"https:\/\/www.info-algerie.com\/actualites\/lamamra-en-visite-de-travail-a-washington-a-partir-de-mercredi\/"},"wordCount":271,"commentCount":0,"publisher":{"@id":"https:\/\/www.info-algerie.com\/actualites\/#organization"},"image":{"@id":"https:\/\/www.info-algerie.com\/actualites\/lamamra-en-visite-de-travail-a-washington-a-partir-de-mercredi\/#primaryimage"},"thumbnailUrl":"https:\/\/www.info-algerie.com\/actualites\/wp-content\/uploads\/2017\/05\/fb7fa1d7296eaded25b99efdf359e615_S-1.jpg","keywords":["ONU"],"articleSection":["infos"],"inLanguage":"fr-FR","potentialAction":[{"@type":"CommentAction","name":"Comment","target":["https:\/\/www.info-algerie.com\/actualites\/lamamra-en-visite-de-travail-a-washington-a-partir-de-mercredi\/#respond"]}]},{"@type":"WebPage","@id":"https:\/\/www.info-algerie.com\/actualites\/lamamra-en-visite-de-travail-a-washington-a-partir-de-mercredi\/","url":"https:\/\/www.info-algerie.com\/actualites\/lamamra-en-visite-de-travail-a-washington-a-partir-de-mercredi\/","name":"Lamamra en visite de travail \u00e0 Washington \u00e0 partir de mercredi - info algerie","isPartOf":{"@id":"https:\/\/www.info-algerie.com\/actualites\/#website"},"primaryImageOfPage":{"@id":"https:\/\/www.info-algerie.com\/actualites\/lamamra-en-visite-de-travail-a-washington-a-partir-de-mercredi\/#primaryimage"},"image":{"@id":"https:\/\/www.info-algerie.com\/actualites\/lamamra-en-visite-de-travail-a-washington-a-partir-de-mercredi\/#primaryimage"},"thumbnailUrl":"https:\/\/www.info-algerie.com\/actualites\/wp-content\/uploads\/2017\/05\/fb7fa1d7296eaded25b99efdf359e615_S-1.jpg","datePublished":"2017-05-16T09:49:55+00:00","breadcrumb":{"@id":"https:\/\/www.info-algerie.com\/actualites\/lamamra-en-visite-de-travail-a-washington-a-partir-de-mercredi\/#breadcrumb"},"inLanguage":"fr-FR","potentialAction":[{"@type":"ReadAction","target":["https:\/\/www.info-algerie.com\/actualites\/lamamra-en-visite-de-travail-a-washington-a-partir-de-mercredi\/"]}]},{"@type":"ImageObject","inLanguage":"fr-FR","@id":"https:\/\/www.info-algerie.com\/actualites\/lamamra-en-visite-de-travail-a-washington-a-partir-de-mercredi\/#primaryimage","url":"https:\/\/www.info-algerie.com\/actualites\/wp-content\/uploads\/2017\/05\/fb7fa1d7296eaded25b99efdf359e615_S-1.jpg","contentUrl":"https:\/\/www.info-algerie.com\/actualites\/wp-content\/uploads\/2017\/05\/fb7fa1d7296eaded25b99efdf359e615_S-1.jpg","width":280,"height":169},{"@type":"BreadcrumbList","@id":"https:\/\/www.info-algerie.com\/actualites\/lamamra-en-visite-de-travail-a-washington-a-partir-de-mercredi\/#breadcrumb","itemListElement":[{"@type":"ListItem","position":1,"name":"Accueil","item":"https:\/\/www.info-algerie.com\/actualites\/"},{"@type":"ListItem","position":2,"name":"Lamamra en visite de travail \u00e0 Washington \u00e0 partir de mercredi"}]},{"@type":"WebSite","@id":"https:\/\/www.info-algerie.com\/actualites\/#website","url":"https:\/\/www.info-algerie.com\/actualites\/","name":"info algerie","description":"Toutes les actualit\u00e9s","publisher":{"@id":"https:\/\/www.info-algerie.com\/actualites\/#organization"},"potentialAction":[{"@type":"SearchAction","target":{"@type":"EntryPoint","urlTemplate":"https:\/\/www.info-algerie.com\/actualites\/?s={search_term_string}"},"query-input":{"@type":"PropertyValueSpecification","valueRequired":true,"valueName":"search_term_string"}}],"inLanguage":"fr-FR"},{"@type":"Organization","@id":"https:\/\/www.info-algerie.com\/actualites\/#organization","name":"info algerie","url":"https:\/\/www.info-algerie.com\/actualites\/","logo":{"@type":"ImageObject","inLanguage":"fr-FR","@id":"https:\/\/www.info-algerie.com\/actualites\/#\/schema\/logo\/image\/","url":"https:\/\/www.info-algerie.com\/actualites\/wp-content\/uploads\/2022\/07\/logo-ia-120.png","contentUrl":"https:\/\/www.info-algerie.com\/actualites\/wp-content\/uploads\/2022\/07\/logo-ia-120.png","width":120,"height":43,"caption":"info algerie"},"image":{"@id":"https:\/\/www.info-algerie.com\/actualites\/#\/schema\/logo\/image\/"},"sameAs":["https:\/\/www.facebook.com\/infoalgerieactu","https:\/\/x.com\/infoalgerie1"]},{"@type":"Person","@id":"https:\/\/www.info-algerie.com\/actualites\/#\/schema\/person\/847aaec44920825b843a08f30ec6aa1e","name":"La r\u00e9daction","image":{"@type":"ImageObject","inLanguage":"fr-FR","@id":"https:\/\/secure.gravatar.com\/avatar\/769db425c6f465158149f1ffd6cf61ce7a8a879d11dfbef8288af36dfddd418c?s=96&d=mm&r=g","url":"https:\/\/secure.gravatar.com\/avatar\/769db425c6f465158149f1ffd6cf61ce7a8a879d11dfbef8288af36dfddd418c?s=96&d=mm&r=g","contentUrl":"https:\/\/secure.gravatar.com\/avatar\/769db425c6f465158149f1ffd6cf61ce7a8a879d11dfbef8288af36dfddd418c?s=96&d=mm&r=g","caption":"La r\u00e9daction"},"sameAs":["http:\/\/www.lkeria.com\/"],"url":"https:\/\/www.info-algerie.com\/actualites\/author\/chakib32\/"}]}},"_links":{"self":[{"href":"https:\/\/www.info-algerie.com\/actualites\/wp-json\/wp\/v2\/posts\/12052","targetHints":{"allow":["GET"]}}],"collection":[{"href":"https:\/\/www.info-algerie.com\/actualites\/wp-json\/wp\/v2\/posts"}],"about":[{"href":"https:\/\/www.info-algerie.com\/actualites\/wp-json\/wp\/v2\/types\/post"}],"author":[{"embeddable":true,"href":"https:\/\/www.info-algerie.com\/actualites\/wp-json\/wp\/v2\/users\/6"}],"replies":[{"embeddable":true,"href":"https:\/\/www.info-algerie.com\/actualites\/wp-json\/wp\/v2\/comments?post=12052"}],"version-history":[{"count":0,"href":"https:\/\/www.info-algerie.com\/actualites\/wp-json\/wp\/v2\/posts\/12052\/revisions"}],"wp:featuredmedia":[{"embeddable":true,"href":"https:\/\/www.info-algerie.com\/actualites\/wp-json\/wp\/v2\/media\/12053"}],"wp:attachment":[{"href":"https:\/\/www.info-algerie.com\/actualites\/wp-json\/wp\/v2\/media?parent=12052"}],"wp:term":[{"taxonomy":"category","embeddable":true,"href":"https:\/\/www.info-algerie.com\/actualites\/wp-json\/wp\/v2\/categories?post=12052"},{"taxonomy":"post_tag","embeddable":true,"href":"https:\/\/www.info-algerie.com\/actualites\/wp-json\/wp\/v2\/tags?post=12052"}],"curies":[{"name":"wp","href":"https:\/\/api.w.org\/{rel}","templated":true}]}}