{"id":12069,"date":"2017-05-16T15:01:34","date_gmt":"2017-05-16T14:01:34","guid":{"rendered":"http:\/\/www.info-algerie.com\/actualites\/ceremonie-de-lancement-en-tamazight-des-objectifs-de-developpement-durable\/"},"modified":"2017-05-16T15:01:34","modified_gmt":"2017-05-16T14:01:34","slug":"ceremonie-de-lancement-en-tamazight-des-objectifs-de-developpement-durable","status":"publish","type":"post","link":"https:\/\/www.info-algerie.com\/actualites\/ceremonie-de-lancement-en-tamazight-des-objectifs-de-developpement-durable\/","title":{"rendered":"C\u00e9r\u00e9monie de lancement en Tamazight des Objectifs de d\u00e9veloppement durable"},"content":{"rendered":"<div class=\"K2FeedImage\"><img decoding=\"async\" src=\"https:\/\/www.info-algerie.com\/actualites\/wp-content\/uploads\/2017\/05\/7040074e0d1a0f2a6b24c165402aaa17_S.jpg\" alt=\"C&#xE9;r&#xE9;monie de lancement en Tamazight des Objectifs de d&#xE9;veloppement durable\" \/><\/div>\n<div class=\"K2FeedIntroText\">\n<p>ALGER- Une c\u00e9r\u00e9monie de lancement en Tamazight de la\u00a0 mise en oeuvre des Objectifs de d\u00e9veloppement durable (ODD) a \u00e9t\u00e9 organis\u00e9e,\u00a0 mardi \u00e0 Alger, par le Haut commissariat \u00e0 l&rsquo;amazighit\u00e9 en collaboration\u00a0 avec le Syst\u00e8me des Nations Unies.<\/p>\n<p>&#013;\n<\/p><\/div>\n<div class=\"K2FeedFullText\">&#013;<\/p>\n<p>Organis\u00e9e dans le cadre du Forum du HCA \u00ab\u00a0Tamazight Tura\u00a0\u00bb (Tamazight\u00a0 maintenant), cette c\u00e9r\u00e9monie a \u00e9t\u00e9 aussi l&rsquo;occasion de pr\u00e9senter en version\u00a0 amazigh des textes de la D\u00e9claration universelle des droits de l&rsquo;homme et\u00a0 de la Convention internationale des droits de l&rsquo;enfant. Il a \u00e9t\u00e9 proc\u00e9d\u00e9\u00a0 par la m\u00eame occasion \u00e0 la lecture crois\u00e9e des ODD en Tamazight et en\u00a0 fran\u00e7ais par les cadres du HCA, charg\u00e9s de la traduction des textes.<\/p>\n<p>&#013;<\/p>\n<p>Selon le Secr\u00e9taire G\u00e9n\u00e9ral \u00a0du HCA, Si El Hachemi Assad, ces textes seront mis en\u00a0 ligne sur le site web du HCA, en collaboration avec l&rsquo;Agence nationale\u00a0 d&rsquo;information (APS).<\/p>\n<p>&#013;<\/p>\n<p>\u00ab\u00a0Le lancement en Tamazight des ODD qui concernent la quasi-totalit\u00e9 des\u00a0 pays du monde, conf\u00e8re \u00e0 notre langue une nouvelle dimension :<\/p>\n<p>&#013;<\/p>\n<p>l&rsquo;universalit\u00e9\u00a0\u00bb, a indiqu\u00e9 dans une allocution M. Assad, relevant que cette\u00a0 op\u00e9ration permettrait de propulser Tamazight vers le concert des langues de\u00a0 grandes civilisations fond\u00e9es sur l&rsquo;\u00e9crit. Il a relev\u00e9, en outre, l\u2019importance de \u00ab\u00a0marquer ce moment dans le contexte\u00a0 de la constitutionnalisation de Tamazight et \u00e0 la veille du 22\u00e8me\u00a0 anniversaire de la cr\u00e9ation du HCA, soit plus de deux d\u00e9cennies d\u2019action au\u00a0 service de l\u2019amazighit\u00e9 en Alg\u00e9rie\u00a0\u00bb, a-t-il ajout\u00e9.<\/p>\n<p>&#013;<\/p>\n<p>Il a, \u00e0 cet \u00e9gard, estim\u00e9 que \u00ab\u00a0les r\u00e9centes avanc\u00e9es politiques et\u00a0 constitutionnelles sont ind\u00e9niablement des acquis majeurs, attendus et\u00a0 salu\u00e9s par l&rsquo;essentiel des composantes de la nation\u00a0\u00bb, a-t-il dit,\u00a0 soulignant que \u00ab\u00a0l&rsquo;officialisation de Tamazight instaure de nouvelles\u00a0 conditions favorables \u00e0 sa prise en charge et \u00e0 son d\u00e9veloppement dans\u00a0 toutes les sph\u00e8res de la soci\u00e9t\u00e9 et ce, dans la n\u00e9cessaire concertation et\u00a0 collaboration entre toutes les institutions et les acteurs concern\u00e9s\u00a0\u00bb.<\/p>\n<p>&#013;<\/p>\n<p>Pour M. Assad, \u00ab\u00a0le parach\u00e8vement en cours du cadre juridique d&rsquo;application\u00a0 des dispositions de la Constitution permettra la dotation de Tamazight des\u00a0 conditions appropri\u00e9es \u00e0 sa promotion au plan culturel et l&rsquo;instauration,\u00a0 au plan linguistique, des approches et outils scientifiques et acad\u00e9miques\u00a0 requis\u00a0\u00bb.<\/p>\n<p>&#013;<\/p>\n<p>Evoquant, par ailleurs, les activit\u00e9s du HCA, M. Assad a fait savoir\u00a0 qu&rsquo;une session de formation, premi\u00e8re du genre, destin\u00e9e au personnel du\u00a0 corps des greffiers, est\u00a0 pr\u00e9vue les 20 et 21 mai 2017 \u00e0 l\u2019Ecole nationale\u00a0 des greffes de Dar El Beida (Alger), ainsi qu&rsquo;une rencontre de concertation\u00a0 avec l\u2019Autorit\u00e9 de r\u00e9gulation de l\u2019audiovisuel (ARAV) le 23 mai dans\u00a0 l\u2019objectif est de consolider la place de Tamazight dans le syst\u00e8me de\u00a0 communication.<\/p>\n<p>&#013;<\/p>\n<p>De son c\u00f4t\u00e9, le coordonnateur du Syst\u00e8me des Nations Unies en Alg\u00e9rie,\u00a0 Eric Overvest, a indiqu\u00e9 que l&rsquo;initiative de traduire les ODD en Tamazight\u00a0 \u00ab\u00a0s&rsquo;inscrit enti\u00e8rement dans l&rsquo;esprit de ces ODD et notamment d&rsquo;inclusion et\u00a0 d&rsquo;universalit\u00e9\u00a0\u00bb, pr\u00e9cisant que \u00ab\u00a0cette d\u00e9marche vient en appui \u00e0 la volont\u00e9 politique affich\u00e9e au plus haut niveau de l\u2019Etat alg\u00e9rien pour la promotion\u00a0 de Tamazight \u00e0 travers, notamment sa constitutionnalisation et sa promotion\u00a0 au statut de langue nationale et officielle \u00e0 la faveur de l\u2019amendement de\u00a0 la constitution en 2016\u00a0\u00bb.<\/p>\n<p>&#013;<\/p>\n<p>Il a estim\u00e9 que le HCA a r\u00e9alis\u00e9 depuis sa cr\u00e9ation en 1995 de \u00ab\u00a0grandes\u00a0 avanc\u00e9es\u00a0\u00bb en mati\u00e8re de promotion de Tamazight dans les domaines de la\u00a0 traduction multilingue, la g\u00e9n\u00e9ralisation de l\u2019enseignement de Tamazight,\u00a0 l\u2019\u00e9dition, la communication et la formation, consid\u00e9rant que ces acquis\u00a0 \u00ab\u00a0refl\u00e8tent la conjugaison des efforts du HCA et toutes les parties\u00a0 prenantes, institutions et minist\u00e8res\u00a0\u00bb.<\/p>\n<p>&#013;<\/p>\n<p>\u00ab\u00a0La traduction des ODD en Tamazight est une opportunit\u00e9 pour rendre plus\u00a0 visibles, \u00e0 l\u2019\u00e9chelle mondiale, les avanc\u00e9es r\u00e9alis\u00e9es en Alg\u00e9rie dans la\u00a0 promotion de Tamazight\u00a0\u00bb, a-t-il ajout\u00e9, r\u00e9affirmant \u00e0 cette occasion \u00ab\u00a0la\u00a0 disponibilit\u00e9 du Syst\u00e8me des Nations Unies \u00e0 accompagner le gouvernement\u00a0 alg\u00e9rien dans ses efforts de promotion de Tamazight et \u00e9galement \u00e0\u00a0 poursuivre la coop\u00e9ration bilat\u00e9rale avec le HCA \u00e0 travers la traduction\u00a0 des textes fondamentaux de l&rsquo;ONU comme la Charte des Nations Unies\u00a0\u00bb.<\/p>\n<p>&#013;<\/p>\n<p>\u00a0<\/p>\n<p>&#013;<\/p>\n<p>\u00a0<\/p>\n<\/div>\n<p>&#013;<br \/>\nSource: <a href=\"http:\/\/www.aps.dz\/algerie\/57668-ceremonie-de-lancement-en-tamazight-des-objectifs-de-developpement-durable\" target=\"_blank\">C\u00e9r\u00e9monie de lancement en Tamazight des Objectifs de d\u00e9veloppement durable<\/a><\/p>\n<!--CusAds0-->\n<div style=\"font-size: 0px; height: 0px; line-height: 0px; margin: 0; padding: 0; clear: both;\"><\/div>","protected":false},"excerpt":{"rendered":"<p>ALGER- Une c\u00e9r\u00e9monie de lancement en Tamazight de la\u00a0 mise en oeuvre des Objectifs de d\u00e9veloppement durable (ODD) a \u00e9t\u00e9 organis\u00e9e,\u00a0 mardi \u00e0 Alger, par le Haut commissariat \u00e0 l&rsquo;amazighit\u00e9 en collaboration\u00a0 avec le Syst\u00e8me des Nations Unies. &#013; &#013; Organis\u00e9e dans le cadre du Forum du HCA \u00ab\u00a0Tamazight Tura\u00a0\u00bb (Tamazight\u00a0 maintenant), cette c\u00e9r\u00e9monie a<\/p>\n","protected":false},"author":6,"featured_media":12070,"comment_status":"open","ping_status":"open","sticky":false,"template":"","format":"standard","meta":{"footnotes":""},"categories":[22],"tags":[93],"class_list":["post-12069","post","type-post","status-publish","format-standard","has-post-thumbnail","hentry","category-infos","tag-onu"],"yoast_head":"<!-- This site is optimized with the Yoast SEO plugin v27.5 - https:\/\/yoast.com\/product\/yoast-seo-wordpress\/ -->\n<title>C\u00e9r\u00e9monie de lancement en Tamazight des Objectifs de d\u00e9veloppement durable - info algerie<\/title>\n<meta name=\"robots\" content=\"index, follow, max-snippet:-1, max-image-preview:large, max-video-preview:-1\" \/>\n<link rel=\"canonical\" href=\"https:\/\/www.info-algerie.com\/actualites\/ceremonie-de-lancement-en-tamazight-des-objectifs-de-developpement-durable\/\" \/>\n<meta property=\"og:locale\" content=\"fr_FR\" \/>\n<meta property=\"og:type\" content=\"article\" \/>\n<meta property=\"og:title\" content=\"C\u00e9r\u00e9monie de lancement en Tamazight des Objectifs de d\u00e9veloppement durable - info algerie\" \/>\n<meta property=\"og:description\" content=\"ALGER- Une c\u00e9r\u00e9monie de lancement en Tamazight de la\u00a0 mise en oeuvre des Objectifs de d\u00e9veloppement durable (ODD) a \u00e9t\u00e9 organis\u00e9e,\u00a0 mardi \u00e0 Alger, par le Haut commissariat \u00e0 l&rsquo;amazighit\u00e9 en collaboration\u00a0 avec le Syst\u00e8me des Nations Unies. &#013; &#013; Organis\u00e9e dans le cadre du Forum du HCA \u00ab\u00a0Tamazight Tura\u00a0\u00bb (Tamazight\u00a0 maintenant), cette c\u00e9r\u00e9monie a\" \/>\n<meta property=\"og:url\" content=\"https:\/\/www.info-algerie.com\/actualites\/ceremonie-de-lancement-en-tamazight-des-objectifs-de-developpement-durable\/\" \/>\n<meta property=\"og:site_name\" content=\"info algerie\" \/>\n<meta property=\"article:publisher\" content=\"https:\/\/www.facebook.com\/infoalgerieactu\" \/>\n<meta property=\"article:published_time\" content=\"2017-05-16T14:01:34+00:00\" \/>\n<meta property=\"og:image\" content=\"https:\/\/www.info-algerie.com\/actualites\/wp-content\/uploads\/2017\/05\/7040074e0d1a0f2a6b24c165402aaa17_S-1.jpg\" \/>\n\t<meta property=\"og:image:width\" content=\"280\" \/>\n\t<meta property=\"og:image:height\" content=\"169\" \/>\n\t<meta property=\"og:image:type\" content=\"image\/jpeg\" \/>\n<meta name=\"author\" content=\"La r\u00e9daction\" \/>\n<meta name=\"twitter:label1\" content=\"\u00c9crit par\" \/>\n\t<meta name=\"twitter:data1\" content=\"La r\u00e9daction\" \/>\n\t<meta name=\"twitter:label2\" content=\"Dur\u00e9e de lecture estim\u00e9e\" \/>\n\t<meta name=\"twitter:data2\" content=\"4 minutes\" \/>\n<script type=\"application\/ld+json\" class=\"yoast-schema-graph\">{\"@context\":\"https:\\\/\\\/schema.org\",\"@graph\":[{\"@type\":\"Article\",\"@id\":\"https:\\\/\\\/www.info-algerie.com\\\/actualites\\\/ceremonie-de-lancement-en-tamazight-des-objectifs-de-developpement-durable\\\/#article\",\"isPartOf\":{\"@id\":\"https:\\\/\\\/www.info-algerie.com\\\/actualites\\\/ceremonie-de-lancement-en-tamazight-des-objectifs-de-developpement-durable\\\/\"},\"author\":{\"name\":\"La r\u00e9daction\",\"@id\":\"https:\\\/\\\/www.info-algerie.com\\\/actualites\\\/#\\\/schema\\\/person\\\/847aaec44920825b843a08f30ec6aa1e\"},\"headline\":\"C\u00e9r\u00e9monie de lancement en Tamazight des Objectifs de d\u00e9veloppement durable\",\"datePublished\":\"2017-05-16T14:01:34+00:00\",\"mainEntityOfPage\":{\"@id\":\"https:\\\/\\\/www.info-algerie.com\\\/actualites\\\/ceremonie-de-lancement-en-tamazight-des-objectifs-de-developpement-durable\\\/\"},\"wordCount\":743,\"commentCount\":0,\"publisher\":{\"@id\":\"https:\\\/\\\/www.info-algerie.com\\\/actualites\\\/#organization\"},\"image\":{\"@id\":\"https:\\\/\\\/www.info-algerie.com\\\/actualites\\\/ceremonie-de-lancement-en-tamazight-des-objectifs-de-developpement-durable\\\/#primaryimage\"},\"thumbnailUrl\":\"https:\\\/\\\/www.info-algerie.com\\\/actualites\\\/wp-content\\\/uploads\\\/2017\\\/05\\\/7040074e0d1a0f2a6b24c165402aaa17_S-1.jpg\",\"keywords\":[\"ONU\"],\"articleSection\":[\"infos\"],\"inLanguage\":\"fr-FR\",\"potentialAction\":[{\"@type\":\"CommentAction\",\"name\":\"Comment\",\"target\":[\"https:\\\/\\\/www.info-algerie.com\\\/actualites\\\/ceremonie-de-lancement-en-tamazight-des-objectifs-de-developpement-durable\\\/#respond\"]}]},{\"@type\":\"WebPage\",\"@id\":\"https:\\\/\\\/www.info-algerie.com\\\/actualites\\\/ceremonie-de-lancement-en-tamazight-des-objectifs-de-developpement-durable\\\/\",\"url\":\"https:\\\/\\\/www.info-algerie.com\\\/actualites\\\/ceremonie-de-lancement-en-tamazight-des-objectifs-de-developpement-durable\\\/\",\"name\":\"C\u00e9r\u00e9monie de lancement en Tamazight des Objectifs de d\u00e9veloppement durable - info algerie\",\"isPartOf\":{\"@id\":\"https:\\\/\\\/www.info-algerie.com\\\/actualites\\\/#website\"},\"primaryImageOfPage\":{\"@id\":\"https:\\\/\\\/www.info-algerie.com\\\/actualites\\\/ceremonie-de-lancement-en-tamazight-des-objectifs-de-developpement-durable\\\/#primaryimage\"},\"image\":{\"@id\":\"https:\\\/\\\/www.info-algerie.com\\\/actualites\\\/ceremonie-de-lancement-en-tamazight-des-objectifs-de-developpement-durable\\\/#primaryimage\"},\"thumbnailUrl\":\"https:\\\/\\\/www.info-algerie.com\\\/actualites\\\/wp-content\\\/uploads\\\/2017\\\/05\\\/7040074e0d1a0f2a6b24c165402aaa17_S-1.jpg\",\"datePublished\":\"2017-05-16T14:01:34+00:00\",\"breadcrumb\":{\"@id\":\"https:\\\/\\\/www.info-algerie.com\\\/actualites\\\/ceremonie-de-lancement-en-tamazight-des-objectifs-de-developpement-durable\\\/#breadcrumb\"},\"inLanguage\":\"fr-FR\",\"potentialAction\":[{\"@type\":\"ReadAction\",\"target\":[\"https:\\\/\\\/www.info-algerie.com\\\/actualites\\\/ceremonie-de-lancement-en-tamazight-des-objectifs-de-developpement-durable\\\/\"]}]},{\"@type\":\"ImageObject\",\"inLanguage\":\"fr-FR\",\"@id\":\"https:\\\/\\\/www.info-algerie.com\\\/actualites\\\/ceremonie-de-lancement-en-tamazight-des-objectifs-de-developpement-durable\\\/#primaryimage\",\"url\":\"https:\\\/\\\/www.info-algerie.com\\\/actualites\\\/wp-content\\\/uploads\\\/2017\\\/05\\\/7040074e0d1a0f2a6b24c165402aaa17_S-1.jpg\",\"contentUrl\":\"https:\\\/\\\/www.info-algerie.com\\\/actualites\\\/wp-content\\\/uploads\\\/2017\\\/05\\\/7040074e0d1a0f2a6b24c165402aaa17_S-1.jpg\",\"width\":280,\"height\":169},{\"@type\":\"BreadcrumbList\",\"@id\":\"https:\\\/\\\/www.info-algerie.com\\\/actualites\\\/ceremonie-de-lancement-en-tamazight-des-objectifs-de-developpement-durable\\\/#breadcrumb\",\"itemListElement\":[{\"@type\":\"ListItem\",\"position\":1,\"name\":\"Accueil\",\"item\":\"https:\\\/\\\/www.info-algerie.com\\\/actualites\\\/\"},{\"@type\":\"ListItem\",\"position\":2,\"name\":\"C\u00e9r\u00e9monie de lancement en Tamazight des Objectifs de d\u00e9veloppement durable\"}]},{\"@type\":\"WebSite\",\"@id\":\"https:\\\/\\\/www.info-algerie.com\\\/actualites\\\/#website\",\"url\":\"https:\\\/\\\/www.info-algerie.com\\\/actualites\\\/\",\"name\":\"info algerie\",\"description\":\"Toutes les actualit\u00e9s\",\"publisher\":{\"@id\":\"https:\\\/\\\/www.info-algerie.com\\\/actualites\\\/#organization\"},\"potentialAction\":[{\"@type\":\"SearchAction\",\"target\":{\"@type\":\"EntryPoint\",\"urlTemplate\":\"https:\\\/\\\/www.info-algerie.com\\\/actualites\\\/?s={search_term_string}\"},\"query-input\":{\"@type\":\"PropertyValueSpecification\",\"valueRequired\":true,\"valueName\":\"search_term_string\"}}],\"inLanguage\":\"fr-FR\"},{\"@type\":\"Organization\",\"@id\":\"https:\\\/\\\/www.info-algerie.com\\\/actualites\\\/#organization\",\"name\":\"info algerie\",\"url\":\"https:\\\/\\\/www.info-algerie.com\\\/actualites\\\/\",\"logo\":{\"@type\":\"ImageObject\",\"inLanguage\":\"fr-FR\",\"@id\":\"https:\\\/\\\/www.info-algerie.com\\\/actualites\\\/#\\\/schema\\\/logo\\\/image\\\/\",\"url\":\"https:\\\/\\\/www.info-algerie.com\\\/actualites\\\/wp-content\\\/uploads\\\/2022\\\/07\\\/logo-ia-120.png\",\"contentUrl\":\"https:\\\/\\\/www.info-algerie.com\\\/actualites\\\/wp-content\\\/uploads\\\/2022\\\/07\\\/logo-ia-120.png\",\"width\":120,\"height\":43,\"caption\":\"info algerie\"},\"image\":{\"@id\":\"https:\\\/\\\/www.info-algerie.com\\\/actualites\\\/#\\\/schema\\\/logo\\\/image\\\/\"},\"sameAs\":[\"https:\\\/\\\/www.facebook.com\\\/infoalgerieactu\",\"https:\\\/\\\/x.com\\\/infoalgerie1\"]},{\"@type\":\"Person\",\"@id\":\"https:\\\/\\\/www.info-algerie.com\\\/actualites\\\/#\\\/schema\\\/person\\\/847aaec44920825b843a08f30ec6aa1e\",\"name\":\"La r\u00e9daction\",\"image\":{\"@type\":\"ImageObject\",\"inLanguage\":\"fr-FR\",\"@id\":\"https:\\\/\\\/secure.gravatar.com\\\/avatar\\\/769db425c6f465158149f1ffd6cf61ce7a8a879d11dfbef8288af36dfddd418c?s=96&d=mm&r=g\",\"url\":\"https:\\\/\\\/secure.gravatar.com\\\/avatar\\\/769db425c6f465158149f1ffd6cf61ce7a8a879d11dfbef8288af36dfddd418c?s=96&d=mm&r=g\",\"contentUrl\":\"https:\\\/\\\/secure.gravatar.com\\\/avatar\\\/769db425c6f465158149f1ffd6cf61ce7a8a879d11dfbef8288af36dfddd418c?s=96&d=mm&r=g\",\"caption\":\"La r\u00e9daction\"},\"sameAs\":[\"http:\\\/\\\/www.lkeria.com\\\/\"],\"url\":\"https:\\\/\\\/www.info-algerie.com\\\/actualites\\\/author\\\/chakib32\\\/\"}]}<\/script>\n<!-- \/ Yoast SEO plugin. -->","yoast_head_json":{"title":"C\u00e9r\u00e9monie de lancement en Tamazight des Objectifs de d\u00e9veloppement durable - info algerie","robots":{"index":"index","follow":"follow","max-snippet":"max-snippet:-1","max-image-preview":"max-image-preview:large","max-video-preview":"max-video-preview:-1"},"canonical":"https:\/\/www.info-algerie.com\/actualites\/ceremonie-de-lancement-en-tamazight-des-objectifs-de-developpement-durable\/","og_locale":"fr_FR","og_type":"article","og_title":"C\u00e9r\u00e9monie de lancement en Tamazight des Objectifs de d\u00e9veloppement durable - info algerie","og_description":"ALGER- Une c\u00e9r\u00e9monie de lancement en Tamazight de la\u00a0 mise en oeuvre des Objectifs de d\u00e9veloppement durable (ODD) a \u00e9t\u00e9 organis\u00e9e,\u00a0 mardi \u00e0 Alger, par le Haut commissariat \u00e0 l&rsquo;amazighit\u00e9 en collaboration\u00a0 avec le Syst\u00e8me des Nations Unies. &#013; &#013; Organis\u00e9e dans le cadre du Forum du HCA \u00ab\u00a0Tamazight Tura\u00a0\u00bb (Tamazight\u00a0 maintenant), cette c\u00e9r\u00e9monie a","og_url":"https:\/\/www.info-algerie.com\/actualites\/ceremonie-de-lancement-en-tamazight-des-objectifs-de-developpement-durable\/","og_site_name":"info algerie","article_publisher":"https:\/\/www.facebook.com\/infoalgerieactu","article_published_time":"2017-05-16T14:01:34+00:00","og_image":[{"width":280,"height":169,"url":"https:\/\/www.info-algerie.com\/actualites\/wp-content\/uploads\/2017\/05\/7040074e0d1a0f2a6b24c165402aaa17_S-1.jpg","type":"image\/jpeg"}],"author":"La r\u00e9daction","twitter_misc":{"\u00c9crit par":"La r\u00e9daction","Dur\u00e9e de lecture estim\u00e9e":"4 minutes"},"schema":{"@context":"https:\/\/schema.org","@graph":[{"@type":"Article","@id":"https:\/\/www.info-algerie.com\/actualites\/ceremonie-de-lancement-en-tamazight-des-objectifs-de-developpement-durable\/#article","isPartOf":{"@id":"https:\/\/www.info-algerie.com\/actualites\/ceremonie-de-lancement-en-tamazight-des-objectifs-de-developpement-durable\/"},"author":{"name":"La r\u00e9daction","@id":"https:\/\/www.info-algerie.com\/actualites\/#\/schema\/person\/847aaec44920825b843a08f30ec6aa1e"},"headline":"C\u00e9r\u00e9monie de lancement en Tamazight des Objectifs de d\u00e9veloppement durable","datePublished":"2017-05-16T14:01:34+00:00","mainEntityOfPage":{"@id":"https:\/\/www.info-algerie.com\/actualites\/ceremonie-de-lancement-en-tamazight-des-objectifs-de-developpement-durable\/"},"wordCount":743,"commentCount":0,"publisher":{"@id":"https:\/\/www.info-algerie.com\/actualites\/#organization"},"image":{"@id":"https:\/\/www.info-algerie.com\/actualites\/ceremonie-de-lancement-en-tamazight-des-objectifs-de-developpement-durable\/#primaryimage"},"thumbnailUrl":"https:\/\/www.info-algerie.com\/actualites\/wp-content\/uploads\/2017\/05\/7040074e0d1a0f2a6b24c165402aaa17_S-1.jpg","keywords":["ONU"],"articleSection":["infos"],"inLanguage":"fr-FR","potentialAction":[{"@type":"CommentAction","name":"Comment","target":["https:\/\/www.info-algerie.com\/actualites\/ceremonie-de-lancement-en-tamazight-des-objectifs-de-developpement-durable\/#respond"]}]},{"@type":"WebPage","@id":"https:\/\/www.info-algerie.com\/actualites\/ceremonie-de-lancement-en-tamazight-des-objectifs-de-developpement-durable\/","url":"https:\/\/www.info-algerie.com\/actualites\/ceremonie-de-lancement-en-tamazight-des-objectifs-de-developpement-durable\/","name":"C\u00e9r\u00e9monie de lancement en Tamazight des Objectifs de d\u00e9veloppement durable - info algerie","isPartOf":{"@id":"https:\/\/www.info-algerie.com\/actualites\/#website"},"primaryImageOfPage":{"@id":"https:\/\/www.info-algerie.com\/actualites\/ceremonie-de-lancement-en-tamazight-des-objectifs-de-developpement-durable\/#primaryimage"},"image":{"@id":"https:\/\/www.info-algerie.com\/actualites\/ceremonie-de-lancement-en-tamazight-des-objectifs-de-developpement-durable\/#primaryimage"},"thumbnailUrl":"https:\/\/www.info-algerie.com\/actualites\/wp-content\/uploads\/2017\/05\/7040074e0d1a0f2a6b24c165402aaa17_S-1.jpg","datePublished":"2017-05-16T14:01:34+00:00","breadcrumb":{"@id":"https:\/\/www.info-algerie.com\/actualites\/ceremonie-de-lancement-en-tamazight-des-objectifs-de-developpement-durable\/#breadcrumb"},"inLanguage":"fr-FR","potentialAction":[{"@type":"ReadAction","target":["https:\/\/www.info-algerie.com\/actualites\/ceremonie-de-lancement-en-tamazight-des-objectifs-de-developpement-durable\/"]}]},{"@type":"ImageObject","inLanguage":"fr-FR","@id":"https:\/\/www.info-algerie.com\/actualites\/ceremonie-de-lancement-en-tamazight-des-objectifs-de-developpement-durable\/#primaryimage","url":"https:\/\/www.info-algerie.com\/actualites\/wp-content\/uploads\/2017\/05\/7040074e0d1a0f2a6b24c165402aaa17_S-1.jpg","contentUrl":"https:\/\/www.info-algerie.com\/actualites\/wp-content\/uploads\/2017\/05\/7040074e0d1a0f2a6b24c165402aaa17_S-1.jpg","width":280,"height":169},{"@type":"BreadcrumbList","@id":"https:\/\/www.info-algerie.com\/actualites\/ceremonie-de-lancement-en-tamazight-des-objectifs-de-developpement-durable\/#breadcrumb","itemListElement":[{"@type":"ListItem","position":1,"name":"Accueil","item":"https:\/\/www.info-algerie.com\/actualites\/"},{"@type":"ListItem","position":2,"name":"C\u00e9r\u00e9monie de lancement en Tamazight des Objectifs de d\u00e9veloppement durable"}]},{"@type":"WebSite","@id":"https:\/\/www.info-algerie.com\/actualites\/#website","url":"https:\/\/www.info-algerie.com\/actualites\/","name":"info algerie","description":"Toutes les actualit\u00e9s","publisher":{"@id":"https:\/\/www.info-algerie.com\/actualites\/#organization"},"potentialAction":[{"@type":"SearchAction","target":{"@type":"EntryPoint","urlTemplate":"https:\/\/www.info-algerie.com\/actualites\/?s={search_term_string}"},"query-input":{"@type":"PropertyValueSpecification","valueRequired":true,"valueName":"search_term_string"}}],"inLanguage":"fr-FR"},{"@type":"Organization","@id":"https:\/\/www.info-algerie.com\/actualites\/#organization","name":"info algerie","url":"https:\/\/www.info-algerie.com\/actualites\/","logo":{"@type":"ImageObject","inLanguage":"fr-FR","@id":"https:\/\/www.info-algerie.com\/actualites\/#\/schema\/logo\/image\/","url":"https:\/\/www.info-algerie.com\/actualites\/wp-content\/uploads\/2022\/07\/logo-ia-120.png","contentUrl":"https:\/\/www.info-algerie.com\/actualites\/wp-content\/uploads\/2022\/07\/logo-ia-120.png","width":120,"height":43,"caption":"info algerie"},"image":{"@id":"https:\/\/www.info-algerie.com\/actualites\/#\/schema\/logo\/image\/"},"sameAs":["https:\/\/www.facebook.com\/infoalgerieactu","https:\/\/x.com\/infoalgerie1"]},{"@type":"Person","@id":"https:\/\/www.info-algerie.com\/actualites\/#\/schema\/person\/847aaec44920825b843a08f30ec6aa1e","name":"La r\u00e9daction","image":{"@type":"ImageObject","inLanguage":"fr-FR","@id":"https:\/\/secure.gravatar.com\/avatar\/769db425c6f465158149f1ffd6cf61ce7a8a879d11dfbef8288af36dfddd418c?s=96&d=mm&r=g","url":"https:\/\/secure.gravatar.com\/avatar\/769db425c6f465158149f1ffd6cf61ce7a8a879d11dfbef8288af36dfddd418c?s=96&d=mm&r=g","contentUrl":"https:\/\/secure.gravatar.com\/avatar\/769db425c6f465158149f1ffd6cf61ce7a8a879d11dfbef8288af36dfddd418c?s=96&d=mm&r=g","caption":"La r\u00e9daction"},"sameAs":["http:\/\/www.lkeria.com\/"],"url":"https:\/\/www.info-algerie.com\/actualites\/author\/chakib32\/"}]}},"_links":{"self":[{"href":"https:\/\/www.info-algerie.com\/actualites\/wp-json\/wp\/v2\/posts\/12069","targetHints":{"allow":["GET"]}}],"collection":[{"href":"https:\/\/www.info-algerie.com\/actualites\/wp-json\/wp\/v2\/posts"}],"about":[{"href":"https:\/\/www.info-algerie.com\/actualites\/wp-json\/wp\/v2\/types\/post"}],"author":[{"embeddable":true,"href":"https:\/\/www.info-algerie.com\/actualites\/wp-json\/wp\/v2\/users\/6"}],"replies":[{"embeddable":true,"href":"https:\/\/www.info-algerie.com\/actualites\/wp-json\/wp\/v2\/comments?post=12069"}],"version-history":[{"count":0,"href":"https:\/\/www.info-algerie.com\/actualites\/wp-json\/wp\/v2\/posts\/12069\/revisions"}],"wp:featuredmedia":[{"embeddable":true,"href":"https:\/\/www.info-algerie.com\/actualites\/wp-json\/wp\/v2\/media\/12070"}],"wp:attachment":[{"href":"https:\/\/www.info-algerie.com\/actualites\/wp-json\/wp\/v2\/media?parent=12069"}],"wp:term":[{"taxonomy":"category","embeddable":true,"href":"https:\/\/www.info-algerie.com\/actualites\/wp-json\/wp\/v2\/categories?post=12069"},{"taxonomy":"post_tag","embeddable":true,"href":"https:\/\/www.info-algerie.com\/actualites\/wp-json\/wp\/v2\/tags?post=12069"}],"curies":[{"name":"wp","href":"https:\/\/api.w.org\/{rel}","templated":true}]}}