{"id":12073,"date":"2017-05-16T17:08:23","date_gmt":"2017-05-16T16:08:23","guid":{"rendered":"http:\/\/www.info-algerie.com\/actualites\/commemoration-du-19-mai-1956-les-etudiants-appeles-a-prendre-conscience-de-leurs-responsabilites-dans-ledification-de-lalgerie\/"},"modified":"2017-05-16T17:08:23","modified_gmt":"2017-05-16T16:08:23","slug":"commemoration-du-19-mai-1956-les-etudiants-appeles-a-prendre-conscience-de-leurs-responsabilites-dans-ledification-de-lalgerie","status":"publish","type":"post","link":"https:\/\/www.info-algerie.com\/actualites\/commemoration-du-19-mai-1956-les-etudiants-appeles-a-prendre-conscience-de-leurs-responsabilites-dans-ledification-de-lalgerie\/","title":{"rendered":"Comm\u00e9moration du 19 mai 1956: les \u00e9tudiants appel\u00e9s \u00e0 prendre conscience de leurs responsabilit\u00e9s dans l&#039;\u00e9dification de l&#039;Alg\u00e9rie"},"content":{"rendered":"<div class=\"K2FeedImage\"><img decoding=\"async\" src=\"https:\/\/www.info-algerie.com\/actualites\/wp-content\/uploads\/2017\/05\/eb7e4eaa5b59d14276c4d60ede2cd503_S.jpg\" alt=\"Comm&#xE9;moration du 19 mai 1956: les &#xE9;tudiants appel&#xE9;s &#xE0; prendre conscience de leurs responsabilit&#xE9;s dans l'&#xE9;dification de l'Alg&#xE9;rie\" \/><\/div>\n<div class=\"K2FeedIntroText\">\n<p>ALGER- Les participants \u00e0 une Conf\u00e9rence organis\u00e9e mardi\u00a0 \u00e0 Alger ont appel\u00e9 les \u00e9tudiants \u00e0 prendre conscience de leurs\u00a0 responsabilit\u00e9s pour parachever l&rsquo;\u00e9dification de l&rsquo;Alg\u00e9rie, relevant\u00a0 l&rsquo;importance de \u00ab\u00a0s&rsquo;impr\u00e9gner du nationalisme\u00a0\u00bb et suivre l&rsquo;exemple de la\u00a0 g\u00e9n\u00e9ration du 1er novembre.<\/p>\n<p>&#013;\n<\/p><\/div>\n<div class=\"K2FeedFullText\">&#013;<\/p>\n<p>Lors d&rsquo;une rencontre organis\u00e9e par le quotidien El-Moudjahid en\u00a0 collaboration avec l&rsquo;association Mechaal Echahid \u00e0 l&rsquo;occasion de la\u00a0 comm\u00e9moration de la journ\u00e9e nationale de l&rsquo;\u00e9tudiant (19 mai), le Moudjahid\u00a0 et ancien ministre Dahou Ould Kablia a relev\u00e9 l&rsquo;importance pour les\u00a0 \u00e9tudiants de prendre conscience de leurs responsabilit\u00e9s pour parachever le\u00a0 processus d&rsquo;\u00e9dification de l&rsquo;Alg\u00e9rie.<\/p>\n<p>&#013;<\/p>\n<p>Qualifiant cette responsabilit\u00e9 de \u00ab\u00a0vitale\u00a0\u00bb, M. Ould Kablia a soulign\u00e9\u00a0 l&rsquo;imp\u00e9ratif de la conjugaison des efforts de tout un chacun pour faire face\u00a0 aux diff\u00e9rents d\u00e9fis dict\u00e9s par la situation pr\u00e9valant tant sur le plan\u00a0 r\u00e9gional qu&rsquo;international\u00a0 ainsi que leurs retomb\u00e9s sur l&rsquo;avenir de\u00a0 l&rsquo;Alg\u00e9rie.<\/p>\n<p>&#013;<\/p>\n<p>Pour sa part, le Moudjahid et ancien ministre, Djelloul Baghli a appel\u00e9\u00a0 les \u00e9tudiants \u00e0 \u00ab\u00a0s&rsquo;impr\u00e9gner du nationalisme et accorder davantage\u00a0 d&rsquo;importance \u00e0 l&rsquo;histoire national pour en tirer les le\u00e7ons et suivre\u00a0 l&rsquo;exemple de la g\u00e9n\u00e9ration du 1er novembre\u00a0\u00bb.<\/p>\n<p>&#013;<\/p>\n<p>L&rsquo;adh\u00e9sion des \u00e9tudiants \u00e0 l&rsquo;Arm\u00e9e de Lib\u00e9ration Nationale (ALN) a\u00a0 contribu\u00e9 \u00e0 \u00ab\u00a0renforcer ses rangs en cadres jeunes en tirant profit de leurs\u00a0 comp\u00e9tences\u00a0\u00bb, a ajout\u00e9 M. Baghli, un des fondateurs de l&rsquo;Union g\u00e9n\u00e9rale des\u00a0 \u00e9tudiants musulmans Alg\u00e9riens (UGEMA).<\/p>\n<p>&#013;<\/p>\n<p>Apr\u00e8s avoir \u00e9voqu\u00e9 la strat\u00e9gie des chefs de la R\u00e9volution en mati\u00e8re de\u00a0 formation de jeunes cadres dans de nombreux pays du monde, M. Baghli a\u00a0 relev\u00e9 le r\u00f4le de ces \u00e9tudiants dans la gestion des diff\u00e9rents secteurs\u00a0 sensibles apr\u00e8s l&rsquo;ind\u00e9pendance du pays.<\/p>\n<p>&#013;<\/p>\n<p>A son tour, le Moudjahid Salah Benkobbi a pr\u00e9sent\u00e9 un expos\u00e9 sur la gr\u00e8ve\u00a0 du 19 mai 1956, qualifiant cet \u00e9v\u00e8nement de \u00ab\u00a0message fort\u00a0\u00bb adress\u00e9 par les\u00a0 \u00e9tudiants Alg\u00e9riens au colonisateur fran\u00e7ais. Le m\u00eame intervenant a soulign\u00e9 le r\u00f4le des \u00e9tudiants dans\u00a0 l&rsquo;internationalisation de la question alg\u00e9rienne \u00e0 travers leur pr\u00e9sence\u00a0 \u00ab\u00a0efficace\u00a0\u00bb dans les diff\u00e9rentes manifestations internationales.\u00a0Le 19 mai 1956 des \u00e9tudiants Alg\u00e9riens ont entam\u00e9 une gr\u00e8ve g\u00e9n\u00e9rale, pour\u00a0 ensuite rejoindre les rangs de l&rsquo;ALN et son organisation politique le FLN.<\/p>\n<\/div>\n<p>&#013;<br \/>\nSource: <a href=\"http:\/\/www.aps.dz\/algerie\/57675-commemoration-du-19-mai-1956-les-etudiants-appeles-a-prendre-conscience-de-leurs-responsabilites-dans-l-edification-de-l-algerie\" target=\"_blank\">Comm\u00e9moration du 19 mai 1956: les \u00e9tudiants appel\u00e9s \u00e0 prendre conscience de leurs responsabilit\u00e9s dans l&rsquo;\u00e9dification de l&rsquo;Alg\u00e9rie<\/a><\/p>\n<!--CusAds0-->\n<div style=\"font-size: 0px; height: 0px; line-height: 0px; margin: 0; padding: 0; clear: both;\"><\/div>","protected":false},"excerpt":{"rendered":"<p>ALGER- Les participants \u00e0 une Conf\u00e9rence organis\u00e9e mardi\u00a0 \u00e0 Alger ont appel\u00e9 les \u00e9tudiants \u00e0 prendre conscience de leurs\u00a0 responsabilit\u00e9s pour parachever l&rsquo;\u00e9dification de l&rsquo;Alg\u00e9rie, relevant\u00a0 l&rsquo;importance de \u00ab\u00a0s&rsquo;impr\u00e9gner du nationalisme\u00a0\u00bb et suivre l&rsquo;exemple de la\u00a0 g\u00e9n\u00e9ration du 1er novembre. &#013; &#013; Lors d&rsquo;une rencontre organis\u00e9e par le quotidien El-Moudjahid en\u00a0 collaboration avec l&rsquo;association Mechaal<\/p>\n","protected":false},"author":6,"featured_media":12074,"comment_status":"open","ping_status":"open","sticky":false,"template":"","format":"standard","meta":{"footnotes":""},"categories":[22],"tags":[93],"class_list":["post-12073","post","type-post","status-publish","format-standard","has-post-thumbnail","hentry","category-infos","tag-onu"],"yoast_head":"<!-- This site is optimized with the Yoast SEO plugin v27.5 - https:\/\/yoast.com\/product\/yoast-seo-wordpress\/ -->\n<title>Comm\u00e9moration du 19 mai 1956: les \u00e9tudiants appel\u00e9s \u00e0 prendre conscience de leurs responsabilit\u00e9s dans l&#039;\u00e9dification de l&#039;Alg\u00e9rie - info algerie<\/title>\n<meta name=\"robots\" content=\"index, follow, max-snippet:-1, max-image-preview:large, max-video-preview:-1\" \/>\n<link rel=\"canonical\" href=\"https:\/\/www.info-algerie.com\/actualites\/commemoration-du-19-mai-1956-les-etudiants-appeles-a-prendre-conscience-de-leurs-responsabilites-dans-ledification-de-lalgerie\/\" \/>\n<meta property=\"og:locale\" content=\"fr_FR\" \/>\n<meta property=\"og:type\" content=\"article\" \/>\n<meta property=\"og:title\" content=\"Comm\u00e9moration du 19 mai 1956: les \u00e9tudiants appel\u00e9s \u00e0 prendre conscience de leurs responsabilit\u00e9s dans l&#039;\u00e9dification de l&#039;Alg\u00e9rie - info algerie\" \/>\n<meta property=\"og:description\" content=\"ALGER- Les participants \u00e0 une Conf\u00e9rence organis\u00e9e mardi\u00a0 \u00e0 Alger ont appel\u00e9 les \u00e9tudiants \u00e0 prendre conscience de leurs\u00a0 responsabilit\u00e9s pour parachever l&rsquo;\u00e9dification de l&rsquo;Alg\u00e9rie, relevant\u00a0 l&rsquo;importance de \u00ab\u00a0s&rsquo;impr\u00e9gner du nationalisme\u00a0\u00bb et suivre l&rsquo;exemple de la\u00a0 g\u00e9n\u00e9ration du 1er novembre. &#013; &#013; Lors d&rsquo;une rencontre organis\u00e9e par le quotidien El-Moudjahid en\u00a0 collaboration avec l&rsquo;association Mechaal\" \/>\n<meta property=\"og:url\" content=\"https:\/\/www.info-algerie.com\/actualites\/commemoration-du-19-mai-1956-les-etudiants-appeles-a-prendre-conscience-de-leurs-responsabilites-dans-ledification-de-lalgerie\/\" \/>\n<meta property=\"og:site_name\" content=\"info algerie\" \/>\n<meta property=\"article:publisher\" content=\"https:\/\/www.facebook.com\/infoalgerieactu\" \/>\n<meta property=\"article:published_time\" content=\"2017-05-16T16:08:23+00:00\" \/>\n<meta property=\"og:image\" content=\"https:\/\/www.info-algerie.com\/actualites\/wp-content\/uploads\/2017\/05\/eb7e4eaa5b59d14276c4d60ede2cd503_S-1.jpg\" \/>\n\t<meta property=\"og:image:width\" content=\"280\" \/>\n\t<meta property=\"og:image:height\" content=\"182\" \/>\n\t<meta property=\"og:image:type\" content=\"image\/jpeg\" \/>\n<meta name=\"author\" content=\"La r\u00e9daction\" \/>\n<meta name=\"twitter:label1\" content=\"\u00c9crit par\" \/>\n\t<meta name=\"twitter:data1\" content=\"La r\u00e9daction\" \/>\n\t<meta name=\"twitter:label2\" content=\"Dur\u00e9e de lecture estim\u00e9e\" \/>\n\t<meta name=\"twitter:data2\" content=\"2 minutes\" \/>\n<script type=\"application\/ld+json\" class=\"yoast-schema-graph\">{\"@context\":\"https:\\\/\\\/schema.org\",\"@graph\":[{\"@type\":\"Article\",\"@id\":\"https:\\\/\\\/www.info-algerie.com\\\/actualites\\\/commemoration-du-19-mai-1956-les-etudiants-appeles-a-prendre-conscience-de-leurs-responsabilites-dans-ledification-de-lalgerie\\\/#article\",\"isPartOf\":{\"@id\":\"https:\\\/\\\/www.info-algerie.com\\\/actualites\\\/commemoration-du-19-mai-1956-les-etudiants-appeles-a-prendre-conscience-de-leurs-responsabilites-dans-ledification-de-lalgerie\\\/\"},\"author\":{\"name\":\"La r\u00e9daction\",\"@id\":\"https:\\\/\\\/www.info-algerie.com\\\/actualites\\\/#\\\/schema\\\/person\\\/847aaec44920825b843a08f30ec6aa1e\"},\"headline\":\"Comm\u00e9moration du 19 mai 1956: les \u00e9tudiants appel\u00e9s \u00e0 prendre conscience de leurs responsabilit\u00e9s dans l&#039;\u00e9dification de l&#039;Alg\u00e9rie\",\"datePublished\":\"2017-05-16T16:08:23+00:00\",\"mainEntityOfPage\":{\"@id\":\"https:\\\/\\\/www.info-algerie.com\\\/actualites\\\/commemoration-du-19-mai-1956-les-etudiants-appeles-a-prendre-conscience-de-leurs-responsabilites-dans-ledification-de-lalgerie\\\/\"},\"wordCount\":450,\"commentCount\":0,\"publisher\":{\"@id\":\"https:\\\/\\\/www.info-algerie.com\\\/actualites\\\/#organization\"},\"image\":{\"@id\":\"https:\\\/\\\/www.info-algerie.com\\\/actualites\\\/commemoration-du-19-mai-1956-les-etudiants-appeles-a-prendre-conscience-de-leurs-responsabilites-dans-ledification-de-lalgerie\\\/#primaryimage\"},\"thumbnailUrl\":\"https:\\\/\\\/www.info-algerie.com\\\/actualites\\\/wp-content\\\/uploads\\\/2017\\\/05\\\/eb7e4eaa5b59d14276c4d60ede2cd503_S-1.jpg\",\"keywords\":[\"ONU\"],\"articleSection\":[\"infos\"],\"inLanguage\":\"fr-FR\",\"potentialAction\":[{\"@type\":\"CommentAction\",\"name\":\"Comment\",\"target\":[\"https:\\\/\\\/www.info-algerie.com\\\/actualites\\\/commemoration-du-19-mai-1956-les-etudiants-appeles-a-prendre-conscience-de-leurs-responsabilites-dans-ledification-de-lalgerie\\\/#respond\"]}]},{\"@type\":\"WebPage\",\"@id\":\"https:\\\/\\\/www.info-algerie.com\\\/actualites\\\/commemoration-du-19-mai-1956-les-etudiants-appeles-a-prendre-conscience-de-leurs-responsabilites-dans-ledification-de-lalgerie\\\/\",\"url\":\"https:\\\/\\\/www.info-algerie.com\\\/actualites\\\/commemoration-du-19-mai-1956-les-etudiants-appeles-a-prendre-conscience-de-leurs-responsabilites-dans-ledification-de-lalgerie\\\/\",\"name\":\"Comm\u00e9moration du 19 mai 1956: les \u00e9tudiants appel\u00e9s \u00e0 prendre conscience de leurs responsabilit\u00e9s dans l&#039;\u00e9dification de l&#039;Alg\u00e9rie - info algerie\",\"isPartOf\":{\"@id\":\"https:\\\/\\\/www.info-algerie.com\\\/actualites\\\/#website\"},\"primaryImageOfPage\":{\"@id\":\"https:\\\/\\\/www.info-algerie.com\\\/actualites\\\/commemoration-du-19-mai-1956-les-etudiants-appeles-a-prendre-conscience-de-leurs-responsabilites-dans-ledification-de-lalgerie\\\/#primaryimage\"},\"image\":{\"@id\":\"https:\\\/\\\/www.info-algerie.com\\\/actualites\\\/commemoration-du-19-mai-1956-les-etudiants-appeles-a-prendre-conscience-de-leurs-responsabilites-dans-ledification-de-lalgerie\\\/#primaryimage\"},\"thumbnailUrl\":\"https:\\\/\\\/www.info-algerie.com\\\/actualites\\\/wp-content\\\/uploads\\\/2017\\\/05\\\/eb7e4eaa5b59d14276c4d60ede2cd503_S-1.jpg\",\"datePublished\":\"2017-05-16T16:08:23+00:00\",\"breadcrumb\":{\"@id\":\"https:\\\/\\\/www.info-algerie.com\\\/actualites\\\/commemoration-du-19-mai-1956-les-etudiants-appeles-a-prendre-conscience-de-leurs-responsabilites-dans-ledification-de-lalgerie\\\/#breadcrumb\"},\"inLanguage\":\"fr-FR\",\"potentialAction\":[{\"@type\":\"ReadAction\",\"target\":[\"https:\\\/\\\/www.info-algerie.com\\\/actualites\\\/commemoration-du-19-mai-1956-les-etudiants-appeles-a-prendre-conscience-de-leurs-responsabilites-dans-ledification-de-lalgerie\\\/\"]}]},{\"@type\":\"ImageObject\",\"inLanguage\":\"fr-FR\",\"@id\":\"https:\\\/\\\/www.info-algerie.com\\\/actualites\\\/commemoration-du-19-mai-1956-les-etudiants-appeles-a-prendre-conscience-de-leurs-responsabilites-dans-ledification-de-lalgerie\\\/#primaryimage\",\"url\":\"https:\\\/\\\/www.info-algerie.com\\\/actualites\\\/wp-content\\\/uploads\\\/2017\\\/05\\\/eb7e4eaa5b59d14276c4d60ede2cd503_S-1.jpg\",\"contentUrl\":\"https:\\\/\\\/www.info-algerie.com\\\/actualites\\\/wp-content\\\/uploads\\\/2017\\\/05\\\/eb7e4eaa5b59d14276c4d60ede2cd503_S-1.jpg\",\"width\":280,\"height\":182},{\"@type\":\"BreadcrumbList\",\"@id\":\"https:\\\/\\\/www.info-algerie.com\\\/actualites\\\/commemoration-du-19-mai-1956-les-etudiants-appeles-a-prendre-conscience-de-leurs-responsabilites-dans-ledification-de-lalgerie\\\/#breadcrumb\",\"itemListElement\":[{\"@type\":\"ListItem\",\"position\":1,\"name\":\"Accueil\",\"item\":\"https:\\\/\\\/www.info-algerie.com\\\/actualites\\\/\"},{\"@type\":\"ListItem\",\"position\":2,\"name\":\"Comm\u00e9moration du 19 mai 1956: les \u00e9tudiants appel\u00e9s \u00e0 prendre conscience de leurs responsabilit\u00e9s dans l&#039;\u00e9dification de l&#039;Alg\u00e9rie\"}]},{\"@type\":\"WebSite\",\"@id\":\"https:\\\/\\\/www.info-algerie.com\\\/actualites\\\/#website\",\"url\":\"https:\\\/\\\/www.info-algerie.com\\\/actualites\\\/\",\"name\":\"info algerie\",\"description\":\"Toutes les actualit\u00e9s\",\"publisher\":{\"@id\":\"https:\\\/\\\/www.info-algerie.com\\\/actualites\\\/#organization\"},\"potentialAction\":[{\"@type\":\"SearchAction\",\"target\":{\"@type\":\"EntryPoint\",\"urlTemplate\":\"https:\\\/\\\/www.info-algerie.com\\\/actualites\\\/?s={search_term_string}\"},\"query-input\":{\"@type\":\"PropertyValueSpecification\",\"valueRequired\":true,\"valueName\":\"search_term_string\"}}],\"inLanguage\":\"fr-FR\"},{\"@type\":\"Organization\",\"@id\":\"https:\\\/\\\/www.info-algerie.com\\\/actualites\\\/#organization\",\"name\":\"info algerie\",\"url\":\"https:\\\/\\\/www.info-algerie.com\\\/actualites\\\/\",\"logo\":{\"@type\":\"ImageObject\",\"inLanguage\":\"fr-FR\",\"@id\":\"https:\\\/\\\/www.info-algerie.com\\\/actualites\\\/#\\\/schema\\\/logo\\\/image\\\/\",\"url\":\"https:\\\/\\\/www.info-algerie.com\\\/actualites\\\/wp-content\\\/uploads\\\/2022\\\/07\\\/logo-ia-120.png\",\"contentUrl\":\"https:\\\/\\\/www.info-algerie.com\\\/actualites\\\/wp-content\\\/uploads\\\/2022\\\/07\\\/logo-ia-120.png\",\"width\":120,\"height\":43,\"caption\":\"info algerie\"},\"image\":{\"@id\":\"https:\\\/\\\/www.info-algerie.com\\\/actualites\\\/#\\\/schema\\\/logo\\\/image\\\/\"},\"sameAs\":[\"https:\\\/\\\/www.facebook.com\\\/infoalgerieactu\",\"https:\\\/\\\/x.com\\\/infoalgerie1\"]},{\"@type\":\"Person\",\"@id\":\"https:\\\/\\\/www.info-algerie.com\\\/actualites\\\/#\\\/schema\\\/person\\\/847aaec44920825b843a08f30ec6aa1e\",\"name\":\"La r\u00e9daction\",\"image\":{\"@type\":\"ImageObject\",\"inLanguage\":\"fr-FR\",\"@id\":\"https:\\\/\\\/secure.gravatar.com\\\/avatar\\\/769db425c6f465158149f1ffd6cf61ce7a8a879d11dfbef8288af36dfddd418c?s=96&d=mm&r=g\",\"url\":\"https:\\\/\\\/secure.gravatar.com\\\/avatar\\\/769db425c6f465158149f1ffd6cf61ce7a8a879d11dfbef8288af36dfddd418c?s=96&d=mm&r=g\",\"contentUrl\":\"https:\\\/\\\/secure.gravatar.com\\\/avatar\\\/769db425c6f465158149f1ffd6cf61ce7a8a879d11dfbef8288af36dfddd418c?s=96&d=mm&r=g\",\"caption\":\"La r\u00e9daction\"},\"sameAs\":[\"http:\\\/\\\/www.lkeria.com\\\/\"],\"url\":\"https:\\\/\\\/www.info-algerie.com\\\/actualites\\\/author\\\/chakib32\\\/\"}]}<\/script>\n<!-- \/ Yoast SEO plugin. -->","yoast_head_json":{"title":"Comm\u00e9moration du 19 mai 1956: les \u00e9tudiants appel\u00e9s \u00e0 prendre conscience de leurs responsabilit\u00e9s dans l&#039;\u00e9dification de l&#039;Alg\u00e9rie - info algerie","robots":{"index":"index","follow":"follow","max-snippet":"max-snippet:-1","max-image-preview":"max-image-preview:large","max-video-preview":"max-video-preview:-1"},"canonical":"https:\/\/www.info-algerie.com\/actualites\/commemoration-du-19-mai-1956-les-etudiants-appeles-a-prendre-conscience-de-leurs-responsabilites-dans-ledification-de-lalgerie\/","og_locale":"fr_FR","og_type":"article","og_title":"Comm\u00e9moration du 19 mai 1956: les \u00e9tudiants appel\u00e9s \u00e0 prendre conscience de leurs responsabilit\u00e9s dans l&#039;\u00e9dification de l&#039;Alg\u00e9rie - info algerie","og_description":"ALGER- Les participants \u00e0 une Conf\u00e9rence organis\u00e9e mardi\u00a0 \u00e0 Alger ont appel\u00e9 les \u00e9tudiants \u00e0 prendre conscience de leurs\u00a0 responsabilit\u00e9s pour parachever l&rsquo;\u00e9dification de l&rsquo;Alg\u00e9rie, relevant\u00a0 l&rsquo;importance de \u00ab\u00a0s&rsquo;impr\u00e9gner du nationalisme\u00a0\u00bb et suivre l&rsquo;exemple de la\u00a0 g\u00e9n\u00e9ration du 1er novembre. &#013; &#013; Lors d&rsquo;une rencontre organis\u00e9e par le quotidien El-Moudjahid en\u00a0 collaboration avec l&rsquo;association Mechaal","og_url":"https:\/\/www.info-algerie.com\/actualites\/commemoration-du-19-mai-1956-les-etudiants-appeles-a-prendre-conscience-de-leurs-responsabilites-dans-ledification-de-lalgerie\/","og_site_name":"info algerie","article_publisher":"https:\/\/www.facebook.com\/infoalgerieactu","article_published_time":"2017-05-16T16:08:23+00:00","og_image":[{"width":280,"height":182,"url":"https:\/\/www.info-algerie.com\/actualites\/wp-content\/uploads\/2017\/05\/eb7e4eaa5b59d14276c4d60ede2cd503_S-1.jpg","type":"image\/jpeg"}],"author":"La r\u00e9daction","twitter_misc":{"\u00c9crit par":"La r\u00e9daction","Dur\u00e9e de lecture estim\u00e9e":"2 minutes"},"schema":{"@context":"https:\/\/schema.org","@graph":[{"@type":"Article","@id":"https:\/\/www.info-algerie.com\/actualites\/commemoration-du-19-mai-1956-les-etudiants-appeles-a-prendre-conscience-de-leurs-responsabilites-dans-ledification-de-lalgerie\/#article","isPartOf":{"@id":"https:\/\/www.info-algerie.com\/actualites\/commemoration-du-19-mai-1956-les-etudiants-appeles-a-prendre-conscience-de-leurs-responsabilites-dans-ledification-de-lalgerie\/"},"author":{"name":"La r\u00e9daction","@id":"https:\/\/www.info-algerie.com\/actualites\/#\/schema\/person\/847aaec44920825b843a08f30ec6aa1e"},"headline":"Comm\u00e9moration du 19 mai 1956: les \u00e9tudiants appel\u00e9s \u00e0 prendre conscience de leurs responsabilit\u00e9s dans l&#039;\u00e9dification de l&#039;Alg\u00e9rie","datePublished":"2017-05-16T16:08:23+00:00","mainEntityOfPage":{"@id":"https:\/\/www.info-algerie.com\/actualites\/commemoration-du-19-mai-1956-les-etudiants-appeles-a-prendre-conscience-de-leurs-responsabilites-dans-ledification-de-lalgerie\/"},"wordCount":450,"commentCount":0,"publisher":{"@id":"https:\/\/www.info-algerie.com\/actualites\/#organization"},"image":{"@id":"https:\/\/www.info-algerie.com\/actualites\/commemoration-du-19-mai-1956-les-etudiants-appeles-a-prendre-conscience-de-leurs-responsabilites-dans-ledification-de-lalgerie\/#primaryimage"},"thumbnailUrl":"https:\/\/www.info-algerie.com\/actualites\/wp-content\/uploads\/2017\/05\/eb7e4eaa5b59d14276c4d60ede2cd503_S-1.jpg","keywords":["ONU"],"articleSection":["infos"],"inLanguage":"fr-FR","potentialAction":[{"@type":"CommentAction","name":"Comment","target":["https:\/\/www.info-algerie.com\/actualites\/commemoration-du-19-mai-1956-les-etudiants-appeles-a-prendre-conscience-de-leurs-responsabilites-dans-ledification-de-lalgerie\/#respond"]}]},{"@type":"WebPage","@id":"https:\/\/www.info-algerie.com\/actualites\/commemoration-du-19-mai-1956-les-etudiants-appeles-a-prendre-conscience-de-leurs-responsabilites-dans-ledification-de-lalgerie\/","url":"https:\/\/www.info-algerie.com\/actualites\/commemoration-du-19-mai-1956-les-etudiants-appeles-a-prendre-conscience-de-leurs-responsabilites-dans-ledification-de-lalgerie\/","name":"Comm\u00e9moration du 19 mai 1956: les \u00e9tudiants appel\u00e9s \u00e0 prendre conscience de leurs responsabilit\u00e9s dans l&#039;\u00e9dification de l&#039;Alg\u00e9rie - info algerie","isPartOf":{"@id":"https:\/\/www.info-algerie.com\/actualites\/#website"},"primaryImageOfPage":{"@id":"https:\/\/www.info-algerie.com\/actualites\/commemoration-du-19-mai-1956-les-etudiants-appeles-a-prendre-conscience-de-leurs-responsabilites-dans-ledification-de-lalgerie\/#primaryimage"},"image":{"@id":"https:\/\/www.info-algerie.com\/actualites\/commemoration-du-19-mai-1956-les-etudiants-appeles-a-prendre-conscience-de-leurs-responsabilites-dans-ledification-de-lalgerie\/#primaryimage"},"thumbnailUrl":"https:\/\/www.info-algerie.com\/actualites\/wp-content\/uploads\/2017\/05\/eb7e4eaa5b59d14276c4d60ede2cd503_S-1.jpg","datePublished":"2017-05-16T16:08:23+00:00","breadcrumb":{"@id":"https:\/\/www.info-algerie.com\/actualites\/commemoration-du-19-mai-1956-les-etudiants-appeles-a-prendre-conscience-de-leurs-responsabilites-dans-ledification-de-lalgerie\/#breadcrumb"},"inLanguage":"fr-FR","potentialAction":[{"@type":"ReadAction","target":["https:\/\/www.info-algerie.com\/actualites\/commemoration-du-19-mai-1956-les-etudiants-appeles-a-prendre-conscience-de-leurs-responsabilites-dans-ledification-de-lalgerie\/"]}]},{"@type":"ImageObject","inLanguage":"fr-FR","@id":"https:\/\/www.info-algerie.com\/actualites\/commemoration-du-19-mai-1956-les-etudiants-appeles-a-prendre-conscience-de-leurs-responsabilites-dans-ledification-de-lalgerie\/#primaryimage","url":"https:\/\/www.info-algerie.com\/actualites\/wp-content\/uploads\/2017\/05\/eb7e4eaa5b59d14276c4d60ede2cd503_S-1.jpg","contentUrl":"https:\/\/www.info-algerie.com\/actualites\/wp-content\/uploads\/2017\/05\/eb7e4eaa5b59d14276c4d60ede2cd503_S-1.jpg","width":280,"height":182},{"@type":"BreadcrumbList","@id":"https:\/\/www.info-algerie.com\/actualites\/commemoration-du-19-mai-1956-les-etudiants-appeles-a-prendre-conscience-de-leurs-responsabilites-dans-ledification-de-lalgerie\/#breadcrumb","itemListElement":[{"@type":"ListItem","position":1,"name":"Accueil","item":"https:\/\/www.info-algerie.com\/actualites\/"},{"@type":"ListItem","position":2,"name":"Comm\u00e9moration du 19 mai 1956: les \u00e9tudiants appel\u00e9s \u00e0 prendre conscience de leurs responsabilit\u00e9s dans l&#039;\u00e9dification de l&#039;Alg\u00e9rie"}]},{"@type":"WebSite","@id":"https:\/\/www.info-algerie.com\/actualites\/#website","url":"https:\/\/www.info-algerie.com\/actualites\/","name":"info algerie","description":"Toutes les actualit\u00e9s","publisher":{"@id":"https:\/\/www.info-algerie.com\/actualites\/#organization"},"potentialAction":[{"@type":"SearchAction","target":{"@type":"EntryPoint","urlTemplate":"https:\/\/www.info-algerie.com\/actualites\/?s={search_term_string}"},"query-input":{"@type":"PropertyValueSpecification","valueRequired":true,"valueName":"search_term_string"}}],"inLanguage":"fr-FR"},{"@type":"Organization","@id":"https:\/\/www.info-algerie.com\/actualites\/#organization","name":"info algerie","url":"https:\/\/www.info-algerie.com\/actualites\/","logo":{"@type":"ImageObject","inLanguage":"fr-FR","@id":"https:\/\/www.info-algerie.com\/actualites\/#\/schema\/logo\/image\/","url":"https:\/\/www.info-algerie.com\/actualites\/wp-content\/uploads\/2022\/07\/logo-ia-120.png","contentUrl":"https:\/\/www.info-algerie.com\/actualites\/wp-content\/uploads\/2022\/07\/logo-ia-120.png","width":120,"height":43,"caption":"info algerie"},"image":{"@id":"https:\/\/www.info-algerie.com\/actualites\/#\/schema\/logo\/image\/"},"sameAs":["https:\/\/www.facebook.com\/infoalgerieactu","https:\/\/x.com\/infoalgerie1"]},{"@type":"Person","@id":"https:\/\/www.info-algerie.com\/actualites\/#\/schema\/person\/847aaec44920825b843a08f30ec6aa1e","name":"La r\u00e9daction","image":{"@type":"ImageObject","inLanguage":"fr-FR","@id":"https:\/\/secure.gravatar.com\/avatar\/769db425c6f465158149f1ffd6cf61ce7a8a879d11dfbef8288af36dfddd418c?s=96&d=mm&r=g","url":"https:\/\/secure.gravatar.com\/avatar\/769db425c6f465158149f1ffd6cf61ce7a8a879d11dfbef8288af36dfddd418c?s=96&d=mm&r=g","contentUrl":"https:\/\/secure.gravatar.com\/avatar\/769db425c6f465158149f1ffd6cf61ce7a8a879d11dfbef8288af36dfddd418c?s=96&d=mm&r=g","caption":"La r\u00e9daction"},"sameAs":["http:\/\/www.lkeria.com\/"],"url":"https:\/\/www.info-algerie.com\/actualites\/author\/chakib32\/"}]}},"_links":{"self":[{"href":"https:\/\/www.info-algerie.com\/actualites\/wp-json\/wp\/v2\/posts\/12073","targetHints":{"allow":["GET"]}}],"collection":[{"href":"https:\/\/www.info-algerie.com\/actualites\/wp-json\/wp\/v2\/posts"}],"about":[{"href":"https:\/\/www.info-algerie.com\/actualites\/wp-json\/wp\/v2\/types\/post"}],"author":[{"embeddable":true,"href":"https:\/\/www.info-algerie.com\/actualites\/wp-json\/wp\/v2\/users\/6"}],"replies":[{"embeddable":true,"href":"https:\/\/www.info-algerie.com\/actualites\/wp-json\/wp\/v2\/comments?post=12073"}],"version-history":[{"count":0,"href":"https:\/\/www.info-algerie.com\/actualites\/wp-json\/wp\/v2\/posts\/12073\/revisions"}],"wp:featuredmedia":[{"embeddable":true,"href":"https:\/\/www.info-algerie.com\/actualites\/wp-json\/wp\/v2\/media\/12074"}],"wp:attachment":[{"href":"https:\/\/www.info-algerie.com\/actualites\/wp-json\/wp\/v2\/media?parent=12073"}],"wp:term":[{"taxonomy":"category","embeddable":true,"href":"https:\/\/www.info-algerie.com\/actualites\/wp-json\/wp\/v2\/categories?post=12073"},{"taxonomy":"post_tag","embeddable":true,"href":"https:\/\/www.info-algerie.com\/actualites\/wp-json\/wp\/v2\/tags?post=12073"}],"curies":[{"name":"wp","href":"https:\/\/api.w.org\/{rel}","templated":true}]}}