{"id":12076,"date":"2017-05-16T16:28:00","date_gmt":"2017-05-16T15:28:00","guid":{"rendered":"http:\/\/www.info-algerie.com\/actualites\/la-reunion-dafripol-une-occasion-historique-pour-la-paix-et-la-securite-en-afrique\/"},"modified":"2017-05-16T16:28:00","modified_gmt":"2017-05-16T15:28:00","slug":"la-reunion-dafripol-une-occasion-historique-pour-la-paix-et-la-securite-en-afrique","status":"publish","type":"post","link":"https:\/\/www.info-algerie.com\/actualites\/la-reunion-dafripol-une-occasion-historique-pour-la-paix-et-la-securite-en-afrique\/","title":{"rendered":"La r\u00e9union d&#039;Afripol, une occasion &quot;historique&quot; pour la paix et la s\u00e9curit\u00e9\u00a0 en Afrique\u00a0"},"content":{"rendered":"<div class=\"K2FeedImage\"><img decoding=\"async\" src=\"https:\/\/www.info-algerie.com\/actualites\/wp-content\/uploads\/2017\/05\/968d5f81e004570048f8dd428e3408c0_S.jpg\" \/><\/div>\n<div class=\"K2FeedIntroText\">\n<p>ALGER-\u00a0 La tenue de la <a href=\"http:\/\/www.aps.dz\/algerie\/57567-debut-des-travaux-de-la-premiere-assemblee-generale-d-afripol\" target=\"_blank\"><strong>premi\u00e8re assembl\u00e9e g\u00e9n\u00e9rale du\u00a0 M\u00e9canisme de coop\u00e9ration polici\u00e8re africaine (Afripol)<\/strong><\/a> a \u00e9t\u00e9 une occasion\u00a0 \u00ab\u00a0historique\u00a0\u00bb et un \u00e9v\u00e8nement \u00ab\u00a0majeur\u00a0\u00bb pour la paix et la s\u00e9curit\u00e9 en\u00a0 Afrique, a soutenu mardi \u00e0 Alger le commissaire \u00e0 la paix et la s\u00e9curit\u00e9 de\u00a0 l&rsquo;Union africaine (UA), Smail Chergui.<\/p>\n<p>&#013;\n<\/p><\/div>\n<div class=\"K2FeedFullText\">&#013;<\/p>\n<p>\u00ab\u00a0Cette rencontre est une occasion historique et un \u00e9v\u00e8nement majeur pour\u00a0 la paix et la s\u00e9curit\u00e9 en Afrique, qui va faciliter la coordination et une\u00a0 meilleure prise en charge des aspects s\u00e9curitaires pour le peuple\u00a0 africain\u00a0\u00bb, a-t-il indiqu\u00e9 \u00e0 la cl\u00f4ture des travaux de la premi\u00e8re assembl\u00e9e\u00a0 g\u00e9n\u00e9rale d&rsquo;Afripol, qui se sont d\u00e9roul\u00e9 du 14 au 16 mai.<\/p>\n<p>&#013;<\/p>\n<p>M. Chergui a salu\u00e9 au nom du\u00a0 pr\u00e9sident de la Commission de l&rsquo;UA ceux qui\u00a0 ont \u00e9t\u00e9 \u00e0 l&rsquo;origine de ce succ\u00e8s \u00ab\u00a0retentissant\u00a0\u00bb , en particulier, la\u00a0 <a href=\"http:\/\/www.aps.dz\/algerie\/57620-lutte-contre-le-terrorisme-et-le-crime-transfrontalier-le-dgsn-releve-l-importance-de-la-cooperation-entre-les-polices-africaines\" target=\"_blank\"><strong>Direction g\u00e9n\u00e9ral de la s\u00fbret\u00e9 nationale<\/strong><\/a> qui a d\u00e9ploy\u00e9 des efforts\u00a0 \u00ab\u00a0remarquables\u00a0\u00bb pour pr\u00e9parer cette r\u00e9union et offrir des conditions\u00a0 \u00ab\u00a0optimums\u00a0\u00bb pour la tenue des d\u00e9bats et des interactions de mani\u00e8re\u00a0 \u00ab\u00a0professionnelle\u00a0\u00bb, permettant d&rsquo;arriver \u00e0 un r\u00e9sultat \u00ab\u00a0tr\u00e8s probant\u00a0\u00bb.<\/p>\n<p>&#013;<\/p>\n<p>\u00ab\u00a0Je crois que cette rencontre va renforcer la qui\u00e9tude et la s\u00e9curit\u00e9 de\u00a0 nos citoyens en Afrique, mais elle constitue aussi un signal fort pour tous\u00a0 les criminels et les terroristes que d\u00e9sormais l&rsquo;Afrique aura un outil de\u00a0 coordination de son activit\u00e9 et que les polices africaines vont \u00eatre\u00a0 efficaces afin de s\u00e9curiser leurs citoyens et de promouvoir cette qui\u00e9tude,\u00a0 et partant, le d\u00e9veloppement \u00e9conomique du continent\u00a0\u00bb, a-t-il dit.<\/p>\n<p>&#013;<\/p>\n<p>Il a relev\u00e9 que l&rsquo;UA avait la conviction que \u00ab\u00a0nous pouvons toujours\u00a0 compter sur l&rsquo;Alg\u00e9rie qui abrite le si\u00e8ge et a soutenu sans rel\u00e2che,\u00a0 comptant sur ses propres moyens, le lancement de ce centre\u00a0\u00bb, saluant \u00e0\u00a0 cette occasion \u00ab\u00a0l&rsquo;ambiance fraternelle\u00a0\u00bb des travaux.<\/p>\n<p>&#013;<\/p>\n<p>M. Chergui a r\u00e9it\u00e9r\u00e9 la gratitude et la reconnaissance de l&rsquo;UA \u00e0\u00a0 l&rsquo;Alg\u00e9rie, au pr\u00e9sident de la R\u00e9publique, Abdelaziz Bouteflika, au\u00a0 gouvernement et au peuple alg\u00e9riens pour le soutien \u00ab\u00a0multiforme\u00a0\u00bb, dans tous\u00a0 les domaines pour le d\u00e9veloppement du continent.<\/p>\n<p>&#013;<\/p>\n<p>Afripol est une organisation de coop\u00e9ration polici\u00e8re africaine visant \u00e0\u00a0 am\u00e9liorer \u00ab\u00a0l&rsquo;efficacit\u00e9\u00a0\u00bb des services de police africains \u00e0 travers\u00a0 l&rsquo;\u00e9change d&rsquo;informations et d&rsquo;exp\u00e9riences en mati\u00e8re de lutte contre le\u00a0 crime transnational et le terrorisme.<\/p>\n<p>&#013;<\/p>\n<p>Ce m\u00e9canisme se veut une \u00ab\u00a0valeur ajout\u00e9e\u00a0\u00bb \u00e0 la coop\u00e9ration polici\u00e8re\u00a0 r\u00e9gionale et internationale et \u00ab\u00a0une alliance strat\u00e9gique\u00a0\u00bb face aux menaces\u00a0 internationales qui p\u00e8sent sur un environnement en \u00ab\u00a0constante \u00e9volution\u00a0\u00bb.<\/p>\n<p>&#013;<\/p>\n<p>L&rsquo;id\u00e9e de cr\u00e9ation d&rsquo;Afripol a \u00e9t\u00e9 lanc\u00e9e lors de la 22e conf\u00e9rence\u00a0 r\u00e9gionale africaine de l&rsquo;Organisation internationale de police criminelle\u00a0 (Interpol), tenue en septembre 2013 \u00e0 Oran, en pr\u00e9sence de 41 chefs\u00a0 africains de police qui l&rsquo;ont adopt\u00e9e \u00e0 l&rsquo;unanimit\u00e9. L&rsquo;initiative a \u00e9t\u00e9\u00a0 appuy\u00e9e en marge de la 82e Assembl\u00e9e g\u00e9n\u00e9rale d&rsquo;Interpol tenue du 21 au 24\u00a0 octobre \u00e0 Carthag\u00e8ne (Colombie).<\/p>\n<p>&#013;<\/p>\n<p>\u00a0Le ministre de l&rsquo;Int\u00e9rieur et des Collectivit\u00e9s locales Nordine Bedoui \u00a0avait inaugur\u00e9 le 13 d\u00e9cembre 2015 le si\u00e8ge d&rsquo;Afripol, situ\u00e9 \u00e0 Ben Aknoun\u00a0 (Alger), en pr\u00e9sence des repr\u00e9sentants des appareils de police de plus de\u00a0 40 Etats africains.<\/p>\n<\/div>\n<p>&#013;<br \/>\nSource: <a href=\"http:\/\/www.aps.dz\/algerie\/57673-la-reunion-d-afripol-une-occasion-historique-pour-la-paix-et-la-securite-en-afrique\" target=\"_blank\">La r\u00e9union d&rsquo;Afripol, une occasion \u00ab\u00a0historique\u00a0\u00bb pour la paix et la s\u00e9curit\u00e9\u00a0 en Afrique\u00a0<\/a><\/p>\n<!--CusAds0-->\n<div style=\"font-size: 0px; height: 0px; line-height: 0px; margin: 0; padding: 0; clear: both;\"><\/div>","protected":false},"excerpt":{"rendered":"<p>ALGER-\u00a0 La tenue de la premi\u00e8re assembl\u00e9e g\u00e9n\u00e9rale du\u00a0 M\u00e9canisme de coop\u00e9ration polici\u00e8re africaine (Afripol) a \u00e9t\u00e9 une occasion\u00a0 \u00ab\u00a0historique\u00a0\u00bb et un \u00e9v\u00e8nement \u00ab\u00a0majeur\u00a0\u00bb pour la paix et la s\u00e9curit\u00e9 en\u00a0 Afrique, a soutenu mardi \u00e0 Alger le commissaire \u00e0 la paix et la s\u00e9curit\u00e9 de\u00a0 l&rsquo;Union africaine (UA), Smail Chergui. &#013; &#013; \u00ab\u00a0Cette rencontre<\/p>\n","protected":false},"author":6,"featured_media":12077,"comment_status":"open","ping_status":"open","sticky":false,"template":"","format":"standard","meta":{"footnotes":""},"categories":[22],"tags":[93],"class_list":["post-12076","post","type-post","status-publish","format-standard","has-post-thumbnail","hentry","category-infos","tag-onu"],"yoast_head":"<!-- This site is optimized with the Yoast SEO plugin v27.5 - https:\/\/yoast.com\/product\/yoast-seo-wordpress\/ -->\n<title>La r\u00e9union d&#039;Afripol, une occasion &quot;historique&quot; pour la paix et la s\u00e9curit\u00e9\u00a0 en Afrique\u00a0 - info algerie<\/title>\n<meta name=\"robots\" content=\"index, follow, max-snippet:-1, max-image-preview:large, max-video-preview:-1\" \/>\n<link rel=\"canonical\" href=\"https:\/\/www.info-algerie.com\/actualites\/la-reunion-dafripol-une-occasion-historique-pour-la-paix-et-la-securite-en-afrique\/\" \/>\n<meta property=\"og:locale\" content=\"fr_FR\" \/>\n<meta property=\"og:type\" content=\"article\" \/>\n<meta property=\"og:title\" content=\"La r\u00e9union d&#039;Afripol, une occasion &quot;historique&quot; pour la paix et la s\u00e9curit\u00e9\u00a0 en Afrique\u00a0 - info algerie\" \/>\n<meta property=\"og:description\" content=\"ALGER-\u00a0 La tenue de la premi\u00e8re assembl\u00e9e g\u00e9n\u00e9rale du\u00a0 M\u00e9canisme de coop\u00e9ration polici\u00e8re africaine (Afripol) a \u00e9t\u00e9 une occasion\u00a0 \u00ab\u00a0historique\u00a0\u00bb et un \u00e9v\u00e8nement \u00ab\u00a0majeur\u00a0\u00bb pour la paix et la s\u00e9curit\u00e9 en\u00a0 Afrique, a soutenu mardi \u00e0 Alger le commissaire \u00e0 la paix et la s\u00e9curit\u00e9 de\u00a0 l&rsquo;Union africaine (UA), Smail Chergui. &#013; &#013; \u00ab\u00a0Cette rencontre\" \/>\n<meta property=\"og:url\" content=\"https:\/\/www.info-algerie.com\/actualites\/la-reunion-dafripol-une-occasion-historique-pour-la-paix-et-la-securite-en-afrique\/\" \/>\n<meta property=\"og:site_name\" content=\"info algerie\" \/>\n<meta property=\"article:publisher\" content=\"https:\/\/www.facebook.com\/infoalgerieactu\" \/>\n<meta property=\"article:published_time\" content=\"2017-05-16T15:28:00+00:00\" \/>\n<meta property=\"og:image\" content=\"https:\/\/www.info-algerie.com\/actualites\/wp-content\/uploads\/2017\/05\/968d5f81e004570048f8dd428e3408c0_S-1.jpg\" \/>\n\t<meta property=\"og:image:width\" content=\"280\" \/>\n\t<meta property=\"og:image:height\" content=\"202\" \/>\n\t<meta property=\"og:image:type\" content=\"image\/jpeg\" \/>\n<meta name=\"author\" content=\"La r\u00e9daction\" \/>\n<meta name=\"twitter:label1\" content=\"\u00c9crit par\" \/>\n\t<meta name=\"twitter:data1\" content=\"La r\u00e9daction\" \/>\n\t<meta name=\"twitter:label2\" content=\"Dur\u00e9e de lecture estim\u00e9e\" \/>\n\t<meta name=\"twitter:data2\" content=\"3 minutes\" \/>\n<script type=\"application\/ld+json\" class=\"yoast-schema-graph\">{\"@context\":\"https:\\\/\\\/schema.org\",\"@graph\":[{\"@type\":\"Article\",\"@id\":\"https:\\\/\\\/www.info-algerie.com\\\/actualites\\\/la-reunion-dafripol-une-occasion-historique-pour-la-paix-et-la-securite-en-afrique\\\/#article\",\"isPartOf\":{\"@id\":\"https:\\\/\\\/www.info-algerie.com\\\/actualites\\\/la-reunion-dafripol-une-occasion-historique-pour-la-paix-et-la-securite-en-afrique\\\/\"},\"author\":{\"name\":\"La r\u00e9daction\",\"@id\":\"https:\\\/\\\/www.info-algerie.com\\\/actualites\\\/#\\\/schema\\\/person\\\/847aaec44920825b843a08f30ec6aa1e\"},\"headline\":\"La r\u00e9union d&#039;Afripol, une occasion &quot;historique&quot; pour la paix et la s\u00e9curit\u00e9\u00a0 en Afrique\u00a0\",\"datePublished\":\"2017-05-16T15:28:00+00:00\",\"mainEntityOfPage\":{\"@id\":\"https:\\\/\\\/www.info-algerie.com\\\/actualites\\\/la-reunion-dafripol-une-occasion-historique-pour-la-paix-et-la-securite-en-afrique\\\/\"},\"wordCount\":602,\"commentCount\":0,\"publisher\":{\"@id\":\"https:\\\/\\\/www.info-algerie.com\\\/actualites\\\/#organization\"},\"image\":{\"@id\":\"https:\\\/\\\/www.info-algerie.com\\\/actualites\\\/la-reunion-dafripol-une-occasion-historique-pour-la-paix-et-la-securite-en-afrique\\\/#primaryimage\"},\"thumbnailUrl\":\"https:\\\/\\\/www.info-algerie.com\\\/actualites\\\/wp-content\\\/uploads\\\/2017\\\/05\\\/968d5f81e004570048f8dd428e3408c0_S-1.jpg\",\"keywords\":[\"ONU\"],\"articleSection\":[\"infos\"],\"inLanguage\":\"fr-FR\",\"potentialAction\":[{\"@type\":\"CommentAction\",\"name\":\"Comment\",\"target\":[\"https:\\\/\\\/www.info-algerie.com\\\/actualites\\\/la-reunion-dafripol-une-occasion-historique-pour-la-paix-et-la-securite-en-afrique\\\/#respond\"]}]},{\"@type\":\"WebPage\",\"@id\":\"https:\\\/\\\/www.info-algerie.com\\\/actualites\\\/la-reunion-dafripol-une-occasion-historique-pour-la-paix-et-la-securite-en-afrique\\\/\",\"url\":\"https:\\\/\\\/www.info-algerie.com\\\/actualites\\\/la-reunion-dafripol-une-occasion-historique-pour-la-paix-et-la-securite-en-afrique\\\/\",\"name\":\"La r\u00e9union d&#039;Afripol, une occasion &quot;historique&quot; pour la paix et la s\u00e9curit\u00e9\u00a0 en Afrique\u00a0 - info algerie\",\"isPartOf\":{\"@id\":\"https:\\\/\\\/www.info-algerie.com\\\/actualites\\\/#website\"},\"primaryImageOfPage\":{\"@id\":\"https:\\\/\\\/www.info-algerie.com\\\/actualites\\\/la-reunion-dafripol-une-occasion-historique-pour-la-paix-et-la-securite-en-afrique\\\/#primaryimage\"},\"image\":{\"@id\":\"https:\\\/\\\/www.info-algerie.com\\\/actualites\\\/la-reunion-dafripol-une-occasion-historique-pour-la-paix-et-la-securite-en-afrique\\\/#primaryimage\"},\"thumbnailUrl\":\"https:\\\/\\\/www.info-algerie.com\\\/actualites\\\/wp-content\\\/uploads\\\/2017\\\/05\\\/968d5f81e004570048f8dd428e3408c0_S-1.jpg\",\"datePublished\":\"2017-05-16T15:28:00+00:00\",\"breadcrumb\":{\"@id\":\"https:\\\/\\\/www.info-algerie.com\\\/actualites\\\/la-reunion-dafripol-une-occasion-historique-pour-la-paix-et-la-securite-en-afrique\\\/#breadcrumb\"},\"inLanguage\":\"fr-FR\",\"potentialAction\":[{\"@type\":\"ReadAction\",\"target\":[\"https:\\\/\\\/www.info-algerie.com\\\/actualites\\\/la-reunion-dafripol-une-occasion-historique-pour-la-paix-et-la-securite-en-afrique\\\/\"]}]},{\"@type\":\"ImageObject\",\"inLanguage\":\"fr-FR\",\"@id\":\"https:\\\/\\\/www.info-algerie.com\\\/actualites\\\/la-reunion-dafripol-une-occasion-historique-pour-la-paix-et-la-securite-en-afrique\\\/#primaryimage\",\"url\":\"https:\\\/\\\/www.info-algerie.com\\\/actualites\\\/wp-content\\\/uploads\\\/2017\\\/05\\\/968d5f81e004570048f8dd428e3408c0_S-1.jpg\",\"contentUrl\":\"https:\\\/\\\/www.info-algerie.com\\\/actualites\\\/wp-content\\\/uploads\\\/2017\\\/05\\\/968d5f81e004570048f8dd428e3408c0_S-1.jpg\",\"width\":280,\"height\":202},{\"@type\":\"BreadcrumbList\",\"@id\":\"https:\\\/\\\/www.info-algerie.com\\\/actualites\\\/la-reunion-dafripol-une-occasion-historique-pour-la-paix-et-la-securite-en-afrique\\\/#breadcrumb\",\"itemListElement\":[{\"@type\":\"ListItem\",\"position\":1,\"name\":\"Accueil\",\"item\":\"https:\\\/\\\/www.info-algerie.com\\\/actualites\\\/\"},{\"@type\":\"ListItem\",\"position\":2,\"name\":\"La r\u00e9union d&#039;Afripol, une occasion &quot;historique&quot; pour la paix et la s\u00e9curit\u00e9\u00a0 en Afrique\u00a0\"}]},{\"@type\":\"WebSite\",\"@id\":\"https:\\\/\\\/www.info-algerie.com\\\/actualites\\\/#website\",\"url\":\"https:\\\/\\\/www.info-algerie.com\\\/actualites\\\/\",\"name\":\"info algerie\",\"description\":\"Toutes les actualit\u00e9s\",\"publisher\":{\"@id\":\"https:\\\/\\\/www.info-algerie.com\\\/actualites\\\/#organization\"},\"potentialAction\":[{\"@type\":\"SearchAction\",\"target\":{\"@type\":\"EntryPoint\",\"urlTemplate\":\"https:\\\/\\\/www.info-algerie.com\\\/actualites\\\/?s={search_term_string}\"},\"query-input\":{\"@type\":\"PropertyValueSpecification\",\"valueRequired\":true,\"valueName\":\"search_term_string\"}}],\"inLanguage\":\"fr-FR\"},{\"@type\":\"Organization\",\"@id\":\"https:\\\/\\\/www.info-algerie.com\\\/actualites\\\/#organization\",\"name\":\"info algerie\",\"url\":\"https:\\\/\\\/www.info-algerie.com\\\/actualites\\\/\",\"logo\":{\"@type\":\"ImageObject\",\"inLanguage\":\"fr-FR\",\"@id\":\"https:\\\/\\\/www.info-algerie.com\\\/actualites\\\/#\\\/schema\\\/logo\\\/image\\\/\",\"url\":\"https:\\\/\\\/www.info-algerie.com\\\/actualites\\\/wp-content\\\/uploads\\\/2022\\\/07\\\/logo-ia-120.png\",\"contentUrl\":\"https:\\\/\\\/www.info-algerie.com\\\/actualites\\\/wp-content\\\/uploads\\\/2022\\\/07\\\/logo-ia-120.png\",\"width\":120,\"height\":43,\"caption\":\"info algerie\"},\"image\":{\"@id\":\"https:\\\/\\\/www.info-algerie.com\\\/actualites\\\/#\\\/schema\\\/logo\\\/image\\\/\"},\"sameAs\":[\"https:\\\/\\\/www.facebook.com\\\/infoalgerieactu\",\"https:\\\/\\\/x.com\\\/infoalgerie1\"]},{\"@type\":\"Person\",\"@id\":\"https:\\\/\\\/www.info-algerie.com\\\/actualites\\\/#\\\/schema\\\/person\\\/847aaec44920825b843a08f30ec6aa1e\",\"name\":\"La r\u00e9daction\",\"image\":{\"@type\":\"ImageObject\",\"inLanguage\":\"fr-FR\",\"@id\":\"https:\\\/\\\/secure.gravatar.com\\\/avatar\\\/769db425c6f465158149f1ffd6cf61ce7a8a879d11dfbef8288af36dfddd418c?s=96&d=mm&r=g\",\"url\":\"https:\\\/\\\/secure.gravatar.com\\\/avatar\\\/769db425c6f465158149f1ffd6cf61ce7a8a879d11dfbef8288af36dfddd418c?s=96&d=mm&r=g\",\"contentUrl\":\"https:\\\/\\\/secure.gravatar.com\\\/avatar\\\/769db425c6f465158149f1ffd6cf61ce7a8a879d11dfbef8288af36dfddd418c?s=96&d=mm&r=g\",\"caption\":\"La r\u00e9daction\"},\"sameAs\":[\"http:\\\/\\\/www.lkeria.com\\\/\"],\"url\":\"https:\\\/\\\/www.info-algerie.com\\\/actualites\\\/author\\\/chakib32\\\/\"}]}<\/script>\n<!-- \/ Yoast SEO plugin. -->","yoast_head_json":{"title":"La r\u00e9union d&#039;Afripol, une occasion &quot;historique&quot; pour la paix et la s\u00e9curit\u00e9\u00a0 en Afrique\u00a0 - info algerie","robots":{"index":"index","follow":"follow","max-snippet":"max-snippet:-1","max-image-preview":"max-image-preview:large","max-video-preview":"max-video-preview:-1"},"canonical":"https:\/\/www.info-algerie.com\/actualites\/la-reunion-dafripol-une-occasion-historique-pour-la-paix-et-la-securite-en-afrique\/","og_locale":"fr_FR","og_type":"article","og_title":"La r\u00e9union d&#039;Afripol, une occasion &quot;historique&quot; pour la paix et la s\u00e9curit\u00e9\u00a0 en Afrique\u00a0 - info algerie","og_description":"ALGER-\u00a0 La tenue de la premi\u00e8re assembl\u00e9e g\u00e9n\u00e9rale du\u00a0 M\u00e9canisme de coop\u00e9ration polici\u00e8re africaine (Afripol) a \u00e9t\u00e9 une occasion\u00a0 \u00ab\u00a0historique\u00a0\u00bb et un \u00e9v\u00e8nement \u00ab\u00a0majeur\u00a0\u00bb pour la paix et la s\u00e9curit\u00e9 en\u00a0 Afrique, a soutenu mardi \u00e0 Alger le commissaire \u00e0 la paix et la s\u00e9curit\u00e9 de\u00a0 l&rsquo;Union africaine (UA), Smail Chergui. &#013; &#013; \u00ab\u00a0Cette rencontre","og_url":"https:\/\/www.info-algerie.com\/actualites\/la-reunion-dafripol-une-occasion-historique-pour-la-paix-et-la-securite-en-afrique\/","og_site_name":"info algerie","article_publisher":"https:\/\/www.facebook.com\/infoalgerieactu","article_published_time":"2017-05-16T15:28:00+00:00","og_image":[{"width":280,"height":202,"url":"https:\/\/www.info-algerie.com\/actualites\/wp-content\/uploads\/2017\/05\/968d5f81e004570048f8dd428e3408c0_S-1.jpg","type":"image\/jpeg"}],"author":"La r\u00e9daction","twitter_misc":{"\u00c9crit par":"La r\u00e9daction","Dur\u00e9e de lecture estim\u00e9e":"3 minutes"},"schema":{"@context":"https:\/\/schema.org","@graph":[{"@type":"Article","@id":"https:\/\/www.info-algerie.com\/actualites\/la-reunion-dafripol-une-occasion-historique-pour-la-paix-et-la-securite-en-afrique\/#article","isPartOf":{"@id":"https:\/\/www.info-algerie.com\/actualites\/la-reunion-dafripol-une-occasion-historique-pour-la-paix-et-la-securite-en-afrique\/"},"author":{"name":"La r\u00e9daction","@id":"https:\/\/www.info-algerie.com\/actualites\/#\/schema\/person\/847aaec44920825b843a08f30ec6aa1e"},"headline":"La r\u00e9union d&#039;Afripol, une occasion &quot;historique&quot; pour la paix et la s\u00e9curit\u00e9\u00a0 en Afrique\u00a0","datePublished":"2017-05-16T15:28:00+00:00","mainEntityOfPage":{"@id":"https:\/\/www.info-algerie.com\/actualites\/la-reunion-dafripol-une-occasion-historique-pour-la-paix-et-la-securite-en-afrique\/"},"wordCount":602,"commentCount":0,"publisher":{"@id":"https:\/\/www.info-algerie.com\/actualites\/#organization"},"image":{"@id":"https:\/\/www.info-algerie.com\/actualites\/la-reunion-dafripol-une-occasion-historique-pour-la-paix-et-la-securite-en-afrique\/#primaryimage"},"thumbnailUrl":"https:\/\/www.info-algerie.com\/actualites\/wp-content\/uploads\/2017\/05\/968d5f81e004570048f8dd428e3408c0_S-1.jpg","keywords":["ONU"],"articleSection":["infos"],"inLanguage":"fr-FR","potentialAction":[{"@type":"CommentAction","name":"Comment","target":["https:\/\/www.info-algerie.com\/actualites\/la-reunion-dafripol-une-occasion-historique-pour-la-paix-et-la-securite-en-afrique\/#respond"]}]},{"@type":"WebPage","@id":"https:\/\/www.info-algerie.com\/actualites\/la-reunion-dafripol-une-occasion-historique-pour-la-paix-et-la-securite-en-afrique\/","url":"https:\/\/www.info-algerie.com\/actualites\/la-reunion-dafripol-une-occasion-historique-pour-la-paix-et-la-securite-en-afrique\/","name":"La r\u00e9union d&#039;Afripol, une occasion &quot;historique&quot; pour la paix et la s\u00e9curit\u00e9\u00a0 en Afrique\u00a0 - info algerie","isPartOf":{"@id":"https:\/\/www.info-algerie.com\/actualites\/#website"},"primaryImageOfPage":{"@id":"https:\/\/www.info-algerie.com\/actualites\/la-reunion-dafripol-une-occasion-historique-pour-la-paix-et-la-securite-en-afrique\/#primaryimage"},"image":{"@id":"https:\/\/www.info-algerie.com\/actualites\/la-reunion-dafripol-une-occasion-historique-pour-la-paix-et-la-securite-en-afrique\/#primaryimage"},"thumbnailUrl":"https:\/\/www.info-algerie.com\/actualites\/wp-content\/uploads\/2017\/05\/968d5f81e004570048f8dd428e3408c0_S-1.jpg","datePublished":"2017-05-16T15:28:00+00:00","breadcrumb":{"@id":"https:\/\/www.info-algerie.com\/actualites\/la-reunion-dafripol-une-occasion-historique-pour-la-paix-et-la-securite-en-afrique\/#breadcrumb"},"inLanguage":"fr-FR","potentialAction":[{"@type":"ReadAction","target":["https:\/\/www.info-algerie.com\/actualites\/la-reunion-dafripol-une-occasion-historique-pour-la-paix-et-la-securite-en-afrique\/"]}]},{"@type":"ImageObject","inLanguage":"fr-FR","@id":"https:\/\/www.info-algerie.com\/actualites\/la-reunion-dafripol-une-occasion-historique-pour-la-paix-et-la-securite-en-afrique\/#primaryimage","url":"https:\/\/www.info-algerie.com\/actualites\/wp-content\/uploads\/2017\/05\/968d5f81e004570048f8dd428e3408c0_S-1.jpg","contentUrl":"https:\/\/www.info-algerie.com\/actualites\/wp-content\/uploads\/2017\/05\/968d5f81e004570048f8dd428e3408c0_S-1.jpg","width":280,"height":202},{"@type":"BreadcrumbList","@id":"https:\/\/www.info-algerie.com\/actualites\/la-reunion-dafripol-une-occasion-historique-pour-la-paix-et-la-securite-en-afrique\/#breadcrumb","itemListElement":[{"@type":"ListItem","position":1,"name":"Accueil","item":"https:\/\/www.info-algerie.com\/actualites\/"},{"@type":"ListItem","position":2,"name":"La r\u00e9union d&#039;Afripol, une occasion &quot;historique&quot; pour la paix et la s\u00e9curit\u00e9\u00a0 en Afrique\u00a0"}]},{"@type":"WebSite","@id":"https:\/\/www.info-algerie.com\/actualites\/#website","url":"https:\/\/www.info-algerie.com\/actualites\/","name":"info algerie","description":"Toutes les actualit\u00e9s","publisher":{"@id":"https:\/\/www.info-algerie.com\/actualites\/#organization"},"potentialAction":[{"@type":"SearchAction","target":{"@type":"EntryPoint","urlTemplate":"https:\/\/www.info-algerie.com\/actualites\/?s={search_term_string}"},"query-input":{"@type":"PropertyValueSpecification","valueRequired":true,"valueName":"search_term_string"}}],"inLanguage":"fr-FR"},{"@type":"Organization","@id":"https:\/\/www.info-algerie.com\/actualites\/#organization","name":"info algerie","url":"https:\/\/www.info-algerie.com\/actualites\/","logo":{"@type":"ImageObject","inLanguage":"fr-FR","@id":"https:\/\/www.info-algerie.com\/actualites\/#\/schema\/logo\/image\/","url":"https:\/\/www.info-algerie.com\/actualites\/wp-content\/uploads\/2022\/07\/logo-ia-120.png","contentUrl":"https:\/\/www.info-algerie.com\/actualites\/wp-content\/uploads\/2022\/07\/logo-ia-120.png","width":120,"height":43,"caption":"info algerie"},"image":{"@id":"https:\/\/www.info-algerie.com\/actualites\/#\/schema\/logo\/image\/"},"sameAs":["https:\/\/www.facebook.com\/infoalgerieactu","https:\/\/x.com\/infoalgerie1"]},{"@type":"Person","@id":"https:\/\/www.info-algerie.com\/actualites\/#\/schema\/person\/847aaec44920825b843a08f30ec6aa1e","name":"La r\u00e9daction","image":{"@type":"ImageObject","inLanguage":"fr-FR","@id":"https:\/\/secure.gravatar.com\/avatar\/769db425c6f465158149f1ffd6cf61ce7a8a879d11dfbef8288af36dfddd418c?s=96&d=mm&r=g","url":"https:\/\/secure.gravatar.com\/avatar\/769db425c6f465158149f1ffd6cf61ce7a8a879d11dfbef8288af36dfddd418c?s=96&d=mm&r=g","contentUrl":"https:\/\/secure.gravatar.com\/avatar\/769db425c6f465158149f1ffd6cf61ce7a8a879d11dfbef8288af36dfddd418c?s=96&d=mm&r=g","caption":"La r\u00e9daction"},"sameAs":["http:\/\/www.lkeria.com\/"],"url":"https:\/\/www.info-algerie.com\/actualites\/author\/chakib32\/"}]}},"_links":{"self":[{"href":"https:\/\/www.info-algerie.com\/actualites\/wp-json\/wp\/v2\/posts\/12076","targetHints":{"allow":["GET"]}}],"collection":[{"href":"https:\/\/www.info-algerie.com\/actualites\/wp-json\/wp\/v2\/posts"}],"about":[{"href":"https:\/\/www.info-algerie.com\/actualites\/wp-json\/wp\/v2\/types\/post"}],"author":[{"embeddable":true,"href":"https:\/\/www.info-algerie.com\/actualites\/wp-json\/wp\/v2\/users\/6"}],"replies":[{"embeddable":true,"href":"https:\/\/www.info-algerie.com\/actualites\/wp-json\/wp\/v2\/comments?post=12076"}],"version-history":[{"count":0,"href":"https:\/\/www.info-algerie.com\/actualites\/wp-json\/wp\/v2\/posts\/12076\/revisions"}],"wp:featuredmedia":[{"embeddable":true,"href":"https:\/\/www.info-algerie.com\/actualites\/wp-json\/wp\/v2\/media\/12077"}],"wp:attachment":[{"href":"https:\/\/www.info-algerie.com\/actualites\/wp-json\/wp\/v2\/media?parent=12076"}],"wp:term":[{"taxonomy":"category","embeddable":true,"href":"https:\/\/www.info-algerie.com\/actualites\/wp-json\/wp\/v2\/categories?post=12076"},{"taxonomy":"post_tag","embeddable":true,"href":"https:\/\/www.info-algerie.com\/actualites\/wp-json\/wp\/v2\/tags?post=12076"}],"curies":[{"name":"wp","href":"https:\/\/api.w.org\/{rel}","templated":true}]}}