{"id":12080,"date":"2017-05-16T18:27:07","date_gmt":"2017-05-16T17:27:07","guid":{"rendered":"http:\/\/www.info-algerie.com\/actualites\/les-responsables-africains-de-police-saluent-le-role-pionnier-du-president-bouteflika-dans-son-soutien-aux-causes-africaines\/"},"modified":"2017-05-16T18:27:07","modified_gmt":"2017-05-16T17:27:07","slug":"les-responsables-africains-de-police-saluent-le-role-pionnier-du-president-bouteflika-dans-son-soutien-aux-causes-africaines","status":"publish","type":"post","link":"https:\/\/www.info-algerie.com\/actualites\/les-responsables-africains-de-police-saluent-le-role-pionnier-du-president-bouteflika-dans-son-soutien-aux-causes-africaines\/","title":{"rendered":"Les responsables africains de police saluent le r\u00f4le pionnier du Pr\u00e9sident\u00a0 Bouteflika dans son soutien aux causes africaines"},"content":{"rendered":"<div class=\"K2FeedImage\"><img decoding=\"async\" src=\"https:\/\/www.info-algerie.com\/actualites\/wp-content\/uploads\/2017\/05\/4478833d47b590e63ae9353e97c8218e_S.jpg\" alt=\"Les responsables africains de police saluent le r&#xF4;le pionnier du Pr&#xE9;sident&#xA0; Bouteflika dans son soutien aux causes africaines\" \/><\/div>\n<div class=\"K2FeedIntroText\">\n<p class=\"MsoNoSpacing\">ALGER- Les Directeurs et inspecteurs g\u00e9n\u00e9raux de police\u00a0 des Etats de l&rsquo;Union africaine (UA) ont salu\u00e9, mardi \u00e0 Alger, le r\u00f4le\u00a0 pionnier du pr\u00e9sident de la R\u00e9publique, Abdelaziz Bouteflika dans son soutien aux causes africaines et ses efforts constants dans le\u00a0 r\u00e9tablissement de la s\u00e9curit\u00e9 et de la stabilit\u00e9 du Continent.<\/p>\n<p>&#013;\n<\/p><\/div>\n<div class=\"K2FeedFullText\">&#013;<\/p>\n<p>A la cl\u00f4ture des travaux de la premi\u00e8re Assembl\u00e9e g\u00e9n\u00e9rale d&rsquo;Afripol,\u00a0 abrit\u00e9e par l&rsquo;Alg\u00e9rie durant trois jours, les chefs de police africaine ont\u00a0 adress\u00e9 un message de remerciements et de gratitude au pr\u00e9sident\u00a0 Bouteflika, lu en leur nom par le Directeur g\u00e9n\u00e9ral de la S\u00fbret\u00e9 nationale\u00a0 mauritanienne, Mohamed Ijat, dans lequel ils ont salu\u00e9 \u00ab\u00a0le r\u00f4le pionnier du\u00a0 pr\u00e9sident de la R\u00e9publique dans son soutien aux causes africaines,\u00a0 l&rsquo;ancrage des valeurs de solidarit\u00e9 entre pays africains, le renforcement\u00a0 de la coop\u00e9ration entre ces pays dans diff\u00e9rents domaines dont celui de la\u00a0 s\u00e9curit\u00e9, outre et la promotion de toutes les initiatives et d\u00e9marches\u00a0 visant \u00e0 promouvoir cette coop\u00e9ration\u00a0\u00bb.<\/p>\n<p>&#013;<\/p>\n<p>Ils ont \u00e9galement saisi l&rsquo;occasion pour saluer \u00ab\u00a0les efforts constants du\u00a0 pr\u00e9sident de la R\u00e9publique et ses actions louables en faveur du\u00a0 r\u00e9tablissement de la s\u00e9curit\u00e9 et de la stabilit\u00e9 en Afrique ainsi que ses\u00a0 efforts pour le r\u00e8glement des crises et diff\u00e9rends qui divisent certains\u00a0 pays, par des voies pacifiques et le dialogue tout en respectant la\u00a0 souverainet\u00e9 de chaque Etat sans s&rsquo;immiscer dans ses affaires internes\u00a0\u00bb.<\/p>\n<p>&#013;<\/p>\n<p>A cette occasion, les directeurs et inspecteurs g\u00e9n\u00e9raux africains de\u00a0 police ont mis en avant le combat du pr\u00e9sident Bouteflika pour \u00ab\u00a0le\u00a0 r\u00e9tablissement de la paix et de la s\u00e9curit\u00e9 dans le monde et ses efforts\u00a0 visant \u00e0 \u00e9radiquer la violence et extr\u00e9misme gr\u00e2ce \u00e0 sa sage et judicieuse\u00a0 politique pour la protection et la promotion des droits de l&rsquo;homme,\u00a0 l&rsquo;instauration de l&rsquo;Etat de droit et la cons\u00e9cration des valeurs de la\u00a0 r\u00e9conciliation et la concorde pour que r\u00e8gnent les liens de fraternit\u00e9 et\u00a0 d&rsquo;amour \u00e0 travers le monde\u00a0\u00bb.<\/p>\n<p>&#013;<\/p>\n<p>Les responsables africains ont adress\u00e9 \u00ab\u00a0leurs f\u00e9licitations au Chef de\u00a0 l&rsquo;Etat pour le succ\u00e8s des \u00e9lections l\u00e9gislatives\u00a0\u00bb du 4 mai, exprimant leur\u00a0 fiert\u00e9 et gratitude pour les \u00ab\u00a0grandes r\u00e9alisations de l&rsquo;Alg\u00e9rie dans\u00a0 diff\u00e9rents domaines et les acquis remport\u00e9s par le pays sous la direction\u00a0 \u00e9clair\u00e9e du pr\u00e9sident Bouteflika \u00e0 la faveur de la s\u00e9curit\u00e9 et de la\u00a0 stabilit\u00e9 dont jouit l&rsquo;Alg\u00e9rie aujourd&rsquo;hui\u00a0\u00bb.<\/p>\n<p>&#013;<\/p>\n<p>L&rsquo;Alg\u00e9rie a abrit\u00e9 trois jours durant, la premi\u00e8re AG d&rsquo;Afripol organis\u00e9e\u00a0 par la Direction g\u00e9n\u00e9rale de la S\u00fbret\u00e9 nationale (DGSN) en collaboration\u00a0 avec la Commission de l&rsquo;Union africaine (UA), avec la participation des\u00a0 chefs de police africains et des responsables d&rsquo;institutions polici\u00e8res\u00a0 r\u00e9gionales et internationales.<\/p>\n<p>&#013;<\/p>\n<p>Les r\u00e8glements int\u00e9rieurs de l&rsquo;AG et du Comit\u00e9 directeur ont \u00e9t\u00e9 d\u00e9battus\u00a0 durant la rencontre, outre la d\u00e9signation du pr\u00e9sident et des membres des\u00a0 Comit\u00e9s directeurs d&rsquo;Afripol et la d\u00e9finition des cadres g\u00e9n\u00e9raux de\u00a0 coop\u00e9ration entre les instances de police tant aux niveaux national,\u00a0 r\u00e9gional que continental et international.<\/p>\n<p>&#013;<\/p>\n<p>Cette rencontre qui intervient apr\u00e8s l&rsquo;adoption des lois par les chefs\u00a0 d&rsquo;Etats et Gouvernements africains lors des travaux du 28\u00e8me sommet\u00a0 ordinaire de l&rsquo;Union africaine tenu fin janvier 2017 \u00e0 Addis Abeba, se veut\u00a0 une cons\u00e9cration effective du m\u00e9canisme d&rsquo;Afripol qui est une organisation de coop\u00e9ration polici\u00e8re africaine visant \u00e0 am\u00e9liorer \u00ab\u00a0l&rsquo;efficacit\u00e9\u00a0\u00bb des\u00a0 services de police africains \u00e0 travers l&rsquo;\u00e9change d&rsquo;informations et\u00a0 d&rsquo;exp\u00e9riences en mati\u00e8re de lutte contre le crime transnational et le\u00a0 terrorisme, outre l&rsquo;assistance technique partag\u00e9e.<\/p>\n<p>&#013;<\/p>\n<p>Ce M\u00e9canisme promeut la coop\u00e9ration polici\u00e8re r\u00e9gionale et rapprochera les\u00a0 vues des chefs de police en termes d&rsquo;\u00e9valuation des risques, de d\u00e9finition\u00a0 des politiques, de renforcement des capacit\u00e9s institutionnelles de police\u00a0 dans le domaine de la formation, de la police scientifique et de la gestion\u00a0 des services de police charg\u00e9s de veiller au respect des droits de l&rsquo;homme,\u00a0 de la justice et de l&rsquo;\u00e9galit\u00e9.<\/p>\n<p>&#013;<\/p>\n<p>\u00a0<\/p>\n<p>&#013;<\/p>\n<p>Ce m\u00e9canisme se veut une \u00ab\u00a0valeur ajout\u00e9e\u00a0\u00bb \u00e0 la coop\u00e9ration polici\u00e8re\u00a0 r\u00e9gionale et internationale et \u00ab\u00a0une alliance strat\u00e9gique\u00a0\u00bb face aux menaces\u00a0 internationales qui p\u00e8sent sur un environnement en \u00ab\u00a0constante\u00a0 \u00e9volution\u00a0\u00bb.<\/p>\n<\/div>\n<p>&#013;<br \/>\nSource: <a href=\"http:\/\/www.aps.dz\/algerie\/57680-les-responsables-africains-de-police-saluent-le-role-pionnier-du-president-bouteflika-dans-son-soutien-aux-causes-africaines\" target=\"_blank\">Les responsables africains de police saluent le r\u00f4le pionnier du Pr\u00e9sident\u00a0 Bouteflika dans son soutien aux causes africaines<\/a><\/p>\n<!--CusAds0-->\n<div style=\"font-size: 0px; height: 0px; line-height: 0px; margin: 0; padding: 0; clear: both;\"><\/div>","protected":false},"excerpt":{"rendered":"<p>ALGER- Les Directeurs et inspecteurs g\u00e9n\u00e9raux de police\u00a0 des Etats de l&rsquo;Union africaine (UA) ont salu\u00e9, mardi \u00e0 Alger, le r\u00f4le\u00a0 pionnier du pr\u00e9sident de la R\u00e9publique, Abdelaziz Bouteflika dans son soutien aux causes africaines et ses efforts constants dans le\u00a0 r\u00e9tablissement de la s\u00e9curit\u00e9 et de la stabilit\u00e9 du Continent. &#013; &#013; A la<\/p>\n","protected":false},"author":6,"featured_media":12081,"comment_status":"open","ping_status":"open","sticky":false,"template":"","format":"standard","meta":{"footnotes":""},"categories":[22],"tags":[93],"class_list":["post-12080","post","type-post","status-publish","format-standard","has-post-thumbnail","hentry","category-infos","tag-onu"],"yoast_head":"<!-- This site is optimized with the Yoast SEO plugin v27.5 - https:\/\/yoast.com\/product\/yoast-seo-wordpress\/ -->\n<title>Les responsables africains de police saluent le r\u00f4le pionnier du Pr\u00e9sident\u00a0 Bouteflika dans son soutien aux causes africaines - info algerie<\/title>\n<meta name=\"robots\" content=\"index, follow, max-snippet:-1, max-image-preview:large, max-video-preview:-1\" \/>\n<link rel=\"canonical\" href=\"https:\/\/www.info-algerie.com\/actualites\/les-responsables-africains-de-police-saluent-le-role-pionnier-du-president-bouteflika-dans-son-soutien-aux-causes-africaines\/\" \/>\n<meta property=\"og:locale\" content=\"fr_FR\" \/>\n<meta property=\"og:type\" content=\"article\" \/>\n<meta property=\"og:title\" content=\"Les responsables africains de police saluent le r\u00f4le pionnier du Pr\u00e9sident\u00a0 Bouteflika dans son soutien aux causes africaines - info algerie\" \/>\n<meta property=\"og:description\" content=\"ALGER- Les Directeurs et inspecteurs g\u00e9n\u00e9raux de police\u00a0 des Etats de l&rsquo;Union africaine (UA) ont salu\u00e9, mardi \u00e0 Alger, le r\u00f4le\u00a0 pionnier du pr\u00e9sident de la R\u00e9publique, Abdelaziz Bouteflika dans son soutien aux causes africaines et ses efforts constants dans le\u00a0 r\u00e9tablissement de la s\u00e9curit\u00e9 et de la stabilit\u00e9 du Continent. &#013; &#013; A la\" \/>\n<meta property=\"og:url\" content=\"https:\/\/www.info-algerie.com\/actualites\/les-responsables-africains-de-police-saluent-le-role-pionnier-du-president-bouteflika-dans-son-soutien-aux-causes-africaines\/\" \/>\n<meta property=\"og:site_name\" content=\"info algerie\" \/>\n<meta property=\"article:publisher\" content=\"https:\/\/www.facebook.com\/infoalgerieactu\" \/>\n<meta property=\"article:published_time\" content=\"2017-05-16T17:27:07+00:00\" \/>\n<meta property=\"og:image\" content=\"https:\/\/www.info-algerie.com\/actualites\/wp-content\/uploads\/2017\/05\/4478833d47b590e63ae9353e97c8218e_S-1.jpg\" \/>\n\t<meta property=\"og:image:width\" content=\"280\" \/>\n\t<meta property=\"og:image:height\" content=\"186\" \/>\n\t<meta property=\"og:image:type\" content=\"image\/jpeg\" \/>\n<meta name=\"author\" content=\"La r\u00e9daction\" \/>\n<meta name=\"twitter:label1\" content=\"\u00c9crit par\" \/>\n\t<meta name=\"twitter:data1\" content=\"La r\u00e9daction\" \/>\n\t<meta name=\"twitter:label2\" content=\"Dur\u00e9e de lecture estim\u00e9e\" \/>\n\t<meta name=\"twitter:data2\" content=\"4 minutes\" \/>\n<script type=\"application\/ld+json\" class=\"yoast-schema-graph\">{\"@context\":\"https:\\\/\\\/schema.org\",\"@graph\":[{\"@type\":\"Article\",\"@id\":\"https:\\\/\\\/www.info-algerie.com\\\/actualites\\\/les-responsables-africains-de-police-saluent-le-role-pionnier-du-president-bouteflika-dans-son-soutien-aux-causes-africaines\\\/#article\",\"isPartOf\":{\"@id\":\"https:\\\/\\\/www.info-algerie.com\\\/actualites\\\/les-responsables-africains-de-police-saluent-le-role-pionnier-du-president-bouteflika-dans-son-soutien-aux-causes-africaines\\\/\"},\"author\":{\"name\":\"La r\u00e9daction\",\"@id\":\"https:\\\/\\\/www.info-algerie.com\\\/actualites\\\/#\\\/schema\\\/person\\\/847aaec44920825b843a08f30ec6aa1e\"},\"headline\":\"Les responsables africains de police saluent le r\u00f4le pionnier du Pr\u00e9sident\u00a0 Bouteflika dans son soutien aux causes africaines\",\"datePublished\":\"2017-05-16T17:27:07+00:00\",\"mainEntityOfPage\":{\"@id\":\"https:\\\/\\\/www.info-algerie.com\\\/actualites\\\/les-responsables-africains-de-police-saluent-le-role-pionnier-du-president-bouteflika-dans-son-soutien-aux-causes-africaines\\\/\"},\"wordCount\":799,\"commentCount\":0,\"publisher\":{\"@id\":\"https:\\\/\\\/www.info-algerie.com\\\/actualites\\\/#organization\"},\"image\":{\"@id\":\"https:\\\/\\\/www.info-algerie.com\\\/actualites\\\/les-responsables-africains-de-police-saluent-le-role-pionnier-du-president-bouteflika-dans-son-soutien-aux-causes-africaines\\\/#primaryimage\"},\"thumbnailUrl\":\"https:\\\/\\\/www.info-algerie.com\\\/actualites\\\/wp-content\\\/uploads\\\/2017\\\/05\\\/4478833d47b590e63ae9353e97c8218e_S-1.jpg\",\"keywords\":[\"ONU\"],\"articleSection\":[\"infos\"],\"inLanguage\":\"fr-FR\",\"potentialAction\":[{\"@type\":\"CommentAction\",\"name\":\"Comment\",\"target\":[\"https:\\\/\\\/www.info-algerie.com\\\/actualites\\\/les-responsables-africains-de-police-saluent-le-role-pionnier-du-president-bouteflika-dans-son-soutien-aux-causes-africaines\\\/#respond\"]}]},{\"@type\":\"WebPage\",\"@id\":\"https:\\\/\\\/www.info-algerie.com\\\/actualites\\\/les-responsables-africains-de-police-saluent-le-role-pionnier-du-president-bouteflika-dans-son-soutien-aux-causes-africaines\\\/\",\"url\":\"https:\\\/\\\/www.info-algerie.com\\\/actualites\\\/les-responsables-africains-de-police-saluent-le-role-pionnier-du-president-bouteflika-dans-son-soutien-aux-causes-africaines\\\/\",\"name\":\"Les responsables africains de police saluent le r\u00f4le pionnier du Pr\u00e9sident\u00a0 Bouteflika dans son soutien aux causes africaines - info algerie\",\"isPartOf\":{\"@id\":\"https:\\\/\\\/www.info-algerie.com\\\/actualites\\\/#website\"},\"primaryImageOfPage\":{\"@id\":\"https:\\\/\\\/www.info-algerie.com\\\/actualites\\\/les-responsables-africains-de-police-saluent-le-role-pionnier-du-president-bouteflika-dans-son-soutien-aux-causes-africaines\\\/#primaryimage\"},\"image\":{\"@id\":\"https:\\\/\\\/www.info-algerie.com\\\/actualites\\\/les-responsables-africains-de-police-saluent-le-role-pionnier-du-president-bouteflika-dans-son-soutien-aux-causes-africaines\\\/#primaryimage\"},\"thumbnailUrl\":\"https:\\\/\\\/www.info-algerie.com\\\/actualites\\\/wp-content\\\/uploads\\\/2017\\\/05\\\/4478833d47b590e63ae9353e97c8218e_S-1.jpg\",\"datePublished\":\"2017-05-16T17:27:07+00:00\",\"breadcrumb\":{\"@id\":\"https:\\\/\\\/www.info-algerie.com\\\/actualites\\\/les-responsables-africains-de-police-saluent-le-role-pionnier-du-president-bouteflika-dans-son-soutien-aux-causes-africaines\\\/#breadcrumb\"},\"inLanguage\":\"fr-FR\",\"potentialAction\":[{\"@type\":\"ReadAction\",\"target\":[\"https:\\\/\\\/www.info-algerie.com\\\/actualites\\\/les-responsables-africains-de-police-saluent-le-role-pionnier-du-president-bouteflika-dans-son-soutien-aux-causes-africaines\\\/\"]}]},{\"@type\":\"ImageObject\",\"inLanguage\":\"fr-FR\",\"@id\":\"https:\\\/\\\/www.info-algerie.com\\\/actualites\\\/les-responsables-africains-de-police-saluent-le-role-pionnier-du-president-bouteflika-dans-son-soutien-aux-causes-africaines\\\/#primaryimage\",\"url\":\"https:\\\/\\\/www.info-algerie.com\\\/actualites\\\/wp-content\\\/uploads\\\/2017\\\/05\\\/4478833d47b590e63ae9353e97c8218e_S-1.jpg\",\"contentUrl\":\"https:\\\/\\\/www.info-algerie.com\\\/actualites\\\/wp-content\\\/uploads\\\/2017\\\/05\\\/4478833d47b590e63ae9353e97c8218e_S-1.jpg\",\"width\":280,\"height\":186},{\"@type\":\"BreadcrumbList\",\"@id\":\"https:\\\/\\\/www.info-algerie.com\\\/actualites\\\/les-responsables-africains-de-police-saluent-le-role-pionnier-du-president-bouteflika-dans-son-soutien-aux-causes-africaines\\\/#breadcrumb\",\"itemListElement\":[{\"@type\":\"ListItem\",\"position\":1,\"name\":\"Accueil\",\"item\":\"https:\\\/\\\/www.info-algerie.com\\\/actualites\\\/\"},{\"@type\":\"ListItem\",\"position\":2,\"name\":\"Les responsables africains de police saluent le r\u00f4le pionnier du Pr\u00e9sident\u00a0 Bouteflika dans son soutien aux causes africaines\"}]},{\"@type\":\"WebSite\",\"@id\":\"https:\\\/\\\/www.info-algerie.com\\\/actualites\\\/#website\",\"url\":\"https:\\\/\\\/www.info-algerie.com\\\/actualites\\\/\",\"name\":\"info algerie\",\"description\":\"Toutes les actualit\u00e9s\",\"publisher\":{\"@id\":\"https:\\\/\\\/www.info-algerie.com\\\/actualites\\\/#organization\"},\"potentialAction\":[{\"@type\":\"SearchAction\",\"target\":{\"@type\":\"EntryPoint\",\"urlTemplate\":\"https:\\\/\\\/www.info-algerie.com\\\/actualites\\\/?s={search_term_string}\"},\"query-input\":{\"@type\":\"PropertyValueSpecification\",\"valueRequired\":true,\"valueName\":\"search_term_string\"}}],\"inLanguage\":\"fr-FR\"},{\"@type\":\"Organization\",\"@id\":\"https:\\\/\\\/www.info-algerie.com\\\/actualites\\\/#organization\",\"name\":\"info algerie\",\"url\":\"https:\\\/\\\/www.info-algerie.com\\\/actualites\\\/\",\"logo\":{\"@type\":\"ImageObject\",\"inLanguage\":\"fr-FR\",\"@id\":\"https:\\\/\\\/www.info-algerie.com\\\/actualites\\\/#\\\/schema\\\/logo\\\/image\\\/\",\"url\":\"https:\\\/\\\/www.info-algerie.com\\\/actualites\\\/wp-content\\\/uploads\\\/2022\\\/07\\\/logo-ia-120.png\",\"contentUrl\":\"https:\\\/\\\/www.info-algerie.com\\\/actualites\\\/wp-content\\\/uploads\\\/2022\\\/07\\\/logo-ia-120.png\",\"width\":120,\"height\":43,\"caption\":\"info algerie\"},\"image\":{\"@id\":\"https:\\\/\\\/www.info-algerie.com\\\/actualites\\\/#\\\/schema\\\/logo\\\/image\\\/\"},\"sameAs\":[\"https:\\\/\\\/www.facebook.com\\\/infoalgerieactu\",\"https:\\\/\\\/x.com\\\/infoalgerie1\"]},{\"@type\":\"Person\",\"@id\":\"https:\\\/\\\/www.info-algerie.com\\\/actualites\\\/#\\\/schema\\\/person\\\/847aaec44920825b843a08f30ec6aa1e\",\"name\":\"La r\u00e9daction\",\"image\":{\"@type\":\"ImageObject\",\"inLanguage\":\"fr-FR\",\"@id\":\"https:\\\/\\\/secure.gravatar.com\\\/avatar\\\/769db425c6f465158149f1ffd6cf61ce7a8a879d11dfbef8288af36dfddd418c?s=96&d=mm&r=g\",\"url\":\"https:\\\/\\\/secure.gravatar.com\\\/avatar\\\/769db425c6f465158149f1ffd6cf61ce7a8a879d11dfbef8288af36dfddd418c?s=96&d=mm&r=g\",\"contentUrl\":\"https:\\\/\\\/secure.gravatar.com\\\/avatar\\\/769db425c6f465158149f1ffd6cf61ce7a8a879d11dfbef8288af36dfddd418c?s=96&d=mm&r=g\",\"caption\":\"La r\u00e9daction\"},\"sameAs\":[\"http:\\\/\\\/www.lkeria.com\\\/\"],\"url\":\"https:\\\/\\\/www.info-algerie.com\\\/actualites\\\/author\\\/chakib32\\\/\"}]}<\/script>\n<!-- \/ Yoast SEO plugin. -->","yoast_head_json":{"title":"Les responsables africains de police saluent le r\u00f4le pionnier du Pr\u00e9sident\u00a0 Bouteflika dans son soutien aux causes africaines - info algerie","robots":{"index":"index","follow":"follow","max-snippet":"max-snippet:-1","max-image-preview":"max-image-preview:large","max-video-preview":"max-video-preview:-1"},"canonical":"https:\/\/www.info-algerie.com\/actualites\/les-responsables-africains-de-police-saluent-le-role-pionnier-du-president-bouteflika-dans-son-soutien-aux-causes-africaines\/","og_locale":"fr_FR","og_type":"article","og_title":"Les responsables africains de police saluent le r\u00f4le pionnier du Pr\u00e9sident\u00a0 Bouteflika dans son soutien aux causes africaines - info algerie","og_description":"ALGER- Les Directeurs et inspecteurs g\u00e9n\u00e9raux de police\u00a0 des Etats de l&rsquo;Union africaine (UA) ont salu\u00e9, mardi \u00e0 Alger, le r\u00f4le\u00a0 pionnier du pr\u00e9sident de la R\u00e9publique, Abdelaziz Bouteflika dans son soutien aux causes africaines et ses efforts constants dans le\u00a0 r\u00e9tablissement de la s\u00e9curit\u00e9 et de la stabilit\u00e9 du Continent. &#013; &#013; A la","og_url":"https:\/\/www.info-algerie.com\/actualites\/les-responsables-africains-de-police-saluent-le-role-pionnier-du-president-bouteflika-dans-son-soutien-aux-causes-africaines\/","og_site_name":"info algerie","article_publisher":"https:\/\/www.facebook.com\/infoalgerieactu","article_published_time":"2017-05-16T17:27:07+00:00","og_image":[{"width":280,"height":186,"url":"https:\/\/www.info-algerie.com\/actualites\/wp-content\/uploads\/2017\/05\/4478833d47b590e63ae9353e97c8218e_S-1.jpg","type":"image\/jpeg"}],"author":"La r\u00e9daction","twitter_misc":{"\u00c9crit par":"La r\u00e9daction","Dur\u00e9e de lecture estim\u00e9e":"4 minutes"},"schema":{"@context":"https:\/\/schema.org","@graph":[{"@type":"Article","@id":"https:\/\/www.info-algerie.com\/actualites\/les-responsables-africains-de-police-saluent-le-role-pionnier-du-president-bouteflika-dans-son-soutien-aux-causes-africaines\/#article","isPartOf":{"@id":"https:\/\/www.info-algerie.com\/actualites\/les-responsables-africains-de-police-saluent-le-role-pionnier-du-president-bouteflika-dans-son-soutien-aux-causes-africaines\/"},"author":{"name":"La r\u00e9daction","@id":"https:\/\/www.info-algerie.com\/actualites\/#\/schema\/person\/847aaec44920825b843a08f30ec6aa1e"},"headline":"Les responsables africains de police saluent le r\u00f4le pionnier du Pr\u00e9sident\u00a0 Bouteflika dans son soutien aux causes africaines","datePublished":"2017-05-16T17:27:07+00:00","mainEntityOfPage":{"@id":"https:\/\/www.info-algerie.com\/actualites\/les-responsables-africains-de-police-saluent-le-role-pionnier-du-president-bouteflika-dans-son-soutien-aux-causes-africaines\/"},"wordCount":799,"commentCount":0,"publisher":{"@id":"https:\/\/www.info-algerie.com\/actualites\/#organization"},"image":{"@id":"https:\/\/www.info-algerie.com\/actualites\/les-responsables-africains-de-police-saluent-le-role-pionnier-du-president-bouteflika-dans-son-soutien-aux-causes-africaines\/#primaryimage"},"thumbnailUrl":"https:\/\/www.info-algerie.com\/actualites\/wp-content\/uploads\/2017\/05\/4478833d47b590e63ae9353e97c8218e_S-1.jpg","keywords":["ONU"],"articleSection":["infos"],"inLanguage":"fr-FR","potentialAction":[{"@type":"CommentAction","name":"Comment","target":["https:\/\/www.info-algerie.com\/actualites\/les-responsables-africains-de-police-saluent-le-role-pionnier-du-president-bouteflika-dans-son-soutien-aux-causes-africaines\/#respond"]}]},{"@type":"WebPage","@id":"https:\/\/www.info-algerie.com\/actualites\/les-responsables-africains-de-police-saluent-le-role-pionnier-du-president-bouteflika-dans-son-soutien-aux-causes-africaines\/","url":"https:\/\/www.info-algerie.com\/actualites\/les-responsables-africains-de-police-saluent-le-role-pionnier-du-president-bouteflika-dans-son-soutien-aux-causes-africaines\/","name":"Les responsables africains de police saluent le r\u00f4le pionnier du Pr\u00e9sident\u00a0 Bouteflika dans son soutien aux causes africaines - info algerie","isPartOf":{"@id":"https:\/\/www.info-algerie.com\/actualites\/#website"},"primaryImageOfPage":{"@id":"https:\/\/www.info-algerie.com\/actualites\/les-responsables-africains-de-police-saluent-le-role-pionnier-du-president-bouteflika-dans-son-soutien-aux-causes-africaines\/#primaryimage"},"image":{"@id":"https:\/\/www.info-algerie.com\/actualites\/les-responsables-africains-de-police-saluent-le-role-pionnier-du-president-bouteflika-dans-son-soutien-aux-causes-africaines\/#primaryimage"},"thumbnailUrl":"https:\/\/www.info-algerie.com\/actualites\/wp-content\/uploads\/2017\/05\/4478833d47b590e63ae9353e97c8218e_S-1.jpg","datePublished":"2017-05-16T17:27:07+00:00","breadcrumb":{"@id":"https:\/\/www.info-algerie.com\/actualites\/les-responsables-africains-de-police-saluent-le-role-pionnier-du-president-bouteflika-dans-son-soutien-aux-causes-africaines\/#breadcrumb"},"inLanguage":"fr-FR","potentialAction":[{"@type":"ReadAction","target":["https:\/\/www.info-algerie.com\/actualites\/les-responsables-africains-de-police-saluent-le-role-pionnier-du-president-bouteflika-dans-son-soutien-aux-causes-africaines\/"]}]},{"@type":"ImageObject","inLanguage":"fr-FR","@id":"https:\/\/www.info-algerie.com\/actualites\/les-responsables-africains-de-police-saluent-le-role-pionnier-du-president-bouteflika-dans-son-soutien-aux-causes-africaines\/#primaryimage","url":"https:\/\/www.info-algerie.com\/actualites\/wp-content\/uploads\/2017\/05\/4478833d47b590e63ae9353e97c8218e_S-1.jpg","contentUrl":"https:\/\/www.info-algerie.com\/actualites\/wp-content\/uploads\/2017\/05\/4478833d47b590e63ae9353e97c8218e_S-1.jpg","width":280,"height":186},{"@type":"BreadcrumbList","@id":"https:\/\/www.info-algerie.com\/actualites\/les-responsables-africains-de-police-saluent-le-role-pionnier-du-president-bouteflika-dans-son-soutien-aux-causes-africaines\/#breadcrumb","itemListElement":[{"@type":"ListItem","position":1,"name":"Accueil","item":"https:\/\/www.info-algerie.com\/actualites\/"},{"@type":"ListItem","position":2,"name":"Les responsables africains de police saluent le r\u00f4le pionnier du Pr\u00e9sident\u00a0 Bouteflika dans son soutien aux causes africaines"}]},{"@type":"WebSite","@id":"https:\/\/www.info-algerie.com\/actualites\/#website","url":"https:\/\/www.info-algerie.com\/actualites\/","name":"info algerie","description":"Toutes les actualit\u00e9s","publisher":{"@id":"https:\/\/www.info-algerie.com\/actualites\/#organization"},"potentialAction":[{"@type":"SearchAction","target":{"@type":"EntryPoint","urlTemplate":"https:\/\/www.info-algerie.com\/actualites\/?s={search_term_string}"},"query-input":{"@type":"PropertyValueSpecification","valueRequired":true,"valueName":"search_term_string"}}],"inLanguage":"fr-FR"},{"@type":"Organization","@id":"https:\/\/www.info-algerie.com\/actualites\/#organization","name":"info algerie","url":"https:\/\/www.info-algerie.com\/actualites\/","logo":{"@type":"ImageObject","inLanguage":"fr-FR","@id":"https:\/\/www.info-algerie.com\/actualites\/#\/schema\/logo\/image\/","url":"https:\/\/www.info-algerie.com\/actualites\/wp-content\/uploads\/2022\/07\/logo-ia-120.png","contentUrl":"https:\/\/www.info-algerie.com\/actualites\/wp-content\/uploads\/2022\/07\/logo-ia-120.png","width":120,"height":43,"caption":"info algerie"},"image":{"@id":"https:\/\/www.info-algerie.com\/actualites\/#\/schema\/logo\/image\/"},"sameAs":["https:\/\/www.facebook.com\/infoalgerieactu","https:\/\/x.com\/infoalgerie1"]},{"@type":"Person","@id":"https:\/\/www.info-algerie.com\/actualites\/#\/schema\/person\/847aaec44920825b843a08f30ec6aa1e","name":"La r\u00e9daction","image":{"@type":"ImageObject","inLanguage":"fr-FR","@id":"https:\/\/secure.gravatar.com\/avatar\/769db425c6f465158149f1ffd6cf61ce7a8a879d11dfbef8288af36dfddd418c?s=96&d=mm&r=g","url":"https:\/\/secure.gravatar.com\/avatar\/769db425c6f465158149f1ffd6cf61ce7a8a879d11dfbef8288af36dfddd418c?s=96&d=mm&r=g","contentUrl":"https:\/\/secure.gravatar.com\/avatar\/769db425c6f465158149f1ffd6cf61ce7a8a879d11dfbef8288af36dfddd418c?s=96&d=mm&r=g","caption":"La r\u00e9daction"},"sameAs":["http:\/\/www.lkeria.com\/"],"url":"https:\/\/www.info-algerie.com\/actualites\/author\/chakib32\/"}]}},"_links":{"self":[{"href":"https:\/\/www.info-algerie.com\/actualites\/wp-json\/wp\/v2\/posts\/12080","targetHints":{"allow":["GET"]}}],"collection":[{"href":"https:\/\/www.info-algerie.com\/actualites\/wp-json\/wp\/v2\/posts"}],"about":[{"href":"https:\/\/www.info-algerie.com\/actualites\/wp-json\/wp\/v2\/types\/post"}],"author":[{"embeddable":true,"href":"https:\/\/www.info-algerie.com\/actualites\/wp-json\/wp\/v2\/users\/6"}],"replies":[{"embeddable":true,"href":"https:\/\/www.info-algerie.com\/actualites\/wp-json\/wp\/v2\/comments?post=12080"}],"version-history":[{"count":0,"href":"https:\/\/www.info-algerie.com\/actualites\/wp-json\/wp\/v2\/posts\/12080\/revisions"}],"wp:featuredmedia":[{"embeddable":true,"href":"https:\/\/www.info-algerie.com\/actualites\/wp-json\/wp\/v2\/media\/12081"}],"wp:attachment":[{"href":"https:\/\/www.info-algerie.com\/actualites\/wp-json\/wp\/v2\/media?parent=12080"}],"wp:term":[{"taxonomy":"category","embeddable":true,"href":"https:\/\/www.info-algerie.com\/actualites\/wp-json\/wp\/v2\/categories?post=12080"},{"taxonomy":"post_tag","embeddable":true,"href":"https:\/\/www.info-algerie.com\/actualites\/wp-json\/wp\/v2\/tags?post=12080"}],"curies":[{"name":"wp","href":"https:\/\/api.w.org\/{rel}","templated":true}]}}