{"id":12083,"date":"2017-05-16T18:04:59","date_gmt":"2017-05-16T17:04:59","guid":{"rendered":"http:\/\/www.info-algerie.com\/actualites\/reflexion-au-sein-de-lafripol-pour-creer-un-mandat-darret-africain-afin-de-faciliter-larrestation-des-criminels\/"},"modified":"2017-05-16T18:04:59","modified_gmt":"2017-05-16T17:04:59","slug":"reflexion-au-sein-de-lafripol-pour-creer-un-mandat-darret-africain-afin-de-faciliter-larrestation-des-criminels","status":"publish","type":"post","link":"https:\/\/www.info-algerie.com\/actualites\/reflexion-au-sein-de-lafripol-pour-creer-un-mandat-darret-africain-afin-de-faciliter-larrestation-des-criminels\/","title":{"rendered":"R\u00e9flexion au sein de l&#039;Afripol pour cr\u00e9er un mandat d&#039;arr\u00eat africain afin\u00a0de faciliter l&#039;arrestation des criminels"},"content":{"rendered":"<div class=\"K2FeedImage\"><img decoding=\"async\" src=\"https:\/\/www.info-algerie.com\/actualites\/wp-content\/uploads\/2017\/05\/7b538cbd84f64ad376ab138dbfe6e561_S.jpg\" alt=\"R&#xE9;flexion au sein de l'Afripol pour cr&#xE9;er un mandat d'arr&#xEA;t africain afin&#xA0;de faciliter l'arrestation des criminels\" \/><\/div>\n<div class=\"K2FeedIntroText\">\n<p>ALGER- Le M\u00e9canisme de coop\u00e9ration polici\u00e8re africaine\u00a0 (Afripol) projette de cr\u00e9er prochainement un mandat d&rsquo;arr\u00eat africain pour\u00a0 faciliter l&rsquo;arrestation et la remise des criminels en Afrique, a annonc\u00e9\u00a0 mardi \u00e0 Alger, le directeur de la coop\u00e9ration internationale aupr\u00e8s de la Direction g\u00e9n\u00e9rale de la s\u00fbret\u00e9 nationale (DGSN), le commissaire, Abbad\u00a0 Benyamina.<\/p>\n<p>&#013;\n<\/p><\/div>\n<div class=\"K2FeedFullText\">&#013;<\/p>\n<p>\u00ab\u00a0Il y a une r\u00e9flexion pour la cr\u00e9ation prochainement d&rsquo;un mandat d&rsquo;arr\u00eat\u00a0 africain pour faciliter l&rsquo;arrestation et la remise des criminels en\u00a0 Afrique\u00a0\u00bb, a-t-il indiqu\u00e9, lors d&rsquo;une conf\u00e9rence de presse, cl\u00f4turant les\u00a0 travaux de la premi\u00e8re assembl\u00e9e g\u00e9n\u00e9rale\u00a0 d&rsquo;Afripol.<\/p>\n<p>&#013;<\/p>\n<p>Il a ajout\u00e9, dans ce sillage, que sur orientation du Directeur g\u00e9n\u00e9ral de\u00a0 la S\u00fbret\u00e9 nationale, le g\u00e9n\u00e9ral major, Abdelghani Hamel , des\u00a0 experts de la DGSN ont pris l&rsquo;initiative de cr\u00e9er un syst\u00e8me de\u00a0 communication, Afcicom, contenant un syst\u00e8me de donn\u00e9es, partag\u00e9e par les\u00a0 polices africaines, relevant que le terrorisme repr\u00e9sentait la priorit\u00e9\u00a0 d&rsquo;Afripol.<\/p>\n<p>&#013;<\/p>\n<p>Il a relev\u00e9, dans ce cadre, que \u00ab\u00a0pour assurer la s\u00e9curisation des pays de\u00a0 l&rsquo;int\u00e9rieur, il fallait combattre la criminalit\u00e9 en dehors des fronti\u00e8res\u00a0\u00bb.<\/p>\n<p>&#013;<\/p>\n<p>Il ajout\u00e9 qu&rsquo;Afripol s&rsquo;assignait un plan de travail avec des contours\u00a0 \u00ab\u00a0tr\u00e8s clairs\u00a0\u00bb, notamment la lutte contre toutes les formes de la\u00a0 criminalit\u00e9 organis\u00e9e, l&rsquo;\u00e9change d&rsquo;informations et d&rsquo;expertises, l&rsquo;adoption\u00a0 d&rsquo;une vision commune pour intensifier la coop\u00e9ration entre les diff\u00e9rentes\u00a0 polices africaines.<\/p>\n<p>&#013;<\/p>\n<p>S&rsquo;agissant de la strat\u00e9gie de la police alg\u00e9rienne dans la lutte contre\u00a0 la cybercriminalit\u00e9, M. Benyamina a indiqu\u00e9 la DGSN travaillait pour le\u00a0 renforcement de ses capacit\u00e9s techniques et analytiques, la formation et le\u00a0 perfectionnement, notamment \u00e0 l&rsquo;\u00e9tranger pour la mise en place d&rsquo;une \u00e9quipe\u00a0 d&rsquo;experts, dans ce domaine et la modernisation du mat\u00e9riel.<\/p>\n<p>&#013;<\/p>\n<p>Pour sa part, le g\u00e9n\u00e9ral de brigade, commissaire de police, commandant en\u00a0 chef en second, charg\u00e9 des op\u00e9rations de la logistique des forces de police\u00a0 gabonaise, Mapango Moussaji Marcel Yves, a indiqu\u00e9 qu&rsquo;Afripol, avait \u00e9t\u00e9\u00a0 install\u00e9e en si peu de temps, avec un si\u00e8ge, un bureau ex\u00e9cutif, relevant que \u00ab\u00a0nous allons poursuivre sur cette lanc\u00e9e pour la mise en place des\u00a0 bureaux de liaisons\u00a0\u00bb.<\/p>\n<p>&#013;<\/p>\n<p>Interrog\u00e9 sur le financement d&rsquo;Afripol, il a indiqu\u00e9 qu&rsquo;il y aura les\u00a0 financements avec une mobilisation, \u00ab\u00a0car c&rsquo;est la volont\u00e9 de nos chefs\u00a0 d&rsquo;Etats\u00a0\u00bb, ajoutant que\u00a0 \u00ab\u00a0les enjeux s\u00e9curitaires sont les plus importants\u00a0 du fait qu&rsquo;ils mettent \u00e0 mal notre s\u00e9curit\u00e9 int\u00e9rieure, notamment la drogue\u00a0 et la cybercriminalit\u00e9, d&rsquo;o\u00f9 la n\u00e9cessit\u00e9 de s&rsquo;en pr\u00e9munir\u00a0\u00bb. Il a, par ailleurs, salu\u00e9 le r\u00f4le Alg\u00e9rie et la DGSN pour la r\u00e9ussite et\u00a0 le lancement d&rsquo;Afripol.<\/p>\n<p>&#013;<\/p>\n<p>De son c\u00f4t\u00e9, le pr\u00e9sident de la commission d\u00e9fense et s\u00e9curit\u00e9 aupr\u00e8s de\u00a0 l&rsquo;Union africaine, Tarek Ahmed Charif, a rappel\u00e9 que l&rsquo;objectif d&rsquo;Afripol\u00a0 \u00e9tait la coordination et la coop\u00e9ration entre les diff\u00e9rentes polices\u00a0 africaines, ajoutant que ce m\u00e9canisme servira \u00e0 accroitre l&rsquo;\u00e9change\u00a0 d&rsquo;informations avec les structures analogues \u00e0 travers le monde, notamment\u00a0 Interpol.<\/p>\n<p>&#013;<\/p>\n<p>Afripol est une organisation de coop\u00e9ration polici\u00e8re africaine visant \u00e0\u00a0 am\u00e9liorer \u00ab\u00a0l&rsquo;efficacit\u00e9\u00a0\u00bb des services de police africains \u00e0 travers\u00a0 l&rsquo;\u00e9change d&rsquo;informations et d&rsquo;exp\u00e9riences en mati\u00e8re de lutte contre le\u00a0 crime transnational et le terrorisme.<\/p>\n<p>&#013;<\/p>\n<p>Ce m\u00e9canisme se veut une \u00ab\u00a0valeur ajout\u00e9e\u00a0\u00bb \u00e0 la coop\u00e9ration polici\u00e8re\u00a0 r\u00e9gionale et internationale et \u00ab\u00a0une alliance strat\u00e9gique\u00a0\u00bb face aux menaces\u00a0 internationales qui p\u00e8sent sur un environnement en \u00ab\u00a0constante \u00e9volution\u00a0\u00bb.<\/p>\n<p>&#013;<\/p>\n<p>L&rsquo;id\u00e9e de cr\u00e9ation d&rsquo;Afripol a \u00e9t\u00e9 lanc\u00e9e lors de la 22e conf\u00e9rence\u00a0 r\u00e9gionale africaine de l&rsquo;Organisation internationale de police criminelle\u00a0 (Interpol), tenue en septembre 2013 \u00e0 Oran, en pr\u00e9sence de 41 chefs\u00a0 africains de police qui l&rsquo;ont adopt\u00e9e \u00e0 l&rsquo;unanimit\u00e9. L&rsquo;initiative a \u00e9t\u00e9\u00a0 appuy\u00e9e en marge de la 82e Assembl\u00e9e g\u00e9n\u00e9rale d&rsquo;Interpol tenue du 21 au 24\u00a0 octobre \u00e0 Carthag\u00e8ne (Colombie).<\/p>\n<p>&#013;<\/p>\n<p>\u00a0<\/p>\n<p>&#013;<\/p>\n<p>Le ministre de l&rsquo;Int\u00e9rieur et des Collectivit\u00e9s locales Nordine Bedoui\u00a0 avait inaugur\u00e9 le 13 d\u00e9cembre 2015 le si\u00e8ge d&rsquo;Afripol, situ\u00e9 \u00e0 Ben Aknoun\u00a0 (Alger), en pr\u00e9sence des repr\u00e9sentants des appareils de police de plus de\u00a0 40 Etats africains.<\/p>\n<\/div>\n<p>&#013;<br \/>\nSource: <a href=\"http:\/\/www.aps.dz\/algerie\/57679-reflexion-au-sein-de-l-afripol-pour-creer-un-mandat-d-arret-africain-afin-de-faciliter-l-arrestation-des-criminels\" target=\"_blank\">R\u00e9flexion au sein de l&rsquo;Afripol pour cr\u00e9er un mandat d&rsquo;arr\u00eat africain afin\u00a0de faciliter l&rsquo;arrestation des criminels<\/a><\/p>\n<!--CusAds0-->\n<div style=\"font-size: 0px; height: 0px; line-height: 0px; margin: 0; padding: 0; clear: both;\"><\/div>","protected":false},"excerpt":{"rendered":"<p>ALGER- Le M\u00e9canisme de coop\u00e9ration polici\u00e8re africaine\u00a0 (Afripol) projette de cr\u00e9er prochainement un mandat d&rsquo;arr\u00eat africain pour\u00a0 faciliter l&rsquo;arrestation et la remise des criminels en Afrique, a annonc\u00e9\u00a0 mardi \u00e0 Alger, le directeur de la coop\u00e9ration internationale aupr\u00e8s de la Direction g\u00e9n\u00e9rale de la s\u00fbret\u00e9 nationale (DGSN), le commissaire, Abbad\u00a0 Benyamina. &#013; &#013; \u00ab\u00a0Il y<\/p>\n","protected":false},"author":6,"featured_media":12084,"comment_status":"open","ping_status":"open","sticky":false,"template":"","format":"standard","meta":{"footnotes":""},"categories":[22],"tags":[93],"class_list":["post-12083","post","type-post","status-publish","format-standard","has-post-thumbnail","hentry","category-infos","tag-onu"],"yoast_head":"<!-- This site is optimized with the Yoast SEO plugin v27.5 - https:\/\/yoast.com\/product\/yoast-seo-wordpress\/ -->\n<title>R\u00e9flexion au sein de l&#039;Afripol pour cr\u00e9er un mandat d&#039;arr\u00eat africain afin\u00a0de faciliter l&#039;arrestation des criminels - info algerie<\/title>\n<meta name=\"robots\" content=\"index, follow, max-snippet:-1, max-image-preview:large, max-video-preview:-1\" \/>\n<link rel=\"canonical\" href=\"https:\/\/www.info-algerie.com\/actualites\/reflexion-au-sein-de-lafripol-pour-creer-un-mandat-darret-africain-afin-de-faciliter-larrestation-des-criminels\/\" \/>\n<meta property=\"og:locale\" content=\"fr_FR\" \/>\n<meta property=\"og:type\" content=\"article\" \/>\n<meta property=\"og:title\" content=\"R\u00e9flexion au sein de l&#039;Afripol pour cr\u00e9er un mandat d&#039;arr\u00eat africain afin\u00a0de faciliter l&#039;arrestation des criminels - info algerie\" \/>\n<meta property=\"og:description\" content=\"ALGER- Le M\u00e9canisme de coop\u00e9ration polici\u00e8re africaine\u00a0 (Afripol) projette de cr\u00e9er prochainement un mandat d&rsquo;arr\u00eat africain pour\u00a0 faciliter l&rsquo;arrestation et la remise des criminels en Afrique, a annonc\u00e9\u00a0 mardi \u00e0 Alger, le directeur de la coop\u00e9ration internationale aupr\u00e8s de la Direction g\u00e9n\u00e9rale de la s\u00fbret\u00e9 nationale (DGSN), le commissaire, Abbad\u00a0 Benyamina. &#013; &#013; \u00ab\u00a0Il y\" \/>\n<meta property=\"og:url\" content=\"https:\/\/www.info-algerie.com\/actualites\/reflexion-au-sein-de-lafripol-pour-creer-un-mandat-darret-africain-afin-de-faciliter-larrestation-des-criminels\/\" \/>\n<meta property=\"og:site_name\" content=\"info algerie\" \/>\n<meta property=\"article:publisher\" content=\"https:\/\/www.facebook.com\/infoalgerieactu\" \/>\n<meta property=\"article:published_time\" content=\"2017-05-16T17:04:59+00:00\" \/>\n<meta property=\"og:image\" content=\"https:\/\/www.info-algerie.com\/actualites\/wp-content\/uploads\/2017\/05\/7b538cbd84f64ad376ab138dbfe6e561_S-1.jpg\" \/>\n\t<meta property=\"og:image:width\" content=\"280\" \/>\n\t<meta property=\"og:image:height\" content=\"198\" \/>\n\t<meta property=\"og:image:type\" content=\"image\/jpeg\" \/>\n<meta name=\"author\" content=\"La r\u00e9daction\" \/>\n<meta name=\"twitter:label1\" content=\"\u00c9crit par\" \/>\n\t<meta name=\"twitter:data1\" content=\"La r\u00e9daction\" \/>\n\t<meta name=\"twitter:label2\" content=\"Dur\u00e9e de lecture estim\u00e9e\" \/>\n\t<meta name=\"twitter:data2\" content=\"4 minutes\" \/>\n<script type=\"application\/ld+json\" class=\"yoast-schema-graph\">{\"@context\":\"https:\\\/\\\/schema.org\",\"@graph\":[{\"@type\":\"Article\",\"@id\":\"https:\\\/\\\/www.info-algerie.com\\\/actualites\\\/reflexion-au-sein-de-lafripol-pour-creer-un-mandat-darret-africain-afin-de-faciliter-larrestation-des-criminels\\\/#article\",\"isPartOf\":{\"@id\":\"https:\\\/\\\/www.info-algerie.com\\\/actualites\\\/reflexion-au-sein-de-lafripol-pour-creer-un-mandat-darret-africain-afin-de-faciliter-larrestation-des-criminels\\\/\"},\"author\":{\"name\":\"La r\u00e9daction\",\"@id\":\"https:\\\/\\\/www.info-algerie.com\\\/actualites\\\/#\\\/schema\\\/person\\\/847aaec44920825b843a08f30ec6aa1e\"},\"headline\":\"R\u00e9flexion au sein de l&#039;Afripol pour cr\u00e9er un mandat d&#039;arr\u00eat africain afin\u00a0de faciliter l&#039;arrestation des criminels\",\"datePublished\":\"2017-05-16T17:04:59+00:00\",\"mainEntityOfPage\":{\"@id\":\"https:\\\/\\\/www.info-algerie.com\\\/actualites\\\/reflexion-au-sein-de-lafripol-pour-creer-un-mandat-darret-africain-afin-de-faciliter-larrestation-des-criminels\\\/\"},\"wordCount\":785,\"commentCount\":0,\"publisher\":{\"@id\":\"https:\\\/\\\/www.info-algerie.com\\\/actualites\\\/#organization\"},\"image\":{\"@id\":\"https:\\\/\\\/www.info-algerie.com\\\/actualites\\\/reflexion-au-sein-de-lafripol-pour-creer-un-mandat-darret-africain-afin-de-faciliter-larrestation-des-criminels\\\/#primaryimage\"},\"thumbnailUrl\":\"https:\\\/\\\/www.info-algerie.com\\\/actualites\\\/wp-content\\\/uploads\\\/2017\\\/05\\\/7b538cbd84f64ad376ab138dbfe6e561_S-1.jpg\",\"keywords\":[\"ONU\"],\"articleSection\":[\"infos\"],\"inLanguage\":\"fr-FR\",\"potentialAction\":[{\"@type\":\"CommentAction\",\"name\":\"Comment\",\"target\":[\"https:\\\/\\\/www.info-algerie.com\\\/actualites\\\/reflexion-au-sein-de-lafripol-pour-creer-un-mandat-darret-africain-afin-de-faciliter-larrestation-des-criminels\\\/#respond\"]}]},{\"@type\":\"WebPage\",\"@id\":\"https:\\\/\\\/www.info-algerie.com\\\/actualites\\\/reflexion-au-sein-de-lafripol-pour-creer-un-mandat-darret-africain-afin-de-faciliter-larrestation-des-criminels\\\/\",\"url\":\"https:\\\/\\\/www.info-algerie.com\\\/actualites\\\/reflexion-au-sein-de-lafripol-pour-creer-un-mandat-darret-africain-afin-de-faciliter-larrestation-des-criminels\\\/\",\"name\":\"R\u00e9flexion au sein de l&#039;Afripol pour cr\u00e9er un mandat d&#039;arr\u00eat africain afin\u00a0de faciliter l&#039;arrestation des criminels - info algerie\",\"isPartOf\":{\"@id\":\"https:\\\/\\\/www.info-algerie.com\\\/actualites\\\/#website\"},\"primaryImageOfPage\":{\"@id\":\"https:\\\/\\\/www.info-algerie.com\\\/actualites\\\/reflexion-au-sein-de-lafripol-pour-creer-un-mandat-darret-africain-afin-de-faciliter-larrestation-des-criminels\\\/#primaryimage\"},\"image\":{\"@id\":\"https:\\\/\\\/www.info-algerie.com\\\/actualites\\\/reflexion-au-sein-de-lafripol-pour-creer-un-mandat-darret-africain-afin-de-faciliter-larrestation-des-criminels\\\/#primaryimage\"},\"thumbnailUrl\":\"https:\\\/\\\/www.info-algerie.com\\\/actualites\\\/wp-content\\\/uploads\\\/2017\\\/05\\\/7b538cbd84f64ad376ab138dbfe6e561_S-1.jpg\",\"datePublished\":\"2017-05-16T17:04:59+00:00\",\"breadcrumb\":{\"@id\":\"https:\\\/\\\/www.info-algerie.com\\\/actualites\\\/reflexion-au-sein-de-lafripol-pour-creer-un-mandat-darret-africain-afin-de-faciliter-larrestation-des-criminels\\\/#breadcrumb\"},\"inLanguage\":\"fr-FR\",\"potentialAction\":[{\"@type\":\"ReadAction\",\"target\":[\"https:\\\/\\\/www.info-algerie.com\\\/actualites\\\/reflexion-au-sein-de-lafripol-pour-creer-un-mandat-darret-africain-afin-de-faciliter-larrestation-des-criminels\\\/\"]}]},{\"@type\":\"ImageObject\",\"inLanguage\":\"fr-FR\",\"@id\":\"https:\\\/\\\/www.info-algerie.com\\\/actualites\\\/reflexion-au-sein-de-lafripol-pour-creer-un-mandat-darret-africain-afin-de-faciliter-larrestation-des-criminels\\\/#primaryimage\",\"url\":\"https:\\\/\\\/www.info-algerie.com\\\/actualites\\\/wp-content\\\/uploads\\\/2017\\\/05\\\/7b538cbd84f64ad376ab138dbfe6e561_S-1.jpg\",\"contentUrl\":\"https:\\\/\\\/www.info-algerie.com\\\/actualites\\\/wp-content\\\/uploads\\\/2017\\\/05\\\/7b538cbd84f64ad376ab138dbfe6e561_S-1.jpg\",\"width\":280,\"height\":198},{\"@type\":\"BreadcrumbList\",\"@id\":\"https:\\\/\\\/www.info-algerie.com\\\/actualites\\\/reflexion-au-sein-de-lafripol-pour-creer-un-mandat-darret-africain-afin-de-faciliter-larrestation-des-criminels\\\/#breadcrumb\",\"itemListElement\":[{\"@type\":\"ListItem\",\"position\":1,\"name\":\"Accueil\",\"item\":\"https:\\\/\\\/www.info-algerie.com\\\/actualites\\\/\"},{\"@type\":\"ListItem\",\"position\":2,\"name\":\"R\u00e9flexion au sein de l&#039;Afripol pour cr\u00e9er un mandat d&#039;arr\u00eat africain afin\u00a0de faciliter l&#039;arrestation des criminels\"}]},{\"@type\":\"WebSite\",\"@id\":\"https:\\\/\\\/www.info-algerie.com\\\/actualites\\\/#website\",\"url\":\"https:\\\/\\\/www.info-algerie.com\\\/actualites\\\/\",\"name\":\"info algerie\",\"description\":\"Toutes les actualit\u00e9s\",\"publisher\":{\"@id\":\"https:\\\/\\\/www.info-algerie.com\\\/actualites\\\/#organization\"},\"potentialAction\":[{\"@type\":\"SearchAction\",\"target\":{\"@type\":\"EntryPoint\",\"urlTemplate\":\"https:\\\/\\\/www.info-algerie.com\\\/actualites\\\/?s={search_term_string}\"},\"query-input\":{\"@type\":\"PropertyValueSpecification\",\"valueRequired\":true,\"valueName\":\"search_term_string\"}}],\"inLanguage\":\"fr-FR\"},{\"@type\":\"Organization\",\"@id\":\"https:\\\/\\\/www.info-algerie.com\\\/actualites\\\/#organization\",\"name\":\"info algerie\",\"url\":\"https:\\\/\\\/www.info-algerie.com\\\/actualites\\\/\",\"logo\":{\"@type\":\"ImageObject\",\"inLanguage\":\"fr-FR\",\"@id\":\"https:\\\/\\\/www.info-algerie.com\\\/actualites\\\/#\\\/schema\\\/logo\\\/image\\\/\",\"url\":\"https:\\\/\\\/www.info-algerie.com\\\/actualites\\\/wp-content\\\/uploads\\\/2022\\\/07\\\/logo-ia-120.png\",\"contentUrl\":\"https:\\\/\\\/www.info-algerie.com\\\/actualites\\\/wp-content\\\/uploads\\\/2022\\\/07\\\/logo-ia-120.png\",\"width\":120,\"height\":43,\"caption\":\"info algerie\"},\"image\":{\"@id\":\"https:\\\/\\\/www.info-algerie.com\\\/actualites\\\/#\\\/schema\\\/logo\\\/image\\\/\"},\"sameAs\":[\"https:\\\/\\\/www.facebook.com\\\/infoalgerieactu\",\"https:\\\/\\\/x.com\\\/infoalgerie1\"]},{\"@type\":\"Person\",\"@id\":\"https:\\\/\\\/www.info-algerie.com\\\/actualites\\\/#\\\/schema\\\/person\\\/847aaec44920825b843a08f30ec6aa1e\",\"name\":\"La r\u00e9daction\",\"image\":{\"@type\":\"ImageObject\",\"inLanguage\":\"fr-FR\",\"@id\":\"https:\\\/\\\/secure.gravatar.com\\\/avatar\\\/769db425c6f465158149f1ffd6cf61ce7a8a879d11dfbef8288af36dfddd418c?s=96&d=mm&r=g\",\"url\":\"https:\\\/\\\/secure.gravatar.com\\\/avatar\\\/769db425c6f465158149f1ffd6cf61ce7a8a879d11dfbef8288af36dfddd418c?s=96&d=mm&r=g\",\"contentUrl\":\"https:\\\/\\\/secure.gravatar.com\\\/avatar\\\/769db425c6f465158149f1ffd6cf61ce7a8a879d11dfbef8288af36dfddd418c?s=96&d=mm&r=g\",\"caption\":\"La r\u00e9daction\"},\"sameAs\":[\"http:\\\/\\\/www.lkeria.com\\\/\"],\"url\":\"https:\\\/\\\/www.info-algerie.com\\\/actualites\\\/author\\\/chakib32\\\/\"}]}<\/script>\n<!-- \/ Yoast SEO plugin. -->","yoast_head_json":{"title":"R\u00e9flexion au sein de l&#039;Afripol pour cr\u00e9er un mandat d&#039;arr\u00eat africain afin\u00a0de faciliter l&#039;arrestation des criminels - info algerie","robots":{"index":"index","follow":"follow","max-snippet":"max-snippet:-1","max-image-preview":"max-image-preview:large","max-video-preview":"max-video-preview:-1"},"canonical":"https:\/\/www.info-algerie.com\/actualites\/reflexion-au-sein-de-lafripol-pour-creer-un-mandat-darret-africain-afin-de-faciliter-larrestation-des-criminels\/","og_locale":"fr_FR","og_type":"article","og_title":"R\u00e9flexion au sein de l&#039;Afripol pour cr\u00e9er un mandat d&#039;arr\u00eat africain afin\u00a0de faciliter l&#039;arrestation des criminels - info algerie","og_description":"ALGER- Le M\u00e9canisme de coop\u00e9ration polici\u00e8re africaine\u00a0 (Afripol) projette de cr\u00e9er prochainement un mandat d&rsquo;arr\u00eat africain pour\u00a0 faciliter l&rsquo;arrestation et la remise des criminels en Afrique, a annonc\u00e9\u00a0 mardi \u00e0 Alger, le directeur de la coop\u00e9ration internationale aupr\u00e8s de la Direction g\u00e9n\u00e9rale de la s\u00fbret\u00e9 nationale (DGSN), le commissaire, Abbad\u00a0 Benyamina. &#013; &#013; \u00ab\u00a0Il y","og_url":"https:\/\/www.info-algerie.com\/actualites\/reflexion-au-sein-de-lafripol-pour-creer-un-mandat-darret-africain-afin-de-faciliter-larrestation-des-criminels\/","og_site_name":"info algerie","article_publisher":"https:\/\/www.facebook.com\/infoalgerieactu","article_published_time":"2017-05-16T17:04:59+00:00","og_image":[{"width":280,"height":198,"url":"https:\/\/www.info-algerie.com\/actualites\/wp-content\/uploads\/2017\/05\/7b538cbd84f64ad376ab138dbfe6e561_S-1.jpg","type":"image\/jpeg"}],"author":"La r\u00e9daction","twitter_misc":{"\u00c9crit par":"La r\u00e9daction","Dur\u00e9e de lecture estim\u00e9e":"4 minutes"},"schema":{"@context":"https:\/\/schema.org","@graph":[{"@type":"Article","@id":"https:\/\/www.info-algerie.com\/actualites\/reflexion-au-sein-de-lafripol-pour-creer-un-mandat-darret-africain-afin-de-faciliter-larrestation-des-criminels\/#article","isPartOf":{"@id":"https:\/\/www.info-algerie.com\/actualites\/reflexion-au-sein-de-lafripol-pour-creer-un-mandat-darret-africain-afin-de-faciliter-larrestation-des-criminels\/"},"author":{"name":"La r\u00e9daction","@id":"https:\/\/www.info-algerie.com\/actualites\/#\/schema\/person\/847aaec44920825b843a08f30ec6aa1e"},"headline":"R\u00e9flexion au sein de l&#039;Afripol pour cr\u00e9er un mandat d&#039;arr\u00eat africain afin\u00a0de faciliter l&#039;arrestation des criminels","datePublished":"2017-05-16T17:04:59+00:00","mainEntityOfPage":{"@id":"https:\/\/www.info-algerie.com\/actualites\/reflexion-au-sein-de-lafripol-pour-creer-un-mandat-darret-africain-afin-de-faciliter-larrestation-des-criminels\/"},"wordCount":785,"commentCount":0,"publisher":{"@id":"https:\/\/www.info-algerie.com\/actualites\/#organization"},"image":{"@id":"https:\/\/www.info-algerie.com\/actualites\/reflexion-au-sein-de-lafripol-pour-creer-un-mandat-darret-africain-afin-de-faciliter-larrestation-des-criminels\/#primaryimage"},"thumbnailUrl":"https:\/\/www.info-algerie.com\/actualites\/wp-content\/uploads\/2017\/05\/7b538cbd84f64ad376ab138dbfe6e561_S-1.jpg","keywords":["ONU"],"articleSection":["infos"],"inLanguage":"fr-FR","potentialAction":[{"@type":"CommentAction","name":"Comment","target":["https:\/\/www.info-algerie.com\/actualites\/reflexion-au-sein-de-lafripol-pour-creer-un-mandat-darret-africain-afin-de-faciliter-larrestation-des-criminels\/#respond"]}]},{"@type":"WebPage","@id":"https:\/\/www.info-algerie.com\/actualites\/reflexion-au-sein-de-lafripol-pour-creer-un-mandat-darret-africain-afin-de-faciliter-larrestation-des-criminels\/","url":"https:\/\/www.info-algerie.com\/actualites\/reflexion-au-sein-de-lafripol-pour-creer-un-mandat-darret-africain-afin-de-faciliter-larrestation-des-criminels\/","name":"R\u00e9flexion au sein de l&#039;Afripol pour cr\u00e9er un mandat d&#039;arr\u00eat africain afin\u00a0de faciliter l&#039;arrestation des criminels - info algerie","isPartOf":{"@id":"https:\/\/www.info-algerie.com\/actualites\/#website"},"primaryImageOfPage":{"@id":"https:\/\/www.info-algerie.com\/actualites\/reflexion-au-sein-de-lafripol-pour-creer-un-mandat-darret-africain-afin-de-faciliter-larrestation-des-criminels\/#primaryimage"},"image":{"@id":"https:\/\/www.info-algerie.com\/actualites\/reflexion-au-sein-de-lafripol-pour-creer-un-mandat-darret-africain-afin-de-faciliter-larrestation-des-criminels\/#primaryimage"},"thumbnailUrl":"https:\/\/www.info-algerie.com\/actualites\/wp-content\/uploads\/2017\/05\/7b538cbd84f64ad376ab138dbfe6e561_S-1.jpg","datePublished":"2017-05-16T17:04:59+00:00","breadcrumb":{"@id":"https:\/\/www.info-algerie.com\/actualites\/reflexion-au-sein-de-lafripol-pour-creer-un-mandat-darret-africain-afin-de-faciliter-larrestation-des-criminels\/#breadcrumb"},"inLanguage":"fr-FR","potentialAction":[{"@type":"ReadAction","target":["https:\/\/www.info-algerie.com\/actualites\/reflexion-au-sein-de-lafripol-pour-creer-un-mandat-darret-africain-afin-de-faciliter-larrestation-des-criminels\/"]}]},{"@type":"ImageObject","inLanguage":"fr-FR","@id":"https:\/\/www.info-algerie.com\/actualites\/reflexion-au-sein-de-lafripol-pour-creer-un-mandat-darret-africain-afin-de-faciliter-larrestation-des-criminels\/#primaryimage","url":"https:\/\/www.info-algerie.com\/actualites\/wp-content\/uploads\/2017\/05\/7b538cbd84f64ad376ab138dbfe6e561_S-1.jpg","contentUrl":"https:\/\/www.info-algerie.com\/actualites\/wp-content\/uploads\/2017\/05\/7b538cbd84f64ad376ab138dbfe6e561_S-1.jpg","width":280,"height":198},{"@type":"BreadcrumbList","@id":"https:\/\/www.info-algerie.com\/actualites\/reflexion-au-sein-de-lafripol-pour-creer-un-mandat-darret-africain-afin-de-faciliter-larrestation-des-criminels\/#breadcrumb","itemListElement":[{"@type":"ListItem","position":1,"name":"Accueil","item":"https:\/\/www.info-algerie.com\/actualites\/"},{"@type":"ListItem","position":2,"name":"R\u00e9flexion au sein de l&#039;Afripol pour cr\u00e9er un mandat d&#039;arr\u00eat africain afin\u00a0de faciliter l&#039;arrestation des criminels"}]},{"@type":"WebSite","@id":"https:\/\/www.info-algerie.com\/actualites\/#website","url":"https:\/\/www.info-algerie.com\/actualites\/","name":"info algerie","description":"Toutes les actualit\u00e9s","publisher":{"@id":"https:\/\/www.info-algerie.com\/actualites\/#organization"},"potentialAction":[{"@type":"SearchAction","target":{"@type":"EntryPoint","urlTemplate":"https:\/\/www.info-algerie.com\/actualites\/?s={search_term_string}"},"query-input":{"@type":"PropertyValueSpecification","valueRequired":true,"valueName":"search_term_string"}}],"inLanguage":"fr-FR"},{"@type":"Organization","@id":"https:\/\/www.info-algerie.com\/actualites\/#organization","name":"info algerie","url":"https:\/\/www.info-algerie.com\/actualites\/","logo":{"@type":"ImageObject","inLanguage":"fr-FR","@id":"https:\/\/www.info-algerie.com\/actualites\/#\/schema\/logo\/image\/","url":"https:\/\/www.info-algerie.com\/actualites\/wp-content\/uploads\/2022\/07\/logo-ia-120.png","contentUrl":"https:\/\/www.info-algerie.com\/actualites\/wp-content\/uploads\/2022\/07\/logo-ia-120.png","width":120,"height":43,"caption":"info algerie"},"image":{"@id":"https:\/\/www.info-algerie.com\/actualites\/#\/schema\/logo\/image\/"},"sameAs":["https:\/\/www.facebook.com\/infoalgerieactu","https:\/\/x.com\/infoalgerie1"]},{"@type":"Person","@id":"https:\/\/www.info-algerie.com\/actualites\/#\/schema\/person\/847aaec44920825b843a08f30ec6aa1e","name":"La r\u00e9daction","image":{"@type":"ImageObject","inLanguage":"fr-FR","@id":"https:\/\/secure.gravatar.com\/avatar\/769db425c6f465158149f1ffd6cf61ce7a8a879d11dfbef8288af36dfddd418c?s=96&d=mm&r=g","url":"https:\/\/secure.gravatar.com\/avatar\/769db425c6f465158149f1ffd6cf61ce7a8a879d11dfbef8288af36dfddd418c?s=96&d=mm&r=g","contentUrl":"https:\/\/secure.gravatar.com\/avatar\/769db425c6f465158149f1ffd6cf61ce7a8a879d11dfbef8288af36dfddd418c?s=96&d=mm&r=g","caption":"La r\u00e9daction"},"sameAs":["http:\/\/www.lkeria.com\/"],"url":"https:\/\/www.info-algerie.com\/actualites\/author\/chakib32\/"}]}},"_links":{"self":[{"href":"https:\/\/www.info-algerie.com\/actualites\/wp-json\/wp\/v2\/posts\/12083","targetHints":{"allow":["GET"]}}],"collection":[{"href":"https:\/\/www.info-algerie.com\/actualites\/wp-json\/wp\/v2\/posts"}],"about":[{"href":"https:\/\/www.info-algerie.com\/actualites\/wp-json\/wp\/v2\/types\/post"}],"author":[{"embeddable":true,"href":"https:\/\/www.info-algerie.com\/actualites\/wp-json\/wp\/v2\/users\/6"}],"replies":[{"embeddable":true,"href":"https:\/\/www.info-algerie.com\/actualites\/wp-json\/wp\/v2\/comments?post=12083"}],"version-history":[{"count":0,"href":"https:\/\/www.info-algerie.com\/actualites\/wp-json\/wp\/v2\/posts\/12083\/revisions"}],"wp:featuredmedia":[{"embeddable":true,"href":"https:\/\/www.info-algerie.com\/actualites\/wp-json\/wp\/v2\/media\/12084"}],"wp:attachment":[{"href":"https:\/\/www.info-algerie.com\/actualites\/wp-json\/wp\/v2\/media?parent=12083"}],"wp:term":[{"taxonomy":"category","embeddable":true,"href":"https:\/\/www.info-algerie.com\/actualites\/wp-json\/wp\/v2\/categories?post=12083"},{"taxonomy":"post_tag","embeddable":true,"href":"https:\/\/www.info-algerie.com\/actualites\/wp-json\/wp\/v2\/tags?post=12083"}],"curies":[{"name":"wp","href":"https:\/\/api.w.org\/{rel}","templated":true}]}}