{"id":12087,"date":"2017-05-16T18:39:12","date_gmt":"2017-05-16T17:39:12","guid":{"rendered":"http:\/\/www.info-algerie.com\/actualites\/la-1ere-ag-dafripol-sanctionnee-par-des-decisions-constituant-une-feuille-de-route-pour-les-responsables-de-police-africains\/"},"modified":"2017-05-16T18:39:12","modified_gmt":"2017-05-16T17:39:12","slug":"la-1ere-ag-dafripol-sanctionnee-par-des-decisions-constituant-une-feuille-de-route-pour-les-responsables-de-police-africains","status":"publish","type":"post","link":"https:\/\/www.info-algerie.com\/actualites\/la-1ere-ag-dafripol-sanctionnee-par-des-decisions-constituant-une-feuille-de-route-pour-les-responsables-de-police-africains\/","title":{"rendered":"La 1\u00e8re AG d&#039;Afripol sanctionn\u00e9e par des d\u00e9cisions constituant une feuille de route pour les responsables de police africains"},"content":{"rendered":"<div class=\"K2FeedImage\"><img decoding=\"async\" src=\"https:\/\/www.info-algerie.com\/actualites\/wp-content\/uploads\/2017\/05\/a547f07e845b132aca1fb7eb07683249_S.jpg\" alt=\"La 1&#xE8;re AG d'Afripol sanctionn&#xE9;e par des d&#xE9;cisions constituant une feuille de route pour les responsables de police africains\" \/><\/div>\n<div class=\"K2FeedIntroText\">\n<p class=\"MsoNoSpacing\">ALGER- Le Directeur g\u00e9n\u00e9ral de la S\u00fbret\u00e9 nationale, le\u00a0 g\u00e9n\u00e9ral major Abdelghani Hamel, a affirm\u00e9 mardi \u00e0 Alger que <a href=\"http:\/\/www.aps.dz\/algerie\/57567-debut-des-travaux-de-la-premiere-assemblee-generale-d-afripol\" target=\"_blank\">la premi\u00e8re\u00a0 Assembl\u00e9e g\u00e9n\u00e9rale du m\u00e9canisme de l&rsquo;Union africaine de coop\u00e9ration\u00a0 polici\u00e8re (Afripo<\/a>l) a \u00e9t\u00e9 sanctionn\u00e9e par des d\u00e9cisions importantes qui\u00a0 constitueraient une \u00ab\u00a0feuille de route\u00a0\u00bb pour les responsables de la police\u00a0 africaine.<\/p>\n<p>&#013;<\/p>\n<p class=\"MsoNoSpacing\">Dans une allocution \u00e0 la cl\u00f4ture des travaux de la premi\u00e8re AG d&rsquo;Afripol,\u00a0 le g\u00e9n\u00e9ral major Hamel a pr\u00e9cis\u00e9 que les travaux \u00ab\u00a0ont \u00e9t\u00e9 sanctionn\u00e9es par\u00a0 des d\u00e9cisions importantes qui constitueront une feuille de route pour les\u00a0 responsables africains\u00a0\u00bb, exprimant \u00ab\u00a0sa conviction que ces d\u00e9cisions seront mises en oeuvre avec efficacit\u00e9\u00a0\u00bb. Il s&rsquo;est engag\u00e9, en tant que directeur\u00a0 d&rsquo;Afripol, \u00e0 \u00ab\u00a0consentir tous les efforts possibles pour la pleine et\u00a0 enti\u00e8re mise en oeuvre de ces d\u00e9cisions, et ce en \u00e9troite collaboration avec\u00a0 les responsables de la police africaine et de l&rsquo;Union africaine (UA)\u00a0\u00bb.<\/p>\n<p>&#013;<\/p>\n<p class=\"MsoNoSpacing\">M. Hamel a qualifi\u00e9 d'\u00a0\u00bbhistorique\u00a0\u00bb la rencontre ayant r\u00e9uni les\u00a0 responsables de la police africaine, soulignant qu&rsquo;elle s&rsquo;\u00e9tait d\u00e9roul\u00e9e\u00a0 dans \u00ab\u00a0un climat fraternel marqu\u00e9 par le s\u00e9rieux en mati\u00e8re d&rsquo;\u00e9change de\u00a0 vues, de propositions et de solutions aux questions soulev\u00e9es\u00a0\u00bb.<\/p>\n<p>&#013;<\/p>\n<p class=\"MsoNoSpacing\">\u00ab\u00a0Nous oeuvrerons, avec la coop\u00e9ration de tous, \u00e0 faire de cette\u00a0 organisation s\u00e9curitaire un m\u00e9canisme op\u00e9rationnel efficace de soutien\u00a0 technique \u00e0 tous les organes de police africaine qui garantit un \u00e9change\u00a0 flexible et efficace des informations entre ces derniers, ainsi qu&rsquo;un centre de savoir et de rayonnement, notamment en mati\u00e8re d&rsquo;\u00e9tudes, de\u00a0 recherches, de planification et de formation dans tous les domaines de la\u00a0 police et ses champs d&rsquo;action\u00a0\u00bb, a soutenu M. Hamel.<\/p>\n<p>&#013;<\/p>\n<p class=\"MsoNoSpacing\">Concernant les nombreux d\u00e9fis qui diff\u00e8rent d&rsquo;une r\u00e9gion \u00e0 une autre, le\u00a0 g\u00e9n\u00e9ral major Hamel a indiqu\u00e9 qu&rsquo;il serait proc\u00e9d\u00e9, une fois les points\u00a0 forts et les \u00e9ventuelles lacunes d\u00e9finis, \u00e0 \u00ab\u00a0la mise en place d&rsquo;un syst\u00e8me\u00a0 ad\u00e9quat pour d\u00e9velopper et promouvoir, efficacement, les capacit\u00e9s humaines des organes de police africaine et consolider la coop\u00e9ration et la\u00a0 coordination entre ces organes\u00a0\u00bb.<\/p>\n<p>&#013;<\/p>\n<p class=\"MsoNoSpacing\">Il sera \u00e9galement question de la mise en place de syst\u00e8mes de\u00a0 communication modernes au sein de cette jeune organisation, notamment un\u00a0 site \u00e9lectronique et des bases de donn\u00e9es pour qu&rsquo;elle puisse s&rsquo;acquitter\u00a0 pleinement de ses missions, notamment la lutte contre le terrorisme et le crime organis\u00e9 transnational, a fait savoir le responsable qui a ajout\u00e9 que\u00a0 ces outils seraient mis \u00e0 la disposition de tous les organes de la police\u00a0 africaine.<\/p>\n<p>&#013;<\/p>\n<p class=\"MsoNoSpacing\">\u00ab\u00a0Ces activit\u00e9s seront inscrites au programme d&rsquo;action du m\u00e9canisme pour\u00a0 les trois prochaines ann\u00e9es, \u00e9tant consid\u00e9r\u00e9es\u00a0 actuellement comme\u00a0 prioritaires, en vue de faire face aux d\u00e9fis s\u00e9curitaires et menaces, au\u00a0 mieux des int\u00e9r\u00eats de nos pays et peuples\u00a0\u00bb, a-t-il soutenu.<\/p>\n<p>&#013;<\/p>\n<p class=\"MsoNoSpacing\">M. Hamel a saisi l&rsquo;occasion pour exprimer \u00ab\u00a0sa reconnaissance aux chefs de\u00a0 police africains pour la confiance dont il a \u00e9t\u00e9 investie, en pr\u00e9sidant les\u00a0 travaux de la premi\u00e8re Assembl\u00e9e g\u00e9n\u00e9rale d&rsquo;Afripol\u00a0\u00bb.<\/p>\n<p>&#013;<\/p>\n<p class=\"MsoNoSpacing\"><a href=\"http:\/\/www.aps.dz\/algerie\/57610-l-algerie-elue-pour-presider-l-afripol\" target=\"_blank\">L&rsquo;Alg\u00e9rie avait \u00e9t\u00e9 choisie<\/a> lundi, lors de la premi\u00e8re assembl\u00e9e g\u00e9n\u00e9rale\u00a0 d&rsquo;Afripol, pour diriger ce m\u00e9canisme de coop\u00e9ration polici\u00e8re africaine,\u00a0 pour une dur\u00e9e de deux ans. Les postes de 1er, 2e et 3e vice-pr\u00e9sidents\u00a0 sont revenus respectivement \u00e0 l&rsquo;Ouganda, au Nigeria et \u00e0 la R\u00e9publique\u00a0 Centrafricaine, alors que le poste de rapporteur a \u00e9t\u00e9 confi\u00e9 \u00e0 la Zambie.<\/p>\n<p>&#013;<\/p>\n<p class=\"MsoNoSpacing\">L&rsquo;Alg\u00e9rie a abrit\u00e9 trois jours durant, la premi\u00e8re AG d&rsquo;Afripol organis\u00e9e\u00a0 par la Direction g\u00e9n\u00e9rale de la S\u00fbret\u00e9 nationale (DGSN) en collaboration\u00a0 avec la Commission de l&rsquo;Union africaine (UA), avec la participation des\u00a0 chefs de police africains et des responsables d&rsquo;institutions polici\u00e8res\u00a0 r\u00e9gionales et internationales.<\/p>\n<p>&#013;<\/p>\n<p class=\"MsoNoSpacing\">Les r\u00e8glements int\u00e9rieurs de l&rsquo;AG et du Comit\u00e9 directeur ont \u00e9t\u00e9 d\u00e9battus\u00a0 durant la rencontre, outre la d\u00e9signation du pr\u00e9sident et des membres des\u00a0 Comit\u00e9s directeurs d&rsquo;Afripol et la d\u00e9finition des cadres g\u00e9n\u00e9raux de\u00a0 coop\u00e9ration entre les instances de police tant aux niveaux national,\u00a0 r\u00e9gional que continental et international.<\/p>\n<p>&#013;<\/p>\n<p class=\"MsoNoSpacing\">Cette rencontre qui intervient apr\u00e8s l&rsquo;adoption des lois par les chefs\u00a0 d&rsquo;Etats et Gouvernements africains lors des travaux du 28\u00e8me sommet\u00a0 ordinaire de l&rsquo;Union africaine tenu fin janvier 2017 \u00e0 Addis Abeba, se veut\u00a0 une cons\u00e9cration effective du m\u00e9canisme d&rsquo;Afripol qui est une organisation de coop\u00e9ration polici\u00e8re africaine visant \u00e0 am\u00e9liorer \u00ab\u00a0l&rsquo;efficacit\u00e9\u00a0\u00bb des\u00a0 services de police africains \u00e0 travers l&rsquo;\u00e9change d&rsquo;informations et\u00a0 d&rsquo;exp\u00e9riences en mati\u00e8re de lutte contre le crime transnational et le \u00a0terrorisme, outre l&rsquo;assistance technique partag\u00e9e.<\/p>\n<p>&#013;<\/p>\n<p class=\"MsoNoSpacing\">Ce M\u00e9canisme promeut la coop\u00e9ration polici\u00e8re r\u00e9gionale et rapprochera les\u00a0 vues des chefs de police en termes d&rsquo;\u00e9valuation des risques, de d\u00e9finition\u00a0 des politiques, de renforcement des capacit\u00e9s institutionnelles de police\u00a0 dans le domaine de la formation, de la police scientifique et de la gestion\u00a0 des services de police charg\u00e9s de veiller au respect des droits de l&rsquo;homme,\u00a0 de la justice et de l&rsquo;\u00e9galit\u00e9.<\/p>\n<p>&#013;<\/p>\n<p class=\"MsoNoSpacing\">Ce m\u00e9canisme se veut une \u00ab\u00a0valeur ajout\u00e9e\u00a0\u00bb \u00e0 la coop\u00e9ration polici\u00e8re\u00a0 r\u00e9gionale et internationale et \u00ab\u00a0une alliance strat\u00e9gique\u00a0\u00bb face aux menaces\u00a0 internationales qui p\u00e8sent sur un environnement en constante\u00a0 \u00e9volution.<\/p>\n<p>&#013;<\/p>\n<p>\u00a0<\/p>\n<p>&#013;<\/p>\n<p>La lutte contre le terrorisme et la criminalit\u00e9 en t\u00eate des priorit\u00e9s de\u00a0l&rsquo;agenda d&rsquo;Afripol<\/p>\n<p>&#013;<\/p>\n<p>ALGER- Les efforts de lutte contre le terrorisme et la\u00a0 criminalit\u00e9 figurent en t\u00eate de l&rsquo;agenda du M\u00e9canisme de coop\u00e9ration\u00a0 polici\u00e8re africaine (Afripol), dont les travaux de la premi\u00e8re Assembl\u00e9e\u00a0g\u00e9n\u00e9rale ont pris fin mardi \u00e0 Alger, ont affirm\u00e9 des repr\u00e9sentants des \u00a0polices africaines.<\/p>\n<p>&#013;<\/p>\n<p>Dans une d\u00e9claration en marge des travaux de la premi\u00e8re AG d&rsquo;Afripol, le\u00a0 Directeur g\u00e9n\u00e9ral de la coop\u00e9ration internationale de la s\u00e9curit\u00e9\u00a0 soudanaise, Imad Khalifallah Mohamed Khir a affirm\u00e9 que \u00ab\u00a0la lutte contre le\u00a0 terrorisme sera en t\u00eate des priorit\u00e9s de l&rsquo;agenda d&rsquo;Afripol, car \u00e9tant l&rsquo;un\u00a0 des plus dangereux crimes qui menacent la s\u00e9curit\u00e9 et la stabilit\u00e9 des pays\u00a0 africains\u00a0\u00bb.<\/p>\n<p>&#013;<\/p>\n<p>\u00ab\u00a0La mise en place de ce m\u00e9canisme est d&rsquo;une extr\u00eame importance pour\u00a0 unifier les efforts du continent africain en mati\u00e8re de lutte contre les\u00a0 crimes dangereux, les crimes organis\u00e9s et transfrontaliers\u00a0\u00bb, a-t-il\u00a0 indiqu\u00e9, ajoutant qu&rsquo;il serait question \u00ab\u00a0d&rsquo;une coordination et d&rsquo;un \u00e9change\u00a0s\u00e9curitaire entre les polices africaines \u00e0 m\u00eame de faciliter les efforts\u00a0 consentis pour arr\u00eater les criminels et r\u00e9duire la criminalit\u00e9\u00a0\u00bb.<\/p>\n<p>&#013;<\/p>\n<p>\u00ab\u00a0La priorit\u00e9 de la coop\u00e9ration s\u00e9curitaire africaine consiste en l&rsquo;\u00e9change\u00a0 d&rsquo;informations et de pratiques, ainsi que l&rsquo;\u00e9change d&rsquo;exp\u00e9riences entre les\u00a0 pays\u00a0\u00bb, a affirm\u00e9 de son c\u00f4t\u00e9 le responsable mauritanien de la s\u00e9curit\u00e9.<\/p>\n<p>&#013;<\/p>\n<p>\u00ab\u00a0Nous sommes ici en Alg\u00e9rie pour oeuvrer \u00e0 la lutte contre le terrorisme,\u00a0 le crime organis\u00e9 et la cybercriminalit\u00e9 et l&rsquo;Afrique est aujourd&rsquo;hui\u00a0 d\u00e9termin\u00e9e, \u00e0 la faveur de cette r\u00e9union, plus que jamais \u00e0 relever ces\u00a0 d\u00e9fis\u00a0\u00bb, a indiqu\u00e9 le responsable de la s\u00e9curit\u00e9 au Niger, Abu Bakr Souley.<\/p>\n<p>&#013;<\/p>\n<p>Le directeur g\u00e9n\u00e9ral de la s\u00fbret\u00e9 nationale mauritanienne, Mohamed Abjet a\u00a0 indiqu\u00e9 que \u00ab\u00a0la cr\u00e9ation d&rsquo;Afripol se veut un grand exploit qui traduit une\u00a0 forte volont\u00e9 politique\u00a0\u00bb, insistant sur \u00ab\u00a0l&rsquo;importance de promouvoir ce\u00a0 m\u00e9canisme en mod\u00e8le efficient \u00e0 la hauteur des m\u00e9canismes internationaux,\u00a0 bravant tous les probl\u00e8mes s\u00e9curitaires en Afrique\u00a0\u00bb.<\/p>\n<p>&#013;<\/p>\n<p>\u00a0L&rsquo;Alg\u00e9rie a abrit\u00e9 trois jours durant, la premi\u00e8re AG d&rsquo;Afripol organis\u00e9e\u00a0 par la Direction g\u00e9n\u00e9rale de la S\u00fbret\u00e9 nationale (DGSN) en collaboration\u00a0 avec la Commission de l&rsquo;Union africaine (UA), avec la participation des\u00a0 chefs de police africains et des responsables d&rsquo;institutions polici\u00e8res\u00a0 r\u00e9gionales et internationales.<\/p>\n<p>&#013;<\/p>\n<p>\u00a0Les r\u00e8glements int\u00e9rieurs de l&rsquo;AG et du Comit\u00e9 directeur ont \u00e9t\u00e9 d\u00e9battus\u00a0 durant la rencontre, outre la d\u00e9signation du pr\u00e9sident et des membres des\u00a0 Comit\u00e9s directeurs d&rsquo;Afripol et la d\u00e9finition des cadres g\u00e9n\u00e9raux de\u00a0 coop\u00e9ration entre les instances de police tant aux niveaux national,\u00a0 r\u00e9gional que continental et international.<\/p>\n<p>&#013;<\/p>\n<p>\u00a0La cr\u00e9ation de ce m\u00e9canisme vise l&rsquo;adoption d&rsquo;une vision commune pour\u00a0 intensifier la coop\u00e9ration et am\u00e9liorer l'\u00a0\u00bbefficacit\u00e9\u00a0\u00bb des diff\u00e9rentes\u00a0 polices africaines, \u00e0 travers l&rsquo;\u00e9change d&rsquo;informations et d&rsquo;exp\u00e9riences en\u00a0 mati\u00e8re de lutte contre le crime transnational et le terrorisme et le\u00a0 renforcement de leurs capacit\u00e9s op\u00e9rationnelles et techniques.<\/p>\n<p>&#013;<\/p>\n<p class=\"MsoNoSpacing\">Ce m\u00e9canisme se veut une \u00ab\u00a0valeur ajout\u00e9e\u00a0\u00bb \u00e0 la coop\u00e9ration polici\u00e8re\u00a0 r\u00e9gionale et internationale et \u00ab\u00a0une alliance strat\u00e9gique\u00a0\u00bb face aux menaces\u00a0 internationales qui p\u00e8sent sur un environnement en \u00ab\u00a0constante\u00a0 \u00e9volution\u00a0\u00bb.<\/p>\n<\/div>\n<p>&#013;<br \/>\nSource: <a href=\"http:\/\/www.aps.dz\/algerie\/57683-les-travaux-de-la-premiere-ag-d-afripol-sanctionnes-par-des-decisions-importantes-qui-constitueront-une-feuille-de-route-pour-les-responsables-de-police-africains\" target=\"_blank\">La 1\u00e8re AG d&rsquo;Afripol sanctionn\u00e9e par des d\u00e9cisions constituant une feuille de route pour les responsables de police africains<\/a><\/p>\n<!--CusAds0-->\n<div style=\"font-size: 0px; height: 0px; line-height: 0px; margin: 0; padding: 0; clear: both;\"><\/div>","protected":false},"excerpt":{"rendered":"<p>ALGER- Le Directeur g\u00e9n\u00e9ral de la S\u00fbret\u00e9 nationale, le\u00a0 g\u00e9n\u00e9ral major Abdelghani Hamel, a affirm\u00e9 mardi \u00e0 Alger que la premi\u00e8re\u00a0 Assembl\u00e9e g\u00e9n\u00e9rale du m\u00e9canisme de l&rsquo;Union africaine de coop\u00e9ration\u00a0 polici\u00e8re (Afripol) a \u00e9t\u00e9 sanctionn\u00e9e par des d\u00e9cisions importantes qui\u00a0 constitueraient une \u00ab\u00a0feuille de route\u00a0\u00bb pour les responsables de la police\u00a0 africaine. &#013; Dans une<\/p>\n","protected":false},"author":6,"featured_media":12088,"comment_status":"open","ping_status":"open","sticky":false,"template":"","format":"standard","meta":{"footnotes":""},"categories":[22],"tags":[93],"class_list":["post-12087","post","type-post","status-publish","format-standard","has-post-thumbnail","hentry","category-infos","tag-onu"],"yoast_head":"<!-- This site is optimized with the Yoast SEO plugin v27.5 - https:\/\/yoast.com\/product\/yoast-seo-wordpress\/ -->\n<title>La 1\u00e8re AG d&#039;Afripol sanctionn\u00e9e par des d\u00e9cisions constituant une feuille de route pour les responsables de police africains - info algerie<\/title>\n<meta name=\"robots\" content=\"index, follow, max-snippet:-1, max-image-preview:large, max-video-preview:-1\" \/>\n<link rel=\"canonical\" href=\"https:\/\/www.info-algerie.com\/actualites\/la-1ere-ag-dafripol-sanctionnee-par-des-decisions-constituant-une-feuille-de-route-pour-les-responsables-de-police-africains\/\" \/>\n<meta property=\"og:locale\" content=\"fr_FR\" \/>\n<meta property=\"og:type\" content=\"article\" \/>\n<meta property=\"og:title\" content=\"La 1\u00e8re AG d&#039;Afripol sanctionn\u00e9e par des d\u00e9cisions constituant une feuille de route pour les responsables de police africains - info algerie\" \/>\n<meta property=\"og:description\" content=\"ALGER- Le Directeur g\u00e9n\u00e9ral de la S\u00fbret\u00e9 nationale, le\u00a0 g\u00e9n\u00e9ral major Abdelghani Hamel, a affirm\u00e9 mardi \u00e0 Alger que la premi\u00e8re\u00a0 Assembl\u00e9e g\u00e9n\u00e9rale du m\u00e9canisme de l&rsquo;Union africaine de coop\u00e9ration\u00a0 polici\u00e8re (Afripol) a \u00e9t\u00e9 sanctionn\u00e9e par des d\u00e9cisions importantes qui\u00a0 constitueraient une \u00ab\u00a0feuille de route\u00a0\u00bb pour les responsables de la police\u00a0 africaine. &#013; Dans une\" \/>\n<meta property=\"og:url\" content=\"https:\/\/www.info-algerie.com\/actualites\/la-1ere-ag-dafripol-sanctionnee-par-des-decisions-constituant-une-feuille-de-route-pour-les-responsables-de-police-africains\/\" \/>\n<meta property=\"og:site_name\" content=\"info algerie\" \/>\n<meta property=\"article:publisher\" content=\"https:\/\/www.facebook.com\/infoalgerieactu\" \/>\n<meta property=\"article:published_time\" content=\"2017-05-16T17:39:12+00:00\" \/>\n<meta property=\"og:image\" content=\"https:\/\/www.info-algerie.com\/actualites\/wp-content\/uploads\/2017\/05\/a547f07e845b132aca1fb7eb07683249_S-1.jpg\" \/>\n\t<meta property=\"og:image:width\" content=\"280\" \/>\n\t<meta property=\"og:image:height\" content=\"186\" \/>\n\t<meta property=\"og:image:type\" content=\"image\/jpeg\" \/>\n<meta name=\"author\" content=\"La r\u00e9daction\" \/>\n<meta name=\"twitter:label1\" content=\"\u00c9crit par\" \/>\n\t<meta name=\"twitter:data1\" content=\"La r\u00e9daction\" \/>\n\t<meta name=\"twitter:label2\" content=\"Dur\u00e9e de lecture estim\u00e9e\" \/>\n\t<meta name=\"twitter:data2\" content=\"7 minutes\" \/>\n<script type=\"application\/ld+json\" class=\"yoast-schema-graph\">{\"@context\":\"https:\\\/\\\/schema.org\",\"@graph\":[{\"@type\":\"Article\",\"@id\":\"https:\\\/\\\/www.info-algerie.com\\\/actualites\\\/la-1ere-ag-dafripol-sanctionnee-par-des-decisions-constituant-une-feuille-de-route-pour-les-responsables-de-police-africains\\\/#article\",\"isPartOf\":{\"@id\":\"https:\\\/\\\/www.info-algerie.com\\\/actualites\\\/la-1ere-ag-dafripol-sanctionnee-par-des-decisions-constituant-une-feuille-de-route-pour-les-responsables-de-police-africains\\\/\"},\"author\":{\"name\":\"La r\u00e9daction\",\"@id\":\"https:\\\/\\\/www.info-algerie.com\\\/actualites\\\/#\\\/schema\\\/person\\\/847aaec44920825b843a08f30ec6aa1e\"},\"headline\":\"La 1\u00e8re AG d&#039;Afripol sanctionn\u00e9e par des d\u00e9cisions constituant une feuille de route pour les responsables de police africains\",\"datePublished\":\"2017-05-16T17:39:12+00:00\",\"mainEntityOfPage\":{\"@id\":\"https:\\\/\\\/www.info-algerie.com\\\/actualites\\\/la-1ere-ag-dafripol-sanctionnee-par-des-decisions-constituant-une-feuille-de-route-pour-les-responsables-de-police-africains\\\/\"},\"wordCount\":1562,\"commentCount\":0,\"publisher\":{\"@id\":\"https:\\\/\\\/www.info-algerie.com\\\/actualites\\\/#organization\"},\"image\":{\"@id\":\"https:\\\/\\\/www.info-algerie.com\\\/actualites\\\/la-1ere-ag-dafripol-sanctionnee-par-des-decisions-constituant-une-feuille-de-route-pour-les-responsables-de-police-africains\\\/#primaryimage\"},\"thumbnailUrl\":\"https:\\\/\\\/www.info-algerie.com\\\/actualites\\\/wp-content\\\/uploads\\\/2017\\\/05\\\/a547f07e845b132aca1fb7eb07683249_S-1.jpg\",\"keywords\":[\"ONU\"],\"articleSection\":[\"infos\"],\"inLanguage\":\"fr-FR\",\"potentialAction\":[{\"@type\":\"CommentAction\",\"name\":\"Comment\",\"target\":[\"https:\\\/\\\/www.info-algerie.com\\\/actualites\\\/la-1ere-ag-dafripol-sanctionnee-par-des-decisions-constituant-une-feuille-de-route-pour-les-responsables-de-police-africains\\\/#respond\"]}]},{\"@type\":\"WebPage\",\"@id\":\"https:\\\/\\\/www.info-algerie.com\\\/actualites\\\/la-1ere-ag-dafripol-sanctionnee-par-des-decisions-constituant-une-feuille-de-route-pour-les-responsables-de-police-africains\\\/\",\"url\":\"https:\\\/\\\/www.info-algerie.com\\\/actualites\\\/la-1ere-ag-dafripol-sanctionnee-par-des-decisions-constituant-une-feuille-de-route-pour-les-responsables-de-police-africains\\\/\",\"name\":\"La 1\u00e8re AG d&#039;Afripol sanctionn\u00e9e par des d\u00e9cisions constituant une feuille de route pour les responsables de police africains - info algerie\",\"isPartOf\":{\"@id\":\"https:\\\/\\\/www.info-algerie.com\\\/actualites\\\/#website\"},\"primaryImageOfPage\":{\"@id\":\"https:\\\/\\\/www.info-algerie.com\\\/actualites\\\/la-1ere-ag-dafripol-sanctionnee-par-des-decisions-constituant-une-feuille-de-route-pour-les-responsables-de-police-africains\\\/#primaryimage\"},\"image\":{\"@id\":\"https:\\\/\\\/www.info-algerie.com\\\/actualites\\\/la-1ere-ag-dafripol-sanctionnee-par-des-decisions-constituant-une-feuille-de-route-pour-les-responsables-de-police-africains\\\/#primaryimage\"},\"thumbnailUrl\":\"https:\\\/\\\/www.info-algerie.com\\\/actualites\\\/wp-content\\\/uploads\\\/2017\\\/05\\\/a547f07e845b132aca1fb7eb07683249_S-1.jpg\",\"datePublished\":\"2017-05-16T17:39:12+00:00\",\"breadcrumb\":{\"@id\":\"https:\\\/\\\/www.info-algerie.com\\\/actualites\\\/la-1ere-ag-dafripol-sanctionnee-par-des-decisions-constituant-une-feuille-de-route-pour-les-responsables-de-police-africains\\\/#breadcrumb\"},\"inLanguage\":\"fr-FR\",\"potentialAction\":[{\"@type\":\"ReadAction\",\"target\":[\"https:\\\/\\\/www.info-algerie.com\\\/actualites\\\/la-1ere-ag-dafripol-sanctionnee-par-des-decisions-constituant-une-feuille-de-route-pour-les-responsables-de-police-africains\\\/\"]}]},{\"@type\":\"ImageObject\",\"inLanguage\":\"fr-FR\",\"@id\":\"https:\\\/\\\/www.info-algerie.com\\\/actualites\\\/la-1ere-ag-dafripol-sanctionnee-par-des-decisions-constituant-une-feuille-de-route-pour-les-responsables-de-police-africains\\\/#primaryimage\",\"url\":\"https:\\\/\\\/www.info-algerie.com\\\/actualites\\\/wp-content\\\/uploads\\\/2017\\\/05\\\/a547f07e845b132aca1fb7eb07683249_S-1.jpg\",\"contentUrl\":\"https:\\\/\\\/www.info-algerie.com\\\/actualites\\\/wp-content\\\/uploads\\\/2017\\\/05\\\/a547f07e845b132aca1fb7eb07683249_S-1.jpg\",\"width\":280,\"height\":186},{\"@type\":\"BreadcrumbList\",\"@id\":\"https:\\\/\\\/www.info-algerie.com\\\/actualites\\\/la-1ere-ag-dafripol-sanctionnee-par-des-decisions-constituant-une-feuille-de-route-pour-les-responsables-de-police-africains\\\/#breadcrumb\",\"itemListElement\":[{\"@type\":\"ListItem\",\"position\":1,\"name\":\"Accueil\",\"item\":\"https:\\\/\\\/www.info-algerie.com\\\/actualites\\\/\"},{\"@type\":\"ListItem\",\"position\":2,\"name\":\"La 1\u00e8re AG d&#039;Afripol sanctionn\u00e9e par des d\u00e9cisions constituant une feuille de route pour les responsables de police africains\"}]},{\"@type\":\"WebSite\",\"@id\":\"https:\\\/\\\/www.info-algerie.com\\\/actualites\\\/#website\",\"url\":\"https:\\\/\\\/www.info-algerie.com\\\/actualites\\\/\",\"name\":\"info algerie\",\"description\":\"Toutes les actualit\u00e9s\",\"publisher\":{\"@id\":\"https:\\\/\\\/www.info-algerie.com\\\/actualites\\\/#organization\"},\"potentialAction\":[{\"@type\":\"SearchAction\",\"target\":{\"@type\":\"EntryPoint\",\"urlTemplate\":\"https:\\\/\\\/www.info-algerie.com\\\/actualites\\\/?s={search_term_string}\"},\"query-input\":{\"@type\":\"PropertyValueSpecification\",\"valueRequired\":true,\"valueName\":\"search_term_string\"}}],\"inLanguage\":\"fr-FR\"},{\"@type\":\"Organization\",\"@id\":\"https:\\\/\\\/www.info-algerie.com\\\/actualites\\\/#organization\",\"name\":\"info algerie\",\"url\":\"https:\\\/\\\/www.info-algerie.com\\\/actualites\\\/\",\"logo\":{\"@type\":\"ImageObject\",\"inLanguage\":\"fr-FR\",\"@id\":\"https:\\\/\\\/www.info-algerie.com\\\/actualites\\\/#\\\/schema\\\/logo\\\/image\\\/\",\"url\":\"https:\\\/\\\/www.info-algerie.com\\\/actualites\\\/wp-content\\\/uploads\\\/2022\\\/07\\\/logo-ia-120.png\",\"contentUrl\":\"https:\\\/\\\/www.info-algerie.com\\\/actualites\\\/wp-content\\\/uploads\\\/2022\\\/07\\\/logo-ia-120.png\",\"width\":120,\"height\":43,\"caption\":\"info algerie\"},\"image\":{\"@id\":\"https:\\\/\\\/www.info-algerie.com\\\/actualites\\\/#\\\/schema\\\/logo\\\/image\\\/\"},\"sameAs\":[\"https:\\\/\\\/www.facebook.com\\\/infoalgerieactu\",\"https:\\\/\\\/x.com\\\/infoalgerie1\"]},{\"@type\":\"Person\",\"@id\":\"https:\\\/\\\/www.info-algerie.com\\\/actualites\\\/#\\\/schema\\\/person\\\/847aaec44920825b843a08f30ec6aa1e\",\"name\":\"La r\u00e9daction\",\"image\":{\"@type\":\"ImageObject\",\"inLanguage\":\"fr-FR\",\"@id\":\"https:\\\/\\\/secure.gravatar.com\\\/avatar\\\/769db425c6f465158149f1ffd6cf61ce7a8a879d11dfbef8288af36dfddd418c?s=96&d=mm&r=g\",\"url\":\"https:\\\/\\\/secure.gravatar.com\\\/avatar\\\/769db425c6f465158149f1ffd6cf61ce7a8a879d11dfbef8288af36dfddd418c?s=96&d=mm&r=g\",\"contentUrl\":\"https:\\\/\\\/secure.gravatar.com\\\/avatar\\\/769db425c6f465158149f1ffd6cf61ce7a8a879d11dfbef8288af36dfddd418c?s=96&d=mm&r=g\",\"caption\":\"La r\u00e9daction\"},\"sameAs\":[\"http:\\\/\\\/www.lkeria.com\\\/\"],\"url\":\"https:\\\/\\\/www.info-algerie.com\\\/actualites\\\/author\\\/chakib32\\\/\"}]}<\/script>\n<!-- \/ Yoast SEO plugin. -->","yoast_head_json":{"title":"La 1\u00e8re AG d&#039;Afripol sanctionn\u00e9e par des d\u00e9cisions constituant une feuille de route pour les responsables de police africains - info algerie","robots":{"index":"index","follow":"follow","max-snippet":"max-snippet:-1","max-image-preview":"max-image-preview:large","max-video-preview":"max-video-preview:-1"},"canonical":"https:\/\/www.info-algerie.com\/actualites\/la-1ere-ag-dafripol-sanctionnee-par-des-decisions-constituant-une-feuille-de-route-pour-les-responsables-de-police-africains\/","og_locale":"fr_FR","og_type":"article","og_title":"La 1\u00e8re AG d&#039;Afripol sanctionn\u00e9e par des d\u00e9cisions constituant une feuille de route pour les responsables de police africains - info algerie","og_description":"ALGER- Le Directeur g\u00e9n\u00e9ral de la S\u00fbret\u00e9 nationale, le\u00a0 g\u00e9n\u00e9ral major Abdelghani Hamel, a affirm\u00e9 mardi \u00e0 Alger que la premi\u00e8re\u00a0 Assembl\u00e9e g\u00e9n\u00e9rale du m\u00e9canisme de l&rsquo;Union africaine de coop\u00e9ration\u00a0 polici\u00e8re (Afripol) a \u00e9t\u00e9 sanctionn\u00e9e par des d\u00e9cisions importantes qui\u00a0 constitueraient une \u00ab\u00a0feuille de route\u00a0\u00bb pour les responsables de la police\u00a0 africaine. &#013; Dans une","og_url":"https:\/\/www.info-algerie.com\/actualites\/la-1ere-ag-dafripol-sanctionnee-par-des-decisions-constituant-une-feuille-de-route-pour-les-responsables-de-police-africains\/","og_site_name":"info algerie","article_publisher":"https:\/\/www.facebook.com\/infoalgerieactu","article_published_time":"2017-05-16T17:39:12+00:00","og_image":[{"width":280,"height":186,"url":"https:\/\/www.info-algerie.com\/actualites\/wp-content\/uploads\/2017\/05\/a547f07e845b132aca1fb7eb07683249_S-1.jpg","type":"image\/jpeg"}],"author":"La r\u00e9daction","twitter_misc":{"\u00c9crit par":"La r\u00e9daction","Dur\u00e9e de lecture estim\u00e9e":"7 minutes"},"schema":{"@context":"https:\/\/schema.org","@graph":[{"@type":"Article","@id":"https:\/\/www.info-algerie.com\/actualites\/la-1ere-ag-dafripol-sanctionnee-par-des-decisions-constituant-une-feuille-de-route-pour-les-responsables-de-police-africains\/#article","isPartOf":{"@id":"https:\/\/www.info-algerie.com\/actualites\/la-1ere-ag-dafripol-sanctionnee-par-des-decisions-constituant-une-feuille-de-route-pour-les-responsables-de-police-africains\/"},"author":{"name":"La r\u00e9daction","@id":"https:\/\/www.info-algerie.com\/actualites\/#\/schema\/person\/847aaec44920825b843a08f30ec6aa1e"},"headline":"La 1\u00e8re AG d&#039;Afripol sanctionn\u00e9e par des d\u00e9cisions constituant une feuille de route pour les responsables de police africains","datePublished":"2017-05-16T17:39:12+00:00","mainEntityOfPage":{"@id":"https:\/\/www.info-algerie.com\/actualites\/la-1ere-ag-dafripol-sanctionnee-par-des-decisions-constituant-une-feuille-de-route-pour-les-responsables-de-police-africains\/"},"wordCount":1562,"commentCount":0,"publisher":{"@id":"https:\/\/www.info-algerie.com\/actualites\/#organization"},"image":{"@id":"https:\/\/www.info-algerie.com\/actualites\/la-1ere-ag-dafripol-sanctionnee-par-des-decisions-constituant-une-feuille-de-route-pour-les-responsables-de-police-africains\/#primaryimage"},"thumbnailUrl":"https:\/\/www.info-algerie.com\/actualites\/wp-content\/uploads\/2017\/05\/a547f07e845b132aca1fb7eb07683249_S-1.jpg","keywords":["ONU"],"articleSection":["infos"],"inLanguage":"fr-FR","potentialAction":[{"@type":"CommentAction","name":"Comment","target":["https:\/\/www.info-algerie.com\/actualites\/la-1ere-ag-dafripol-sanctionnee-par-des-decisions-constituant-une-feuille-de-route-pour-les-responsables-de-police-africains\/#respond"]}]},{"@type":"WebPage","@id":"https:\/\/www.info-algerie.com\/actualites\/la-1ere-ag-dafripol-sanctionnee-par-des-decisions-constituant-une-feuille-de-route-pour-les-responsables-de-police-africains\/","url":"https:\/\/www.info-algerie.com\/actualites\/la-1ere-ag-dafripol-sanctionnee-par-des-decisions-constituant-une-feuille-de-route-pour-les-responsables-de-police-africains\/","name":"La 1\u00e8re AG d&#039;Afripol sanctionn\u00e9e par des d\u00e9cisions constituant une feuille de route pour les responsables de police africains - info algerie","isPartOf":{"@id":"https:\/\/www.info-algerie.com\/actualites\/#website"},"primaryImageOfPage":{"@id":"https:\/\/www.info-algerie.com\/actualites\/la-1ere-ag-dafripol-sanctionnee-par-des-decisions-constituant-une-feuille-de-route-pour-les-responsables-de-police-africains\/#primaryimage"},"image":{"@id":"https:\/\/www.info-algerie.com\/actualites\/la-1ere-ag-dafripol-sanctionnee-par-des-decisions-constituant-une-feuille-de-route-pour-les-responsables-de-police-africains\/#primaryimage"},"thumbnailUrl":"https:\/\/www.info-algerie.com\/actualites\/wp-content\/uploads\/2017\/05\/a547f07e845b132aca1fb7eb07683249_S-1.jpg","datePublished":"2017-05-16T17:39:12+00:00","breadcrumb":{"@id":"https:\/\/www.info-algerie.com\/actualites\/la-1ere-ag-dafripol-sanctionnee-par-des-decisions-constituant-une-feuille-de-route-pour-les-responsables-de-police-africains\/#breadcrumb"},"inLanguage":"fr-FR","potentialAction":[{"@type":"ReadAction","target":["https:\/\/www.info-algerie.com\/actualites\/la-1ere-ag-dafripol-sanctionnee-par-des-decisions-constituant-une-feuille-de-route-pour-les-responsables-de-police-africains\/"]}]},{"@type":"ImageObject","inLanguage":"fr-FR","@id":"https:\/\/www.info-algerie.com\/actualites\/la-1ere-ag-dafripol-sanctionnee-par-des-decisions-constituant-une-feuille-de-route-pour-les-responsables-de-police-africains\/#primaryimage","url":"https:\/\/www.info-algerie.com\/actualites\/wp-content\/uploads\/2017\/05\/a547f07e845b132aca1fb7eb07683249_S-1.jpg","contentUrl":"https:\/\/www.info-algerie.com\/actualites\/wp-content\/uploads\/2017\/05\/a547f07e845b132aca1fb7eb07683249_S-1.jpg","width":280,"height":186},{"@type":"BreadcrumbList","@id":"https:\/\/www.info-algerie.com\/actualites\/la-1ere-ag-dafripol-sanctionnee-par-des-decisions-constituant-une-feuille-de-route-pour-les-responsables-de-police-africains\/#breadcrumb","itemListElement":[{"@type":"ListItem","position":1,"name":"Accueil","item":"https:\/\/www.info-algerie.com\/actualites\/"},{"@type":"ListItem","position":2,"name":"La 1\u00e8re AG d&#039;Afripol sanctionn\u00e9e par des d\u00e9cisions constituant une feuille de route pour les responsables de police africains"}]},{"@type":"WebSite","@id":"https:\/\/www.info-algerie.com\/actualites\/#website","url":"https:\/\/www.info-algerie.com\/actualites\/","name":"info algerie","description":"Toutes les actualit\u00e9s","publisher":{"@id":"https:\/\/www.info-algerie.com\/actualites\/#organization"},"potentialAction":[{"@type":"SearchAction","target":{"@type":"EntryPoint","urlTemplate":"https:\/\/www.info-algerie.com\/actualites\/?s={search_term_string}"},"query-input":{"@type":"PropertyValueSpecification","valueRequired":true,"valueName":"search_term_string"}}],"inLanguage":"fr-FR"},{"@type":"Organization","@id":"https:\/\/www.info-algerie.com\/actualites\/#organization","name":"info algerie","url":"https:\/\/www.info-algerie.com\/actualites\/","logo":{"@type":"ImageObject","inLanguage":"fr-FR","@id":"https:\/\/www.info-algerie.com\/actualites\/#\/schema\/logo\/image\/","url":"https:\/\/www.info-algerie.com\/actualites\/wp-content\/uploads\/2022\/07\/logo-ia-120.png","contentUrl":"https:\/\/www.info-algerie.com\/actualites\/wp-content\/uploads\/2022\/07\/logo-ia-120.png","width":120,"height":43,"caption":"info algerie"},"image":{"@id":"https:\/\/www.info-algerie.com\/actualites\/#\/schema\/logo\/image\/"},"sameAs":["https:\/\/www.facebook.com\/infoalgerieactu","https:\/\/x.com\/infoalgerie1"]},{"@type":"Person","@id":"https:\/\/www.info-algerie.com\/actualites\/#\/schema\/person\/847aaec44920825b843a08f30ec6aa1e","name":"La r\u00e9daction","image":{"@type":"ImageObject","inLanguage":"fr-FR","@id":"https:\/\/secure.gravatar.com\/avatar\/769db425c6f465158149f1ffd6cf61ce7a8a879d11dfbef8288af36dfddd418c?s=96&d=mm&r=g","url":"https:\/\/secure.gravatar.com\/avatar\/769db425c6f465158149f1ffd6cf61ce7a8a879d11dfbef8288af36dfddd418c?s=96&d=mm&r=g","contentUrl":"https:\/\/secure.gravatar.com\/avatar\/769db425c6f465158149f1ffd6cf61ce7a8a879d11dfbef8288af36dfddd418c?s=96&d=mm&r=g","caption":"La r\u00e9daction"},"sameAs":["http:\/\/www.lkeria.com\/"],"url":"https:\/\/www.info-algerie.com\/actualites\/author\/chakib32\/"}]}},"_links":{"self":[{"href":"https:\/\/www.info-algerie.com\/actualites\/wp-json\/wp\/v2\/posts\/12087","targetHints":{"allow":["GET"]}}],"collection":[{"href":"https:\/\/www.info-algerie.com\/actualites\/wp-json\/wp\/v2\/posts"}],"about":[{"href":"https:\/\/www.info-algerie.com\/actualites\/wp-json\/wp\/v2\/types\/post"}],"author":[{"embeddable":true,"href":"https:\/\/www.info-algerie.com\/actualites\/wp-json\/wp\/v2\/users\/6"}],"replies":[{"embeddable":true,"href":"https:\/\/www.info-algerie.com\/actualites\/wp-json\/wp\/v2\/comments?post=12087"}],"version-history":[{"count":0,"href":"https:\/\/www.info-algerie.com\/actualites\/wp-json\/wp\/v2\/posts\/12087\/revisions"}],"wp:featuredmedia":[{"embeddable":true,"href":"https:\/\/www.info-algerie.com\/actualites\/wp-json\/wp\/v2\/media\/12088"}],"wp:attachment":[{"href":"https:\/\/www.info-algerie.com\/actualites\/wp-json\/wp\/v2\/media?parent=12087"}],"wp:term":[{"taxonomy":"category","embeddable":true,"href":"https:\/\/www.info-algerie.com\/actualites\/wp-json\/wp\/v2\/categories?post=12087"},{"taxonomy":"post_tag","embeddable":true,"href":"https:\/\/www.info-algerie.com\/actualites\/wp-json\/wp\/v2\/tags?post=12087"}],"curies":[{"name":"wp","href":"https:\/\/api.w.org\/{rel}","templated":true}]}}