{"id":12094,"date":"2017-05-17T08:12:36","date_gmt":"2017-05-17T07:12:36","guid":{"rendered":"http:\/\/www.info-algerie.com\/actualites\/le-prix-des-pharmaciens-africains-decerne-au-president-bouteflika\/"},"modified":"2017-05-17T08:12:36","modified_gmt":"2017-05-17T07:12:36","slug":"le-prix-des-pharmaciens-africains-decerne-au-president-bouteflika","status":"publish","type":"post","link":"https:\/\/www.info-algerie.com\/actualites\/le-prix-des-pharmaciens-africains-decerne-au-president-bouteflika\/","title":{"rendered":"Le Prix des pharmaciens africains d\u00e9cern\u00e9 au Pr\u00e9sident Bouteflika"},"content":{"rendered":"<div class=\"K2FeedImage\"><img decoding=\"async\" src=\"https:\/\/www.info-algerie.com\/actualites\/wp-content\/uploads\/2017\/05\/4ec516ab0d6606fea5da7e1857cf471f_S.jpg\" alt=\"Le Prix des pharmaciens africains d&#xE9;cern&#xE9; au Pr&#xE9;sident Bouteflika\" \/><\/div>\n<div class=\"K2FeedIntroText\">\n<p>ALGER &#8211; Le pr\u00e9sident de la R\u00e9publique, Abdelaziz Bouteflika, a \u00e9t\u00e9 distingu\u00e9 mardi \u00e0 Alger du Prix des pharmaciens africains en reconnaissance aux efforts consentis par l\u2019Alg\u00e9rie pour la r\u00e9ussite de la 18\u00e9me \u00e9dition du Forum pharmaceutique international, plac\u00e9e sous son haut patronage.<\/p>\n<p>&#013;\n<\/p><\/div>\n<div class=\"K2FeedFullText\">&#013;<\/p>\n<p>Cette distinction honorifique a \u00e9t\u00e9 remise au ministre de la Sant\u00e9, de la Population et de la R\u00e9forme hospitali\u00e8re, Abdelmalek Boudiaf, au nom de l\u2019ensemble des sp\u00e9cialistes en pharmacie du continent noir.<\/p>\n<p>&#013;<\/p>\n<p>Outre ce Prix, attribu\u00e9 au terme des travaux de cette importante rencontre, le Pr\u00e9sident Bouteflika a \u00e9t\u00e9 \u00e9galement destinataire d\u2019une motion de soutien et de m\u00e9rite de la part du secr\u00e9tariat permanent du Forum pharmaceutique international.<\/p>\n<p>&#013;<\/p>\n<p>Par ailleurs, l\u2019Inter-ordre des Pharmaciens africains (IOPA) a tenu, de son c\u00f4t\u00e9, \u00e0 remercier le chef de l\u2019Etat pour son engagement et celui de l\u2019Alg\u00e9rie pour le succ\u00e8s et le bon d\u00e9roulement des travaux de cet espace d\u2019\u00e9changes et de d\u00e9bats.<\/p>\n<p>&#013;<\/p>\n<p>La 18\u00e9me \u00e9dition du Forum pharmaceutique international a \u00e9t\u00e9 inaugur\u00e9e le 14 mai en pr\u00e9sence de plus de 3000 participants, \u00e0 savoir des professionnels et intervenants du secteur pharmaceutique d\u2019Afrique et d\u2019autres continents.<\/p>\n<\/div>\n<p>&#013;<br \/>\nSource: <a href=\"http:\/\/www.aps.dz\/algerie\/57686-le-prix-des-pharmaciens-africains-decerne-au-president-bouteflika\" target=\"_blank\">Le Prix des pharmaciens africains d\u00e9cern\u00e9 au Pr\u00e9sident Bouteflika<\/a><\/p>\n<!--CusAds0-->\n<div style=\"font-size: 0px; height: 0px; line-height: 0px; margin: 0; padding: 0; clear: both;\"><\/div>","protected":false},"excerpt":{"rendered":"<p>ALGER &#8211; Le pr\u00e9sident de la R\u00e9publique, Abdelaziz Bouteflika, a \u00e9t\u00e9 distingu\u00e9 mardi \u00e0 Alger du Prix des pharmaciens africains en reconnaissance aux efforts consentis par l\u2019Alg\u00e9rie pour la r\u00e9ussite de la 18\u00e9me \u00e9dition du Forum pharmaceutique international, plac\u00e9e sous son haut patronage. &#013; &#013; Cette distinction honorifique a \u00e9t\u00e9 remise au ministre de la<\/p>\n","protected":false},"author":6,"featured_media":12095,"comment_status":"open","ping_status":"open","sticky":false,"template":"","format":"standard","meta":{"footnotes":""},"categories":[22],"tags":[93],"class_list":["post-12094","post","type-post","status-publish","format-standard","has-post-thumbnail","hentry","category-infos","tag-onu"],"yoast_head":"<!-- This site is optimized with the Yoast SEO plugin v27.5 - https:\/\/yoast.com\/product\/yoast-seo-wordpress\/ -->\n<title>Le Prix des pharmaciens africains d\u00e9cern\u00e9 au Pr\u00e9sident Bouteflika - info algerie<\/title>\n<meta name=\"robots\" content=\"index, follow, max-snippet:-1, max-image-preview:large, max-video-preview:-1\" \/>\n<link rel=\"canonical\" href=\"https:\/\/www.info-algerie.com\/actualites\/le-prix-des-pharmaciens-africains-decerne-au-president-bouteflika\/\" \/>\n<meta property=\"og:locale\" content=\"fr_FR\" \/>\n<meta property=\"og:type\" content=\"article\" \/>\n<meta property=\"og:title\" content=\"Le Prix des pharmaciens africains d\u00e9cern\u00e9 au Pr\u00e9sident Bouteflika - info algerie\" \/>\n<meta property=\"og:description\" content=\"ALGER &#8211; Le pr\u00e9sident de la R\u00e9publique, Abdelaziz Bouteflika, a \u00e9t\u00e9 distingu\u00e9 mardi \u00e0 Alger du Prix des pharmaciens africains en reconnaissance aux efforts consentis par l\u2019Alg\u00e9rie pour la r\u00e9ussite de la 18\u00e9me \u00e9dition du Forum pharmaceutique international, plac\u00e9e sous son haut patronage. &#013; &#013; Cette distinction honorifique a \u00e9t\u00e9 remise au ministre de la\" \/>\n<meta property=\"og:url\" content=\"https:\/\/www.info-algerie.com\/actualites\/le-prix-des-pharmaciens-africains-decerne-au-president-bouteflika\/\" \/>\n<meta property=\"og:site_name\" content=\"info algerie\" \/>\n<meta property=\"article:publisher\" content=\"https:\/\/www.facebook.com\/infoalgerieactu\" \/>\n<meta property=\"article:published_time\" content=\"2017-05-17T07:12:36+00:00\" \/>\n<meta property=\"og:image\" content=\"https:\/\/www.info-algerie.com\/actualites\/wp-content\/uploads\/2017\/05\/4ec516ab0d6606fea5da7e1857cf471f_S-1.jpg\" \/>\n\t<meta property=\"og:image:width\" content=\"280\" \/>\n\t<meta property=\"og:image:height\" content=\"169\" \/>\n\t<meta property=\"og:image:type\" content=\"image\/jpeg\" \/>\n<meta name=\"author\" content=\"La r\u00e9daction\" \/>\n<meta name=\"twitter:label1\" content=\"\u00c9crit par\" \/>\n\t<meta name=\"twitter:data1\" content=\"La r\u00e9daction\" \/>\n\t<meta name=\"twitter:label2\" content=\"Dur\u00e9e de lecture estim\u00e9e\" \/>\n\t<meta name=\"twitter:data2\" content=\"1 minute\" \/>\n<script type=\"application\/ld+json\" class=\"yoast-schema-graph\">{\"@context\":\"https:\\\/\\\/schema.org\",\"@graph\":[{\"@type\":\"Article\",\"@id\":\"https:\\\/\\\/www.info-algerie.com\\\/actualites\\\/le-prix-des-pharmaciens-africains-decerne-au-president-bouteflika\\\/#article\",\"isPartOf\":{\"@id\":\"https:\\\/\\\/www.info-algerie.com\\\/actualites\\\/le-prix-des-pharmaciens-africains-decerne-au-president-bouteflika\\\/\"},\"author\":{\"name\":\"La r\u00e9daction\",\"@id\":\"https:\\\/\\\/www.info-algerie.com\\\/actualites\\\/#\\\/schema\\\/person\\\/847aaec44920825b843a08f30ec6aa1e\"},\"headline\":\"Le Prix des pharmaciens africains d\u00e9cern\u00e9 au Pr\u00e9sident Bouteflika\",\"datePublished\":\"2017-05-17T07:12:36+00:00\",\"mainEntityOfPage\":{\"@id\":\"https:\\\/\\\/www.info-algerie.com\\\/actualites\\\/le-prix-des-pharmaciens-africains-decerne-au-president-bouteflika\\\/\"},\"wordCount\":230,\"commentCount\":0,\"publisher\":{\"@id\":\"https:\\\/\\\/www.info-algerie.com\\\/actualites\\\/#organization\"},\"image\":{\"@id\":\"https:\\\/\\\/www.info-algerie.com\\\/actualites\\\/le-prix-des-pharmaciens-africains-decerne-au-president-bouteflika\\\/#primaryimage\"},\"thumbnailUrl\":\"https:\\\/\\\/www.info-algerie.com\\\/actualites\\\/wp-content\\\/uploads\\\/2017\\\/05\\\/4ec516ab0d6606fea5da7e1857cf471f_S-1.jpg\",\"keywords\":[\"ONU\"],\"articleSection\":[\"infos\"],\"inLanguage\":\"fr-FR\",\"potentialAction\":[{\"@type\":\"CommentAction\",\"name\":\"Comment\",\"target\":[\"https:\\\/\\\/www.info-algerie.com\\\/actualites\\\/le-prix-des-pharmaciens-africains-decerne-au-president-bouteflika\\\/#respond\"]}]},{\"@type\":\"WebPage\",\"@id\":\"https:\\\/\\\/www.info-algerie.com\\\/actualites\\\/le-prix-des-pharmaciens-africains-decerne-au-president-bouteflika\\\/\",\"url\":\"https:\\\/\\\/www.info-algerie.com\\\/actualites\\\/le-prix-des-pharmaciens-africains-decerne-au-president-bouteflika\\\/\",\"name\":\"Le Prix des pharmaciens africains d\u00e9cern\u00e9 au Pr\u00e9sident Bouteflika - info algerie\",\"isPartOf\":{\"@id\":\"https:\\\/\\\/www.info-algerie.com\\\/actualites\\\/#website\"},\"primaryImageOfPage\":{\"@id\":\"https:\\\/\\\/www.info-algerie.com\\\/actualites\\\/le-prix-des-pharmaciens-africains-decerne-au-president-bouteflika\\\/#primaryimage\"},\"image\":{\"@id\":\"https:\\\/\\\/www.info-algerie.com\\\/actualites\\\/le-prix-des-pharmaciens-africains-decerne-au-president-bouteflika\\\/#primaryimage\"},\"thumbnailUrl\":\"https:\\\/\\\/www.info-algerie.com\\\/actualites\\\/wp-content\\\/uploads\\\/2017\\\/05\\\/4ec516ab0d6606fea5da7e1857cf471f_S-1.jpg\",\"datePublished\":\"2017-05-17T07:12:36+00:00\",\"breadcrumb\":{\"@id\":\"https:\\\/\\\/www.info-algerie.com\\\/actualites\\\/le-prix-des-pharmaciens-africains-decerne-au-president-bouteflika\\\/#breadcrumb\"},\"inLanguage\":\"fr-FR\",\"potentialAction\":[{\"@type\":\"ReadAction\",\"target\":[\"https:\\\/\\\/www.info-algerie.com\\\/actualites\\\/le-prix-des-pharmaciens-africains-decerne-au-president-bouteflika\\\/\"]}]},{\"@type\":\"ImageObject\",\"inLanguage\":\"fr-FR\",\"@id\":\"https:\\\/\\\/www.info-algerie.com\\\/actualites\\\/le-prix-des-pharmaciens-africains-decerne-au-president-bouteflika\\\/#primaryimage\",\"url\":\"https:\\\/\\\/www.info-algerie.com\\\/actualites\\\/wp-content\\\/uploads\\\/2017\\\/05\\\/4ec516ab0d6606fea5da7e1857cf471f_S-1.jpg\",\"contentUrl\":\"https:\\\/\\\/www.info-algerie.com\\\/actualites\\\/wp-content\\\/uploads\\\/2017\\\/05\\\/4ec516ab0d6606fea5da7e1857cf471f_S-1.jpg\",\"width\":280,\"height\":169},{\"@type\":\"BreadcrumbList\",\"@id\":\"https:\\\/\\\/www.info-algerie.com\\\/actualites\\\/le-prix-des-pharmaciens-africains-decerne-au-president-bouteflika\\\/#breadcrumb\",\"itemListElement\":[{\"@type\":\"ListItem\",\"position\":1,\"name\":\"Accueil\",\"item\":\"https:\\\/\\\/www.info-algerie.com\\\/actualites\\\/\"},{\"@type\":\"ListItem\",\"position\":2,\"name\":\"Le Prix des pharmaciens africains d\u00e9cern\u00e9 au Pr\u00e9sident Bouteflika\"}]},{\"@type\":\"WebSite\",\"@id\":\"https:\\\/\\\/www.info-algerie.com\\\/actualites\\\/#website\",\"url\":\"https:\\\/\\\/www.info-algerie.com\\\/actualites\\\/\",\"name\":\"info algerie\",\"description\":\"Toutes les actualit\u00e9s\",\"publisher\":{\"@id\":\"https:\\\/\\\/www.info-algerie.com\\\/actualites\\\/#organization\"},\"potentialAction\":[{\"@type\":\"SearchAction\",\"target\":{\"@type\":\"EntryPoint\",\"urlTemplate\":\"https:\\\/\\\/www.info-algerie.com\\\/actualites\\\/?s={search_term_string}\"},\"query-input\":{\"@type\":\"PropertyValueSpecification\",\"valueRequired\":true,\"valueName\":\"search_term_string\"}}],\"inLanguage\":\"fr-FR\"},{\"@type\":\"Organization\",\"@id\":\"https:\\\/\\\/www.info-algerie.com\\\/actualites\\\/#organization\",\"name\":\"info algerie\",\"url\":\"https:\\\/\\\/www.info-algerie.com\\\/actualites\\\/\",\"logo\":{\"@type\":\"ImageObject\",\"inLanguage\":\"fr-FR\",\"@id\":\"https:\\\/\\\/www.info-algerie.com\\\/actualites\\\/#\\\/schema\\\/logo\\\/image\\\/\",\"url\":\"https:\\\/\\\/www.info-algerie.com\\\/actualites\\\/wp-content\\\/uploads\\\/2022\\\/07\\\/logo-ia-120.png\",\"contentUrl\":\"https:\\\/\\\/www.info-algerie.com\\\/actualites\\\/wp-content\\\/uploads\\\/2022\\\/07\\\/logo-ia-120.png\",\"width\":120,\"height\":43,\"caption\":\"info algerie\"},\"image\":{\"@id\":\"https:\\\/\\\/www.info-algerie.com\\\/actualites\\\/#\\\/schema\\\/logo\\\/image\\\/\"},\"sameAs\":[\"https:\\\/\\\/www.facebook.com\\\/infoalgerieactu\",\"https:\\\/\\\/x.com\\\/infoalgerie1\"]},{\"@type\":\"Person\",\"@id\":\"https:\\\/\\\/www.info-algerie.com\\\/actualites\\\/#\\\/schema\\\/person\\\/847aaec44920825b843a08f30ec6aa1e\",\"name\":\"La r\u00e9daction\",\"image\":{\"@type\":\"ImageObject\",\"inLanguage\":\"fr-FR\",\"@id\":\"https:\\\/\\\/secure.gravatar.com\\\/avatar\\\/769db425c6f465158149f1ffd6cf61ce7a8a879d11dfbef8288af36dfddd418c?s=96&d=mm&r=g\",\"url\":\"https:\\\/\\\/secure.gravatar.com\\\/avatar\\\/769db425c6f465158149f1ffd6cf61ce7a8a879d11dfbef8288af36dfddd418c?s=96&d=mm&r=g\",\"contentUrl\":\"https:\\\/\\\/secure.gravatar.com\\\/avatar\\\/769db425c6f465158149f1ffd6cf61ce7a8a879d11dfbef8288af36dfddd418c?s=96&d=mm&r=g\",\"caption\":\"La r\u00e9daction\"},\"sameAs\":[\"http:\\\/\\\/www.lkeria.com\\\/\"],\"url\":\"https:\\\/\\\/www.info-algerie.com\\\/actualites\\\/author\\\/chakib32\\\/\"}]}<\/script>\n<!-- \/ Yoast SEO plugin. -->","yoast_head_json":{"title":"Le Prix des pharmaciens africains d\u00e9cern\u00e9 au Pr\u00e9sident Bouteflika - info algerie","robots":{"index":"index","follow":"follow","max-snippet":"max-snippet:-1","max-image-preview":"max-image-preview:large","max-video-preview":"max-video-preview:-1"},"canonical":"https:\/\/www.info-algerie.com\/actualites\/le-prix-des-pharmaciens-africains-decerne-au-president-bouteflika\/","og_locale":"fr_FR","og_type":"article","og_title":"Le Prix des pharmaciens africains d\u00e9cern\u00e9 au Pr\u00e9sident Bouteflika - info algerie","og_description":"ALGER &#8211; Le pr\u00e9sident de la R\u00e9publique, Abdelaziz Bouteflika, a \u00e9t\u00e9 distingu\u00e9 mardi \u00e0 Alger du Prix des pharmaciens africains en reconnaissance aux efforts consentis par l\u2019Alg\u00e9rie pour la r\u00e9ussite de la 18\u00e9me \u00e9dition du Forum pharmaceutique international, plac\u00e9e sous son haut patronage. &#013; &#013; Cette distinction honorifique a \u00e9t\u00e9 remise au ministre de la","og_url":"https:\/\/www.info-algerie.com\/actualites\/le-prix-des-pharmaciens-africains-decerne-au-president-bouteflika\/","og_site_name":"info algerie","article_publisher":"https:\/\/www.facebook.com\/infoalgerieactu","article_published_time":"2017-05-17T07:12:36+00:00","og_image":[{"width":280,"height":169,"url":"https:\/\/www.info-algerie.com\/actualites\/wp-content\/uploads\/2017\/05\/4ec516ab0d6606fea5da7e1857cf471f_S-1.jpg","type":"image\/jpeg"}],"author":"La r\u00e9daction","twitter_misc":{"\u00c9crit par":"La r\u00e9daction","Dur\u00e9e de lecture estim\u00e9e":"1 minute"},"schema":{"@context":"https:\/\/schema.org","@graph":[{"@type":"Article","@id":"https:\/\/www.info-algerie.com\/actualites\/le-prix-des-pharmaciens-africains-decerne-au-president-bouteflika\/#article","isPartOf":{"@id":"https:\/\/www.info-algerie.com\/actualites\/le-prix-des-pharmaciens-africains-decerne-au-president-bouteflika\/"},"author":{"name":"La r\u00e9daction","@id":"https:\/\/www.info-algerie.com\/actualites\/#\/schema\/person\/847aaec44920825b843a08f30ec6aa1e"},"headline":"Le Prix des pharmaciens africains d\u00e9cern\u00e9 au Pr\u00e9sident Bouteflika","datePublished":"2017-05-17T07:12:36+00:00","mainEntityOfPage":{"@id":"https:\/\/www.info-algerie.com\/actualites\/le-prix-des-pharmaciens-africains-decerne-au-president-bouteflika\/"},"wordCount":230,"commentCount":0,"publisher":{"@id":"https:\/\/www.info-algerie.com\/actualites\/#organization"},"image":{"@id":"https:\/\/www.info-algerie.com\/actualites\/le-prix-des-pharmaciens-africains-decerne-au-president-bouteflika\/#primaryimage"},"thumbnailUrl":"https:\/\/www.info-algerie.com\/actualites\/wp-content\/uploads\/2017\/05\/4ec516ab0d6606fea5da7e1857cf471f_S-1.jpg","keywords":["ONU"],"articleSection":["infos"],"inLanguage":"fr-FR","potentialAction":[{"@type":"CommentAction","name":"Comment","target":["https:\/\/www.info-algerie.com\/actualites\/le-prix-des-pharmaciens-africains-decerne-au-president-bouteflika\/#respond"]}]},{"@type":"WebPage","@id":"https:\/\/www.info-algerie.com\/actualites\/le-prix-des-pharmaciens-africains-decerne-au-president-bouteflika\/","url":"https:\/\/www.info-algerie.com\/actualites\/le-prix-des-pharmaciens-africains-decerne-au-president-bouteflika\/","name":"Le Prix des pharmaciens africains d\u00e9cern\u00e9 au Pr\u00e9sident Bouteflika - info algerie","isPartOf":{"@id":"https:\/\/www.info-algerie.com\/actualites\/#website"},"primaryImageOfPage":{"@id":"https:\/\/www.info-algerie.com\/actualites\/le-prix-des-pharmaciens-africains-decerne-au-president-bouteflika\/#primaryimage"},"image":{"@id":"https:\/\/www.info-algerie.com\/actualites\/le-prix-des-pharmaciens-africains-decerne-au-president-bouteflika\/#primaryimage"},"thumbnailUrl":"https:\/\/www.info-algerie.com\/actualites\/wp-content\/uploads\/2017\/05\/4ec516ab0d6606fea5da7e1857cf471f_S-1.jpg","datePublished":"2017-05-17T07:12:36+00:00","breadcrumb":{"@id":"https:\/\/www.info-algerie.com\/actualites\/le-prix-des-pharmaciens-africains-decerne-au-president-bouteflika\/#breadcrumb"},"inLanguage":"fr-FR","potentialAction":[{"@type":"ReadAction","target":["https:\/\/www.info-algerie.com\/actualites\/le-prix-des-pharmaciens-africains-decerne-au-president-bouteflika\/"]}]},{"@type":"ImageObject","inLanguage":"fr-FR","@id":"https:\/\/www.info-algerie.com\/actualites\/le-prix-des-pharmaciens-africains-decerne-au-president-bouteflika\/#primaryimage","url":"https:\/\/www.info-algerie.com\/actualites\/wp-content\/uploads\/2017\/05\/4ec516ab0d6606fea5da7e1857cf471f_S-1.jpg","contentUrl":"https:\/\/www.info-algerie.com\/actualites\/wp-content\/uploads\/2017\/05\/4ec516ab0d6606fea5da7e1857cf471f_S-1.jpg","width":280,"height":169},{"@type":"BreadcrumbList","@id":"https:\/\/www.info-algerie.com\/actualites\/le-prix-des-pharmaciens-africains-decerne-au-president-bouteflika\/#breadcrumb","itemListElement":[{"@type":"ListItem","position":1,"name":"Accueil","item":"https:\/\/www.info-algerie.com\/actualites\/"},{"@type":"ListItem","position":2,"name":"Le Prix des pharmaciens africains d\u00e9cern\u00e9 au Pr\u00e9sident Bouteflika"}]},{"@type":"WebSite","@id":"https:\/\/www.info-algerie.com\/actualites\/#website","url":"https:\/\/www.info-algerie.com\/actualites\/","name":"info algerie","description":"Toutes les actualit\u00e9s","publisher":{"@id":"https:\/\/www.info-algerie.com\/actualites\/#organization"},"potentialAction":[{"@type":"SearchAction","target":{"@type":"EntryPoint","urlTemplate":"https:\/\/www.info-algerie.com\/actualites\/?s={search_term_string}"},"query-input":{"@type":"PropertyValueSpecification","valueRequired":true,"valueName":"search_term_string"}}],"inLanguage":"fr-FR"},{"@type":"Organization","@id":"https:\/\/www.info-algerie.com\/actualites\/#organization","name":"info algerie","url":"https:\/\/www.info-algerie.com\/actualites\/","logo":{"@type":"ImageObject","inLanguage":"fr-FR","@id":"https:\/\/www.info-algerie.com\/actualites\/#\/schema\/logo\/image\/","url":"https:\/\/www.info-algerie.com\/actualites\/wp-content\/uploads\/2022\/07\/logo-ia-120.png","contentUrl":"https:\/\/www.info-algerie.com\/actualites\/wp-content\/uploads\/2022\/07\/logo-ia-120.png","width":120,"height":43,"caption":"info algerie"},"image":{"@id":"https:\/\/www.info-algerie.com\/actualites\/#\/schema\/logo\/image\/"},"sameAs":["https:\/\/www.facebook.com\/infoalgerieactu","https:\/\/x.com\/infoalgerie1"]},{"@type":"Person","@id":"https:\/\/www.info-algerie.com\/actualites\/#\/schema\/person\/847aaec44920825b843a08f30ec6aa1e","name":"La r\u00e9daction","image":{"@type":"ImageObject","inLanguage":"fr-FR","@id":"https:\/\/secure.gravatar.com\/avatar\/769db425c6f465158149f1ffd6cf61ce7a8a879d11dfbef8288af36dfddd418c?s=96&d=mm&r=g","url":"https:\/\/secure.gravatar.com\/avatar\/769db425c6f465158149f1ffd6cf61ce7a8a879d11dfbef8288af36dfddd418c?s=96&d=mm&r=g","contentUrl":"https:\/\/secure.gravatar.com\/avatar\/769db425c6f465158149f1ffd6cf61ce7a8a879d11dfbef8288af36dfddd418c?s=96&d=mm&r=g","caption":"La r\u00e9daction"},"sameAs":["http:\/\/www.lkeria.com\/"],"url":"https:\/\/www.info-algerie.com\/actualites\/author\/chakib32\/"}]}},"_links":{"self":[{"href":"https:\/\/www.info-algerie.com\/actualites\/wp-json\/wp\/v2\/posts\/12094","targetHints":{"allow":["GET"]}}],"collection":[{"href":"https:\/\/www.info-algerie.com\/actualites\/wp-json\/wp\/v2\/posts"}],"about":[{"href":"https:\/\/www.info-algerie.com\/actualites\/wp-json\/wp\/v2\/types\/post"}],"author":[{"embeddable":true,"href":"https:\/\/www.info-algerie.com\/actualites\/wp-json\/wp\/v2\/users\/6"}],"replies":[{"embeddable":true,"href":"https:\/\/www.info-algerie.com\/actualites\/wp-json\/wp\/v2\/comments?post=12094"}],"version-history":[{"count":0,"href":"https:\/\/www.info-algerie.com\/actualites\/wp-json\/wp\/v2\/posts\/12094\/revisions"}],"wp:featuredmedia":[{"embeddable":true,"href":"https:\/\/www.info-algerie.com\/actualites\/wp-json\/wp\/v2\/media\/12095"}],"wp:attachment":[{"href":"https:\/\/www.info-algerie.com\/actualites\/wp-json\/wp\/v2\/media?parent=12094"}],"wp:term":[{"taxonomy":"category","embeddable":true,"href":"https:\/\/www.info-algerie.com\/actualites\/wp-json\/wp\/v2\/categories?post=12094"},{"taxonomy":"post_tag","embeddable":true,"href":"https:\/\/www.info-algerie.com\/actualites\/wp-json\/wp\/v2\/tags?post=12094"}],"curies":[{"name":"wp","href":"https:\/\/api.w.org\/{rel}","templated":true}]}}