{"id":12097,"date":"2017-05-17T08:41:05","date_gmt":"2017-05-17T07:41:05","guid":{"rendered":"http:\/\/www.info-algerie.com\/actualites\/1e-ag-dafripol-lalgerie-elue-presidente-pour-un-mandat-de-deux-annees\/"},"modified":"2017-05-17T08:41:05","modified_gmt":"2017-05-17T07:41:05","slug":"1e-ag-dafripol-lalgerie-elue-presidente-pour-un-mandat-de-deux-annees","status":"publish","type":"post","link":"https:\/\/www.info-algerie.com\/actualites\/1e-ag-dafripol-lalgerie-elue-presidente-pour-un-mandat-de-deux-annees\/","title":{"rendered":"1e AG d&#039;Afripol: l&#039;Alg\u00e9rie \u00e9lue pr\u00e9sidente pour un mandat de deux ann\u00e9es"},"content":{"rendered":"<div class=\"K2FeedImage\"><img decoding=\"async\" src=\"https:\/\/www.info-algerie.com\/actualites\/wp-content\/uploads\/2017\/05\/8df43a708a8eacf7163137dd8d542b93_S.jpg\" alt=\"1e AG d'Afripol: l'Alg&#xE9;rie &#xE9;lue pr&#xE9;sidente pour un mandat de deux ann&#xE9;es\" \/><\/div>\n<div class=\"K2FeedIntroText\">\n<p>ALGER &#8211; La premi\u00e8re assembl\u00e9e g\u00e9n\u00e9rale du M\u00e9canisme de coop\u00e9ration polici\u00e8re africaine (Afripol), dont les travaux ont pris fin mardi \u00e0 Alger, a \u00e9t\u00e9 marqu\u00e9e notamment par l&rsquo;\u00e9lection de l&rsquo;Alg\u00e9rie pour pr\u00e9sider cette organisation pour un mandat de deux ann\u00e9es.<\/p>\n<p>&#013;\n<\/p><\/div>\n<div class=\"K2FeedFullText\">&#013;<\/p>\n<p>Le choix port\u00e9, lors de l&rsquo;\u00e9lection du bureau du congr\u00e8s, sur l&rsquo;Alg\u00e9rie pour diriger l&rsquo;Afripol est une reconnaissance des efforts qu&rsquo;elle a d\u00e9ploy\u00e9s pour la concr\u00e9tisation de ce m\u00e9canisme dont la premi\u00e8re assembl\u00e9e g\u00e9n\u00e9rale, tenue les 14, 15 et 16 mai, a vu une importante pr\u00e9sence des pays africains et d\u2019organisations r\u00e9gionales et mondiales.<\/p>\n<p>&#013;<\/p>\n<p>\u00ab\u00a0Nous pouvons toujours compter sur l&rsquo;Alg\u00e9rie qui abrite le si\u00e8ge et soutenu sans rel\u00e2che, comptant sur ses propres moyens, le lancement de ce centre\u00a0\u00bb, avait affirm\u00e9, \u00e0 l&rsquo;issue de cette \u00e9lection, le commissaire \u00e0 la paix et la s\u00e9curit\u00e9 de l&rsquo;Union africaine (UA), Smail Chergui Il a \u00e9galement mis en avant les efforts de la Direction g\u00e9n\u00e9rale de la<\/p>\n<p>&#013;<\/p>\n<p>S\u00fbret\u00e9 nationale (DGSN) pour doter l&rsquo;Afripol de moyens n\u00e9cessaires et modernes permettant \u00e0 la police africaine de \u00ab\u00a0relever les d\u00e9fis de la paix et de la s\u00e9curit\u00e9\u00a0\u00bb.<\/p>\n<p>&#013;<\/p>\n<p>L&rsquo;id\u00e9e de cr\u00e9ation d&rsquo;Afripol a \u00e9t\u00e9 lanc\u00e9e, pour rappel, lors de la 22e conf\u00e9rence r\u00e9gionale africaine de l&rsquo;Organisation internationale de police criminelle (Interpol), tenue en septembre 2013 \u00e0 Oran, en pr\u00e9sence de 41 chefs africains de police qui l&rsquo;ont adopt\u00e9e \u00e0 l&rsquo;unanimit\u00e9. L&rsquo;initiative a \u00e9t\u00e9 appuy\u00e9e en marge de la 82e Assembl\u00e9e g\u00e9n\u00e9rale d&rsquo;Interpol tenue du 21 au 24 octobre \u00e0 Carthag\u00e8ne (Colombie).<\/p>\n<p>&#013;<\/p>\n<p>Outre l&rsquo;am\u00e9lioration de l&rsquo;efficacit\u00e9 des services de police africains \u00e0 travers l&rsquo;\u00e9change d&rsquo;informations et d&rsquo;exp\u00e9riences en mati\u00e8re de lutte contre le crime transnational et le terrorisme, l&rsquo;Afripol se veut une valeur ajout\u00e9e \u00e0 la coop\u00e9ration polici\u00e8re r\u00e9gionale et internationale et une alliance strat\u00e9gique face aux menaces internationales qui p\u00e8sent sur un\u00a0 environnement en \u00ab\u00a0constante \u00e9volution\u00a0\u00bb.<\/p>\n<p>&#013;<\/p>\n<p>Les diff\u00e9rents intervenants, alg\u00e9riens et africains, au cours des travaux de cette assembl\u00e9e avaient tous soutenu que l&rsquo;instauration d&rsquo;Afripol est un \u00ab\u00a0acquis s\u00e9curitaire important\u00a0\u00bb pour relever les d\u00e9fis et trouver des solutions \u00ab\u00a0idoines\u00a0\u00bb et ainsi faire face aux diff\u00e9rentes formes de criminalit\u00e9 en Afrique.<\/p>\n<p>&#013;<\/p>\n<p>Ainsi, pour le g\u00e9n\u00e9ral major Hamel,\u00a0 l&rsquo;Afripol constituera une valeur ajout\u00e9e dans la coop\u00e9ration polici\u00e8re sur les plans r\u00e9gional et international, et m\u00eame le catalyseur et le maillon fort de l&rsquo;alliance strat\u00e9gique contre le terrorisme et le crime sous toutes ses formes.<\/p>\n<p>&#013;<\/p>\n<p>De son c\u00f4t\u00e9, le pr\u00e9sident de la Commission de l&rsquo;Union africaine, Mahamat Moussa Faki, a estim\u00e9 que les probl\u00e9matiques s\u00e9curitaires requi\u00e8rent une \u00ab\u00a0riposte collective\u00a0\u00bb, la coordination et l&rsquo;\u00e9change d&rsquo;information et l&rsquo;appui\u00a0 mat\u00e9riel et logistique, ajoutant que la \u00ab\u00a0bonne gestion\u00a0\u00bb des op\u00e9rations et du suivi d\u00e9pend de la mise en place d&rsquo;un syst\u00e8me s\u00e9curitaire commun \u00e0 notre continent, qui est devenu un champ et passage aux courants destructeurs.<\/p>\n<p>&#013;<\/p>\n<p>Il a \u00e9galement soutenu qu&rsquo;au sein de l&rsquo;UA, la police repr\u00e9sentait un \u00ab\u00a0axe fondamental\u00a0\u00bb pour garantir la paix et la s\u00e9curit\u00e9 et la respect de la loi, dans divers domaines, relevant que la fondation des capacit\u00e9s nationale est la premi\u00e8re \u00e9tape pour la protection des institutions et des individus, des biens publics et priv\u00e9s, domaine o\u00f9 l&rsquo;Alg\u00e9rie a une grande exp\u00e9rience.<\/p>\n<p>&#013;<\/p>\n<p>Pour sa part, le directeur ex\u00e9cutif aupr\u00e8s d&rsquo;Interpol, Tee Mauris a soulign\u00e9 la n\u00e9cessit\u00e9 de renforcer la coop\u00e9ration et la compr\u00e9hension pour r\u00e9agir entre les polices africaines pour faire face aux d\u00e9fis de l&rsquo;heure.<\/p>\n<p>&#013;<\/p>\n<p>La tenue de cette rencontre africaine \u00e9tait aussi\u00a0 une occasion pour rappeler la derni\u00e8re d\u00e9cision des dirigeants africains, de d\u00e9signer le Pr\u00e9sident Abdelaziz Bouteflika en tant que coordinateur africain pour la lutte antiterroriste.<\/p>\n<p>&#013;<\/p>\n<p>\u00ab\u00a0La derni\u00e8re d\u00e9cision des dirigeants africains de coopter le pr\u00e9sident Abdelaziz Bouteflika, un homme qui a vou\u00e9 sa vie \u00e0 l&rsquo;ind\u00e9pendance et \u00e0 l&rsquo;unit\u00e9 du continent, en tant que coordinateur africain pour la lutte antiterroriste, est un nouvel \u00e9loge de l&rsquo;exp\u00e9rience de l&rsquo;Alg\u00e9rie et de son action calme et \u00e9quilibr\u00e9e dans la r\u00e9solution des conflits africains et la\u00a0 r\u00e9duction des zones de tensions en s&rsquo;appuyant sur le dialogue et la recherche constante de consensus\u00a0\u00bb, a soulign\u00e9 le Premier ministre, Abdelmalek Sellal, \u00e0 l&rsquo;ouverture de l&rsquo;assembl\u00e9e.<\/p>\n<p>&#013;<\/p>\n<p>M.Sellal,\u00a0 a rappel\u00e9 que l&rsquo;Alg\u00e9rie a \u00e9t\u00e9 aux premiers rangs de la lutte contre le terrorisme et les diff\u00e9rentes formes de criminalit\u00e9 qui lui sont consubstantielles. \u00ab\u00a0Elle y a consenti des efforts immenses et a eu un r\u00f4le d\u00e9terminant pour privil\u00e9gier le traitement \u00e0 la racine des crises en enlevant aux terroristes les alibis religieux ou ethniques, en ass\u00e9chant\u00a0 les sources de financements et en affrontant les matrices nourrici\u00e8res de la radicalisation tant au plan acad\u00e9mique que politique ou m\u00e9diatique\u00a0\u00bb.<\/p>\n<p>&#013;<\/p>\n<p class=\"MsoNormal\">Au terme des travaux,\u00a0 le directeur de la coop\u00e9ration internationale aupr\u00e8s de la DGSN, le commissaire, Abbad Benyamina, a annonc\u00e9, lors d&rsquo;une conf\u00e9rence de presse, que l&rsquo;Afripol projette de cr\u00e9er prochainement un mandat d&rsquo;arr\u00eat africain pour faciliter l&rsquo;arrestation et la remise des criminels en Afrique ajoutant que des experts de la DGSN ont pris l&rsquo;initiative de cr\u00e9er un syst\u00e8me de communication, Afcicom, contenant un syst\u00e8me de donn\u00e9es, partag\u00e9e par les polices africaines, relevant que le terrorisme repr\u00e9sentait la priorit\u00e9 d&rsquo;Afripol.<\/p>\n<\/div>\n<p>&#013;<br \/>\nSource: <a href=\"http:\/\/www.aps.dz\/algerie\/57687-1e-ag-d-afripol-l-algerie-elue-presidente-pour-un-mandat-de-deux-annees\" target=\"_blank\">1e AG d&rsquo;Afripol: l&rsquo;Alg\u00e9rie \u00e9lue pr\u00e9sidente pour un mandat de deux ann\u00e9es<\/a><\/p>\n<!--CusAds0-->\n<div style=\"font-size: 0px; height: 0px; line-height: 0px; margin: 0; padding: 0; clear: both;\"><\/div>","protected":false},"excerpt":{"rendered":"<p>ALGER &#8211; La premi\u00e8re assembl\u00e9e g\u00e9n\u00e9rale du M\u00e9canisme de coop\u00e9ration polici\u00e8re africaine (Afripol), dont les travaux ont pris fin mardi \u00e0 Alger, a \u00e9t\u00e9 marqu\u00e9e notamment par l&rsquo;\u00e9lection de l&rsquo;Alg\u00e9rie pour pr\u00e9sider cette organisation pour un mandat de deux ann\u00e9es. &#013; &#013; Le choix port\u00e9, lors de l&rsquo;\u00e9lection du bureau du congr\u00e8s, sur l&rsquo;Alg\u00e9rie pour<\/p>\n","protected":false},"author":6,"featured_media":12098,"comment_status":"open","ping_status":"open","sticky":false,"template":"","format":"standard","meta":{"footnotes":""},"categories":[22],"tags":[93],"class_list":["post-12097","post","type-post","status-publish","format-standard","has-post-thumbnail","hentry","category-infos","tag-onu"],"yoast_head":"<!-- This site is optimized with the Yoast SEO plugin v27.5 - https:\/\/yoast.com\/product\/yoast-seo-wordpress\/ -->\n<title>1e AG d&#039;Afripol: l&#039;Alg\u00e9rie \u00e9lue pr\u00e9sidente pour un mandat de deux ann\u00e9es - info algerie<\/title>\n<meta name=\"robots\" content=\"index, follow, max-snippet:-1, max-image-preview:large, max-video-preview:-1\" \/>\n<link rel=\"canonical\" href=\"https:\/\/www.info-algerie.com\/actualites\/1e-ag-dafripol-lalgerie-elue-presidente-pour-un-mandat-de-deux-annees\/\" \/>\n<meta property=\"og:locale\" content=\"fr_FR\" \/>\n<meta property=\"og:type\" content=\"article\" \/>\n<meta property=\"og:title\" content=\"1e AG d&#039;Afripol: l&#039;Alg\u00e9rie \u00e9lue pr\u00e9sidente pour un mandat de deux ann\u00e9es - info algerie\" \/>\n<meta property=\"og:description\" content=\"ALGER &#8211; La premi\u00e8re assembl\u00e9e g\u00e9n\u00e9rale du M\u00e9canisme de coop\u00e9ration polici\u00e8re africaine (Afripol), dont les travaux ont pris fin mardi \u00e0 Alger, a \u00e9t\u00e9 marqu\u00e9e notamment par l&rsquo;\u00e9lection de l&rsquo;Alg\u00e9rie pour pr\u00e9sider cette organisation pour un mandat de deux ann\u00e9es. &#013; &#013; Le choix port\u00e9, lors de l&rsquo;\u00e9lection du bureau du congr\u00e8s, sur l&rsquo;Alg\u00e9rie pour\" \/>\n<meta property=\"og:url\" content=\"https:\/\/www.info-algerie.com\/actualites\/1e-ag-dafripol-lalgerie-elue-presidente-pour-un-mandat-de-deux-annees\/\" \/>\n<meta property=\"og:site_name\" content=\"info algerie\" \/>\n<meta property=\"article:publisher\" content=\"https:\/\/www.facebook.com\/infoalgerieactu\" \/>\n<meta property=\"article:published_time\" content=\"2017-05-17T07:41:05+00:00\" \/>\n<meta property=\"og:image\" content=\"https:\/\/www.info-algerie.com\/actualites\/wp-content\/uploads\/2017\/05\/8df43a708a8eacf7163137dd8d542b93_S-1.jpg\" \/>\n\t<meta property=\"og:image:width\" content=\"280\" \/>\n\t<meta property=\"og:image:height\" content=\"169\" \/>\n\t<meta property=\"og:image:type\" content=\"image\/jpeg\" \/>\n<meta name=\"author\" content=\"La r\u00e9daction\" \/>\n<meta name=\"twitter:label1\" content=\"\u00c9crit par\" \/>\n\t<meta name=\"twitter:data1\" content=\"La r\u00e9daction\" \/>\n\t<meta name=\"twitter:label2\" content=\"Dur\u00e9e de lecture estim\u00e9e\" \/>\n\t<meta name=\"twitter:data2\" content=\"5 minutes\" \/>\n<script type=\"application\/ld+json\" class=\"yoast-schema-graph\">{\"@context\":\"https:\\\/\\\/schema.org\",\"@graph\":[{\"@type\":\"Article\",\"@id\":\"https:\\\/\\\/www.info-algerie.com\\\/actualites\\\/1e-ag-dafripol-lalgerie-elue-presidente-pour-un-mandat-de-deux-annees\\\/#article\",\"isPartOf\":{\"@id\":\"https:\\\/\\\/www.info-algerie.com\\\/actualites\\\/1e-ag-dafripol-lalgerie-elue-presidente-pour-un-mandat-de-deux-annees\\\/\"},\"author\":{\"name\":\"La r\u00e9daction\",\"@id\":\"https:\\\/\\\/www.info-algerie.com\\\/actualites\\\/#\\\/schema\\\/person\\\/847aaec44920825b843a08f30ec6aa1e\"},\"headline\":\"1e AG d&#039;Afripol: l&#039;Alg\u00e9rie \u00e9lue pr\u00e9sidente pour un mandat de deux ann\u00e9es\",\"datePublished\":\"2017-05-17T07:41:05+00:00\",\"mainEntityOfPage\":{\"@id\":\"https:\\\/\\\/www.info-algerie.com\\\/actualites\\\/1e-ag-dafripol-lalgerie-elue-presidente-pour-un-mandat-de-deux-annees\\\/\"},\"wordCount\":1017,\"commentCount\":0,\"publisher\":{\"@id\":\"https:\\\/\\\/www.info-algerie.com\\\/actualites\\\/#organization\"},\"image\":{\"@id\":\"https:\\\/\\\/www.info-algerie.com\\\/actualites\\\/1e-ag-dafripol-lalgerie-elue-presidente-pour-un-mandat-de-deux-annees\\\/#primaryimage\"},\"thumbnailUrl\":\"https:\\\/\\\/www.info-algerie.com\\\/actualites\\\/wp-content\\\/uploads\\\/2017\\\/05\\\/8df43a708a8eacf7163137dd8d542b93_S-1.jpg\",\"keywords\":[\"ONU\"],\"articleSection\":[\"infos\"],\"inLanguage\":\"fr-FR\",\"potentialAction\":[{\"@type\":\"CommentAction\",\"name\":\"Comment\",\"target\":[\"https:\\\/\\\/www.info-algerie.com\\\/actualites\\\/1e-ag-dafripol-lalgerie-elue-presidente-pour-un-mandat-de-deux-annees\\\/#respond\"]}]},{\"@type\":\"WebPage\",\"@id\":\"https:\\\/\\\/www.info-algerie.com\\\/actualites\\\/1e-ag-dafripol-lalgerie-elue-presidente-pour-un-mandat-de-deux-annees\\\/\",\"url\":\"https:\\\/\\\/www.info-algerie.com\\\/actualites\\\/1e-ag-dafripol-lalgerie-elue-presidente-pour-un-mandat-de-deux-annees\\\/\",\"name\":\"1e AG d&#039;Afripol: l&#039;Alg\u00e9rie \u00e9lue pr\u00e9sidente pour un mandat de deux ann\u00e9es - info algerie\",\"isPartOf\":{\"@id\":\"https:\\\/\\\/www.info-algerie.com\\\/actualites\\\/#website\"},\"primaryImageOfPage\":{\"@id\":\"https:\\\/\\\/www.info-algerie.com\\\/actualites\\\/1e-ag-dafripol-lalgerie-elue-presidente-pour-un-mandat-de-deux-annees\\\/#primaryimage\"},\"image\":{\"@id\":\"https:\\\/\\\/www.info-algerie.com\\\/actualites\\\/1e-ag-dafripol-lalgerie-elue-presidente-pour-un-mandat-de-deux-annees\\\/#primaryimage\"},\"thumbnailUrl\":\"https:\\\/\\\/www.info-algerie.com\\\/actualites\\\/wp-content\\\/uploads\\\/2017\\\/05\\\/8df43a708a8eacf7163137dd8d542b93_S-1.jpg\",\"datePublished\":\"2017-05-17T07:41:05+00:00\",\"breadcrumb\":{\"@id\":\"https:\\\/\\\/www.info-algerie.com\\\/actualites\\\/1e-ag-dafripol-lalgerie-elue-presidente-pour-un-mandat-de-deux-annees\\\/#breadcrumb\"},\"inLanguage\":\"fr-FR\",\"potentialAction\":[{\"@type\":\"ReadAction\",\"target\":[\"https:\\\/\\\/www.info-algerie.com\\\/actualites\\\/1e-ag-dafripol-lalgerie-elue-presidente-pour-un-mandat-de-deux-annees\\\/\"]}]},{\"@type\":\"ImageObject\",\"inLanguage\":\"fr-FR\",\"@id\":\"https:\\\/\\\/www.info-algerie.com\\\/actualites\\\/1e-ag-dafripol-lalgerie-elue-presidente-pour-un-mandat-de-deux-annees\\\/#primaryimage\",\"url\":\"https:\\\/\\\/www.info-algerie.com\\\/actualites\\\/wp-content\\\/uploads\\\/2017\\\/05\\\/8df43a708a8eacf7163137dd8d542b93_S-1.jpg\",\"contentUrl\":\"https:\\\/\\\/www.info-algerie.com\\\/actualites\\\/wp-content\\\/uploads\\\/2017\\\/05\\\/8df43a708a8eacf7163137dd8d542b93_S-1.jpg\",\"width\":280,\"height\":169},{\"@type\":\"BreadcrumbList\",\"@id\":\"https:\\\/\\\/www.info-algerie.com\\\/actualites\\\/1e-ag-dafripol-lalgerie-elue-presidente-pour-un-mandat-de-deux-annees\\\/#breadcrumb\",\"itemListElement\":[{\"@type\":\"ListItem\",\"position\":1,\"name\":\"Accueil\",\"item\":\"https:\\\/\\\/www.info-algerie.com\\\/actualites\\\/\"},{\"@type\":\"ListItem\",\"position\":2,\"name\":\"1e AG d&#039;Afripol: l&#039;Alg\u00e9rie \u00e9lue pr\u00e9sidente pour un mandat de deux ann\u00e9es\"}]},{\"@type\":\"WebSite\",\"@id\":\"https:\\\/\\\/www.info-algerie.com\\\/actualites\\\/#website\",\"url\":\"https:\\\/\\\/www.info-algerie.com\\\/actualites\\\/\",\"name\":\"info algerie\",\"description\":\"Toutes les actualit\u00e9s\",\"publisher\":{\"@id\":\"https:\\\/\\\/www.info-algerie.com\\\/actualites\\\/#organization\"},\"potentialAction\":[{\"@type\":\"SearchAction\",\"target\":{\"@type\":\"EntryPoint\",\"urlTemplate\":\"https:\\\/\\\/www.info-algerie.com\\\/actualites\\\/?s={search_term_string}\"},\"query-input\":{\"@type\":\"PropertyValueSpecification\",\"valueRequired\":true,\"valueName\":\"search_term_string\"}}],\"inLanguage\":\"fr-FR\"},{\"@type\":\"Organization\",\"@id\":\"https:\\\/\\\/www.info-algerie.com\\\/actualites\\\/#organization\",\"name\":\"info algerie\",\"url\":\"https:\\\/\\\/www.info-algerie.com\\\/actualites\\\/\",\"logo\":{\"@type\":\"ImageObject\",\"inLanguage\":\"fr-FR\",\"@id\":\"https:\\\/\\\/www.info-algerie.com\\\/actualites\\\/#\\\/schema\\\/logo\\\/image\\\/\",\"url\":\"https:\\\/\\\/www.info-algerie.com\\\/actualites\\\/wp-content\\\/uploads\\\/2022\\\/07\\\/logo-ia-120.png\",\"contentUrl\":\"https:\\\/\\\/www.info-algerie.com\\\/actualites\\\/wp-content\\\/uploads\\\/2022\\\/07\\\/logo-ia-120.png\",\"width\":120,\"height\":43,\"caption\":\"info algerie\"},\"image\":{\"@id\":\"https:\\\/\\\/www.info-algerie.com\\\/actualites\\\/#\\\/schema\\\/logo\\\/image\\\/\"},\"sameAs\":[\"https:\\\/\\\/www.facebook.com\\\/infoalgerieactu\",\"https:\\\/\\\/x.com\\\/infoalgerie1\"]},{\"@type\":\"Person\",\"@id\":\"https:\\\/\\\/www.info-algerie.com\\\/actualites\\\/#\\\/schema\\\/person\\\/847aaec44920825b843a08f30ec6aa1e\",\"name\":\"La r\u00e9daction\",\"image\":{\"@type\":\"ImageObject\",\"inLanguage\":\"fr-FR\",\"@id\":\"https:\\\/\\\/secure.gravatar.com\\\/avatar\\\/769db425c6f465158149f1ffd6cf61ce7a8a879d11dfbef8288af36dfddd418c?s=96&d=mm&r=g\",\"url\":\"https:\\\/\\\/secure.gravatar.com\\\/avatar\\\/769db425c6f465158149f1ffd6cf61ce7a8a879d11dfbef8288af36dfddd418c?s=96&d=mm&r=g\",\"contentUrl\":\"https:\\\/\\\/secure.gravatar.com\\\/avatar\\\/769db425c6f465158149f1ffd6cf61ce7a8a879d11dfbef8288af36dfddd418c?s=96&d=mm&r=g\",\"caption\":\"La r\u00e9daction\"},\"sameAs\":[\"http:\\\/\\\/www.lkeria.com\\\/\"],\"url\":\"https:\\\/\\\/www.info-algerie.com\\\/actualites\\\/author\\\/chakib32\\\/\"}]}<\/script>\n<!-- \/ Yoast SEO plugin. -->","yoast_head_json":{"title":"1e AG d&#039;Afripol: l&#039;Alg\u00e9rie \u00e9lue pr\u00e9sidente pour un mandat de deux ann\u00e9es - info algerie","robots":{"index":"index","follow":"follow","max-snippet":"max-snippet:-1","max-image-preview":"max-image-preview:large","max-video-preview":"max-video-preview:-1"},"canonical":"https:\/\/www.info-algerie.com\/actualites\/1e-ag-dafripol-lalgerie-elue-presidente-pour-un-mandat-de-deux-annees\/","og_locale":"fr_FR","og_type":"article","og_title":"1e AG d&#039;Afripol: l&#039;Alg\u00e9rie \u00e9lue pr\u00e9sidente pour un mandat de deux ann\u00e9es - info algerie","og_description":"ALGER &#8211; La premi\u00e8re assembl\u00e9e g\u00e9n\u00e9rale du M\u00e9canisme de coop\u00e9ration polici\u00e8re africaine (Afripol), dont les travaux ont pris fin mardi \u00e0 Alger, a \u00e9t\u00e9 marqu\u00e9e notamment par l&rsquo;\u00e9lection de l&rsquo;Alg\u00e9rie pour pr\u00e9sider cette organisation pour un mandat de deux ann\u00e9es. &#013; &#013; Le choix port\u00e9, lors de l&rsquo;\u00e9lection du bureau du congr\u00e8s, sur l&rsquo;Alg\u00e9rie pour","og_url":"https:\/\/www.info-algerie.com\/actualites\/1e-ag-dafripol-lalgerie-elue-presidente-pour-un-mandat-de-deux-annees\/","og_site_name":"info algerie","article_publisher":"https:\/\/www.facebook.com\/infoalgerieactu","article_published_time":"2017-05-17T07:41:05+00:00","og_image":[{"width":280,"height":169,"url":"https:\/\/www.info-algerie.com\/actualites\/wp-content\/uploads\/2017\/05\/8df43a708a8eacf7163137dd8d542b93_S-1.jpg","type":"image\/jpeg"}],"author":"La r\u00e9daction","twitter_misc":{"\u00c9crit par":"La r\u00e9daction","Dur\u00e9e de lecture estim\u00e9e":"5 minutes"},"schema":{"@context":"https:\/\/schema.org","@graph":[{"@type":"Article","@id":"https:\/\/www.info-algerie.com\/actualites\/1e-ag-dafripol-lalgerie-elue-presidente-pour-un-mandat-de-deux-annees\/#article","isPartOf":{"@id":"https:\/\/www.info-algerie.com\/actualites\/1e-ag-dafripol-lalgerie-elue-presidente-pour-un-mandat-de-deux-annees\/"},"author":{"name":"La r\u00e9daction","@id":"https:\/\/www.info-algerie.com\/actualites\/#\/schema\/person\/847aaec44920825b843a08f30ec6aa1e"},"headline":"1e AG d&#039;Afripol: l&#039;Alg\u00e9rie \u00e9lue pr\u00e9sidente pour un mandat de deux ann\u00e9es","datePublished":"2017-05-17T07:41:05+00:00","mainEntityOfPage":{"@id":"https:\/\/www.info-algerie.com\/actualites\/1e-ag-dafripol-lalgerie-elue-presidente-pour-un-mandat-de-deux-annees\/"},"wordCount":1017,"commentCount":0,"publisher":{"@id":"https:\/\/www.info-algerie.com\/actualites\/#organization"},"image":{"@id":"https:\/\/www.info-algerie.com\/actualites\/1e-ag-dafripol-lalgerie-elue-presidente-pour-un-mandat-de-deux-annees\/#primaryimage"},"thumbnailUrl":"https:\/\/www.info-algerie.com\/actualites\/wp-content\/uploads\/2017\/05\/8df43a708a8eacf7163137dd8d542b93_S-1.jpg","keywords":["ONU"],"articleSection":["infos"],"inLanguage":"fr-FR","potentialAction":[{"@type":"CommentAction","name":"Comment","target":["https:\/\/www.info-algerie.com\/actualites\/1e-ag-dafripol-lalgerie-elue-presidente-pour-un-mandat-de-deux-annees\/#respond"]}]},{"@type":"WebPage","@id":"https:\/\/www.info-algerie.com\/actualites\/1e-ag-dafripol-lalgerie-elue-presidente-pour-un-mandat-de-deux-annees\/","url":"https:\/\/www.info-algerie.com\/actualites\/1e-ag-dafripol-lalgerie-elue-presidente-pour-un-mandat-de-deux-annees\/","name":"1e AG d&#039;Afripol: l&#039;Alg\u00e9rie \u00e9lue pr\u00e9sidente pour un mandat de deux ann\u00e9es - info algerie","isPartOf":{"@id":"https:\/\/www.info-algerie.com\/actualites\/#website"},"primaryImageOfPage":{"@id":"https:\/\/www.info-algerie.com\/actualites\/1e-ag-dafripol-lalgerie-elue-presidente-pour-un-mandat-de-deux-annees\/#primaryimage"},"image":{"@id":"https:\/\/www.info-algerie.com\/actualites\/1e-ag-dafripol-lalgerie-elue-presidente-pour-un-mandat-de-deux-annees\/#primaryimage"},"thumbnailUrl":"https:\/\/www.info-algerie.com\/actualites\/wp-content\/uploads\/2017\/05\/8df43a708a8eacf7163137dd8d542b93_S-1.jpg","datePublished":"2017-05-17T07:41:05+00:00","breadcrumb":{"@id":"https:\/\/www.info-algerie.com\/actualites\/1e-ag-dafripol-lalgerie-elue-presidente-pour-un-mandat-de-deux-annees\/#breadcrumb"},"inLanguage":"fr-FR","potentialAction":[{"@type":"ReadAction","target":["https:\/\/www.info-algerie.com\/actualites\/1e-ag-dafripol-lalgerie-elue-presidente-pour-un-mandat-de-deux-annees\/"]}]},{"@type":"ImageObject","inLanguage":"fr-FR","@id":"https:\/\/www.info-algerie.com\/actualites\/1e-ag-dafripol-lalgerie-elue-presidente-pour-un-mandat-de-deux-annees\/#primaryimage","url":"https:\/\/www.info-algerie.com\/actualites\/wp-content\/uploads\/2017\/05\/8df43a708a8eacf7163137dd8d542b93_S-1.jpg","contentUrl":"https:\/\/www.info-algerie.com\/actualites\/wp-content\/uploads\/2017\/05\/8df43a708a8eacf7163137dd8d542b93_S-1.jpg","width":280,"height":169},{"@type":"BreadcrumbList","@id":"https:\/\/www.info-algerie.com\/actualites\/1e-ag-dafripol-lalgerie-elue-presidente-pour-un-mandat-de-deux-annees\/#breadcrumb","itemListElement":[{"@type":"ListItem","position":1,"name":"Accueil","item":"https:\/\/www.info-algerie.com\/actualites\/"},{"@type":"ListItem","position":2,"name":"1e AG d&#039;Afripol: l&#039;Alg\u00e9rie \u00e9lue pr\u00e9sidente pour un mandat de deux ann\u00e9es"}]},{"@type":"WebSite","@id":"https:\/\/www.info-algerie.com\/actualites\/#website","url":"https:\/\/www.info-algerie.com\/actualites\/","name":"info algerie","description":"Toutes les actualit\u00e9s","publisher":{"@id":"https:\/\/www.info-algerie.com\/actualites\/#organization"},"potentialAction":[{"@type":"SearchAction","target":{"@type":"EntryPoint","urlTemplate":"https:\/\/www.info-algerie.com\/actualites\/?s={search_term_string}"},"query-input":{"@type":"PropertyValueSpecification","valueRequired":true,"valueName":"search_term_string"}}],"inLanguage":"fr-FR"},{"@type":"Organization","@id":"https:\/\/www.info-algerie.com\/actualites\/#organization","name":"info algerie","url":"https:\/\/www.info-algerie.com\/actualites\/","logo":{"@type":"ImageObject","inLanguage":"fr-FR","@id":"https:\/\/www.info-algerie.com\/actualites\/#\/schema\/logo\/image\/","url":"https:\/\/www.info-algerie.com\/actualites\/wp-content\/uploads\/2022\/07\/logo-ia-120.png","contentUrl":"https:\/\/www.info-algerie.com\/actualites\/wp-content\/uploads\/2022\/07\/logo-ia-120.png","width":120,"height":43,"caption":"info algerie"},"image":{"@id":"https:\/\/www.info-algerie.com\/actualites\/#\/schema\/logo\/image\/"},"sameAs":["https:\/\/www.facebook.com\/infoalgerieactu","https:\/\/x.com\/infoalgerie1"]},{"@type":"Person","@id":"https:\/\/www.info-algerie.com\/actualites\/#\/schema\/person\/847aaec44920825b843a08f30ec6aa1e","name":"La r\u00e9daction","image":{"@type":"ImageObject","inLanguage":"fr-FR","@id":"https:\/\/secure.gravatar.com\/avatar\/769db425c6f465158149f1ffd6cf61ce7a8a879d11dfbef8288af36dfddd418c?s=96&d=mm&r=g","url":"https:\/\/secure.gravatar.com\/avatar\/769db425c6f465158149f1ffd6cf61ce7a8a879d11dfbef8288af36dfddd418c?s=96&d=mm&r=g","contentUrl":"https:\/\/secure.gravatar.com\/avatar\/769db425c6f465158149f1ffd6cf61ce7a8a879d11dfbef8288af36dfddd418c?s=96&d=mm&r=g","caption":"La r\u00e9daction"},"sameAs":["http:\/\/www.lkeria.com\/"],"url":"https:\/\/www.info-algerie.com\/actualites\/author\/chakib32\/"}]}},"_links":{"self":[{"href":"https:\/\/www.info-algerie.com\/actualites\/wp-json\/wp\/v2\/posts\/12097","targetHints":{"allow":["GET"]}}],"collection":[{"href":"https:\/\/www.info-algerie.com\/actualites\/wp-json\/wp\/v2\/posts"}],"about":[{"href":"https:\/\/www.info-algerie.com\/actualites\/wp-json\/wp\/v2\/types\/post"}],"author":[{"embeddable":true,"href":"https:\/\/www.info-algerie.com\/actualites\/wp-json\/wp\/v2\/users\/6"}],"replies":[{"embeddable":true,"href":"https:\/\/www.info-algerie.com\/actualites\/wp-json\/wp\/v2\/comments?post=12097"}],"version-history":[{"count":0,"href":"https:\/\/www.info-algerie.com\/actualites\/wp-json\/wp\/v2\/posts\/12097\/revisions"}],"wp:featuredmedia":[{"embeddable":true,"href":"https:\/\/www.info-algerie.com\/actualites\/wp-json\/wp\/v2\/media\/12098"}],"wp:attachment":[{"href":"https:\/\/www.info-algerie.com\/actualites\/wp-json\/wp\/v2\/media?parent=12097"}],"wp:term":[{"taxonomy":"category","embeddable":true,"href":"https:\/\/www.info-algerie.com\/actualites\/wp-json\/wp\/v2\/categories?post=12097"},{"taxonomy":"post_tag","embeddable":true,"href":"https:\/\/www.info-algerie.com\/actualites\/wp-json\/wp\/v2\/tags?post=12097"}],"curies":[{"name":"wp","href":"https:\/\/api.w.org\/{rel}","templated":true}]}}