{"id":12139,"date":"2017-05-17T18:48:24","date_gmt":"2017-05-17T17:48:24","guid":{"rendered":"http:\/\/www.info-algerie.com\/actualites\/messahel-souligne-a-malabo-la-necessite-pour-les-etats-africains-de-sauvegarder-leur-unite\/"},"modified":"2017-05-17T18:48:24","modified_gmt":"2017-05-17T17:48:24","slug":"messahel-souligne-a-malabo-la-necessite-pour-les-etats-africains-de-sauvegarder-leur-unite","status":"publish","type":"post","link":"https:\/\/www.info-algerie.com\/actualites\/messahel-souligne-a-malabo-la-necessite-pour-les-etats-africains-de-sauvegarder-leur-unite\/","title":{"rendered":"Messahel souligne \u00e0 Malabo la n\u00e9cessit\u00e9 pour les Etats africains de\u00a0 sauvegarder leur unit\u00e9"},"content":{"rendered":"<div class=\"K2FeedImage\"><img decoding=\"async\" src=\"https:\/\/www.info-algerie.com\/actualites\/wp-content\/uploads\/2017\/05\/0200f7e2512c517c96cd769549bc8ee4_S.jpg\" alt=\"Messahel souligne &#xE0; Malabo la n&#xE9;cessit&#xE9; pour les Etats africains de&#xA0; sauvegarder leur unit&#xE9;\" \/><\/div>\n<div class=\"K2FeedIntroText\">\n<p>ALGER- Le ministre des Affaires maghr\u00e9bines, de l&rsquo;Union\u00a0 africaine (UA) et de la Ligue des Etats arabes, Abdelkader Messahel, a mis\u00a0 en exergue mercredi \u00e0 Malabo la n\u00e9cessit\u00e9 pour les Etats africains de\u00a0 \u00ab\u00a0sauvegarder leur unit\u00e9 et leur coh\u00e9sion dans leurs activit\u00e9s de promotion\u00a0 et de d\u00e9fense de la position africaine commune\u00a0\u00bb, a indiqu\u00e9 un communiqu\u00e9 du\u00a0 minist\u00e8re des Affaires \u00e9trang\u00e8res.<\/p>\n<p>&#013;\n<\/p><\/div>\n<div class=\"K2FeedFullText\">&#013;<\/p>\n<p>M. Messahel intervenait \u00e0 Malabo, en Guin\u00e9e Equatoriale, au Sommet du\u00a0 Comit\u00e9 des Dix Chefs d\u2019Etat et de Gouvernement de l\u2019UA sur la r\u00e9forme du\u00a0 Conseil de s\u00e9curit\u00e9 des Nations unies (C-10), tenu mardi et mercredi, en\u00a0 tant que repr\u00e9sentant du pr\u00e9sident de la R\u00e9publique, Abdelaziz Bouteflika,\u00a0 a pr\u00e9cis\u00e9 la m\u00eame source.<\/p>\n<p>&#013;<\/p>\n<p>Il a ajout\u00e9 que \u00ab\u00a0l\u2019unit\u00e9 de la d\u00e9marche et de l\u2019objectif est un gage de\u00a0 l\u2019efficacit\u00e9 de l\u2019action africaine et de son aboutissement dans le cadre\u00a0 des n\u00e9gociations intergouvernementales\u00a0\u00bb, a indiqu\u00e9 la m\u00eame source.<\/p>\n<p>&#013;<\/p>\n<p>Le ministre a, dans le m\u00eame temps, soulign\u00e9 l\u2019importance pour ce Comit\u00e9\u00a0 d\u2019entreprendre toute d\u00e9marche \u00ab\u00a0n\u00e9cessaire afin de s\u2019assurer de la prise en\u00a0 charge de la revendication l\u00e9gitime de l\u2019Afrique de se voir repr\u00e9sent\u00e9e\u00a0 dans la cat\u00e9gorie des membres permanents du Conseil de S\u00e9curit\u00e9 avec les droits qui s\u2019y rattachent\u00a0\u00bb.<\/p>\n<p>&#013;<\/p>\n<p>Il a ajout\u00e9, \u00e0 cet \u00e9gard, que le r\u00f4le \u00ab\u00a0important\u00a0\u00bb que joue l\u2019Afrique\u00a0 aujourd\u2019hui dans le r\u00e8glement des crises et des conflits en Afrique plaide\u00a0 en faveur d\u2019une r\u00e9forme \u00ab\u00a0urgente\u00a0\u00bb du Conseil de s\u00e9curit\u00e9, en accordant une\u00a0 \u00ab\u00a0attention particuli\u00e8re\u00a0\u00bb \u00e0 la situation de l\u2019Afrique, qui demeure \u00ab\u00a0le seul continent n\u2019\u00e9tant pas repr\u00e9sent\u00e9 dans la cat\u00e9gorie des membres permanents\u00a0 du Conseil de s\u00e9curit\u00e9\u00a0\u00bb.<\/p>\n<p>&#013;<\/p>\n<p>Le Sommet a \u00e9t\u00e9 pr\u00e9c\u00e9d\u00e9 par des r\u00e9unions pr\u00e9paratoires au niveau des Hauts\u00a0 fonctionnaires et des ministres des Etats membres du C-10 afin d\u2019examiner\u00a0 l\u2019\u00e9tat d\u2019avancement des n\u00e9gociations intergouvernementales et de finaliser\u00a0 le projet de la D\u00e9claration de Malabo, qui est soumise pour approbation par\u00a0 les Chefs d\u2019Etat et de Gouvernement.<\/p>\n<p>&#013;<\/p>\n<p>Le Sommet du C-10 a \u00e9t\u00e9 l\u2019occasion pour les Etats membres de r\u00e9it\u00e9rer leur\u00a0 \u00ab\u00a0attachement ferme\u00a0\u00bb \u00e0 la position africaine commune telle que d\u00e9finie dans\u00a0 le Consensus d\u2019Ezulwini et dans la D\u00e9claration de Syrte.<\/p>\n<p>&#013;<\/p>\n<p>Le Sommet du C-10 a approuv\u00e9 la D\u00e9claration de Malabo qui vient conforter\u00a0 les efforts de l\u2019Afrique pour une prise en charge ad\u00e9quate de sa\u00a0 revendication l\u00e9gitime. Cette D\u00e9claration sera soumise pour approbation \u00e0\u00a0 la prochaine Conf\u00e9rence des Chefs d\u2019Etat et de Gouvernement de l\u2019Union africaine.<\/p>\n<p>&#013;<\/p>\n<p>Adopt\u00e9 en 2005 par l&rsquo;Union africaine, le \u00ab\u00a0Consensus d&rsquo;Ezulwini\u00a0\u00bb est\u00a0 l&rsquo;expression de la revendication des Etats membres pour une participation\u00a0 \u00ab\u00a0plus juste, plus \u00e9quilibr\u00e9e et plus repr\u00e9sentative de l&rsquo;Afrique, afin de\u00a0 pouvoir assumer pleinement son r\u00f4le, au sein de la communaut\u00e9\u00a0 internationale, notamment dans le maintien de la paix \u00e0 travers le monde\u00a0\u00bb.<\/p>\n<p>&#013;<\/p>\n<p>\u00a0<\/p>\n<p>&#013;<\/p>\n<p>Pr\u00e9sid\u00e9 par le pr\u00e9sident du Sierra Leone, Ernest Bai Koroma, le Comite des\u00a0 Dix est compos\u00e9 de l&rsquo;Alg\u00e9rie, de la Libye, de la R\u00e9publique du Congo, de la\u00a0 Guin\u00e9e Equatoriale, du Kenya, de la Namibie, de l&rsquo;Ouganda, du S\u00e9n\u00e9gal, de\u00a0 la Sierra Leone et de la Zambie.<\/p>\n<p>&#013;<\/p>\n<p>\u00a0<\/p>\n<p>&#013;<\/p>\n<p class=\"MsoNormal\"><span lang=\"EN-US\">\u00a0<\/span><\/p>\n<p>&#013;<\/p>\n<p class=\"MsoNormal\"><strong>Messahel transmet un message du Pr\u00e9sident Bouteflika \u00e0 son homologue\u00a0 congolais<\/strong><\/p>\n<p>&#013;<\/p>\n<p class=\"MsoNormal\">\u00a0<\/p>\n<p>&#013;<\/p>\n<p>ALGER &#8211; Le ministre des Affaires maghr\u00e9bines, de l\u2019Union\u00a0 africaine et de la Ligue des Etats arabes, Abdelkader Messahel, a \u00e9t\u00e9 re\u00e7u,\u00a0 mercredi en audience \u00e0 Malabo (Guin\u00e9e \u00e9quatoriale), par le pr\u00e9sident\u00a0 congolais, Denis Sassou Nguessou, pr\u00e9sident du Comit\u00e9 de Haut niveau de<\/p>\n<p>&#013;<\/p>\n<p>l\u2019Union africaine (UA) sur la Libye, auquel il a transmis un message du\u00a0 pr\u00e9sident de la R\u00e9publique, Abdelaziz Bouteflika, indique le minist\u00e8re des\u00a0 Affaires \u00e9trang\u00e8res dans un communiqu\u00e9.<\/p>\n<p>&#013;<\/p>\n<p>Lors de l&rsquo;audience, qui s&rsquo;est d\u00e9roul\u00e9e en marge du sommet du Comit\u00e9 des\u00a0 dix chefs d\u2019Etat et de gouvernement de l\u2019UA sur la r\u00e9forme du Conseil de\u00a0 s\u00e9curit\u00e9 des Nations unies (C-10), le pr\u00e9sident Sassou Nguessou, s\u2019est\u00a0 f\u00e9licit\u00e9 de la qualit\u00e9 \u00ab\u00a0exceptionnelle\u00a0\u00bb des relations qui lient l\u2019Alg\u00e9rie<\/p>\n<p>&#013;<\/p>\n<p>et le Congo, et \u00ab\u00a0qui viennent de conna\u00eetre un saut qualitatif gr\u00e2ce \u00e0 la\u00a0 r\u00e9cente visite qu\u2019il a effectu\u00e9e en Alg\u00e9rie en mars dernier, et qu\u2019il a\u00a0 qualifi\u00e9e de temps forts dans les relations entre les deux pays\u00a0\u00bb.<\/p>\n<p>&#013;<\/p>\n<p>Il a, dans le m\u00eame temps, charg\u00e9 M. Messahel de transmettre au pr\u00e9sident\u00a0 Bouteflika, \u00ab\u00a0ses sentiments d\u2019estime et de fraternit\u00e9 ainsi que ses marques\u00a0 d\u2019appr\u00e9ciation de son engagement personnel et continu dans la d\u00e9fense et la\u00a0 promotion des int\u00e9r\u00eats de l\u2019Afrique\u00a0\u00bb.<\/p>\n<p>&#013;<\/p>\n<p>Lors de cette rencontre, M. Messahel a fait un expos\u00e9 sur \u00ab\u00a0les derniers\u00a0 d\u00e9veloppements de la situation en Libye \u00e0 la lumi\u00e8re des deux derni\u00e8res\u00a0 visites qu\u2019il a effectu\u00e9es en Libye en mars et mai 2017\u00a0\u00bb.<\/p>\n<p>&#013;<\/p>\n<p>Le pr\u00e9sident Sassou Nguessou a exprim\u00e9 \u00ab\u00a0sa haute appr\u00e9ciation des efforts\u00a0 personnels\u00a0\u00bb du pr\u00e9sident Bouteflika, \u00ab\u00a0en faveur d\u2019une solution politique de\u00a0 la crise libyenne, bas\u00e9e sur le dialogue inter-libyen et la r\u00e9conciliation\u00a0 nationale, en dehors de toute ing\u00e9rence \u00e9trang\u00e8re\u00a0\u00bb.<\/p>\n<p>&#013;<\/p>\n<p>\u00a0<\/p>\n<p>&#013;<\/p>\n<p>Il a, par la m\u00eame occasion, r\u00e9it\u00e9r\u00e9 \u00ab\u00a0son engagement et sa d\u00e9termination,\u00a0 en sa qualit\u00e9 de pr\u00e9sident du Comit\u00e9 de Haut niveau de l\u2019Union africaine\u00a0 pour la Libye, \u00e0 tout mettre en oeuvre afin de renforcer la contribution de\u00a0 l\u2019Union africaine au r\u00e8glement de la crise qui secoue ce pays africain\u00a0\u00bb.<\/p>\n<\/div>\n<p>&#013;<br \/>\nSource: <a href=\"http:\/\/www.aps.dz\/algerie\/57749-messahel-souligne-a-malabo-la-necessite-pour-les-etats-africains-de-sauvegarder-leur-unite\" target=\"_blank\">Messahel souligne \u00e0 Malabo la n\u00e9cessit\u00e9 pour les Etats africains de\u00a0 sauvegarder leur unit\u00e9<\/a><\/p>\n<!--CusAds0-->\n<div style=\"font-size: 0px; height: 0px; line-height: 0px; margin: 0; padding: 0; clear: both;\"><\/div>","protected":false},"excerpt":{"rendered":"<p>ALGER- Le ministre des Affaires maghr\u00e9bines, de l&rsquo;Union\u00a0 africaine (UA) et de la Ligue des Etats arabes, Abdelkader Messahel, a mis\u00a0 en exergue mercredi \u00e0 Malabo la n\u00e9cessit\u00e9 pour les Etats africains de\u00a0 \u00ab\u00a0sauvegarder leur unit\u00e9 et leur coh\u00e9sion dans leurs activit\u00e9s de promotion\u00a0 et de d\u00e9fense de la position africaine commune\u00a0\u00bb, a indiqu\u00e9 un<\/p>\n","protected":false},"author":6,"featured_media":12140,"comment_status":"open","ping_status":"open","sticky":false,"template":"","format":"standard","meta":{"footnotes":""},"categories":[22],"tags":[93],"class_list":["post-12139","post","type-post","status-publish","format-standard","has-post-thumbnail","hentry","category-infos","tag-onu"],"yoast_head":"<!-- This site is optimized with the Yoast SEO plugin v27.5 - https:\/\/yoast.com\/product\/yoast-seo-wordpress\/ -->\n<title>Messahel souligne \u00e0 Malabo la n\u00e9cessit\u00e9 pour les Etats africains de\u00a0 sauvegarder leur unit\u00e9 - info algerie<\/title>\n<meta name=\"robots\" content=\"index, follow, max-snippet:-1, max-image-preview:large, max-video-preview:-1\" \/>\n<link rel=\"canonical\" href=\"https:\/\/www.info-algerie.com\/actualites\/messahel-souligne-a-malabo-la-necessite-pour-les-etats-africains-de-sauvegarder-leur-unite\/\" \/>\n<meta property=\"og:locale\" content=\"fr_FR\" \/>\n<meta property=\"og:type\" content=\"article\" \/>\n<meta property=\"og:title\" content=\"Messahel souligne \u00e0 Malabo la n\u00e9cessit\u00e9 pour les Etats africains de\u00a0 sauvegarder leur unit\u00e9 - info algerie\" \/>\n<meta property=\"og:description\" content=\"ALGER- Le ministre des Affaires maghr\u00e9bines, de l&rsquo;Union\u00a0 africaine (UA) et de la Ligue des Etats arabes, Abdelkader Messahel, a mis\u00a0 en exergue mercredi \u00e0 Malabo la n\u00e9cessit\u00e9 pour les Etats africains de\u00a0 \u00ab\u00a0sauvegarder leur unit\u00e9 et leur coh\u00e9sion dans leurs activit\u00e9s de promotion\u00a0 et de d\u00e9fense de la position africaine commune\u00a0\u00bb, a indiqu\u00e9 un\" \/>\n<meta property=\"og:url\" content=\"https:\/\/www.info-algerie.com\/actualites\/messahel-souligne-a-malabo-la-necessite-pour-les-etats-africains-de-sauvegarder-leur-unite\/\" \/>\n<meta property=\"og:site_name\" content=\"info algerie\" \/>\n<meta property=\"article:publisher\" content=\"https:\/\/www.facebook.com\/infoalgerieactu\" \/>\n<meta property=\"article:published_time\" content=\"2017-05-17T17:48:24+00:00\" \/>\n<meta property=\"og:image\" content=\"https:\/\/www.info-algerie.com\/actualites\/wp-content\/uploads\/2017\/05\/0200f7e2512c517c96cd769549bc8ee4_S-1.jpg\" \/>\n\t<meta property=\"og:image:width\" content=\"280\" \/>\n\t<meta property=\"og:image:height\" content=\"187\" \/>\n\t<meta property=\"og:image:type\" content=\"image\/jpeg\" \/>\n<meta name=\"author\" content=\"La r\u00e9daction\" \/>\n<meta name=\"twitter:label1\" content=\"\u00c9crit par\" \/>\n\t<meta name=\"twitter:data1\" content=\"La r\u00e9daction\" \/>\n\t<meta name=\"twitter:label2\" content=\"Dur\u00e9e de lecture estim\u00e9e\" \/>\n\t<meta name=\"twitter:data2\" content=\"5 minutes\" \/>\n<script type=\"application\/ld+json\" class=\"yoast-schema-graph\">{\"@context\":\"https:\\\/\\\/schema.org\",\"@graph\":[{\"@type\":\"Article\",\"@id\":\"https:\\\/\\\/www.info-algerie.com\\\/actualites\\\/messahel-souligne-a-malabo-la-necessite-pour-les-etats-africains-de-sauvegarder-leur-unite\\\/#article\",\"isPartOf\":{\"@id\":\"https:\\\/\\\/www.info-algerie.com\\\/actualites\\\/messahel-souligne-a-malabo-la-necessite-pour-les-etats-africains-de-sauvegarder-leur-unite\\\/\"},\"author\":{\"name\":\"La r\u00e9daction\",\"@id\":\"https:\\\/\\\/www.info-algerie.com\\\/actualites\\\/#\\\/schema\\\/person\\\/847aaec44920825b843a08f30ec6aa1e\"},\"headline\":\"Messahel souligne \u00e0 Malabo la n\u00e9cessit\u00e9 pour les Etats africains de\u00a0 sauvegarder leur unit\u00e9\",\"datePublished\":\"2017-05-17T17:48:24+00:00\",\"mainEntityOfPage\":{\"@id\":\"https:\\\/\\\/www.info-algerie.com\\\/actualites\\\/messahel-souligne-a-malabo-la-necessite-pour-les-etats-africains-de-sauvegarder-leur-unite\\\/\"},\"wordCount\":993,\"commentCount\":0,\"publisher\":{\"@id\":\"https:\\\/\\\/www.info-algerie.com\\\/actualites\\\/#organization\"},\"image\":{\"@id\":\"https:\\\/\\\/www.info-algerie.com\\\/actualites\\\/messahel-souligne-a-malabo-la-necessite-pour-les-etats-africains-de-sauvegarder-leur-unite\\\/#primaryimage\"},\"thumbnailUrl\":\"https:\\\/\\\/www.info-algerie.com\\\/actualites\\\/wp-content\\\/uploads\\\/2017\\\/05\\\/0200f7e2512c517c96cd769549bc8ee4_S-1.jpg\",\"keywords\":[\"ONU\"],\"articleSection\":[\"infos\"],\"inLanguage\":\"fr-FR\",\"potentialAction\":[{\"@type\":\"CommentAction\",\"name\":\"Comment\",\"target\":[\"https:\\\/\\\/www.info-algerie.com\\\/actualites\\\/messahel-souligne-a-malabo-la-necessite-pour-les-etats-africains-de-sauvegarder-leur-unite\\\/#respond\"]}]},{\"@type\":\"WebPage\",\"@id\":\"https:\\\/\\\/www.info-algerie.com\\\/actualites\\\/messahel-souligne-a-malabo-la-necessite-pour-les-etats-africains-de-sauvegarder-leur-unite\\\/\",\"url\":\"https:\\\/\\\/www.info-algerie.com\\\/actualites\\\/messahel-souligne-a-malabo-la-necessite-pour-les-etats-africains-de-sauvegarder-leur-unite\\\/\",\"name\":\"Messahel souligne \u00e0 Malabo la n\u00e9cessit\u00e9 pour les Etats africains de\u00a0 sauvegarder leur unit\u00e9 - info algerie\",\"isPartOf\":{\"@id\":\"https:\\\/\\\/www.info-algerie.com\\\/actualites\\\/#website\"},\"primaryImageOfPage\":{\"@id\":\"https:\\\/\\\/www.info-algerie.com\\\/actualites\\\/messahel-souligne-a-malabo-la-necessite-pour-les-etats-africains-de-sauvegarder-leur-unite\\\/#primaryimage\"},\"image\":{\"@id\":\"https:\\\/\\\/www.info-algerie.com\\\/actualites\\\/messahel-souligne-a-malabo-la-necessite-pour-les-etats-africains-de-sauvegarder-leur-unite\\\/#primaryimage\"},\"thumbnailUrl\":\"https:\\\/\\\/www.info-algerie.com\\\/actualites\\\/wp-content\\\/uploads\\\/2017\\\/05\\\/0200f7e2512c517c96cd769549bc8ee4_S-1.jpg\",\"datePublished\":\"2017-05-17T17:48:24+00:00\",\"breadcrumb\":{\"@id\":\"https:\\\/\\\/www.info-algerie.com\\\/actualites\\\/messahel-souligne-a-malabo-la-necessite-pour-les-etats-africains-de-sauvegarder-leur-unite\\\/#breadcrumb\"},\"inLanguage\":\"fr-FR\",\"potentialAction\":[{\"@type\":\"ReadAction\",\"target\":[\"https:\\\/\\\/www.info-algerie.com\\\/actualites\\\/messahel-souligne-a-malabo-la-necessite-pour-les-etats-africains-de-sauvegarder-leur-unite\\\/\"]}]},{\"@type\":\"ImageObject\",\"inLanguage\":\"fr-FR\",\"@id\":\"https:\\\/\\\/www.info-algerie.com\\\/actualites\\\/messahel-souligne-a-malabo-la-necessite-pour-les-etats-africains-de-sauvegarder-leur-unite\\\/#primaryimage\",\"url\":\"https:\\\/\\\/www.info-algerie.com\\\/actualites\\\/wp-content\\\/uploads\\\/2017\\\/05\\\/0200f7e2512c517c96cd769549bc8ee4_S-1.jpg\",\"contentUrl\":\"https:\\\/\\\/www.info-algerie.com\\\/actualites\\\/wp-content\\\/uploads\\\/2017\\\/05\\\/0200f7e2512c517c96cd769549bc8ee4_S-1.jpg\",\"width\":280,\"height\":187},{\"@type\":\"BreadcrumbList\",\"@id\":\"https:\\\/\\\/www.info-algerie.com\\\/actualites\\\/messahel-souligne-a-malabo-la-necessite-pour-les-etats-africains-de-sauvegarder-leur-unite\\\/#breadcrumb\",\"itemListElement\":[{\"@type\":\"ListItem\",\"position\":1,\"name\":\"Accueil\",\"item\":\"https:\\\/\\\/www.info-algerie.com\\\/actualites\\\/\"},{\"@type\":\"ListItem\",\"position\":2,\"name\":\"Messahel souligne \u00e0 Malabo la n\u00e9cessit\u00e9 pour les Etats africains de\u00a0 sauvegarder leur unit\u00e9\"}]},{\"@type\":\"WebSite\",\"@id\":\"https:\\\/\\\/www.info-algerie.com\\\/actualites\\\/#website\",\"url\":\"https:\\\/\\\/www.info-algerie.com\\\/actualites\\\/\",\"name\":\"info algerie\",\"description\":\"Toutes les actualit\u00e9s\",\"publisher\":{\"@id\":\"https:\\\/\\\/www.info-algerie.com\\\/actualites\\\/#organization\"},\"potentialAction\":[{\"@type\":\"SearchAction\",\"target\":{\"@type\":\"EntryPoint\",\"urlTemplate\":\"https:\\\/\\\/www.info-algerie.com\\\/actualites\\\/?s={search_term_string}\"},\"query-input\":{\"@type\":\"PropertyValueSpecification\",\"valueRequired\":true,\"valueName\":\"search_term_string\"}}],\"inLanguage\":\"fr-FR\"},{\"@type\":\"Organization\",\"@id\":\"https:\\\/\\\/www.info-algerie.com\\\/actualites\\\/#organization\",\"name\":\"info algerie\",\"url\":\"https:\\\/\\\/www.info-algerie.com\\\/actualites\\\/\",\"logo\":{\"@type\":\"ImageObject\",\"inLanguage\":\"fr-FR\",\"@id\":\"https:\\\/\\\/www.info-algerie.com\\\/actualites\\\/#\\\/schema\\\/logo\\\/image\\\/\",\"url\":\"https:\\\/\\\/www.info-algerie.com\\\/actualites\\\/wp-content\\\/uploads\\\/2022\\\/07\\\/logo-ia-120.png\",\"contentUrl\":\"https:\\\/\\\/www.info-algerie.com\\\/actualites\\\/wp-content\\\/uploads\\\/2022\\\/07\\\/logo-ia-120.png\",\"width\":120,\"height\":43,\"caption\":\"info algerie\"},\"image\":{\"@id\":\"https:\\\/\\\/www.info-algerie.com\\\/actualites\\\/#\\\/schema\\\/logo\\\/image\\\/\"},\"sameAs\":[\"https:\\\/\\\/www.facebook.com\\\/infoalgerieactu\",\"https:\\\/\\\/x.com\\\/infoalgerie1\"]},{\"@type\":\"Person\",\"@id\":\"https:\\\/\\\/www.info-algerie.com\\\/actualites\\\/#\\\/schema\\\/person\\\/847aaec44920825b843a08f30ec6aa1e\",\"name\":\"La r\u00e9daction\",\"image\":{\"@type\":\"ImageObject\",\"inLanguage\":\"fr-FR\",\"@id\":\"https:\\\/\\\/secure.gravatar.com\\\/avatar\\\/769db425c6f465158149f1ffd6cf61ce7a8a879d11dfbef8288af36dfddd418c?s=96&d=mm&r=g\",\"url\":\"https:\\\/\\\/secure.gravatar.com\\\/avatar\\\/769db425c6f465158149f1ffd6cf61ce7a8a879d11dfbef8288af36dfddd418c?s=96&d=mm&r=g\",\"contentUrl\":\"https:\\\/\\\/secure.gravatar.com\\\/avatar\\\/769db425c6f465158149f1ffd6cf61ce7a8a879d11dfbef8288af36dfddd418c?s=96&d=mm&r=g\",\"caption\":\"La r\u00e9daction\"},\"sameAs\":[\"http:\\\/\\\/www.lkeria.com\\\/\"],\"url\":\"https:\\\/\\\/www.info-algerie.com\\\/actualites\\\/author\\\/chakib32\\\/\"}]}<\/script>\n<!-- \/ Yoast SEO plugin. -->","yoast_head_json":{"title":"Messahel souligne \u00e0 Malabo la n\u00e9cessit\u00e9 pour les Etats africains de\u00a0 sauvegarder leur unit\u00e9 - info algerie","robots":{"index":"index","follow":"follow","max-snippet":"max-snippet:-1","max-image-preview":"max-image-preview:large","max-video-preview":"max-video-preview:-1"},"canonical":"https:\/\/www.info-algerie.com\/actualites\/messahel-souligne-a-malabo-la-necessite-pour-les-etats-africains-de-sauvegarder-leur-unite\/","og_locale":"fr_FR","og_type":"article","og_title":"Messahel souligne \u00e0 Malabo la n\u00e9cessit\u00e9 pour les Etats africains de\u00a0 sauvegarder leur unit\u00e9 - info algerie","og_description":"ALGER- Le ministre des Affaires maghr\u00e9bines, de l&rsquo;Union\u00a0 africaine (UA) et de la Ligue des Etats arabes, Abdelkader Messahel, a mis\u00a0 en exergue mercredi \u00e0 Malabo la n\u00e9cessit\u00e9 pour les Etats africains de\u00a0 \u00ab\u00a0sauvegarder leur unit\u00e9 et leur coh\u00e9sion dans leurs activit\u00e9s de promotion\u00a0 et de d\u00e9fense de la position africaine commune\u00a0\u00bb, a indiqu\u00e9 un","og_url":"https:\/\/www.info-algerie.com\/actualites\/messahel-souligne-a-malabo-la-necessite-pour-les-etats-africains-de-sauvegarder-leur-unite\/","og_site_name":"info algerie","article_publisher":"https:\/\/www.facebook.com\/infoalgerieactu","article_published_time":"2017-05-17T17:48:24+00:00","og_image":[{"width":280,"height":187,"url":"https:\/\/www.info-algerie.com\/actualites\/wp-content\/uploads\/2017\/05\/0200f7e2512c517c96cd769549bc8ee4_S-1.jpg","type":"image\/jpeg"}],"author":"La r\u00e9daction","twitter_misc":{"\u00c9crit par":"La r\u00e9daction","Dur\u00e9e de lecture estim\u00e9e":"5 minutes"},"schema":{"@context":"https:\/\/schema.org","@graph":[{"@type":"Article","@id":"https:\/\/www.info-algerie.com\/actualites\/messahel-souligne-a-malabo-la-necessite-pour-les-etats-africains-de-sauvegarder-leur-unite\/#article","isPartOf":{"@id":"https:\/\/www.info-algerie.com\/actualites\/messahel-souligne-a-malabo-la-necessite-pour-les-etats-africains-de-sauvegarder-leur-unite\/"},"author":{"name":"La r\u00e9daction","@id":"https:\/\/www.info-algerie.com\/actualites\/#\/schema\/person\/847aaec44920825b843a08f30ec6aa1e"},"headline":"Messahel souligne \u00e0 Malabo la n\u00e9cessit\u00e9 pour les Etats africains de\u00a0 sauvegarder leur unit\u00e9","datePublished":"2017-05-17T17:48:24+00:00","mainEntityOfPage":{"@id":"https:\/\/www.info-algerie.com\/actualites\/messahel-souligne-a-malabo-la-necessite-pour-les-etats-africains-de-sauvegarder-leur-unite\/"},"wordCount":993,"commentCount":0,"publisher":{"@id":"https:\/\/www.info-algerie.com\/actualites\/#organization"},"image":{"@id":"https:\/\/www.info-algerie.com\/actualites\/messahel-souligne-a-malabo-la-necessite-pour-les-etats-africains-de-sauvegarder-leur-unite\/#primaryimage"},"thumbnailUrl":"https:\/\/www.info-algerie.com\/actualites\/wp-content\/uploads\/2017\/05\/0200f7e2512c517c96cd769549bc8ee4_S-1.jpg","keywords":["ONU"],"articleSection":["infos"],"inLanguage":"fr-FR","potentialAction":[{"@type":"CommentAction","name":"Comment","target":["https:\/\/www.info-algerie.com\/actualites\/messahel-souligne-a-malabo-la-necessite-pour-les-etats-africains-de-sauvegarder-leur-unite\/#respond"]}]},{"@type":"WebPage","@id":"https:\/\/www.info-algerie.com\/actualites\/messahel-souligne-a-malabo-la-necessite-pour-les-etats-africains-de-sauvegarder-leur-unite\/","url":"https:\/\/www.info-algerie.com\/actualites\/messahel-souligne-a-malabo-la-necessite-pour-les-etats-africains-de-sauvegarder-leur-unite\/","name":"Messahel souligne \u00e0 Malabo la n\u00e9cessit\u00e9 pour les Etats africains de\u00a0 sauvegarder leur unit\u00e9 - info algerie","isPartOf":{"@id":"https:\/\/www.info-algerie.com\/actualites\/#website"},"primaryImageOfPage":{"@id":"https:\/\/www.info-algerie.com\/actualites\/messahel-souligne-a-malabo-la-necessite-pour-les-etats-africains-de-sauvegarder-leur-unite\/#primaryimage"},"image":{"@id":"https:\/\/www.info-algerie.com\/actualites\/messahel-souligne-a-malabo-la-necessite-pour-les-etats-africains-de-sauvegarder-leur-unite\/#primaryimage"},"thumbnailUrl":"https:\/\/www.info-algerie.com\/actualites\/wp-content\/uploads\/2017\/05\/0200f7e2512c517c96cd769549bc8ee4_S-1.jpg","datePublished":"2017-05-17T17:48:24+00:00","breadcrumb":{"@id":"https:\/\/www.info-algerie.com\/actualites\/messahel-souligne-a-malabo-la-necessite-pour-les-etats-africains-de-sauvegarder-leur-unite\/#breadcrumb"},"inLanguage":"fr-FR","potentialAction":[{"@type":"ReadAction","target":["https:\/\/www.info-algerie.com\/actualites\/messahel-souligne-a-malabo-la-necessite-pour-les-etats-africains-de-sauvegarder-leur-unite\/"]}]},{"@type":"ImageObject","inLanguage":"fr-FR","@id":"https:\/\/www.info-algerie.com\/actualites\/messahel-souligne-a-malabo-la-necessite-pour-les-etats-africains-de-sauvegarder-leur-unite\/#primaryimage","url":"https:\/\/www.info-algerie.com\/actualites\/wp-content\/uploads\/2017\/05\/0200f7e2512c517c96cd769549bc8ee4_S-1.jpg","contentUrl":"https:\/\/www.info-algerie.com\/actualites\/wp-content\/uploads\/2017\/05\/0200f7e2512c517c96cd769549bc8ee4_S-1.jpg","width":280,"height":187},{"@type":"BreadcrumbList","@id":"https:\/\/www.info-algerie.com\/actualites\/messahel-souligne-a-malabo-la-necessite-pour-les-etats-africains-de-sauvegarder-leur-unite\/#breadcrumb","itemListElement":[{"@type":"ListItem","position":1,"name":"Accueil","item":"https:\/\/www.info-algerie.com\/actualites\/"},{"@type":"ListItem","position":2,"name":"Messahel souligne \u00e0 Malabo la n\u00e9cessit\u00e9 pour les Etats africains de\u00a0 sauvegarder leur unit\u00e9"}]},{"@type":"WebSite","@id":"https:\/\/www.info-algerie.com\/actualites\/#website","url":"https:\/\/www.info-algerie.com\/actualites\/","name":"info algerie","description":"Toutes les actualit\u00e9s","publisher":{"@id":"https:\/\/www.info-algerie.com\/actualites\/#organization"},"potentialAction":[{"@type":"SearchAction","target":{"@type":"EntryPoint","urlTemplate":"https:\/\/www.info-algerie.com\/actualites\/?s={search_term_string}"},"query-input":{"@type":"PropertyValueSpecification","valueRequired":true,"valueName":"search_term_string"}}],"inLanguage":"fr-FR"},{"@type":"Organization","@id":"https:\/\/www.info-algerie.com\/actualites\/#organization","name":"info algerie","url":"https:\/\/www.info-algerie.com\/actualites\/","logo":{"@type":"ImageObject","inLanguage":"fr-FR","@id":"https:\/\/www.info-algerie.com\/actualites\/#\/schema\/logo\/image\/","url":"https:\/\/www.info-algerie.com\/actualites\/wp-content\/uploads\/2022\/07\/logo-ia-120.png","contentUrl":"https:\/\/www.info-algerie.com\/actualites\/wp-content\/uploads\/2022\/07\/logo-ia-120.png","width":120,"height":43,"caption":"info algerie"},"image":{"@id":"https:\/\/www.info-algerie.com\/actualites\/#\/schema\/logo\/image\/"},"sameAs":["https:\/\/www.facebook.com\/infoalgerieactu","https:\/\/x.com\/infoalgerie1"]},{"@type":"Person","@id":"https:\/\/www.info-algerie.com\/actualites\/#\/schema\/person\/847aaec44920825b843a08f30ec6aa1e","name":"La r\u00e9daction","image":{"@type":"ImageObject","inLanguage":"fr-FR","@id":"https:\/\/secure.gravatar.com\/avatar\/769db425c6f465158149f1ffd6cf61ce7a8a879d11dfbef8288af36dfddd418c?s=96&d=mm&r=g","url":"https:\/\/secure.gravatar.com\/avatar\/769db425c6f465158149f1ffd6cf61ce7a8a879d11dfbef8288af36dfddd418c?s=96&d=mm&r=g","contentUrl":"https:\/\/secure.gravatar.com\/avatar\/769db425c6f465158149f1ffd6cf61ce7a8a879d11dfbef8288af36dfddd418c?s=96&d=mm&r=g","caption":"La r\u00e9daction"},"sameAs":["http:\/\/www.lkeria.com\/"],"url":"https:\/\/www.info-algerie.com\/actualites\/author\/chakib32\/"}]}},"_links":{"self":[{"href":"https:\/\/www.info-algerie.com\/actualites\/wp-json\/wp\/v2\/posts\/12139","targetHints":{"allow":["GET"]}}],"collection":[{"href":"https:\/\/www.info-algerie.com\/actualites\/wp-json\/wp\/v2\/posts"}],"about":[{"href":"https:\/\/www.info-algerie.com\/actualites\/wp-json\/wp\/v2\/types\/post"}],"author":[{"embeddable":true,"href":"https:\/\/www.info-algerie.com\/actualites\/wp-json\/wp\/v2\/users\/6"}],"replies":[{"embeddable":true,"href":"https:\/\/www.info-algerie.com\/actualites\/wp-json\/wp\/v2\/comments?post=12139"}],"version-history":[{"count":0,"href":"https:\/\/www.info-algerie.com\/actualites\/wp-json\/wp\/v2\/posts\/12139\/revisions"}],"wp:featuredmedia":[{"embeddable":true,"href":"https:\/\/www.info-algerie.com\/actualites\/wp-json\/wp\/v2\/media\/12140"}],"wp:attachment":[{"href":"https:\/\/www.info-algerie.com\/actualites\/wp-json\/wp\/v2\/media?parent=12139"}],"wp:term":[{"taxonomy":"category","embeddable":true,"href":"https:\/\/www.info-algerie.com\/actualites\/wp-json\/wp\/v2\/categories?post=12139"},{"taxonomy":"post_tag","embeddable":true,"href":"https:\/\/www.info-algerie.com\/actualites\/wp-json\/wp\/v2\/tags?post=12139"}],"curies":[{"name":"wp","href":"https:\/\/api.w.org\/{rel}","templated":true}]}}