{"id":12146,"date":"2017-05-18T09:00:23","date_gmt":"2017-05-18T08:00:23","guid":{"rendered":"http:\/\/www.info-algerie.com\/actualites\/lamamra-evoque-la-cooperation-bilaterale-avec-deux-hauts-responsables-du-congres-americain\/"},"modified":"2017-05-18T09:00:23","modified_gmt":"2017-05-18T08:00:23","slug":"lamamra-evoque-la-cooperation-bilaterale-avec-deux-hauts-responsables-du-congres-americain","status":"publish","type":"post","link":"https:\/\/www.info-algerie.com\/actualites\/lamamra-evoque-la-cooperation-bilaterale-avec-deux-hauts-responsables-du-congres-americain\/","title":{"rendered":"Lamamra \u00e9voque la coop\u00e9ration bilat\u00e9rale avec deux hauts responsables du Congr\u00e8s am\u00e9ricain"},"content":{"rendered":"<div class=\"K2FeedImage\"><img decoding=\"async\" src=\"https:\/\/www.info-algerie.com\/actualites\/wp-content\/uploads\/2017\/05\/9a02cb9c07b835148177e98010ac7d7f_S.jpg\" alt=\"Lamamra &#xE9;voque la coop&#xE9;ration bilat&#xE9;rale avec deux hauts responsables du Congr&#xE8;s am&#xE9;ricain\" \/><\/div>\n<div class=\"K2FeedIntroText\">\n<p>WASHINGTON &#8211; Le ministre d\u2019Etat, ministre des Affaires \u00e9trang\u00e8res et de la coop\u00e9ration internationale, Ramtane Lamamra, s\u2019est entretenu \u00e0 Washington avec deux hauts responsables du Congr\u00e8s dans le cadre de sa visite de travail qu\u2019il effectue aux Etats-Unis.<\/p>\n<p>&#013;\n<\/p><\/div>\n<div class=\"K2FeedFullText\">&#013;<\/p>\n<p>M. Lamamra a eu d\u2019abord des discussions au si\u00e8ge du Congr\u00e8s avec le pr\u00e9sident de la commission des affaires \u00e9trang\u00e8res de la chambre des repr\u00e9sentants, M. Ed Royce.<\/p>\n<p>&#013;<\/p>\n<p>Il s\u2019est ensuite entretenu avec le pr\u00e9sident de la commission des affaires \u00e9trang\u00e8res du S\u00e9nat, le r\u00e9publicain Bob Corker. \u00a0\u00bb Nous avons pass\u00e9 en revue les relations bilat\u00e9rales et focalis\u00e9 \u00e9galement sur un certain nombre de questions internationales comme la lutte contre le terrorisme\u00a0\u00bb, a d\u00e9clar\u00e9 \u00e0 l\u2019APS M. Lamamra \u00e0 l\u2019issue de ces deux entretiens.<\/p>\n<p>&#013;<\/p>\n<p>A ce propos, le ministre a pr\u00e9cis\u00e9 avoir \u00e9voqu\u00e9 \u00ab\u00a0l\u2019exp\u00e9rience conduite par le pr\u00e9sident de la R\u00e9publique, Abdelaziz Bouteflika, qui consiste \u00e0 utiliser \u00e0 la fois la l\u00e9gitime d\u00e9fense \u00e0 travers les moyens de d\u00e9fense et de s\u00e9curit\u00e9 et les solutions politiques et sociales \u00e0 travers la r\u00e9conciliation nationale et la concorde civile\u00a0\u00bb.<\/p>\n<p>&#013;<\/p>\n<p>Les discussions ont \u00e9galement port\u00e9 sur les r\u00e9formes politiques men\u00e9es par l\u2019Alg\u00e9rie et les \u00e9lections l\u00e9gislatives du 4 mai dernier.<\/p>\n<p>&#013;<\/p>\n<p>Au plan r\u00e9gional, le ministre a indiqu\u00e9 que la partie am\u00e9ricaine comprend l\u2019int\u00e9r\u00eat de l\u2019Alg\u00e9rie pour la stabilit\u00e9 de la Libye et la n\u00e9cessit\u00e9 de parvenir \u00e0 une solution politique \u00e9manant d\u2019un dialogue entre l\u2019ensemble des parties libyennes<\/p>\n<p>&#013;<\/p>\n<p>\u00ab\u00a0Tous nos interlocuteurs am\u00e9ricains ont salu\u00e9 les efforts et la pers\u00e9v\u00e9rance de l\u2019Alg\u00e9rie et ont compris son int\u00e9r\u00eat pour la stabilit\u00e9 de la Libye, a-t-il soulign\u00e9.<\/p>\n<p>&#013;<\/p>\n<p>\u00a0\u00bb De la m\u00eame mani\u00e8re, la r\u00e9ussite de la m\u00e9diation men\u00e9e par l\u2019Alg\u00e9rie au Mali a \u00e9t\u00e9 salu\u00e9e par nos interlocuteurs \u00ab\u00a0, a d\u00e9clar\u00e9 M. Lamamra apr\u00e8s une s\u00e9rie de discussions avec des responsables am\u00e9ricains, dont le secr\u00e9taire d\u2019Etat, Rex Tillerson.<\/p>\n<p>&#013;<\/p>\n<p class=\"MsoNormal\">Le ministre a relev\u00e9 que l\u2019ex\u00e9cutif am\u00e9ricain, y compris Rex Tillerson, appr\u00e9ciait les efforts entrepris par l\u2019Alg\u00e9rie en tant qu\u2019exportateur de paix et de stabilit\u00e9 dans la r\u00e9gion.<\/p>\n<\/div>\n<p>&#013;<br \/>\nSource: <a href=\"http:\/\/www.aps.dz\/algerie\/57755-lamamra-evoque-la-cooperation-bilaterale-avec-deux-hauts-responsables-du-congres-americain\" target=\"_blank\">Lamamra \u00e9voque la coop\u00e9ration bilat\u00e9rale avec deux hauts responsables du Congr\u00e8s am\u00e9ricain<\/a><\/p>\n<!--CusAds0-->\n<div style=\"font-size: 0px; height: 0px; line-height: 0px; margin: 0; padding: 0; clear: both;\"><\/div>","protected":false},"excerpt":{"rendered":"<p>WASHINGTON &#8211; Le ministre d\u2019Etat, ministre des Affaires \u00e9trang\u00e8res et de la coop\u00e9ration internationale, Ramtane Lamamra, s\u2019est entretenu \u00e0 Washington avec deux hauts responsables du Congr\u00e8s dans le cadre de sa visite de travail qu\u2019il effectue aux Etats-Unis. &#013; &#013; M. Lamamra a eu d\u2019abord des discussions au si\u00e8ge du Congr\u00e8s avec le pr\u00e9sident de<\/p>\n","protected":false},"author":6,"featured_media":12147,"comment_status":"open","ping_status":"open","sticky":false,"template":"","format":"standard","meta":{"footnotes":""},"categories":[22],"tags":[93],"class_list":["post-12146","post","type-post","status-publish","format-standard","has-post-thumbnail","hentry","category-infos","tag-onu"],"yoast_head":"<!-- This site is optimized with the Yoast SEO plugin v27.5 - https:\/\/yoast.com\/product\/yoast-seo-wordpress\/ -->\n<title>Lamamra \u00e9voque la coop\u00e9ration bilat\u00e9rale avec deux hauts responsables du Congr\u00e8s am\u00e9ricain - info algerie<\/title>\n<meta name=\"robots\" content=\"index, follow, max-snippet:-1, max-image-preview:large, max-video-preview:-1\" \/>\n<link rel=\"canonical\" href=\"https:\/\/www.info-algerie.com\/actualites\/lamamra-evoque-la-cooperation-bilaterale-avec-deux-hauts-responsables-du-congres-americain\/\" \/>\n<meta property=\"og:locale\" content=\"fr_FR\" \/>\n<meta property=\"og:type\" content=\"article\" \/>\n<meta property=\"og:title\" content=\"Lamamra \u00e9voque la coop\u00e9ration bilat\u00e9rale avec deux hauts responsables du Congr\u00e8s am\u00e9ricain - info algerie\" \/>\n<meta property=\"og:description\" content=\"WASHINGTON &#8211; Le ministre d\u2019Etat, ministre des Affaires \u00e9trang\u00e8res et de la coop\u00e9ration internationale, Ramtane Lamamra, s\u2019est entretenu \u00e0 Washington avec deux hauts responsables du Congr\u00e8s dans le cadre de sa visite de travail qu\u2019il effectue aux Etats-Unis. &#013; &#013; M. Lamamra a eu d\u2019abord des discussions au si\u00e8ge du Congr\u00e8s avec le pr\u00e9sident de\" \/>\n<meta property=\"og:url\" content=\"https:\/\/www.info-algerie.com\/actualites\/lamamra-evoque-la-cooperation-bilaterale-avec-deux-hauts-responsables-du-congres-americain\/\" \/>\n<meta property=\"og:site_name\" content=\"info algerie\" \/>\n<meta property=\"article:publisher\" content=\"https:\/\/www.facebook.com\/infoalgerieactu\" \/>\n<meta property=\"article:published_time\" content=\"2017-05-18T08:00:23+00:00\" \/>\n<meta property=\"og:image\" content=\"https:\/\/www.info-algerie.com\/actualites\/wp-content\/uploads\/2017\/05\/9a02cb9c07b835148177e98010ac7d7f_S-1.jpg\" \/>\n\t<meta property=\"og:image:width\" content=\"280\" \/>\n\t<meta property=\"og:image:height\" content=\"169\" \/>\n\t<meta property=\"og:image:type\" content=\"image\/jpeg\" \/>\n<meta name=\"author\" content=\"La r\u00e9daction\" \/>\n<meta name=\"twitter:label1\" content=\"\u00c9crit par\" \/>\n\t<meta name=\"twitter:data1\" content=\"La r\u00e9daction\" \/>\n\t<meta name=\"twitter:label2\" content=\"Dur\u00e9e de lecture estim\u00e9e\" \/>\n\t<meta name=\"twitter:data2\" content=\"2 minutes\" \/>\n<script type=\"application\/ld+json\" class=\"yoast-schema-graph\">{\"@context\":\"https:\\\/\\\/schema.org\",\"@graph\":[{\"@type\":\"Article\",\"@id\":\"https:\\\/\\\/www.info-algerie.com\\\/actualites\\\/lamamra-evoque-la-cooperation-bilaterale-avec-deux-hauts-responsables-du-congres-americain\\\/#article\",\"isPartOf\":{\"@id\":\"https:\\\/\\\/www.info-algerie.com\\\/actualites\\\/lamamra-evoque-la-cooperation-bilaterale-avec-deux-hauts-responsables-du-congres-americain\\\/\"},\"author\":{\"name\":\"La r\u00e9daction\",\"@id\":\"https:\\\/\\\/www.info-algerie.com\\\/actualites\\\/#\\\/schema\\\/person\\\/847aaec44920825b843a08f30ec6aa1e\"},\"headline\":\"Lamamra \u00e9voque la coop\u00e9ration bilat\u00e9rale avec deux hauts responsables du Congr\u00e8s am\u00e9ricain\",\"datePublished\":\"2017-05-18T08:00:23+00:00\",\"mainEntityOfPage\":{\"@id\":\"https:\\\/\\\/www.info-algerie.com\\\/actualites\\\/lamamra-evoque-la-cooperation-bilaterale-avec-deux-hauts-responsables-du-congres-americain\\\/\"},\"wordCount\":424,\"commentCount\":0,\"publisher\":{\"@id\":\"https:\\\/\\\/www.info-algerie.com\\\/actualites\\\/#organization\"},\"image\":{\"@id\":\"https:\\\/\\\/www.info-algerie.com\\\/actualites\\\/lamamra-evoque-la-cooperation-bilaterale-avec-deux-hauts-responsables-du-congres-americain\\\/#primaryimage\"},\"thumbnailUrl\":\"https:\\\/\\\/www.info-algerie.com\\\/actualites\\\/wp-content\\\/uploads\\\/2017\\\/05\\\/9a02cb9c07b835148177e98010ac7d7f_S-1.jpg\",\"keywords\":[\"ONU\"],\"articleSection\":[\"infos\"],\"inLanguage\":\"fr-FR\",\"potentialAction\":[{\"@type\":\"CommentAction\",\"name\":\"Comment\",\"target\":[\"https:\\\/\\\/www.info-algerie.com\\\/actualites\\\/lamamra-evoque-la-cooperation-bilaterale-avec-deux-hauts-responsables-du-congres-americain\\\/#respond\"]}]},{\"@type\":\"WebPage\",\"@id\":\"https:\\\/\\\/www.info-algerie.com\\\/actualites\\\/lamamra-evoque-la-cooperation-bilaterale-avec-deux-hauts-responsables-du-congres-americain\\\/\",\"url\":\"https:\\\/\\\/www.info-algerie.com\\\/actualites\\\/lamamra-evoque-la-cooperation-bilaterale-avec-deux-hauts-responsables-du-congres-americain\\\/\",\"name\":\"Lamamra \u00e9voque la coop\u00e9ration bilat\u00e9rale avec deux hauts responsables du Congr\u00e8s am\u00e9ricain - info algerie\",\"isPartOf\":{\"@id\":\"https:\\\/\\\/www.info-algerie.com\\\/actualites\\\/#website\"},\"primaryImageOfPage\":{\"@id\":\"https:\\\/\\\/www.info-algerie.com\\\/actualites\\\/lamamra-evoque-la-cooperation-bilaterale-avec-deux-hauts-responsables-du-congres-americain\\\/#primaryimage\"},\"image\":{\"@id\":\"https:\\\/\\\/www.info-algerie.com\\\/actualites\\\/lamamra-evoque-la-cooperation-bilaterale-avec-deux-hauts-responsables-du-congres-americain\\\/#primaryimage\"},\"thumbnailUrl\":\"https:\\\/\\\/www.info-algerie.com\\\/actualites\\\/wp-content\\\/uploads\\\/2017\\\/05\\\/9a02cb9c07b835148177e98010ac7d7f_S-1.jpg\",\"datePublished\":\"2017-05-18T08:00:23+00:00\",\"breadcrumb\":{\"@id\":\"https:\\\/\\\/www.info-algerie.com\\\/actualites\\\/lamamra-evoque-la-cooperation-bilaterale-avec-deux-hauts-responsables-du-congres-americain\\\/#breadcrumb\"},\"inLanguage\":\"fr-FR\",\"potentialAction\":[{\"@type\":\"ReadAction\",\"target\":[\"https:\\\/\\\/www.info-algerie.com\\\/actualites\\\/lamamra-evoque-la-cooperation-bilaterale-avec-deux-hauts-responsables-du-congres-americain\\\/\"]}]},{\"@type\":\"ImageObject\",\"inLanguage\":\"fr-FR\",\"@id\":\"https:\\\/\\\/www.info-algerie.com\\\/actualites\\\/lamamra-evoque-la-cooperation-bilaterale-avec-deux-hauts-responsables-du-congres-americain\\\/#primaryimage\",\"url\":\"https:\\\/\\\/www.info-algerie.com\\\/actualites\\\/wp-content\\\/uploads\\\/2017\\\/05\\\/9a02cb9c07b835148177e98010ac7d7f_S-1.jpg\",\"contentUrl\":\"https:\\\/\\\/www.info-algerie.com\\\/actualites\\\/wp-content\\\/uploads\\\/2017\\\/05\\\/9a02cb9c07b835148177e98010ac7d7f_S-1.jpg\",\"width\":280,\"height\":169},{\"@type\":\"BreadcrumbList\",\"@id\":\"https:\\\/\\\/www.info-algerie.com\\\/actualites\\\/lamamra-evoque-la-cooperation-bilaterale-avec-deux-hauts-responsables-du-congres-americain\\\/#breadcrumb\",\"itemListElement\":[{\"@type\":\"ListItem\",\"position\":1,\"name\":\"Accueil\",\"item\":\"https:\\\/\\\/www.info-algerie.com\\\/actualites\\\/\"},{\"@type\":\"ListItem\",\"position\":2,\"name\":\"Lamamra \u00e9voque la coop\u00e9ration bilat\u00e9rale avec deux hauts responsables du Congr\u00e8s am\u00e9ricain\"}]},{\"@type\":\"WebSite\",\"@id\":\"https:\\\/\\\/www.info-algerie.com\\\/actualites\\\/#website\",\"url\":\"https:\\\/\\\/www.info-algerie.com\\\/actualites\\\/\",\"name\":\"info algerie\",\"description\":\"Toutes les actualit\u00e9s\",\"publisher\":{\"@id\":\"https:\\\/\\\/www.info-algerie.com\\\/actualites\\\/#organization\"},\"potentialAction\":[{\"@type\":\"SearchAction\",\"target\":{\"@type\":\"EntryPoint\",\"urlTemplate\":\"https:\\\/\\\/www.info-algerie.com\\\/actualites\\\/?s={search_term_string}\"},\"query-input\":{\"@type\":\"PropertyValueSpecification\",\"valueRequired\":true,\"valueName\":\"search_term_string\"}}],\"inLanguage\":\"fr-FR\"},{\"@type\":\"Organization\",\"@id\":\"https:\\\/\\\/www.info-algerie.com\\\/actualites\\\/#organization\",\"name\":\"info algerie\",\"url\":\"https:\\\/\\\/www.info-algerie.com\\\/actualites\\\/\",\"logo\":{\"@type\":\"ImageObject\",\"inLanguage\":\"fr-FR\",\"@id\":\"https:\\\/\\\/www.info-algerie.com\\\/actualites\\\/#\\\/schema\\\/logo\\\/image\\\/\",\"url\":\"https:\\\/\\\/www.info-algerie.com\\\/actualites\\\/wp-content\\\/uploads\\\/2022\\\/07\\\/logo-ia-120.png\",\"contentUrl\":\"https:\\\/\\\/www.info-algerie.com\\\/actualites\\\/wp-content\\\/uploads\\\/2022\\\/07\\\/logo-ia-120.png\",\"width\":120,\"height\":43,\"caption\":\"info algerie\"},\"image\":{\"@id\":\"https:\\\/\\\/www.info-algerie.com\\\/actualites\\\/#\\\/schema\\\/logo\\\/image\\\/\"},\"sameAs\":[\"https:\\\/\\\/www.facebook.com\\\/infoalgerieactu\",\"https:\\\/\\\/x.com\\\/infoalgerie1\"]},{\"@type\":\"Person\",\"@id\":\"https:\\\/\\\/www.info-algerie.com\\\/actualites\\\/#\\\/schema\\\/person\\\/847aaec44920825b843a08f30ec6aa1e\",\"name\":\"La r\u00e9daction\",\"image\":{\"@type\":\"ImageObject\",\"inLanguage\":\"fr-FR\",\"@id\":\"https:\\\/\\\/secure.gravatar.com\\\/avatar\\\/769db425c6f465158149f1ffd6cf61ce7a8a879d11dfbef8288af36dfddd418c?s=96&d=mm&r=g\",\"url\":\"https:\\\/\\\/secure.gravatar.com\\\/avatar\\\/769db425c6f465158149f1ffd6cf61ce7a8a879d11dfbef8288af36dfddd418c?s=96&d=mm&r=g\",\"contentUrl\":\"https:\\\/\\\/secure.gravatar.com\\\/avatar\\\/769db425c6f465158149f1ffd6cf61ce7a8a879d11dfbef8288af36dfddd418c?s=96&d=mm&r=g\",\"caption\":\"La r\u00e9daction\"},\"sameAs\":[\"http:\\\/\\\/www.lkeria.com\\\/\"],\"url\":\"https:\\\/\\\/www.info-algerie.com\\\/actualites\\\/author\\\/chakib32\\\/\"}]}<\/script>\n<!-- \/ Yoast SEO plugin. -->","yoast_head_json":{"title":"Lamamra \u00e9voque la coop\u00e9ration bilat\u00e9rale avec deux hauts responsables du Congr\u00e8s am\u00e9ricain - info algerie","robots":{"index":"index","follow":"follow","max-snippet":"max-snippet:-1","max-image-preview":"max-image-preview:large","max-video-preview":"max-video-preview:-1"},"canonical":"https:\/\/www.info-algerie.com\/actualites\/lamamra-evoque-la-cooperation-bilaterale-avec-deux-hauts-responsables-du-congres-americain\/","og_locale":"fr_FR","og_type":"article","og_title":"Lamamra \u00e9voque la coop\u00e9ration bilat\u00e9rale avec deux hauts responsables du Congr\u00e8s am\u00e9ricain - info algerie","og_description":"WASHINGTON &#8211; Le ministre d\u2019Etat, ministre des Affaires \u00e9trang\u00e8res et de la coop\u00e9ration internationale, Ramtane Lamamra, s\u2019est entretenu \u00e0 Washington avec deux hauts responsables du Congr\u00e8s dans le cadre de sa visite de travail qu\u2019il effectue aux Etats-Unis. &#013; &#013; M. Lamamra a eu d\u2019abord des discussions au si\u00e8ge du Congr\u00e8s avec le pr\u00e9sident de","og_url":"https:\/\/www.info-algerie.com\/actualites\/lamamra-evoque-la-cooperation-bilaterale-avec-deux-hauts-responsables-du-congres-americain\/","og_site_name":"info algerie","article_publisher":"https:\/\/www.facebook.com\/infoalgerieactu","article_published_time":"2017-05-18T08:00:23+00:00","og_image":[{"width":280,"height":169,"url":"https:\/\/www.info-algerie.com\/actualites\/wp-content\/uploads\/2017\/05\/9a02cb9c07b835148177e98010ac7d7f_S-1.jpg","type":"image\/jpeg"}],"author":"La r\u00e9daction","twitter_misc":{"\u00c9crit par":"La r\u00e9daction","Dur\u00e9e de lecture estim\u00e9e":"2 minutes"},"schema":{"@context":"https:\/\/schema.org","@graph":[{"@type":"Article","@id":"https:\/\/www.info-algerie.com\/actualites\/lamamra-evoque-la-cooperation-bilaterale-avec-deux-hauts-responsables-du-congres-americain\/#article","isPartOf":{"@id":"https:\/\/www.info-algerie.com\/actualites\/lamamra-evoque-la-cooperation-bilaterale-avec-deux-hauts-responsables-du-congres-americain\/"},"author":{"name":"La r\u00e9daction","@id":"https:\/\/www.info-algerie.com\/actualites\/#\/schema\/person\/847aaec44920825b843a08f30ec6aa1e"},"headline":"Lamamra \u00e9voque la coop\u00e9ration bilat\u00e9rale avec deux hauts responsables du Congr\u00e8s am\u00e9ricain","datePublished":"2017-05-18T08:00:23+00:00","mainEntityOfPage":{"@id":"https:\/\/www.info-algerie.com\/actualites\/lamamra-evoque-la-cooperation-bilaterale-avec-deux-hauts-responsables-du-congres-americain\/"},"wordCount":424,"commentCount":0,"publisher":{"@id":"https:\/\/www.info-algerie.com\/actualites\/#organization"},"image":{"@id":"https:\/\/www.info-algerie.com\/actualites\/lamamra-evoque-la-cooperation-bilaterale-avec-deux-hauts-responsables-du-congres-americain\/#primaryimage"},"thumbnailUrl":"https:\/\/www.info-algerie.com\/actualites\/wp-content\/uploads\/2017\/05\/9a02cb9c07b835148177e98010ac7d7f_S-1.jpg","keywords":["ONU"],"articleSection":["infos"],"inLanguage":"fr-FR","potentialAction":[{"@type":"CommentAction","name":"Comment","target":["https:\/\/www.info-algerie.com\/actualites\/lamamra-evoque-la-cooperation-bilaterale-avec-deux-hauts-responsables-du-congres-americain\/#respond"]}]},{"@type":"WebPage","@id":"https:\/\/www.info-algerie.com\/actualites\/lamamra-evoque-la-cooperation-bilaterale-avec-deux-hauts-responsables-du-congres-americain\/","url":"https:\/\/www.info-algerie.com\/actualites\/lamamra-evoque-la-cooperation-bilaterale-avec-deux-hauts-responsables-du-congres-americain\/","name":"Lamamra \u00e9voque la coop\u00e9ration bilat\u00e9rale avec deux hauts responsables du Congr\u00e8s am\u00e9ricain - info algerie","isPartOf":{"@id":"https:\/\/www.info-algerie.com\/actualites\/#website"},"primaryImageOfPage":{"@id":"https:\/\/www.info-algerie.com\/actualites\/lamamra-evoque-la-cooperation-bilaterale-avec-deux-hauts-responsables-du-congres-americain\/#primaryimage"},"image":{"@id":"https:\/\/www.info-algerie.com\/actualites\/lamamra-evoque-la-cooperation-bilaterale-avec-deux-hauts-responsables-du-congres-americain\/#primaryimage"},"thumbnailUrl":"https:\/\/www.info-algerie.com\/actualites\/wp-content\/uploads\/2017\/05\/9a02cb9c07b835148177e98010ac7d7f_S-1.jpg","datePublished":"2017-05-18T08:00:23+00:00","breadcrumb":{"@id":"https:\/\/www.info-algerie.com\/actualites\/lamamra-evoque-la-cooperation-bilaterale-avec-deux-hauts-responsables-du-congres-americain\/#breadcrumb"},"inLanguage":"fr-FR","potentialAction":[{"@type":"ReadAction","target":["https:\/\/www.info-algerie.com\/actualites\/lamamra-evoque-la-cooperation-bilaterale-avec-deux-hauts-responsables-du-congres-americain\/"]}]},{"@type":"ImageObject","inLanguage":"fr-FR","@id":"https:\/\/www.info-algerie.com\/actualites\/lamamra-evoque-la-cooperation-bilaterale-avec-deux-hauts-responsables-du-congres-americain\/#primaryimage","url":"https:\/\/www.info-algerie.com\/actualites\/wp-content\/uploads\/2017\/05\/9a02cb9c07b835148177e98010ac7d7f_S-1.jpg","contentUrl":"https:\/\/www.info-algerie.com\/actualites\/wp-content\/uploads\/2017\/05\/9a02cb9c07b835148177e98010ac7d7f_S-1.jpg","width":280,"height":169},{"@type":"BreadcrumbList","@id":"https:\/\/www.info-algerie.com\/actualites\/lamamra-evoque-la-cooperation-bilaterale-avec-deux-hauts-responsables-du-congres-americain\/#breadcrumb","itemListElement":[{"@type":"ListItem","position":1,"name":"Accueil","item":"https:\/\/www.info-algerie.com\/actualites\/"},{"@type":"ListItem","position":2,"name":"Lamamra \u00e9voque la coop\u00e9ration bilat\u00e9rale avec deux hauts responsables du Congr\u00e8s am\u00e9ricain"}]},{"@type":"WebSite","@id":"https:\/\/www.info-algerie.com\/actualites\/#website","url":"https:\/\/www.info-algerie.com\/actualites\/","name":"info algerie","description":"Toutes les actualit\u00e9s","publisher":{"@id":"https:\/\/www.info-algerie.com\/actualites\/#organization"},"potentialAction":[{"@type":"SearchAction","target":{"@type":"EntryPoint","urlTemplate":"https:\/\/www.info-algerie.com\/actualites\/?s={search_term_string}"},"query-input":{"@type":"PropertyValueSpecification","valueRequired":true,"valueName":"search_term_string"}}],"inLanguage":"fr-FR"},{"@type":"Organization","@id":"https:\/\/www.info-algerie.com\/actualites\/#organization","name":"info algerie","url":"https:\/\/www.info-algerie.com\/actualites\/","logo":{"@type":"ImageObject","inLanguage":"fr-FR","@id":"https:\/\/www.info-algerie.com\/actualites\/#\/schema\/logo\/image\/","url":"https:\/\/www.info-algerie.com\/actualites\/wp-content\/uploads\/2022\/07\/logo-ia-120.png","contentUrl":"https:\/\/www.info-algerie.com\/actualites\/wp-content\/uploads\/2022\/07\/logo-ia-120.png","width":120,"height":43,"caption":"info algerie"},"image":{"@id":"https:\/\/www.info-algerie.com\/actualites\/#\/schema\/logo\/image\/"},"sameAs":["https:\/\/www.facebook.com\/infoalgerieactu","https:\/\/x.com\/infoalgerie1"]},{"@type":"Person","@id":"https:\/\/www.info-algerie.com\/actualites\/#\/schema\/person\/847aaec44920825b843a08f30ec6aa1e","name":"La r\u00e9daction","image":{"@type":"ImageObject","inLanguage":"fr-FR","@id":"https:\/\/secure.gravatar.com\/avatar\/769db425c6f465158149f1ffd6cf61ce7a8a879d11dfbef8288af36dfddd418c?s=96&d=mm&r=g","url":"https:\/\/secure.gravatar.com\/avatar\/769db425c6f465158149f1ffd6cf61ce7a8a879d11dfbef8288af36dfddd418c?s=96&d=mm&r=g","contentUrl":"https:\/\/secure.gravatar.com\/avatar\/769db425c6f465158149f1ffd6cf61ce7a8a879d11dfbef8288af36dfddd418c?s=96&d=mm&r=g","caption":"La r\u00e9daction"},"sameAs":["http:\/\/www.lkeria.com\/"],"url":"https:\/\/www.info-algerie.com\/actualites\/author\/chakib32\/"}]}},"_links":{"self":[{"href":"https:\/\/www.info-algerie.com\/actualites\/wp-json\/wp\/v2\/posts\/12146","targetHints":{"allow":["GET"]}}],"collection":[{"href":"https:\/\/www.info-algerie.com\/actualites\/wp-json\/wp\/v2\/posts"}],"about":[{"href":"https:\/\/www.info-algerie.com\/actualites\/wp-json\/wp\/v2\/types\/post"}],"author":[{"embeddable":true,"href":"https:\/\/www.info-algerie.com\/actualites\/wp-json\/wp\/v2\/users\/6"}],"replies":[{"embeddable":true,"href":"https:\/\/www.info-algerie.com\/actualites\/wp-json\/wp\/v2\/comments?post=12146"}],"version-history":[{"count":0,"href":"https:\/\/www.info-algerie.com\/actualites\/wp-json\/wp\/v2\/posts\/12146\/revisions"}],"wp:featuredmedia":[{"embeddable":true,"href":"https:\/\/www.info-algerie.com\/actualites\/wp-json\/wp\/v2\/media\/12147"}],"wp:attachment":[{"href":"https:\/\/www.info-algerie.com\/actualites\/wp-json\/wp\/v2\/media?parent=12146"}],"wp:term":[{"taxonomy":"category","embeddable":true,"href":"https:\/\/www.info-algerie.com\/actualites\/wp-json\/wp\/v2\/categories?post=12146"},{"taxonomy":"post_tag","embeddable":true,"href":"https:\/\/www.info-algerie.com\/actualites\/wp-json\/wp\/v2\/tags?post=12146"}],"curies":[{"name":"wp","href":"https:\/\/api.w.org\/{rel}","templated":true}]}}