{"id":12149,"date":"2017-05-18T08:37:54","date_gmt":"2017-05-18T07:37:54","guid":{"rendered":"http:\/\/www.info-algerie.com\/actualites\/les-questions-de-paix-de-securite-et-de-stabilite-en-afrique-evoquees-a-alger\/"},"modified":"2017-05-18T08:37:54","modified_gmt":"2017-05-18T07:37:54","slug":"les-questions-de-paix-de-securite-et-de-stabilite-en-afrique-evoquees-a-alger","status":"publish","type":"post","link":"https:\/\/www.info-algerie.com\/actualites\/les-questions-de-paix-de-securite-et-de-stabilite-en-afrique-evoquees-a-alger\/","title":{"rendered":"Les questions de paix, de s\u00e9curit\u00e9 et de stabilit\u00e9 en Afrique \u00e9voqu\u00e9es \u00e0 Alger"},"content":{"rendered":"<div class=\"K2FeedImage\"><img decoding=\"async\" src=\"https:\/\/www.info-algerie.com\/actualites\/wp-content\/uploads\/2017\/05\/47d143cf3b698f4b7783f55269179960_S.jpg\" alt=\"Les questions de paix, de s&#xE9;curit&#xE9; et de stabilit&#xE9; en Afrique &#xE9;voqu&#xE9;es &#xE0; Alger\" \/><\/div>\n<div class=\"K2FeedIntroText\">\n<p>ALGER &#8211;\u00a0 Le Commissaire \u00e0 la paix et \u00e0 la s\u00e9curit\u00e9 de l&rsquo;Union africaine, Sma\u00efl Chergui, a expos\u00e9 mercredi \u00e0 Alger plusieurs axes relatifs \u00e0 la paix, \u00e0 la s\u00e9curit\u00e9 et \u00e0 la stabilit\u00e9 en Afrique, notamment la situation au Mali, en Libye, au Sahara Occidental, les r\u00e9seaux terroristes et le retour de leurs \u00e9l\u00e9ments arm\u00e9s en Afrique, mettant en exergue le r\u00f4le du m\u00e9canisme africain de coop\u00e9ration polici\u00e8re (AFRIPOL) dans le contr\u00f4le de la s\u00e9curit\u00e9 dans le continent.<\/p>\n<p>&#013;\n<\/p><\/div>\n<div class=\"K2FeedFullText\">&#013;<\/p>\n<p>Lors d&rsquo;une conf\u00e9rence anim\u00e9e au Conseil de la nation en pr\u00e9sence de Abdelkader Bensalah, pr\u00e9sident du conseil, de personnalit\u00e9s politiques, de sp\u00e9cialistes, professeurs et chercheurs dans le domaine politique, M. Chergui a estim\u00e9 qu&rsquo;il \u00e9tait important de traiter les questions inh\u00e9rentes \u00e0 la stabilit\u00e9 et \u00e0 la s\u00e9curit\u00e9 sur le continent africain, \u00e0 l&rsquo;instar de la\u00a0 R\u00e9publique du Mali, o\u00f9 la situation risquait de d\u00e9g\u00e9n\u00e9rer, n&rsquo;\u00e9taient-ce les efforts consid\u00e9rables de l&rsquo;Alg\u00e9rie couronn\u00e9s par l&rsquo;accord de paix et de r\u00e9conciliation au Mali, issu du processus d&rsquo;Alger, lequel a permis \u00e0 ce pays de renouer avec la paix et d&rsquo;avancer \u00e0 pas s\u00fbrs vers l&rsquo;avenir.<\/p>\n<p>&#013;<\/p>\n<p>\u00ab\u00a0Nous esp\u00e9rons d\u00e9ployer une force africaine au Mali, car l&rsquo;Union africaine a la possibilit\u00e9 d&rsquo;imposer la paix \u00e0 travers une force africaine qui sera d\u00e9ploy\u00e9e dans les zones en conflit\u00a0\u00bb, a soutenu le commissaire \u00e0 la paix et \u00e0 la s\u00e9curit\u00e9 de l&rsquo;UA.<\/p>\n<p>&#013;<\/p>\n<p>\u00a0<\/p>\n<p>&#013;<\/p>\n<p style=\"text-align: center\"><strong>La Libye et le Sahara Occidental en t\u00eate des pr\u00e9occupations du Conseil de paix et de s\u00e9curit\u00e9 de l&rsquo;UA<\/strong><\/p>\n<p>&#013;<\/p>\n<p>\u00a0<\/p>\n<p>&#013;<\/p>\n<p>S&rsquo;agissant de la situation en Libye, le responsable a fait savoir que ce pays faisait face \u00e0 une situation grave en raison de la pr\u00e9sence de 60 millions d&rsquo;armes dans le pays sans compter d&rsquo;autres armements sophistiqu\u00e9es transport\u00e9s ill\u00e9galement vers le Nord-Mali et les pays du Sahel, mettant en garde contre \u00ab\u00a0ces r\u00e9seaux terroristes qui peuvent devenir plus fort que les arm\u00e9es de certains pays africains\u00a0\u00bb.<\/p>\n<p>&#013;<\/p>\n<p>Le responsable a d\u00e9nonc\u00e9 l&rsquo;ing\u00e9rence \u00e9trang\u00e8re dans les affaires de la Libye, estimant que le \u00ab\u00a0le probl\u00e8me de la Libye est un probl\u00e8me africain qui en appelle \u00e0 des actions africaines visant \u00e0 aider les fr\u00e8res libyens \u00e0 trouver, par eux-m\u00eames, une solution \u00e0 leur probl\u00e8me et \u00e0 permettre \u00e0 la Libye de recouvrer sa place parmi les nations\u00a0\u00bb. M. Chergui a mis en garde contre les \u00ab\u00a0tentatives de certains pays \u00e0 servir leurs propres int\u00e9r\u00eats au d\u00e9triment de la Libye\u00a0\u00bb.<\/p>\n<p>&#013;<\/p>\n<p>Il a annonc\u00e9 \u00e0 cette occasion une visite prochaine d&rsquo;une d\u00e9l\u00e9gation minist\u00e9rielle africaine en Libye durant la troisi\u00e8me semaine de mai en cours pour examiner les retomb\u00e9es de cette situation et trouver les solutions urgentes \u00e0 la crise.<\/p>\n<p>&#013;<\/p>\n<p>Par ailleurs, le diplomate alg\u00e9rien a \u00e9voqu\u00e9 la question sahraouie, un des plus importants points inscrits \u00e0 l&rsquo;ordre du jour du Conseil de paix et de s\u00e9curit\u00e9 de l&rsquo;UA, exprimant le souhait que \u00ab\u00a0l&rsquo;adh\u00e9sion du Maroc \u00e0 l&rsquo;organisation africaine, aux c\u00f4t\u00e9s de la R\u00e9publique arabe sahraouie d\u00e9mocratique (RASD), puisse aller dans le sens d&rsquo;une solution imm\u00e9diate au conflit du Sahara Occidental qui perdure au d\u00e9triment du peuple sahraoui\u00a0\u00bb.<\/p>\n<p>&#013;<\/p>\n<p>Il a propos\u00e9 dans ce sens la \u00ab\u00a0relance d&rsquo;une commission pr\u00e9sidentielle commune pour trouver une solution \u00e0 cette question\u00a0\u00bb.<\/p>\n<p>&#013;<\/p>\n<p>M. Chergui a estim\u00e9 que l&rsquo;adh\u00e9sion du Maroc \u00e0 l&rsquo;UA n&rsquo;\u00e9tait pas encore effective, exprimant le souhait qu&rsquo;il puisse \u00ab\u00a0influer positivement\u00a0\u00bb sur le d\u00e9nouement du conflit sahraoui.<\/p>\n<p>&#013;<\/p>\n<p>Pour ce qui est de la politique de la France vis-\u00e0-vis de la cause sahraouie apr\u00e8s l&rsquo;acc\u00e8s d&rsquo;Emmanuel Macron au pouvoir, le Commissaire \u00e0 la paix et \u00e0 la s\u00e9curit\u00e9 de l&rsquo;UA consid\u00e8re qu&rsquo;il est encore t\u00f4t pour \u00e9voquer cette question, n\u00e9anmoins, a-t-il ajout\u00e9, \u00ab\u00a0les pays membres du Conseil de paix et de s\u00e9curit\u00e9 doivent faire preuve de responsabilit\u00e9 et \u0153uvrer au r\u00e8glement de la question sahraouie\u00a0\u00bb.<\/p>\n<p>&#013;<\/p>\n<p>\u00a0<\/p>\n<p>&#013;<\/p>\n<p style=\"text-align: center\"><strong>AFRIPOL&#8230; pour le renforcement des capacit\u00e9s de l&rsquo;UA dans la lutte contre le terrorisme et le crime organis\u00e9<\/strong><\/p>\n<p>&#013;<\/p>\n<p>\u00a0<\/p>\n<p>&#013;<\/p>\n<p>Le commissaire \u00e0 la paix et la s\u00e9curit\u00e9 de l&rsquo;UA a estim\u00e9 qu&rsquo;AFRIPOL, m\u00e9canisme adopt\u00e9 \u00e0 Addis-Abeba par les chefs d&rsquo;Etat et de gouvernement de l&rsquo;UA, \u00e9tait \u00e0 m\u00eame de servir \u00ab\u00a0la paix et de la s\u00e9curit\u00e9 dans le Continent \u00e0 la lumi\u00e8re des d\u00e9fis auxquels il fait face\u00a0\u00bb.<\/p>\n<p>&#013;<\/p>\n<p>\u00ab\u00a0En tant qu&rsquo;Union africaine, nous devons mobiliser nos arm\u00e9s et polices pour intervenir, en \u00e9vitant toutefois d&rsquo;att\u00e9nuer les crises\u00a0\u00bb, a-t-il soutenu, ajoutant que \u00ab\u00a0nous avons adopt\u00e9 une feuille de route pour faire face au terrorisme et au crime organis\u00e9\u00a0\u00bb.<\/p>\n<p>&#013;<\/p>\n<p>Dans le m\u00eame contexte, M. Chergui a affirm\u00e9 qu&rsquo;AFRIPOL \u00ab\u00a0renforcera les capacit\u00e9s de l&rsquo;Union africaine\u00a0\u00bb pour faire face \u00e0 la criminalit\u00e9 dont la cybercriminalit\u00e9, le trafic de drogue et la traite d&rsquo;humains, ajoutant que ce m\u00e9canisme pr\u00e9sid\u00e9 par l&rsquo;Alg\u00e9rie cr\u00e9era un r\u00e9seau de communication entre l&rsquo;ensemble des pays africains en vue d&rsquo;\u00e9changer les informations et de coop\u00e9rer pour \u00e9radiquer la criminalit\u00e9 sous toutes ses formes.<\/p>\n<p>&#013;<\/p>\n<p>Il a estim\u00e9 \u00e9galement que la pr\u00e9sence en Alg\u00e9rie des chefs de police des pays africains \u00e0 l&rsquo;occasion de l&rsquo;assembl\u00e9e g\u00e9n\u00e9rale d&rsquo;AFRIPOL avait permis de dynamiser la coop\u00e9ration dans ce domaine.<\/p>\n<p>&#013;<\/p>\n<p>En ce qui concerne des organisations terroristes, M. Chergui a mis l&rsquo;accent sur \u00ab\u00a0imp\u00e9ratif de lutter sans rel\u00e2che contre le terrorisme\u00a0\u00bb, relevant dans le m\u00eame sillage que \u00ab\u00a0les r\u00e9seaux terroristes comme El Qa\u00efda et Daech ne sont pas un produit de l&rsquo;Afrique\u00a0\u00bb.<\/p>\n<p>&#013;<\/p>\n<p>Il a mis en garde contre le d\u00e9placement des terroristes en provenance de Syrie et d&rsquo;Irak vers l&rsquo;Afrique, dont certains se sont d\u00e9plac\u00e9s via le Y\u00e9men et se sont \u00e9tablis en Somalie, affirmant que la question \u00e9tait \u00ab\u00a0en cours d&rsquo;examen par le Conseil de paix et de s\u00e9curit\u00e9 de l&rsquo;UA\u00a0\u00bb.<\/p>\n<p>&#013;<\/p>\n<p>A cette occasion, M. Chergui a soulign\u00e9 que le Conseil pour la paix et la s\u00e9curit\u00e9 africain \u0153uvrait en coordination avec le Conseil de s\u00e9curit\u00e9 onusien au r\u00e8glement de plusieurs questions int\u00e9ressant le continent, \u00e0 l&rsquo;instar \u00ab\u00a0des eaux du Nil, de la relation entre les pays de l&rsquo;Afrique de l&rsquo;est, la situation au Soudan-sud, au Nigeria et en Somalie\u00a0\u00bb, mettant en\u00a0 avant \u00ab\u00a0l&rsquo;imp\u00e9ratif d&rsquo;\u00e9difier des institutions fortes dans les pays africains pour freiner tout impact de crise\u00a0\u00bb.<\/p>\n<p>&#013;<\/p>\n<p>Concernant l&rsquo;efficacit\u00e9 dans la prise de d\u00e9cision, M. Chergui a soulign\u00e9 que \u00ab\u00a0la prise en charge par l&rsquo;UA des frais relatifs au r\u00e8glement des crises limitera l&rsquo;intervention \u00e9trang\u00e8re\u00a0\u00bb.<\/p>\n<p>&#013;<\/p>\n<p>Le Commissaire \u00e0 la paix et \u00e0 la s\u00e9curit\u00e9 de l&rsquo;UA a salu\u00e9 \u00ab\u00a0le r\u00f4le pr\u00e9pond\u00e9rant\u00a0\u00bb de l&rsquo;Alg\u00e9rie, ses efforts et sa contribution en faveur du r\u00e9tablissement de la stabilit\u00e9 et de la s\u00e9curit\u00e9 en Afrique, mettant en avant \u00e9galement l&rsquo;efficacit\u00e9 de la diplomatie alg\u00e9rienne dans le r\u00e8glement des crises qui secouent certains pays africains \u00e0 l&rsquo;instar de la Libye et du Mali.<\/p>\n<p>&#013;<\/p>\n<p class=\"MsoNormal\">Il a rappel\u00e9 en outre la \u00ab\u00a0d\u00e9cision historique\u00a0\u00bb prise lors du sommet de l&rsquo;ex-Organisation de l&rsquo;unit\u00e9 africaine (OUA) tenu en 1999 \u00e0 Alger sous la pr\u00e9sidence \u00ab\u00a0\u00e9clair\u00e9e\u00a0\u00bb du pr\u00e9sident de la R\u00e9publique, Abdelaziz Bouteflika pour \u00ab\u00a0contrer les coups d&rsquo;Etat et les tentatives de prise de pouvoir par la force\u00a0\u00bb, ajoutant que cette d\u00e9cision avait \u00ab\u00a0contribu\u00e9 \u00e0 la stabilit\u00e9 du continent africain\u00a0\u00bb.<\/p>\n<\/div>\n<p>&#013;<br \/>\nSource: <a href=\"http:\/\/www.aps.dz\/algerie\/57754-les-questions-de-paix-de-securite-et-de-stabilite-en-afrique-evoquees-a-alger\" target=\"_blank\">Les questions de paix, de s\u00e9curit\u00e9 et de stabilit\u00e9 en Afrique \u00e9voqu\u00e9es \u00e0 Alger<\/a><\/p>\n<!--CusAds0-->\n<div style=\"font-size: 0px; height: 0px; line-height: 0px; margin: 0; padding: 0; clear: both;\"><\/div>","protected":false},"excerpt":{"rendered":"<p>ALGER &#8211;\u00a0 Le Commissaire \u00e0 la paix et \u00e0 la s\u00e9curit\u00e9 de l&rsquo;Union africaine, Sma\u00efl Chergui, a expos\u00e9 mercredi \u00e0 Alger plusieurs axes relatifs \u00e0 la paix, \u00e0 la s\u00e9curit\u00e9 et \u00e0 la stabilit\u00e9 en Afrique, notamment la situation au Mali, en Libye, au Sahara Occidental, les r\u00e9seaux terroristes et le retour de leurs \u00e9l\u00e9ments<\/p>\n","protected":false},"author":6,"featured_media":12150,"comment_status":"open","ping_status":"open","sticky":false,"template":"","format":"standard","meta":{"footnotes":""},"categories":[22],"tags":[93],"class_list":["post-12149","post","type-post","status-publish","format-standard","has-post-thumbnail","hentry","category-infos","tag-onu"],"yoast_head":"<!-- This site is optimized with the Yoast SEO plugin v27.5 - https:\/\/yoast.com\/product\/yoast-seo-wordpress\/ -->\n<title>Les questions de paix, de s\u00e9curit\u00e9 et de stabilit\u00e9 en Afrique \u00e9voqu\u00e9es \u00e0 Alger - info algerie<\/title>\n<meta name=\"robots\" content=\"index, follow, max-snippet:-1, max-image-preview:large, max-video-preview:-1\" \/>\n<link rel=\"canonical\" href=\"https:\/\/www.info-algerie.com\/actualites\/les-questions-de-paix-de-securite-et-de-stabilite-en-afrique-evoquees-a-alger\/\" \/>\n<meta property=\"og:locale\" content=\"fr_FR\" \/>\n<meta property=\"og:type\" content=\"article\" \/>\n<meta property=\"og:title\" content=\"Les questions de paix, de s\u00e9curit\u00e9 et de stabilit\u00e9 en Afrique \u00e9voqu\u00e9es \u00e0 Alger - info algerie\" \/>\n<meta property=\"og:description\" content=\"ALGER &#8211;\u00a0 Le Commissaire \u00e0 la paix et \u00e0 la s\u00e9curit\u00e9 de l&rsquo;Union africaine, Sma\u00efl Chergui, a expos\u00e9 mercredi \u00e0 Alger plusieurs axes relatifs \u00e0 la paix, \u00e0 la s\u00e9curit\u00e9 et \u00e0 la stabilit\u00e9 en Afrique, notamment la situation au Mali, en Libye, au Sahara Occidental, les r\u00e9seaux terroristes et le retour de leurs \u00e9l\u00e9ments\" \/>\n<meta property=\"og:url\" content=\"https:\/\/www.info-algerie.com\/actualites\/les-questions-de-paix-de-securite-et-de-stabilite-en-afrique-evoquees-a-alger\/\" \/>\n<meta property=\"og:site_name\" content=\"info algerie\" \/>\n<meta property=\"article:publisher\" content=\"https:\/\/www.facebook.com\/infoalgerieactu\" \/>\n<meta property=\"article:published_time\" content=\"2017-05-18T07:37:54+00:00\" \/>\n<meta property=\"og:image\" content=\"https:\/\/www.info-algerie.com\/actualites\/wp-content\/uploads\/2017\/05\/47d143cf3b698f4b7783f55269179960_S-1.jpg\" \/>\n\t<meta property=\"og:image:width\" content=\"280\" \/>\n\t<meta property=\"og:image:height\" content=\"169\" \/>\n\t<meta property=\"og:image:type\" content=\"image\/jpeg\" \/>\n<meta name=\"author\" content=\"La r\u00e9daction\" \/>\n<meta name=\"twitter:label1\" content=\"\u00c9crit par\" \/>\n\t<meta name=\"twitter:data1\" content=\"La r\u00e9daction\" \/>\n\t<meta name=\"twitter:label2\" content=\"Dur\u00e9e de lecture estim\u00e9e\" \/>\n\t<meta name=\"twitter:data2\" content=\"6 minutes\" \/>\n<script type=\"application\/ld+json\" class=\"yoast-schema-graph\">{\"@context\":\"https:\\\/\\\/schema.org\",\"@graph\":[{\"@type\":\"Article\",\"@id\":\"https:\\\/\\\/www.info-algerie.com\\\/actualites\\\/les-questions-de-paix-de-securite-et-de-stabilite-en-afrique-evoquees-a-alger\\\/#article\",\"isPartOf\":{\"@id\":\"https:\\\/\\\/www.info-algerie.com\\\/actualites\\\/les-questions-de-paix-de-securite-et-de-stabilite-en-afrique-evoquees-a-alger\\\/\"},\"author\":{\"name\":\"La r\u00e9daction\",\"@id\":\"https:\\\/\\\/www.info-algerie.com\\\/actualites\\\/#\\\/schema\\\/person\\\/847aaec44920825b843a08f30ec6aa1e\"},\"headline\":\"Les questions de paix, de s\u00e9curit\u00e9 et de stabilit\u00e9 en Afrique \u00e9voqu\u00e9es \u00e0 Alger\",\"datePublished\":\"2017-05-18T07:37:54+00:00\",\"mainEntityOfPage\":{\"@id\":\"https:\\\/\\\/www.info-algerie.com\\\/actualites\\\/les-questions-de-paix-de-securite-et-de-stabilite-en-afrique-evoquees-a-alger\\\/\"},\"wordCount\":1326,\"commentCount\":0,\"publisher\":{\"@id\":\"https:\\\/\\\/www.info-algerie.com\\\/actualites\\\/#organization\"},\"image\":{\"@id\":\"https:\\\/\\\/www.info-algerie.com\\\/actualites\\\/les-questions-de-paix-de-securite-et-de-stabilite-en-afrique-evoquees-a-alger\\\/#primaryimage\"},\"thumbnailUrl\":\"https:\\\/\\\/www.info-algerie.com\\\/actualites\\\/wp-content\\\/uploads\\\/2017\\\/05\\\/47d143cf3b698f4b7783f55269179960_S-1.jpg\",\"keywords\":[\"ONU\"],\"articleSection\":[\"infos\"],\"inLanguage\":\"fr-FR\",\"potentialAction\":[{\"@type\":\"CommentAction\",\"name\":\"Comment\",\"target\":[\"https:\\\/\\\/www.info-algerie.com\\\/actualites\\\/les-questions-de-paix-de-securite-et-de-stabilite-en-afrique-evoquees-a-alger\\\/#respond\"]}]},{\"@type\":\"WebPage\",\"@id\":\"https:\\\/\\\/www.info-algerie.com\\\/actualites\\\/les-questions-de-paix-de-securite-et-de-stabilite-en-afrique-evoquees-a-alger\\\/\",\"url\":\"https:\\\/\\\/www.info-algerie.com\\\/actualites\\\/les-questions-de-paix-de-securite-et-de-stabilite-en-afrique-evoquees-a-alger\\\/\",\"name\":\"Les questions de paix, de s\u00e9curit\u00e9 et de stabilit\u00e9 en Afrique \u00e9voqu\u00e9es \u00e0 Alger - info algerie\",\"isPartOf\":{\"@id\":\"https:\\\/\\\/www.info-algerie.com\\\/actualites\\\/#website\"},\"primaryImageOfPage\":{\"@id\":\"https:\\\/\\\/www.info-algerie.com\\\/actualites\\\/les-questions-de-paix-de-securite-et-de-stabilite-en-afrique-evoquees-a-alger\\\/#primaryimage\"},\"image\":{\"@id\":\"https:\\\/\\\/www.info-algerie.com\\\/actualites\\\/les-questions-de-paix-de-securite-et-de-stabilite-en-afrique-evoquees-a-alger\\\/#primaryimage\"},\"thumbnailUrl\":\"https:\\\/\\\/www.info-algerie.com\\\/actualites\\\/wp-content\\\/uploads\\\/2017\\\/05\\\/47d143cf3b698f4b7783f55269179960_S-1.jpg\",\"datePublished\":\"2017-05-18T07:37:54+00:00\",\"breadcrumb\":{\"@id\":\"https:\\\/\\\/www.info-algerie.com\\\/actualites\\\/les-questions-de-paix-de-securite-et-de-stabilite-en-afrique-evoquees-a-alger\\\/#breadcrumb\"},\"inLanguage\":\"fr-FR\",\"potentialAction\":[{\"@type\":\"ReadAction\",\"target\":[\"https:\\\/\\\/www.info-algerie.com\\\/actualites\\\/les-questions-de-paix-de-securite-et-de-stabilite-en-afrique-evoquees-a-alger\\\/\"]}]},{\"@type\":\"ImageObject\",\"inLanguage\":\"fr-FR\",\"@id\":\"https:\\\/\\\/www.info-algerie.com\\\/actualites\\\/les-questions-de-paix-de-securite-et-de-stabilite-en-afrique-evoquees-a-alger\\\/#primaryimage\",\"url\":\"https:\\\/\\\/www.info-algerie.com\\\/actualites\\\/wp-content\\\/uploads\\\/2017\\\/05\\\/47d143cf3b698f4b7783f55269179960_S-1.jpg\",\"contentUrl\":\"https:\\\/\\\/www.info-algerie.com\\\/actualites\\\/wp-content\\\/uploads\\\/2017\\\/05\\\/47d143cf3b698f4b7783f55269179960_S-1.jpg\",\"width\":280,\"height\":169},{\"@type\":\"BreadcrumbList\",\"@id\":\"https:\\\/\\\/www.info-algerie.com\\\/actualites\\\/les-questions-de-paix-de-securite-et-de-stabilite-en-afrique-evoquees-a-alger\\\/#breadcrumb\",\"itemListElement\":[{\"@type\":\"ListItem\",\"position\":1,\"name\":\"Accueil\",\"item\":\"https:\\\/\\\/www.info-algerie.com\\\/actualites\\\/\"},{\"@type\":\"ListItem\",\"position\":2,\"name\":\"Les questions de paix, de s\u00e9curit\u00e9 et de stabilit\u00e9 en Afrique \u00e9voqu\u00e9es \u00e0 Alger\"}]},{\"@type\":\"WebSite\",\"@id\":\"https:\\\/\\\/www.info-algerie.com\\\/actualites\\\/#website\",\"url\":\"https:\\\/\\\/www.info-algerie.com\\\/actualites\\\/\",\"name\":\"info algerie\",\"description\":\"Toutes les actualit\u00e9s\",\"publisher\":{\"@id\":\"https:\\\/\\\/www.info-algerie.com\\\/actualites\\\/#organization\"},\"potentialAction\":[{\"@type\":\"SearchAction\",\"target\":{\"@type\":\"EntryPoint\",\"urlTemplate\":\"https:\\\/\\\/www.info-algerie.com\\\/actualites\\\/?s={search_term_string}\"},\"query-input\":{\"@type\":\"PropertyValueSpecification\",\"valueRequired\":true,\"valueName\":\"search_term_string\"}}],\"inLanguage\":\"fr-FR\"},{\"@type\":\"Organization\",\"@id\":\"https:\\\/\\\/www.info-algerie.com\\\/actualites\\\/#organization\",\"name\":\"info algerie\",\"url\":\"https:\\\/\\\/www.info-algerie.com\\\/actualites\\\/\",\"logo\":{\"@type\":\"ImageObject\",\"inLanguage\":\"fr-FR\",\"@id\":\"https:\\\/\\\/www.info-algerie.com\\\/actualites\\\/#\\\/schema\\\/logo\\\/image\\\/\",\"url\":\"https:\\\/\\\/www.info-algerie.com\\\/actualites\\\/wp-content\\\/uploads\\\/2022\\\/07\\\/logo-ia-120.png\",\"contentUrl\":\"https:\\\/\\\/www.info-algerie.com\\\/actualites\\\/wp-content\\\/uploads\\\/2022\\\/07\\\/logo-ia-120.png\",\"width\":120,\"height\":43,\"caption\":\"info algerie\"},\"image\":{\"@id\":\"https:\\\/\\\/www.info-algerie.com\\\/actualites\\\/#\\\/schema\\\/logo\\\/image\\\/\"},\"sameAs\":[\"https:\\\/\\\/www.facebook.com\\\/infoalgerieactu\",\"https:\\\/\\\/x.com\\\/infoalgerie1\"]},{\"@type\":\"Person\",\"@id\":\"https:\\\/\\\/www.info-algerie.com\\\/actualites\\\/#\\\/schema\\\/person\\\/847aaec44920825b843a08f30ec6aa1e\",\"name\":\"La r\u00e9daction\",\"image\":{\"@type\":\"ImageObject\",\"inLanguage\":\"fr-FR\",\"@id\":\"https:\\\/\\\/secure.gravatar.com\\\/avatar\\\/769db425c6f465158149f1ffd6cf61ce7a8a879d11dfbef8288af36dfddd418c?s=96&d=mm&r=g\",\"url\":\"https:\\\/\\\/secure.gravatar.com\\\/avatar\\\/769db425c6f465158149f1ffd6cf61ce7a8a879d11dfbef8288af36dfddd418c?s=96&d=mm&r=g\",\"contentUrl\":\"https:\\\/\\\/secure.gravatar.com\\\/avatar\\\/769db425c6f465158149f1ffd6cf61ce7a8a879d11dfbef8288af36dfddd418c?s=96&d=mm&r=g\",\"caption\":\"La r\u00e9daction\"},\"sameAs\":[\"http:\\\/\\\/www.lkeria.com\\\/\"],\"url\":\"https:\\\/\\\/www.info-algerie.com\\\/actualites\\\/author\\\/chakib32\\\/\"}]}<\/script>\n<!-- \/ Yoast SEO plugin. -->","yoast_head_json":{"title":"Les questions de paix, de s\u00e9curit\u00e9 et de stabilit\u00e9 en Afrique \u00e9voqu\u00e9es \u00e0 Alger - info algerie","robots":{"index":"index","follow":"follow","max-snippet":"max-snippet:-1","max-image-preview":"max-image-preview:large","max-video-preview":"max-video-preview:-1"},"canonical":"https:\/\/www.info-algerie.com\/actualites\/les-questions-de-paix-de-securite-et-de-stabilite-en-afrique-evoquees-a-alger\/","og_locale":"fr_FR","og_type":"article","og_title":"Les questions de paix, de s\u00e9curit\u00e9 et de stabilit\u00e9 en Afrique \u00e9voqu\u00e9es \u00e0 Alger - info algerie","og_description":"ALGER &#8211;\u00a0 Le Commissaire \u00e0 la paix et \u00e0 la s\u00e9curit\u00e9 de l&rsquo;Union africaine, Sma\u00efl Chergui, a expos\u00e9 mercredi \u00e0 Alger plusieurs axes relatifs \u00e0 la paix, \u00e0 la s\u00e9curit\u00e9 et \u00e0 la stabilit\u00e9 en Afrique, notamment la situation au Mali, en Libye, au Sahara Occidental, les r\u00e9seaux terroristes et le retour de leurs \u00e9l\u00e9ments","og_url":"https:\/\/www.info-algerie.com\/actualites\/les-questions-de-paix-de-securite-et-de-stabilite-en-afrique-evoquees-a-alger\/","og_site_name":"info algerie","article_publisher":"https:\/\/www.facebook.com\/infoalgerieactu","article_published_time":"2017-05-18T07:37:54+00:00","og_image":[{"width":280,"height":169,"url":"https:\/\/www.info-algerie.com\/actualites\/wp-content\/uploads\/2017\/05\/47d143cf3b698f4b7783f55269179960_S-1.jpg","type":"image\/jpeg"}],"author":"La r\u00e9daction","twitter_misc":{"\u00c9crit par":"La r\u00e9daction","Dur\u00e9e de lecture estim\u00e9e":"6 minutes"},"schema":{"@context":"https:\/\/schema.org","@graph":[{"@type":"Article","@id":"https:\/\/www.info-algerie.com\/actualites\/les-questions-de-paix-de-securite-et-de-stabilite-en-afrique-evoquees-a-alger\/#article","isPartOf":{"@id":"https:\/\/www.info-algerie.com\/actualites\/les-questions-de-paix-de-securite-et-de-stabilite-en-afrique-evoquees-a-alger\/"},"author":{"name":"La r\u00e9daction","@id":"https:\/\/www.info-algerie.com\/actualites\/#\/schema\/person\/847aaec44920825b843a08f30ec6aa1e"},"headline":"Les questions de paix, de s\u00e9curit\u00e9 et de stabilit\u00e9 en Afrique \u00e9voqu\u00e9es \u00e0 Alger","datePublished":"2017-05-18T07:37:54+00:00","mainEntityOfPage":{"@id":"https:\/\/www.info-algerie.com\/actualites\/les-questions-de-paix-de-securite-et-de-stabilite-en-afrique-evoquees-a-alger\/"},"wordCount":1326,"commentCount":0,"publisher":{"@id":"https:\/\/www.info-algerie.com\/actualites\/#organization"},"image":{"@id":"https:\/\/www.info-algerie.com\/actualites\/les-questions-de-paix-de-securite-et-de-stabilite-en-afrique-evoquees-a-alger\/#primaryimage"},"thumbnailUrl":"https:\/\/www.info-algerie.com\/actualites\/wp-content\/uploads\/2017\/05\/47d143cf3b698f4b7783f55269179960_S-1.jpg","keywords":["ONU"],"articleSection":["infos"],"inLanguage":"fr-FR","potentialAction":[{"@type":"CommentAction","name":"Comment","target":["https:\/\/www.info-algerie.com\/actualites\/les-questions-de-paix-de-securite-et-de-stabilite-en-afrique-evoquees-a-alger\/#respond"]}]},{"@type":"WebPage","@id":"https:\/\/www.info-algerie.com\/actualites\/les-questions-de-paix-de-securite-et-de-stabilite-en-afrique-evoquees-a-alger\/","url":"https:\/\/www.info-algerie.com\/actualites\/les-questions-de-paix-de-securite-et-de-stabilite-en-afrique-evoquees-a-alger\/","name":"Les questions de paix, de s\u00e9curit\u00e9 et de stabilit\u00e9 en Afrique \u00e9voqu\u00e9es \u00e0 Alger - info algerie","isPartOf":{"@id":"https:\/\/www.info-algerie.com\/actualites\/#website"},"primaryImageOfPage":{"@id":"https:\/\/www.info-algerie.com\/actualites\/les-questions-de-paix-de-securite-et-de-stabilite-en-afrique-evoquees-a-alger\/#primaryimage"},"image":{"@id":"https:\/\/www.info-algerie.com\/actualites\/les-questions-de-paix-de-securite-et-de-stabilite-en-afrique-evoquees-a-alger\/#primaryimage"},"thumbnailUrl":"https:\/\/www.info-algerie.com\/actualites\/wp-content\/uploads\/2017\/05\/47d143cf3b698f4b7783f55269179960_S-1.jpg","datePublished":"2017-05-18T07:37:54+00:00","breadcrumb":{"@id":"https:\/\/www.info-algerie.com\/actualites\/les-questions-de-paix-de-securite-et-de-stabilite-en-afrique-evoquees-a-alger\/#breadcrumb"},"inLanguage":"fr-FR","potentialAction":[{"@type":"ReadAction","target":["https:\/\/www.info-algerie.com\/actualites\/les-questions-de-paix-de-securite-et-de-stabilite-en-afrique-evoquees-a-alger\/"]}]},{"@type":"ImageObject","inLanguage":"fr-FR","@id":"https:\/\/www.info-algerie.com\/actualites\/les-questions-de-paix-de-securite-et-de-stabilite-en-afrique-evoquees-a-alger\/#primaryimage","url":"https:\/\/www.info-algerie.com\/actualites\/wp-content\/uploads\/2017\/05\/47d143cf3b698f4b7783f55269179960_S-1.jpg","contentUrl":"https:\/\/www.info-algerie.com\/actualites\/wp-content\/uploads\/2017\/05\/47d143cf3b698f4b7783f55269179960_S-1.jpg","width":280,"height":169},{"@type":"BreadcrumbList","@id":"https:\/\/www.info-algerie.com\/actualites\/les-questions-de-paix-de-securite-et-de-stabilite-en-afrique-evoquees-a-alger\/#breadcrumb","itemListElement":[{"@type":"ListItem","position":1,"name":"Accueil","item":"https:\/\/www.info-algerie.com\/actualites\/"},{"@type":"ListItem","position":2,"name":"Les questions de paix, de s\u00e9curit\u00e9 et de stabilit\u00e9 en Afrique \u00e9voqu\u00e9es \u00e0 Alger"}]},{"@type":"WebSite","@id":"https:\/\/www.info-algerie.com\/actualites\/#website","url":"https:\/\/www.info-algerie.com\/actualites\/","name":"info algerie","description":"Toutes les actualit\u00e9s","publisher":{"@id":"https:\/\/www.info-algerie.com\/actualites\/#organization"},"potentialAction":[{"@type":"SearchAction","target":{"@type":"EntryPoint","urlTemplate":"https:\/\/www.info-algerie.com\/actualites\/?s={search_term_string}"},"query-input":{"@type":"PropertyValueSpecification","valueRequired":true,"valueName":"search_term_string"}}],"inLanguage":"fr-FR"},{"@type":"Organization","@id":"https:\/\/www.info-algerie.com\/actualites\/#organization","name":"info algerie","url":"https:\/\/www.info-algerie.com\/actualites\/","logo":{"@type":"ImageObject","inLanguage":"fr-FR","@id":"https:\/\/www.info-algerie.com\/actualites\/#\/schema\/logo\/image\/","url":"https:\/\/www.info-algerie.com\/actualites\/wp-content\/uploads\/2022\/07\/logo-ia-120.png","contentUrl":"https:\/\/www.info-algerie.com\/actualites\/wp-content\/uploads\/2022\/07\/logo-ia-120.png","width":120,"height":43,"caption":"info algerie"},"image":{"@id":"https:\/\/www.info-algerie.com\/actualites\/#\/schema\/logo\/image\/"},"sameAs":["https:\/\/www.facebook.com\/infoalgerieactu","https:\/\/x.com\/infoalgerie1"]},{"@type":"Person","@id":"https:\/\/www.info-algerie.com\/actualites\/#\/schema\/person\/847aaec44920825b843a08f30ec6aa1e","name":"La r\u00e9daction","image":{"@type":"ImageObject","inLanguage":"fr-FR","@id":"https:\/\/secure.gravatar.com\/avatar\/769db425c6f465158149f1ffd6cf61ce7a8a879d11dfbef8288af36dfddd418c?s=96&d=mm&r=g","url":"https:\/\/secure.gravatar.com\/avatar\/769db425c6f465158149f1ffd6cf61ce7a8a879d11dfbef8288af36dfddd418c?s=96&d=mm&r=g","contentUrl":"https:\/\/secure.gravatar.com\/avatar\/769db425c6f465158149f1ffd6cf61ce7a8a879d11dfbef8288af36dfddd418c?s=96&d=mm&r=g","caption":"La r\u00e9daction"},"sameAs":["http:\/\/www.lkeria.com\/"],"url":"https:\/\/www.info-algerie.com\/actualites\/author\/chakib32\/"}]}},"_links":{"self":[{"href":"https:\/\/www.info-algerie.com\/actualites\/wp-json\/wp\/v2\/posts\/12149","targetHints":{"allow":["GET"]}}],"collection":[{"href":"https:\/\/www.info-algerie.com\/actualites\/wp-json\/wp\/v2\/posts"}],"about":[{"href":"https:\/\/www.info-algerie.com\/actualites\/wp-json\/wp\/v2\/types\/post"}],"author":[{"embeddable":true,"href":"https:\/\/www.info-algerie.com\/actualites\/wp-json\/wp\/v2\/users\/6"}],"replies":[{"embeddable":true,"href":"https:\/\/www.info-algerie.com\/actualites\/wp-json\/wp\/v2\/comments?post=12149"}],"version-history":[{"count":0,"href":"https:\/\/www.info-algerie.com\/actualites\/wp-json\/wp\/v2\/posts\/12149\/revisions"}],"wp:featuredmedia":[{"embeddable":true,"href":"https:\/\/www.info-algerie.com\/actualites\/wp-json\/wp\/v2\/media\/12150"}],"wp:attachment":[{"href":"https:\/\/www.info-algerie.com\/actualites\/wp-json\/wp\/v2\/media?parent=12149"}],"wp:term":[{"taxonomy":"category","embeddable":true,"href":"https:\/\/www.info-algerie.com\/actualites\/wp-json\/wp\/v2\/categories?post=12149"},{"taxonomy":"post_tag","embeddable":true,"href":"https:\/\/www.info-algerie.com\/actualites\/wp-json\/wp\/v2\/tags?post=12149"}],"curies":[{"name":"wp","href":"https:\/\/api.w.org\/{rel}","templated":true}]}}