{"id":12169,"date":"2017-05-18T18:13:35","date_gmt":"2017-05-18T17:13:35","guid":{"rendered":"http:\/\/www.info-algerie.com\/actualites\/la-moudjahida-izza-bouzekri-inhumee-jeudi-apres-midi-au-cimetiere-del-alia-a-alger\/"},"modified":"2017-05-18T18:13:35","modified_gmt":"2017-05-18T17:13:35","slug":"la-moudjahida-izza-bouzekri-inhumee-jeudi-apres-midi-au-cimetiere-del-alia-a-alger","status":"publish","type":"post","link":"https:\/\/www.info-algerie.com\/actualites\/la-moudjahida-izza-bouzekri-inhumee-jeudi-apres-midi-au-cimetiere-del-alia-a-alger\/","title":{"rendered":"La moudjahida Izza Bouzekri inhum\u00e9e jeudi apr\u00e8s-midi au cimeti\u00e8re d&#039;El-Alia\u00a0 \u00e0 Alger"},"content":{"rendered":"<div class=\"K2FeedImage\"><img decoding=\"async\" src=\"https:\/\/www.info-algerie.com\/actualites\/wp-content\/uploads\/2017\/05\/d2950a5aa2135f043285295d8ae4202b_S.jpg\" alt=\"La moudjahida Izza Bouzekri inhum&#xE9;e jeudi apr&#xE8;s-midi au cimeti&#xE8;re d'El-Alia&#xA0; &#xE0; Alger\" \/><\/div>\n<div class=\"K2FeedIntroText\">\n<p class=\"MsoNormal\">ALGER- La moudjahida Izza Bouzekri, veuve de Abane\u00a0 Ramdane, puis de Slimane Dehiles, dit colonel Sadek, d\u00e9c\u00e9d\u00e9e mercredi \u00e0\u00a0 Alger, \u00e0 l&rsquo;\u00e2ge de 88 ans, des suites d&rsquo;un arr\u00eat cardiaque, a \u00e9t\u00e9 inhum\u00e9e\u00a0 jeudi apr\u00e8s-midi au cimeti\u00e8re d&rsquo;El-Alia \u00e0 Alger.<\/p>\n<p>&#013;\n<\/p><\/div>\n<div class=\"K2FeedFullText\">&#013;<\/p>\n<p>Ont assist\u00e9 aux fun\u00e9railles de la d\u00e9funte, le secr\u00e9taire g\u00e9n\u00e9ral du\u00a0 minist\u00e8re des Moudjahidine, Khaldi Boumediene, le membre de la f\u00e9d\u00e9ration\u00a0 de France du Front de lib\u00e9ration nationale (FLN), Ali Haroun, le wali\u00a0 d&rsquo;Alger Abdelkader Zoukh et nombre de Moudjahidine, des proches et\u00a0 plusieurs citoyens.<\/p>\n<p>&#013;<\/p>\n<p>N\u00e9e le 15 septembre 1929 \u00e0 la Casbah (Alger), Mme Bouzekri avait commenc\u00e9\u00a0 son militantisme au sein de l&rsquo;Association des femmes musulmanes alg\u00e9riennes\u00a0 (AFMA) et \u00e9tait membre de l&rsquo;Organisation civile du FLN de 1955 \u00e0 1962.<\/p>\n<p>&#013;<\/p>\n<p>Outre la plate-forme du congr\u00e8s de la Soummam, la d\u00e9funte avait eu\u00a0 l&rsquo;honneur de taper les premiers num\u00e9ros du journal El Moudjahid. Apr\u00e8s la\u00a0 mort de Abane Ramdane en 1957, elle \u00e9pousa en 1959 son \u00ab\u00a0ami de toujours\u00a0\u00bb\u00a0 Slimane Dehiles, dit colonel Sadek.<\/p>\n<p>&#013;<\/p>\n<p>\u00a0<\/p>\n<p>&#013;<\/p>\n<p>Le ministre des Moudjahidine par int\u00e9rim, Mohamed Aissa, a adress\u00e9 un\u00a0 message de condol\u00e9ances \u00e0 la famille de la d\u00e9funte dans lequel il a rappel\u00e9\u00a0 son parcours de militante et de moudjahida, son engagement envers la\u00a0 patrie, et sa fid\u00e9lit\u00e9 au message des Chouhada.<\/p>\n<\/div>\n<p>&#013;<br \/>\nSource: <a href=\"http:\/\/www.aps.dz\/algerie\/57809-la-moudjahida-izza-bouzekri-inhumee-jeudi-apres-midi-au-cimetiere-d-el-alia-a-alger\" target=\"_blank\">La moudjahida Izza Bouzekri inhum\u00e9e jeudi apr\u00e8s-midi au cimeti\u00e8re d&rsquo;El-Alia\u00a0 \u00e0 Alger<\/a><\/p>\n<!--CusAds0-->\n<div style=\"font-size: 0px; height: 0px; line-height: 0px; margin: 0; padding: 0; clear: both;\"><\/div>","protected":false},"excerpt":{"rendered":"<p>ALGER- La moudjahida Izza Bouzekri, veuve de Abane\u00a0 Ramdane, puis de Slimane Dehiles, dit colonel Sadek, d\u00e9c\u00e9d\u00e9e mercredi \u00e0\u00a0 Alger, \u00e0 l&rsquo;\u00e2ge de 88 ans, des suites d&rsquo;un arr\u00eat cardiaque, a \u00e9t\u00e9 inhum\u00e9e\u00a0 jeudi apr\u00e8s-midi au cimeti\u00e8re d&rsquo;El-Alia \u00e0 Alger. &#013; &#013; Ont assist\u00e9 aux fun\u00e9railles de la d\u00e9funte, le secr\u00e9taire g\u00e9n\u00e9ral du\u00a0 minist\u00e8re des<\/p>\n","protected":false},"author":6,"featured_media":12170,"comment_status":"open","ping_status":"open","sticky":false,"template":"","format":"standard","meta":{"footnotes":""},"categories":[22],"tags":[93],"class_list":["post-12169","post","type-post","status-publish","format-standard","has-post-thumbnail","hentry","category-infos","tag-onu"],"yoast_head":"<!-- This site is optimized with the Yoast SEO plugin v27.5 - https:\/\/yoast.com\/product\/yoast-seo-wordpress\/ -->\n<title>La moudjahida Izza Bouzekri inhum\u00e9e jeudi apr\u00e8s-midi au cimeti\u00e8re d&#039;El-Alia\u00a0 \u00e0 Alger - info algerie<\/title>\n<meta name=\"robots\" content=\"index, follow, max-snippet:-1, max-image-preview:large, max-video-preview:-1\" \/>\n<link rel=\"canonical\" href=\"https:\/\/www.info-algerie.com\/actualites\/la-moudjahida-izza-bouzekri-inhumee-jeudi-apres-midi-au-cimetiere-del-alia-a-alger\/\" \/>\n<meta property=\"og:locale\" content=\"fr_FR\" \/>\n<meta property=\"og:type\" content=\"article\" \/>\n<meta property=\"og:title\" content=\"La moudjahida Izza Bouzekri inhum\u00e9e jeudi apr\u00e8s-midi au cimeti\u00e8re d&#039;El-Alia\u00a0 \u00e0 Alger - info algerie\" \/>\n<meta property=\"og:description\" content=\"ALGER- La moudjahida Izza Bouzekri, veuve de Abane\u00a0 Ramdane, puis de Slimane Dehiles, dit colonel Sadek, d\u00e9c\u00e9d\u00e9e mercredi \u00e0\u00a0 Alger, \u00e0 l&rsquo;\u00e2ge de 88 ans, des suites d&rsquo;un arr\u00eat cardiaque, a \u00e9t\u00e9 inhum\u00e9e\u00a0 jeudi apr\u00e8s-midi au cimeti\u00e8re d&rsquo;El-Alia \u00e0 Alger. &#013; &#013; Ont assist\u00e9 aux fun\u00e9railles de la d\u00e9funte, le secr\u00e9taire g\u00e9n\u00e9ral du\u00a0 minist\u00e8re des\" \/>\n<meta property=\"og:url\" content=\"https:\/\/www.info-algerie.com\/actualites\/la-moudjahida-izza-bouzekri-inhumee-jeudi-apres-midi-au-cimetiere-del-alia-a-alger\/\" \/>\n<meta property=\"og:site_name\" content=\"info algerie\" \/>\n<meta property=\"article:publisher\" content=\"https:\/\/www.facebook.com\/infoalgerieactu\" \/>\n<meta property=\"article:published_time\" content=\"2017-05-18T17:13:35+00:00\" \/>\n<meta property=\"og:image\" content=\"https:\/\/www.info-algerie.com\/actualites\/wp-content\/uploads\/2017\/05\/d2950a5aa2135f043285295d8ae4202b_S-1.jpg\" \/>\n\t<meta property=\"og:image:width\" content=\"280\" \/>\n\t<meta property=\"og:image:height\" content=\"180\" \/>\n\t<meta property=\"og:image:type\" content=\"image\/jpeg\" \/>\n<meta name=\"author\" content=\"La r\u00e9daction\" \/>\n<meta name=\"twitter:label1\" content=\"\u00c9crit par\" \/>\n\t<meta name=\"twitter:data1\" content=\"La r\u00e9daction\" \/>\n\t<meta name=\"twitter:label2\" content=\"Dur\u00e9e de lecture estim\u00e9e\" \/>\n\t<meta name=\"twitter:data2\" content=\"1 minute\" \/>\n<script type=\"application\/ld+json\" class=\"yoast-schema-graph\">{\"@context\":\"https:\\\/\\\/schema.org\",\"@graph\":[{\"@type\":\"Article\",\"@id\":\"https:\\\/\\\/www.info-algerie.com\\\/actualites\\\/la-moudjahida-izza-bouzekri-inhumee-jeudi-apres-midi-au-cimetiere-del-alia-a-alger\\\/#article\",\"isPartOf\":{\"@id\":\"https:\\\/\\\/www.info-algerie.com\\\/actualites\\\/la-moudjahida-izza-bouzekri-inhumee-jeudi-apres-midi-au-cimetiere-del-alia-a-alger\\\/\"},\"author\":{\"name\":\"La r\u00e9daction\",\"@id\":\"https:\\\/\\\/www.info-algerie.com\\\/actualites\\\/#\\\/schema\\\/person\\\/847aaec44920825b843a08f30ec6aa1e\"},\"headline\":\"La moudjahida Izza Bouzekri inhum\u00e9e jeudi apr\u00e8s-midi au cimeti\u00e8re d&#039;El-Alia\u00a0 \u00e0 Alger\",\"datePublished\":\"2017-05-18T17:13:35+00:00\",\"mainEntityOfPage\":{\"@id\":\"https:\\\/\\\/www.info-algerie.com\\\/actualites\\\/la-moudjahida-izza-bouzekri-inhumee-jeudi-apres-midi-au-cimetiere-del-alia-a-alger\\\/\"},\"wordCount\":259,\"commentCount\":0,\"publisher\":{\"@id\":\"https:\\\/\\\/www.info-algerie.com\\\/actualites\\\/#organization\"},\"image\":{\"@id\":\"https:\\\/\\\/www.info-algerie.com\\\/actualites\\\/la-moudjahida-izza-bouzekri-inhumee-jeudi-apres-midi-au-cimetiere-del-alia-a-alger\\\/#primaryimage\"},\"thumbnailUrl\":\"https:\\\/\\\/www.info-algerie.com\\\/actualites\\\/wp-content\\\/uploads\\\/2017\\\/05\\\/d2950a5aa2135f043285295d8ae4202b_S-1.jpg\",\"keywords\":[\"ONU\"],\"articleSection\":[\"infos\"],\"inLanguage\":\"fr-FR\",\"potentialAction\":[{\"@type\":\"CommentAction\",\"name\":\"Comment\",\"target\":[\"https:\\\/\\\/www.info-algerie.com\\\/actualites\\\/la-moudjahida-izza-bouzekri-inhumee-jeudi-apres-midi-au-cimetiere-del-alia-a-alger\\\/#respond\"]}]},{\"@type\":\"WebPage\",\"@id\":\"https:\\\/\\\/www.info-algerie.com\\\/actualites\\\/la-moudjahida-izza-bouzekri-inhumee-jeudi-apres-midi-au-cimetiere-del-alia-a-alger\\\/\",\"url\":\"https:\\\/\\\/www.info-algerie.com\\\/actualites\\\/la-moudjahida-izza-bouzekri-inhumee-jeudi-apres-midi-au-cimetiere-del-alia-a-alger\\\/\",\"name\":\"La moudjahida Izza Bouzekri inhum\u00e9e jeudi apr\u00e8s-midi au cimeti\u00e8re d&#039;El-Alia\u00a0 \u00e0 Alger - info algerie\",\"isPartOf\":{\"@id\":\"https:\\\/\\\/www.info-algerie.com\\\/actualites\\\/#website\"},\"primaryImageOfPage\":{\"@id\":\"https:\\\/\\\/www.info-algerie.com\\\/actualites\\\/la-moudjahida-izza-bouzekri-inhumee-jeudi-apres-midi-au-cimetiere-del-alia-a-alger\\\/#primaryimage\"},\"image\":{\"@id\":\"https:\\\/\\\/www.info-algerie.com\\\/actualites\\\/la-moudjahida-izza-bouzekri-inhumee-jeudi-apres-midi-au-cimetiere-del-alia-a-alger\\\/#primaryimage\"},\"thumbnailUrl\":\"https:\\\/\\\/www.info-algerie.com\\\/actualites\\\/wp-content\\\/uploads\\\/2017\\\/05\\\/d2950a5aa2135f043285295d8ae4202b_S-1.jpg\",\"datePublished\":\"2017-05-18T17:13:35+00:00\",\"breadcrumb\":{\"@id\":\"https:\\\/\\\/www.info-algerie.com\\\/actualites\\\/la-moudjahida-izza-bouzekri-inhumee-jeudi-apres-midi-au-cimetiere-del-alia-a-alger\\\/#breadcrumb\"},\"inLanguage\":\"fr-FR\",\"potentialAction\":[{\"@type\":\"ReadAction\",\"target\":[\"https:\\\/\\\/www.info-algerie.com\\\/actualites\\\/la-moudjahida-izza-bouzekri-inhumee-jeudi-apres-midi-au-cimetiere-del-alia-a-alger\\\/\"]}]},{\"@type\":\"ImageObject\",\"inLanguage\":\"fr-FR\",\"@id\":\"https:\\\/\\\/www.info-algerie.com\\\/actualites\\\/la-moudjahida-izza-bouzekri-inhumee-jeudi-apres-midi-au-cimetiere-del-alia-a-alger\\\/#primaryimage\",\"url\":\"https:\\\/\\\/www.info-algerie.com\\\/actualites\\\/wp-content\\\/uploads\\\/2017\\\/05\\\/d2950a5aa2135f043285295d8ae4202b_S-1.jpg\",\"contentUrl\":\"https:\\\/\\\/www.info-algerie.com\\\/actualites\\\/wp-content\\\/uploads\\\/2017\\\/05\\\/d2950a5aa2135f043285295d8ae4202b_S-1.jpg\",\"width\":280,\"height\":180},{\"@type\":\"BreadcrumbList\",\"@id\":\"https:\\\/\\\/www.info-algerie.com\\\/actualites\\\/la-moudjahida-izza-bouzekri-inhumee-jeudi-apres-midi-au-cimetiere-del-alia-a-alger\\\/#breadcrumb\",\"itemListElement\":[{\"@type\":\"ListItem\",\"position\":1,\"name\":\"Accueil\",\"item\":\"https:\\\/\\\/www.info-algerie.com\\\/actualites\\\/\"},{\"@type\":\"ListItem\",\"position\":2,\"name\":\"La moudjahida Izza Bouzekri inhum\u00e9e jeudi apr\u00e8s-midi au cimeti\u00e8re d&#039;El-Alia\u00a0 \u00e0 Alger\"}]},{\"@type\":\"WebSite\",\"@id\":\"https:\\\/\\\/www.info-algerie.com\\\/actualites\\\/#website\",\"url\":\"https:\\\/\\\/www.info-algerie.com\\\/actualites\\\/\",\"name\":\"info algerie\",\"description\":\"Toutes les actualit\u00e9s\",\"publisher\":{\"@id\":\"https:\\\/\\\/www.info-algerie.com\\\/actualites\\\/#organization\"},\"potentialAction\":[{\"@type\":\"SearchAction\",\"target\":{\"@type\":\"EntryPoint\",\"urlTemplate\":\"https:\\\/\\\/www.info-algerie.com\\\/actualites\\\/?s={search_term_string}\"},\"query-input\":{\"@type\":\"PropertyValueSpecification\",\"valueRequired\":true,\"valueName\":\"search_term_string\"}}],\"inLanguage\":\"fr-FR\"},{\"@type\":\"Organization\",\"@id\":\"https:\\\/\\\/www.info-algerie.com\\\/actualites\\\/#organization\",\"name\":\"info algerie\",\"url\":\"https:\\\/\\\/www.info-algerie.com\\\/actualites\\\/\",\"logo\":{\"@type\":\"ImageObject\",\"inLanguage\":\"fr-FR\",\"@id\":\"https:\\\/\\\/www.info-algerie.com\\\/actualites\\\/#\\\/schema\\\/logo\\\/image\\\/\",\"url\":\"https:\\\/\\\/www.info-algerie.com\\\/actualites\\\/wp-content\\\/uploads\\\/2022\\\/07\\\/logo-ia-120.png\",\"contentUrl\":\"https:\\\/\\\/www.info-algerie.com\\\/actualites\\\/wp-content\\\/uploads\\\/2022\\\/07\\\/logo-ia-120.png\",\"width\":120,\"height\":43,\"caption\":\"info algerie\"},\"image\":{\"@id\":\"https:\\\/\\\/www.info-algerie.com\\\/actualites\\\/#\\\/schema\\\/logo\\\/image\\\/\"},\"sameAs\":[\"https:\\\/\\\/www.facebook.com\\\/infoalgerieactu\",\"https:\\\/\\\/x.com\\\/infoalgerie1\"]},{\"@type\":\"Person\",\"@id\":\"https:\\\/\\\/www.info-algerie.com\\\/actualites\\\/#\\\/schema\\\/person\\\/847aaec44920825b843a08f30ec6aa1e\",\"name\":\"La r\u00e9daction\",\"image\":{\"@type\":\"ImageObject\",\"inLanguage\":\"fr-FR\",\"@id\":\"https:\\\/\\\/secure.gravatar.com\\\/avatar\\\/769db425c6f465158149f1ffd6cf61ce7a8a879d11dfbef8288af36dfddd418c?s=96&d=mm&r=g\",\"url\":\"https:\\\/\\\/secure.gravatar.com\\\/avatar\\\/769db425c6f465158149f1ffd6cf61ce7a8a879d11dfbef8288af36dfddd418c?s=96&d=mm&r=g\",\"contentUrl\":\"https:\\\/\\\/secure.gravatar.com\\\/avatar\\\/769db425c6f465158149f1ffd6cf61ce7a8a879d11dfbef8288af36dfddd418c?s=96&d=mm&r=g\",\"caption\":\"La r\u00e9daction\"},\"sameAs\":[\"http:\\\/\\\/www.lkeria.com\\\/\"],\"url\":\"https:\\\/\\\/www.info-algerie.com\\\/actualites\\\/author\\\/chakib32\\\/\"}]}<\/script>\n<!-- \/ Yoast SEO plugin. -->","yoast_head_json":{"title":"La moudjahida Izza Bouzekri inhum\u00e9e jeudi apr\u00e8s-midi au cimeti\u00e8re d&#039;El-Alia\u00a0 \u00e0 Alger - info algerie","robots":{"index":"index","follow":"follow","max-snippet":"max-snippet:-1","max-image-preview":"max-image-preview:large","max-video-preview":"max-video-preview:-1"},"canonical":"https:\/\/www.info-algerie.com\/actualites\/la-moudjahida-izza-bouzekri-inhumee-jeudi-apres-midi-au-cimetiere-del-alia-a-alger\/","og_locale":"fr_FR","og_type":"article","og_title":"La moudjahida Izza Bouzekri inhum\u00e9e jeudi apr\u00e8s-midi au cimeti\u00e8re d&#039;El-Alia\u00a0 \u00e0 Alger - info algerie","og_description":"ALGER- La moudjahida Izza Bouzekri, veuve de Abane\u00a0 Ramdane, puis de Slimane Dehiles, dit colonel Sadek, d\u00e9c\u00e9d\u00e9e mercredi \u00e0\u00a0 Alger, \u00e0 l&rsquo;\u00e2ge de 88 ans, des suites d&rsquo;un arr\u00eat cardiaque, a \u00e9t\u00e9 inhum\u00e9e\u00a0 jeudi apr\u00e8s-midi au cimeti\u00e8re d&rsquo;El-Alia \u00e0 Alger. &#013; &#013; Ont assist\u00e9 aux fun\u00e9railles de la d\u00e9funte, le secr\u00e9taire g\u00e9n\u00e9ral du\u00a0 minist\u00e8re des","og_url":"https:\/\/www.info-algerie.com\/actualites\/la-moudjahida-izza-bouzekri-inhumee-jeudi-apres-midi-au-cimetiere-del-alia-a-alger\/","og_site_name":"info algerie","article_publisher":"https:\/\/www.facebook.com\/infoalgerieactu","article_published_time":"2017-05-18T17:13:35+00:00","og_image":[{"width":280,"height":180,"url":"https:\/\/www.info-algerie.com\/actualites\/wp-content\/uploads\/2017\/05\/d2950a5aa2135f043285295d8ae4202b_S-1.jpg","type":"image\/jpeg"}],"author":"La r\u00e9daction","twitter_misc":{"\u00c9crit par":"La r\u00e9daction","Dur\u00e9e de lecture estim\u00e9e":"1 minute"},"schema":{"@context":"https:\/\/schema.org","@graph":[{"@type":"Article","@id":"https:\/\/www.info-algerie.com\/actualites\/la-moudjahida-izza-bouzekri-inhumee-jeudi-apres-midi-au-cimetiere-del-alia-a-alger\/#article","isPartOf":{"@id":"https:\/\/www.info-algerie.com\/actualites\/la-moudjahida-izza-bouzekri-inhumee-jeudi-apres-midi-au-cimetiere-del-alia-a-alger\/"},"author":{"name":"La r\u00e9daction","@id":"https:\/\/www.info-algerie.com\/actualites\/#\/schema\/person\/847aaec44920825b843a08f30ec6aa1e"},"headline":"La moudjahida Izza Bouzekri inhum\u00e9e jeudi apr\u00e8s-midi au cimeti\u00e8re d&#039;El-Alia\u00a0 \u00e0 Alger","datePublished":"2017-05-18T17:13:35+00:00","mainEntityOfPage":{"@id":"https:\/\/www.info-algerie.com\/actualites\/la-moudjahida-izza-bouzekri-inhumee-jeudi-apres-midi-au-cimetiere-del-alia-a-alger\/"},"wordCount":259,"commentCount":0,"publisher":{"@id":"https:\/\/www.info-algerie.com\/actualites\/#organization"},"image":{"@id":"https:\/\/www.info-algerie.com\/actualites\/la-moudjahida-izza-bouzekri-inhumee-jeudi-apres-midi-au-cimetiere-del-alia-a-alger\/#primaryimage"},"thumbnailUrl":"https:\/\/www.info-algerie.com\/actualites\/wp-content\/uploads\/2017\/05\/d2950a5aa2135f043285295d8ae4202b_S-1.jpg","keywords":["ONU"],"articleSection":["infos"],"inLanguage":"fr-FR","potentialAction":[{"@type":"CommentAction","name":"Comment","target":["https:\/\/www.info-algerie.com\/actualites\/la-moudjahida-izza-bouzekri-inhumee-jeudi-apres-midi-au-cimetiere-del-alia-a-alger\/#respond"]}]},{"@type":"WebPage","@id":"https:\/\/www.info-algerie.com\/actualites\/la-moudjahida-izza-bouzekri-inhumee-jeudi-apres-midi-au-cimetiere-del-alia-a-alger\/","url":"https:\/\/www.info-algerie.com\/actualites\/la-moudjahida-izza-bouzekri-inhumee-jeudi-apres-midi-au-cimetiere-del-alia-a-alger\/","name":"La moudjahida Izza Bouzekri inhum\u00e9e jeudi apr\u00e8s-midi au cimeti\u00e8re d&#039;El-Alia\u00a0 \u00e0 Alger - info algerie","isPartOf":{"@id":"https:\/\/www.info-algerie.com\/actualites\/#website"},"primaryImageOfPage":{"@id":"https:\/\/www.info-algerie.com\/actualites\/la-moudjahida-izza-bouzekri-inhumee-jeudi-apres-midi-au-cimetiere-del-alia-a-alger\/#primaryimage"},"image":{"@id":"https:\/\/www.info-algerie.com\/actualites\/la-moudjahida-izza-bouzekri-inhumee-jeudi-apres-midi-au-cimetiere-del-alia-a-alger\/#primaryimage"},"thumbnailUrl":"https:\/\/www.info-algerie.com\/actualites\/wp-content\/uploads\/2017\/05\/d2950a5aa2135f043285295d8ae4202b_S-1.jpg","datePublished":"2017-05-18T17:13:35+00:00","breadcrumb":{"@id":"https:\/\/www.info-algerie.com\/actualites\/la-moudjahida-izza-bouzekri-inhumee-jeudi-apres-midi-au-cimetiere-del-alia-a-alger\/#breadcrumb"},"inLanguage":"fr-FR","potentialAction":[{"@type":"ReadAction","target":["https:\/\/www.info-algerie.com\/actualites\/la-moudjahida-izza-bouzekri-inhumee-jeudi-apres-midi-au-cimetiere-del-alia-a-alger\/"]}]},{"@type":"ImageObject","inLanguage":"fr-FR","@id":"https:\/\/www.info-algerie.com\/actualites\/la-moudjahida-izza-bouzekri-inhumee-jeudi-apres-midi-au-cimetiere-del-alia-a-alger\/#primaryimage","url":"https:\/\/www.info-algerie.com\/actualites\/wp-content\/uploads\/2017\/05\/d2950a5aa2135f043285295d8ae4202b_S-1.jpg","contentUrl":"https:\/\/www.info-algerie.com\/actualites\/wp-content\/uploads\/2017\/05\/d2950a5aa2135f043285295d8ae4202b_S-1.jpg","width":280,"height":180},{"@type":"BreadcrumbList","@id":"https:\/\/www.info-algerie.com\/actualites\/la-moudjahida-izza-bouzekri-inhumee-jeudi-apres-midi-au-cimetiere-del-alia-a-alger\/#breadcrumb","itemListElement":[{"@type":"ListItem","position":1,"name":"Accueil","item":"https:\/\/www.info-algerie.com\/actualites\/"},{"@type":"ListItem","position":2,"name":"La moudjahida Izza Bouzekri inhum\u00e9e jeudi apr\u00e8s-midi au cimeti\u00e8re d&#039;El-Alia\u00a0 \u00e0 Alger"}]},{"@type":"WebSite","@id":"https:\/\/www.info-algerie.com\/actualites\/#website","url":"https:\/\/www.info-algerie.com\/actualites\/","name":"info algerie","description":"Toutes les actualit\u00e9s","publisher":{"@id":"https:\/\/www.info-algerie.com\/actualites\/#organization"},"potentialAction":[{"@type":"SearchAction","target":{"@type":"EntryPoint","urlTemplate":"https:\/\/www.info-algerie.com\/actualites\/?s={search_term_string}"},"query-input":{"@type":"PropertyValueSpecification","valueRequired":true,"valueName":"search_term_string"}}],"inLanguage":"fr-FR"},{"@type":"Organization","@id":"https:\/\/www.info-algerie.com\/actualites\/#organization","name":"info algerie","url":"https:\/\/www.info-algerie.com\/actualites\/","logo":{"@type":"ImageObject","inLanguage":"fr-FR","@id":"https:\/\/www.info-algerie.com\/actualites\/#\/schema\/logo\/image\/","url":"https:\/\/www.info-algerie.com\/actualites\/wp-content\/uploads\/2022\/07\/logo-ia-120.png","contentUrl":"https:\/\/www.info-algerie.com\/actualites\/wp-content\/uploads\/2022\/07\/logo-ia-120.png","width":120,"height":43,"caption":"info algerie"},"image":{"@id":"https:\/\/www.info-algerie.com\/actualites\/#\/schema\/logo\/image\/"},"sameAs":["https:\/\/www.facebook.com\/infoalgerieactu","https:\/\/x.com\/infoalgerie1"]},{"@type":"Person","@id":"https:\/\/www.info-algerie.com\/actualites\/#\/schema\/person\/847aaec44920825b843a08f30ec6aa1e","name":"La r\u00e9daction","image":{"@type":"ImageObject","inLanguage":"fr-FR","@id":"https:\/\/secure.gravatar.com\/avatar\/769db425c6f465158149f1ffd6cf61ce7a8a879d11dfbef8288af36dfddd418c?s=96&d=mm&r=g","url":"https:\/\/secure.gravatar.com\/avatar\/769db425c6f465158149f1ffd6cf61ce7a8a879d11dfbef8288af36dfddd418c?s=96&d=mm&r=g","contentUrl":"https:\/\/secure.gravatar.com\/avatar\/769db425c6f465158149f1ffd6cf61ce7a8a879d11dfbef8288af36dfddd418c?s=96&d=mm&r=g","caption":"La r\u00e9daction"},"sameAs":["http:\/\/www.lkeria.com\/"],"url":"https:\/\/www.info-algerie.com\/actualites\/author\/chakib32\/"}]}},"_links":{"self":[{"href":"https:\/\/www.info-algerie.com\/actualites\/wp-json\/wp\/v2\/posts\/12169","targetHints":{"allow":["GET"]}}],"collection":[{"href":"https:\/\/www.info-algerie.com\/actualites\/wp-json\/wp\/v2\/posts"}],"about":[{"href":"https:\/\/www.info-algerie.com\/actualites\/wp-json\/wp\/v2\/types\/post"}],"author":[{"embeddable":true,"href":"https:\/\/www.info-algerie.com\/actualites\/wp-json\/wp\/v2\/users\/6"}],"replies":[{"embeddable":true,"href":"https:\/\/www.info-algerie.com\/actualites\/wp-json\/wp\/v2\/comments?post=12169"}],"version-history":[{"count":0,"href":"https:\/\/www.info-algerie.com\/actualites\/wp-json\/wp\/v2\/posts\/12169\/revisions"}],"wp:featuredmedia":[{"embeddable":true,"href":"https:\/\/www.info-algerie.com\/actualites\/wp-json\/wp\/v2\/media\/12170"}],"wp:attachment":[{"href":"https:\/\/www.info-algerie.com\/actualites\/wp-json\/wp\/v2\/media?parent=12169"}],"wp:term":[{"taxonomy":"category","embeddable":true,"href":"https:\/\/www.info-algerie.com\/actualites\/wp-json\/wp\/v2\/categories?post=12169"},{"taxonomy":"post_tag","embeddable":true,"href":"https:\/\/www.info-algerie.com\/actualites\/wp-json\/wp\/v2\/tags?post=12169"}],"curies":[{"name":"wp","href":"https:\/\/api.w.org\/{rel}","templated":true}]}}