{"id":12182,"date":"2017-05-18T18:54:23","date_gmt":"2017-05-18T17:54:23","guid":{"rendered":"http:\/\/www.info-algerie.com\/actualites\/le-general-major-hamel-en-visite-de-travail-vendredi-au-siege-dinterpol\/"},"modified":"2017-05-18T18:54:23","modified_gmt":"2017-05-18T17:54:23","slug":"le-general-major-hamel-en-visite-de-travail-vendredi-au-siege-dinterpol","status":"publish","type":"post","link":"https:\/\/www.info-algerie.com\/actualites\/le-general-major-hamel-en-visite-de-travail-vendredi-au-siege-dinterpol\/","title":{"rendered":"Le g\u00e9n\u00e9ral major Hamel en visite de travail vendredi au si\u00e8ge d&#039;Interpol  \u00a0"},"content":{"rendered":"<div class=\"K2FeedImage\"><img decoding=\"async\" src=\"https:\/\/www.info-algerie.com\/actualites\/wp-content\/uploads\/2017\/05\/33d5179eeef61a65774ed12a2bf49cf5_S.jpg\" alt=\"Le g&#xE9;n&#xE9;ral major Hamel en visite de travail vendredi au si&#xE8;ge d'Interpol  &#xA0;\" \/><\/div>\n<div class=\"K2FeedIntroText\">\n<p>\u00a0ALGER &#8211; Le Directeur g\u00e9n\u00e9ral de la s\u00fbret\u00e9 nationale, le\u00a0 g\u00e9n\u00e9ral major, Abdelghani Hamel, effectuera, vendredi, une visite de\u00a0 travail au si\u00e8ge de l&rsquo;Organisation internationale de police criminelle\u00a0 (Interpol), sis \u00e0 Lyon (France), accompagn\u00e9 d&rsquo;une importante d\u00e9l\u00e9gation\u00a0 compos\u00e9e de cadres de la Direction g\u00e9n\u00e9rale de la s\u00fbret\u00e9 nationale (DGSN),\u00a0 a indiqu\u00e9 jeudi un communiqu\u00e9 de la DGSN.<\/p>\n<p>&#013;\n<\/p><\/div>\n<div class=\"K2FeedFullText\">&#013;<\/p>\n<p>Lors de cette visite, le g\u00e9n\u00e9ral major Hamel devrait rencontrer de \u00ab\u00a0hauts\u00a0 responsables d&rsquo;Interpol \u00e0 leur t\u00eate le Secr\u00e9taire g\u00e9n\u00e9ral de\u00a0 l&rsquo;organisation, J\u00fcrgen Stock. Il s&rsquo;enquerra des diff\u00e9rentes structures et\u00a0 d\u00e9partements\u00a0\u00bb.<\/p>\n<p>&#013;<\/p>\n<p>Cette visite \u00ab\u00a0pratique\u00a0\u00bb s&rsquo;inscrit dans le cadre du \u00ab\u00a0renforcement de la\u00a0 coop\u00e9ration entre Interpol et la s\u00fbret\u00e9 nationale et la consolidation du\u00a0 r\u00f4le important et cl\u00e9 de la police alg\u00e9rienne au sein de cette organisation\u00a0 en mati\u00e8re d&rsquo;\u00e9change de donn\u00e9es et d&rsquo;informations pour faire face aux\u00a0 diff\u00e9rentes formes de criminalit\u00e9, y compris la nouvelle criminalit\u00e9\u00a0\u00bb,\u00a0 ajoute le communiqu\u00e9.<\/p>\n<p>&#013;<\/p>\n<p>\u00a0<\/p>\n<p>&#013;<\/p>\n<p>La visite se veut \u00ab\u00a0une opportunit\u00e9 pour asseoir un partenariat solide\u00a0 entre Interpol et Afripol, pr\u00e9sid\u00e9 par le g\u00e9n\u00e9ral major, Abdelghani Hamel,\u00a0 directeur g\u00e9n\u00e9ral de la s\u00fbret\u00e9 nationale\u00a0\u00bb, conclut le document.<\/p>\n<\/div>\n<p>&#013;<br \/>\nSource: <a href=\"http:\/\/www.aps.dz\/algerie\/57811-le-general-major-hamel-en-visite-de-travail-vendredi-au-siege-d-interpol\" target=\"_blank\">Le g\u00e9n\u00e9ral major Hamel en visite de travail vendredi au si\u00e8ge d&rsquo;Interpol  \u00a0<\/a><\/p>\n<!--CusAds0-->\n<div style=\"font-size: 0px; height: 0px; line-height: 0px; margin: 0; padding: 0; clear: both;\"><\/div>","protected":false},"excerpt":{"rendered":"<p>\u00a0ALGER &#8211; Le Directeur g\u00e9n\u00e9ral de la s\u00fbret\u00e9 nationale, le\u00a0 g\u00e9n\u00e9ral major, Abdelghani Hamel, effectuera, vendredi, une visite de\u00a0 travail au si\u00e8ge de l&rsquo;Organisation internationale de police criminelle\u00a0 (Interpol), sis \u00e0 Lyon (France), accompagn\u00e9 d&rsquo;une importante d\u00e9l\u00e9gation\u00a0 compos\u00e9e de cadres de la Direction g\u00e9n\u00e9rale de la s\u00fbret\u00e9 nationale (DGSN),\u00a0 a indiqu\u00e9 jeudi un communiqu\u00e9 de<\/p>\n","protected":false},"author":6,"featured_media":12183,"comment_status":"open","ping_status":"open","sticky":false,"template":"","format":"standard","meta":{"footnotes":""},"categories":[22],"tags":[93],"class_list":["post-12182","post","type-post","status-publish","format-standard","has-post-thumbnail","hentry","category-infos","tag-onu"],"yoast_head":"<!-- This site is optimized with the Yoast SEO plugin v27.5 - https:\/\/yoast.com\/product\/yoast-seo-wordpress\/ -->\n<title>Le g\u00e9n\u00e9ral major Hamel en visite de travail vendredi au si\u00e8ge d&#039;Interpol \u00a0 - info algerie<\/title>\n<meta name=\"robots\" content=\"index, follow, max-snippet:-1, max-image-preview:large, max-video-preview:-1\" \/>\n<link rel=\"canonical\" href=\"https:\/\/www.info-algerie.com\/actualites\/le-general-major-hamel-en-visite-de-travail-vendredi-au-siege-dinterpol\/\" \/>\n<meta property=\"og:locale\" content=\"fr_FR\" \/>\n<meta property=\"og:type\" content=\"article\" \/>\n<meta property=\"og:title\" content=\"Le g\u00e9n\u00e9ral major Hamel en visite de travail vendredi au si\u00e8ge d&#039;Interpol \u00a0 - info algerie\" \/>\n<meta property=\"og:description\" content=\"\u00a0ALGER &#8211; Le Directeur g\u00e9n\u00e9ral de la s\u00fbret\u00e9 nationale, le\u00a0 g\u00e9n\u00e9ral major, Abdelghani Hamel, effectuera, vendredi, une visite de\u00a0 travail au si\u00e8ge de l&rsquo;Organisation internationale de police criminelle\u00a0 (Interpol), sis \u00e0 Lyon (France), accompagn\u00e9 d&rsquo;une importante d\u00e9l\u00e9gation\u00a0 compos\u00e9e de cadres de la Direction g\u00e9n\u00e9rale de la s\u00fbret\u00e9 nationale (DGSN),\u00a0 a indiqu\u00e9 jeudi un communiqu\u00e9 de\" \/>\n<meta property=\"og:url\" content=\"https:\/\/www.info-algerie.com\/actualites\/le-general-major-hamel-en-visite-de-travail-vendredi-au-siege-dinterpol\/\" \/>\n<meta property=\"og:site_name\" content=\"info algerie\" \/>\n<meta property=\"article:publisher\" content=\"https:\/\/www.facebook.com\/infoalgerieactu\" \/>\n<meta property=\"article:published_time\" content=\"2017-05-18T17:54:23+00:00\" \/>\n<meta property=\"og:image\" content=\"https:\/\/www.info-algerie.com\/actualites\/wp-content\/uploads\/2017\/05\/33d5179eeef61a65774ed12a2bf49cf5_S-1.jpg\" \/>\n\t<meta property=\"og:image:width\" content=\"280\" \/>\n\t<meta property=\"og:image:height\" content=\"187\" \/>\n\t<meta property=\"og:image:type\" content=\"image\/jpeg\" \/>\n<meta name=\"author\" content=\"La r\u00e9daction\" \/>\n<meta name=\"twitter:label1\" content=\"\u00c9crit par\" \/>\n\t<meta name=\"twitter:data1\" content=\"La r\u00e9daction\" \/>\n\t<meta name=\"twitter:label2\" content=\"Dur\u00e9e de lecture estim\u00e9e\" \/>\n\t<meta name=\"twitter:data2\" content=\"1 minute\" \/>\n<script type=\"application\/ld+json\" class=\"yoast-schema-graph\">{\"@context\":\"https:\\\/\\\/schema.org\",\"@graph\":[{\"@type\":\"Article\",\"@id\":\"https:\\\/\\\/www.info-algerie.com\\\/actualites\\\/le-general-major-hamel-en-visite-de-travail-vendredi-au-siege-dinterpol\\\/#article\",\"isPartOf\":{\"@id\":\"https:\\\/\\\/www.info-algerie.com\\\/actualites\\\/le-general-major-hamel-en-visite-de-travail-vendredi-au-siege-dinterpol\\\/\"},\"author\":{\"name\":\"La r\u00e9daction\",\"@id\":\"https:\\\/\\\/www.info-algerie.com\\\/actualites\\\/#\\\/schema\\\/person\\\/847aaec44920825b843a08f30ec6aa1e\"},\"headline\":\"Le g\u00e9n\u00e9ral major Hamel en visite de travail vendredi au si\u00e8ge d&#039;Interpol \u00a0\",\"datePublished\":\"2017-05-18T17:54:23+00:00\",\"mainEntityOfPage\":{\"@id\":\"https:\\\/\\\/www.info-algerie.com\\\/actualites\\\/le-general-major-hamel-en-visite-de-travail-vendredi-au-siege-dinterpol\\\/\"},\"wordCount\":250,\"commentCount\":0,\"publisher\":{\"@id\":\"https:\\\/\\\/www.info-algerie.com\\\/actualites\\\/#organization\"},\"image\":{\"@id\":\"https:\\\/\\\/www.info-algerie.com\\\/actualites\\\/le-general-major-hamel-en-visite-de-travail-vendredi-au-siege-dinterpol\\\/#primaryimage\"},\"thumbnailUrl\":\"https:\\\/\\\/www.info-algerie.com\\\/actualites\\\/wp-content\\\/uploads\\\/2017\\\/05\\\/33d5179eeef61a65774ed12a2bf49cf5_S-1.jpg\",\"keywords\":[\"ONU\"],\"articleSection\":[\"infos\"],\"inLanguage\":\"fr-FR\",\"potentialAction\":[{\"@type\":\"CommentAction\",\"name\":\"Comment\",\"target\":[\"https:\\\/\\\/www.info-algerie.com\\\/actualites\\\/le-general-major-hamel-en-visite-de-travail-vendredi-au-siege-dinterpol\\\/#respond\"]}]},{\"@type\":\"WebPage\",\"@id\":\"https:\\\/\\\/www.info-algerie.com\\\/actualites\\\/le-general-major-hamel-en-visite-de-travail-vendredi-au-siege-dinterpol\\\/\",\"url\":\"https:\\\/\\\/www.info-algerie.com\\\/actualites\\\/le-general-major-hamel-en-visite-de-travail-vendredi-au-siege-dinterpol\\\/\",\"name\":\"Le g\u00e9n\u00e9ral major Hamel en visite de travail vendredi au si\u00e8ge d&#039;Interpol \u00a0 - info algerie\",\"isPartOf\":{\"@id\":\"https:\\\/\\\/www.info-algerie.com\\\/actualites\\\/#website\"},\"primaryImageOfPage\":{\"@id\":\"https:\\\/\\\/www.info-algerie.com\\\/actualites\\\/le-general-major-hamel-en-visite-de-travail-vendredi-au-siege-dinterpol\\\/#primaryimage\"},\"image\":{\"@id\":\"https:\\\/\\\/www.info-algerie.com\\\/actualites\\\/le-general-major-hamel-en-visite-de-travail-vendredi-au-siege-dinterpol\\\/#primaryimage\"},\"thumbnailUrl\":\"https:\\\/\\\/www.info-algerie.com\\\/actualites\\\/wp-content\\\/uploads\\\/2017\\\/05\\\/33d5179eeef61a65774ed12a2bf49cf5_S-1.jpg\",\"datePublished\":\"2017-05-18T17:54:23+00:00\",\"breadcrumb\":{\"@id\":\"https:\\\/\\\/www.info-algerie.com\\\/actualites\\\/le-general-major-hamel-en-visite-de-travail-vendredi-au-siege-dinterpol\\\/#breadcrumb\"},\"inLanguage\":\"fr-FR\",\"potentialAction\":[{\"@type\":\"ReadAction\",\"target\":[\"https:\\\/\\\/www.info-algerie.com\\\/actualites\\\/le-general-major-hamel-en-visite-de-travail-vendredi-au-siege-dinterpol\\\/\"]}]},{\"@type\":\"ImageObject\",\"inLanguage\":\"fr-FR\",\"@id\":\"https:\\\/\\\/www.info-algerie.com\\\/actualites\\\/le-general-major-hamel-en-visite-de-travail-vendredi-au-siege-dinterpol\\\/#primaryimage\",\"url\":\"https:\\\/\\\/www.info-algerie.com\\\/actualites\\\/wp-content\\\/uploads\\\/2017\\\/05\\\/33d5179eeef61a65774ed12a2bf49cf5_S-1.jpg\",\"contentUrl\":\"https:\\\/\\\/www.info-algerie.com\\\/actualites\\\/wp-content\\\/uploads\\\/2017\\\/05\\\/33d5179eeef61a65774ed12a2bf49cf5_S-1.jpg\",\"width\":280,\"height\":187},{\"@type\":\"BreadcrumbList\",\"@id\":\"https:\\\/\\\/www.info-algerie.com\\\/actualites\\\/le-general-major-hamel-en-visite-de-travail-vendredi-au-siege-dinterpol\\\/#breadcrumb\",\"itemListElement\":[{\"@type\":\"ListItem\",\"position\":1,\"name\":\"Accueil\",\"item\":\"https:\\\/\\\/www.info-algerie.com\\\/actualites\\\/\"},{\"@type\":\"ListItem\",\"position\":2,\"name\":\"Le g\u00e9n\u00e9ral major Hamel en visite de travail vendredi au si\u00e8ge d&#039;Interpol \u00a0\"}]},{\"@type\":\"WebSite\",\"@id\":\"https:\\\/\\\/www.info-algerie.com\\\/actualites\\\/#website\",\"url\":\"https:\\\/\\\/www.info-algerie.com\\\/actualites\\\/\",\"name\":\"info algerie\",\"description\":\"Toutes les actualit\u00e9s\",\"publisher\":{\"@id\":\"https:\\\/\\\/www.info-algerie.com\\\/actualites\\\/#organization\"},\"potentialAction\":[{\"@type\":\"SearchAction\",\"target\":{\"@type\":\"EntryPoint\",\"urlTemplate\":\"https:\\\/\\\/www.info-algerie.com\\\/actualites\\\/?s={search_term_string}\"},\"query-input\":{\"@type\":\"PropertyValueSpecification\",\"valueRequired\":true,\"valueName\":\"search_term_string\"}}],\"inLanguage\":\"fr-FR\"},{\"@type\":\"Organization\",\"@id\":\"https:\\\/\\\/www.info-algerie.com\\\/actualites\\\/#organization\",\"name\":\"info algerie\",\"url\":\"https:\\\/\\\/www.info-algerie.com\\\/actualites\\\/\",\"logo\":{\"@type\":\"ImageObject\",\"inLanguage\":\"fr-FR\",\"@id\":\"https:\\\/\\\/www.info-algerie.com\\\/actualites\\\/#\\\/schema\\\/logo\\\/image\\\/\",\"url\":\"https:\\\/\\\/www.info-algerie.com\\\/actualites\\\/wp-content\\\/uploads\\\/2022\\\/07\\\/logo-ia-120.png\",\"contentUrl\":\"https:\\\/\\\/www.info-algerie.com\\\/actualites\\\/wp-content\\\/uploads\\\/2022\\\/07\\\/logo-ia-120.png\",\"width\":120,\"height\":43,\"caption\":\"info algerie\"},\"image\":{\"@id\":\"https:\\\/\\\/www.info-algerie.com\\\/actualites\\\/#\\\/schema\\\/logo\\\/image\\\/\"},\"sameAs\":[\"https:\\\/\\\/www.facebook.com\\\/infoalgerieactu\",\"https:\\\/\\\/x.com\\\/infoalgerie1\"]},{\"@type\":\"Person\",\"@id\":\"https:\\\/\\\/www.info-algerie.com\\\/actualites\\\/#\\\/schema\\\/person\\\/847aaec44920825b843a08f30ec6aa1e\",\"name\":\"La r\u00e9daction\",\"image\":{\"@type\":\"ImageObject\",\"inLanguage\":\"fr-FR\",\"@id\":\"https:\\\/\\\/secure.gravatar.com\\\/avatar\\\/769db425c6f465158149f1ffd6cf61ce7a8a879d11dfbef8288af36dfddd418c?s=96&d=mm&r=g\",\"url\":\"https:\\\/\\\/secure.gravatar.com\\\/avatar\\\/769db425c6f465158149f1ffd6cf61ce7a8a879d11dfbef8288af36dfddd418c?s=96&d=mm&r=g\",\"contentUrl\":\"https:\\\/\\\/secure.gravatar.com\\\/avatar\\\/769db425c6f465158149f1ffd6cf61ce7a8a879d11dfbef8288af36dfddd418c?s=96&d=mm&r=g\",\"caption\":\"La r\u00e9daction\"},\"sameAs\":[\"http:\\\/\\\/www.lkeria.com\\\/\"],\"url\":\"https:\\\/\\\/www.info-algerie.com\\\/actualites\\\/author\\\/chakib32\\\/\"}]}<\/script>\n<!-- \/ Yoast SEO plugin. -->","yoast_head_json":{"title":"Le g\u00e9n\u00e9ral major Hamel en visite de travail vendredi au si\u00e8ge d&#039;Interpol \u00a0 - info algerie","robots":{"index":"index","follow":"follow","max-snippet":"max-snippet:-1","max-image-preview":"max-image-preview:large","max-video-preview":"max-video-preview:-1"},"canonical":"https:\/\/www.info-algerie.com\/actualites\/le-general-major-hamel-en-visite-de-travail-vendredi-au-siege-dinterpol\/","og_locale":"fr_FR","og_type":"article","og_title":"Le g\u00e9n\u00e9ral major Hamel en visite de travail vendredi au si\u00e8ge d&#039;Interpol \u00a0 - info algerie","og_description":"\u00a0ALGER &#8211; Le Directeur g\u00e9n\u00e9ral de la s\u00fbret\u00e9 nationale, le\u00a0 g\u00e9n\u00e9ral major, Abdelghani Hamel, effectuera, vendredi, une visite de\u00a0 travail au si\u00e8ge de l&rsquo;Organisation internationale de police criminelle\u00a0 (Interpol), sis \u00e0 Lyon (France), accompagn\u00e9 d&rsquo;une importante d\u00e9l\u00e9gation\u00a0 compos\u00e9e de cadres de la Direction g\u00e9n\u00e9rale de la s\u00fbret\u00e9 nationale (DGSN),\u00a0 a indiqu\u00e9 jeudi un communiqu\u00e9 de","og_url":"https:\/\/www.info-algerie.com\/actualites\/le-general-major-hamel-en-visite-de-travail-vendredi-au-siege-dinterpol\/","og_site_name":"info algerie","article_publisher":"https:\/\/www.facebook.com\/infoalgerieactu","article_published_time":"2017-05-18T17:54:23+00:00","og_image":[{"width":280,"height":187,"url":"https:\/\/www.info-algerie.com\/actualites\/wp-content\/uploads\/2017\/05\/33d5179eeef61a65774ed12a2bf49cf5_S-1.jpg","type":"image\/jpeg"}],"author":"La r\u00e9daction","twitter_misc":{"\u00c9crit par":"La r\u00e9daction","Dur\u00e9e de lecture estim\u00e9e":"1 minute"},"schema":{"@context":"https:\/\/schema.org","@graph":[{"@type":"Article","@id":"https:\/\/www.info-algerie.com\/actualites\/le-general-major-hamel-en-visite-de-travail-vendredi-au-siege-dinterpol\/#article","isPartOf":{"@id":"https:\/\/www.info-algerie.com\/actualites\/le-general-major-hamel-en-visite-de-travail-vendredi-au-siege-dinterpol\/"},"author":{"name":"La r\u00e9daction","@id":"https:\/\/www.info-algerie.com\/actualites\/#\/schema\/person\/847aaec44920825b843a08f30ec6aa1e"},"headline":"Le g\u00e9n\u00e9ral major Hamel en visite de travail vendredi au si\u00e8ge d&#039;Interpol \u00a0","datePublished":"2017-05-18T17:54:23+00:00","mainEntityOfPage":{"@id":"https:\/\/www.info-algerie.com\/actualites\/le-general-major-hamel-en-visite-de-travail-vendredi-au-siege-dinterpol\/"},"wordCount":250,"commentCount":0,"publisher":{"@id":"https:\/\/www.info-algerie.com\/actualites\/#organization"},"image":{"@id":"https:\/\/www.info-algerie.com\/actualites\/le-general-major-hamel-en-visite-de-travail-vendredi-au-siege-dinterpol\/#primaryimage"},"thumbnailUrl":"https:\/\/www.info-algerie.com\/actualites\/wp-content\/uploads\/2017\/05\/33d5179eeef61a65774ed12a2bf49cf5_S-1.jpg","keywords":["ONU"],"articleSection":["infos"],"inLanguage":"fr-FR","potentialAction":[{"@type":"CommentAction","name":"Comment","target":["https:\/\/www.info-algerie.com\/actualites\/le-general-major-hamel-en-visite-de-travail-vendredi-au-siege-dinterpol\/#respond"]}]},{"@type":"WebPage","@id":"https:\/\/www.info-algerie.com\/actualites\/le-general-major-hamel-en-visite-de-travail-vendredi-au-siege-dinterpol\/","url":"https:\/\/www.info-algerie.com\/actualites\/le-general-major-hamel-en-visite-de-travail-vendredi-au-siege-dinterpol\/","name":"Le g\u00e9n\u00e9ral major Hamel en visite de travail vendredi au si\u00e8ge d&#039;Interpol \u00a0 - info algerie","isPartOf":{"@id":"https:\/\/www.info-algerie.com\/actualites\/#website"},"primaryImageOfPage":{"@id":"https:\/\/www.info-algerie.com\/actualites\/le-general-major-hamel-en-visite-de-travail-vendredi-au-siege-dinterpol\/#primaryimage"},"image":{"@id":"https:\/\/www.info-algerie.com\/actualites\/le-general-major-hamel-en-visite-de-travail-vendredi-au-siege-dinterpol\/#primaryimage"},"thumbnailUrl":"https:\/\/www.info-algerie.com\/actualites\/wp-content\/uploads\/2017\/05\/33d5179eeef61a65774ed12a2bf49cf5_S-1.jpg","datePublished":"2017-05-18T17:54:23+00:00","breadcrumb":{"@id":"https:\/\/www.info-algerie.com\/actualites\/le-general-major-hamel-en-visite-de-travail-vendredi-au-siege-dinterpol\/#breadcrumb"},"inLanguage":"fr-FR","potentialAction":[{"@type":"ReadAction","target":["https:\/\/www.info-algerie.com\/actualites\/le-general-major-hamel-en-visite-de-travail-vendredi-au-siege-dinterpol\/"]}]},{"@type":"ImageObject","inLanguage":"fr-FR","@id":"https:\/\/www.info-algerie.com\/actualites\/le-general-major-hamel-en-visite-de-travail-vendredi-au-siege-dinterpol\/#primaryimage","url":"https:\/\/www.info-algerie.com\/actualites\/wp-content\/uploads\/2017\/05\/33d5179eeef61a65774ed12a2bf49cf5_S-1.jpg","contentUrl":"https:\/\/www.info-algerie.com\/actualites\/wp-content\/uploads\/2017\/05\/33d5179eeef61a65774ed12a2bf49cf5_S-1.jpg","width":280,"height":187},{"@type":"BreadcrumbList","@id":"https:\/\/www.info-algerie.com\/actualites\/le-general-major-hamel-en-visite-de-travail-vendredi-au-siege-dinterpol\/#breadcrumb","itemListElement":[{"@type":"ListItem","position":1,"name":"Accueil","item":"https:\/\/www.info-algerie.com\/actualites\/"},{"@type":"ListItem","position":2,"name":"Le g\u00e9n\u00e9ral major Hamel en visite de travail vendredi au si\u00e8ge d&#039;Interpol \u00a0"}]},{"@type":"WebSite","@id":"https:\/\/www.info-algerie.com\/actualites\/#website","url":"https:\/\/www.info-algerie.com\/actualites\/","name":"info algerie","description":"Toutes les actualit\u00e9s","publisher":{"@id":"https:\/\/www.info-algerie.com\/actualites\/#organization"},"potentialAction":[{"@type":"SearchAction","target":{"@type":"EntryPoint","urlTemplate":"https:\/\/www.info-algerie.com\/actualites\/?s={search_term_string}"},"query-input":{"@type":"PropertyValueSpecification","valueRequired":true,"valueName":"search_term_string"}}],"inLanguage":"fr-FR"},{"@type":"Organization","@id":"https:\/\/www.info-algerie.com\/actualites\/#organization","name":"info algerie","url":"https:\/\/www.info-algerie.com\/actualites\/","logo":{"@type":"ImageObject","inLanguage":"fr-FR","@id":"https:\/\/www.info-algerie.com\/actualites\/#\/schema\/logo\/image\/","url":"https:\/\/www.info-algerie.com\/actualites\/wp-content\/uploads\/2022\/07\/logo-ia-120.png","contentUrl":"https:\/\/www.info-algerie.com\/actualites\/wp-content\/uploads\/2022\/07\/logo-ia-120.png","width":120,"height":43,"caption":"info algerie"},"image":{"@id":"https:\/\/www.info-algerie.com\/actualites\/#\/schema\/logo\/image\/"},"sameAs":["https:\/\/www.facebook.com\/infoalgerieactu","https:\/\/x.com\/infoalgerie1"]},{"@type":"Person","@id":"https:\/\/www.info-algerie.com\/actualites\/#\/schema\/person\/847aaec44920825b843a08f30ec6aa1e","name":"La r\u00e9daction","image":{"@type":"ImageObject","inLanguage":"fr-FR","@id":"https:\/\/secure.gravatar.com\/avatar\/769db425c6f465158149f1ffd6cf61ce7a8a879d11dfbef8288af36dfddd418c?s=96&d=mm&r=g","url":"https:\/\/secure.gravatar.com\/avatar\/769db425c6f465158149f1ffd6cf61ce7a8a879d11dfbef8288af36dfddd418c?s=96&d=mm&r=g","contentUrl":"https:\/\/secure.gravatar.com\/avatar\/769db425c6f465158149f1ffd6cf61ce7a8a879d11dfbef8288af36dfddd418c?s=96&d=mm&r=g","caption":"La r\u00e9daction"},"sameAs":["http:\/\/www.lkeria.com\/"],"url":"https:\/\/www.info-algerie.com\/actualites\/author\/chakib32\/"}]}},"_links":{"self":[{"href":"https:\/\/www.info-algerie.com\/actualites\/wp-json\/wp\/v2\/posts\/12182","targetHints":{"allow":["GET"]}}],"collection":[{"href":"https:\/\/www.info-algerie.com\/actualites\/wp-json\/wp\/v2\/posts"}],"about":[{"href":"https:\/\/www.info-algerie.com\/actualites\/wp-json\/wp\/v2\/types\/post"}],"author":[{"embeddable":true,"href":"https:\/\/www.info-algerie.com\/actualites\/wp-json\/wp\/v2\/users\/6"}],"replies":[{"embeddable":true,"href":"https:\/\/www.info-algerie.com\/actualites\/wp-json\/wp\/v2\/comments?post=12182"}],"version-history":[{"count":0,"href":"https:\/\/www.info-algerie.com\/actualites\/wp-json\/wp\/v2\/posts\/12182\/revisions"}],"wp:featuredmedia":[{"embeddable":true,"href":"https:\/\/www.info-algerie.com\/actualites\/wp-json\/wp\/v2\/media\/12183"}],"wp:attachment":[{"href":"https:\/\/www.info-algerie.com\/actualites\/wp-json\/wp\/v2\/media?parent=12182"}],"wp:term":[{"taxonomy":"category","embeddable":true,"href":"https:\/\/www.info-algerie.com\/actualites\/wp-json\/wp\/v2\/categories?post=12182"},{"taxonomy":"post_tag","embeddable":true,"href":"https:\/\/www.info-algerie.com\/actualites\/wp-json\/wp\/v2\/tags?post=12182"}],"curies":[{"name":"wp","href":"https:\/\/api.w.org\/{rel}","templated":true}]}}