{"id":12187,"date":"2017-05-18T20:30:57","date_gmt":"2017-05-18T19:30:57","guid":{"rendered":"http:\/\/www.info-algerie.com\/actualites\/premiere-seance-pleniere-au-titre-de-la-8eme-legislature-mardi-prochain\/"},"modified":"2017-05-18T20:30:57","modified_gmt":"2017-05-18T19:30:57","slug":"premiere-seance-pleniere-au-titre-de-la-8eme-legislature-mardi-prochain","status":"publish","type":"post","link":"https:\/\/www.info-algerie.com\/actualites\/premiere-seance-pleniere-au-titre-de-la-8eme-legislature-mardi-prochain\/","title":{"rendered":"Premi\u00e8re s\u00e9ance pl\u00e9ni\u00e8re au titre de la 8\u00e8me l\u00e9gislature mardi prochain\u00a0  \u00a0"},"content":{"rendered":"<div class=\"K2FeedImage\"><img decoding=\"async\" src=\"https:\/\/www.info-algerie.com\/actualites\/wp-content\/uploads\/2017\/05\/5afc17f87078b805585e7816d0676e84_S.jpg\" alt=\"Premi&#xE8;re s&#xE9;ance pl&#xE9;ni&#xE8;re au titre de la 8&#xE8;me l&#xE9;gislature mardi prochain&#xA0;  &#xA0;\" \/><\/div>\n<div class=\"K2FeedIntroText\">\n<p class=\"MsoNoSpacing\">\u00a0ALGER- La premi\u00e8re session pl\u00e9ni\u00e8re de l`Assembl\u00e9e\u00a0 populaire nationale (APN) au titre de la 8\u00e8me l\u00e9gislature, issue des\u00a0 \u00e9lections l\u00e9gislatives du 4 mai, se tiendra mardi prochain, conform\u00e9ment \u00e0\u00a0 la loi fondamentale, a appris l`APS jeudi aupr\u00e8s de cette instance\u00a0 l\u00e9gislative.<\/p>\n<p>&#013;\n<\/p><\/div>\n<div class=\"K2FeedFullText\">&#013;<\/p>\n<p>En effet, l&rsquo;article 130 de la Constitution stipule que \u00ab\u00a0la l\u00e9gislature\u00a0 d\u00e9bute de plein droit le quinzi\u00e8me (15\u00e8me) jour suivant la date de\u00a0 proclamation des r\u00e9sultats par le Conseil\u00a0 constitutionnel, sous la\u00a0<span style=\"font-size: 12.16px\">pr\u00e9sidence du doyen d&rsquo;\u00e2ge de l&rsquo;Assembl\u00e9e populaire nationale, assist\u00e9 des<\/span><span style=\"font-size: 12.16px\">\u00a0 <\/span><span style=\"font-size: 12.16px\">deux d\u00e9put\u00e9s les plus jeunes\u00a0\u00bb.<\/span><\/p>\n<p>&#013;<\/p>\n<p>L&rsquo;installation officielle de cette Assembl\u00e9e sera pr\u00e9sid\u00e9e par le doyen\u00a0 des d\u00e9put\u00e9s \u00e9lus assist\u00e9 des deux plus jeunes d\u00e9put\u00e9s, conform\u00e9ment \u00e0\u00a0 l`article 2 du r\u00e8glement int\u00e9rieur de l`APN.<\/p>\n<p>&#013;<\/p>\n<p>La chambre basse proc\u00e8de, par la suite, selon l&rsquo;article 130 de la\u00a0 Constitution \u00e0 \u00ab\u00a0l&rsquo;\u00e9lection de son bureau et \u00e0 la constitution de ses\u00a0 commissions. Les dispositions ci-dessus sont applicables au Conseil de la\u00a0 nation\u00a0\u00bb, pr\u00e9cisant dans son article 131 que le pr\u00e9sident de l&rsquo;APN est \u00ab\u00a0\u00e9lu\u00a0 pour la dur\u00e9e de la l\u00e9gislature\u00a0\u00bb, alors que le pr\u00e9sident du Conseil de la\u00a0 nation est \u00e9lu apr\u00e8s chaque renouvellement partiel de la composition du\u00a0 Conseil.<\/p>\n<p>&#013;<\/p>\n<p>La Constitution souligne \u00e9galement, dans son article 132, que\u00a0 l&rsquo;organisation et le fonctionnement des deux chambres du Parlement, ainsi\u00a0 que leurs relations fonctionnelles avec le Gouvernement, sont fix\u00e9s par une\u00a0 loi organique, alors que leur budget est, quant \u00e0 lui, d\u00e9termin\u00e9 par la\u00a0 loi.\u00a0<\/p>\n<p>&#013;<\/p>\n<p>Les deux chambres du Parlement ont la charge d&rsquo;\u00e9laborer et d&rsquo;adopter,\u00a0 toujours selon le m\u00eame article de loi, leur r\u00e8glement int\u00e9rieur, relevant\u00a0 dans son article 133, que les s\u00e9ances du Parlement sont publiques. \u00ab\u00a0Il en\u00a0 est tenu un proc\u00e8s-verbal dont la publicit\u00e9 est assur\u00e9e dans les conditions\u00a0<span style=\"font-size: 12.16px\">fix\u00e9es par la loi organique. L&rsquo;APN et le Conseil de la Nation peuvent<\/span><span style=\"font-size: 12.16px\">\u00a0 <\/span><span style=\"font-size: 12.16px\">si\u00e9ger \u00e0 huis-clos, \u00e0 la demande de leurs Pr\u00e9sidents, de la majorit\u00e9 de<\/span><span style=\"font-size: 12.16px\">\u00a0 <\/span><span style=\"font-size: 12.16px\">leurs membres pr\u00e9sents ou du Premier ministre\u00a0\u00bb, pr\u00e9cise-t-on.<\/span><\/p>\n<p>&#013;<\/p>\n<p>Il est soulign\u00e9 \u00e9galement, selon la nouvelle Constitution dans son article\u00a0 134 que l&rsquo;APN et le Conseil de la nation cr\u00e9ent des commissions permanentes\u00a0 dans le cadre de leur r\u00e8glement int\u00e9rieur. \u00ab\u00a0Chaque commission permanente au\u00a0 niveau de chacune des deux chambres peut mettre sur pied une mission\u00a0 temporaire d&rsquo;information sur un sujet pr\u00e9cis ou sur une situation donn\u00e9e.\u00a0<span style=\"font-size: 12.16px\">Le r\u00e8glement int\u00e9rieur de chacune des deux chambres fixe les dispositions<\/span><span style=\"font-size: 12.16px\">\u00a0 <\/span><span style=\"font-size: 12.16px\">qui r\u00e9gissent la mission d&rsquo;information\u00a0\u00bb, indique-t-on.<\/span><span style=\"font-size: 12.16px\">\u00a0<\/span><\/p>\n<p>&#013;<\/p>\n<p>\u00a0<\/p>\n<p>&#013;<\/p>\n<p>Par ailleurs, il est not\u00e9 que le Parlement si\u00e8ge, selon son article 135,\u00a0 en une session ordinaire par an, d&rsquo;une dur\u00e9e minimale de dix (10) mois.\u00a0 Celle-ci commence le deuxi\u00e8me jour ouvrable du mois de septembre.\u00a0 \u00a0Les 462 si\u00e8ges de l`APN sont r\u00e9partis entre 35 partis politiques et\u00a0 d\u00e9put\u00e9s ind\u00e9pendants.<\/p>\n<\/div>\n<p>&#013;<br \/>\nSource: <a href=\"http:\/\/www.aps.dz\/algerie\/57826-premiere-seance-pleniere-au-titre-de-la-8eme-legislature-mardi-prochain\" target=\"_blank\">Premi\u00e8re s\u00e9ance pl\u00e9ni\u00e8re au titre de la 8\u00e8me l\u00e9gislature mardi prochain\u00a0  \u00a0<\/a><\/p>\n<!--CusAds0-->\n<div style=\"font-size: 0px; height: 0px; line-height: 0px; margin: 0; padding: 0; clear: both;\"><\/div>","protected":false},"excerpt":{"rendered":"<p>\u00a0ALGER- La premi\u00e8re session pl\u00e9ni\u00e8re de l`Assembl\u00e9e\u00a0 populaire nationale (APN) au titre de la 8\u00e8me l\u00e9gislature, issue des\u00a0 \u00e9lections l\u00e9gislatives du 4 mai, se tiendra mardi prochain, conform\u00e9ment \u00e0\u00a0 la loi fondamentale, a appris l`APS jeudi aupr\u00e8s de cette instance\u00a0 l\u00e9gislative. &#013; &#013; En effet, l&rsquo;article 130 de la Constitution stipule que \u00ab\u00a0la l\u00e9gislature\u00a0 d\u00e9bute<\/p>\n","protected":false},"author":6,"featured_media":12188,"comment_status":"open","ping_status":"open","sticky":false,"template":"","format":"standard","meta":{"footnotes":""},"categories":[22],"tags":[93],"class_list":["post-12187","post","type-post","status-publish","format-standard","has-post-thumbnail","hentry","category-infos","tag-onu"],"yoast_head":"<!-- This site is optimized with the Yoast SEO plugin v27.5 - https:\/\/yoast.com\/product\/yoast-seo-wordpress\/ -->\n<title>Premi\u00e8re s\u00e9ance pl\u00e9ni\u00e8re au titre de la 8\u00e8me l\u00e9gislature mardi prochain\u00a0 \u00a0 - info algerie<\/title>\n<meta name=\"robots\" content=\"index, follow, max-snippet:-1, max-image-preview:large, max-video-preview:-1\" \/>\n<link rel=\"canonical\" href=\"https:\/\/www.info-algerie.com\/actualites\/premiere-seance-pleniere-au-titre-de-la-8eme-legislature-mardi-prochain\/\" \/>\n<meta property=\"og:locale\" content=\"fr_FR\" \/>\n<meta property=\"og:type\" content=\"article\" \/>\n<meta property=\"og:title\" content=\"Premi\u00e8re s\u00e9ance pl\u00e9ni\u00e8re au titre de la 8\u00e8me l\u00e9gislature mardi prochain\u00a0 \u00a0 - info algerie\" \/>\n<meta property=\"og:description\" content=\"\u00a0ALGER- La premi\u00e8re session pl\u00e9ni\u00e8re de l`Assembl\u00e9e\u00a0 populaire nationale (APN) au titre de la 8\u00e8me l\u00e9gislature, issue des\u00a0 \u00e9lections l\u00e9gislatives du 4 mai, se tiendra mardi prochain, conform\u00e9ment \u00e0\u00a0 la loi fondamentale, a appris l`APS jeudi aupr\u00e8s de cette instance\u00a0 l\u00e9gislative. &#013; &#013; En effet, l&rsquo;article 130 de la Constitution stipule que \u00ab\u00a0la l\u00e9gislature\u00a0 d\u00e9bute\" \/>\n<meta property=\"og:url\" content=\"https:\/\/www.info-algerie.com\/actualites\/premiere-seance-pleniere-au-titre-de-la-8eme-legislature-mardi-prochain\/\" \/>\n<meta property=\"og:site_name\" content=\"info algerie\" \/>\n<meta property=\"article:publisher\" content=\"https:\/\/www.facebook.com\/infoalgerieactu\" \/>\n<meta property=\"article:published_time\" content=\"2017-05-18T19:30:57+00:00\" \/>\n<meta property=\"og:image\" content=\"https:\/\/www.info-algerie.com\/actualites\/wp-content\/uploads\/2017\/05\/5afc17f87078b805585e7816d0676e84_S-1.jpg\" \/>\n\t<meta property=\"og:image:width\" content=\"280\" \/>\n\t<meta property=\"og:image:height\" content=\"158\" \/>\n\t<meta property=\"og:image:type\" content=\"image\/jpeg\" \/>\n<meta name=\"author\" content=\"La r\u00e9daction\" \/>\n<meta name=\"twitter:label1\" content=\"\u00c9crit par\" \/>\n\t<meta name=\"twitter:data1\" content=\"La r\u00e9daction\" \/>\n\t<meta name=\"twitter:label2\" content=\"Dur\u00e9e de lecture estim\u00e9e\" \/>\n\t<meta name=\"twitter:data2\" content=\"3 minutes\" \/>\n<script type=\"application\/ld+json\" class=\"yoast-schema-graph\">{\"@context\":\"https:\\\/\\\/schema.org\",\"@graph\":[{\"@type\":\"Article\",\"@id\":\"https:\\\/\\\/www.info-algerie.com\\\/actualites\\\/premiere-seance-pleniere-au-titre-de-la-8eme-legislature-mardi-prochain\\\/#article\",\"isPartOf\":{\"@id\":\"https:\\\/\\\/www.info-algerie.com\\\/actualites\\\/premiere-seance-pleniere-au-titre-de-la-8eme-legislature-mardi-prochain\\\/\"},\"author\":{\"name\":\"La r\u00e9daction\",\"@id\":\"https:\\\/\\\/www.info-algerie.com\\\/actualites\\\/#\\\/schema\\\/person\\\/847aaec44920825b843a08f30ec6aa1e\"},\"headline\":\"Premi\u00e8re s\u00e9ance pl\u00e9ni\u00e8re au titre de la 8\u00e8me l\u00e9gislature mardi prochain\u00a0 \u00a0\",\"datePublished\":\"2017-05-18T19:30:57+00:00\",\"mainEntityOfPage\":{\"@id\":\"https:\\\/\\\/www.info-algerie.com\\\/actualites\\\/premiere-seance-pleniere-au-titre-de-la-8eme-legislature-mardi-prochain\\\/\"},\"wordCount\":536,\"commentCount\":0,\"publisher\":{\"@id\":\"https:\\\/\\\/www.info-algerie.com\\\/actualites\\\/#organization\"},\"image\":{\"@id\":\"https:\\\/\\\/www.info-algerie.com\\\/actualites\\\/premiere-seance-pleniere-au-titre-de-la-8eme-legislature-mardi-prochain\\\/#primaryimage\"},\"thumbnailUrl\":\"https:\\\/\\\/www.info-algerie.com\\\/actualites\\\/wp-content\\\/uploads\\\/2017\\\/05\\\/5afc17f87078b805585e7816d0676e84_S-1.jpg\",\"keywords\":[\"ONU\"],\"articleSection\":[\"infos\"],\"inLanguage\":\"fr-FR\",\"potentialAction\":[{\"@type\":\"CommentAction\",\"name\":\"Comment\",\"target\":[\"https:\\\/\\\/www.info-algerie.com\\\/actualites\\\/premiere-seance-pleniere-au-titre-de-la-8eme-legislature-mardi-prochain\\\/#respond\"]}]},{\"@type\":\"WebPage\",\"@id\":\"https:\\\/\\\/www.info-algerie.com\\\/actualites\\\/premiere-seance-pleniere-au-titre-de-la-8eme-legislature-mardi-prochain\\\/\",\"url\":\"https:\\\/\\\/www.info-algerie.com\\\/actualites\\\/premiere-seance-pleniere-au-titre-de-la-8eme-legislature-mardi-prochain\\\/\",\"name\":\"Premi\u00e8re s\u00e9ance pl\u00e9ni\u00e8re au titre de la 8\u00e8me l\u00e9gislature mardi prochain\u00a0 \u00a0 - info algerie\",\"isPartOf\":{\"@id\":\"https:\\\/\\\/www.info-algerie.com\\\/actualites\\\/#website\"},\"primaryImageOfPage\":{\"@id\":\"https:\\\/\\\/www.info-algerie.com\\\/actualites\\\/premiere-seance-pleniere-au-titre-de-la-8eme-legislature-mardi-prochain\\\/#primaryimage\"},\"image\":{\"@id\":\"https:\\\/\\\/www.info-algerie.com\\\/actualites\\\/premiere-seance-pleniere-au-titre-de-la-8eme-legislature-mardi-prochain\\\/#primaryimage\"},\"thumbnailUrl\":\"https:\\\/\\\/www.info-algerie.com\\\/actualites\\\/wp-content\\\/uploads\\\/2017\\\/05\\\/5afc17f87078b805585e7816d0676e84_S-1.jpg\",\"datePublished\":\"2017-05-18T19:30:57+00:00\",\"breadcrumb\":{\"@id\":\"https:\\\/\\\/www.info-algerie.com\\\/actualites\\\/premiere-seance-pleniere-au-titre-de-la-8eme-legislature-mardi-prochain\\\/#breadcrumb\"},\"inLanguage\":\"fr-FR\",\"potentialAction\":[{\"@type\":\"ReadAction\",\"target\":[\"https:\\\/\\\/www.info-algerie.com\\\/actualites\\\/premiere-seance-pleniere-au-titre-de-la-8eme-legislature-mardi-prochain\\\/\"]}]},{\"@type\":\"ImageObject\",\"inLanguage\":\"fr-FR\",\"@id\":\"https:\\\/\\\/www.info-algerie.com\\\/actualites\\\/premiere-seance-pleniere-au-titre-de-la-8eme-legislature-mardi-prochain\\\/#primaryimage\",\"url\":\"https:\\\/\\\/www.info-algerie.com\\\/actualites\\\/wp-content\\\/uploads\\\/2017\\\/05\\\/5afc17f87078b805585e7816d0676e84_S-1.jpg\",\"contentUrl\":\"https:\\\/\\\/www.info-algerie.com\\\/actualites\\\/wp-content\\\/uploads\\\/2017\\\/05\\\/5afc17f87078b805585e7816d0676e84_S-1.jpg\",\"width\":280,\"height\":158},{\"@type\":\"BreadcrumbList\",\"@id\":\"https:\\\/\\\/www.info-algerie.com\\\/actualites\\\/premiere-seance-pleniere-au-titre-de-la-8eme-legislature-mardi-prochain\\\/#breadcrumb\",\"itemListElement\":[{\"@type\":\"ListItem\",\"position\":1,\"name\":\"Accueil\",\"item\":\"https:\\\/\\\/www.info-algerie.com\\\/actualites\\\/\"},{\"@type\":\"ListItem\",\"position\":2,\"name\":\"Premi\u00e8re s\u00e9ance pl\u00e9ni\u00e8re au titre de la 8\u00e8me l\u00e9gislature mardi prochain\u00a0 \u00a0\"}]},{\"@type\":\"WebSite\",\"@id\":\"https:\\\/\\\/www.info-algerie.com\\\/actualites\\\/#website\",\"url\":\"https:\\\/\\\/www.info-algerie.com\\\/actualites\\\/\",\"name\":\"info algerie\",\"description\":\"Toutes les actualit\u00e9s\",\"publisher\":{\"@id\":\"https:\\\/\\\/www.info-algerie.com\\\/actualites\\\/#organization\"},\"potentialAction\":[{\"@type\":\"SearchAction\",\"target\":{\"@type\":\"EntryPoint\",\"urlTemplate\":\"https:\\\/\\\/www.info-algerie.com\\\/actualites\\\/?s={search_term_string}\"},\"query-input\":{\"@type\":\"PropertyValueSpecification\",\"valueRequired\":true,\"valueName\":\"search_term_string\"}}],\"inLanguage\":\"fr-FR\"},{\"@type\":\"Organization\",\"@id\":\"https:\\\/\\\/www.info-algerie.com\\\/actualites\\\/#organization\",\"name\":\"info algerie\",\"url\":\"https:\\\/\\\/www.info-algerie.com\\\/actualites\\\/\",\"logo\":{\"@type\":\"ImageObject\",\"inLanguage\":\"fr-FR\",\"@id\":\"https:\\\/\\\/www.info-algerie.com\\\/actualites\\\/#\\\/schema\\\/logo\\\/image\\\/\",\"url\":\"https:\\\/\\\/www.info-algerie.com\\\/actualites\\\/wp-content\\\/uploads\\\/2022\\\/07\\\/logo-ia-120.png\",\"contentUrl\":\"https:\\\/\\\/www.info-algerie.com\\\/actualites\\\/wp-content\\\/uploads\\\/2022\\\/07\\\/logo-ia-120.png\",\"width\":120,\"height\":43,\"caption\":\"info algerie\"},\"image\":{\"@id\":\"https:\\\/\\\/www.info-algerie.com\\\/actualites\\\/#\\\/schema\\\/logo\\\/image\\\/\"},\"sameAs\":[\"https:\\\/\\\/www.facebook.com\\\/infoalgerieactu\",\"https:\\\/\\\/x.com\\\/infoalgerie1\"]},{\"@type\":\"Person\",\"@id\":\"https:\\\/\\\/www.info-algerie.com\\\/actualites\\\/#\\\/schema\\\/person\\\/847aaec44920825b843a08f30ec6aa1e\",\"name\":\"La r\u00e9daction\",\"image\":{\"@type\":\"ImageObject\",\"inLanguage\":\"fr-FR\",\"@id\":\"https:\\\/\\\/secure.gravatar.com\\\/avatar\\\/769db425c6f465158149f1ffd6cf61ce7a8a879d11dfbef8288af36dfddd418c?s=96&d=mm&r=g\",\"url\":\"https:\\\/\\\/secure.gravatar.com\\\/avatar\\\/769db425c6f465158149f1ffd6cf61ce7a8a879d11dfbef8288af36dfddd418c?s=96&d=mm&r=g\",\"contentUrl\":\"https:\\\/\\\/secure.gravatar.com\\\/avatar\\\/769db425c6f465158149f1ffd6cf61ce7a8a879d11dfbef8288af36dfddd418c?s=96&d=mm&r=g\",\"caption\":\"La r\u00e9daction\"},\"sameAs\":[\"http:\\\/\\\/www.lkeria.com\\\/\"],\"url\":\"https:\\\/\\\/www.info-algerie.com\\\/actualites\\\/author\\\/chakib32\\\/\"}]}<\/script>\n<!-- \/ Yoast SEO plugin. -->","yoast_head_json":{"title":"Premi\u00e8re s\u00e9ance pl\u00e9ni\u00e8re au titre de la 8\u00e8me l\u00e9gislature mardi prochain\u00a0 \u00a0 - info algerie","robots":{"index":"index","follow":"follow","max-snippet":"max-snippet:-1","max-image-preview":"max-image-preview:large","max-video-preview":"max-video-preview:-1"},"canonical":"https:\/\/www.info-algerie.com\/actualites\/premiere-seance-pleniere-au-titre-de-la-8eme-legislature-mardi-prochain\/","og_locale":"fr_FR","og_type":"article","og_title":"Premi\u00e8re s\u00e9ance pl\u00e9ni\u00e8re au titre de la 8\u00e8me l\u00e9gislature mardi prochain\u00a0 \u00a0 - info algerie","og_description":"\u00a0ALGER- La premi\u00e8re session pl\u00e9ni\u00e8re de l`Assembl\u00e9e\u00a0 populaire nationale (APN) au titre de la 8\u00e8me l\u00e9gislature, issue des\u00a0 \u00e9lections l\u00e9gislatives du 4 mai, se tiendra mardi prochain, conform\u00e9ment \u00e0\u00a0 la loi fondamentale, a appris l`APS jeudi aupr\u00e8s de cette instance\u00a0 l\u00e9gislative. &#013; &#013; En effet, l&rsquo;article 130 de la Constitution stipule que \u00ab\u00a0la l\u00e9gislature\u00a0 d\u00e9bute","og_url":"https:\/\/www.info-algerie.com\/actualites\/premiere-seance-pleniere-au-titre-de-la-8eme-legislature-mardi-prochain\/","og_site_name":"info algerie","article_publisher":"https:\/\/www.facebook.com\/infoalgerieactu","article_published_time":"2017-05-18T19:30:57+00:00","og_image":[{"width":280,"height":158,"url":"https:\/\/www.info-algerie.com\/actualites\/wp-content\/uploads\/2017\/05\/5afc17f87078b805585e7816d0676e84_S-1.jpg","type":"image\/jpeg"}],"author":"La r\u00e9daction","twitter_misc":{"\u00c9crit par":"La r\u00e9daction","Dur\u00e9e de lecture estim\u00e9e":"3 minutes"},"schema":{"@context":"https:\/\/schema.org","@graph":[{"@type":"Article","@id":"https:\/\/www.info-algerie.com\/actualites\/premiere-seance-pleniere-au-titre-de-la-8eme-legislature-mardi-prochain\/#article","isPartOf":{"@id":"https:\/\/www.info-algerie.com\/actualites\/premiere-seance-pleniere-au-titre-de-la-8eme-legislature-mardi-prochain\/"},"author":{"name":"La r\u00e9daction","@id":"https:\/\/www.info-algerie.com\/actualites\/#\/schema\/person\/847aaec44920825b843a08f30ec6aa1e"},"headline":"Premi\u00e8re s\u00e9ance pl\u00e9ni\u00e8re au titre de la 8\u00e8me l\u00e9gislature mardi prochain\u00a0 \u00a0","datePublished":"2017-05-18T19:30:57+00:00","mainEntityOfPage":{"@id":"https:\/\/www.info-algerie.com\/actualites\/premiere-seance-pleniere-au-titre-de-la-8eme-legislature-mardi-prochain\/"},"wordCount":536,"commentCount":0,"publisher":{"@id":"https:\/\/www.info-algerie.com\/actualites\/#organization"},"image":{"@id":"https:\/\/www.info-algerie.com\/actualites\/premiere-seance-pleniere-au-titre-de-la-8eme-legislature-mardi-prochain\/#primaryimage"},"thumbnailUrl":"https:\/\/www.info-algerie.com\/actualites\/wp-content\/uploads\/2017\/05\/5afc17f87078b805585e7816d0676e84_S-1.jpg","keywords":["ONU"],"articleSection":["infos"],"inLanguage":"fr-FR","potentialAction":[{"@type":"CommentAction","name":"Comment","target":["https:\/\/www.info-algerie.com\/actualites\/premiere-seance-pleniere-au-titre-de-la-8eme-legislature-mardi-prochain\/#respond"]}]},{"@type":"WebPage","@id":"https:\/\/www.info-algerie.com\/actualites\/premiere-seance-pleniere-au-titre-de-la-8eme-legislature-mardi-prochain\/","url":"https:\/\/www.info-algerie.com\/actualites\/premiere-seance-pleniere-au-titre-de-la-8eme-legislature-mardi-prochain\/","name":"Premi\u00e8re s\u00e9ance pl\u00e9ni\u00e8re au titre de la 8\u00e8me l\u00e9gislature mardi prochain\u00a0 \u00a0 - info algerie","isPartOf":{"@id":"https:\/\/www.info-algerie.com\/actualites\/#website"},"primaryImageOfPage":{"@id":"https:\/\/www.info-algerie.com\/actualites\/premiere-seance-pleniere-au-titre-de-la-8eme-legislature-mardi-prochain\/#primaryimage"},"image":{"@id":"https:\/\/www.info-algerie.com\/actualites\/premiere-seance-pleniere-au-titre-de-la-8eme-legislature-mardi-prochain\/#primaryimage"},"thumbnailUrl":"https:\/\/www.info-algerie.com\/actualites\/wp-content\/uploads\/2017\/05\/5afc17f87078b805585e7816d0676e84_S-1.jpg","datePublished":"2017-05-18T19:30:57+00:00","breadcrumb":{"@id":"https:\/\/www.info-algerie.com\/actualites\/premiere-seance-pleniere-au-titre-de-la-8eme-legislature-mardi-prochain\/#breadcrumb"},"inLanguage":"fr-FR","potentialAction":[{"@type":"ReadAction","target":["https:\/\/www.info-algerie.com\/actualites\/premiere-seance-pleniere-au-titre-de-la-8eme-legislature-mardi-prochain\/"]}]},{"@type":"ImageObject","inLanguage":"fr-FR","@id":"https:\/\/www.info-algerie.com\/actualites\/premiere-seance-pleniere-au-titre-de-la-8eme-legislature-mardi-prochain\/#primaryimage","url":"https:\/\/www.info-algerie.com\/actualites\/wp-content\/uploads\/2017\/05\/5afc17f87078b805585e7816d0676e84_S-1.jpg","contentUrl":"https:\/\/www.info-algerie.com\/actualites\/wp-content\/uploads\/2017\/05\/5afc17f87078b805585e7816d0676e84_S-1.jpg","width":280,"height":158},{"@type":"BreadcrumbList","@id":"https:\/\/www.info-algerie.com\/actualites\/premiere-seance-pleniere-au-titre-de-la-8eme-legislature-mardi-prochain\/#breadcrumb","itemListElement":[{"@type":"ListItem","position":1,"name":"Accueil","item":"https:\/\/www.info-algerie.com\/actualites\/"},{"@type":"ListItem","position":2,"name":"Premi\u00e8re s\u00e9ance pl\u00e9ni\u00e8re au titre de la 8\u00e8me l\u00e9gislature mardi prochain\u00a0 \u00a0"}]},{"@type":"WebSite","@id":"https:\/\/www.info-algerie.com\/actualites\/#website","url":"https:\/\/www.info-algerie.com\/actualites\/","name":"info algerie","description":"Toutes les actualit\u00e9s","publisher":{"@id":"https:\/\/www.info-algerie.com\/actualites\/#organization"},"potentialAction":[{"@type":"SearchAction","target":{"@type":"EntryPoint","urlTemplate":"https:\/\/www.info-algerie.com\/actualites\/?s={search_term_string}"},"query-input":{"@type":"PropertyValueSpecification","valueRequired":true,"valueName":"search_term_string"}}],"inLanguage":"fr-FR"},{"@type":"Organization","@id":"https:\/\/www.info-algerie.com\/actualites\/#organization","name":"info algerie","url":"https:\/\/www.info-algerie.com\/actualites\/","logo":{"@type":"ImageObject","inLanguage":"fr-FR","@id":"https:\/\/www.info-algerie.com\/actualites\/#\/schema\/logo\/image\/","url":"https:\/\/www.info-algerie.com\/actualites\/wp-content\/uploads\/2022\/07\/logo-ia-120.png","contentUrl":"https:\/\/www.info-algerie.com\/actualites\/wp-content\/uploads\/2022\/07\/logo-ia-120.png","width":120,"height":43,"caption":"info algerie"},"image":{"@id":"https:\/\/www.info-algerie.com\/actualites\/#\/schema\/logo\/image\/"},"sameAs":["https:\/\/www.facebook.com\/infoalgerieactu","https:\/\/x.com\/infoalgerie1"]},{"@type":"Person","@id":"https:\/\/www.info-algerie.com\/actualites\/#\/schema\/person\/847aaec44920825b843a08f30ec6aa1e","name":"La r\u00e9daction","image":{"@type":"ImageObject","inLanguage":"fr-FR","@id":"https:\/\/secure.gravatar.com\/avatar\/769db425c6f465158149f1ffd6cf61ce7a8a879d11dfbef8288af36dfddd418c?s=96&d=mm&r=g","url":"https:\/\/secure.gravatar.com\/avatar\/769db425c6f465158149f1ffd6cf61ce7a8a879d11dfbef8288af36dfddd418c?s=96&d=mm&r=g","contentUrl":"https:\/\/secure.gravatar.com\/avatar\/769db425c6f465158149f1ffd6cf61ce7a8a879d11dfbef8288af36dfddd418c?s=96&d=mm&r=g","caption":"La r\u00e9daction"},"sameAs":["http:\/\/www.lkeria.com\/"],"url":"https:\/\/www.info-algerie.com\/actualites\/author\/chakib32\/"}]}},"_links":{"self":[{"href":"https:\/\/www.info-algerie.com\/actualites\/wp-json\/wp\/v2\/posts\/12187","targetHints":{"allow":["GET"]}}],"collection":[{"href":"https:\/\/www.info-algerie.com\/actualites\/wp-json\/wp\/v2\/posts"}],"about":[{"href":"https:\/\/www.info-algerie.com\/actualites\/wp-json\/wp\/v2\/types\/post"}],"author":[{"embeddable":true,"href":"https:\/\/www.info-algerie.com\/actualites\/wp-json\/wp\/v2\/users\/6"}],"replies":[{"embeddable":true,"href":"https:\/\/www.info-algerie.com\/actualites\/wp-json\/wp\/v2\/comments?post=12187"}],"version-history":[{"count":0,"href":"https:\/\/www.info-algerie.com\/actualites\/wp-json\/wp\/v2\/posts\/12187\/revisions"}],"wp:featuredmedia":[{"embeddable":true,"href":"https:\/\/www.info-algerie.com\/actualites\/wp-json\/wp\/v2\/media\/12188"}],"wp:attachment":[{"href":"https:\/\/www.info-algerie.com\/actualites\/wp-json\/wp\/v2\/media?parent=12187"}],"wp:term":[{"taxonomy":"category","embeddable":true,"href":"https:\/\/www.info-algerie.com\/actualites\/wp-json\/wp\/v2\/categories?post=12187"},{"taxonomy":"post_tag","embeddable":true,"href":"https:\/\/www.info-algerie.com\/actualites\/wp-json\/wp\/v2\/tags?post=12187"}],"curies":[{"name":"wp","href":"https:\/\/api.w.org\/{rel}","templated":true}]}}