{"id":12204,"date":"2017-05-19T14:04:08","date_gmt":"2017-05-19T13:04:08","guid":{"rendered":"http:\/\/www.info-algerie.com\/actualites\/le-president-bouteflika-met-en-avant-le-role-de-lelite-intellectuelle-face-aux-nouveaux-defis\/"},"modified":"2017-05-19T14:04:08","modified_gmt":"2017-05-19T13:04:08","slug":"le-president-bouteflika-met-en-avant-le-role-de-lelite-intellectuelle-face-aux-nouveaux-defis","status":"publish","type":"post","link":"https:\/\/www.info-algerie.com\/actualites\/le-president-bouteflika-met-en-avant-le-role-de-lelite-intellectuelle-face-aux-nouveaux-defis\/","title":{"rendered":"Le pr\u00e9sident Bouteflika met en avant le r\u00f4le de l&#039;\u00e9lite intellectuelle face\u00a0 aux nouveaux d\u00e9fis"},"content":{"rendered":"<div class=\"K2FeedImage\"><img decoding=\"async\" src=\"https:\/\/www.info-algerie.com\/actualites\/wp-content\/uploads\/2017\/05\/3d032e4d5171df9d3eb2d6279ff5f967_S.jpg\" alt=\"Le pr&#xE9;sident Bouteflika met en avant le r&#xF4;le de l'&#xE9;lite intellectuelle face&#xA0; aux nouveaux d&#xE9;fis\" \/><\/div>\n<div class=\"K2FeedIntroText\">\n<p>ORAN &#8211; Le pr\u00e9sident de la R\u00e9publique, Abdelaziz\u00a0 Bouteflika, a mis en avant vendredi le r\u00f4le de l&rsquo;\u00e9lite intellectuelle face\u00a0 aux nouveaux d\u00e9fis auxquels est confront\u00e9 le pays et la crise induite par\u00a0 la chute des cours du p\u00e9trole sur les march\u00e9s internationaux.<\/p>\n<p>&#013;\n<\/p><\/div>\n<div class=\"K2FeedFullText\">&#013;<\/p>\n<p>Dans un<a href=\"http:\/\/www.aps.dz\/%20http:\/www.aps.dz\/algerie\/57827-message-du-president-bouteflika-a-l-occasion-de-la-journee-nationale-de-l-etudiant\" target=\"_blank\"><strong> message<\/strong><\/a> \u00e0 l&rsquo;occasion du 61e anniversaire de la Journ\u00e9e nationale\u00a0 de l&rsquo;\u00e9tudiant (19 mai 1956), c\u00e9l\u00e9br\u00e9 sous le th\u00e8me \u00ab\u00a0L&rsquo;\u00e9tudiant, gloire\u00a0 d&rsquo;hier, fiert\u00e9 d&rsquo;aujourd&rsquo;hui\u00a0\u00bb, lu en son nom \u00e0 Oran par la ministre de la\u00a0 Poste et des Technologies de l&rsquo;Information et de la Communication, Houda Iman Feraoun, en pr\u00e9sence du ministre de la Formation et de l\u2019Enseignement\u00a0 professionnels, ministre de l&rsquo;Enseignement sup\u00e9rieur et de la Recherche\u00a0 scientifique par int\u00e9rim, Mohamed Mebarki et du ministre des Affaires\u00a0 religieuses et des Wakfs, ministre des Moudjahidine par int\u00e9rim, Mohamed\u00a0 A\u00efssa, le pr\u00e9sident Bouteflika a affirm\u00e9 que \u00ab\u00a0l&rsquo;Alg\u00e9rie, confront\u00e9e \u00e0 la\u00a0 chute des prix des hydrocarbures, \u00e0 ses retomb\u00e9es socio-\u00e9conomiques et \u00e0\u00a0 des d\u00e9fis nouveaux pour d\u00e9passer cette conjoncture, a besoin de son \u00e9lite\u00a0 pour expliquer les raisons de la crise et r\u00e9fl\u00e9chir aux moyens et solutions\u00a0 de s&rsquo;en sortir\u00a0\u00bb.<\/p>\n<p>&#013;<\/p>\n<p>\u00ab\u00a0La contribution de notre \u00e9lite sous forme d&rsquo;expertises auxquelles peuvent\u00a0 recourir le gouvernement et toutes les institutions en charge de la gestion\u00a0 du pays est une n\u00e9cessit\u00e9 imp\u00e9rieuse\u00a0\u00bb, a estim\u00e9 le chef de l&rsquo;Etat, ajoutant\u00a0 que \u00ab\u00a0la sensibilisation aux nouveaux d\u00e9fis et ce qu&rsquo;ils impliquent en termes de d\u00e9termination et d&rsquo;adh\u00e9sion de la part de la soci\u00e9t\u00e9 constitue\u00a0 une entreprise importante dans la mobilisation de notre pays face \u00e0 la\u00a0 conjoncture actuelle\u00a0\u00bb.<\/p>\n<p>&#013;<\/p>\n<p>Il a soutenu que \u00ab\u00a0le concours de l&rsquo;\u00e9lite nationale permettra\u00a0 incontestablement \u00e0 \u00e9lever le niveau de conscience au sein de la soci\u00e9t\u00e9 et\u00a0 partant, barrer la route aux manoeuvres, orchestr\u00e9es tant \u00e0 l&rsquo;int\u00e9rieur qu&rsquo;\u00e0\u00a0 l&rsquo;ext\u00e9rieur, dans le but de semer le doute et le d\u00e9sespoir\u00a0\u00bb.<\/p>\n<p>&#013;<\/p>\n<p>Soulignant que l&rsquo;explication de \u00ab\u00a0l&rsquo;imp\u00e9ratif pour l&rsquo;\u00e9conomie de notre pays\u00a0 de se lib\u00e9rer de la d\u00e9pendance excessive aux hydrocarbures et de tirer\u00a0 avantage de ses nombreuses et \u00e9normes potentialit\u00e9s pour un processus de\u00a0 d\u00e9veloppement durable et la p\u00e9rennit\u00e9 de nos choix sociaux et solidaires\u00a0 sont autant d&rsquo;apports que notre \u00e9lite de dipl\u00f4m\u00e9s et d&rsquo;\u00e9tudiants peut\u00a0 promouvoir au sein de son milieu familial et social et partant dans\u00a0 l&rsquo;ensemble du pays\u00a0\u00bb, le pr\u00e9sident de la R\u00e9publique a estim\u00e9 que \u00ab\u00a0c&rsquo;est\u00a0 ainsi que seront mobilis\u00e9es les volont\u00e9s et lib\u00e9rer les initiatives pour\u00a0 atteindre l&rsquo;effort escompt\u00e9 et la d\u00e9termination esp\u00e9r\u00e9e pour venir \u00e0 bout\u00a0 de nos difficult\u00e9s financi\u00e8res actuelles\u00a0\u00bb.<\/p>\n<p>&#013;<\/p>\n<p>Il a rappel\u00e9 que \u00ab\u00a0l&rsquo;Alg\u00e9rie a d\u00e9ploy\u00e9 des efforts colossaux qui lui ont\u00a0 permis de se doter de millions de dipl\u00f4m\u00e9s issus de ses \u00e9tablissements de\u00a0 formations. Des \u00e9tablissements qui comptent encore des dizaines de millions\u00a0 d&rsquo;\u00e9tudiants et d&rsquo;\u00e9l\u00e8ves de notre syst\u00e8me d&rsquo;\u00e9ducation ainsi que des\u00a0 stagiaires de notre dispositif de formation professionnelle\u00a0\u00bb.<\/p>\n<p>&#013;<\/p>\n<p>Evoquant, par ailleurs, les dangers de la mondialisation qui sont de\u00a0 nature \u00e0 oblit\u00e9rer l&rsquo;identit\u00e9 nationale et culturelle, saper leurs\u00a0 fondements linguistiques et religieux pour consacrer l&rsquo;h\u00e9g\u00e9monie<\/p>\n<p>&#013;<\/p>\n<p>\u00a0<\/p>\n<p>&#013;<\/p>\n<p>\u00e9conomique, le chef de l&rsquo;Etat a exhort\u00e9 \u00ab\u00a0les jeunes \u00e0 s&rsquo;inspirer des\u00a0 sacrifices de ceux qui ont port\u00e9 l&rsquo;\u00e9tendard de la lutte, de la r\u00e9sistance\u00a0 pour la d\u00e9fense de notre ch\u00e8re patrie, et \u00e0 pr\u00e9server l&rsquo;identit\u00e9 nationale\u00a0 et son h\u00e9ritage civilisationnel pour contrer tous les dangers qui planent\u00a0 sur notre pays\u00a0\u00bb.<\/p>\n<\/div>\n<p>&#013;<br \/>\nSource: <a href=\"http:\/\/www.aps.dz\/algerie\/57828-le-president-bouteflika-met-en-avant-le-role-de-l-elite-intellectuelle-face-aux-nouveaux-defis-et-a-la-crise-induite-par-la-chute-des-cours-du-petrole\" target=\"_blank\">Le pr\u00e9sident Bouteflika met en avant le r\u00f4le de l&rsquo;\u00e9lite intellectuelle face\u00a0 aux nouveaux d\u00e9fis<\/a><\/p>\n<!--CusAds0-->\n<div style=\"font-size: 0px; height: 0px; line-height: 0px; margin: 0; padding: 0; clear: both;\"><\/div>","protected":false},"excerpt":{"rendered":"<p>ORAN &#8211; Le pr\u00e9sident de la R\u00e9publique, Abdelaziz\u00a0 Bouteflika, a mis en avant vendredi le r\u00f4le de l&rsquo;\u00e9lite intellectuelle face\u00a0 aux nouveaux d\u00e9fis auxquels est confront\u00e9 le pays et la crise induite par\u00a0 la chute des cours du p\u00e9trole sur les march\u00e9s internationaux. &#013; &#013; Dans un message \u00e0 l&rsquo;occasion du 61e anniversaire de la<\/p>\n","protected":false},"author":6,"featured_media":12205,"comment_status":"open","ping_status":"open","sticky":false,"template":"","format":"standard","meta":{"footnotes":""},"categories":[22],"tags":[93],"class_list":["post-12204","post","type-post","status-publish","format-standard","has-post-thumbnail","hentry","category-infos","tag-onu"],"yoast_head":"<!-- This site is optimized with the Yoast SEO plugin v27.5 - https:\/\/yoast.com\/product\/yoast-seo-wordpress\/ -->\n<title>Le pr\u00e9sident Bouteflika met en avant le r\u00f4le de l&#039;\u00e9lite intellectuelle face\u00a0 aux nouveaux d\u00e9fis - info algerie<\/title>\n<meta name=\"robots\" content=\"index, follow, max-snippet:-1, max-image-preview:large, max-video-preview:-1\" \/>\n<link rel=\"canonical\" href=\"https:\/\/www.info-algerie.com\/actualites\/le-president-bouteflika-met-en-avant-le-role-de-lelite-intellectuelle-face-aux-nouveaux-defis\/\" \/>\n<meta property=\"og:locale\" content=\"fr_FR\" \/>\n<meta property=\"og:type\" content=\"article\" \/>\n<meta property=\"og:title\" content=\"Le pr\u00e9sident Bouteflika met en avant le r\u00f4le de l&#039;\u00e9lite intellectuelle face\u00a0 aux nouveaux d\u00e9fis - info algerie\" \/>\n<meta property=\"og:description\" content=\"ORAN &#8211; Le pr\u00e9sident de la R\u00e9publique, Abdelaziz\u00a0 Bouteflika, a mis en avant vendredi le r\u00f4le de l&rsquo;\u00e9lite intellectuelle face\u00a0 aux nouveaux d\u00e9fis auxquels est confront\u00e9 le pays et la crise induite par\u00a0 la chute des cours du p\u00e9trole sur les march\u00e9s internationaux. &#013; &#013; Dans un message \u00e0 l&rsquo;occasion du 61e anniversaire de la\" \/>\n<meta property=\"og:url\" content=\"https:\/\/www.info-algerie.com\/actualites\/le-president-bouteflika-met-en-avant-le-role-de-lelite-intellectuelle-face-aux-nouveaux-defis\/\" \/>\n<meta property=\"og:site_name\" content=\"info algerie\" \/>\n<meta property=\"article:publisher\" content=\"https:\/\/www.facebook.com\/infoalgerieactu\" \/>\n<meta property=\"article:published_time\" content=\"2017-05-19T13:04:08+00:00\" \/>\n<meta property=\"og:image\" content=\"https:\/\/www.info-algerie.com\/actualites\/wp-content\/uploads\/2017\/05\/3d032e4d5171df9d3eb2d6279ff5f967_S-1.jpg\" \/>\n\t<meta property=\"og:image:width\" content=\"280\" \/>\n\t<meta property=\"og:image:height\" content=\"203\" \/>\n\t<meta property=\"og:image:type\" content=\"image\/jpeg\" \/>\n<meta name=\"author\" content=\"La r\u00e9daction\" \/>\n<meta name=\"twitter:label1\" content=\"\u00c9crit par\" \/>\n\t<meta name=\"twitter:data1\" content=\"La r\u00e9daction\" \/>\n\t<meta name=\"twitter:label2\" content=\"Dur\u00e9e de lecture estim\u00e9e\" \/>\n\t<meta name=\"twitter:data2\" content=\"3 minutes\" \/>\n<script type=\"application\/ld+json\" class=\"yoast-schema-graph\">{\"@context\":\"https:\\\/\\\/schema.org\",\"@graph\":[{\"@type\":\"Article\",\"@id\":\"https:\\\/\\\/www.info-algerie.com\\\/actualites\\\/le-president-bouteflika-met-en-avant-le-role-de-lelite-intellectuelle-face-aux-nouveaux-defis\\\/#article\",\"isPartOf\":{\"@id\":\"https:\\\/\\\/www.info-algerie.com\\\/actualites\\\/le-president-bouteflika-met-en-avant-le-role-de-lelite-intellectuelle-face-aux-nouveaux-defis\\\/\"},\"author\":{\"name\":\"La r\u00e9daction\",\"@id\":\"https:\\\/\\\/www.info-algerie.com\\\/actualites\\\/#\\\/schema\\\/person\\\/847aaec44920825b843a08f30ec6aa1e\"},\"headline\":\"Le pr\u00e9sident Bouteflika met en avant le r\u00f4le de l&#039;\u00e9lite intellectuelle face\u00a0 aux nouveaux d\u00e9fis\",\"datePublished\":\"2017-05-19T13:04:08+00:00\",\"mainEntityOfPage\":{\"@id\":\"https:\\\/\\\/www.info-algerie.com\\\/actualites\\\/le-president-bouteflika-met-en-avant-le-role-de-lelite-intellectuelle-face-aux-nouveaux-defis\\\/\"},\"wordCount\":665,\"commentCount\":0,\"publisher\":{\"@id\":\"https:\\\/\\\/www.info-algerie.com\\\/actualites\\\/#organization\"},\"image\":{\"@id\":\"https:\\\/\\\/www.info-algerie.com\\\/actualites\\\/le-president-bouteflika-met-en-avant-le-role-de-lelite-intellectuelle-face-aux-nouveaux-defis\\\/#primaryimage\"},\"thumbnailUrl\":\"https:\\\/\\\/www.info-algerie.com\\\/actualites\\\/wp-content\\\/uploads\\\/2017\\\/05\\\/3d032e4d5171df9d3eb2d6279ff5f967_S-1.jpg\",\"keywords\":[\"ONU\"],\"articleSection\":[\"infos\"],\"inLanguage\":\"fr-FR\",\"potentialAction\":[{\"@type\":\"CommentAction\",\"name\":\"Comment\",\"target\":[\"https:\\\/\\\/www.info-algerie.com\\\/actualites\\\/le-president-bouteflika-met-en-avant-le-role-de-lelite-intellectuelle-face-aux-nouveaux-defis\\\/#respond\"]}]},{\"@type\":\"WebPage\",\"@id\":\"https:\\\/\\\/www.info-algerie.com\\\/actualites\\\/le-president-bouteflika-met-en-avant-le-role-de-lelite-intellectuelle-face-aux-nouveaux-defis\\\/\",\"url\":\"https:\\\/\\\/www.info-algerie.com\\\/actualites\\\/le-president-bouteflika-met-en-avant-le-role-de-lelite-intellectuelle-face-aux-nouveaux-defis\\\/\",\"name\":\"Le pr\u00e9sident Bouteflika met en avant le r\u00f4le de l&#039;\u00e9lite intellectuelle face\u00a0 aux nouveaux d\u00e9fis - info algerie\",\"isPartOf\":{\"@id\":\"https:\\\/\\\/www.info-algerie.com\\\/actualites\\\/#website\"},\"primaryImageOfPage\":{\"@id\":\"https:\\\/\\\/www.info-algerie.com\\\/actualites\\\/le-president-bouteflika-met-en-avant-le-role-de-lelite-intellectuelle-face-aux-nouveaux-defis\\\/#primaryimage\"},\"image\":{\"@id\":\"https:\\\/\\\/www.info-algerie.com\\\/actualites\\\/le-president-bouteflika-met-en-avant-le-role-de-lelite-intellectuelle-face-aux-nouveaux-defis\\\/#primaryimage\"},\"thumbnailUrl\":\"https:\\\/\\\/www.info-algerie.com\\\/actualites\\\/wp-content\\\/uploads\\\/2017\\\/05\\\/3d032e4d5171df9d3eb2d6279ff5f967_S-1.jpg\",\"datePublished\":\"2017-05-19T13:04:08+00:00\",\"breadcrumb\":{\"@id\":\"https:\\\/\\\/www.info-algerie.com\\\/actualites\\\/le-president-bouteflika-met-en-avant-le-role-de-lelite-intellectuelle-face-aux-nouveaux-defis\\\/#breadcrumb\"},\"inLanguage\":\"fr-FR\",\"potentialAction\":[{\"@type\":\"ReadAction\",\"target\":[\"https:\\\/\\\/www.info-algerie.com\\\/actualites\\\/le-president-bouteflika-met-en-avant-le-role-de-lelite-intellectuelle-face-aux-nouveaux-defis\\\/\"]}]},{\"@type\":\"ImageObject\",\"inLanguage\":\"fr-FR\",\"@id\":\"https:\\\/\\\/www.info-algerie.com\\\/actualites\\\/le-president-bouteflika-met-en-avant-le-role-de-lelite-intellectuelle-face-aux-nouveaux-defis\\\/#primaryimage\",\"url\":\"https:\\\/\\\/www.info-algerie.com\\\/actualites\\\/wp-content\\\/uploads\\\/2017\\\/05\\\/3d032e4d5171df9d3eb2d6279ff5f967_S-1.jpg\",\"contentUrl\":\"https:\\\/\\\/www.info-algerie.com\\\/actualites\\\/wp-content\\\/uploads\\\/2017\\\/05\\\/3d032e4d5171df9d3eb2d6279ff5f967_S-1.jpg\",\"width\":280,\"height\":203},{\"@type\":\"BreadcrumbList\",\"@id\":\"https:\\\/\\\/www.info-algerie.com\\\/actualites\\\/le-president-bouteflika-met-en-avant-le-role-de-lelite-intellectuelle-face-aux-nouveaux-defis\\\/#breadcrumb\",\"itemListElement\":[{\"@type\":\"ListItem\",\"position\":1,\"name\":\"Accueil\",\"item\":\"https:\\\/\\\/www.info-algerie.com\\\/actualites\\\/\"},{\"@type\":\"ListItem\",\"position\":2,\"name\":\"Le pr\u00e9sident Bouteflika met en avant le r\u00f4le de l&#039;\u00e9lite intellectuelle face\u00a0 aux nouveaux d\u00e9fis\"}]},{\"@type\":\"WebSite\",\"@id\":\"https:\\\/\\\/www.info-algerie.com\\\/actualites\\\/#website\",\"url\":\"https:\\\/\\\/www.info-algerie.com\\\/actualites\\\/\",\"name\":\"info algerie\",\"description\":\"Toutes les actualit\u00e9s\",\"publisher\":{\"@id\":\"https:\\\/\\\/www.info-algerie.com\\\/actualites\\\/#organization\"},\"potentialAction\":[{\"@type\":\"SearchAction\",\"target\":{\"@type\":\"EntryPoint\",\"urlTemplate\":\"https:\\\/\\\/www.info-algerie.com\\\/actualites\\\/?s={search_term_string}\"},\"query-input\":{\"@type\":\"PropertyValueSpecification\",\"valueRequired\":true,\"valueName\":\"search_term_string\"}}],\"inLanguage\":\"fr-FR\"},{\"@type\":\"Organization\",\"@id\":\"https:\\\/\\\/www.info-algerie.com\\\/actualites\\\/#organization\",\"name\":\"info algerie\",\"url\":\"https:\\\/\\\/www.info-algerie.com\\\/actualites\\\/\",\"logo\":{\"@type\":\"ImageObject\",\"inLanguage\":\"fr-FR\",\"@id\":\"https:\\\/\\\/www.info-algerie.com\\\/actualites\\\/#\\\/schema\\\/logo\\\/image\\\/\",\"url\":\"https:\\\/\\\/www.info-algerie.com\\\/actualites\\\/wp-content\\\/uploads\\\/2022\\\/07\\\/logo-ia-120.png\",\"contentUrl\":\"https:\\\/\\\/www.info-algerie.com\\\/actualites\\\/wp-content\\\/uploads\\\/2022\\\/07\\\/logo-ia-120.png\",\"width\":120,\"height\":43,\"caption\":\"info algerie\"},\"image\":{\"@id\":\"https:\\\/\\\/www.info-algerie.com\\\/actualites\\\/#\\\/schema\\\/logo\\\/image\\\/\"},\"sameAs\":[\"https:\\\/\\\/www.facebook.com\\\/infoalgerieactu\",\"https:\\\/\\\/x.com\\\/infoalgerie1\"]},{\"@type\":\"Person\",\"@id\":\"https:\\\/\\\/www.info-algerie.com\\\/actualites\\\/#\\\/schema\\\/person\\\/847aaec44920825b843a08f30ec6aa1e\",\"name\":\"La r\u00e9daction\",\"image\":{\"@type\":\"ImageObject\",\"inLanguage\":\"fr-FR\",\"@id\":\"https:\\\/\\\/secure.gravatar.com\\\/avatar\\\/769db425c6f465158149f1ffd6cf61ce7a8a879d11dfbef8288af36dfddd418c?s=96&d=mm&r=g\",\"url\":\"https:\\\/\\\/secure.gravatar.com\\\/avatar\\\/769db425c6f465158149f1ffd6cf61ce7a8a879d11dfbef8288af36dfddd418c?s=96&d=mm&r=g\",\"contentUrl\":\"https:\\\/\\\/secure.gravatar.com\\\/avatar\\\/769db425c6f465158149f1ffd6cf61ce7a8a879d11dfbef8288af36dfddd418c?s=96&d=mm&r=g\",\"caption\":\"La r\u00e9daction\"},\"sameAs\":[\"http:\\\/\\\/www.lkeria.com\\\/\"],\"url\":\"https:\\\/\\\/www.info-algerie.com\\\/actualites\\\/author\\\/chakib32\\\/\"}]}<\/script>\n<!-- \/ Yoast SEO plugin. -->","yoast_head_json":{"title":"Le pr\u00e9sident Bouteflika met en avant le r\u00f4le de l&#039;\u00e9lite intellectuelle face\u00a0 aux nouveaux d\u00e9fis - info algerie","robots":{"index":"index","follow":"follow","max-snippet":"max-snippet:-1","max-image-preview":"max-image-preview:large","max-video-preview":"max-video-preview:-1"},"canonical":"https:\/\/www.info-algerie.com\/actualites\/le-president-bouteflika-met-en-avant-le-role-de-lelite-intellectuelle-face-aux-nouveaux-defis\/","og_locale":"fr_FR","og_type":"article","og_title":"Le pr\u00e9sident Bouteflika met en avant le r\u00f4le de l&#039;\u00e9lite intellectuelle face\u00a0 aux nouveaux d\u00e9fis - info algerie","og_description":"ORAN &#8211; Le pr\u00e9sident de la R\u00e9publique, Abdelaziz\u00a0 Bouteflika, a mis en avant vendredi le r\u00f4le de l&rsquo;\u00e9lite intellectuelle face\u00a0 aux nouveaux d\u00e9fis auxquels est confront\u00e9 le pays et la crise induite par\u00a0 la chute des cours du p\u00e9trole sur les march\u00e9s internationaux. &#013; &#013; Dans un message \u00e0 l&rsquo;occasion du 61e anniversaire de la","og_url":"https:\/\/www.info-algerie.com\/actualites\/le-president-bouteflika-met-en-avant-le-role-de-lelite-intellectuelle-face-aux-nouveaux-defis\/","og_site_name":"info algerie","article_publisher":"https:\/\/www.facebook.com\/infoalgerieactu","article_published_time":"2017-05-19T13:04:08+00:00","og_image":[{"width":280,"height":203,"url":"https:\/\/www.info-algerie.com\/actualites\/wp-content\/uploads\/2017\/05\/3d032e4d5171df9d3eb2d6279ff5f967_S-1.jpg","type":"image\/jpeg"}],"author":"La r\u00e9daction","twitter_misc":{"\u00c9crit par":"La r\u00e9daction","Dur\u00e9e de lecture estim\u00e9e":"3 minutes"},"schema":{"@context":"https:\/\/schema.org","@graph":[{"@type":"Article","@id":"https:\/\/www.info-algerie.com\/actualites\/le-president-bouteflika-met-en-avant-le-role-de-lelite-intellectuelle-face-aux-nouveaux-defis\/#article","isPartOf":{"@id":"https:\/\/www.info-algerie.com\/actualites\/le-president-bouteflika-met-en-avant-le-role-de-lelite-intellectuelle-face-aux-nouveaux-defis\/"},"author":{"name":"La r\u00e9daction","@id":"https:\/\/www.info-algerie.com\/actualites\/#\/schema\/person\/847aaec44920825b843a08f30ec6aa1e"},"headline":"Le pr\u00e9sident Bouteflika met en avant le r\u00f4le de l&#039;\u00e9lite intellectuelle face\u00a0 aux nouveaux d\u00e9fis","datePublished":"2017-05-19T13:04:08+00:00","mainEntityOfPage":{"@id":"https:\/\/www.info-algerie.com\/actualites\/le-president-bouteflika-met-en-avant-le-role-de-lelite-intellectuelle-face-aux-nouveaux-defis\/"},"wordCount":665,"commentCount":0,"publisher":{"@id":"https:\/\/www.info-algerie.com\/actualites\/#organization"},"image":{"@id":"https:\/\/www.info-algerie.com\/actualites\/le-president-bouteflika-met-en-avant-le-role-de-lelite-intellectuelle-face-aux-nouveaux-defis\/#primaryimage"},"thumbnailUrl":"https:\/\/www.info-algerie.com\/actualites\/wp-content\/uploads\/2017\/05\/3d032e4d5171df9d3eb2d6279ff5f967_S-1.jpg","keywords":["ONU"],"articleSection":["infos"],"inLanguage":"fr-FR","potentialAction":[{"@type":"CommentAction","name":"Comment","target":["https:\/\/www.info-algerie.com\/actualites\/le-president-bouteflika-met-en-avant-le-role-de-lelite-intellectuelle-face-aux-nouveaux-defis\/#respond"]}]},{"@type":"WebPage","@id":"https:\/\/www.info-algerie.com\/actualites\/le-president-bouteflika-met-en-avant-le-role-de-lelite-intellectuelle-face-aux-nouveaux-defis\/","url":"https:\/\/www.info-algerie.com\/actualites\/le-president-bouteflika-met-en-avant-le-role-de-lelite-intellectuelle-face-aux-nouveaux-defis\/","name":"Le pr\u00e9sident Bouteflika met en avant le r\u00f4le de l&#039;\u00e9lite intellectuelle face\u00a0 aux nouveaux d\u00e9fis - info algerie","isPartOf":{"@id":"https:\/\/www.info-algerie.com\/actualites\/#website"},"primaryImageOfPage":{"@id":"https:\/\/www.info-algerie.com\/actualites\/le-president-bouteflika-met-en-avant-le-role-de-lelite-intellectuelle-face-aux-nouveaux-defis\/#primaryimage"},"image":{"@id":"https:\/\/www.info-algerie.com\/actualites\/le-president-bouteflika-met-en-avant-le-role-de-lelite-intellectuelle-face-aux-nouveaux-defis\/#primaryimage"},"thumbnailUrl":"https:\/\/www.info-algerie.com\/actualites\/wp-content\/uploads\/2017\/05\/3d032e4d5171df9d3eb2d6279ff5f967_S-1.jpg","datePublished":"2017-05-19T13:04:08+00:00","breadcrumb":{"@id":"https:\/\/www.info-algerie.com\/actualites\/le-president-bouteflika-met-en-avant-le-role-de-lelite-intellectuelle-face-aux-nouveaux-defis\/#breadcrumb"},"inLanguage":"fr-FR","potentialAction":[{"@type":"ReadAction","target":["https:\/\/www.info-algerie.com\/actualites\/le-president-bouteflika-met-en-avant-le-role-de-lelite-intellectuelle-face-aux-nouveaux-defis\/"]}]},{"@type":"ImageObject","inLanguage":"fr-FR","@id":"https:\/\/www.info-algerie.com\/actualites\/le-president-bouteflika-met-en-avant-le-role-de-lelite-intellectuelle-face-aux-nouveaux-defis\/#primaryimage","url":"https:\/\/www.info-algerie.com\/actualites\/wp-content\/uploads\/2017\/05\/3d032e4d5171df9d3eb2d6279ff5f967_S-1.jpg","contentUrl":"https:\/\/www.info-algerie.com\/actualites\/wp-content\/uploads\/2017\/05\/3d032e4d5171df9d3eb2d6279ff5f967_S-1.jpg","width":280,"height":203},{"@type":"BreadcrumbList","@id":"https:\/\/www.info-algerie.com\/actualites\/le-president-bouteflika-met-en-avant-le-role-de-lelite-intellectuelle-face-aux-nouveaux-defis\/#breadcrumb","itemListElement":[{"@type":"ListItem","position":1,"name":"Accueil","item":"https:\/\/www.info-algerie.com\/actualites\/"},{"@type":"ListItem","position":2,"name":"Le pr\u00e9sident Bouteflika met en avant le r\u00f4le de l&#039;\u00e9lite intellectuelle face\u00a0 aux nouveaux d\u00e9fis"}]},{"@type":"WebSite","@id":"https:\/\/www.info-algerie.com\/actualites\/#website","url":"https:\/\/www.info-algerie.com\/actualites\/","name":"info algerie","description":"Toutes les actualit\u00e9s","publisher":{"@id":"https:\/\/www.info-algerie.com\/actualites\/#organization"},"potentialAction":[{"@type":"SearchAction","target":{"@type":"EntryPoint","urlTemplate":"https:\/\/www.info-algerie.com\/actualites\/?s={search_term_string}"},"query-input":{"@type":"PropertyValueSpecification","valueRequired":true,"valueName":"search_term_string"}}],"inLanguage":"fr-FR"},{"@type":"Organization","@id":"https:\/\/www.info-algerie.com\/actualites\/#organization","name":"info algerie","url":"https:\/\/www.info-algerie.com\/actualites\/","logo":{"@type":"ImageObject","inLanguage":"fr-FR","@id":"https:\/\/www.info-algerie.com\/actualites\/#\/schema\/logo\/image\/","url":"https:\/\/www.info-algerie.com\/actualites\/wp-content\/uploads\/2022\/07\/logo-ia-120.png","contentUrl":"https:\/\/www.info-algerie.com\/actualites\/wp-content\/uploads\/2022\/07\/logo-ia-120.png","width":120,"height":43,"caption":"info algerie"},"image":{"@id":"https:\/\/www.info-algerie.com\/actualites\/#\/schema\/logo\/image\/"},"sameAs":["https:\/\/www.facebook.com\/infoalgerieactu","https:\/\/x.com\/infoalgerie1"]},{"@type":"Person","@id":"https:\/\/www.info-algerie.com\/actualites\/#\/schema\/person\/847aaec44920825b843a08f30ec6aa1e","name":"La r\u00e9daction","image":{"@type":"ImageObject","inLanguage":"fr-FR","@id":"https:\/\/secure.gravatar.com\/avatar\/769db425c6f465158149f1ffd6cf61ce7a8a879d11dfbef8288af36dfddd418c?s=96&d=mm&r=g","url":"https:\/\/secure.gravatar.com\/avatar\/769db425c6f465158149f1ffd6cf61ce7a8a879d11dfbef8288af36dfddd418c?s=96&d=mm&r=g","contentUrl":"https:\/\/secure.gravatar.com\/avatar\/769db425c6f465158149f1ffd6cf61ce7a8a879d11dfbef8288af36dfddd418c?s=96&d=mm&r=g","caption":"La r\u00e9daction"},"sameAs":["http:\/\/www.lkeria.com\/"],"url":"https:\/\/www.info-algerie.com\/actualites\/author\/chakib32\/"}]}},"_links":{"self":[{"href":"https:\/\/www.info-algerie.com\/actualites\/wp-json\/wp\/v2\/posts\/12204","targetHints":{"allow":["GET"]}}],"collection":[{"href":"https:\/\/www.info-algerie.com\/actualites\/wp-json\/wp\/v2\/posts"}],"about":[{"href":"https:\/\/www.info-algerie.com\/actualites\/wp-json\/wp\/v2\/types\/post"}],"author":[{"embeddable":true,"href":"https:\/\/www.info-algerie.com\/actualites\/wp-json\/wp\/v2\/users\/6"}],"replies":[{"embeddable":true,"href":"https:\/\/www.info-algerie.com\/actualites\/wp-json\/wp\/v2\/comments?post=12204"}],"version-history":[{"count":0,"href":"https:\/\/www.info-algerie.com\/actualites\/wp-json\/wp\/v2\/posts\/12204\/revisions"}],"wp:featuredmedia":[{"embeddable":true,"href":"https:\/\/www.info-algerie.com\/actualites\/wp-json\/wp\/v2\/media\/12205"}],"wp:attachment":[{"href":"https:\/\/www.info-algerie.com\/actualites\/wp-json\/wp\/v2\/media?parent=12204"}],"wp:term":[{"taxonomy":"category","embeddable":true,"href":"https:\/\/www.info-algerie.com\/actualites\/wp-json\/wp\/v2\/categories?post=12204"},{"taxonomy":"post_tag","embeddable":true,"href":"https:\/\/www.info-algerie.com\/actualites\/wp-json\/wp\/v2\/tags?post=12204"}],"curies":[{"name":"wp","href":"https:\/\/api.w.org\/{rel}","templated":true}]}}