{"id":12207,"date":"2017-05-19T13:50:12","date_gmt":"2017-05-19T12:50:12","guid":{"rendered":"http:\/\/www.info-algerie.com\/actualites\/message-du-president-bouteflika-a-loccasion-de-la-journee-nationale-de-letudiant\/"},"modified":"2017-05-19T13:50:12","modified_gmt":"2017-05-19T12:50:12","slug":"message-du-president-bouteflika-a-loccasion-de-la-journee-nationale-de-letudiant","status":"publish","type":"post","link":"https:\/\/www.info-algerie.com\/actualites\/message-du-president-bouteflika-a-loccasion-de-la-journee-nationale-de-letudiant\/","title":{"rendered":"Message du Pr\u00e9sident Bouteflika \u00e0 l&#039;occasion de la Journ\u00e9e nationale de\u00a0 l&#039;\u00e9tudiant"},"content":{"rendered":"<div class=\"K2FeedImage\"><img decoding=\"async\" src=\"https:\/\/www.info-algerie.com\/actualites\/wp-content\/uploads\/2017\/05\/16bb9087bfd406a587d67898a05ffaa6_S.jpg\" alt=\"Message du Pr&#xE9;sident Bouteflika &#xE0; l'occasion de la Journ&#xE9;e nationale de&#xA0; l'&#xE9;tudiant\" \/><\/div>\n<div class=\"K2FeedIntroText\">\n<p>ORAN &#8211; Le Pr\u00e9sident de la R\u00e9publique, Abdelaziz\u00a0 Bouteflika a adress\u00e9 vendredi un message \u00e0 l&rsquo;occasion du 61e anniversaire\u00a0 de la Journ\u00e9e nationale de l&rsquo;\u00e9tudiant (19 mai 1956), comm\u00e9mor\u00e9e cette ann\u00e9e\u00a0 sous le slogan \u00ab\u00a0L&rsquo;\u00e9tudiant, gloire d&rsquo;hier, fiert\u00e9 d&rsquo;aujourd&rsquo;hui\u00a0\u00bb.<\/p>\n<p>&#013;\n<\/p><\/div>\n<div class=\"K2FeedFullText\">&#013;<\/p>\n<p>En voici la traduction APS:<\/p>\n<p>&#013;<\/p>\n<p>\u00a0<\/p>\n<p>&#013;<\/p>\n<p><strong>\u00ab\u00a0Mesdames, Messieurs,<\/strong><\/p>\n<p>&#013;<\/p>\n<p>\u00a0<\/p>\n<p>&#013;<\/p>\n<p>La Journ\u00e9e nationale de l&rsquo;\u00e9tudiant ne constitue pas une simple date\u00a0 comm\u00e9morative mais une prise de conscience permanente qui ne cesse d&rsquo;animer\u00a0 les Alg\u00e9riennes et les Alg\u00e9riens et dont la symbolique d\u00e9passe la notion\u00a0 d&rsquo;abandon, par les \u00e9tudiants et les \u00e9l\u00e8ves, des bancs des \u00e9coles et universit\u00e9s pour rallier les rangs de la r\u00e9volution de leur peuple face au\u00a0 colonisateur qui a spoli\u00e9 sa terre et confisqu\u00e9 sa souverainet\u00e9.<\/p>\n<p>&#013;<\/p>\n<p>Il s&rsquo;agit\u00a0 l\u00e0, d&rsquo;une initiative in\u00e9dite o\u00f9 la parole s&rsquo;est majestueusement m\u00eal\u00e9e \u00e0\u00a0 l&rsquo;acte et o\u00f9 l&rsquo;altruisme a transcend\u00e9 \u00e9go\u00efsme et l&rsquo;int\u00e9r\u00eat personnel pour s&rsquo;\u00e9lever au rang du sacrifice pour les valeurs nobles que l&rsquo;histoire\u00a0 retiendra et, attester que les pionniers de la pens\u00e9e et du savoir ont \u00e9t\u00e9\u00a0 aux premiers rangs pour d\u00e9fendre le droit et la libert\u00e9 et enrayer les\u00a0 fl\u00e9aux qui rongeaient les fondements de toute soci\u00e9t\u00e9.<\/p>\n<p>&#013;<\/p>\n<p>\u00a0<\/p>\n<p>&#013;<\/p>\n<p><strong>Mesdames, Messieurs,<\/strong><\/p>\n<p>&#013;<\/p>\n<p>\u00a0<\/p>\n<p>&#013;<\/p>\n<p>En ce jour m\u00e9morable de l&rsquo;an 1956, le nombre des \u00e9tudiants et des \u00e9l\u00e8ves\u00a0 d\u00e9passait \u00e0 peine quelques milliers car l&rsquo;occupant, et partant de sa vision\u00a0 colonialiste, avait des m\u00e9thodes qu&rsquo;il veillait \u00e0 appliquer scrupuleusement\u00a0 dont la dislocation de la coh\u00e9sion sociale, la destruction du syst\u00e8me des\u00a0 valeurs et de tous les phares de la connaissance du pays convaincu en cela\u00a0 que ces derniers demeurent la source premi\u00e8re pour illuminer les esprits,\u00a0 galvaniser les volont\u00e9s, promouvoir la pens\u00e9e et enfin, extirper la\u00a0 conscience de la sph\u00e8re d&rsquo;inertie \u00e0 celle de la r\u00e9volution et de la\u00a0 lib\u00e9ration.<\/p>\n<p>&#013;<\/p>\n<p>Pour cela, le colonialisme s&rsquo;\u00e9tait arm\u00e9 de tous ses moyens, institutions\u00a0 et syst\u00e8mes ainsi que de son arsenal juridique et militaire pour entamer la\u00a0 refonte d&rsquo;une soci\u00e9t\u00e9 qui abdique face \u00e0 son h\u00e9g\u00e9monie et son autorit\u00e9. Il n&rsquo;est gu\u00e8re surprenant de voir le niveau de scolarisation dans notre\u00a0 pays au lendemain de l&rsquo;ind\u00e9pendance ne d\u00e9passant pas les 3% alors qu&rsquo;en\u00a0 1832, la veille de l&rsquo;occupation, ce m\u00eame taux avoisinait les 80%, selon les\u00a0 estimations des historiens colonisateurs.<\/p>\n<p>&#013;<\/p>\n<p>En 1956, les \u00e9tudiants avaient apport\u00e9 une plus-value \u00e0 la R\u00e9volution sur\u00a0 tous les plans. Certains avaient rejoint les rangs des combattants pour\u00a0 mettre \u00e0 disposition leur vision et perspicacit\u00e9 qui ont conf\u00e9r\u00e9 \u00e0 l&rsquo;acte\u00a0 r\u00e9volutionnaire une dimension strat\u00e9gique en mati\u00e8re de combat.<\/p>\n<p>&#013;<\/p>\n<p>La\u00a0 diplomatie, l&rsquo;information, la culture et la sensibilisation avaient puis\u00e9\u00a0 dans des esprits qui sans cesse, proposaient des id\u00e9es de modernisation et\u00a0 de discernement en mesure de d\u00e9jouer les plans de l&rsquo;occupant m\u00eame si ce\u00a0 dernier se distinguait par sa technologie, sa planification scientifique et ses comp\u00e9tences av\u00e9r\u00e9es qu&rsquo;il exploitait pour d\u00e9naturer les faits dans les\u00a0 fora internationaux et \u00e0 travestir l&rsquo;opinion publique internationale par la\u00a0 tromperie, la conspiration et autres manoeuvres.<\/p>\n<p>&#013;<\/p>\n<p>Gr\u00e2ce aux \u00e9lites alg\u00e9riennes avant-gardistes parmi les \u00e9tudiants, les\u00a0 rapports de force se sont \u00e9quilibr\u00e9s ou presque, au niveau de la bataille\u00a0 diplomatique et politique dans les fora internationaux d&rsquo;une part,\u00a0 conf\u00e9rant ainsi \u00e0 la r\u00e9volution un soutien mondial notamment aupr\u00e8s des\u00a0 peuples et pays arabes et musulmans.<\/p>\n<p>&#013;<\/p>\n<p>Dans cet \u00e9lan combatif sous-tendu par la volont\u00e9 de tout un peuple, la\u00a0 justice a jailli et le mal s&rsquo;est repli\u00e9. Le colonisateur \u00e9tait alors\u00a0 contraint de s&rsquo;asseoir face \u00e0 ceux qu&rsquo;il appelait fellagas et hors-la-loi\u00a0 pour n\u00e9gocier, sur un m\u00eame pied d&rsquo;\u00e9galit\u00e9, le processus\u00a0 d&rsquo;autod\u00e9termination.<\/p>\n<p>&#013;<\/p>\n<p>Cette station a \u00e9t\u00e9 le dernier chapitre d&rsquo;une \u00e9pop\u00e9e qui a r\u00e9veill\u00e9 la\u00a0 conscience humaine et donn\u00e9 lieu \u00e0 de nouveaux concepts et des relations\u00a0 modernes qui ont impact\u00e9 de nombreux peuples \u00e0 travers la d\u00e9colonisation et\u00a0 l&rsquo;acc\u00e8s \u00e0 l&rsquo;ind\u00e9pendance.<\/p>\n<p>&#013;<\/p>\n<p>\u00a0<\/p>\n<p>&#013;<\/p>\n<p><strong>Mesdames, Messieurs,<\/strong><\/p>\n<p>&#013;<\/p>\n<p>\u00a0<\/p>\n<p>&#013;<\/p>\n<p>En 1956, les \u00e9tudiants de l&rsquo;Alg\u00e9rie ont, par leurs sacrifices, honor\u00e9\u00a0 le savoir et l&rsquo;enseignement et sacralis\u00e9 les valeurs humaines en s&rsquo;\u00e9levant\u00a0 au-dessus de l&rsquo;\u00e9go\u00efsme et des int\u00e9r\u00eats \u00e9troits.<\/p>\n<p>&#013;<\/p>\n<p>\u00a0Malgr\u00e9 l&rsquo;existence d&rsquo;une crise \u00e9conomique mondiale accablante qui a eu des\u00a0 r\u00e9percussions n\u00e9gatives notamment sur les \u00e9conomies des pays en\u00a0 d\u00e9veloppement dont le n\u00f4tre, l&rsquo;Etat a n\u00e9anmoins maintenu sa politique et\u00a0 sa vision de prise en charge du syst\u00e8me \u00e9ducatif et poursuivi ses choix\u00a0 strat\u00e9giques, conscient de cette v\u00e9rit\u00e9 absolue qu&rsquo;il n&rsquo;y a pas d&rsquo;Etat\u00a0 fort, ni de peuple d\u00e9velopp\u00e9 ni une \u00e9conomie fructueuse en dehors des\u00a0 hydrocarbures, sans un investissement s\u00e9rieux et efficace dans le savoir\u00a0 que les g\u00e9n\u00e9rations montantes doivent obligatoirement acqu\u00e9rir.<\/p>\n<p>&#013;<\/p>\n<p>L&rsquo;un de nos objectifs est que l&rsquo;\u00e9cole doit rester un espace de\u00a0 r\u00e9flexion et de dialogue, d&rsquo;apprentissage de la culture de la d\u00e9mocratie et\u00a0 du respect de l&rsquo;autre. Elle doit permettre de sortir de la r\u00e9p\u00e9tition, de\u00a0 l&rsquo;imitation et du simple apprentissage pour passer \u00e0 la r\u00e9flexion,\u00a0 l&rsquo;argumentation et l&rsquo;application. L&rsquo;\u00e9colier doit s&rsquo;impr\u00e9gner des valeurs de\u00a0 la R\u00e9publique, de la modernit\u00e9 et de la tol\u00e9rance, du respect des valeurs\u00a0 de la nation et de ses constantes, et s&rsquo;inspirer du parcours de nos martyrs\u00a0 et de nos h\u00e9ros \u00e0 travers le sacrifice pour les objectifs supr\u00eames.<\/p>\n<p>&#013;<\/p>\n<p>\u00a0<\/p>\n<p>&#013;<\/p>\n<p><strong>\u00ab\u00a0Mesdames, Messieurs<\/strong><\/p>\n<p>&#013;<\/p>\n<p>\u00a0<\/p>\n<p>&#013;<\/p>\n<p>Les aspirations l\u00e9gitimes de nos jeunes et leur d\u00e9sir de contribuer \u00e0\u00a0 l&rsquo;\u00e9dification et \u00e0 la d\u00e9fense de la patrie \u00e9manent de leur attachement et\u00a0 de leur amour pour cette terre sainte tout comme leurs pr\u00e9d\u00e9cesseurs\u00a0 \u00e9taient d\u00e9termin\u00e9s \u00e0 rester debout, forts et fid\u00e8les, balisant la voie aux\u00a0 g\u00e9n\u00e9rations futures pour une vie libre, digne et alti\u00e8re au sein des\u00a0 nations.<\/p>\n<p>&#013;<\/p>\n<p>Au vu des dangers de la mondialisation qui sont de nature \u00e0 oblit\u00e9rer\u00a0 l&rsquo;identit\u00e9 nationale et culturelle, saper leurs fondements linguistiques et\u00a0 religieux pour consacrer l&rsquo;h\u00e9g\u00e9monie \u00e9conomique, j&rsquo;exhorte nos jeunes \u00e0\u00a0 s&rsquo;inspirer des sacrifices de ceux qui ont port\u00e9 l&rsquo;\u00e9tendard de la lutte, de\u00a0 la r\u00e9sistance pour la d\u00e9fense de notre ch\u00e8re patrie, et \u00e0 pr\u00e9server\u00a0 l&rsquo;identit\u00e9 nationale et son h\u00e9ritage civilisationnel pour contrer tous les\u00a0 danger qui planent sur notre pays et garantir son immunit\u00e9.<\/p>\n<p>&#013;<\/p>\n<p>\u00a0<\/p>\n<p>&#013;<\/p>\n<p><strong>Mesdames, Messieurs<\/strong><\/p>\n<p>&#013;<\/p>\n<p>\u00a0<\/p>\n<p>&#013;<\/p>\n<p>La rem\u00e9moration, en ce jour, de la gloire de notre R\u00e9volution et de la\u00a0 contribution de l&rsquo;\u00e9lite intellectuelle, \u00e9tudiants et \u00e9l\u00e8ves, aux sacrifices\u00a0 consentis pour la libert\u00e9 et l&rsquo;ind\u00e9pendance nationale est une aubaine pour\u00a0 m&rsquo;adresser notre \u00e9lite intellectuelle au moment o\u00f9 notre pays est confront\u00e9\u00a0 \u00e0 des d\u00e9fis majeurs.<\/p>\n<p>&#013;<\/p>\n<p>En effet, chaque pays a une \u00e9lite form\u00e9e de ses dipl\u00f4m\u00e9s et de ses\u00a0 enfants, filles et gar\u00e7ons, excellant dans les \u00e9coles et les universit\u00e9s et\u00a0 l&rsquo;Alg\u00e9rie a d\u00e9ploy\u00e9 des efforts colossaux qui ont lui permis de se doter de\u00a0 millions de dipl\u00f4m\u00e9s issus de ses \u00e9tablissements de formations. Des \u00e9tablissements qui comptent encore des dizaines de millions d&rsquo;\u00e9tudiants et\u00a0 d&rsquo;\u00e9l\u00e8ves de notre syst\u00e8me d&rsquo;\u00e9ducation ainsi que des stagiaires de notre\u00a0 dispositif de formation professionnelle.<\/p>\n<p>&#013;<\/p>\n<p>Confront\u00e9e \u00e0 la chute des prix des hydrocarbures, \u00e0 ses retomb\u00e9es\u00a0 socio-\u00e9conomiques et \u00e0 des d\u00e9fis nouveaux pour d\u00e9passer cette conjoncture,\u00a0 l&rsquo;Alg\u00e9rie a besoin de son \u00e9lite pour expliquer les raisons de la crise et\u00a0 r\u00e9fl\u00e9chir aux moyens et\u00a0 solutions de s&rsquo;en sortir.<\/p>\n<p>&#013;<\/p>\n<p>La contribution de notre \u00e9lite sous forme d&rsquo;expertises auxquelles peuvent\u00a0 recourir le gouvernement et toutes les institutions en charge de la gestion\u00a0 du pays est une n\u00e9cessit\u00e9 imp\u00e9rieuse.<\/p>\n<p>&#013;<\/p>\n<p>Parall\u00e8lement, la sensibilisation aux nouveaux d\u00e9fis et ce qu&rsquo;ils\u00a0 impliquent en termes de d\u00e9termination et d&rsquo;adh\u00e9sion de la part de la\u00a0 soci\u00e9t\u00e9 constitue une entreprise importante dans la mobilisation de notre\u00a0 pays face \u00e0 la conjoncture actuelle. Le concours de l&rsquo;\u00e9lite nationale\u00a0 permettra incontestablement \u00e0 \u00e9lever le niveau de conscience au sein de la\u00a0 soci\u00e9t\u00e9 et partant barrer la route aux manoeuvres, orchestr\u00e9es tant \u00e0\u00a0 l&rsquo;int\u00e9rieur qu&rsquo;\u00e0 l&rsquo;ext\u00e9rieur, dans le but de semer le doute et le\u00a0 d\u00e9sespoir.<\/p>\n<p>&#013;<\/p>\n<p>Expliquer l&rsquo;imp\u00e9ratif pour l&rsquo;\u00e9conomie de notre pays de se lib\u00e9rer de la\u00a0 d\u00e9pendance excessive aux hydrocarbures et de tirer avantage de ses\u00a0 nombreuses et \u00e9normes potentialit\u00e9s pour un processus de d\u00e9veloppement\u00a0 durable et la p\u00e9rennit\u00e9 de nos choix sociaux et solidaires sont autant\u00a0 d&rsquo;apports que notre \u00e9lite de dipl\u00f4m\u00e9s et d&rsquo;\u00e9tudiants peut promouvoir au\u00a0 sein de son milieu familial et social et partant dans l&rsquo;ensemble du pays.<\/p>\n<p>&#013;<\/p>\n<p>C&rsquo;est ainsi que seront mobiliser les volont\u00e9s et lib\u00e9rer les initiatives\u00a0 pour atteindre l&rsquo;effort escompt\u00e9 et la d\u00e9termination esp\u00e9r\u00e9e pour venir \u00e0\u00a0 bout de nos difficult\u00e9s financi\u00e8res actuelles.<\/p>\n<p>&#013;<\/p>\n<p>Avant de clore, je souhaite m\u2019incliner, avec ferveur et d\u00e9f\u00e9rence, \u00e0 la\u00a0 m\u00e9moire de nos vaillants Chouhada. Je prie le Tout Puissant de pr\u00e9server\u00a0 nos valeureux Moudjahidines et de leur d&rsquo;accorder la sant\u00e9 et de combler\u00a0 notre pr\u00e9cieuse jeunesse des bienfaits du progr\u00e8s et du d\u00e9veloppement.<\/p>\n<p>&#013;<\/p>\n<p>\u00a0<\/p>\n<p>&#013;<\/p>\n<p>Gloire \u00e0 nos martyrs\u00a0\u00bb.<\/p>\n<\/div>\n<p>&#013;<br \/>\nSource: <a href=\"http:\/\/www.aps.dz\/algerie\/57827-message-du-president-bouteflika-a-l-occasion-de-la-journee-nationale-de-l-etudiant\" target=\"_blank\">Message du Pr\u00e9sident Bouteflika \u00e0 l&rsquo;occasion de la Journ\u00e9e nationale de\u00a0 l&rsquo;\u00e9tudiant<\/a><\/p>\n<!--CusAds0-->\n<div style=\"font-size: 0px; height: 0px; line-height: 0px; margin: 0; padding: 0; clear: both;\"><\/div>","protected":false},"excerpt":{"rendered":"<p>ORAN &#8211; Le Pr\u00e9sident de la R\u00e9publique, Abdelaziz\u00a0 Bouteflika a adress\u00e9 vendredi un message \u00e0 l&rsquo;occasion du 61e anniversaire\u00a0 de la Journ\u00e9e nationale de l&rsquo;\u00e9tudiant (19 mai 1956), comm\u00e9mor\u00e9e cette ann\u00e9e\u00a0 sous le slogan \u00ab\u00a0L&rsquo;\u00e9tudiant, gloire d&rsquo;hier, fiert\u00e9 d&rsquo;aujourd&rsquo;hui\u00a0\u00bb. &#013; &#013; En voici la traduction APS: &#013; \u00a0 &#013; \u00ab\u00a0Mesdames, Messieurs, &#013; \u00a0 &#013; La<\/p>\n","protected":false},"author":6,"featured_media":12208,"comment_status":"open","ping_status":"open","sticky":false,"template":"","format":"standard","meta":{"footnotes":""},"categories":[22],"tags":[93],"class_list":["post-12207","post","type-post","status-publish","format-standard","has-post-thumbnail","hentry","category-infos","tag-onu"],"yoast_head":"<!-- This site is optimized with the Yoast SEO plugin v27.5 - https:\/\/yoast.com\/product\/yoast-seo-wordpress\/ -->\n<title>Message du Pr\u00e9sident Bouteflika \u00e0 l&#039;occasion de la Journ\u00e9e nationale de\u00a0 l&#039;\u00e9tudiant - info algerie<\/title>\n<meta name=\"robots\" content=\"index, follow, max-snippet:-1, max-image-preview:large, max-video-preview:-1\" \/>\n<link rel=\"canonical\" href=\"https:\/\/www.info-algerie.com\/actualites\/message-du-president-bouteflika-a-loccasion-de-la-journee-nationale-de-letudiant\/\" \/>\n<meta property=\"og:locale\" content=\"fr_FR\" \/>\n<meta property=\"og:type\" content=\"article\" \/>\n<meta property=\"og:title\" content=\"Message du Pr\u00e9sident Bouteflika \u00e0 l&#039;occasion de la Journ\u00e9e nationale de\u00a0 l&#039;\u00e9tudiant - info algerie\" \/>\n<meta property=\"og:description\" content=\"ORAN &#8211; Le Pr\u00e9sident de la R\u00e9publique, Abdelaziz\u00a0 Bouteflika a adress\u00e9 vendredi un message \u00e0 l&rsquo;occasion du 61e anniversaire\u00a0 de la Journ\u00e9e nationale de l&rsquo;\u00e9tudiant (19 mai 1956), comm\u00e9mor\u00e9e cette ann\u00e9e\u00a0 sous le slogan \u00ab\u00a0L&rsquo;\u00e9tudiant, gloire d&rsquo;hier, fiert\u00e9 d&rsquo;aujourd&rsquo;hui\u00a0\u00bb. &#013; &#013; En voici la traduction APS: &#013; \u00a0 &#013; \u00ab\u00a0Mesdames, Messieurs, &#013; \u00a0 &#013; La\" \/>\n<meta property=\"og:url\" content=\"https:\/\/www.info-algerie.com\/actualites\/message-du-president-bouteflika-a-loccasion-de-la-journee-nationale-de-letudiant\/\" \/>\n<meta property=\"og:site_name\" content=\"info algerie\" \/>\n<meta property=\"article:publisher\" content=\"https:\/\/www.facebook.com\/infoalgerieactu\" \/>\n<meta property=\"article:published_time\" content=\"2017-05-19T12:50:12+00:00\" \/>\n<meta property=\"og:image\" content=\"https:\/\/www.info-algerie.com\/actualites\/wp-content\/uploads\/2017\/05\/16bb9087bfd406a587d67898a05ffaa6_S-1.jpg\" \/>\n\t<meta property=\"og:image:width\" content=\"280\" \/>\n\t<meta property=\"og:image:height\" content=\"172\" \/>\n\t<meta property=\"og:image:type\" content=\"image\/jpeg\" \/>\n<meta name=\"author\" content=\"La r\u00e9daction\" \/>\n<meta name=\"twitter:label1\" content=\"\u00c9crit par\" \/>\n\t<meta name=\"twitter:data1\" content=\"La r\u00e9daction\" \/>\n\t<meta name=\"twitter:label2\" content=\"Dur\u00e9e de lecture estim\u00e9e\" \/>\n\t<meta name=\"twitter:data2\" content=\"8 minutes\" \/>\n<script type=\"application\/ld+json\" class=\"yoast-schema-graph\">{\"@context\":\"https:\\\/\\\/schema.org\",\"@graph\":[{\"@type\":\"Article\",\"@id\":\"https:\\\/\\\/www.info-algerie.com\\\/actualites\\\/message-du-president-bouteflika-a-loccasion-de-la-journee-nationale-de-letudiant\\\/#article\",\"isPartOf\":{\"@id\":\"https:\\\/\\\/www.info-algerie.com\\\/actualites\\\/message-du-president-bouteflika-a-loccasion-de-la-journee-nationale-de-letudiant\\\/\"},\"author\":{\"name\":\"La r\u00e9daction\",\"@id\":\"https:\\\/\\\/www.info-algerie.com\\\/actualites\\\/#\\\/schema\\\/person\\\/847aaec44920825b843a08f30ec6aa1e\"},\"headline\":\"Message du Pr\u00e9sident Bouteflika \u00e0 l&#039;occasion de la Journ\u00e9e nationale de\u00a0 l&#039;\u00e9tudiant\",\"datePublished\":\"2017-05-19T12:50:12+00:00\",\"mainEntityOfPage\":{\"@id\":\"https:\\\/\\\/www.info-algerie.com\\\/actualites\\\/message-du-president-bouteflika-a-loccasion-de-la-journee-nationale-de-letudiant\\\/\"},\"wordCount\":1634,\"commentCount\":0,\"publisher\":{\"@id\":\"https:\\\/\\\/www.info-algerie.com\\\/actualites\\\/#organization\"},\"image\":{\"@id\":\"https:\\\/\\\/www.info-algerie.com\\\/actualites\\\/message-du-president-bouteflika-a-loccasion-de-la-journee-nationale-de-letudiant\\\/#primaryimage\"},\"thumbnailUrl\":\"https:\\\/\\\/www.info-algerie.com\\\/actualites\\\/wp-content\\\/uploads\\\/2017\\\/05\\\/16bb9087bfd406a587d67898a05ffaa6_S-1.jpg\",\"keywords\":[\"ONU\"],\"articleSection\":[\"infos\"],\"inLanguage\":\"fr-FR\",\"potentialAction\":[{\"@type\":\"CommentAction\",\"name\":\"Comment\",\"target\":[\"https:\\\/\\\/www.info-algerie.com\\\/actualites\\\/message-du-president-bouteflika-a-loccasion-de-la-journee-nationale-de-letudiant\\\/#respond\"]}]},{\"@type\":\"WebPage\",\"@id\":\"https:\\\/\\\/www.info-algerie.com\\\/actualites\\\/message-du-president-bouteflika-a-loccasion-de-la-journee-nationale-de-letudiant\\\/\",\"url\":\"https:\\\/\\\/www.info-algerie.com\\\/actualites\\\/message-du-president-bouteflika-a-loccasion-de-la-journee-nationale-de-letudiant\\\/\",\"name\":\"Message du Pr\u00e9sident Bouteflika \u00e0 l&#039;occasion de la Journ\u00e9e nationale de\u00a0 l&#039;\u00e9tudiant - info algerie\",\"isPartOf\":{\"@id\":\"https:\\\/\\\/www.info-algerie.com\\\/actualites\\\/#website\"},\"primaryImageOfPage\":{\"@id\":\"https:\\\/\\\/www.info-algerie.com\\\/actualites\\\/message-du-president-bouteflika-a-loccasion-de-la-journee-nationale-de-letudiant\\\/#primaryimage\"},\"image\":{\"@id\":\"https:\\\/\\\/www.info-algerie.com\\\/actualites\\\/message-du-president-bouteflika-a-loccasion-de-la-journee-nationale-de-letudiant\\\/#primaryimage\"},\"thumbnailUrl\":\"https:\\\/\\\/www.info-algerie.com\\\/actualites\\\/wp-content\\\/uploads\\\/2017\\\/05\\\/16bb9087bfd406a587d67898a05ffaa6_S-1.jpg\",\"datePublished\":\"2017-05-19T12:50:12+00:00\",\"breadcrumb\":{\"@id\":\"https:\\\/\\\/www.info-algerie.com\\\/actualites\\\/message-du-president-bouteflika-a-loccasion-de-la-journee-nationale-de-letudiant\\\/#breadcrumb\"},\"inLanguage\":\"fr-FR\",\"potentialAction\":[{\"@type\":\"ReadAction\",\"target\":[\"https:\\\/\\\/www.info-algerie.com\\\/actualites\\\/message-du-president-bouteflika-a-loccasion-de-la-journee-nationale-de-letudiant\\\/\"]}]},{\"@type\":\"ImageObject\",\"inLanguage\":\"fr-FR\",\"@id\":\"https:\\\/\\\/www.info-algerie.com\\\/actualites\\\/message-du-president-bouteflika-a-loccasion-de-la-journee-nationale-de-letudiant\\\/#primaryimage\",\"url\":\"https:\\\/\\\/www.info-algerie.com\\\/actualites\\\/wp-content\\\/uploads\\\/2017\\\/05\\\/16bb9087bfd406a587d67898a05ffaa6_S-1.jpg\",\"contentUrl\":\"https:\\\/\\\/www.info-algerie.com\\\/actualites\\\/wp-content\\\/uploads\\\/2017\\\/05\\\/16bb9087bfd406a587d67898a05ffaa6_S-1.jpg\",\"width\":280,\"height\":172},{\"@type\":\"BreadcrumbList\",\"@id\":\"https:\\\/\\\/www.info-algerie.com\\\/actualites\\\/message-du-president-bouteflika-a-loccasion-de-la-journee-nationale-de-letudiant\\\/#breadcrumb\",\"itemListElement\":[{\"@type\":\"ListItem\",\"position\":1,\"name\":\"Accueil\",\"item\":\"https:\\\/\\\/www.info-algerie.com\\\/actualites\\\/\"},{\"@type\":\"ListItem\",\"position\":2,\"name\":\"Message du Pr\u00e9sident Bouteflika \u00e0 l&#039;occasion de la Journ\u00e9e nationale de\u00a0 l&#039;\u00e9tudiant\"}]},{\"@type\":\"WebSite\",\"@id\":\"https:\\\/\\\/www.info-algerie.com\\\/actualites\\\/#website\",\"url\":\"https:\\\/\\\/www.info-algerie.com\\\/actualites\\\/\",\"name\":\"info algerie\",\"description\":\"Toutes les actualit\u00e9s\",\"publisher\":{\"@id\":\"https:\\\/\\\/www.info-algerie.com\\\/actualites\\\/#organization\"},\"potentialAction\":[{\"@type\":\"SearchAction\",\"target\":{\"@type\":\"EntryPoint\",\"urlTemplate\":\"https:\\\/\\\/www.info-algerie.com\\\/actualites\\\/?s={search_term_string}\"},\"query-input\":{\"@type\":\"PropertyValueSpecification\",\"valueRequired\":true,\"valueName\":\"search_term_string\"}}],\"inLanguage\":\"fr-FR\"},{\"@type\":\"Organization\",\"@id\":\"https:\\\/\\\/www.info-algerie.com\\\/actualites\\\/#organization\",\"name\":\"info algerie\",\"url\":\"https:\\\/\\\/www.info-algerie.com\\\/actualites\\\/\",\"logo\":{\"@type\":\"ImageObject\",\"inLanguage\":\"fr-FR\",\"@id\":\"https:\\\/\\\/www.info-algerie.com\\\/actualites\\\/#\\\/schema\\\/logo\\\/image\\\/\",\"url\":\"https:\\\/\\\/www.info-algerie.com\\\/actualites\\\/wp-content\\\/uploads\\\/2022\\\/07\\\/logo-ia-120.png\",\"contentUrl\":\"https:\\\/\\\/www.info-algerie.com\\\/actualites\\\/wp-content\\\/uploads\\\/2022\\\/07\\\/logo-ia-120.png\",\"width\":120,\"height\":43,\"caption\":\"info algerie\"},\"image\":{\"@id\":\"https:\\\/\\\/www.info-algerie.com\\\/actualites\\\/#\\\/schema\\\/logo\\\/image\\\/\"},\"sameAs\":[\"https:\\\/\\\/www.facebook.com\\\/infoalgerieactu\",\"https:\\\/\\\/x.com\\\/infoalgerie1\"]},{\"@type\":\"Person\",\"@id\":\"https:\\\/\\\/www.info-algerie.com\\\/actualites\\\/#\\\/schema\\\/person\\\/847aaec44920825b843a08f30ec6aa1e\",\"name\":\"La r\u00e9daction\",\"image\":{\"@type\":\"ImageObject\",\"inLanguage\":\"fr-FR\",\"@id\":\"https:\\\/\\\/secure.gravatar.com\\\/avatar\\\/769db425c6f465158149f1ffd6cf61ce7a8a879d11dfbef8288af36dfddd418c?s=96&d=mm&r=g\",\"url\":\"https:\\\/\\\/secure.gravatar.com\\\/avatar\\\/769db425c6f465158149f1ffd6cf61ce7a8a879d11dfbef8288af36dfddd418c?s=96&d=mm&r=g\",\"contentUrl\":\"https:\\\/\\\/secure.gravatar.com\\\/avatar\\\/769db425c6f465158149f1ffd6cf61ce7a8a879d11dfbef8288af36dfddd418c?s=96&d=mm&r=g\",\"caption\":\"La r\u00e9daction\"},\"sameAs\":[\"http:\\\/\\\/www.lkeria.com\\\/\"],\"url\":\"https:\\\/\\\/www.info-algerie.com\\\/actualites\\\/author\\\/chakib32\\\/\"}]}<\/script>\n<!-- \/ Yoast SEO plugin. -->","yoast_head_json":{"title":"Message du Pr\u00e9sident Bouteflika \u00e0 l&#039;occasion de la Journ\u00e9e nationale de\u00a0 l&#039;\u00e9tudiant - info algerie","robots":{"index":"index","follow":"follow","max-snippet":"max-snippet:-1","max-image-preview":"max-image-preview:large","max-video-preview":"max-video-preview:-1"},"canonical":"https:\/\/www.info-algerie.com\/actualites\/message-du-president-bouteflika-a-loccasion-de-la-journee-nationale-de-letudiant\/","og_locale":"fr_FR","og_type":"article","og_title":"Message du Pr\u00e9sident Bouteflika \u00e0 l&#039;occasion de la Journ\u00e9e nationale de\u00a0 l&#039;\u00e9tudiant - info algerie","og_description":"ORAN &#8211; Le Pr\u00e9sident de la R\u00e9publique, Abdelaziz\u00a0 Bouteflika a adress\u00e9 vendredi un message \u00e0 l&rsquo;occasion du 61e anniversaire\u00a0 de la Journ\u00e9e nationale de l&rsquo;\u00e9tudiant (19 mai 1956), comm\u00e9mor\u00e9e cette ann\u00e9e\u00a0 sous le slogan \u00ab\u00a0L&rsquo;\u00e9tudiant, gloire d&rsquo;hier, fiert\u00e9 d&rsquo;aujourd&rsquo;hui\u00a0\u00bb. &#013; &#013; En voici la traduction APS: &#013; \u00a0 &#013; \u00ab\u00a0Mesdames, Messieurs, &#013; \u00a0 &#013; La","og_url":"https:\/\/www.info-algerie.com\/actualites\/message-du-president-bouteflika-a-loccasion-de-la-journee-nationale-de-letudiant\/","og_site_name":"info algerie","article_publisher":"https:\/\/www.facebook.com\/infoalgerieactu","article_published_time":"2017-05-19T12:50:12+00:00","og_image":[{"width":280,"height":172,"url":"https:\/\/www.info-algerie.com\/actualites\/wp-content\/uploads\/2017\/05\/16bb9087bfd406a587d67898a05ffaa6_S-1.jpg","type":"image\/jpeg"}],"author":"La r\u00e9daction","twitter_misc":{"\u00c9crit par":"La r\u00e9daction","Dur\u00e9e de lecture estim\u00e9e":"8 minutes"},"schema":{"@context":"https:\/\/schema.org","@graph":[{"@type":"Article","@id":"https:\/\/www.info-algerie.com\/actualites\/message-du-president-bouteflika-a-loccasion-de-la-journee-nationale-de-letudiant\/#article","isPartOf":{"@id":"https:\/\/www.info-algerie.com\/actualites\/message-du-president-bouteflika-a-loccasion-de-la-journee-nationale-de-letudiant\/"},"author":{"name":"La r\u00e9daction","@id":"https:\/\/www.info-algerie.com\/actualites\/#\/schema\/person\/847aaec44920825b843a08f30ec6aa1e"},"headline":"Message du Pr\u00e9sident Bouteflika \u00e0 l&#039;occasion de la Journ\u00e9e nationale de\u00a0 l&#039;\u00e9tudiant","datePublished":"2017-05-19T12:50:12+00:00","mainEntityOfPage":{"@id":"https:\/\/www.info-algerie.com\/actualites\/message-du-president-bouteflika-a-loccasion-de-la-journee-nationale-de-letudiant\/"},"wordCount":1634,"commentCount":0,"publisher":{"@id":"https:\/\/www.info-algerie.com\/actualites\/#organization"},"image":{"@id":"https:\/\/www.info-algerie.com\/actualites\/message-du-president-bouteflika-a-loccasion-de-la-journee-nationale-de-letudiant\/#primaryimage"},"thumbnailUrl":"https:\/\/www.info-algerie.com\/actualites\/wp-content\/uploads\/2017\/05\/16bb9087bfd406a587d67898a05ffaa6_S-1.jpg","keywords":["ONU"],"articleSection":["infos"],"inLanguage":"fr-FR","potentialAction":[{"@type":"CommentAction","name":"Comment","target":["https:\/\/www.info-algerie.com\/actualites\/message-du-president-bouteflika-a-loccasion-de-la-journee-nationale-de-letudiant\/#respond"]}]},{"@type":"WebPage","@id":"https:\/\/www.info-algerie.com\/actualites\/message-du-president-bouteflika-a-loccasion-de-la-journee-nationale-de-letudiant\/","url":"https:\/\/www.info-algerie.com\/actualites\/message-du-president-bouteflika-a-loccasion-de-la-journee-nationale-de-letudiant\/","name":"Message du Pr\u00e9sident Bouteflika \u00e0 l&#039;occasion de la Journ\u00e9e nationale de\u00a0 l&#039;\u00e9tudiant - info algerie","isPartOf":{"@id":"https:\/\/www.info-algerie.com\/actualites\/#website"},"primaryImageOfPage":{"@id":"https:\/\/www.info-algerie.com\/actualites\/message-du-president-bouteflika-a-loccasion-de-la-journee-nationale-de-letudiant\/#primaryimage"},"image":{"@id":"https:\/\/www.info-algerie.com\/actualites\/message-du-president-bouteflika-a-loccasion-de-la-journee-nationale-de-letudiant\/#primaryimage"},"thumbnailUrl":"https:\/\/www.info-algerie.com\/actualites\/wp-content\/uploads\/2017\/05\/16bb9087bfd406a587d67898a05ffaa6_S-1.jpg","datePublished":"2017-05-19T12:50:12+00:00","breadcrumb":{"@id":"https:\/\/www.info-algerie.com\/actualites\/message-du-president-bouteflika-a-loccasion-de-la-journee-nationale-de-letudiant\/#breadcrumb"},"inLanguage":"fr-FR","potentialAction":[{"@type":"ReadAction","target":["https:\/\/www.info-algerie.com\/actualites\/message-du-president-bouteflika-a-loccasion-de-la-journee-nationale-de-letudiant\/"]}]},{"@type":"ImageObject","inLanguage":"fr-FR","@id":"https:\/\/www.info-algerie.com\/actualites\/message-du-president-bouteflika-a-loccasion-de-la-journee-nationale-de-letudiant\/#primaryimage","url":"https:\/\/www.info-algerie.com\/actualites\/wp-content\/uploads\/2017\/05\/16bb9087bfd406a587d67898a05ffaa6_S-1.jpg","contentUrl":"https:\/\/www.info-algerie.com\/actualites\/wp-content\/uploads\/2017\/05\/16bb9087bfd406a587d67898a05ffaa6_S-1.jpg","width":280,"height":172},{"@type":"BreadcrumbList","@id":"https:\/\/www.info-algerie.com\/actualites\/message-du-president-bouteflika-a-loccasion-de-la-journee-nationale-de-letudiant\/#breadcrumb","itemListElement":[{"@type":"ListItem","position":1,"name":"Accueil","item":"https:\/\/www.info-algerie.com\/actualites\/"},{"@type":"ListItem","position":2,"name":"Message du Pr\u00e9sident Bouteflika \u00e0 l&#039;occasion de la Journ\u00e9e nationale de\u00a0 l&#039;\u00e9tudiant"}]},{"@type":"WebSite","@id":"https:\/\/www.info-algerie.com\/actualites\/#website","url":"https:\/\/www.info-algerie.com\/actualites\/","name":"info algerie","description":"Toutes les actualit\u00e9s","publisher":{"@id":"https:\/\/www.info-algerie.com\/actualites\/#organization"},"potentialAction":[{"@type":"SearchAction","target":{"@type":"EntryPoint","urlTemplate":"https:\/\/www.info-algerie.com\/actualites\/?s={search_term_string}"},"query-input":{"@type":"PropertyValueSpecification","valueRequired":true,"valueName":"search_term_string"}}],"inLanguage":"fr-FR"},{"@type":"Organization","@id":"https:\/\/www.info-algerie.com\/actualites\/#organization","name":"info algerie","url":"https:\/\/www.info-algerie.com\/actualites\/","logo":{"@type":"ImageObject","inLanguage":"fr-FR","@id":"https:\/\/www.info-algerie.com\/actualites\/#\/schema\/logo\/image\/","url":"https:\/\/www.info-algerie.com\/actualites\/wp-content\/uploads\/2022\/07\/logo-ia-120.png","contentUrl":"https:\/\/www.info-algerie.com\/actualites\/wp-content\/uploads\/2022\/07\/logo-ia-120.png","width":120,"height":43,"caption":"info algerie"},"image":{"@id":"https:\/\/www.info-algerie.com\/actualites\/#\/schema\/logo\/image\/"},"sameAs":["https:\/\/www.facebook.com\/infoalgerieactu","https:\/\/x.com\/infoalgerie1"]},{"@type":"Person","@id":"https:\/\/www.info-algerie.com\/actualites\/#\/schema\/person\/847aaec44920825b843a08f30ec6aa1e","name":"La r\u00e9daction","image":{"@type":"ImageObject","inLanguage":"fr-FR","@id":"https:\/\/secure.gravatar.com\/avatar\/769db425c6f465158149f1ffd6cf61ce7a8a879d11dfbef8288af36dfddd418c?s=96&d=mm&r=g","url":"https:\/\/secure.gravatar.com\/avatar\/769db425c6f465158149f1ffd6cf61ce7a8a879d11dfbef8288af36dfddd418c?s=96&d=mm&r=g","contentUrl":"https:\/\/secure.gravatar.com\/avatar\/769db425c6f465158149f1ffd6cf61ce7a8a879d11dfbef8288af36dfddd418c?s=96&d=mm&r=g","caption":"La r\u00e9daction"},"sameAs":["http:\/\/www.lkeria.com\/"],"url":"https:\/\/www.info-algerie.com\/actualites\/author\/chakib32\/"}]}},"_links":{"self":[{"href":"https:\/\/www.info-algerie.com\/actualites\/wp-json\/wp\/v2\/posts\/12207","targetHints":{"allow":["GET"]}}],"collection":[{"href":"https:\/\/www.info-algerie.com\/actualites\/wp-json\/wp\/v2\/posts"}],"about":[{"href":"https:\/\/www.info-algerie.com\/actualites\/wp-json\/wp\/v2\/types\/post"}],"author":[{"embeddable":true,"href":"https:\/\/www.info-algerie.com\/actualites\/wp-json\/wp\/v2\/users\/6"}],"replies":[{"embeddable":true,"href":"https:\/\/www.info-algerie.com\/actualites\/wp-json\/wp\/v2\/comments?post=12207"}],"version-history":[{"count":0,"href":"https:\/\/www.info-algerie.com\/actualites\/wp-json\/wp\/v2\/posts\/12207\/revisions"}],"wp:featuredmedia":[{"embeddable":true,"href":"https:\/\/www.info-algerie.com\/actualites\/wp-json\/wp\/v2\/media\/12208"}],"wp:attachment":[{"href":"https:\/\/www.info-algerie.com\/actualites\/wp-json\/wp\/v2\/media?parent=12207"}],"wp:term":[{"taxonomy":"category","embeddable":true,"href":"https:\/\/www.info-algerie.com\/actualites\/wp-json\/wp\/v2\/categories?post=12207"},{"taxonomy":"post_tag","embeddable":true,"href":"https:\/\/www.info-algerie.com\/actualites\/wp-json\/wp\/v2\/tags?post=12207"}],"curies":[{"name":"wp","href":"https:\/\/api.w.org\/{rel}","templated":true}]}}