{"id":12213,"date":"2017-05-19T14:30:45","date_gmt":"2017-05-19T13:30:45","guid":{"rendered":"http:\/\/www.info-algerie.com\/actualites\/le-general-major-abdelghani-hamel-en-visite-de-travail-au-siege-dinterpol-a-lyon\/"},"modified":"2017-05-19T14:30:45","modified_gmt":"2017-05-19T13:30:45","slug":"le-general-major-abdelghani-hamel-en-visite-de-travail-au-siege-dinterpol-a-lyon","status":"publish","type":"post","link":"https:\/\/www.info-algerie.com\/actualites\/le-general-major-abdelghani-hamel-en-visite-de-travail-au-siege-dinterpol-a-lyon\/","title":{"rendered":"Le g\u00e9n\u00e9ral major Abdelghani Hamel en visite de travail au si\u00e8ge d&#039;Interpol\u00a0 \u00e0 Lyon  \u00a0"},"content":{"rendered":"<div class=\"K2FeedImage\"><img decoding=\"async\" src=\"https:\/\/www.info-algerie.com\/actualites\/wp-content\/uploads\/2017\/05\/989802f36fbd10f0eb8a1ce79f4fa151_S.jpg\" alt=\"Le g&#xE9;n&#xE9;ral major Abdelghani Hamel en visite de travail au si&#xE8;ge d'Interpol&#xA0; &#xE0; Lyon  &#xA0;\" \/><\/div>\n<div class=\"K2FeedIntroText\">\n<p>ALGER- Le Directeur g\u00e9n\u00e9ral de la S\u00fbret\u00e9 nationale, le\u00a0 g\u00e9n\u00e9ral major Abdelghani Hamel s&rsquo;est rendu vendredi au si\u00e8ge de\u00a0 l&rsquo;Organisation internationale de la police (Interpol) \u00e0 Lyon (France) dans le cadre d&rsquo;une visite de travail, a indiqu\u00e9 un communiqu\u00e9 de la Direction\u00a0 nationale de la S\u00fbret\u00e9 nationale (DGSN).<\/p>\n<p>&#013;\n<\/p><\/div>\n<div class=\"K2FeedFullText\">&#013;<\/p>\n<p>Le g\u00e9n\u00e9ral major Hamel et la d\u00e9l\u00e9gation qui l&rsquo;accompagne\u00a0 s&rsquo;entretiendra lors de cette visite avec de hauts responsables d&rsquo;Interpol \u00e0\u00a0 leur t\u00eate le secr\u00e9taire g\u00e9n\u00e9ral J\u00fcrgen Stock, pr\u00e9cise la m\u00eame source. Cette visite s&rsquo;inscrit dans le cadre du renforcement des moyens de\u00a0 coop\u00e9ration entre Interpol et la DGSN et de la consolidation du r\u00f4le\u00a0 important et primordial de la police alg\u00e9rienne au sein de cette\u00a0 organisation internationale en mati\u00e8re d&rsquo;\u00e9change d&rsquo;informations et de\u00a0 donn\u00e9es dans la lutte contre toutes les formes de criminalit\u00e9.<\/p>\n<p>&#013;<\/p>\n<p>Elle permettra par ailleurs, selon la m\u00eame source, \u00ab\u00a0d&rsquo;asseoir un\u00a0 partenariat fort entre Interpol et la nouvelle instance polici\u00e8re\u00a0 continentale, le m\u00e9canisme d&rsquo;Afripol pr\u00e9sid\u00e9 par le g\u00e9n\u00e9ral major\u00a0<span lang=\"EN-US\">Abdelghani Hamel\u00a0\u00bb.<\/span><\/p>\n<\/div>\n<p>&#013;<br \/>\nSource: <a href=\"http:\/\/www.aps.dz\/algerie\/57837-le-general-major-abdelghani-hamel-en-visite-de-travail-au-siege-d-interpol-a-lyon\" target=\"_blank\">Le g\u00e9n\u00e9ral major Abdelghani Hamel en visite de travail au si\u00e8ge d&rsquo;Interpol\u00a0 \u00e0 Lyon  \u00a0<\/a><\/p>\n<!--CusAds0-->\n<div style=\"font-size: 0px; height: 0px; line-height: 0px; margin: 0; padding: 0; clear: both;\"><\/div>","protected":false},"excerpt":{"rendered":"<p>ALGER- Le Directeur g\u00e9n\u00e9ral de la S\u00fbret\u00e9 nationale, le\u00a0 g\u00e9n\u00e9ral major Abdelghani Hamel s&rsquo;est rendu vendredi au si\u00e8ge de\u00a0 l&rsquo;Organisation internationale de la police (Interpol) \u00e0 Lyon (France) dans le cadre d&rsquo;une visite de travail, a indiqu\u00e9 un communiqu\u00e9 de la Direction\u00a0 nationale de la S\u00fbret\u00e9 nationale (DGSN). &#013; &#013; Le g\u00e9n\u00e9ral major Hamel et<\/p>\n","protected":false},"author":6,"featured_media":12214,"comment_status":"open","ping_status":"open","sticky":false,"template":"","format":"standard","meta":{"footnotes":""},"categories":[22],"tags":[93],"class_list":["post-12213","post","type-post","status-publish","format-standard","has-post-thumbnail","hentry","category-infos","tag-onu"],"yoast_head":"<!-- This site is optimized with the Yoast SEO plugin v27.5 - https:\/\/yoast.com\/product\/yoast-seo-wordpress\/ -->\n<title>Le g\u00e9n\u00e9ral major Abdelghani Hamel en visite de travail au si\u00e8ge d&#039;Interpol\u00a0 \u00e0 Lyon \u00a0 - info algerie<\/title>\n<meta name=\"robots\" content=\"index, follow, max-snippet:-1, max-image-preview:large, max-video-preview:-1\" \/>\n<link rel=\"canonical\" href=\"https:\/\/www.info-algerie.com\/actualites\/le-general-major-abdelghani-hamel-en-visite-de-travail-au-siege-dinterpol-a-lyon\/\" \/>\n<meta property=\"og:locale\" content=\"fr_FR\" \/>\n<meta property=\"og:type\" content=\"article\" \/>\n<meta property=\"og:title\" content=\"Le g\u00e9n\u00e9ral major Abdelghani Hamel en visite de travail au si\u00e8ge d&#039;Interpol\u00a0 \u00e0 Lyon \u00a0 - info algerie\" \/>\n<meta property=\"og:description\" content=\"ALGER- Le Directeur g\u00e9n\u00e9ral de la S\u00fbret\u00e9 nationale, le\u00a0 g\u00e9n\u00e9ral major Abdelghani Hamel s&rsquo;est rendu vendredi au si\u00e8ge de\u00a0 l&rsquo;Organisation internationale de la police (Interpol) \u00e0 Lyon (France) dans le cadre d&rsquo;une visite de travail, a indiqu\u00e9 un communiqu\u00e9 de la Direction\u00a0 nationale de la S\u00fbret\u00e9 nationale (DGSN). &#013; &#013; Le g\u00e9n\u00e9ral major Hamel et\" \/>\n<meta property=\"og:url\" content=\"https:\/\/www.info-algerie.com\/actualites\/le-general-major-abdelghani-hamel-en-visite-de-travail-au-siege-dinterpol-a-lyon\/\" \/>\n<meta property=\"og:site_name\" content=\"info algerie\" \/>\n<meta property=\"article:publisher\" content=\"https:\/\/www.facebook.com\/infoalgerieactu\" \/>\n<meta property=\"article:published_time\" content=\"2017-05-19T13:30:45+00:00\" \/>\n<meta property=\"og:image\" content=\"https:\/\/www.info-algerie.com\/actualites\/wp-content\/uploads\/2017\/05\/989802f36fbd10f0eb8a1ce79f4fa151_S-1.jpg\" \/>\n\t<meta property=\"og:image:width\" content=\"280\" \/>\n\t<meta property=\"og:image:height\" content=\"177\" \/>\n\t<meta property=\"og:image:type\" content=\"image\/jpeg\" \/>\n<meta name=\"author\" content=\"La r\u00e9daction\" \/>\n<meta name=\"twitter:label1\" content=\"\u00c9crit par\" \/>\n\t<meta name=\"twitter:data1\" content=\"La r\u00e9daction\" \/>\n\t<meta name=\"twitter:label2\" content=\"Dur\u00e9e de lecture estim\u00e9e\" \/>\n\t<meta name=\"twitter:data2\" content=\"1 minute\" \/>\n<script type=\"application\/ld+json\" class=\"yoast-schema-graph\">{\"@context\":\"https:\\\/\\\/schema.org\",\"@graph\":[{\"@type\":\"Article\",\"@id\":\"https:\\\/\\\/www.info-algerie.com\\\/actualites\\\/le-general-major-abdelghani-hamel-en-visite-de-travail-au-siege-dinterpol-a-lyon\\\/#article\",\"isPartOf\":{\"@id\":\"https:\\\/\\\/www.info-algerie.com\\\/actualites\\\/le-general-major-abdelghani-hamel-en-visite-de-travail-au-siege-dinterpol-a-lyon\\\/\"},\"author\":{\"name\":\"La r\u00e9daction\",\"@id\":\"https:\\\/\\\/www.info-algerie.com\\\/actualites\\\/#\\\/schema\\\/person\\\/847aaec44920825b843a08f30ec6aa1e\"},\"headline\":\"Le g\u00e9n\u00e9ral major Abdelghani Hamel en visite de travail au si\u00e8ge d&#039;Interpol\u00a0 \u00e0 Lyon \u00a0\",\"datePublished\":\"2017-05-19T13:30:45+00:00\",\"mainEntityOfPage\":{\"@id\":\"https:\\\/\\\/www.info-algerie.com\\\/actualites\\\/le-general-major-abdelghani-hamel-en-visite-de-travail-au-siege-dinterpol-a-lyon\\\/\"},\"wordCount\":234,\"commentCount\":0,\"publisher\":{\"@id\":\"https:\\\/\\\/www.info-algerie.com\\\/actualites\\\/#organization\"},\"image\":{\"@id\":\"https:\\\/\\\/www.info-algerie.com\\\/actualites\\\/le-general-major-abdelghani-hamel-en-visite-de-travail-au-siege-dinterpol-a-lyon\\\/#primaryimage\"},\"thumbnailUrl\":\"https:\\\/\\\/www.info-algerie.com\\\/actualites\\\/wp-content\\\/uploads\\\/2017\\\/05\\\/989802f36fbd10f0eb8a1ce79f4fa151_S-1.jpg\",\"keywords\":[\"ONU\"],\"articleSection\":[\"infos\"],\"inLanguage\":\"fr-FR\",\"potentialAction\":[{\"@type\":\"CommentAction\",\"name\":\"Comment\",\"target\":[\"https:\\\/\\\/www.info-algerie.com\\\/actualites\\\/le-general-major-abdelghani-hamel-en-visite-de-travail-au-siege-dinterpol-a-lyon\\\/#respond\"]}]},{\"@type\":\"WebPage\",\"@id\":\"https:\\\/\\\/www.info-algerie.com\\\/actualites\\\/le-general-major-abdelghani-hamel-en-visite-de-travail-au-siege-dinterpol-a-lyon\\\/\",\"url\":\"https:\\\/\\\/www.info-algerie.com\\\/actualites\\\/le-general-major-abdelghani-hamel-en-visite-de-travail-au-siege-dinterpol-a-lyon\\\/\",\"name\":\"Le g\u00e9n\u00e9ral major Abdelghani Hamel en visite de travail au si\u00e8ge d&#039;Interpol\u00a0 \u00e0 Lyon \u00a0 - info algerie\",\"isPartOf\":{\"@id\":\"https:\\\/\\\/www.info-algerie.com\\\/actualites\\\/#website\"},\"primaryImageOfPage\":{\"@id\":\"https:\\\/\\\/www.info-algerie.com\\\/actualites\\\/le-general-major-abdelghani-hamel-en-visite-de-travail-au-siege-dinterpol-a-lyon\\\/#primaryimage\"},\"image\":{\"@id\":\"https:\\\/\\\/www.info-algerie.com\\\/actualites\\\/le-general-major-abdelghani-hamel-en-visite-de-travail-au-siege-dinterpol-a-lyon\\\/#primaryimage\"},\"thumbnailUrl\":\"https:\\\/\\\/www.info-algerie.com\\\/actualites\\\/wp-content\\\/uploads\\\/2017\\\/05\\\/989802f36fbd10f0eb8a1ce79f4fa151_S-1.jpg\",\"datePublished\":\"2017-05-19T13:30:45+00:00\",\"breadcrumb\":{\"@id\":\"https:\\\/\\\/www.info-algerie.com\\\/actualites\\\/le-general-major-abdelghani-hamel-en-visite-de-travail-au-siege-dinterpol-a-lyon\\\/#breadcrumb\"},\"inLanguage\":\"fr-FR\",\"potentialAction\":[{\"@type\":\"ReadAction\",\"target\":[\"https:\\\/\\\/www.info-algerie.com\\\/actualites\\\/le-general-major-abdelghani-hamel-en-visite-de-travail-au-siege-dinterpol-a-lyon\\\/\"]}]},{\"@type\":\"ImageObject\",\"inLanguage\":\"fr-FR\",\"@id\":\"https:\\\/\\\/www.info-algerie.com\\\/actualites\\\/le-general-major-abdelghani-hamel-en-visite-de-travail-au-siege-dinterpol-a-lyon\\\/#primaryimage\",\"url\":\"https:\\\/\\\/www.info-algerie.com\\\/actualites\\\/wp-content\\\/uploads\\\/2017\\\/05\\\/989802f36fbd10f0eb8a1ce79f4fa151_S-1.jpg\",\"contentUrl\":\"https:\\\/\\\/www.info-algerie.com\\\/actualites\\\/wp-content\\\/uploads\\\/2017\\\/05\\\/989802f36fbd10f0eb8a1ce79f4fa151_S-1.jpg\",\"width\":280,\"height\":177},{\"@type\":\"BreadcrumbList\",\"@id\":\"https:\\\/\\\/www.info-algerie.com\\\/actualites\\\/le-general-major-abdelghani-hamel-en-visite-de-travail-au-siege-dinterpol-a-lyon\\\/#breadcrumb\",\"itemListElement\":[{\"@type\":\"ListItem\",\"position\":1,\"name\":\"Accueil\",\"item\":\"https:\\\/\\\/www.info-algerie.com\\\/actualites\\\/\"},{\"@type\":\"ListItem\",\"position\":2,\"name\":\"Le g\u00e9n\u00e9ral major Abdelghani Hamel en visite de travail au si\u00e8ge d&#039;Interpol\u00a0 \u00e0 Lyon \u00a0\"}]},{\"@type\":\"WebSite\",\"@id\":\"https:\\\/\\\/www.info-algerie.com\\\/actualites\\\/#website\",\"url\":\"https:\\\/\\\/www.info-algerie.com\\\/actualites\\\/\",\"name\":\"info algerie\",\"description\":\"Toutes les actualit\u00e9s\",\"publisher\":{\"@id\":\"https:\\\/\\\/www.info-algerie.com\\\/actualites\\\/#organization\"},\"potentialAction\":[{\"@type\":\"SearchAction\",\"target\":{\"@type\":\"EntryPoint\",\"urlTemplate\":\"https:\\\/\\\/www.info-algerie.com\\\/actualites\\\/?s={search_term_string}\"},\"query-input\":{\"@type\":\"PropertyValueSpecification\",\"valueRequired\":true,\"valueName\":\"search_term_string\"}}],\"inLanguage\":\"fr-FR\"},{\"@type\":\"Organization\",\"@id\":\"https:\\\/\\\/www.info-algerie.com\\\/actualites\\\/#organization\",\"name\":\"info algerie\",\"url\":\"https:\\\/\\\/www.info-algerie.com\\\/actualites\\\/\",\"logo\":{\"@type\":\"ImageObject\",\"inLanguage\":\"fr-FR\",\"@id\":\"https:\\\/\\\/www.info-algerie.com\\\/actualites\\\/#\\\/schema\\\/logo\\\/image\\\/\",\"url\":\"https:\\\/\\\/www.info-algerie.com\\\/actualites\\\/wp-content\\\/uploads\\\/2022\\\/07\\\/logo-ia-120.png\",\"contentUrl\":\"https:\\\/\\\/www.info-algerie.com\\\/actualites\\\/wp-content\\\/uploads\\\/2022\\\/07\\\/logo-ia-120.png\",\"width\":120,\"height\":43,\"caption\":\"info algerie\"},\"image\":{\"@id\":\"https:\\\/\\\/www.info-algerie.com\\\/actualites\\\/#\\\/schema\\\/logo\\\/image\\\/\"},\"sameAs\":[\"https:\\\/\\\/www.facebook.com\\\/infoalgerieactu\",\"https:\\\/\\\/x.com\\\/infoalgerie1\"]},{\"@type\":\"Person\",\"@id\":\"https:\\\/\\\/www.info-algerie.com\\\/actualites\\\/#\\\/schema\\\/person\\\/847aaec44920825b843a08f30ec6aa1e\",\"name\":\"La r\u00e9daction\",\"image\":{\"@type\":\"ImageObject\",\"inLanguage\":\"fr-FR\",\"@id\":\"https:\\\/\\\/secure.gravatar.com\\\/avatar\\\/769db425c6f465158149f1ffd6cf61ce7a8a879d11dfbef8288af36dfddd418c?s=96&d=mm&r=g\",\"url\":\"https:\\\/\\\/secure.gravatar.com\\\/avatar\\\/769db425c6f465158149f1ffd6cf61ce7a8a879d11dfbef8288af36dfddd418c?s=96&d=mm&r=g\",\"contentUrl\":\"https:\\\/\\\/secure.gravatar.com\\\/avatar\\\/769db425c6f465158149f1ffd6cf61ce7a8a879d11dfbef8288af36dfddd418c?s=96&d=mm&r=g\",\"caption\":\"La r\u00e9daction\"},\"sameAs\":[\"http:\\\/\\\/www.lkeria.com\\\/\"],\"url\":\"https:\\\/\\\/www.info-algerie.com\\\/actualites\\\/author\\\/chakib32\\\/\"}]}<\/script>\n<!-- \/ Yoast SEO plugin. -->","yoast_head_json":{"title":"Le g\u00e9n\u00e9ral major Abdelghani Hamel en visite de travail au si\u00e8ge d&#039;Interpol\u00a0 \u00e0 Lyon \u00a0 - info algerie","robots":{"index":"index","follow":"follow","max-snippet":"max-snippet:-1","max-image-preview":"max-image-preview:large","max-video-preview":"max-video-preview:-1"},"canonical":"https:\/\/www.info-algerie.com\/actualites\/le-general-major-abdelghani-hamel-en-visite-de-travail-au-siege-dinterpol-a-lyon\/","og_locale":"fr_FR","og_type":"article","og_title":"Le g\u00e9n\u00e9ral major Abdelghani Hamel en visite de travail au si\u00e8ge d&#039;Interpol\u00a0 \u00e0 Lyon \u00a0 - info algerie","og_description":"ALGER- Le Directeur g\u00e9n\u00e9ral de la S\u00fbret\u00e9 nationale, le\u00a0 g\u00e9n\u00e9ral major Abdelghani Hamel s&rsquo;est rendu vendredi au si\u00e8ge de\u00a0 l&rsquo;Organisation internationale de la police (Interpol) \u00e0 Lyon (France) dans le cadre d&rsquo;une visite de travail, a indiqu\u00e9 un communiqu\u00e9 de la Direction\u00a0 nationale de la S\u00fbret\u00e9 nationale (DGSN). &#013; &#013; Le g\u00e9n\u00e9ral major Hamel et","og_url":"https:\/\/www.info-algerie.com\/actualites\/le-general-major-abdelghani-hamel-en-visite-de-travail-au-siege-dinterpol-a-lyon\/","og_site_name":"info algerie","article_publisher":"https:\/\/www.facebook.com\/infoalgerieactu","article_published_time":"2017-05-19T13:30:45+00:00","og_image":[{"width":280,"height":177,"url":"https:\/\/www.info-algerie.com\/actualites\/wp-content\/uploads\/2017\/05\/989802f36fbd10f0eb8a1ce79f4fa151_S-1.jpg","type":"image\/jpeg"}],"author":"La r\u00e9daction","twitter_misc":{"\u00c9crit par":"La r\u00e9daction","Dur\u00e9e de lecture estim\u00e9e":"1 minute"},"schema":{"@context":"https:\/\/schema.org","@graph":[{"@type":"Article","@id":"https:\/\/www.info-algerie.com\/actualites\/le-general-major-abdelghani-hamel-en-visite-de-travail-au-siege-dinterpol-a-lyon\/#article","isPartOf":{"@id":"https:\/\/www.info-algerie.com\/actualites\/le-general-major-abdelghani-hamel-en-visite-de-travail-au-siege-dinterpol-a-lyon\/"},"author":{"name":"La r\u00e9daction","@id":"https:\/\/www.info-algerie.com\/actualites\/#\/schema\/person\/847aaec44920825b843a08f30ec6aa1e"},"headline":"Le g\u00e9n\u00e9ral major Abdelghani Hamel en visite de travail au si\u00e8ge d&#039;Interpol\u00a0 \u00e0 Lyon \u00a0","datePublished":"2017-05-19T13:30:45+00:00","mainEntityOfPage":{"@id":"https:\/\/www.info-algerie.com\/actualites\/le-general-major-abdelghani-hamel-en-visite-de-travail-au-siege-dinterpol-a-lyon\/"},"wordCount":234,"commentCount":0,"publisher":{"@id":"https:\/\/www.info-algerie.com\/actualites\/#organization"},"image":{"@id":"https:\/\/www.info-algerie.com\/actualites\/le-general-major-abdelghani-hamel-en-visite-de-travail-au-siege-dinterpol-a-lyon\/#primaryimage"},"thumbnailUrl":"https:\/\/www.info-algerie.com\/actualites\/wp-content\/uploads\/2017\/05\/989802f36fbd10f0eb8a1ce79f4fa151_S-1.jpg","keywords":["ONU"],"articleSection":["infos"],"inLanguage":"fr-FR","potentialAction":[{"@type":"CommentAction","name":"Comment","target":["https:\/\/www.info-algerie.com\/actualites\/le-general-major-abdelghani-hamel-en-visite-de-travail-au-siege-dinterpol-a-lyon\/#respond"]}]},{"@type":"WebPage","@id":"https:\/\/www.info-algerie.com\/actualites\/le-general-major-abdelghani-hamel-en-visite-de-travail-au-siege-dinterpol-a-lyon\/","url":"https:\/\/www.info-algerie.com\/actualites\/le-general-major-abdelghani-hamel-en-visite-de-travail-au-siege-dinterpol-a-lyon\/","name":"Le g\u00e9n\u00e9ral major Abdelghani Hamel en visite de travail au si\u00e8ge d&#039;Interpol\u00a0 \u00e0 Lyon \u00a0 - info algerie","isPartOf":{"@id":"https:\/\/www.info-algerie.com\/actualites\/#website"},"primaryImageOfPage":{"@id":"https:\/\/www.info-algerie.com\/actualites\/le-general-major-abdelghani-hamel-en-visite-de-travail-au-siege-dinterpol-a-lyon\/#primaryimage"},"image":{"@id":"https:\/\/www.info-algerie.com\/actualites\/le-general-major-abdelghani-hamel-en-visite-de-travail-au-siege-dinterpol-a-lyon\/#primaryimage"},"thumbnailUrl":"https:\/\/www.info-algerie.com\/actualites\/wp-content\/uploads\/2017\/05\/989802f36fbd10f0eb8a1ce79f4fa151_S-1.jpg","datePublished":"2017-05-19T13:30:45+00:00","breadcrumb":{"@id":"https:\/\/www.info-algerie.com\/actualites\/le-general-major-abdelghani-hamel-en-visite-de-travail-au-siege-dinterpol-a-lyon\/#breadcrumb"},"inLanguage":"fr-FR","potentialAction":[{"@type":"ReadAction","target":["https:\/\/www.info-algerie.com\/actualites\/le-general-major-abdelghani-hamel-en-visite-de-travail-au-siege-dinterpol-a-lyon\/"]}]},{"@type":"ImageObject","inLanguage":"fr-FR","@id":"https:\/\/www.info-algerie.com\/actualites\/le-general-major-abdelghani-hamel-en-visite-de-travail-au-siege-dinterpol-a-lyon\/#primaryimage","url":"https:\/\/www.info-algerie.com\/actualites\/wp-content\/uploads\/2017\/05\/989802f36fbd10f0eb8a1ce79f4fa151_S-1.jpg","contentUrl":"https:\/\/www.info-algerie.com\/actualites\/wp-content\/uploads\/2017\/05\/989802f36fbd10f0eb8a1ce79f4fa151_S-1.jpg","width":280,"height":177},{"@type":"BreadcrumbList","@id":"https:\/\/www.info-algerie.com\/actualites\/le-general-major-abdelghani-hamel-en-visite-de-travail-au-siege-dinterpol-a-lyon\/#breadcrumb","itemListElement":[{"@type":"ListItem","position":1,"name":"Accueil","item":"https:\/\/www.info-algerie.com\/actualites\/"},{"@type":"ListItem","position":2,"name":"Le g\u00e9n\u00e9ral major Abdelghani Hamel en visite de travail au si\u00e8ge d&#039;Interpol\u00a0 \u00e0 Lyon \u00a0"}]},{"@type":"WebSite","@id":"https:\/\/www.info-algerie.com\/actualites\/#website","url":"https:\/\/www.info-algerie.com\/actualites\/","name":"info algerie","description":"Toutes les actualit\u00e9s","publisher":{"@id":"https:\/\/www.info-algerie.com\/actualites\/#organization"},"potentialAction":[{"@type":"SearchAction","target":{"@type":"EntryPoint","urlTemplate":"https:\/\/www.info-algerie.com\/actualites\/?s={search_term_string}"},"query-input":{"@type":"PropertyValueSpecification","valueRequired":true,"valueName":"search_term_string"}}],"inLanguage":"fr-FR"},{"@type":"Organization","@id":"https:\/\/www.info-algerie.com\/actualites\/#organization","name":"info algerie","url":"https:\/\/www.info-algerie.com\/actualites\/","logo":{"@type":"ImageObject","inLanguage":"fr-FR","@id":"https:\/\/www.info-algerie.com\/actualites\/#\/schema\/logo\/image\/","url":"https:\/\/www.info-algerie.com\/actualites\/wp-content\/uploads\/2022\/07\/logo-ia-120.png","contentUrl":"https:\/\/www.info-algerie.com\/actualites\/wp-content\/uploads\/2022\/07\/logo-ia-120.png","width":120,"height":43,"caption":"info algerie"},"image":{"@id":"https:\/\/www.info-algerie.com\/actualites\/#\/schema\/logo\/image\/"},"sameAs":["https:\/\/www.facebook.com\/infoalgerieactu","https:\/\/x.com\/infoalgerie1"]},{"@type":"Person","@id":"https:\/\/www.info-algerie.com\/actualites\/#\/schema\/person\/847aaec44920825b843a08f30ec6aa1e","name":"La r\u00e9daction","image":{"@type":"ImageObject","inLanguage":"fr-FR","@id":"https:\/\/secure.gravatar.com\/avatar\/769db425c6f465158149f1ffd6cf61ce7a8a879d11dfbef8288af36dfddd418c?s=96&d=mm&r=g","url":"https:\/\/secure.gravatar.com\/avatar\/769db425c6f465158149f1ffd6cf61ce7a8a879d11dfbef8288af36dfddd418c?s=96&d=mm&r=g","contentUrl":"https:\/\/secure.gravatar.com\/avatar\/769db425c6f465158149f1ffd6cf61ce7a8a879d11dfbef8288af36dfddd418c?s=96&d=mm&r=g","caption":"La r\u00e9daction"},"sameAs":["http:\/\/www.lkeria.com\/"],"url":"https:\/\/www.info-algerie.com\/actualites\/author\/chakib32\/"}]}},"_links":{"self":[{"href":"https:\/\/www.info-algerie.com\/actualites\/wp-json\/wp\/v2\/posts\/12213","targetHints":{"allow":["GET"]}}],"collection":[{"href":"https:\/\/www.info-algerie.com\/actualites\/wp-json\/wp\/v2\/posts"}],"about":[{"href":"https:\/\/www.info-algerie.com\/actualites\/wp-json\/wp\/v2\/types\/post"}],"author":[{"embeddable":true,"href":"https:\/\/www.info-algerie.com\/actualites\/wp-json\/wp\/v2\/users\/6"}],"replies":[{"embeddable":true,"href":"https:\/\/www.info-algerie.com\/actualites\/wp-json\/wp\/v2\/comments?post=12213"}],"version-history":[{"count":0,"href":"https:\/\/www.info-algerie.com\/actualites\/wp-json\/wp\/v2\/posts\/12213\/revisions"}],"wp:featuredmedia":[{"embeddable":true,"href":"https:\/\/www.info-algerie.com\/actualites\/wp-json\/wp\/v2\/media\/12214"}],"wp:attachment":[{"href":"https:\/\/www.info-algerie.com\/actualites\/wp-json\/wp\/v2\/media?parent=12213"}],"wp:term":[{"taxonomy":"category","embeddable":true,"href":"https:\/\/www.info-algerie.com\/actualites\/wp-json\/wp\/v2\/categories?post=12213"},{"taxonomy":"post_tag","embeddable":true,"href":"https:\/\/www.info-algerie.com\/actualites\/wp-json\/wp\/v2\/tags?post=12213"}],"curies":[{"name":"wp","href":"https:\/\/api.w.org\/{rel}","templated":true}]}}