{"id":12217,"date":"2017-05-19T14:15:46","date_gmt":"2017-05-19T13:15:46","guid":{"rendered":"http:\/\/www.info-algerie.com\/actualites\/algerie-le-chef-de-lonu-salue-le-deroulement-pacifique-des-elections-legislatives\/"},"modified":"2017-05-19T14:15:46","modified_gmt":"2017-05-19T13:15:46","slug":"algerie-le-chef-de-lonu-salue-le-deroulement-pacifique-des-elections-legislatives","status":"publish","type":"post","link":"https:\/\/www.info-algerie.com\/actualites\/algerie-le-chef-de-lonu-salue-le-deroulement-pacifique-des-elections-legislatives\/","title":{"rendered":"Alg\u00e9rie: le chef de l&#039;ONU salue le d\u00e9roulement &quot;pacifique&quot; des \u00e9lections  l\u00e9gislatives"},"content":{"rendered":"<div class=\"K2FeedImage\"><img decoding=\"async\" src=\"https:\/\/www.info-algerie.com\/actualites\/wp-content\/uploads\/2017\/05\/8a813a8dba441a235fb517ad1601db69_S.jpg\" \/><\/div>\n<div class=\"K2FeedIntroText\">\n<p>NEW YORK &#8211; Le secr\u00e9taire g\u00e9n\u00e9ral des Nations Unies,\u00a0 Antonio Guterres, a salu\u00e9 vendredi l\u2019Alg\u00e9rie pour le d\u00e9roulement\u00a0 \u00ab\u00a0pacifique\u00a0\u00bb des \u00e9lections l\u00e9gislatives du 4 mai dernier.<\/p>\n<p>&#013;\n<\/p><\/div>\n<div class=\"K2FeedFullText\">&#013;<\/p>\n<p>\u00ab\u00a0Le secr\u00e9taire g\u00e9n\u00e9ral f\u00e9licite le peuple et le gouvernement alg\u00e9riens\u00a0 pour le d\u00e9roulement pacifique des \u00e9lections\u00a0\u00bb, a d\u00e9clar\u00e9 son porte-parole,\u00a0 St\u00e9phane Dujarric, dans un communiqu\u00e9.Le chef de l\u2019ONU a \u00ab\u00a0pris note\u00a0\u00bb de l&rsquo;annonce faite par le Conseil\u00a0 constitutionnel des r\u00e9sultats du scrutin et \u00ab\u00a0saluerait toute nouvelle\u00a0 mesure que le gouvernement et toutes les parties prenantes pourront prendre\u00a0 pour continuer \u00e0 renforcer le processus d\u00e9mocratique\u00a0\u00bb, a ajout\u00e9 le\u00a0 porte-parole.<\/p>\n<p>&#013;<\/p>\n<p>Sur invitation du gouvernement alg\u00e9rien, l&rsquo;ONU a d\u00e9ploy\u00e9 un groupe\u00a0 d&rsquo;experts \u00e9lectoraux en Alg\u00e9rie du 28 avril au 7 mai 2017.Avec 161 si\u00e8ges, le parti du Front de lib\u00e9ration nationale (FLN) est\u00a0 arriv\u00e9 en t\u00eate des \u00e9lections l\u00e9gislatives, selon les r\u00e9sultats d\u00e9finitifs\u00a0 annonc\u00e9s jeudi par le Conseil constitutionnel.<\/p>\n<\/div>\n<p>&#013;<br \/>\nSource: <a href=\"http:\/\/www.aps.dz\/algerie\/57841-algerie-le-chef-de-l-onu-salue-le-deroulement-pacifique-des-elections-legislatives\" target=\"_blank\">Alg\u00e9rie: le chef de l&rsquo;ONU salue le d\u00e9roulement \u00ab\u00a0pacifique\u00a0\u00bb des \u00e9lections  l\u00e9gislatives<\/a><\/p>\n<!--CusAds0-->\n<div style=\"font-size: 0px; height: 0px; line-height: 0px; margin: 0; padding: 0; clear: both;\"><\/div>","protected":false},"excerpt":{"rendered":"<p>NEW YORK &#8211; Le secr\u00e9taire g\u00e9n\u00e9ral des Nations Unies,\u00a0 Antonio Guterres, a salu\u00e9 vendredi l\u2019Alg\u00e9rie pour le d\u00e9roulement\u00a0 \u00ab\u00a0pacifique\u00a0\u00bb des \u00e9lections l\u00e9gislatives du 4 mai dernier. &#013; &#013; \u00ab\u00a0Le secr\u00e9taire g\u00e9n\u00e9ral f\u00e9licite le peuple et le gouvernement alg\u00e9riens\u00a0 pour le d\u00e9roulement pacifique des \u00e9lections\u00a0\u00bb, a d\u00e9clar\u00e9 son porte-parole,\u00a0 St\u00e9phane Dujarric, dans un communiqu\u00e9.Le chef de<\/p>\n","protected":false},"author":6,"featured_media":12218,"comment_status":"open","ping_status":"open","sticky":false,"template":"","format":"standard","meta":{"footnotes":""},"categories":[22],"tags":[93],"class_list":["post-12217","post","type-post","status-publish","format-standard","has-post-thumbnail","hentry","category-infos","tag-onu"],"yoast_head":"<!-- This site is optimized with the Yoast SEO plugin v27.5 - https:\/\/yoast.com\/product\/yoast-seo-wordpress\/ -->\n<title>Alg\u00e9rie: le chef de l&#039;ONU salue le d\u00e9roulement &quot;pacifique&quot; des \u00e9lections l\u00e9gislatives - info algerie<\/title>\n<meta name=\"robots\" content=\"index, follow, max-snippet:-1, max-image-preview:large, max-video-preview:-1\" \/>\n<link rel=\"canonical\" href=\"https:\/\/www.info-algerie.com\/actualites\/algerie-le-chef-de-lonu-salue-le-deroulement-pacifique-des-elections-legislatives\/\" \/>\n<meta property=\"og:locale\" content=\"fr_FR\" \/>\n<meta property=\"og:type\" content=\"article\" \/>\n<meta property=\"og:title\" content=\"Alg\u00e9rie: le chef de l&#039;ONU salue le d\u00e9roulement &quot;pacifique&quot; des \u00e9lections l\u00e9gislatives - info algerie\" \/>\n<meta property=\"og:description\" content=\"NEW YORK &#8211; Le secr\u00e9taire g\u00e9n\u00e9ral des Nations Unies,\u00a0 Antonio Guterres, a salu\u00e9 vendredi l\u2019Alg\u00e9rie pour le d\u00e9roulement\u00a0 \u00ab\u00a0pacifique\u00a0\u00bb des \u00e9lections l\u00e9gislatives du 4 mai dernier. &#013; &#013; \u00ab\u00a0Le secr\u00e9taire g\u00e9n\u00e9ral f\u00e9licite le peuple et le gouvernement alg\u00e9riens\u00a0 pour le d\u00e9roulement pacifique des \u00e9lections\u00a0\u00bb, a d\u00e9clar\u00e9 son porte-parole,\u00a0 St\u00e9phane Dujarric, dans un communiqu\u00e9.Le chef de\" \/>\n<meta property=\"og:url\" content=\"https:\/\/www.info-algerie.com\/actualites\/algerie-le-chef-de-lonu-salue-le-deroulement-pacifique-des-elections-legislatives\/\" \/>\n<meta property=\"og:site_name\" content=\"info algerie\" \/>\n<meta property=\"article:publisher\" content=\"https:\/\/www.facebook.com\/infoalgerieactu\" \/>\n<meta property=\"article:published_time\" content=\"2017-05-19T13:15:46+00:00\" \/>\n<meta property=\"og:image\" content=\"https:\/\/www.info-algerie.com\/actualites\/wp-content\/uploads\/2017\/05\/8a813a8dba441a235fb517ad1601db69_S-1.jpg\" \/>\n\t<meta property=\"og:image:width\" content=\"280\" \/>\n\t<meta property=\"og:image:height\" content=\"186\" \/>\n\t<meta property=\"og:image:type\" content=\"image\/jpeg\" \/>\n<meta name=\"author\" content=\"La r\u00e9daction\" \/>\n<meta name=\"twitter:label1\" content=\"\u00c9crit par\" \/>\n\t<meta name=\"twitter:data1\" content=\"La r\u00e9daction\" \/>\n\t<meta name=\"twitter:label2\" content=\"Dur\u00e9e de lecture estim\u00e9e\" \/>\n\t<meta name=\"twitter:data2\" content=\"1 minute\" \/>\n<script type=\"application\/ld+json\" class=\"yoast-schema-graph\">{\"@context\":\"https:\\\/\\\/schema.org\",\"@graph\":[{\"@type\":\"Article\",\"@id\":\"https:\\\/\\\/www.info-algerie.com\\\/actualites\\\/algerie-le-chef-de-lonu-salue-le-deroulement-pacifique-des-elections-legislatives\\\/#article\",\"isPartOf\":{\"@id\":\"https:\\\/\\\/www.info-algerie.com\\\/actualites\\\/algerie-le-chef-de-lonu-salue-le-deroulement-pacifique-des-elections-legislatives\\\/\"},\"author\":{\"name\":\"La r\u00e9daction\",\"@id\":\"https:\\\/\\\/www.info-algerie.com\\\/actualites\\\/#\\\/schema\\\/person\\\/847aaec44920825b843a08f30ec6aa1e\"},\"headline\":\"Alg\u00e9rie: le chef de l&#039;ONU salue le d\u00e9roulement &quot;pacifique&quot; des \u00e9lections l\u00e9gislatives\",\"datePublished\":\"2017-05-19T13:15:46+00:00\",\"mainEntityOfPage\":{\"@id\":\"https:\\\/\\\/www.info-algerie.com\\\/actualites\\\/algerie-le-chef-de-lonu-salue-le-deroulement-pacifique-des-elections-legislatives\\\/\"},\"wordCount\":204,\"commentCount\":0,\"publisher\":{\"@id\":\"https:\\\/\\\/www.info-algerie.com\\\/actualites\\\/#organization\"},\"image\":{\"@id\":\"https:\\\/\\\/www.info-algerie.com\\\/actualites\\\/algerie-le-chef-de-lonu-salue-le-deroulement-pacifique-des-elections-legislatives\\\/#primaryimage\"},\"thumbnailUrl\":\"https:\\\/\\\/www.info-algerie.com\\\/actualites\\\/wp-content\\\/uploads\\\/2017\\\/05\\\/8a813a8dba441a235fb517ad1601db69_S-1.jpg\",\"keywords\":[\"ONU\"],\"articleSection\":[\"infos\"],\"inLanguage\":\"fr-FR\",\"potentialAction\":[{\"@type\":\"CommentAction\",\"name\":\"Comment\",\"target\":[\"https:\\\/\\\/www.info-algerie.com\\\/actualites\\\/algerie-le-chef-de-lonu-salue-le-deroulement-pacifique-des-elections-legislatives\\\/#respond\"]}]},{\"@type\":\"WebPage\",\"@id\":\"https:\\\/\\\/www.info-algerie.com\\\/actualites\\\/algerie-le-chef-de-lonu-salue-le-deroulement-pacifique-des-elections-legislatives\\\/\",\"url\":\"https:\\\/\\\/www.info-algerie.com\\\/actualites\\\/algerie-le-chef-de-lonu-salue-le-deroulement-pacifique-des-elections-legislatives\\\/\",\"name\":\"Alg\u00e9rie: le chef de l&#039;ONU salue le d\u00e9roulement &quot;pacifique&quot; des \u00e9lections l\u00e9gislatives - info algerie\",\"isPartOf\":{\"@id\":\"https:\\\/\\\/www.info-algerie.com\\\/actualites\\\/#website\"},\"primaryImageOfPage\":{\"@id\":\"https:\\\/\\\/www.info-algerie.com\\\/actualites\\\/algerie-le-chef-de-lonu-salue-le-deroulement-pacifique-des-elections-legislatives\\\/#primaryimage\"},\"image\":{\"@id\":\"https:\\\/\\\/www.info-algerie.com\\\/actualites\\\/algerie-le-chef-de-lonu-salue-le-deroulement-pacifique-des-elections-legislatives\\\/#primaryimage\"},\"thumbnailUrl\":\"https:\\\/\\\/www.info-algerie.com\\\/actualites\\\/wp-content\\\/uploads\\\/2017\\\/05\\\/8a813a8dba441a235fb517ad1601db69_S-1.jpg\",\"datePublished\":\"2017-05-19T13:15:46+00:00\",\"breadcrumb\":{\"@id\":\"https:\\\/\\\/www.info-algerie.com\\\/actualites\\\/algerie-le-chef-de-lonu-salue-le-deroulement-pacifique-des-elections-legislatives\\\/#breadcrumb\"},\"inLanguage\":\"fr-FR\",\"potentialAction\":[{\"@type\":\"ReadAction\",\"target\":[\"https:\\\/\\\/www.info-algerie.com\\\/actualites\\\/algerie-le-chef-de-lonu-salue-le-deroulement-pacifique-des-elections-legislatives\\\/\"]}]},{\"@type\":\"ImageObject\",\"inLanguage\":\"fr-FR\",\"@id\":\"https:\\\/\\\/www.info-algerie.com\\\/actualites\\\/algerie-le-chef-de-lonu-salue-le-deroulement-pacifique-des-elections-legislatives\\\/#primaryimage\",\"url\":\"https:\\\/\\\/www.info-algerie.com\\\/actualites\\\/wp-content\\\/uploads\\\/2017\\\/05\\\/8a813a8dba441a235fb517ad1601db69_S-1.jpg\",\"contentUrl\":\"https:\\\/\\\/www.info-algerie.com\\\/actualites\\\/wp-content\\\/uploads\\\/2017\\\/05\\\/8a813a8dba441a235fb517ad1601db69_S-1.jpg\",\"width\":280,\"height\":186},{\"@type\":\"BreadcrumbList\",\"@id\":\"https:\\\/\\\/www.info-algerie.com\\\/actualites\\\/algerie-le-chef-de-lonu-salue-le-deroulement-pacifique-des-elections-legislatives\\\/#breadcrumb\",\"itemListElement\":[{\"@type\":\"ListItem\",\"position\":1,\"name\":\"Accueil\",\"item\":\"https:\\\/\\\/www.info-algerie.com\\\/actualites\\\/\"},{\"@type\":\"ListItem\",\"position\":2,\"name\":\"Alg\u00e9rie: le chef de l&#039;ONU salue le d\u00e9roulement &quot;pacifique&quot; des \u00e9lections l\u00e9gislatives\"}]},{\"@type\":\"WebSite\",\"@id\":\"https:\\\/\\\/www.info-algerie.com\\\/actualites\\\/#website\",\"url\":\"https:\\\/\\\/www.info-algerie.com\\\/actualites\\\/\",\"name\":\"info algerie\",\"description\":\"Toutes les actualit\u00e9s\",\"publisher\":{\"@id\":\"https:\\\/\\\/www.info-algerie.com\\\/actualites\\\/#organization\"},\"potentialAction\":[{\"@type\":\"SearchAction\",\"target\":{\"@type\":\"EntryPoint\",\"urlTemplate\":\"https:\\\/\\\/www.info-algerie.com\\\/actualites\\\/?s={search_term_string}\"},\"query-input\":{\"@type\":\"PropertyValueSpecification\",\"valueRequired\":true,\"valueName\":\"search_term_string\"}}],\"inLanguage\":\"fr-FR\"},{\"@type\":\"Organization\",\"@id\":\"https:\\\/\\\/www.info-algerie.com\\\/actualites\\\/#organization\",\"name\":\"info algerie\",\"url\":\"https:\\\/\\\/www.info-algerie.com\\\/actualites\\\/\",\"logo\":{\"@type\":\"ImageObject\",\"inLanguage\":\"fr-FR\",\"@id\":\"https:\\\/\\\/www.info-algerie.com\\\/actualites\\\/#\\\/schema\\\/logo\\\/image\\\/\",\"url\":\"https:\\\/\\\/www.info-algerie.com\\\/actualites\\\/wp-content\\\/uploads\\\/2022\\\/07\\\/logo-ia-120.png\",\"contentUrl\":\"https:\\\/\\\/www.info-algerie.com\\\/actualites\\\/wp-content\\\/uploads\\\/2022\\\/07\\\/logo-ia-120.png\",\"width\":120,\"height\":43,\"caption\":\"info algerie\"},\"image\":{\"@id\":\"https:\\\/\\\/www.info-algerie.com\\\/actualites\\\/#\\\/schema\\\/logo\\\/image\\\/\"},\"sameAs\":[\"https:\\\/\\\/www.facebook.com\\\/infoalgerieactu\",\"https:\\\/\\\/x.com\\\/infoalgerie1\"]},{\"@type\":\"Person\",\"@id\":\"https:\\\/\\\/www.info-algerie.com\\\/actualites\\\/#\\\/schema\\\/person\\\/847aaec44920825b843a08f30ec6aa1e\",\"name\":\"La r\u00e9daction\",\"image\":{\"@type\":\"ImageObject\",\"inLanguage\":\"fr-FR\",\"@id\":\"https:\\\/\\\/secure.gravatar.com\\\/avatar\\\/769db425c6f465158149f1ffd6cf61ce7a8a879d11dfbef8288af36dfddd418c?s=96&d=mm&r=g\",\"url\":\"https:\\\/\\\/secure.gravatar.com\\\/avatar\\\/769db425c6f465158149f1ffd6cf61ce7a8a879d11dfbef8288af36dfddd418c?s=96&d=mm&r=g\",\"contentUrl\":\"https:\\\/\\\/secure.gravatar.com\\\/avatar\\\/769db425c6f465158149f1ffd6cf61ce7a8a879d11dfbef8288af36dfddd418c?s=96&d=mm&r=g\",\"caption\":\"La r\u00e9daction\"},\"sameAs\":[\"http:\\\/\\\/www.lkeria.com\\\/\"],\"url\":\"https:\\\/\\\/www.info-algerie.com\\\/actualites\\\/author\\\/chakib32\\\/\"}]}<\/script>\n<!-- \/ Yoast SEO plugin. -->","yoast_head_json":{"title":"Alg\u00e9rie: le chef de l&#039;ONU salue le d\u00e9roulement &quot;pacifique&quot; des \u00e9lections l\u00e9gislatives - info algerie","robots":{"index":"index","follow":"follow","max-snippet":"max-snippet:-1","max-image-preview":"max-image-preview:large","max-video-preview":"max-video-preview:-1"},"canonical":"https:\/\/www.info-algerie.com\/actualites\/algerie-le-chef-de-lonu-salue-le-deroulement-pacifique-des-elections-legislatives\/","og_locale":"fr_FR","og_type":"article","og_title":"Alg\u00e9rie: le chef de l&#039;ONU salue le d\u00e9roulement &quot;pacifique&quot; des \u00e9lections l\u00e9gislatives - info algerie","og_description":"NEW YORK &#8211; Le secr\u00e9taire g\u00e9n\u00e9ral des Nations Unies,\u00a0 Antonio Guterres, a salu\u00e9 vendredi l\u2019Alg\u00e9rie pour le d\u00e9roulement\u00a0 \u00ab\u00a0pacifique\u00a0\u00bb des \u00e9lections l\u00e9gislatives du 4 mai dernier. &#013; &#013; \u00ab\u00a0Le secr\u00e9taire g\u00e9n\u00e9ral f\u00e9licite le peuple et le gouvernement alg\u00e9riens\u00a0 pour le d\u00e9roulement pacifique des \u00e9lections\u00a0\u00bb, a d\u00e9clar\u00e9 son porte-parole,\u00a0 St\u00e9phane Dujarric, dans un communiqu\u00e9.Le chef de","og_url":"https:\/\/www.info-algerie.com\/actualites\/algerie-le-chef-de-lonu-salue-le-deroulement-pacifique-des-elections-legislatives\/","og_site_name":"info algerie","article_publisher":"https:\/\/www.facebook.com\/infoalgerieactu","article_published_time":"2017-05-19T13:15:46+00:00","og_image":[{"width":280,"height":186,"url":"https:\/\/www.info-algerie.com\/actualites\/wp-content\/uploads\/2017\/05\/8a813a8dba441a235fb517ad1601db69_S-1.jpg","type":"image\/jpeg"}],"author":"La r\u00e9daction","twitter_misc":{"\u00c9crit par":"La r\u00e9daction","Dur\u00e9e de lecture estim\u00e9e":"1 minute"},"schema":{"@context":"https:\/\/schema.org","@graph":[{"@type":"Article","@id":"https:\/\/www.info-algerie.com\/actualites\/algerie-le-chef-de-lonu-salue-le-deroulement-pacifique-des-elections-legislatives\/#article","isPartOf":{"@id":"https:\/\/www.info-algerie.com\/actualites\/algerie-le-chef-de-lonu-salue-le-deroulement-pacifique-des-elections-legislatives\/"},"author":{"name":"La r\u00e9daction","@id":"https:\/\/www.info-algerie.com\/actualites\/#\/schema\/person\/847aaec44920825b843a08f30ec6aa1e"},"headline":"Alg\u00e9rie: le chef de l&#039;ONU salue le d\u00e9roulement &quot;pacifique&quot; des \u00e9lections l\u00e9gislatives","datePublished":"2017-05-19T13:15:46+00:00","mainEntityOfPage":{"@id":"https:\/\/www.info-algerie.com\/actualites\/algerie-le-chef-de-lonu-salue-le-deroulement-pacifique-des-elections-legislatives\/"},"wordCount":204,"commentCount":0,"publisher":{"@id":"https:\/\/www.info-algerie.com\/actualites\/#organization"},"image":{"@id":"https:\/\/www.info-algerie.com\/actualites\/algerie-le-chef-de-lonu-salue-le-deroulement-pacifique-des-elections-legislatives\/#primaryimage"},"thumbnailUrl":"https:\/\/www.info-algerie.com\/actualites\/wp-content\/uploads\/2017\/05\/8a813a8dba441a235fb517ad1601db69_S-1.jpg","keywords":["ONU"],"articleSection":["infos"],"inLanguage":"fr-FR","potentialAction":[{"@type":"CommentAction","name":"Comment","target":["https:\/\/www.info-algerie.com\/actualites\/algerie-le-chef-de-lonu-salue-le-deroulement-pacifique-des-elections-legislatives\/#respond"]}]},{"@type":"WebPage","@id":"https:\/\/www.info-algerie.com\/actualites\/algerie-le-chef-de-lonu-salue-le-deroulement-pacifique-des-elections-legislatives\/","url":"https:\/\/www.info-algerie.com\/actualites\/algerie-le-chef-de-lonu-salue-le-deroulement-pacifique-des-elections-legislatives\/","name":"Alg\u00e9rie: le chef de l&#039;ONU salue le d\u00e9roulement &quot;pacifique&quot; des \u00e9lections l\u00e9gislatives - info algerie","isPartOf":{"@id":"https:\/\/www.info-algerie.com\/actualites\/#website"},"primaryImageOfPage":{"@id":"https:\/\/www.info-algerie.com\/actualites\/algerie-le-chef-de-lonu-salue-le-deroulement-pacifique-des-elections-legislatives\/#primaryimage"},"image":{"@id":"https:\/\/www.info-algerie.com\/actualites\/algerie-le-chef-de-lonu-salue-le-deroulement-pacifique-des-elections-legislatives\/#primaryimage"},"thumbnailUrl":"https:\/\/www.info-algerie.com\/actualites\/wp-content\/uploads\/2017\/05\/8a813a8dba441a235fb517ad1601db69_S-1.jpg","datePublished":"2017-05-19T13:15:46+00:00","breadcrumb":{"@id":"https:\/\/www.info-algerie.com\/actualites\/algerie-le-chef-de-lonu-salue-le-deroulement-pacifique-des-elections-legislatives\/#breadcrumb"},"inLanguage":"fr-FR","potentialAction":[{"@type":"ReadAction","target":["https:\/\/www.info-algerie.com\/actualites\/algerie-le-chef-de-lonu-salue-le-deroulement-pacifique-des-elections-legislatives\/"]}]},{"@type":"ImageObject","inLanguage":"fr-FR","@id":"https:\/\/www.info-algerie.com\/actualites\/algerie-le-chef-de-lonu-salue-le-deroulement-pacifique-des-elections-legislatives\/#primaryimage","url":"https:\/\/www.info-algerie.com\/actualites\/wp-content\/uploads\/2017\/05\/8a813a8dba441a235fb517ad1601db69_S-1.jpg","contentUrl":"https:\/\/www.info-algerie.com\/actualites\/wp-content\/uploads\/2017\/05\/8a813a8dba441a235fb517ad1601db69_S-1.jpg","width":280,"height":186},{"@type":"BreadcrumbList","@id":"https:\/\/www.info-algerie.com\/actualites\/algerie-le-chef-de-lonu-salue-le-deroulement-pacifique-des-elections-legislatives\/#breadcrumb","itemListElement":[{"@type":"ListItem","position":1,"name":"Accueil","item":"https:\/\/www.info-algerie.com\/actualites\/"},{"@type":"ListItem","position":2,"name":"Alg\u00e9rie: le chef de l&#039;ONU salue le d\u00e9roulement &quot;pacifique&quot; des \u00e9lections l\u00e9gislatives"}]},{"@type":"WebSite","@id":"https:\/\/www.info-algerie.com\/actualites\/#website","url":"https:\/\/www.info-algerie.com\/actualites\/","name":"info algerie","description":"Toutes les actualit\u00e9s","publisher":{"@id":"https:\/\/www.info-algerie.com\/actualites\/#organization"},"potentialAction":[{"@type":"SearchAction","target":{"@type":"EntryPoint","urlTemplate":"https:\/\/www.info-algerie.com\/actualites\/?s={search_term_string}"},"query-input":{"@type":"PropertyValueSpecification","valueRequired":true,"valueName":"search_term_string"}}],"inLanguage":"fr-FR"},{"@type":"Organization","@id":"https:\/\/www.info-algerie.com\/actualites\/#organization","name":"info algerie","url":"https:\/\/www.info-algerie.com\/actualites\/","logo":{"@type":"ImageObject","inLanguage":"fr-FR","@id":"https:\/\/www.info-algerie.com\/actualites\/#\/schema\/logo\/image\/","url":"https:\/\/www.info-algerie.com\/actualites\/wp-content\/uploads\/2022\/07\/logo-ia-120.png","contentUrl":"https:\/\/www.info-algerie.com\/actualites\/wp-content\/uploads\/2022\/07\/logo-ia-120.png","width":120,"height":43,"caption":"info algerie"},"image":{"@id":"https:\/\/www.info-algerie.com\/actualites\/#\/schema\/logo\/image\/"},"sameAs":["https:\/\/www.facebook.com\/infoalgerieactu","https:\/\/x.com\/infoalgerie1"]},{"@type":"Person","@id":"https:\/\/www.info-algerie.com\/actualites\/#\/schema\/person\/847aaec44920825b843a08f30ec6aa1e","name":"La r\u00e9daction","image":{"@type":"ImageObject","inLanguage":"fr-FR","@id":"https:\/\/secure.gravatar.com\/avatar\/769db425c6f465158149f1ffd6cf61ce7a8a879d11dfbef8288af36dfddd418c?s=96&d=mm&r=g","url":"https:\/\/secure.gravatar.com\/avatar\/769db425c6f465158149f1ffd6cf61ce7a8a879d11dfbef8288af36dfddd418c?s=96&d=mm&r=g","contentUrl":"https:\/\/secure.gravatar.com\/avatar\/769db425c6f465158149f1ffd6cf61ce7a8a879d11dfbef8288af36dfddd418c?s=96&d=mm&r=g","caption":"La r\u00e9daction"},"sameAs":["http:\/\/www.lkeria.com\/"],"url":"https:\/\/www.info-algerie.com\/actualites\/author\/chakib32\/"}]}},"_links":{"self":[{"href":"https:\/\/www.info-algerie.com\/actualites\/wp-json\/wp\/v2\/posts\/12217","targetHints":{"allow":["GET"]}}],"collection":[{"href":"https:\/\/www.info-algerie.com\/actualites\/wp-json\/wp\/v2\/posts"}],"about":[{"href":"https:\/\/www.info-algerie.com\/actualites\/wp-json\/wp\/v2\/types\/post"}],"author":[{"embeddable":true,"href":"https:\/\/www.info-algerie.com\/actualites\/wp-json\/wp\/v2\/users\/6"}],"replies":[{"embeddable":true,"href":"https:\/\/www.info-algerie.com\/actualites\/wp-json\/wp\/v2\/comments?post=12217"}],"version-history":[{"count":0,"href":"https:\/\/www.info-algerie.com\/actualites\/wp-json\/wp\/v2\/posts\/12217\/revisions"}],"wp:featuredmedia":[{"embeddable":true,"href":"https:\/\/www.info-algerie.com\/actualites\/wp-json\/wp\/v2\/media\/12218"}],"wp:attachment":[{"href":"https:\/\/www.info-algerie.com\/actualites\/wp-json\/wp\/v2\/media?parent=12217"}],"wp:term":[{"taxonomy":"category","embeddable":true,"href":"https:\/\/www.info-algerie.com\/actualites\/wp-json\/wp\/v2\/categories?post=12217"},{"taxonomy":"post_tag","embeddable":true,"href":"https:\/\/www.info-algerie.com\/actualites\/wp-json\/wp\/v2\/tags?post=12217"}],"curies":[{"name":"wp","href":"https:\/\/api.w.org\/{rel}","templated":true}]}}