{"id":12285,"date":"2017-05-21T11:25:59","date_gmt":"2017-05-21T10:25:59","guid":{"rendered":"http:\/\/www.info-algerie.com\/actualites\/deces-de-lex-president-finlandais-mauno-henrik-koivisto-sellal-presente-les-condoleances-de-lalgerie\/"},"modified":"2017-05-21T11:25:59","modified_gmt":"2017-05-21T10:25:59","slug":"deces-de-lex-president-finlandais-mauno-henrik-koivisto-sellal-presente-les-condoleances-de-lalgerie","status":"publish","type":"post","link":"https:\/\/www.info-algerie.com\/actualites\/deces-de-lex-president-finlandais-mauno-henrik-koivisto-sellal-presente-les-condoleances-de-lalgerie\/","title":{"rendered":"D\u00e9c\u00e8s de l&#039;ex-pr\u00e9sident finlandais Mauno Henrik Koivisto:\u00a0Sellal\u00a0 pr\u00e9sente les condol\u00e9ances de l&#039;Alg\u00e9rie"},"content":{"rendered":"<div class=\"K2FeedImage\"><img decoding=\"async\" src=\"https:\/\/www.info-algerie.com\/actualites\/wp-content\/uploads\/2017\/05\/3d47933bb41fe6423880ab80e7bff6e0_S.jpg\" alt=\"D&#xE9;c&#xE8;s de l'ex-pr&#xE9;sident finlandais Mauno Henrik Koivisto:&#xA0;Sellal&#xA0; pr&#xE9;sente les condol&#xE9;ances de l'Alg&#xE9;rie\" \/><\/div>\n<div class=\"K2FeedIntroText\">\n<p>ALGER- Le Premier ministre, Abdelmalek Sellal a pr\u00e9sent\u00e9\u00a0 dimanche \u00e0 l&rsquo;ambassade de Finlande \u00e0 Alger, ses condol\u00e9ances au nom du\u00a0 pr\u00e9sident de la R\u00e9publique, Abdelaziz Bouteflika, suite au d\u00e9c\u00e8s de\u00a0 l&rsquo;ex-pr\u00e9sident de la R\u00e9publique de Finlande, Mauno Henrik Koivisto.<\/p>\n<p>&#013;\n<\/p><\/div>\n<div class=\"K2FeedFullText\">&#013;<\/p>\n<p>\u00ab\u00a0J&rsquo;ai appris avec affliction la nouvelle du d\u00e9c\u00e8s de l&rsquo;ex-pr\u00e9sident\u00a0 finlandais, Mauno Henrik Koivisto, un pr\u00e9sident qui a vou\u00e9 sa vie au\u00a0 service de son peuple et de son pays\u00a0\u00bb, a \u00e9crit le Premier ministre dans le\u00a0 registre de condol\u00e9ances.<\/p>\n<p>&#013;<\/p>\n<p>\u00ab\u00a0Nous nous rappelons tous le courage et la clairvoyance du d\u00e9funt durant\u00a0 son parcours politique et son r\u00f4le dans l&rsquo;ancrage des principes de\u00a0 d\u00e9mocratie, de libert\u00e9 et de paix\u00a0\u00bb, a ajout\u00e9 M. Sellal.<\/p>\n<p>&#013;<\/p>\n<p>\u00a0<\/p>\n<p>&#013;<\/p>\n<p>\u00ab\u00a0En cette douloureuse circonstance, je pr\u00e9sente au nom du pr\u00e9sident de\u00a0 la R\u00e9publique, du peuple et du gouvernement alg\u00e9riens et en mon nom\u00a0 personnel, mes sinc\u00e8res condol\u00e9ances au gouvernement et au peuple\u00a0 finlandais et j&rsquo;exprime ma profonde compassion avec la famille du d\u00e9funt\u00a0\u00bb,\u00a0 conclut le Premier ministre.<\/p>\n<\/div>\n<p>&#013;<br \/>\nSource: <a href=\"http:\/\/www.aps.dz\/algerie\/57922-deces-de-l-ex-president-finlandais-mauno-henrik-koivisto-sellal-presente-les-condoleances-de-l-algerie-a-l-ambassade-de-finlande\" target=\"_blank\">D\u00e9c\u00e8s de l&rsquo;ex-pr\u00e9sident finlandais Mauno Henrik Koivisto:\u00a0Sellal\u00a0 pr\u00e9sente les condol\u00e9ances de l&rsquo;Alg\u00e9rie<\/a><\/p>\n<!--CusAds0-->\n<div style=\"font-size: 0px; height: 0px; line-height: 0px; margin: 0; padding: 0; clear: both;\"><\/div>","protected":false},"excerpt":{"rendered":"<p>ALGER- Le Premier ministre, Abdelmalek Sellal a pr\u00e9sent\u00e9\u00a0 dimanche \u00e0 l&rsquo;ambassade de Finlande \u00e0 Alger, ses condol\u00e9ances au nom du\u00a0 pr\u00e9sident de la R\u00e9publique, Abdelaziz Bouteflika, suite au d\u00e9c\u00e8s de\u00a0 l&rsquo;ex-pr\u00e9sident de la R\u00e9publique de Finlande, Mauno Henrik Koivisto. &#013; &#013; \u00ab\u00a0J&rsquo;ai appris avec affliction la nouvelle du d\u00e9c\u00e8s de l&rsquo;ex-pr\u00e9sident\u00a0 finlandais, Mauno Henrik Koivisto,<\/p>\n","protected":false},"author":6,"featured_media":12286,"comment_status":"open","ping_status":"open","sticky":false,"template":"","format":"standard","meta":{"footnotes":""},"categories":[22],"tags":[93],"class_list":["post-12285","post","type-post","status-publish","format-standard","has-post-thumbnail","hentry","category-infos","tag-onu"],"yoast_head":"<!-- This site is optimized with the Yoast SEO plugin v27.5 - https:\/\/yoast.com\/product\/yoast-seo-wordpress\/ -->\n<title>D\u00e9c\u00e8s de l&#039;ex-pr\u00e9sident finlandais Mauno Henrik Koivisto:\u00a0Sellal\u00a0 pr\u00e9sente les condol\u00e9ances de l&#039;Alg\u00e9rie - info algerie<\/title>\n<meta name=\"robots\" content=\"index, follow, max-snippet:-1, max-image-preview:large, max-video-preview:-1\" \/>\n<link rel=\"canonical\" href=\"https:\/\/www.info-algerie.com\/actualites\/deces-de-lex-president-finlandais-mauno-henrik-koivisto-sellal-presente-les-condoleances-de-lalgerie\/\" \/>\n<meta property=\"og:locale\" content=\"fr_FR\" \/>\n<meta property=\"og:type\" content=\"article\" \/>\n<meta property=\"og:title\" content=\"D\u00e9c\u00e8s de l&#039;ex-pr\u00e9sident finlandais Mauno Henrik Koivisto:\u00a0Sellal\u00a0 pr\u00e9sente les condol\u00e9ances de l&#039;Alg\u00e9rie - info algerie\" \/>\n<meta property=\"og:description\" content=\"ALGER- Le Premier ministre, Abdelmalek Sellal a pr\u00e9sent\u00e9\u00a0 dimanche \u00e0 l&rsquo;ambassade de Finlande \u00e0 Alger, ses condol\u00e9ances au nom du\u00a0 pr\u00e9sident de la R\u00e9publique, Abdelaziz Bouteflika, suite au d\u00e9c\u00e8s de\u00a0 l&rsquo;ex-pr\u00e9sident de la R\u00e9publique de Finlande, Mauno Henrik Koivisto. &#013; &#013; \u00ab\u00a0J&rsquo;ai appris avec affliction la nouvelle du d\u00e9c\u00e8s de l&rsquo;ex-pr\u00e9sident\u00a0 finlandais, Mauno Henrik Koivisto,\" \/>\n<meta property=\"og:url\" content=\"https:\/\/www.info-algerie.com\/actualites\/deces-de-lex-president-finlandais-mauno-henrik-koivisto-sellal-presente-les-condoleances-de-lalgerie\/\" \/>\n<meta property=\"og:site_name\" content=\"info algerie\" \/>\n<meta property=\"article:publisher\" content=\"https:\/\/www.facebook.com\/infoalgerieactu\" \/>\n<meta property=\"article:published_time\" content=\"2017-05-21T10:25:59+00:00\" \/>\n<meta property=\"og:image\" content=\"https:\/\/www.info-algerie.com\/actualites\/wp-content\/uploads\/2017\/05\/3d47933bb41fe6423880ab80e7bff6e0_S-1.jpg\" \/>\n\t<meta property=\"og:image:width\" content=\"280\" \/>\n\t<meta property=\"og:image:height\" content=\"199\" \/>\n\t<meta property=\"og:image:type\" content=\"image\/jpeg\" \/>\n<meta name=\"author\" content=\"La r\u00e9daction\" \/>\n<meta name=\"twitter:label1\" content=\"\u00c9crit par\" \/>\n\t<meta name=\"twitter:data1\" content=\"La r\u00e9daction\" \/>\n\t<meta name=\"twitter:label2\" content=\"Dur\u00e9e de lecture estim\u00e9e\" \/>\n\t<meta name=\"twitter:data2\" content=\"1 minute\" \/>\n<script type=\"application\/ld+json\" class=\"yoast-schema-graph\">{\"@context\":\"https:\\\/\\\/schema.org\",\"@graph\":[{\"@type\":\"Article\",\"@id\":\"https:\\\/\\\/www.info-algerie.com\\\/actualites\\\/deces-de-lex-president-finlandais-mauno-henrik-koivisto-sellal-presente-les-condoleances-de-lalgerie\\\/#article\",\"isPartOf\":{\"@id\":\"https:\\\/\\\/www.info-algerie.com\\\/actualites\\\/deces-de-lex-president-finlandais-mauno-henrik-koivisto-sellal-presente-les-condoleances-de-lalgerie\\\/\"},\"author\":{\"name\":\"La r\u00e9daction\",\"@id\":\"https:\\\/\\\/www.info-algerie.com\\\/actualites\\\/#\\\/schema\\\/person\\\/847aaec44920825b843a08f30ec6aa1e\"},\"headline\":\"D\u00e9c\u00e8s de l&#039;ex-pr\u00e9sident finlandais Mauno Henrik Koivisto:\u00a0Sellal\u00a0 pr\u00e9sente les condol\u00e9ances de l&#039;Alg\u00e9rie\",\"datePublished\":\"2017-05-21T10:25:59+00:00\",\"mainEntityOfPage\":{\"@id\":\"https:\\\/\\\/www.info-algerie.com\\\/actualites\\\/deces-de-lex-president-finlandais-mauno-henrik-koivisto-sellal-presente-les-condoleances-de-lalgerie\\\/\"},\"wordCount\":229,\"commentCount\":0,\"publisher\":{\"@id\":\"https:\\\/\\\/www.info-algerie.com\\\/actualites\\\/#organization\"},\"image\":{\"@id\":\"https:\\\/\\\/www.info-algerie.com\\\/actualites\\\/deces-de-lex-president-finlandais-mauno-henrik-koivisto-sellal-presente-les-condoleances-de-lalgerie\\\/#primaryimage\"},\"thumbnailUrl\":\"https:\\\/\\\/www.info-algerie.com\\\/actualites\\\/wp-content\\\/uploads\\\/2017\\\/05\\\/3d47933bb41fe6423880ab80e7bff6e0_S-1.jpg\",\"keywords\":[\"ONU\"],\"articleSection\":[\"infos\"],\"inLanguage\":\"fr-FR\",\"potentialAction\":[{\"@type\":\"CommentAction\",\"name\":\"Comment\",\"target\":[\"https:\\\/\\\/www.info-algerie.com\\\/actualites\\\/deces-de-lex-president-finlandais-mauno-henrik-koivisto-sellal-presente-les-condoleances-de-lalgerie\\\/#respond\"]}]},{\"@type\":\"WebPage\",\"@id\":\"https:\\\/\\\/www.info-algerie.com\\\/actualites\\\/deces-de-lex-president-finlandais-mauno-henrik-koivisto-sellal-presente-les-condoleances-de-lalgerie\\\/\",\"url\":\"https:\\\/\\\/www.info-algerie.com\\\/actualites\\\/deces-de-lex-president-finlandais-mauno-henrik-koivisto-sellal-presente-les-condoleances-de-lalgerie\\\/\",\"name\":\"D\u00e9c\u00e8s de l&#039;ex-pr\u00e9sident finlandais Mauno Henrik Koivisto:\u00a0Sellal\u00a0 pr\u00e9sente les condol\u00e9ances de l&#039;Alg\u00e9rie - info algerie\",\"isPartOf\":{\"@id\":\"https:\\\/\\\/www.info-algerie.com\\\/actualites\\\/#website\"},\"primaryImageOfPage\":{\"@id\":\"https:\\\/\\\/www.info-algerie.com\\\/actualites\\\/deces-de-lex-president-finlandais-mauno-henrik-koivisto-sellal-presente-les-condoleances-de-lalgerie\\\/#primaryimage\"},\"image\":{\"@id\":\"https:\\\/\\\/www.info-algerie.com\\\/actualites\\\/deces-de-lex-president-finlandais-mauno-henrik-koivisto-sellal-presente-les-condoleances-de-lalgerie\\\/#primaryimage\"},\"thumbnailUrl\":\"https:\\\/\\\/www.info-algerie.com\\\/actualites\\\/wp-content\\\/uploads\\\/2017\\\/05\\\/3d47933bb41fe6423880ab80e7bff6e0_S-1.jpg\",\"datePublished\":\"2017-05-21T10:25:59+00:00\",\"breadcrumb\":{\"@id\":\"https:\\\/\\\/www.info-algerie.com\\\/actualites\\\/deces-de-lex-president-finlandais-mauno-henrik-koivisto-sellal-presente-les-condoleances-de-lalgerie\\\/#breadcrumb\"},\"inLanguage\":\"fr-FR\",\"potentialAction\":[{\"@type\":\"ReadAction\",\"target\":[\"https:\\\/\\\/www.info-algerie.com\\\/actualites\\\/deces-de-lex-president-finlandais-mauno-henrik-koivisto-sellal-presente-les-condoleances-de-lalgerie\\\/\"]}]},{\"@type\":\"ImageObject\",\"inLanguage\":\"fr-FR\",\"@id\":\"https:\\\/\\\/www.info-algerie.com\\\/actualites\\\/deces-de-lex-president-finlandais-mauno-henrik-koivisto-sellal-presente-les-condoleances-de-lalgerie\\\/#primaryimage\",\"url\":\"https:\\\/\\\/www.info-algerie.com\\\/actualites\\\/wp-content\\\/uploads\\\/2017\\\/05\\\/3d47933bb41fe6423880ab80e7bff6e0_S-1.jpg\",\"contentUrl\":\"https:\\\/\\\/www.info-algerie.com\\\/actualites\\\/wp-content\\\/uploads\\\/2017\\\/05\\\/3d47933bb41fe6423880ab80e7bff6e0_S-1.jpg\",\"width\":280,\"height\":199},{\"@type\":\"BreadcrumbList\",\"@id\":\"https:\\\/\\\/www.info-algerie.com\\\/actualites\\\/deces-de-lex-president-finlandais-mauno-henrik-koivisto-sellal-presente-les-condoleances-de-lalgerie\\\/#breadcrumb\",\"itemListElement\":[{\"@type\":\"ListItem\",\"position\":1,\"name\":\"Accueil\",\"item\":\"https:\\\/\\\/www.info-algerie.com\\\/actualites\\\/\"},{\"@type\":\"ListItem\",\"position\":2,\"name\":\"D\u00e9c\u00e8s de l&#039;ex-pr\u00e9sident finlandais Mauno Henrik Koivisto:\u00a0Sellal\u00a0 pr\u00e9sente les condol\u00e9ances de l&#039;Alg\u00e9rie\"}]},{\"@type\":\"WebSite\",\"@id\":\"https:\\\/\\\/www.info-algerie.com\\\/actualites\\\/#website\",\"url\":\"https:\\\/\\\/www.info-algerie.com\\\/actualites\\\/\",\"name\":\"info algerie\",\"description\":\"Toutes les actualit\u00e9s\",\"publisher\":{\"@id\":\"https:\\\/\\\/www.info-algerie.com\\\/actualites\\\/#organization\"},\"potentialAction\":[{\"@type\":\"SearchAction\",\"target\":{\"@type\":\"EntryPoint\",\"urlTemplate\":\"https:\\\/\\\/www.info-algerie.com\\\/actualites\\\/?s={search_term_string}\"},\"query-input\":{\"@type\":\"PropertyValueSpecification\",\"valueRequired\":true,\"valueName\":\"search_term_string\"}}],\"inLanguage\":\"fr-FR\"},{\"@type\":\"Organization\",\"@id\":\"https:\\\/\\\/www.info-algerie.com\\\/actualites\\\/#organization\",\"name\":\"info algerie\",\"url\":\"https:\\\/\\\/www.info-algerie.com\\\/actualites\\\/\",\"logo\":{\"@type\":\"ImageObject\",\"inLanguage\":\"fr-FR\",\"@id\":\"https:\\\/\\\/www.info-algerie.com\\\/actualites\\\/#\\\/schema\\\/logo\\\/image\\\/\",\"url\":\"https:\\\/\\\/www.info-algerie.com\\\/actualites\\\/wp-content\\\/uploads\\\/2022\\\/07\\\/logo-ia-120.png\",\"contentUrl\":\"https:\\\/\\\/www.info-algerie.com\\\/actualites\\\/wp-content\\\/uploads\\\/2022\\\/07\\\/logo-ia-120.png\",\"width\":120,\"height\":43,\"caption\":\"info algerie\"},\"image\":{\"@id\":\"https:\\\/\\\/www.info-algerie.com\\\/actualites\\\/#\\\/schema\\\/logo\\\/image\\\/\"},\"sameAs\":[\"https:\\\/\\\/www.facebook.com\\\/infoalgerieactu\",\"https:\\\/\\\/x.com\\\/infoalgerie1\"]},{\"@type\":\"Person\",\"@id\":\"https:\\\/\\\/www.info-algerie.com\\\/actualites\\\/#\\\/schema\\\/person\\\/847aaec44920825b843a08f30ec6aa1e\",\"name\":\"La r\u00e9daction\",\"image\":{\"@type\":\"ImageObject\",\"inLanguage\":\"fr-FR\",\"@id\":\"https:\\\/\\\/secure.gravatar.com\\\/avatar\\\/769db425c6f465158149f1ffd6cf61ce7a8a879d11dfbef8288af36dfddd418c?s=96&d=mm&r=g\",\"url\":\"https:\\\/\\\/secure.gravatar.com\\\/avatar\\\/769db425c6f465158149f1ffd6cf61ce7a8a879d11dfbef8288af36dfddd418c?s=96&d=mm&r=g\",\"contentUrl\":\"https:\\\/\\\/secure.gravatar.com\\\/avatar\\\/769db425c6f465158149f1ffd6cf61ce7a8a879d11dfbef8288af36dfddd418c?s=96&d=mm&r=g\",\"caption\":\"La r\u00e9daction\"},\"sameAs\":[\"http:\\\/\\\/www.lkeria.com\\\/\"],\"url\":\"https:\\\/\\\/www.info-algerie.com\\\/actualites\\\/author\\\/chakib32\\\/\"}]}<\/script>\n<!-- \/ Yoast SEO plugin. -->","yoast_head_json":{"title":"D\u00e9c\u00e8s de l&#039;ex-pr\u00e9sident finlandais Mauno Henrik Koivisto:\u00a0Sellal\u00a0 pr\u00e9sente les condol\u00e9ances de l&#039;Alg\u00e9rie - info algerie","robots":{"index":"index","follow":"follow","max-snippet":"max-snippet:-1","max-image-preview":"max-image-preview:large","max-video-preview":"max-video-preview:-1"},"canonical":"https:\/\/www.info-algerie.com\/actualites\/deces-de-lex-president-finlandais-mauno-henrik-koivisto-sellal-presente-les-condoleances-de-lalgerie\/","og_locale":"fr_FR","og_type":"article","og_title":"D\u00e9c\u00e8s de l&#039;ex-pr\u00e9sident finlandais Mauno Henrik Koivisto:\u00a0Sellal\u00a0 pr\u00e9sente les condol\u00e9ances de l&#039;Alg\u00e9rie - info algerie","og_description":"ALGER- Le Premier ministre, Abdelmalek Sellal a pr\u00e9sent\u00e9\u00a0 dimanche \u00e0 l&rsquo;ambassade de Finlande \u00e0 Alger, ses condol\u00e9ances au nom du\u00a0 pr\u00e9sident de la R\u00e9publique, Abdelaziz Bouteflika, suite au d\u00e9c\u00e8s de\u00a0 l&rsquo;ex-pr\u00e9sident de la R\u00e9publique de Finlande, Mauno Henrik Koivisto. &#013; &#013; \u00ab\u00a0J&rsquo;ai appris avec affliction la nouvelle du d\u00e9c\u00e8s de l&rsquo;ex-pr\u00e9sident\u00a0 finlandais, Mauno Henrik Koivisto,","og_url":"https:\/\/www.info-algerie.com\/actualites\/deces-de-lex-president-finlandais-mauno-henrik-koivisto-sellal-presente-les-condoleances-de-lalgerie\/","og_site_name":"info algerie","article_publisher":"https:\/\/www.facebook.com\/infoalgerieactu","article_published_time":"2017-05-21T10:25:59+00:00","og_image":[{"width":280,"height":199,"url":"https:\/\/www.info-algerie.com\/actualites\/wp-content\/uploads\/2017\/05\/3d47933bb41fe6423880ab80e7bff6e0_S-1.jpg","type":"image\/jpeg"}],"author":"La r\u00e9daction","twitter_misc":{"\u00c9crit par":"La r\u00e9daction","Dur\u00e9e de lecture estim\u00e9e":"1 minute"},"schema":{"@context":"https:\/\/schema.org","@graph":[{"@type":"Article","@id":"https:\/\/www.info-algerie.com\/actualites\/deces-de-lex-president-finlandais-mauno-henrik-koivisto-sellal-presente-les-condoleances-de-lalgerie\/#article","isPartOf":{"@id":"https:\/\/www.info-algerie.com\/actualites\/deces-de-lex-president-finlandais-mauno-henrik-koivisto-sellal-presente-les-condoleances-de-lalgerie\/"},"author":{"name":"La r\u00e9daction","@id":"https:\/\/www.info-algerie.com\/actualites\/#\/schema\/person\/847aaec44920825b843a08f30ec6aa1e"},"headline":"D\u00e9c\u00e8s de l&#039;ex-pr\u00e9sident finlandais Mauno Henrik Koivisto:\u00a0Sellal\u00a0 pr\u00e9sente les condol\u00e9ances de l&#039;Alg\u00e9rie","datePublished":"2017-05-21T10:25:59+00:00","mainEntityOfPage":{"@id":"https:\/\/www.info-algerie.com\/actualites\/deces-de-lex-president-finlandais-mauno-henrik-koivisto-sellal-presente-les-condoleances-de-lalgerie\/"},"wordCount":229,"commentCount":0,"publisher":{"@id":"https:\/\/www.info-algerie.com\/actualites\/#organization"},"image":{"@id":"https:\/\/www.info-algerie.com\/actualites\/deces-de-lex-president-finlandais-mauno-henrik-koivisto-sellal-presente-les-condoleances-de-lalgerie\/#primaryimage"},"thumbnailUrl":"https:\/\/www.info-algerie.com\/actualites\/wp-content\/uploads\/2017\/05\/3d47933bb41fe6423880ab80e7bff6e0_S-1.jpg","keywords":["ONU"],"articleSection":["infos"],"inLanguage":"fr-FR","potentialAction":[{"@type":"CommentAction","name":"Comment","target":["https:\/\/www.info-algerie.com\/actualites\/deces-de-lex-president-finlandais-mauno-henrik-koivisto-sellal-presente-les-condoleances-de-lalgerie\/#respond"]}]},{"@type":"WebPage","@id":"https:\/\/www.info-algerie.com\/actualites\/deces-de-lex-president-finlandais-mauno-henrik-koivisto-sellal-presente-les-condoleances-de-lalgerie\/","url":"https:\/\/www.info-algerie.com\/actualites\/deces-de-lex-president-finlandais-mauno-henrik-koivisto-sellal-presente-les-condoleances-de-lalgerie\/","name":"D\u00e9c\u00e8s de l&#039;ex-pr\u00e9sident finlandais Mauno Henrik Koivisto:\u00a0Sellal\u00a0 pr\u00e9sente les condol\u00e9ances de l&#039;Alg\u00e9rie - info algerie","isPartOf":{"@id":"https:\/\/www.info-algerie.com\/actualites\/#website"},"primaryImageOfPage":{"@id":"https:\/\/www.info-algerie.com\/actualites\/deces-de-lex-president-finlandais-mauno-henrik-koivisto-sellal-presente-les-condoleances-de-lalgerie\/#primaryimage"},"image":{"@id":"https:\/\/www.info-algerie.com\/actualites\/deces-de-lex-president-finlandais-mauno-henrik-koivisto-sellal-presente-les-condoleances-de-lalgerie\/#primaryimage"},"thumbnailUrl":"https:\/\/www.info-algerie.com\/actualites\/wp-content\/uploads\/2017\/05\/3d47933bb41fe6423880ab80e7bff6e0_S-1.jpg","datePublished":"2017-05-21T10:25:59+00:00","breadcrumb":{"@id":"https:\/\/www.info-algerie.com\/actualites\/deces-de-lex-president-finlandais-mauno-henrik-koivisto-sellal-presente-les-condoleances-de-lalgerie\/#breadcrumb"},"inLanguage":"fr-FR","potentialAction":[{"@type":"ReadAction","target":["https:\/\/www.info-algerie.com\/actualites\/deces-de-lex-president-finlandais-mauno-henrik-koivisto-sellal-presente-les-condoleances-de-lalgerie\/"]}]},{"@type":"ImageObject","inLanguage":"fr-FR","@id":"https:\/\/www.info-algerie.com\/actualites\/deces-de-lex-president-finlandais-mauno-henrik-koivisto-sellal-presente-les-condoleances-de-lalgerie\/#primaryimage","url":"https:\/\/www.info-algerie.com\/actualites\/wp-content\/uploads\/2017\/05\/3d47933bb41fe6423880ab80e7bff6e0_S-1.jpg","contentUrl":"https:\/\/www.info-algerie.com\/actualites\/wp-content\/uploads\/2017\/05\/3d47933bb41fe6423880ab80e7bff6e0_S-1.jpg","width":280,"height":199},{"@type":"BreadcrumbList","@id":"https:\/\/www.info-algerie.com\/actualites\/deces-de-lex-president-finlandais-mauno-henrik-koivisto-sellal-presente-les-condoleances-de-lalgerie\/#breadcrumb","itemListElement":[{"@type":"ListItem","position":1,"name":"Accueil","item":"https:\/\/www.info-algerie.com\/actualites\/"},{"@type":"ListItem","position":2,"name":"D\u00e9c\u00e8s de l&#039;ex-pr\u00e9sident finlandais Mauno Henrik Koivisto:\u00a0Sellal\u00a0 pr\u00e9sente les condol\u00e9ances de l&#039;Alg\u00e9rie"}]},{"@type":"WebSite","@id":"https:\/\/www.info-algerie.com\/actualites\/#website","url":"https:\/\/www.info-algerie.com\/actualites\/","name":"info algerie","description":"Toutes les actualit\u00e9s","publisher":{"@id":"https:\/\/www.info-algerie.com\/actualites\/#organization"},"potentialAction":[{"@type":"SearchAction","target":{"@type":"EntryPoint","urlTemplate":"https:\/\/www.info-algerie.com\/actualites\/?s={search_term_string}"},"query-input":{"@type":"PropertyValueSpecification","valueRequired":true,"valueName":"search_term_string"}}],"inLanguage":"fr-FR"},{"@type":"Organization","@id":"https:\/\/www.info-algerie.com\/actualites\/#organization","name":"info algerie","url":"https:\/\/www.info-algerie.com\/actualites\/","logo":{"@type":"ImageObject","inLanguage":"fr-FR","@id":"https:\/\/www.info-algerie.com\/actualites\/#\/schema\/logo\/image\/","url":"https:\/\/www.info-algerie.com\/actualites\/wp-content\/uploads\/2022\/07\/logo-ia-120.png","contentUrl":"https:\/\/www.info-algerie.com\/actualites\/wp-content\/uploads\/2022\/07\/logo-ia-120.png","width":120,"height":43,"caption":"info algerie"},"image":{"@id":"https:\/\/www.info-algerie.com\/actualites\/#\/schema\/logo\/image\/"},"sameAs":["https:\/\/www.facebook.com\/infoalgerieactu","https:\/\/x.com\/infoalgerie1"]},{"@type":"Person","@id":"https:\/\/www.info-algerie.com\/actualites\/#\/schema\/person\/847aaec44920825b843a08f30ec6aa1e","name":"La r\u00e9daction","image":{"@type":"ImageObject","inLanguage":"fr-FR","@id":"https:\/\/secure.gravatar.com\/avatar\/769db425c6f465158149f1ffd6cf61ce7a8a879d11dfbef8288af36dfddd418c?s=96&d=mm&r=g","url":"https:\/\/secure.gravatar.com\/avatar\/769db425c6f465158149f1ffd6cf61ce7a8a879d11dfbef8288af36dfddd418c?s=96&d=mm&r=g","contentUrl":"https:\/\/secure.gravatar.com\/avatar\/769db425c6f465158149f1ffd6cf61ce7a8a879d11dfbef8288af36dfddd418c?s=96&d=mm&r=g","caption":"La r\u00e9daction"},"sameAs":["http:\/\/www.lkeria.com\/"],"url":"https:\/\/www.info-algerie.com\/actualites\/author\/chakib32\/"}]}},"_links":{"self":[{"href":"https:\/\/www.info-algerie.com\/actualites\/wp-json\/wp\/v2\/posts\/12285","targetHints":{"allow":["GET"]}}],"collection":[{"href":"https:\/\/www.info-algerie.com\/actualites\/wp-json\/wp\/v2\/posts"}],"about":[{"href":"https:\/\/www.info-algerie.com\/actualites\/wp-json\/wp\/v2\/types\/post"}],"author":[{"embeddable":true,"href":"https:\/\/www.info-algerie.com\/actualites\/wp-json\/wp\/v2\/users\/6"}],"replies":[{"embeddable":true,"href":"https:\/\/www.info-algerie.com\/actualites\/wp-json\/wp\/v2\/comments?post=12285"}],"version-history":[{"count":0,"href":"https:\/\/www.info-algerie.com\/actualites\/wp-json\/wp\/v2\/posts\/12285\/revisions"}],"wp:featuredmedia":[{"embeddable":true,"href":"https:\/\/www.info-algerie.com\/actualites\/wp-json\/wp\/v2\/media\/12286"}],"wp:attachment":[{"href":"https:\/\/www.info-algerie.com\/actualites\/wp-json\/wp\/v2\/media?parent=12285"}],"wp:term":[{"taxonomy":"category","embeddable":true,"href":"https:\/\/www.info-algerie.com\/actualites\/wp-json\/wp\/v2\/categories?post=12285"},{"taxonomy":"post_tag","embeddable":true,"href":"https:\/\/www.info-algerie.com\/actualites\/wp-json\/wp\/v2\/tags?post=12285"}],"curies":[{"name":"wp","href":"https:\/\/api.w.org\/{rel}","templated":true}]}}