{"id":12287,"date":"2017-05-21T12:55:40","date_gmt":"2017-05-21T11:55:40","guid":{"rendered":"http:\/\/www.info-algerie.com\/actualites\/sommet-islamo-americain-bensalah-recu-a-ryadh-par-le-president-tunisien-beji-caid-essebsi\/"},"modified":"2017-05-21T12:55:40","modified_gmt":"2017-05-21T11:55:40","slug":"sommet-islamo-americain-bensalah-recu-a-ryadh-par-le-president-tunisien-beji-caid-essebsi","status":"publish","type":"post","link":"https:\/\/www.info-algerie.com\/actualites\/sommet-islamo-americain-bensalah-recu-a-ryadh-par-le-president-tunisien-beji-caid-essebsi\/","title":{"rendered":"Sommet islamo-am\u00e9ricain: Bensalah re\u00e7u \u00e0 Ryadh par le pr\u00e9sident tunisien\u00a0 B\u00e9ji Ca\u00efd Essebsi"},"content":{"rendered":"<div class=\"K2FeedIntroText\">\n<p class=\"MsoNoSpacing\">ALGER- Le pr\u00e9sident du Conseil de la nation, Abdelkader\u00a0 Bensalah, a \u00e9t\u00e9 re\u00e7u dimanche \u00e0 Ryadh (Arabie Saoudite) par le pr\u00e9sident\u00a0 tunisien B\u00e9ji Ca\u00efd Essebsi, avec qui il a pass\u00e9 en revue les relations bilat\u00e9rales et \u00e9chang\u00e9 les vues sur plusieurs questions notamment la\u00a0 situation en Libye, soulignant la n\u00e9cessit\u00e9 d&rsquo;aboutir \u00e0 un r\u00e8glement\u00a0 pacifique, indique un communiqu\u00e9 du Conseil de la Nation (CN).<\/p>\n<p>&#013;\n<\/p><\/div>\n<div class=\"K2FeedFullText\">&#013;<\/p>\n<p>Tenue en marge des travaux du Sommet islamo-am\u00e9ricain auquel prend part\u00a0 \u00e9galement le ministre d&rsquo;Etat, ministre des Affaires \u00e9trang\u00e8res et de la\u00a0 Coop\u00e9ration internationale, Ramtane Lamamra, cette rencontre a permis de\u00a0 \u00ab\u00a0passer en revue les relations bilat\u00e9rales strat\u00e9giques et les moyens de les promouvoir, notamment apr\u00e8s la rencontre entre le pr\u00e9sident de la\u00a0 R\u00e9publique Abdelaziz Bouteflika et le pr\u00e9sident Tunisien B\u00e9ji Caid\u00a0 Essebsi\u00a0\u00bb, pr\u00e9cise la m\u00eame source.<\/p>\n<p>&#013;<\/p>\n<p>M. Bensalah et le pr\u00e9sident Essebsi \u00ab\u00a0ont \u00e9chang\u00e9 leurs vues sur les\u00a0 questions d&rsquo;int\u00e9r\u00eat commun, notamment la situation en Libye\u00a0\u00bb soulignant\u00a0 \u00ab\u00a0l&rsquo;imp\u00e9ratif d&rsquo;un r\u00e8glement pacifique et d&rsquo;un dialogue interlibyen\u00a0 inclusif\u00a0\u00bb, ajoute le communiqu\u00e9.<\/p>\n<p>&#013;<\/p>\n<p>\u00a0Le pr\u00e9sident du Conseil de la nation est arriv\u00e9 samedi \u00e0 Ryadh (Arabie\u00a0 Saoudite) pour repr\u00e9senter le pr\u00e9sident de la R\u00e9publique Abdelaziz\u00a0 Bouteflika au Sommet islamo-am\u00e9ricain \u00e0 l&rsquo;invitation du Serviteur des deux\u00a0 Lieux saints, le Roi Salmane Ben Abdelaziz Al-Saoud.<\/p>\n<\/div>\n<p>&#013;<br \/>\nSource: <a href=\"http:\/\/www.aps.dz\/algerie\/57926-sommet-islamo-americain-bensalah-recu-a-ryadh-par-le-president-tunisien-beji-caid-essebsi\" target=\"_blank\">Sommet islamo-am\u00e9ricain: Bensalah re\u00e7u \u00e0 Ryadh par le pr\u00e9sident tunisien\u00a0 B\u00e9ji Ca\u00efd Essebsi<\/a><\/p>\n<!--CusAds0-->\n<div style=\"font-size: 0px; height: 0px; line-height: 0px; margin: 0; padding: 0; clear: both;\"><\/div>","protected":false},"excerpt":{"rendered":"<p>ALGER- Le pr\u00e9sident du Conseil de la nation, Abdelkader\u00a0 Bensalah, a \u00e9t\u00e9 re\u00e7u dimanche \u00e0 Ryadh (Arabie Saoudite) par le pr\u00e9sident\u00a0 tunisien B\u00e9ji Ca\u00efd Essebsi, avec qui il a pass\u00e9 en revue les relations bilat\u00e9rales et \u00e9chang\u00e9 les vues sur plusieurs questions notamment la\u00a0 situation en Libye, soulignant la n\u00e9cessit\u00e9 d&rsquo;aboutir \u00e0 un r\u00e8glement\u00a0 pacifique,<\/p>\n","protected":false},"author":6,"featured_media":0,"comment_status":"open","ping_status":"open","sticky":false,"template":"","format":"standard","meta":{"footnotes":""},"categories":[22],"tags":[93],"class_list":["post-12287","post","type-post","status-publish","format-standard","hentry","category-infos","tag-onu"],"yoast_head":"<!-- This site is optimized with the Yoast SEO plugin v27.5 - https:\/\/yoast.com\/product\/yoast-seo-wordpress\/ -->\n<title>Sommet islamo-am\u00e9ricain: Bensalah re\u00e7u \u00e0 Ryadh par le pr\u00e9sident tunisien\u00a0 B\u00e9ji Ca\u00efd Essebsi - info algerie<\/title>\n<meta name=\"robots\" content=\"index, follow, max-snippet:-1, max-image-preview:large, max-video-preview:-1\" \/>\n<link rel=\"canonical\" href=\"https:\/\/www.info-algerie.com\/actualites\/sommet-islamo-americain-bensalah-recu-a-ryadh-par-le-president-tunisien-beji-caid-essebsi\/\" \/>\n<meta property=\"og:locale\" content=\"fr_FR\" \/>\n<meta property=\"og:type\" content=\"article\" \/>\n<meta property=\"og:title\" content=\"Sommet islamo-am\u00e9ricain: Bensalah re\u00e7u \u00e0 Ryadh par le pr\u00e9sident tunisien\u00a0 B\u00e9ji Ca\u00efd Essebsi - info algerie\" \/>\n<meta property=\"og:description\" content=\"ALGER- Le pr\u00e9sident du Conseil de la nation, Abdelkader\u00a0 Bensalah, a \u00e9t\u00e9 re\u00e7u dimanche \u00e0 Ryadh (Arabie Saoudite) par le pr\u00e9sident\u00a0 tunisien B\u00e9ji Ca\u00efd Essebsi, avec qui il a pass\u00e9 en revue les relations bilat\u00e9rales et \u00e9chang\u00e9 les vues sur plusieurs questions notamment la\u00a0 situation en Libye, soulignant la n\u00e9cessit\u00e9 d&rsquo;aboutir \u00e0 un r\u00e8glement\u00a0 pacifique,\" \/>\n<meta property=\"og:url\" content=\"https:\/\/www.info-algerie.com\/actualites\/sommet-islamo-americain-bensalah-recu-a-ryadh-par-le-president-tunisien-beji-caid-essebsi\/\" \/>\n<meta property=\"og:site_name\" content=\"info algerie\" \/>\n<meta property=\"article:publisher\" content=\"https:\/\/www.facebook.com\/infoalgerieactu\" \/>\n<meta property=\"article:published_time\" content=\"2017-05-21T11:55:40+00:00\" \/>\n<meta name=\"author\" content=\"La r\u00e9daction\" \/>\n<meta name=\"twitter:label1\" content=\"\u00c9crit par\" \/>\n\t<meta name=\"twitter:data1\" content=\"La r\u00e9daction\" \/>\n\t<meta name=\"twitter:label2\" content=\"Dur\u00e9e de lecture estim\u00e9e\" \/>\n\t<meta name=\"twitter:data2\" content=\"1 minute\" \/>\n<script type=\"application\/ld+json\" class=\"yoast-schema-graph\">{\"@context\":\"https:\\\/\\\/schema.org\",\"@graph\":[{\"@type\":\"Article\",\"@id\":\"https:\\\/\\\/www.info-algerie.com\\\/actualites\\\/sommet-islamo-americain-bensalah-recu-a-ryadh-par-le-president-tunisien-beji-caid-essebsi\\\/#article\",\"isPartOf\":{\"@id\":\"https:\\\/\\\/www.info-algerie.com\\\/actualites\\\/sommet-islamo-americain-bensalah-recu-a-ryadh-par-le-president-tunisien-beji-caid-essebsi\\\/\"},\"author\":{\"name\":\"La r\u00e9daction\",\"@id\":\"https:\\\/\\\/www.info-algerie.com\\\/actualites\\\/#\\\/schema\\\/person\\\/847aaec44920825b843a08f30ec6aa1e\"},\"headline\":\"Sommet islamo-am\u00e9ricain: Bensalah re\u00e7u \u00e0 Ryadh par le pr\u00e9sident tunisien\u00a0 B\u00e9ji Ca\u00efd Essebsi\",\"datePublished\":\"2017-05-21T11:55:40+00:00\",\"mainEntityOfPage\":{\"@id\":\"https:\\\/\\\/www.info-algerie.com\\\/actualites\\\/sommet-islamo-americain-bensalah-recu-a-ryadh-par-le-president-tunisien-beji-caid-essebsi\\\/\"},\"wordCount\":272,\"commentCount\":0,\"publisher\":{\"@id\":\"https:\\\/\\\/www.info-algerie.com\\\/actualites\\\/#organization\"},\"keywords\":[\"ONU\"],\"articleSection\":[\"infos\"],\"inLanguage\":\"fr-FR\",\"potentialAction\":[{\"@type\":\"CommentAction\",\"name\":\"Comment\",\"target\":[\"https:\\\/\\\/www.info-algerie.com\\\/actualites\\\/sommet-islamo-americain-bensalah-recu-a-ryadh-par-le-president-tunisien-beji-caid-essebsi\\\/#respond\"]}]},{\"@type\":\"WebPage\",\"@id\":\"https:\\\/\\\/www.info-algerie.com\\\/actualites\\\/sommet-islamo-americain-bensalah-recu-a-ryadh-par-le-president-tunisien-beji-caid-essebsi\\\/\",\"url\":\"https:\\\/\\\/www.info-algerie.com\\\/actualites\\\/sommet-islamo-americain-bensalah-recu-a-ryadh-par-le-president-tunisien-beji-caid-essebsi\\\/\",\"name\":\"Sommet islamo-am\u00e9ricain: Bensalah re\u00e7u \u00e0 Ryadh par le pr\u00e9sident tunisien\u00a0 B\u00e9ji Ca\u00efd Essebsi - info algerie\",\"isPartOf\":{\"@id\":\"https:\\\/\\\/www.info-algerie.com\\\/actualites\\\/#website\"},\"datePublished\":\"2017-05-21T11:55:40+00:00\",\"breadcrumb\":{\"@id\":\"https:\\\/\\\/www.info-algerie.com\\\/actualites\\\/sommet-islamo-americain-bensalah-recu-a-ryadh-par-le-president-tunisien-beji-caid-essebsi\\\/#breadcrumb\"},\"inLanguage\":\"fr-FR\",\"potentialAction\":[{\"@type\":\"ReadAction\",\"target\":[\"https:\\\/\\\/www.info-algerie.com\\\/actualites\\\/sommet-islamo-americain-bensalah-recu-a-ryadh-par-le-president-tunisien-beji-caid-essebsi\\\/\"]}]},{\"@type\":\"BreadcrumbList\",\"@id\":\"https:\\\/\\\/www.info-algerie.com\\\/actualites\\\/sommet-islamo-americain-bensalah-recu-a-ryadh-par-le-president-tunisien-beji-caid-essebsi\\\/#breadcrumb\",\"itemListElement\":[{\"@type\":\"ListItem\",\"position\":1,\"name\":\"Accueil\",\"item\":\"https:\\\/\\\/www.info-algerie.com\\\/actualites\\\/\"},{\"@type\":\"ListItem\",\"position\":2,\"name\":\"Sommet islamo-am\u00e9ricain: Bensalah re\u00e7u \u00e0 Ryadh par le pr\u00e9sident tunisien\u00a0 B\u00e9ji Ca\u00efd Essebsi\"}]},{\"@type\":\"WebSite\",\"@id\":\"https:\\\/\\\/www.info-algerie.com\\\/actualites\\\/#website\",\"url\":\"https:\\\/\\\/www.info-algerie.com\\\/actualites\\\/\",\"name\":\"info algerie\",\"description\":\"Toutes les actualit\u00e9s\",\"publisher\":{\"@id\":\"https:\\\/\\\/www.info-algerie.com\\\/actualites\\\/#organization\"},\"potentialAction\":[{\"@type\":\"SearchAction\",\"target\":{\"@type\":\"EntryPoint\",\"urlTemplate\":\"https:\\\/\\\/www.info-algerie.com\\\/actualites\\\/?s={search_term_string}\"},\"query-input\":{\"@type\":\"PropertyValueSpecification\",\"valueRequired\":true,\"valueName\":\"search_term_string\"}}],\"inLanguage\":\"fr-FR\"},{\"@type\":\"Organization\",\"@id\":\"https:\\\/\\\/www.info-algerie.com\\\/actualites\\\/#organization\",\"name\":\"info algerie\",\"url\":\"https:\\\/\\\/www.info-algerie.com\\\/actualites\\\/\",\"logo\":{\"@type\":\"ImageObject\",\"inLanguage\":\"fr-FR\",\"@id\":\"https:\\\/\\\/www.info-algerie.com\\\/actualites\\\/#\\\/schema\\\/logo\\\/image\\\/\",\"url\":\"https:\\\/\\\/www.info-algerie.com\\\/actualites\\\/wp-content\\\/uploads\\\/2022\\\/07\\\/logo-ia-120.png\",\"contentUrl\":\"https:\\\/\\\/www.info-algerie.com\\\/actualites\\\/wp-content\\\/uploads\\\/2022\\\/07\\\/logo-ia-120.png\",\"width\":120,\"height\":43,\"caption\":\"info algerie\"},\"image\":{\"@id\":\"https:\\\/\\\/www.info-algerie.com\\\/actualites\\\/#\\\/schema\\\/logo\\\/image\\\/\"},\"sameAs\":[\"https:\\\/\\\/www.facebook.com\\\/infoalgerieactu\",\"https:\\\/\\\/x.com\\\/infoalgerie1\"]},{\"@type\":\"Person\",\"@id\":\"https:\\\/\\\/www.info-algerie.com\\\/actualites\\\/#\\\/schema\\\/person\\\/847aaec44920825b843a08f30ec6aa1e\",\"name\":\"La r\u00e9daction\",\"image\":{\"@type\":\"ImageObject\",\"inLanguage\":\"fr-FR\",\"@id\":\"https:\\\/\\\/secure.gravatar.com\\\/avatar\\\/769db425c6f465158149f1ffd6cf61ce7a8a879d11dfbef8288af36dfddd418c?s=96&d=mm&r=g\",\"url\":\"https:\\\/\\\/secure.gravatar.com\\\/avatar\\\/769db425c6f465158149f1ffd6cf61ce7a8a879d11dfbef8288af36dfddd418c?s=96&d=mm&r=g\",\"contentUrl\":\"https:\\\/\\\/secure.gravatar.com\\\/avatar\\\/769db425c6f465158149f1ffd6cf61ce7a8a879d11dfbef8288af36dfddd418c?s=96&d=mm&r=g\",\"caption\":\"La r\u00e9daction\"},\"sameAs\":[\"http:\\\/\\\/www.lkeria.com\\\/\"],\"url\":\"https:\\\/\\\/www.info-algerie.com\\\/actualites\\\/author\\\/chakib32\\\/\"}]}<\/script>\n<!-- \/ Yoast SEO plugin. -->","yoast_head_json":{"title":"Sommet islamo-am\u00e9ricain: Bensalah re\u00e7u \u00e0 Ryadh par le pr\u00e9sident tunisien\u00a0 B\u00e9ji Ca\u00efd Essebsi - info algerie","robots":{"index":"index","follow":"follow","max-snippet":"max-snippet:-1","max-image-preview":"max-image-preview:large","max-video-preview":"max-video-preview:-1"},"canonical":"https:\/\/www.info-algerie.com\/actualites\/sommet-islamo-americain-bensalah-recu-a-ryadh-par-le-president-tunisien-beji-caid-essebsi\/","og_locale":"fr_FR","og_type":"article","og_title":"Sommet islamo-am\u00e9ricain: Bensalah re\u00e7u \u00e0 Ryadh par le pr\u00e9sident tunisien\u00a0 B\u00e9ji Ca\u00efd Essebsi - info algerie","og_description":"ALGER- Le pr\u00e9sident du Conseil de la nation, Abdelkader\u00a0 Bensalah, a \u00e9t\u00e9 re\u00e7u dimanche \u00e0 Ryadh (Arabie Saoudite) par le pr\u00e9sident\u00a0 tunisien B\u00e9ji Ca\u00efd Essebsi, avec qui il a pass\u00e9 en revue les relations bilat\u00e9rales et \u00e9chang\u00e9 les vues sur plusieurs questions notamment la\u00a0 situation en Libye, soulignant la n\u00e9cessit\u00e9 d&rsquo;aboutir \u00e0 un r\u00e8glement\u00a0 pacifique,","og_url":"https:\/\/www.info-algerie.com\/actualites\/sommet-islamo-americain-bensalah-recu-a-ryadh-par-le-president-tunisien-beji-caid-essebsi\/","og_site_name":"info algerie","article_publisher":"https:\/\/www.facebook.com\/infoalgerieactu","article_published_time":"2017-05-21T11:55:40+00:00","author":"La r\u00e9daction","twitter_misc":{"\u00c9crit par":"La r\u00e9daction","Dur\u00e9e de lecture estim\u00e9e":"1 minute"},"schema":{"@context":"https:\/\/schema.org","@graph":[{"@type":"Article","@id":"https:\/\/www.info-algerie.com\/actualites\/sommet-islamo-americain-bensalah-recu-a-ryadh-par-le-president-tunisien-beji-caid-essebsi\/#article","isPartOf":{"@id":"https:\/\/www.info-algerie.com\/actualites\/sommet-islamo-americain-bensalah-recu-a-ryadh-par-le-president-tunisien-beji-caid-essebsi\/"},"author":{"name":"La r\u00e9daction","@id":"https:\/\/www.info-algerie.com\/actualites\/#\/schema\/person\/847aaec44920825b843a08f30ec6aa1e"},"headline":"Sommet islamo-am\u00e9ricain: Bensalah re\u00e7u \u00e0 Ryadh par le pr\u00e9sident tunisien\u00a0 B\u00e9ji Ca\u00efd Essebsi","datePublished":"2017-05-21T11:55:40+00:00","mainEntityOfPage":{"@id":"https:\/\/www.info-algerie.com\/actualites\/sommet-islamo-americain-bensalah-recu-a-ryadh-par-le-president-tunisien-beji-caid-essebsi\/"},"wordCount":272,"commentCount":0,"publisher":{"@id":"https:\/\/www.info-algerie.com\/actualites\/#organization"},"keywords":["ONU"],"articleSection":["infos"],"inLanguage":"fr-FR","potentialAction":[{"@type":"CommentAction","name":"Comment","target":["https:\/\/www.info-algerie.com\/actualites\/sommet-islamo-americain-bensalah-recu-a-ryadh-par-le-president-tunisien-beji-caid-essebsi\/#respond"]}]},{"@type":"WebPage","@id":"https:\/\/www.info-algerie.com\/actualites\/sommet-islamo-americain-bensalah-recu-a-ryadh-par-le-president-tunisien-beji-caid-essebsi\/","url":"https:\/\/www.info-algerie.com\/actualites\/sommet-islamo-americain-bensalah-recu-a-ryadh-par-le-president-tunisien-beji-caid-essebsi\/","name":"Sommet islamo-am\u00e9ricain: Bensalah re\u00e7u \u00e0 Ryadh par le pr\u00e9sident tunisien\u00a0 B\u00e9ji Ca\u00efd Essebsi - info algerie","isPartOf":{"@id":"https:\/\/www.info-algerie.com\/actualites\/#website"},"datePublished":"2017-05-21T11:55:40+00:00","breadcrumb":{"@id":"https:\/\/www.info-algerie.com\/actualites\/sommet-islamo-americain-bensalah-recu-a-ryadh-par-le-president-tunisien-beji-caid-essebsi\/#breadcrumb"},"inLanguage":"fr-FR","potentialAction":[{"@type":"ReadAction","target":["https:\/\/www.info-algerie.com\/actualites\/sommet-islamo-americain-bensalah-recu-a-ryadh-par-le-president-tunisien-beji-caid-essebsi\/"]}]},{"@type":"BreadcrumbList","@id":"https:\/\/www.info-algerie.com\/actualites\/sommet-islamo-americain-bensalah-recu-a-ryadh-par-le-president-tunisien-beji-caid-essebsi\/#breadcrumb","itemListElement":[{"@type":"ListItem","position":1,"name":"Accueil","item":"https:\/\/www.info-algerie.com\/actualites\/"},{"@type":"ListItem","position":2,"name":"Sommet islamo-am\u00e9ricain: Bensalah re\u00e7u \u00e0 Ryadh par le pr\u00e9sident tunisien\u00a0 B\u00e9ji Ca\u00efd Essebsi"}]},{"@type":"WebSite","@id":"https:\/\/www.info-algerie.com\/actualites\/#website","url":"https:\/\/www.info-algerie.com\/actualites\/","name":"info algerie","description":"Toutes les actualit\u00e9s","publisher":{"@id":"https:\/\/www.info-algerie.com\/actualites\/#organization"},"potentialAction":[{"@type":"SearchAction","target":{"@type":"EntryPoint","urlTemplate":"https:\/\/www.info-algerie.com\/actualites\/?s={search_term_string}"},"query-input":{"@type":"PropertyValueSpecification","valueRequired":true,"valueName":"search_term_string"}}],"inLanguage":"fr-FR"},{"@type":"Organization","@id":"https:\/\/www.info-algerie.com\/actualites\/#organization","name":"info algerie","url":"https:\/\/www.info-algerie.com\/actualites\/","logo":{"@type":"ImageObject","inLanguage":"fr-FR","@id":"https:\/\/www.info-algerie.com\/actualites\/#\/schema\/logo\/image\/","url":"https:\/\/www.info-algerie.com\/actualites\/wp-content\/uploads\/2022\/07\/logo-ia-120.png","contentUrl":"https:\/\/www.info-algerie.com\/actualites\/wp-content\/uploads\/2022\/07\/logo-ia-120.png","width":120,"height":43,"caption":"info algerie"},"image":{"@id":"https:\/\/www.info-algerie.com\/actualites\/#\/schema\/logo\/image\/"},"sameAs":["https:\/\/www.facebook.com\/infoalgerieactu","https:\/\/x.com\/infoalgerie1"]},{"@type":"Person","@id":"https:\/\/www.info-algerie.com\/actualites\/#\/schema\/person\/847aaec44920825b843a08f30ec6aa1e","name":"La r\u00e9daction","image":{"@type":"ImageObject","inLanguage":"fr-FR","@id":"https:\/\/secure.gravatar.com\/avatar\/769db425c6f465158149f1ffd6cf61ce7a8a879d11dfbef8288af36dfddd418c?s=96&d=mm&r=g","url":"https:\/\/secure.gravatar.com\/avatar\/769db425c6f465158149f1ffd6cf61ce7a8a879d11dfbef8288af36dfddd418c?s=96&d=mm&r=g","contentUrl":"https:\/\/secure.gravatar.com\/avatar\/769db425c6f465158149f1ffd6cf61ce7a8a879d11dfbef8288af36dfddd418c?s=96&d=mm&r=g","caption":"La r\u00e9daction"},"sameAs":["http:\/\/www.lkeria.com\/"],"url":"https:\/\/www.info-algerie.com\/actualites\/author\/chakib32\/"}]}},"_links":{"self":[{"href":"https:\/\/www.info-algerie.com\/actualites\/wp-json\/wp\/v2\/posts\/12287","targetHints":{"allow":["GET"]}}],"collection":[{"href":"https:\/\/www.info-algerie.com\/actualites\/wp-json\/wp\/v2\/posts"}],"about":[{"href":"https:\/\/www.info-algerie.com\/actualites\/wp-json\/wp\/v2\/types\/post"}],"author":[{"embeddable":true,"href":"https:\/\/www.info-algerie.com\/actualites\/wp-json\/wp\/v2\/users\/6"}],"replies":[{"embeddable":true,"href":"https:\/\/www.info-algerie.com\/actualites\/wp-json\/wp\/v2\/comments?post=12287"}],"version-history":[{"count":0,"href":"https:\/\/www.info-algerie.com\/actualites\/wp-json\/wp\/v2\/posts\/12287\/revisions"}],"wp:attachment":[{"href":"https:\/\/www.info-algerie.com\/actualites\/wp-json\/wp\/v2\/media?parent=12287"}],"wp:term":[{"taxonomy":"category","embeddable":true,"href":"https:\/\/www.info-algerie.com\/actualites\/wp-json\/wp\/v2\/categories?post=12287"},{"taxonomy":"post_tag","embeddable":true,"href":"https:\/\/www.info-algerie.com\/actualites\/wp-json\/wp\/v2\/tags?post=12287"}],"curies":[{"name":"wp","href":"https:\/\/api.w.org\/{rel}","templated":true}]}}