{"id":12289,"date":"2017-05-21T15:17:21","date_gmt":"2017-05-21T14:17:21","guid":{"rendered":"http:\/\/www.info-algerie.com\/actualites\/une-amelioration-globale-a-ete-enregistree-en-matiere-de-deontologique-de-la-presse\/"},"modified":"2017-05-21T15:17:21","modified_gmt":"2017-05-21T14:17:21","slug":"une-amelioration-globale-a-ete-enregistree-en-matiere-de-deontologique-de-la-presse","status":"publish","type":"post","link":"https:\/\/www.info-algerie.com\/actualites\/une-amelioration-globale-a-ete-enregistree-en-matiere-de-deontologique-de-la-presse\/","title":{"rendered":"&quot;Une am\u00e9lioration globale&quot; a \u00e9t\u00e9 enregistr\u00e9e en mati\u00e8re de d\u00e9ontologique de la presse"},"content":{"rendered":"<div class=\"K2FeedImage\"><img decoding=\"async\" src=\"https:\/\/www.info-algerie.com\/actualites\/wp-content\/uploads\/2017\/05\/9b7004ababe1e5f60d40857b08b5ef90_S.jpg\" \/><\/div>\n<div class=\"K2FeedIntroText\">\n<p>ALGER &#8211; Une am\u00e9lioration en mati\u00e8re du respect de l&rsquo;\u00e9thique et de la d\u00e9ontologie a \u00e9t\u00e9 \u00ab\u00a0globalement\u00a0\u00bb enregistr\u00e9e depuis le lancement des cycles de formation en faveur des journalistes en 2014, a relev\u00e9 dimanche \u00e0 Alger le ministre de la Communication, Hamid Grine.<\/p>\n<p>&#013;\n<\/p><\/div>\n<div class=\"K2FeedFullText\">&#013;<\/p>\n<p>\u00ab\u00a0Gr\u00e2ce \u00e0 une certaine prise de conscience des journalistes, je peux dire globalement qu&rsquo;il y a un l\u00e9ger mieux en mati\u00e8re de respect des r\u00e8gles d\u00e9ontologiques de la presse\u00a0\u00bb, a indiqu\u00e9 M. Grine lors d&rsquo;une conf\u00e9rence sur \u00ab\u00a0le droit \u00e0 l&rsquo;image: probl\u00e8me d&rsquo;aujourd&rsquo;hui et d\u00e9fis de demain\u00a0\u00bb, qui cl\u00f4t pour cette saison (septembre-mai) le cycle de formations initi\u00e9 par le minist\u00e8re, depuis juin 2014, en faveur des journalistes.<\/p>\n<p>&#013;<\/p>\n<p>M. Grine a relev\u00e9 que son secteur avait organis\u00e9 une soixantaine de conf\u00e9rences acad\u00e9miques depuis juin 2014 et des conf\u00e9rences citoyennes depuis d\u00e9cembre 2015, affirmant que \u00ab\u00a0nous les avons organis\u00e9es sans pr\u00e9tention, mais dans le soucis d&rsquo;informer pour former\u00a0\u00bb.<\/p>\n<p>&#013;<\/p>\n<p>S&rsquo;agissant de la fusion des six journaux publics (El Moudjahid, Echaab, El Massa, Horizons, El-Djoumhouria et Ennasr), dans un m\u00eame groupe, M. Grine a rappel\u00e9 que ces quotidiens ne seront pas transform\u00e9s en hebdomadaire,\u00a0 assurant qu&rsquo;il n&rsquo;y aurait pas de licenciement de journalistes ou d&#8217;employ\u00e9s.<\/p>\n<p>&#013;<\/p>\n<p>\u00ab\u00a0Soyez rassur\u00e9s, cette r\u00e9organisation est destin\u00e9e pour dynamiser les trois secteurs (presse, impression, publicit\u00e9 et communication) et mutualiser pour cr\u00e9er une synergie de groupe\u00a0\u00bb, a-t-il dit \u00e0 l&rsquo;adresse d&rsquo;une journaliste.<\/p>\n<p>&#013;<\/p>\n<p>Interrog\u00e9 sur les \u00e9ventuelles sc\u00e8nes de violence que pourraient contenir certains programmes des t\u00e9l\u00e9visions lors du mois sacr\u00e9 du ramadhan, M. Grine a relev\u00e9 que son secteur travaillait en toute \u00ab\u00a0transparence\u00a0\u00bb, \u00e0 travers le contact direct avec les responsables des chaines priv\u00e9es notamment.<\/p>\n<p>&#013;<\/p>\n<p>\u00ab\u00a0Vous avez constat\u00e9 que durant les \u00e9lections, la couverture m\u00e9diatique s&rsquo;est pass\u00e9e dans le calme, sans d\u00e9passements. Notre projet durant les \u00e9lections, le mois sacr\u00e9 du ramadhan ou lors des autres \u00e9v\u00e9nements c&rsquo;est d&rsquo;avoir des t\u00e9l\u00e9visions professionnelles, sans violence, sans atteinte aux enfants, sans insultes ou diffamation\u00a0\u00bb, a-t-il dit.<\/p>\n<p>&#013;<\/p>\n<p>Pour sa part, Philippe Bertil Cottier, professeur de droit \u00e0 l&rsquo;universit\u00e9 de Lausanne a indiqu\u00e9, lors de sa conf\u00e9rence, que n&rsquo;importe o\u00f9 dans le monde, en mati\u00e8re de droit \u00e0 l&rsquo;image, il n&rsquo;y avait pas encore une \u00ab\u00a0v\u00e9ritable coh\u00e9rence et homog\u00e9n\u00e9it\u00e9\u00a0\u00bb de la protection d\u00e9ontologique et juridique du droit \u00e0 l&rsquo;image, soulignant que \u00ab\u00a0c&rsquo;est quelque chose qui est en chantier, bas\u00e9e sur des principes assez vagues, qu&rsquo;on essaie de d\u00e9velopper\u00a0\u00bb.<\/p>\n<p>&#013;<\/p>\n<p class=\"MsoNormal\">Il a assur\u00e9 que la d\u00e9ontologie en Alg\u00e9rie stipulait qu&rsquo;il fallait prot\u00e9ger la vie priv\u00e9e, mais sans pour autant en pr\u00e9ciser les modalit\u00e9s pratiques, soulignant que la vie priv\u00e9e est un concept \u00e0 \u00ab\u00a0g\u00e9om\u00e9trie variable\u00a0\u00bb.<\/p>\n<\/div>\n<p>&#013;<br \/>\nSource: <a href=\"http:\/\/www.aps.dz\/algerie\/57934-une-amelioration-globale-a-ete-enregistree-en-matiere-de-deontologique-de-la-presse\" target=\"_blank\">\u00ab\u00a0Une am\u00e9lioration globale\u00a0\u00bb a \u00e9t\u00e9 enregistr\u00e9e en mati\u00e8re de d\u00e9ontologique de la presse<\/a><\/p>\n<!--CusAds0-->\n<div style=\"font-size: 0px; height: 0px; line-height: 0px; margin: 0; padding: 0; clear: both;\"><\/div>","protected":false},"excerpt":{"rendered":"<p>ALGER &#8211; Une am\u00e9lioration en mati\u00e8re du respect de l&rsquo;\u00e9thique et de la d\u00e9ontologie a \u00e9t\u00e9 \u00ab\u00a0globalement\u00a0\u00bb enregistr\u00e9e depuis le lancement des cycles de formation en faveur des journalistes en 2014, a relev\u00e9 dimanche \u00e0 Alger le ministre de la Communication, Hamid Grine. &#013; &#013; \u00ab\u00a0Gr\u00e2ce \u00e0 une certaine prise de conscience des journalistes, je<\/p>\n","protected":false},"author":6,"featured_media":12290,"comment_status":"open","ping_status":"open","sticky":false,"template":"","format":"standard","meta":{"footnotes":""},"categories":[22],"tags":[93],"class_list":["post-12289","post","type-post","status-publish","format-standard","has-post-thumbnail","hentry","category-infos","tag-onu"],"yoast_head":"<!-- This site is optimized with the Yoast SEO plugin v27.5 - https:\/\/yoast.com\/product\/yoast-seo-wordpress\/ -->\n<title>&quot;Une am\u00e9lioration globale&quot; a \u00e9t\u00e9 enregistr\u00e9e en mati\u00e8re de d\u00e9ontologique de la presse - info algerie<\/title>\n<meta name=\"robots\" content=\"index, follow, max-snippet:-1, max-image-preview:large, max-video-preview:-1\" \/>\n<link rel=\"canonical\" href=\"https:\/\/www.info-algerie.com\/actualites\/une-amelioration-globale-a-ete-enregistree-en-matiere-de-deontologique-de-la-presse\/\" \/>\n<meta property=\"og:locale\" content=\"fr_FR\" \/>\n<meta property=\"og:type\" content=\"article\" \/>\n<meta property=\"og:title\" content=\"&quot;Une am\u00e9lioration globale&quot; a \u00e9t\u00e9 enregistr\u00e9e en mati\u00e8re de d\u00e9ontologique de la presse - info algerie\" \/>\n<meta property=\"og:description\" content=\"ALGER &#8211; Une am\u00e9lioration en mati\u00e8re du respect de l&rsquo;\u00e9thique et de la d\u00e9ontologie a \u00e9t\u00e9 \u00ab\u00a0globalement\u00a0\u00bb enregistr\u00e9e depuis le lancement des cycles de formation en faveur des journalistes en 2014, a relev\u00e9 dimanche \u00e0 Alger le ministre de la Communication, Hamid Grine. &#013; &#013; \u00ab\u00a0Gr\u00e2ce \u00e0 une certaine prise de conscience des journalistes, je\" \/>\n<meta property=\"og:url\" content=\"https:\/\/www.info-algerie.com\/actualites\/une-amelioration-globale-a-ete-enregistree-en-matiere-de-deontologique-de-la-presse\/\" \/>\n<meta property=\"og:site_name\" content=\"info algerie\" \/>\n<meta property=\"article:publisher\" content=\"https:\/\/www.facebook.com\/infoalgerieactu\" \/>\n<meta property=\"article:published_time\" content=\"2017-05-21T14:17:21+00:00\" \/>\n<meta property=\"og:image\" content=\"https:\/\/www.info-algerie.com\/actualites\/wp-content\/uploads\/2017\/05\/9b7004ababe1e5f60d40857b08b5ef90_S-1.jpg\" \/>\n\t<meta property=\"og:image:width\" content=\"280\" \/>\n\t<meta property=\"og:image:height\" content=\"169\" \/>\n\t<meta property=\"og:image:type\" content=\"image\/jpeg\" \/>\n<meta name=\"author\" content=\"La r\u00e9daction\" \/>\n<meta name=\"twitter:label1\" content=\"\u00c9crit par\" \/>\n\t<meta name=\"twitter:data1\" content=\"La r\u00e9daction\" \/>\n\t<meta name=\"twitter:label2\" content=\"Dur\u00e9e de lecture estim\u00e9e\" \/>\n\t<meta name=\"twitter:data2\" content=\"2 minutes\" \/>\n<script type=\"application\/ld+json\" class=\"yoast-schema-graph\">{\"@context\":\"https:\\\/\\\/schema.org\",\"@graph\":[{\"@type\":\"Article\",\"@id\":\"https:\\\/\\\/www.info-algerie.com\\\/actualites\\\/une-amelioration-globale-a-ete-enregistree-en-matiere-de-deontologique-de-la-presse\\\/#article\",\"isPartOf\":{\"@id\":\"https:\\\/\\\/www.info-algerie.com\\\/actualites\\\/une-amelioration-globale-a-ete-enregistree-en-matiere-de-deontologique-de-la-presse\\\/\"},\"author\":{\"name\":\"La r\u00e9daction\",\"@id\":\"https:\\\/\\\/www.info-algerie.com\\\/actualites\\\/#\\\/schema\\\/person\\\/847aaec44920825b843a08f30ec6aa1e\"},\"headline\":\"&quot;Une am\u00e9lioration globale&quot; a \u00e9t\u00e9 enregistr\u00e9e en mati\u00e8re de d\u00e9ontologique de la presse\",\"datePublished\":\"2017-05-21T14:17:21+00:00\",\"mainEntityOfPage\":{\"@id\":\"https:\\\/\\\/www.info-algerie.com\\\/actualites\\\/une-amelioration-globale-a-ete-enregistree-en-matiere-de-deontologique-de-la-presse\\\/\"},\"wordCount\":525,\"commentCount\":0,\"publisher\":{\"@id\":\"https:\\\/\\\/www.info-algerie.com\\\/actualites\\\/#organization\"},\"image\":{\"@id\":\"https:\\\/\\\/www.info-algerie.com\\\/actualites\\\/une-amelioration-globale-a-ete-enregistree-en-matiere-de-deontologique-de-la-presse\\\/#primaryimage\"},\"thumbnailUrl\":\"https:\\\/\\\/www.info-algerie.com\\\/actualites\\\/wp-content\\\/uploads\\\/2017\\\/05\\\/9b7004ababe1e5f60d40857b08b5ef90_S-1.jpg\",\"keywords\":[\"ONU\"],\"articleSection\":[\"infos\"],\"inLanguage\":\"fr-FR\",\"potentialAction\":[{\"@type\":\"CommentAction\",\"name\":\"Comment\",\"target\":[\"https:\\\/\\\/www.info-algerie.com\\\/actualites\\\/une-amelioration-globale-a-ete-enregistree-en-matiere-de-deontologique-de-la-presse\\\/#respond\"]}]},{\"@type\":\"WebPage\",\"@id\":\"https:\\\/\\\/www.info-algerie.com\\\/actualites\\\/une-amelioration-globale-a-ete-enregistree-en-matiere-de-deontologique-de-la-presse\\\/\",\"url\":\"https:\\\/\\\/www.info-algerie.com\\\/actualites\\\/une-amelioration-globale-a-ete-enregistree-en-matiere-de-deontologique-de-la-presse\\\/\",\"name\":\"&quot;Une am\u00e9lioration globale&quot; a \u00e9t\u00e9 enregistr\u00e9e en mati\u00e8re de d\u00e9ontologique de la presse - info algerie\",\"isPartOf\":{\"@id\":\"https:\\\/\\\/www.info-algerie.com\\\/actualites\\\/#website\"},\"primaryImageOfPage\":{\"@id\":\"https:\\\/\\\/www.info-algerie.com\\\/actualites\\\/une-amelioration-globale-a-ete-enregistree-en-matiere-de-deontologique-de-la-presse\\\/#primaryimage\"},\"image\":{\"@id\":\"https:\\\/\\\/www.info-algerie.com\\\/actualites\\\/une-amelioration-globale-a-ete-enregistree-en-matiere-de-deontologique-de-la-presse\\\/#primaryimage\"},\"thumbnailUrl\":\"https:\\\/\\\/www.info-algerie.com\\\/actualites\\\/wp-content\\\/uploads\\\/2017\\\/05\\\/9b7004ababe1e5f60d40857b08b5ef90_S-1.jpg\",\"datePublished\":\"2017-05-21T14:17:21+00:00\",\"breadcrumb\":{\"@id\":\"https:\\\/\\\/www.info-algerie.com\\\/actualites\\\/une-amelioration-globale-a-ete-enregistree-en-matiere-de-deontologique-de-la-presse\\\/#breadcrumb\"},\"inLanguage\":\"fr-FR\",\"potentialAction\":[{\"@type\":\"ReadAction\",\"target\":[\"https:\\\/\\\/www.info-algerie.com\\\/actualites\\\/une-amelioration-globale-a-ete-enregistree-en-matiere-de-deontologique-de-la-presse\\\/\"]}]},{\"@type\":\"ImageObject\",\"inLanguage\":\"fr-FR\",\"@id\":\"https:\\\/\\\/www.info-algerie.com\\\/actualites\\\/une-amelioration-globale-a-ete-enregistree-en-matiere-de-deontologique-de-la-presse\\\/#primaryimage\",\"url\":\"https:\\\/\\\/www.info-algerie.com\\\/actualites\\\/wp-content\\\/uploads\\\/2017\\\/05\\\/9b7004ababe1e5f60d40857b08b5ef90_S-1.jpg\",\"contentUrl\":\"https:\\\/\\\/www.info-algerie.com\\\/actualites\\\/wp-content\\\/uploads\\\/2017\\\/05\\\/9b7004ababe1e5f60d40857b08b5ef90_S-1.jpg\",\"width\":280,\"height\":169},{\"@type\":\"BreadcrumbList\",\"@id\":\"https:\\\/\\\/www.info-algerie.com\\\/actualites\\\/une-amelioration-globale-a-ete-enregistree-en-matiere-de-deontologique-de-la-presse\\\/#breadcrumb\",\"itemListElement\":[{\"@type\":\"ListItem\",\"position\":1,\"name\":\"Accueil\",\"item\":\"https:\\\/\\\/www.info-algerie.com\\\/actualites\\\/\"},{\"@type\":\"ListItem\",\"position\":2,\"name\":\"&quot;Une am\u00e9lioration globale&quot; a \u00e9t\u00e9 enregistr\u00e9e en mati\u00e8re de d\u00e9ontologique de la presse\"}]},{\"@type\":\"WebSite\",\"@id\":\"https:\\\/\\\/www.info-algerie.com\\\/actualites\\\/#website\",\"url\":\"https:\\\/\\\/www.info-algerie.com\\\/actualites\\\/\",\"name\":\"info algerie\",\"description\":\"Toutes les actualit\u00e9s\",\"publisher\":{\"@id\":\"https:\\\/\\\/www.info-algerie.com\\\/actualites\\\/#organization\"},\"potentialAction\":[{\"@type\":\"SearchAction\",\"target\":{\"@type\":\"EntryPoint\",\"urlTemplate\":\"https:\\\/\\\/www.info-algerie.com\\\/actualites\\\/?s={search_term_string}\"},\"query-input\":{\"@type\":\"PropertyValueSpecification\",\"valueRequired\":true,\"valueName\":\"search_term_string\"}}],\"inLanguage\":\"fr-FR\"},{\"@type\":\"Organization\",\"@id\":\"https:\\\/\\\/www.info-algerie.com\\\/actualites\\\/#organization\",\"name\":\"info algerie\",\"url\":\"https:\\\/\\\/www.info-algerie.com\\\/actualites\\\/\",\"logo\":{\"@type\":\"ImageObject\",\"inLanguage\":\"fr-FR\",\"@id\":\"https:\\\/\\\/www.info-algerie.com\\\/actualites\\\/#\\\/schema\\\/logo\\\/image\\\/\",\"url\":\"https:\\\/\\\/www.info-algerie.com\\\/actualites\\\/wp-content\\\/uploads\\\/2022\\\/07\\\/logo-ia-120.png\",\"contentUrl\":\"https:\\\/\\\/www.info-algerie.com\\\/actualites\\\/wp-content\\\/uploads\\\/2022\\\/07\\\/logo-ia-120.png\",\"width\":120,\"height\":43,\"caption\":\"info algerie\"},\"image\":{\"@id\":\"https:\\\/\\\/www.info-algerie.com\\\/actualites\\\/#\\\/schema\\\/logo\\\/image\\\/\"},\"sameAs\":[\"https:\\\/\\\/www.facebook.com\\\/infoalgerieactu\",\"https:\\\/\\\/x.com\\\/infoalgerie1\"]},{\"@type\":\"Person\",\"@id\":\"https:\\\/\\\/www.info-algerie.com\\\/actualites\\\/#\\\/schema\\\/person\\\/847aaec44920825b843a08f30ec6aa1e\",\"name\":\"La r\u00e9daction\",\"image\":{\"@type\":\"ImageObject\",\"inLanguage\":\"fr-FR\",\"@id\":\"https:\\\/\\\/secure.gravatar.com\\\/avatar\\\/769db425c6f465158149f1ffd6cf61ce7a8a879d11dfbef8288af36dfddd418c?s=96&d=mm&r=g\",\"url\":\"https:\\\/\\\/secure.gravatar.com\\\/avatar\\\/769db425c6f465158149f1ffd6cf61ce7a8a879d11dfbef8288af36dfddd418c?s=96&d=mm&r=g\",\"contentUrl\":\"https:\\\/\\\/secure.gravatar.com\\\/avatar\\\/769db425c6f465158149f1ffd6cf61ce7a8a879d11dfbef8288af36dfddd418c?s=96&d=mm&r=g\",\"caption\":\"La r\u00e9daction\"},\"sameAs\":[\"http:\\\/\\\/www.lkeria.com\\\/\"],\"url\":\"https:\\\/\\\/www.info-algerie.com\\\/actualites\\\/author\\\/chakib32\\\/\"}]}<\/script>\n<!-- \/ Yoast SEO plugin. -->","yoast_head_json":{"title":"&quot;Une am\u00e9lioration globale&quot; a \u00e9t\u00e9 enregistr\u00e9e en mati\u00e8re de d\u00e9ontologique de la presse - info algerie","robots":{"index":"index","follow":"follow","max-snippet":"max-snippet:-1","max-image-preview":"max-image-preview:large","max-video-preview":"max-video-preview:-1"},"canonical":"https:\/\/www.info-algerie.com\/actualites\/une-amelioration-globale-a-ete-enregistree-en-matiere-de-deontologique-de-la-presse\/","og_locale":"fr_FR","og_type":"article","og_title":"&quot;Une am\u00e9lioration globale&quot; a \u00e9t\u00e9 enregistr\u00e9e en mati\u00e8re de d\u00e9ontologique de la presse - info algerie","og_description":"ALGER &#8211; Une am\u00e9lioration en mati\u00e8re du respect de l&rsquo;\u00e9thique et de la d\u00e9ontologie a \u00e9t\u00e9 \u00ab\u00a0globalement\u00a0\u00bb enregistr\u00e9e depuis le lancement des cycles de formation en faveur des journalistes en 2014, a relev\u00e9 dimanche \u00e0 Alger le ministre de la Communication, Hamid Grine. &#013; &#013; \u00ab\u00a0Gr\u00e2ce \u00e0 une certaine prise de conscience des journalistes, je","og_url":"https:\/\/www.info-algerie.com\/actualites\/une-amelioration-globale-a-ete-enregistree-en-matiere-de-deontologique-de-la-presse\/","og_site_name":"info algerie","article_publisher":"https:\/\/www.facebook.com\/infoalgerieactu","article_published_time":"2017-05-21T14:17:21+00:00","og_image":[{"width":280,"height":169,"url":"https:\/\/www.info-algerie.com\/actualites\/wp-content\/uploads\/2017\/05\/9b7004ababe1e5f60d40857b08b5ef90_S-1.jpg","type":"image\/jpeg"}],"author":"La r\u00e9daction","twitter_misc":{"\u00c9crit par":"La r\u00e9daction","Dur\u00e9e de lecture estim\u00e9e":"2 minutes"},"schema":{"@context":"https:\/\/schema.org","@graph":[{"@type":"Article","@id":"https:\/\/www.info-algerie.com\/actualites\/une-amelioration-globale-a-ete-enregistree-en-matiere-de-deontologique-de-la-presse\/#article","isPartOf":{"@id":"https:\/\/www.info-algerie.com\/actualites\/une-amelioration-globale-a-ete-enregistree-en-matiere-de-deontologique-de-la-presse\/"},"author":{"name":"La r\u00e9daction","@id":"https:\/\/www.info-algerie.com\/actualites\/#\/schema\/person\/847aaec44920825b843a08f30ec6aa1e"},"headline":"&quot;Une am\u00e9lioration globale&quot; a \u00e9t\u00e9 enregistr\u00e9e en mati\u00e8re de d\u00e9ontologique de la presse","datePublished":"2017-05-21T14:17:21+00:00","mainEntityOfPage":{"@id":"https:\/\/www.info-algerie.com\/actualites\/une-amelioration-globale-a-ete-enregistree-en-matiere-de-deontologique-de-la-presse\/"},"wordCount":525,"commentCount":0,"publisher":{"@id":"https:\/\/www.info-algerie.com\/actualites\/#organization"},"image":{"@id":"https:\/\/www.info-algerie.com\/actualites\/une-amelioration-globale-a-ete-enregistree-en-matiere-de-deontologique-de-la-presse\/#primaryimage"},"thumbnailUrl":"https:\/\/www.info-algerie.com\/actualites\/wp-content\/uploads\/2017\/05\/9b7004ababe1e5f60d40857b08b5ef90_S-1.jpg","keywords":["ONU"],"articleSection":["infos"],"inLanguage":"fr-FR","potentialAction":[{"@type":"CommentAction","name":"Comment","target":["https:\/\/www.info-algerie.com\/actualites\/une-amelioration-globale-a-ete-enregistree-en-matiere-de-deontologique-de-la-presse\/#respond"]}]},{"@type":"WebPage","@id":"https:\/\/www.info-algerie.com\/actualites\/une-amelioration-globale-a-ete-enregistree-en-matiere-de-deontologique-de-la-presse\/","url":"https:\/\/www.info-algerie.com\/actualites\/une-amelioration-globale-a-ete-enregistree-en-matiere-de-deontologique-de-la-presse\/","name":"&quot;Une am\u00e9lioration globale&quot; a \u00e9t\u00e9 enregistr\u00e9e en mati\u00e8re de d\u00e9ontologique de la presse - info algerie","isPartOf":{"@id":"https:\/\/www.info-algerie.com\/actualites\/#website"},"primaryImageOfPage":{"@id":"https:\/\/www.info-algerie.com\/actualites\/une-amelioration-globale-a-ete-enregistree-en-matiere-de-deontologique-de-la-presse\/#primaryimage"},"image":{"@id":"https:\/\/www.info-algerie.com\/actualites\/une-amelioration-globale-a-ete-enregistree-en-matiere-de-deontologique-de-la-presse\/#primaryimage"},"thumbnailUrl":"https:\/\/www.info-algerie.com\/actualites\/wp-content\/uploads\/2017\/05\/9b7004ababe1e5f60d40857b08b5ef90_S-1.jpg","datePublished":"2017-05-21T14:17:21+00:00","breadcrumb":{"@id":"https:\/\/www.info-algerie.com\/actualites\/une-amelioration-globale-a-ete-enregistree-en-matiere-de-deontologique-de-la-presse\/#breadcrumb"},"inLanguage":"fr-FR","potentialAction":[{"@type":"ReadAction","target":["https:\/\/www.info-algerie.com\/actualites\/une-amelioration-globale-a-ete-enregistree-en-matiere-de-deontologique-de-la-presse\/"]}]},{"@type":"ImageObject","inLanguage":"fr-FR","@id":"https:\/\/www.info-algerie.com\/actualites\/une-amelioration-globale-a-ete-enregistree-en-matiere-de-deontologique-de-la-presse\/#primaryimage","url":"https:\/\/www.info-algerie.com\/actualites\/wp-content\/uploads\/2017\/05\/9b7004ababe1e5f60d40857b08b5ef90_S-1.jpg","contentUrl":"https:\/\/www.info-algerie.com\/actualites\/wp-content\/uploads\/2017\/05\/9b7004ababe1e5f60d40857b08b5ef90_S-1.jpg","width":280,"height":169},{"@type":"BreadcrumbList","@id":"https:\/\/www.info-algerie.com\/actualites\/une-amelioration-globale-a-ete-enregistree-en-matiere-de-deontologique-de-la-presse\/#breadcrumb","itemListElement":[{"@type":"ListItem","position":1,"name":"Accueil","item":"https:\/\/www.info-algerie.com\/actualites\/"},{"@type":"ListItem","position":2,"name":"&quot;Une am\u00e9lioration globale&quot; a \u00e9t\u00e9 enregistr\u00e9e en mati\u00e8re de d\u00e9ontologique de la presse"}]},{"@type":"WebSite","@id":"https:\/\/www.info-algerie.com\/actualites\/#website","url":"https:\/\/www.info-algerie.com\/actualites\/","name":"info algerie","description":"Toutes les actualit\u00e9s","publisher":{"@id":"https:\/\/www.info-algerie.com\/actualites\/#organization"},"potentialAction":[{"@type":"SearchAction","target":{"@type":"EntryPoint","urlTemplate":"https:\/\/www.info-algerie.com\/actualites\/?s={search_term_string}"},"query-input":{"@type":"PropertyValueSpecification","valueRequired":true,"valueName":"search_term_string"}}],"inLanguage":"fr-FR"},{"@type":"Organization","@id":"https:\/\/www.info-algerie.com\/actualites\/#organization","name":"info algerie","url":"https:\/\/www.info-algerie.com\/actualites\/","logo":{"@type":"ImageObject","inLanguage":"fr-FR","@id":"https:\/\/www.info-algerie.com\/actualites\/#\/schema\/logo\/image\/","url":"https:\/\/www.info-algerie.com\/actualites\/wp-content\/uploads\/2022\/07\/logo-ia-120.png","contentUrl":"https:\/\/www.info-algerie.com\/actualites\/wp-content\/uploads\/2022\/07\/logo-ia-120.png","width":120,"height":43,"caption":"info algerie"},"image":{"@id":"https:\/\/www.info-algerie.com\/actualites\/#\/schema\/logo\/image\/"},"sameAs":["https:\/\/www.facebook.com\/infoalgerieactu","https:\/\/x.com\/infoalgerie1"]},{"@type":"Person","@id":"https:\/\/www.info-algerie.com\/actualites\/#\/schema\/person\/847aaec44920825b843a08f30ec6aa1e","name":"La r\u00e9daction","image":{"@type":"ImageObject","inLanguage":"fr-FR","@id":"https:\/\/secure.gravatar.com\/avatar\/769db425c6f465158149f1ffd6cf61ce7a8a879d11dfbef8288af36dfddd418c?s=96&d=mm&r=g","url":"https:\/\/secure.gravatar.com\/avatar\/769db425c6f465158149f1ffd6cf61ce7a8a879d11dfbef8288af36dfddd418c?s=96&d=mm&r=g","contentUrl":"https:\/\/secure.gravatar.com\/avatar\/769db425c6f465158149f1ffd6cf61ce7a8a879d11dfbef8288af36dfddd418c?s=96&d=mm&r=g","caption":"La r\u00e9daction"},"sameAs":["http:\/\/www.lkeria.com\/"],"url":"https:\/\/www.info-algerie.com\/actualites\/author\/chakib32\/"}]}},"_links":{"self":[{"href":"https:\/\/www.info-algerie.com\/actualites\/wp-json\/wp\/v2\/posts\/12289","targetHints":{"allow":["GET"]}}],"collection":[{"href":"https:\/\/www.info-algerie.com\/actualites\/wp-json\/wp\/v2\/posts"}],"about":[{"href":"https:\/\/www.info-algerie.com\/actualites\/wp-json\/wp\/v2\/types\/post"}],"author":[{"embeddable":true,"href":"https:\/\/www.info-algerie.com\/actualites\/wp-json\/wp\/v2\/users\/6"}],"replies":[{"embeddable":true,"href":"https:\/\/www.info-algerie.com\/actualites\/wp-json\/wp\/v2\/comments?post=12289"}],"version-history":[{"count":0,"href":"https:\/\/www.info-algerie.com\/actualites\/wp-json\/wp\/v2\/posts\/12289\/revisions"}],"wp:featuredmedia":[{"embeddable":true,"href":"https:\/\/www.info-algerie.com\/actualites\/wp-json\/wp\/v2\/media\/12290"}],"wp:attachment":[{"href":"https:\/\/www.info-algerie.com\/actualites\/wp-json\/wp\/v2\/media?parent=12289"}],"wp:term":[{"taxonomy":"category","embeddable":true,"href":"https:\/\/www.info-algerie.com\/actualites\/wp-json\/wp\/v2\/categories?post=12289"},{"taxonomy":"post_tag","embeddable":true,"href":"https:\/\/www.info-algerie.com\/actualites\/wp-json\/wp\/v2\/tags?post=12289"}],"curies":[{"name":"wp","href":"https:\/\/api.w.org\/{rel}","templated":true}]}}