{"id":12299,"date":"2017-05-21T15:45:19","date_gmt":"2017-05-21T14:45:19","guid":{"rendered":"http:\/\/www.info-algerie.com\/actualites\/sellal-recoit-le-president-du-conseil-des-senateurs-de-la-malaisie\/"},"modified":"2017-05-21T15:45:19","modified_gmt":"2017-05-21T14:45:19","slug":"sellal-recoit-le-president-du-conseil-des-senateurs-de-la-malaisie","status":"publish","type":"post","link":"https:\/\/www.info-algerie.com\/actualites\/sellal-recoit-le-president-du-conseil-des-senateurs-de-la-malaisie\/","title":{"rendered":"Sellal re\u00e7oit le Pr\u00e9sident du Conseil des s\u00e9nateurs de la Malaisie"},"content":{"rendered":"<div class=\"K2FeedImage\"><img decoding=\"async\" src=\"https:\/\/www.info-algerie.com\/actualites\/wp-content\/uploads\/2017\/05\/dc9464ce4786467c9bdcafa832772ffa_S.jpg\" alt=\"Sellal re&#xE7;oit le Pr&#xE9;sident du Conseil des s&#xE9;nateurs de la Malaisie\" \/><\/div>\n<div class=\"K2FeedIntroText\">\n<p>ALGER &#8211; Le Premier ministre, Abdelmalek Sellal, a re\u00e7u dimanche \u00e0 Alger, le Pr\u00e9sident du Conseil des s\u00e9nateurs de la Malaisie, Dato Sri Sa. Vigneswaran, en visite en Alg\u00e9rie, indique un communiqu\u00e9 des services du Premier ministre.<\/p>\n<p>&#013;\n<\/p><\/div>\n<div class=\"K2FeedFullText\">&#013;<\/p>\n<p>Lors de cette rencontre, les deux responsables ont examin\u00e9 l&rsquo;\u00e9tat d&rsquo;\u00e9volution des relations bilat\u00e9rales et de la coop\u00e9ration socio\u00e9conomique, pr\u00e9cise la m\u00eame source.<\/p>\n<p>&#013;<\/p>\n<p>Les deux parties ont insist\u00e9 sur \u00ab\u00a0la n\u00e9cessit\u00e9 de leur insuffler une dynamique nouvelle dans tous les domaines, objectif qui passe par la recherche de nouvelles voies de partenariat ainsi que par la mise en \u0153uvre de mesures incitatives \u00e0 l&rsquo;adresse des op\u00e9rateurs des deux pays\u00a0\u00bb, souligne le communiqu\u00e9.<\/p>\n<p>&#013;<\/p>\n<p class=\"MsoNormal\">Le Premier ministre a, \u00e0 cet \u00e9gard, \u00ab\u00a0r\u00e9it\u00e9r\u00e9 la disponibilit\u00e9 du gouvernement alg\u00e9rien \u00e0 \u0153uvrer dans ce sens en mettant \u00e0 contribution l&rsquo;ensemble des d\u00e9partements concern\u00e9s\u00a0\u00bb, conclut la m\u00eame source.<\/p>\n<\/div>\n<p>&#013;<br \/>\nSource: <a href=\"http:\/\/www.aps.dz\/algerie\/57937-sellal-recoit-le-president-du-conseil-des-senateurs-de-la-malaisie\" target=\"_blank\">Sellal re\u00e7oit le Pr\u00e9sident du Conseil des s\u00e9nateurs de la Malaisie<\/a><\/p>\n<!--CusAds0-->\n<div style=\"font-size: 0px; height: 0px; line-height: 0px; margin: 0; padding: 0; clear: both;\"><\/div>","protected":false},"excerpt":{"rendered":"<p>ALGER &#8211; Le Premier ministre, Abdelmalek Sellal, a re\u00e7u dimanche \u00e0 Alger, le Pr\u00e9sident du Conseil des s\u00e9nateurs de la Malaisie, Dato Sri Sa. Vigneswaran, en visite en Alg\u00e9rie, indique un communiqu\u00e9 des services du Premier ministre. &#013; &#013; Lors de cette rencontre, les deux responsables ont examin\u00e9 l&rsquo;\u00e9tat d&rsquo;\u00e9volution des relations bilat\u00e9rales et de<\/p>\n","protected":false},"author":6,"featured_media":12300,"comment_status":"open","ping_status":"open","sticky":false,"template":"","format":"standard","meta":{"footnotes":""},"categories":[22],"tags":[93],"class_list":["post-12299","post","type-post","status-publish","format-standard","has-post-thumbnail","hentry","category-infos","tag-onu"],"yoast_head":"<!-- This site is optimized with the Yoast SEO plugin v27.5 - https:\/\/yoast.com\/product\/yoast-seo-wordpress\/ -->\n<title>Sellal re\u00e7oit le Pr\u00e9sident du Conseil des s\u00e9nateurs de la Malaisie - info algerie<\/title>\n<meta name=\"robots\" content=\"index, follow, max-snippet:-1, max-image-preview:large, max-video-preview:-1\" \/>\n<link rel=\"canonical\" href=\"https:\/\/www.info-algerie.com\/actualites\/sellal-recoit-le-president-du-conseil-des-senateurs-de-la-malaisie\/\" \/>\n<meta property=\"og:locale\" content=\"fr_FR\" \/>\n<meta property=\"og:type\" content=\"article\" \/>\n<meta property=\"og:title\" content=\"Sellal re\u00e7oit le Pr\u00e9sident du Conseil des s\u00e9nateurs de la Malaisie - info algerie\" \/>\n<meta property=\"og:description\" content=\"ALGER &#8211; Le Premier ministre, Abdelmalek Sellal, a re\u00e7u dimanche \u00e0 Alger, le Pr\u00e9sident du Conseil des s\u00e9nateurs de la Malaisie, Dato Sri Sa. Vigneswaran, en visite en Alg\u00e9rie, indique un communiqu\u00e9 des services du Premier ministre. &#013; &#013; Lors de cette rencontre, les deux responsables ont examin\u00e9 l&rsquo;\u00e9tat d&rsquo;\u00e9volution des relations bilat\u00e9rales et de\" \/>\n<meta property=\"og:url\" content=\"https:\/\/www.info-algerie.com\/actualites\/sellal-recoit-le-president-du-conseil-des-senateurs-de-la-malaisie\/\" \/>\n<meta property=\"og:site_name\" content=\"info algerie\" \/>\n<meta property=\"article:publisher\" content=\"https:\/\/www.facebook.com\/infoalgerieactu\" \/>\n<meta property=\"article:published_time\" content=\"2017-05-21T14:45:19+00:00\" \/>\n<meta property=\"og:image\" content=\"https:\/\/www.info-algerie.com\/actualites\/wp-content\/uploads\/2017\/05\/dc9464ce4786467c9bdcafa832772ffa_S-1.jpg\" \/>\n\t<meta property=\"og:image:width\" content=\"280\" \/>\n\t<meta property=\"og:image:height\" content=\"169\" \/>\n\t<meta property=\"og:image:type\" content=\"image\/jpeg\" \/>\n<meta name=\"author\" content=\"La r\u00e9daction\" \/>\n<meta name=\"twitter:label1\" content=\"\u00c9crit par\" \/>\n\t<meta name=\"twitter:data1\" content=\"La r\u00e9daction\" \/>\n\t<meta name=\"twitter:label2\" content=\"Dur\u00e9e de lecture estim\u00e9e\" \/>\n\t<meta name=\"twitter:data2\" content=\"1 minute\" \/>\n<script type=\"application\/ld+json\" class=\"yoast-schema-graph\">{\"@context\":\"https:\\\/\\\/schema.org\",\"@graph\":[{\"@type\":\"Article\",\"@id\":\"https:\\\/\\\/www.info-algerie.com\\\/actualites\\\/sellal-recoit-le-president-du-conseil-des-senateurs-de-la-malaisie\\\/#article\",\"isPartOf\":{\"@id\":\"https:\\\/\\\/www.info-algerie.com\\\/actualites\\\/sellal-recoit-le-president-du-conseil-des-senateurs-de-la-malaisie\\\/\"},\"author\":{\"name\":\"La r\u00e9daction\",\"@id\":\"https:\\\/\\\/www.info-algerie.com\\\/actualites\\\/#\\\/schema\\\/person\\\/847aaec44920825b843a08f30ec6aa1e\"},\"headline\":\"Sellal re\u00e7oit le Pr\u00e9sident du Conseil des s\u00e9nateurs de la Malaisie\",\"datePublished\":\"2017-05-21T14:45:19+00:00\",\"mainEntityOfPage\":{\"@id\":\"https:\\\/\\\/www.info-algerie.com\\\/actualites\\\/sellal-recoit-le-president-du-conseil-des-senateurs-de-la-malaisie\\\/\"},\"wordCount\":184,\"commentCount\":0,\"publisher\":{\"@id\":\"https:\\\/\\\/www.info-algerie.com\\\/actualites\\\/#organization\"},\"image\":{\"@id\":\"https:\\\/\\\/www.info-algerie.com\\\/actualites\\\/sellal-recoit-le-president-du-conseil-des-senateurs-de-la-malaisie\\\/#primaryimage\"},\"thumbnailUrl\":\"https:\\\/\\\/www.info-algerie.com\\\/actualites\\\/wp-content\\\/uploads\\\/2017\\\/05\\\/dc9464ce4786467c9bdcafa832772ffa_S-1.jpg\",\"keywords\":[\"ONU\"],\"articleSection\":[\"infos\"],\"inLanguage\":\"fr-FR\",\"potentialAction\":[{\"@type\":\"CommentAction\",\"name\":\"Comment\",\"target\":[\"https:\\\/\\\/www.info-algerie.com\\\/actualites\\\/sellal-recoit-le-president-du-conseil-des-senateurs-de-la-malaisie\\\/#respond\"]}]},{\"@type\":\"WebPage\",\"@id\":\"https:\\\/\\\/www.info-algerie.com\\\/actualites\\\/sellal-recoit-le-president-du-conseil-des-senateurs-de-la-malaisie\\\/\",\"url\":\"https:\\\/\\\/www.info-algerie.com\\\/actualites\\\/sellal-recoit-le-president-du-conseil-des-senateurs-de-la-malaisie\\\/\",\"name\":\"Sellal re\u00e7oit le Pr\u00e9sident du Conseil des s\u00e9nateurs de la Malaisie - info algerie\",\"isPartOf\":{\"@id\":\"https:\\\/\\\/www.info-algerie.com\\\/actualites\\\/#website\"},\"primaryImageOfPage\":{\"@id\":\"https:\\\/\\\/www.info-algerie.com\\\/actualites\\\/sellal-recoit-le-president-du-conseil-des-senateurs-de-la-malaisie\\\/#primaryimage\"},\"image\":{\"@id\":\"https:\\\/\\\/www.info-algerie.com\\\/actualites\\\/sellal-recoit-le-president-du-conseil-des-senateurs-de-la-malaisie\\\/#primaryimage\"},\"thumbnailUrl\":\"https:\\\/\\\/www.info-algerie.com\\\/actualites\\\/wp-content\\\/uploads\\\/2017\\\/05\\\/dc9464ce4786467c9bdcafa832772ffa_S-1.jpg\",\"datePublished\":\"2017-05-21T14:45:19+00:00\",\"breadcrumb\":{\"@id\":\"https:\\\/\\\/www.info-algerie.com\\\/actualites\\\/sellal-recoit-le-president-du-conseil-des-senateurs-de-la-malaisie\\\/#breadcrumb\"},\"inLanguage\":\"fr-FR\",\"potentialAction\":[{\"@type\":\"ReadAction\",\"target\":[\"https:\\\/\\\/www.info-algerie.com\\\/actualites\\\/sellal-recoit-le-president-du-conseil-des-senateurs-de-la-malaisie\\\/\"]}]},{\"@type\":\"ImageObject\",\"inLanguage\":\"fr-FR\",\"@id\":\"https:\\\/\\\/www.info-algerie.com\\\/actualites\\\/sellal-recoit-le-president-du-conseil-des-senateurs-de-la-malaisie\\\/#primaryimage\",\"url\":\"https:\\\/\\\/www.info-algerie.com\\\/actualites\\\/wp-content\\\/uploads\\\/2017\\\/05\\\/dc9464ce4786467c9bdcafa832772ffa_S-1.jpg\",\"contentUrl\":\"https:\\\/\\\/www.info-algerie.com\\\/actualites\\\/wp-content\\\/uploads\\\/2017\\\/05\\\/dc9464ce4786467c9bdcafa832772ffa_S-1.jpg\",\"width\":280,\"height\":169},{\"@type\":\"BreadcrumbList\",\"@id\":\"https:\\\/\\\/www.info-algerie.com\\\/actualites\\\/sellal-recoit-le-president-du-conseil-des-senateurs-de-la-malaisie\\\/#breadcrumb\",\"itemListElement\":[{\"@type\":\"ListItem\",\"position\":1,\"name\":\"Accueil\",\"item\":\"https:\\\/\\\/www.info-algerie.com\\\/actualites\\\/\"},{\"@type\":\"ListItem\",\"position\":2,\"name\":\"Sellal re\u00e7oit le Pr\u00e9sident du Conseil des s\u00e9nateurs de la Malaisie\"}]},{\"@type\":\"WebSite\",\"@id\":\"https:\\\/\\\/www.info-algerie.com\\\/actualites\\\/#website\",\"url\":\"https:\\\/\\\/www.info-algerie.com\\\/actualites\\\/\",\"name\":\"info algerie\",\"description\":\"Toutes les actualit\u00e9s\",\"publisher\":{\"@id\":\"https:\\\/\\\/www.info-algerie.com\\\/actualites\\\/#organization\"},\"potentialAction\":[{\"@type\":\"SearchAction\",\"target\":{\"@type\":\"EntryPoint\",\"urlTemplate\":\"https:\\\/\\\/www.info-algerie.com\\\/actualites\\\/?s={search_term_string}\"},\"query-input\":{\"@type\":\"PropertyValueSpecification\",\"valueRequired\":true,\"valueName\":\"search_term_string\"}}],\"inLanguage\":\"fr-FR\"},{\"@type\":\"Organization\",\"@id\":\"https:\\\/\\\/www.info-algerie.com\\\/actualites\\\/#organization\",\"name\":\"info algerie\",\"url\":\"https:\\\/\\\/www.info-algerie.com\\\/actualites\\\/\",\"logo\":{\"@type\":\"ImageObject\",\"inLanguage\":\"fr-FR\",\"@id\":\"https:\\\/\\\/www.info-algerie.com\\\/actualites\\\/#\\\/schema\\\/logo\\\/image\\\/\",\"url\":\"https:\\\/\\\/www.info-algerie.com\\\/actualites\\\/wp-content\\\/uploads\\\/2022\\\/07\\\/logo-ia-120.png\",\"contentUrl\":\"https:\\\/\\\/www.info-algerie.com\\\/actualites\\\/wp-content\\\/uploads\\\/2022\\\/07\\\/logo-ia-120.png\",\"width\":120,\"height\":43,\"caption\":\"info algerie\"},\"image\":{\"@id\":\"https:\\\/\\\/www.info-algerie.com\\\/actualites\\\/#\\\/schema\\\/logo\\\/image\\\/\"},\"sameAs\":[\"https:\\\/\\\/www.facebook.com\\\/infoalgerieactu\",\"https:\\\/\\\/x.com\\\/infoalgerie1\"]},{\"@type\":\"Person\",\"@id\":\"https:\\\/\\\/www.info-algerie.com\\\/actualites\\\/#\\\/schema\\\/person\\\/847aaec44920825b843a08f30ec6aa1e\",\"name\":\"La r\u00e9daction\",\"image\":{\"@type\":\"ImageObject\",\"inLanguage\":\"fr-FR\",\"@id\":\"https:\\\/\\\/secure.gravatar.com\\\/avatar\\\/769db425c6f465158149f1ffd6cf61ce7a8a879d11dfbef8288af36dfddd418c?s=96&d=mm&r=g\",\"url\":\"https:\\\/\\\/secure.gravatar.com\\\/avatar\\\/769db425c6f465158149f1ffd6cf61ce7a8a879d11dfbef8288af36dfddd418c?s=96&d=mm&r=g\",\"contentUrl\":\"https:\\\/\\\/secure.gravatar.com\\\/avatar\\\/769db425c6f465158149f1ffd6cf61ce7a8a879d11dfbef8288af36dfddd418c?s=96&d=mm&r=g\",\"caption\":\"La r\u00e9daction\"},\"sameAs\":[\"http:\\\/\\\/www.lkeria.com\\\/\"],\"url\":\"https:\\\/\\\/www.info-algerie.com\\\/actualites\\\/author\\\/chakib32\\\/\"}]}<\/script>\n<!-- \/ Yoast SEO plugin. -->","yoast_head_json":{"title":"Sellal re\u00e7oit le Pr\u00e9sident du Conseil des s\u00e9nateurs de la Malaisie - info algerie","robots":{"index":"index","follow":"follow","max-snippet":"max-snippet:-1","max-image-preview":"max-image-preview:large","max-video-preview":"max-video-preview:-1"},"canonical":"https:\/\/www.info-algerie.com\/actualites\/sellal-recoit-le-president-du-conseil-des-senateurs-de-la-malaisie\/","og_locale":"fr_FR","og_type":"article","og_title":"Sellal re\u00e7oit le Pr\u00e9sident du Conseil des s\u00e9nateurs de la Malaisie - info algerie","og_description":"ALGER &#8211; Le Premier ministre, Abdelmalek Sellal, a re\u00e7u dimanche \u00e0 Alger, le Pr\u00e9sident du Conseil des s\u00e9nateurs de la Malaisie, Dato Sri Sa. Vigneswaran, en visite en Alg\u00e9rie, indique un communiqu\u00e9 des services du Premier ministre. &#013; &#013; Lors de cette rencontre, les deux responsables ont examin\u00e9 l&rsquo;\u00e9tat d&rsquo;\u00e9volution des relations bilat\u00e9rales et de","og_url":"https:\/\/www.info-algerie.com\/actualites\/sellal-recoit-le-president-du-conseil-des-senateurs-de-la-malaisie\/","og_site_name":"info algerie","article_publisher":"https:\/\/www.facebook.com\/infoalgerieactu","article_published_time":"2017-05-21T14:45:19+00:00","og_image":[{"width":280,"height":169,"url":"https:\/\/www.info-algerie.com\/actualites\/wp-content\/uploads\/2017\/05\/dc9464ce4786467c9bdcafa832772ffa_S-1.jpg","type":"image\/jpeg"}],"author":"La r\u00e9daction","twitter_misc":{"\u00c9crit par":"La r\u00e9daction","Dur\u00e9e de lecture estim\u00e9e":"1 minute"},"schema":{"@context":"https:\/\/schema.org","@graph":[{"@type":"Article","@id":"https:\/\/www.info-algerie.com\/actualites\/sellal-recoit-le-president-du-conseil-des-senateurs-de-la-malaisie\/#article","isPartOf":{"@id":"https:\/\/www.info-algerie.com\/actualites\/sellal-recoit-le-president-du-conseil-des-senateurs-de-la-malaisie\/"},"author":{"name":"La r\u00e9daction","@id":"https:\/\/www.info-algerie.com\/actualites\/#\/schema\/person\/847aaec44920825b843a08f30ec6aa1e"},"headline":"Sellal re\u00e7oit le Pr\u00e9sident du Conseil des s\u00e9nateurs de la Malaisie","datePublished":"2017-05-21T14:45:19+00:00","mainEntityOfPage":{"@id":"https:\/\/www.info-algerie.com\/actualites\/sellal-recoit-le-president-du-conseil-des-senateurs-de-la-malaisie\/"},"wordCount":184,"commentCount":0,"publisher":{"@id":"https:\/\/www.info-algerie.com\/actualites\/#organization"},"image":{"@id":"https:\/\/www.info-algerie.com\/actualites\/sellal-recoit-le-president-du-conseil-des-senateurs-de-la-malaisie\/#primaryimage"},"thumbnailUrl":"https:\/\/www.info-algerie.com\/actualites\/wp-content\/uploads\/2017\/05\/dc9464ce4786467c9bdcafa832772ffa_S-1.jpg","keywords":["ONU"],"articleSection":["infos"],"inLanguage":"fr-FR","potentialAction":[{"@type":"CommentAction","name":"Comment","target":["https:\/\/www.info-algerie.com\/actualites\/sellal-recoit-le-president-du-conseil-des-senateurs-de-la-malaisie\/#respond"]}]},{"@type":"WebPage","@id":"https:\/\/www.info-algerie.com\/actualites\/sellal-recoit-le-president-du-conseil-des-senateurs-de-la-malaisie\/","url":"https:\/\/www.info-algerie.com\/actualites\/sellal-recoit-le-president-du-conseil-des-senateurs-de-la-malaisie\/","name":"Sellal re\u00e7oit le Pr\u00e9sident du Conseil des s\u00e9nateurs de la Malaisie - info algerie","isPartOf":{"@id":"https:\/\/www.info-algerie.com\/actualites\/#website"},"primaryImageOfPage":{"@id":"https:\/\/www.info-algerie.com\/actualites\/sellal-recoit-le-president-du-conseil-des-senateurs-de-la-malaisie\/#primaryimage"},"image":{"@id":"https:\/\/www.info-algerie.com\/actualites\/sellal-recoit-le-president-du-conseil-des-senateurs-de-la-malaisie\/#primaryimage"},"thumbnailUrl":"https:\/\/www.info-algerie.com\/actualites\/wp-content\/uploads\/2017\/05\/dc9464ce4786467c9bdcafa832772ffa_S-1.jpg","datePublished":"2017-05-21T14:45:19+00:00","breadcrumb":{"@id":"https:\/\/www.info-algerie.com\/actualites\/sellal-recoit-le-president-du-conseil-des-senateurs-de-la-malaisie\/#breadcrumb"},"inLanguage":"fr-FR","potentialAction":[{"@type":"ReadAction","target":["https:\/\/www.info-algerie.com\/actualites\/sellal-recoit-le-president-du-conseil-des-senateurs-de-la-malaisie\/"]}]},{"@type":"ImageObject","inLanguage":"fr-FR","@id":"https:\/\/www.info-algerie.com\/actualites\/sellal-recoit-le-president-du-conseil-des-senateurs-de-la-malaisie\/#primaryimage","url":"https:\/\/www.info-algerie.com\/actualites\/wp-content\/uploads\/2017\/05\/dc9464ce4786467c9bdcafa832772ffa_S-1.jpg","contentUrl":"https:\/\/www.info-algerie.com\/actualites\/wp-content\/uploads\/2017\/05\/dc9464ce4786467c9bdcafa832772ffa_S-1.jpg","width":280,"height":169},{"@type":"BreadcrumbList","@id":"https:\/\/www.info-algerie.com\/actualites\/sellal-recoit-le-president-du-conseil-des-senateurs-de-la-malaisie\/#breadcrumb","itemListElement":[{"@type":"ListItem","position":1,"name":"Accueil","item":"https:\/\/www.info-algerie.com\/actualites\/"},{"@type":"ListItem","position":2,"name":"Sellal re\u00e7oit le Pr\u00e9sident du Conseil des s\u00e9nateurs de la Malaisie"}]},{"@type":"WebSite","@id":"https:\/\/www.info-algerie.com\/actualites\/#website","url":"https:\/\/www.info-algerie.com\/actualites\/","name":"info algerie","description":"Toutes les actualit\u00e9s","publisher":{"@id":"https:\/\/www.info-algerie.com\/actualites\/#organization"},"potentialAction":[{"@type":"SearchAction","target":{"@type":"EntryPoint","urlTemplate":"https:\/\/www.info-algerie.com\/actualites\/?s={search_term_string}"},"query-input":{"@type":"PropertyValueSpecification","valueRequired":true,"valueName":"search_term_string"}}],"inLanguage":"fr-FR"},{"@type":"Organization","@id":"https:\/\/www.info-algerie.com\/actualites\/#organization","name":"info algerie","url":"https:\/\/www.info-algerie.com\/actualites\/","logo":{"@type":"ImageObject","inLanguage":"fr-FR","@id":"https:\/\/www.info-algerie.com\/actualites\/#\/schema\/logo\/image\/","url":"https:\/\/www.info-algerie.com\/actualites\/wp-content\/uploads\/2022\/07\/logo-ia-120.png","contentUrl":"https:\/\/www.info-algerie.com\/actualites\/wp-content\/uploads\/2022\/07\/logo-ia-120.png","width":120,"height":43,"caption":"info algerie"},"image":{"@id":"https:\/\/www.info-algerie.com\/actualites\/#\/schema\/logo\/image\/"},"sameAs":["https:\/\/www.facebook.com\/infoalgerieactu","https:\/\/x.com\/infoalgerie1"]},{"@type":"Person","@id":"https:\/\/www.info-algerie.com\/actualites\/#\/schema\/person\/847aaec44920825b843a08f30ec6aa1e","name":"La r\u00e9daction","image":{"@type":"ImageObject","inLanguage":"fr-FR","@id":"https:\/\/secure.gravatar.com\/avatar\/769db425c6f465158149f1ffd6cf61ce7a8a879d11dfbef8288af36dfddd418c?s=96&d=mm&r=g","url":"https:\/\/secure.gravatar.com\/avatar\/769db425c6f465158149f1ffd6cf61ce7a8a879d11dfbef8288af36dfddd418c?s=96&d=mm&r=g","contentUrl":"https:\/\/secure.gravatar.com\/avatar\/769db425c6f465158149f1ffd6cf61ce7a8a879d11dfbef8288af36dfddd418c?s=96&d=mm&r=g","caption":"La r\u00e9daction"},"sameAs":["http:\/\/www.lkeria.com\/"],"url":"https:\/\/www.info-algerie.com\/actualites\/author\/chakib32\/"}]}},"_links":{"self":[{"href":"https:\/\/www.info-algerie.com\/actualites\/wp-json\/wp\/v2\/posts\/12299","targetHints":{"allow":["GET"]}}],"collection":[{"href":"https:\/\/www.info-algerie.com\/actualites\/wp-json\/wp\/v2\/posts"}],"about":[{"href":"https:\/\/www.info-algerie.com\/actualites\/wp-json\/wp\/v2\/types\/post"}],"author":[{"embeddable":true,"href":"https:\/\/www.info-algerie.com\/actualites\/wp-json\/wp\/v2\/users\/6"}],"replies":[{"embeddable":true,"href":"https:\/\/www.info-algerie.com\/actualites\/wp-json\/wp\/v2\/comments?post=12299"}],"version-history":[{"count":0,"href":"https:\/\/www.info-algerie.com\/actualites\/wp-json\/wp\/v2\/posts\/12299\/revisions"}],"wp:featuredmedia":[{"embeddable":true,"href":"https:\/\/www.info-algerie.com\/actualites\/wp-json\/wp\/v2\/media\/12300"}],"wp:attachment":[{"href":"https:\/\/www.info-algerie.com\/actualites\/wp-json\/wp\/v2\/media?parent=12299"}],"wp:term":[{"taxonomy":"category","embeddable":true,"href":"https:\/\/www.info-algerie.com\/actualites\/wp-json\/wp\/v2\/categories?post=12299"},{"taxonomy":"post_tag","embeddable":true,"href":"https:\/\/www.info-algerie.com\/actualites\/wp-json\/wp\/v2\/tags?post=12299"}],"curies":[{"name":"wp","href":"https:\/\/api.w.org\/{rel}","templated":true}]}}