{"id":12303,"date":"2017-05-21T17:04:20","date_gmt":"2017-05-21T16:04:20","guid":{"rendered":"http:\/\/www.info-algerie.com\/actualites\/la-preparation-de-la-haute-commission-mixte-algero-bresilienne-au-centre-des-entretiens-rabehi-marroni-de-abreu\/"},"modified":"2017-05-21T17:04:20","modified_gmt":"2017-05-21T16:04:20","slug":"la-preparation-de-la-haute-commission-mixte-algero-bresilienne-au-centre-des-entretiens-rabehi-marroni-de-abreu","status":"publish","type":"post","link":"https:\/\/www.info-algerie.com\/actualites\/la-preparation-de-la-haute-commission-mixte-algero-bresilienne-au-centre-des-entretiens-rabehi-marroni-de-abreu\/","title":{"rendered":"La pr\u00e9paration de la Haute Commission mixte alg\u00e9ro-br\u00e9silienne au centre des entretiens Rabehi-Marroni De Abreu"},"content":{"rendered":"<div class=\"K2FeedImage\"><img decoding=\"async\" src=\"https:\/\/www.info-algerie.com\/actualites\/wp-content\/uploads\/2017\/05\/acde70e41810a89f1376632aef7436b0_S.jpg\" alt=\"La pr&#xE9;paration de la Haute Commission mixte alg&#xE9;ro-br&#xE9;silienne au centre des entretiens Rabehi-Marroni De Abreu\" \/><\/div>\n<div class=\"K2FeedIntroText\">\n<p>ALGER &#8211; La pr\u00e9paration de la 5\u00e8me session de la Haute Commission mixte alg\u00e9ro-br\u00e9silienne et les voies de d\u00e9veloppement des relations bilat\u00e9rales ont \u00e9t\u00e9, dimanche, au centre des entretiens entre le Secr\u00e9taire g\u00e9n\u00e9ral du minist\u00e8re des Affaires Etrang\u00e8res, Hassen Rabehi et le Directeur g\u00e9n\u00e9ral adjoint au minist\u00e8re des relations ext\u00e9rieures du Br\u00e9sil, Fernando Jose Marroni De Abreu.<\/p>\n<p>&#013;\n<\/p><\/div>\n<div class=\"K2FeedFullText\">&#013;<\/p>\n<p>M. Rabehi a salu\u00e9, dans une d\u00e9claration \u00e0 la presse \u00e0 l&rsquo;issue de cette rencontre, les relations d&rsquo;amiti\u00e9 et de coop\u00e9ration \u00ab\u00a0privil\u00e9gi\u00e9es\u00a0\u00bb entre l&rsquo;Alg\u00e9rie et le Br\u00e9sil, pr\u00e9cisant qu&rsquo;il \u00ab\u00a0est pr\u00e9vu la relance des concertations politiques\u00a0\u00bb entre les deux pays.<\/p>\n<p>&#013;<\/p>\n<p>Les deux parties ont \u00e9voqu\u00e9 la tenue de la 5\u00e8me session de la Haute Commission mixte alg\u00e9ro-br\u00e9silienne, pr\u00e9vue au Br\u00e9sil, a-t-il ajout\u00e9.<\/p>\n<p>&#013;<\/p>\n<p>Elles ont examin\u00e9 diff\u00e9rentes questions d&rsquo;int\u00e9r\u00eat commun et \u00e9chang\u00e9 les analyses et les vues \u00e0 ce sujet. \u00ab\u00a0Comme \u00e0 l&rsquo;accoutum\u00e9e, nous sommes parvenus \u00e0 une convergence totale des vues, vu la vision des deux pays en mati\u00e8re de relations ext\u00e9rieures, affirmant le principe de non-ing\u00e9rence dans les affaires des autres pays et le non recours \u00e0 l&rsquo;utilisation de la force dans les relations internationales, outre l&rsquo;adoption des solutions diplomatiques et politiques dans la gestion des crises et le respect des droits des peuples \u00e0 l&rsquo;autod\u00e9termination\u00a0\u00bb.<\/p>\n<p>&#013;<\/p>\n<p>Le SG du minist\u00e8re des AE a \u00e9voqu\u00e9 les perspectives \u00ab\u00a0prometteuses\u00a0\u00bb de cette coop\u00e9ration bilat\u00e9rale, r\u00e9affirmant \u00ab\u00a0la forte volont\u00e9 des autorit\u00e9s des deux pays\u00a0\u00bb \u00e0 les renforcer davantage.<\/p>\n<p>&#013;<\/p>\n<p>Le responsable br\u00e9silien a affirm\u00e9, pour sa part, que sa pr\u00e9sence en Alg\u00e9rie s&rsquo;inscrivait dans le cadre \u00ab\u00a0du renforcement des relations bilat\u00e9rales qui sont excellentes\u00a0\u00bb, rappelant que les deux parties \u00ab\u00a0avaient entam\u00e9 la tenue de r\u00e9unions inscrites dans le cadre du m\u00e9canisme de concertation politique et de dialogue strat\u00e9gique\u00a0\u00bb.<\/p>\n<p>&#013;<\/p>\n<p>Il a indiqu\u00e9 \u00eatre porteur d&rsquo;une invitation destin\u00e9e au ministre d&rsquo;Etat, ministre des Affaires \u00e9trang\u00e8res et de la coop\u00e9ration internationale, Ramtane Lamamra, de la part de son homologue br\u00e9silien, pour effectuer une visite au Br\u00e9sil.<\/p>\n<p>&#013;<\/p>\n<p class=\"MsoNormal\">M. Marroni De Abreu a pass\u00e9 en revue les opportunit\u00e9s de coop\u00e9ration offertes aux deux parties notamment dans les domaines de l&rsquo;industrie, de l&rsquo;investissement et des \u00e9changes commerciaux, contenus dans le riche agenda \u00e9labor\u00e9 en mati\u00e8re de relance de ce domaine, soulignant la visite pr\u00e9vue du ministre de l&rsquo;industrie et des mines, Abdesselam Bouchouareb au Br\u00e9sil.<\/p>\n<\/div>\n<p>&#013;<br \/>\nSource: <a href=\"http:\/\/www.aps.dz\/algerie\/57950-la-preparation-de-la-haute-commission-mixte-algero-bresilienne-au-centre-des-entretiens-rabehi-marroni-de-abreu\" target=\"_blank\">La pr\u00e9paration de la Haute Commission mixte alg\u00e9ro-br\u00e9silienne au centre des entretiens Rabehi-Marroni De Abreu<\/a><\/p>\n<!--CusAds0-->\n<div style=\"font-size: 0px; height: 0px; line-height: 0px; margin: 0; padding: 0; clear: both;\"><\/div>","protected":false},"excerpt":{"rendered":"<p>ALGER &#8211; La pr\u00e9paration de la 5\u00e8me session de la Haute Commission mixte alg\u00e9ro-br\u00e9silienne et les voies de d\u00e9veloppement des relations bilat\u00e9rales ont \u00e9t\u00e9, dimanche, au centre des entretiens entre le Secr\u00e9taire g\u00e9n\u00e9ral du minist\u00e8re des Affaires Etrang\u00e8res, Hassen Rabehi et le Directeur g\u00e9n\u00e9ral adjoint au minist\u00e8re des relations ext\u00e9rieures du Br\u00e9sil, Fernando Jose Marroni<\/p>\n","protected":false},"author":6,"featured_media":12304,"comment_status":"open","ping_status":"open","sticky":false,"template":"","format":"standard","meta":{"footnotes":""},"categories":[22],"tags":[93],"class_list":["post-12303","post","type-post","status-publish","format-standard","has-post-thumbnail","hentry","category-infos","tag-onu"],"yoast_head":"<!-- This site is optimized with the Yoast SEO plugin v27.5 - https:\/\/yoast.com\/product\/yoast-seo-wordpress\/ -->\n<title>La pr\u00e9paration de la Haute Commission mixte alg\u00e9ro-br\u00e9silienne au centre des entretiens Rabehi-Marroni De Abreu - info algerie<\/title>\n<meta name=\"robots\" content=\"index, follow, max-snippet:-1, max-image-preview:large, max-video-preview:-1\" \/>\n<link rel=\"canonical\" href=\"https:\/\/www.info-algerie.com\/actualites\/la-preparation-de-la-haute-commission-mixte-algero-bresilienne-au-centre-des-entretiens-rabehi-marroni-de-abreu\/\" \/>\n<meta property=\"og:locale\" content=\"fr_FR\" \/>\n<meta property=\"og:type\" content=\"article\" \/>\n<meta property=\"og:title\" content=\"La pr\u00e9paration de la Haute Commission mixte alg\u00e9ro-br\u00e9silienne au centre des entretiens Rabehi-Marroni De Abreu - info algerie\" \/>\n<meta property=\"og:description\" content=\"ALGER &#8211; La pr\u00e9paration de la 5\u00e8me session de la Haute Commission mixte alg\u00e9ro-br\u00e9silienne et les voies de d\u00e9veloppement des relations bilat\u00e9rales ont \u00e9t\u00e9, dimanche, au centre des entretiens entre le Secr\u00e9taire g\u00e9n\u00e9ral du minist\u00e8re des Affaires Etrang\u00e8res, Hassen Rabehi et le Directeur g\u00e9n\u00e9ral adjoint au minist\u00e8re des relations ext\u00e9rieures du Br\u00e9sil, Fernando Jose Marroni\" \/>\n<meta property=\"og:url\" content=\"https:\/\/www.info-algerie.com\/actualites\/la-preparation-de-la-haute-commission-mixte-algero-bresilienne-au-centre-des-entretiens-rabehi-marroni-de-abreu\/\" \/>\n<meta property=\"og:site_name\" content=\"info algerie\" \/>\n<meta property=\"article:publisher\" content=\"https:\/\/www.facebook.com\/infoalgerieactu\" \/>\n<meta property=\"article:published_time\" content=\"2017-05-21T16:04:20+00:00\" \/>\n<meta property=\"og:image\" content=\"https:\/\/www.info-algerie.com\/actualites\/wp-content\/uploads\/2017\/05\/acde70e41810a89f1376632aef7436b0_S-1.jpg\" \/>\n\t<meta property=\"og:image:width\" content=\"280\" \/>\n\t<meta property=\"og:image:height\" content=\"169\" \/>\n\t<meta property=\"og:image:type\" content=\"image\/jpeg\" \/>\n<meta name=\"author\" content=\"La r\u00e9daction\" \/>\n<meta name=\"twitter:label1\" content=\"\u00c9crit par\" \/>\n\t<meta name=\"twitter:data1\" content=\"La r\u00e9daction\" \/>\n\t<meta name=\"twitter:label2\" content=\"Dur\u00e9e de lecture estim\u00e9e\" \/>\n\t<meta name=\"twitter:data2\" content=\"2 minutes\" \/>\n<script type=\"application\/ld+json\" class=\"yoast-schema-graph\">{\"@context\":\"https:\\\/\\\/schema.org\",\"@graph\":[{\"@type\":\"Article\",\"@id\":\"https:\\\/\\\/www.info-algerie.com\\\/actualites\\\/la-preparation-de-la-haute-commission-mixte-algero-bresilienne-au-centre-des-entretiens-rabehi-marroni-de-abreu\\\/#article\",\"isPartOf\":{\"@id\":\"https:\\\/\\\/www.info-algerie.com\\\/actualites\\\/la-preparation-de-la-haute-commission-mixte-algero-bresilienne-au-centre-des-entretiens-rabehi-marroni-de-abreu\\\/\"},\"author\":{\"name\":\"La r\u00e9daction\",\"@id\":\"https:\\\/\\\/www.info-algerie.com\\\/actualites\\\/#\\\/schema\\\/person\\\/847aaec44920825b843a08f30ec6aa1e\"},\"headline\":\"La pr\u00e9paration de la Haute Commission mixte alg\u00e9ro-br\u00e9silienne au centre des entretiens Rabehi-Marroni De Abreu\",\"datePublished\":\"2017-05-21T16:04:20+00:00\",\"mainEntityOfPage\":{\"@id\":\"https:\\\/\\\/www.info-algerie.com\\\/actualites\\\/la-preparation-de-la-haute-commission-mixte-algero-bresilienne-au-centre-des-entretiens-rabehi-marroni-de-abreu\\\/\"},\"wordCount\":473,\"commentCount\":0,\"publisher\":{\"@id\":\"https:\\\/\\\/www.info-algerie.com\\\/actualites\\\/#organization\"},\"image\":{\"@id\":\"https:\\\/\\\/www.info-algerie.com\\\/actualites\\\/la-preparation-de-la-haute-commission-mixte-algero-bresilienne-au-centre-des-entretiens-rabehi-marroni-de-abreu\\\/#primaryimage\"},\"thumbnailUrl\":\"https:\\\/\\\/www.info-algerie.com\\\/actualites\\\/wp-content\\\/uploads\\\/2017\\\/05\\\/acde70e41810a89f1376632aef7436b0_S-1.jpg\",\"keywords\":[\"ONU\"],\"articleSection\":[\"infos\"],\"inLanguage\":\"fr-FR\",\"potentialAction\":[{\"@type\":\"CommentAction\",\"name\":\"Comment\",\"target\":[\"https:\\\/\\\/www.info-algerie.com\\\/actualites\\\/la-preparation-de-la-haute-commission-mixte-algero-bresilienne-au-centre-des-entretiens-rabehi-marroni-de-abreu\\\/#respond\"]}]},{\"@type\":\"WebPage\",\"@id\":\"https:\\\/\\\/www.info-algerie.com\\\/actualites\\\/la-preparation-de-la-haute-commission-mixte-algero-bresilienne-au-centre-des-entretiens-rabehi-marroni-de-abreu\\\/\",\"url\":\"https:\\\/\\\/www.info-algerie.com\\\/actualites\\\/la-preparation-de-la-haute-commission-mixte-algero-bresilienne-au-centre-des-entretiens-rabehi-marroni-de-abreu\\\/\",\"name\":\"La pr\u00e9paration de la Haute Commission mixte alg\u00e9ro-br\u00e9silienne au centre des entretiens Rabehi-Marroni De Abreu - info algerie\",\"isPartOf\":{\"@id\":\"https:\\\/\\\/www.info-algerie.com\\\/actualites\\\/#website\"},\"primaryImageOfPage\":{\"@id\":\"https:\\\/\\\/www.info-algerie.com\\\/actualites\\\/la-preparation-de-la-haute-commission-mixte-algero-bresilienne-au-centre-des-entretiens-rabehi-marroni-de-abreu\\\/#primaryimage\"},\"image\":{\"@id\":\"https:\\\/\\\/www.info-algerie.com\\\/actualites\\\/la-preparation-de-la-haute-commission-mixte-algero-bresilienne-au-centre-des-entretiens-rabehi-marroni-de-abreu\\\/#primaryimage\"},\"thumbnailUrl\":\"https:\\\/\\\/www.info-algerie.com\\\/actualites\\\/wp-content\\\/uploads\\\/2017\\\/05\\\/acde70e41810a89f1376632aef7436b0_S-1.jpg\",\"datePublished\":\"2017-05-21T16:04:20+00:00\",\"breadcrumb\":{\"@id\":\"https:\\\/\\\/www.info-algerie.com\\\/actualites\\\/la-preparation-de-la-haute-commission-mixte-algero-bresilienne-au-centre-des-entretiens-rabehi-marroni-de-abreu\\\/#breadcrumb\"},\"inLanguage\":\"fr-FR\",\"potentialAction\":[{\"@type\":\"ReadAction\",\"target\":[\"https:\\\/\\\/www.info-algerie.com\\\/actualites\\\/la-preparation-de-la-haute-commission-mixte-algero-bresilienne-au-centre-des-entretiens-rabehi-marroni-de-abreu\\\/\"]}]},{\"@type\":\"ImageObject\",\"inLanguage\":\"fr-FR\",\"@id\":\"https:\\\/\\\/www.info-algerie.com\\\/actualites\\\/la-preparation-de-la-haute-commission-mixte-algero-bresilienne-au-centre-des-entretiens-rabehi-marroni-de-abreu\\\/#primaryimage\",\"url\":\"https:\\\/\\\/www.info-algerie.com\\\/actualites\\\/wp-content\\\/uploads\\\/2017\\\/05\\\/acde70e41810a89f1376632aef7436b0_S-1.jpg\",\"contentUrl\":\"https:\\\/\\\/www.info-algerie.com\\\/actualites\\\/wp-content\\\/uploads\\\/2017\\\/05\\\/acde70e41810a89f1376632aef7436b0_S-1.jpg\",\"width\":280,\"height\":169},{\"@type\":\"BreadcrumbList\",\"@id\":\"https:\\\/\\\/www.info-algerie.com\\\/actualites\\\/la-preparation-de-la-haute-commission-mixte-algero-bresilienne-au-centre-des-entretiens-rabehi-marroni-de-abreu\\\/#breadcrumb\",\"itemListElement\":[{\"@type\":\"ListItem\",\"position\":1,\"name\":\"Accueil\",\"item\":\"https:\\\/\\\/www.info-algerie.com\\\/actualites\\\/\"},{\"@type\":\"ListItem\",\"position\":2,\"name\":\"La pr\u00e9paration de la Haute Commission mixte alg\u00e9ro-br\u00e9silienne au centre des entretiens Rabehi-Marroni De Abreu\"}]},{\"@type\":\"WebSite\",\"@id\":\"https:\\\/\\\/www.info-algerie.com\\\/actualites\\\/#website\",\"url\":\"https:\\\/\\\/www.info-algerie.com\\\/actualites\\\/\",\"name\":\"info algerie\",\"description\":\"Toutes les actualit\u00e9s\",\"publisher\":{\"@id\":\"https:\\\/\\\/www.info-algerie.com\\\/actualites\\\/#organization\"},\"potentialAction\":[{\"@type\":\"SearchAction\",\"target\":{\"@type\":\"EntryPoint\",\"urlTemplate\":\"https:\\\/\\\/www.info-algerie.com\\\/actualites\\\/?s={search_term_string}\"},\"query-input\":{\"@type\":\"PropertyValueSpecification\",\"valueRequired\":true,\"valueName\":\"search_term_string\"}}],\"inLanguage\":\"fr-FR\"},{\"@type\":\"Organization\",\"@id\":\"https:\\\/\\\/www.info-algerie.com\\\/actualites\\\/#organization\",\"name\":\"info algerie\",\"url\":\"https:\\\/\\\/www.info-algerie.com\\\/actualites\\\/\",\"logo\":{\"@type\":\"ImageObject\",\"inLanguage\":\"fr-FR\",\"@id\":\"https:\\\/\\\/www.info-algerie.com\\\/actualites\\\/#\\\/schema\\\/logo\\\/image\\\/\",\"url\":\"https:\\\/\\\/www.info-algerie.com\\\/actualites\\\/wp-content\\\/uploads\\\/2022\\\/07\\\/logo-ia-120.png\",\"contentUrl\":\"https:\\\/\\\/www.info-algerie.com\\\/actualites\\\/wp-content\\\/uploads\\\/2022\\\/07\\\/logo-ia-120.png\",\"width\":120,\"height\":43,\"caption\":\"info algerie\"},\"image\":{\"@id\":\"https:\\\/\\\/www.info-algerie.com\\\/actualites\\\/#\\\/schema\\\/logo\\\/image\\\/\"},\"sameAs\":[\"https:\\\/\\\/www.facebook.com\\\/infoalgerieactu\",\"https:\\\/\\\/x.com\\\/infoalgerie1\"]},{\"@type\":\"Person\",\"@id\":\"https:\\\/\\\/www.info-algerie.com\\\/actualites\\\/#\\\/schema\\\/person\\\/847aaec44920825b843a08f30ec6aa1e\",\"name\":\"La r\u00e9daction\",\"image\":{\"@type\":\"ImageObject\",\"inLanguage\":\"fr-FR\",\"@id\":\"https:\\\/\\\/secure.gravatar.com\\\/avatar\\\/769db425c6f465158149f1ffd6cf61ce7a8a879d11dfbef8288af36dfddd418c?s=96&d=mm&r=g\",\"url\":\"https:\\\/\\\/secure.gravatar.com\\\/avatar\\\/769db425c6f465158149f1ffd6cf61ce7a8a879d11dfbef8288af36dfddd418c?s=96&d=mm&r=g\",\"contentUrl\":\"https:\\\/\\\/secure.gravatar.com\\\/avatar\\\/769db425c6f465158149f1ffd6cf61ce7a8a879d11dfbef8288af36dfddd418c?s=96&d=mm&r=g\",\"caption\":\"La r\u00e9daction\"},\"sameAs\":[\"http:\\\/\\\/www.lkeria.com\\\/\"],\"url\":\"https:\\\/\\\/www.info-algerie.com\\\/actualites\\\/author\\\/chakib32\\\/\"}]}<\/script>\n<!-- \/ Yoast SEO plugin. -->","yoast_head_json":{"title":"La pr\u00e9paration de la Haute Commission mixte alg\u00e9ro-br\u00e9silienne au centre des entretiens Rabehi-Marroni De Abreu - info algerie","robots":{"index":"index","follow":"follow","max-snippet":"max-snippet:-1","max-image-preview":"max-image-preview:large","max-video-preview":"max-video-preview:-1"},"canonical":"https:\/\/www.info-algerie.com\/actualites\/la-preparation-de-la-haute-commission-mixte-algero-bresilienne-au-centre-des-entretiens-rabehi-marroni-de-abreu\/","og_locale":"fr_FR","og_type":"article","og_title":"La pr\u00e9paration de la Haute Commission mixte alg\u00e9ro-br\u00e9silienne au centre des entretiens Rabehi-Marroni De Abreu - info algerie","og_description":"ALGER &#8211; La pr\u00e9paration de la 5\u00e8me session de la Haute Commission mixte alg\u00e9ro-br\u00e9silienne et les voies de d\u00e9veloppement des relations bilat\u00e9rales ont \u00e9t\u00e9, dimanche, au centre des entretiens entre le Secr\u00e9taire g\u00e9n\u00e9ral du minist\u00e8re des Affaires Etrang\u00e8res, Hassen Rabehi et le Directeur g\u00e9n\u00e9ral adjoint au minist\u00e8re des relations ext\u00e9rieures du Br\u00e9sil, Fernando Jose Marroni","og_url":"https:\/\/www.info-algerie.com\/actualites\/la-preparation-de-la-haute-commission-mixte-algero-bresilienne-au-centre-des-entretiens-rabehi-marroni-de-abreu\/","og_site_name":"info algerie","article_publisher":"https:\/\/www.facebook.com\/infoalgerieactu","article_published_time":"2017-05-21T16:04:20+00:00","og_image":[{"width":280,"height":169,"url":"https:\/\/www.info-algerie.com\/actualites\/wp-content\/uploads\/2017\/05\/acde70e41810a89f1376632aef7436b0_S-1.jpg","type":"image\/jpeg"}],"author":"La r\u00e9daction","twitter_misc":{"\u00c9crit par":"La r\u00e9daction","Dur\u00e9e de lecture estim\u00e9e":"2 minutes"},"schema":{"@context":"https:\/\/schema.org","@graph":[{"@type":"Article","@id":"https:\/\/www.info-algerie.com\/actualites\/la-preparation-de-la-haute-commission-mixte-algero-bresilienne-au-centre-des-entretiens-rabehi-marroni-de-abreu\/#article","isPartOf":{"@id":"https:\/\/www.info-algerie.com\/actualites\/la-preparation-de-la-haute-commission-mixte-algero-bresilienne-au-centre-des-entretiens-rabehi-marroni-de-abreu\/"},"author":{"name":"La r\u00e9daction","@id":"https:\/\/www.info-algerie.com\/actualites\/#\/schema\/person\/847aaec44920825b843a08f30ec6aa1e"},"headline":"La pr\u00e9paration de la Haute Commission mixte alg\u00e9ro-br\u00e9silienne au centre des entretiens Rabehi-Marroni De Abreu","datePublished":"2017-05-21T16:04:20+00:00","mainEntityOfPage":{"@id":"https:\/\/www.info-algerie.com\/actualites\/la-preparation-de-la-haute-commission-mixte-algero-bresilienne-au-centre-des-entretiens-rabehi-marroni-de-abreu\/"},"wordCount":473,"commentCount":0,"publisher":{"@id":"https:\/\/www.info-algerie.com\/actualites\/#organization"},"image":{"@id":"https:\/\/www.info-algerie.com\/actualites\/la-preparation-de-la-haute-commission-mixte-algero-bresilienne-au-centre-des-entretiens-rabehi-marroni-de-abreu\/#primaryimage"},"thumbnailUrl":"https:\/\/www.info-algerie.com\/actualites\/wp-content\/uploads\/2017\/05\/acde70e41810a89f1376632aef7436b0_S-1.jpg","keywords":["ONU"],"articleSection":["infos"],"inLanguage":"fr-FR","potentialAction":[{"@type":"CommentAction","name":"Comment","target":["https:\/\/www.info-algerie.com\/actualites\/la-preparation-de-la-haute-commission-mixte-algero-bresilienne-au-centre-des-entretiens-rabehi-marroni-de-abreu\/#respond"]}]},{"@type":"WebPage","@id":"https:\/\/www.info-algerie.com\/actualites\/la-preparation-de-la-haute-commission-mixte-algero-bresilienne-au-centre-des-entretiens-rabehi-marroni-de-abreu\/","url":"https:\/\/www.info-algerie.com\/actualites\/la-preparation-de-la-haute-commission-mixte-algero-bresilienne-au-centre-des-entretiens-rabehi-marroni-de-abreu\/","name":"La pr\u00e9paration de la Haute Commission mixte alg\u00e9ro-br\u00e9silienne au centre des entretiens Rabehi-Marroni De Abreu - info algerie","isPartOf":{"@id":"https:\/\/www.info-algerie.com\/actualites\/#website"},"primaryImageOfPage":{"@id":"https:\/\/www.info-algerie.com\/actualites\/la-preparation-de-la-haute-commission-mixte-algero-bresilienne-au-centre-des-entretiens-rabehi-marroni-de-abreu\/#primaryimage"},"image":{"@id":"https:\/\/www.info-algerie.com\/actualites\/la-preparation-de-la-haute-commission-mixte-algero-bresilienne-au-centre-des-entretiens-rabehi-marroni-de-abreu\/#primaryimage"},"thumbnailUrl":"https:\/\/www.info-algerie.com\/actualites\/wp-content\/uploads\/2017\/05\/acde70e41810a89f1376632aef7436b0_S-1.jpg","datePublished":"2017-05-21T16:04:20+00:00","breadcrumb":{"@id":"https:\/\/www.info-algerie.com\/actualites\/la-preparation-de-la-haute-commission-mixte-algero-bresilienne-au-centre-des-entretiens-rabehi-marroni-de-abreu\/#breadcrumb"},"inLanguage":"fr-FR","potentialAction":[{"@type":"ReadAction","target":["https:\/\/www.info-algerie.com\/actualites\/la-preparation-de-la-haute-commission-mixte-algero-bresilienne-au-centre-des-entretiens-rabehi-marroni-de-abreu\/"]}]},{"@type":"ImageObject","inLanguage":"fr-FR","@id":"https:\/\/www.info-algerie.com\/actualites\/la-preparation-de-la-haute-commission-mixte-algero-bresilienne-au-centre-des-entretiens-rabehi-marroni-de-abreu\/#primaryimage","url":"https:\/\/www.info-algerie.com\/actualites\/wp-content\/uploads\/2017\/05\/acde70e41810a89f1376632aef7436b0_S-1.jpg","contentUrl":"https:\/\/www.info-algerie.com\/actualites\/wp-content\/uploads\/2017\/05\/acde70e41810a89f1376632aef7436b0_S-1.jpg","width":280,"height":169},{"@type":"BreadcrumbList","@id":"https:\/\/www.info-algerie.com\/actualites\/la-preparation-de-la-haute-commission-mixte-algero-bresilienne-au-centre-des-entretiens-rabehi-marroni-de-abreu\/#breadcrumb","itemListElement":[{"@type":"ListItem","position":1,"name":"Accueil","item":"https:\/\/www.info-algerie.com\/actualites\/"},{"@type":"ListItem","position":2,"name":"La pr\u00e9paration de la Haute Commission mixte alg\u00e9ro-br\u00e9silienne au centre des entretiens Rabehi-Marroni De Abreu"}]},{"@type":"WebSite","@id":"https:\/\/www.info-algerie.com\/actualites\/#website","url":"https:\/\/www.info-algerie.com\/actualites\/","name":"info algerie","description":"Toutes les actualit\u00e9s","publisher":{"@id":"https:\/\/www.info-algerie.com\/actualites\/#organization"},"potentialAction":[{"@type":"SearchAction","target":{"@type":"EntryPoint","urlTemplate":"https:\/\/www.info-algerie.com\/actualites\/?s={search_term_string}"},"query-input":{"@type":"PropertyValueSpecification","valueRequired":true,"valueName":"search_term_string"}}],"inLanguage":"fr-FR"},{"@type":"Organization","@id":"https:\/\/www.info-algerie.com\/actualites\/#organization","name":"info algerie","url":"https:\/\/www.info-algerie.com\/actualites\/","logo":{"@type":"ImageObject","inLanguage":"fr-FR","@id":"https:\/\/www.info-algerie.com\/actualites\/#\/schema\/logo\/image\/","url":"https:\/\/www.info-algerie.com\/actualites\/wp-content\/uploads\/2022\/07\/logo-ia-120.png","contentUrl":"https:\/\/www.info-algerie.com\/actualites\/wp-content\/uploads\/2022\/07\/logo-ia-120.png","width":120,"height":43,"caption":"info algerie"},"image":{"@id":"https:\/\/www.info-algerie.com\/actualites\/#\/schema\/logo\/image\/"},"sameAs":["https:\/\/www.facebook.com\/infoalgerieactu","https:\/\/x.com\/infoalgerie1"]},{"@type":"Person","@id":"https:\/\/www.info-algerie.com\/actualites\/#\/schema\/person\/847aaec44920825b843a08f30ec6aa1e","name":"La r\u00e9daction","image":{"@type":"ImageObject","inLanguage":"fr-FR","@id":"https:\/\/secure.gravatar.com\/avatar\/769db425c6f465158149f1ffd6cf61ce7a8a879d11dfbef8288af36dfddd418c?s=96&d=mm&r=g","url":"https:\/\/secure.gravatar.com\/avatar\/769db425c6f465158149f1ffd6cf61ce7a8a879d11dfbef8288af36dfddd418c?s=96&d=mm&r=g","contentUrl":"https:\/\/secure.gravatar.com\/avatar\/769db425c6f465158149f1ffd6cf61ce7a8a879d11dfbef8288af36dfddd418c?s=96&d=mm&r=g","caption":"La r\u00e9daction"},"sameAs":["http:\/\/www.lkeria.com\/"],"url":"https:\/\/www.info-algerie.com\/actualites\/author\/chakib32\/"}]}},"_links":{"self":[{"href":"https:\/\/www.info-algerie.com\/actualites\/wp-json\/wp\/v2\/posts\/12303","targetHints":{"allow":["GET"]}}],"collection":[{"href":"https:\/\/www.info-algerie.com\/actualites\/wp-json\/wp\/v2\/posts"}],"about":[{"href":"https:\/\/www.info-algerie.com\/actualites\/wp-json\/wp\/v2\/types\/post"}],"author":[{"embeddable":true,"href":"https:\/\/www.info-algerie.com\/actualites\/wp-json\/wp\/v2\/users\/6"}],"replies":[{"embeddable":true,"href":"https:\/\/www.info-algerie.com\/actualites\/wp-json\/wp\/v2\/comments?post=12303"}],"version-history":[{"count":0,"href":"https:\/\/www.info-algerie.com\/actualites\/wp-json\/wp\/v2\/posts\/12303\/revisions"}],"wp:featuredmedia":[{"embeddable":true,"href":"https:\/\/www.info-algerie.com\/actualites\/wp-json\/wp\/v2\/media\/12304"}],"wp:attachment":[{"href":"https:\/\/www.info-algerie.com\/actualites\/wp-json\/wp\/v2\/media?parent=12303"}],"wp:term":[{"taxonomy":"category","embeddable":true,"href":"https:\/\/www.info-algerie.com\/actualites\/wp-json\/wp\/v2\/categories?post=12303"},{"taxonomy":"post_tag","embeddable":true,"href":"https:\/\/www.info-algerie.com\/actualites\/wp-json\/wp\/v2\/tags?post=12303"}],"curies":[{"name":"wp","href":"https:\/\/api.w.org\/{rel}","templated":true}]}}