{"id":12318,"date":"2017-05-21T19:42:37","date_gmt":"2017-05-21T18:42:37","guid":{"rendered":"http:\/\/www.info-algerie.com\/actualites\/lalgerie-ratifie-2-memorandums-dentente-de-cooperation-avec-liran-et-les-pays-bas-et-un-avenant-a-un-accord-avec-la-france\/"},"modified":"2017-05-21T19:42:37","modified_gmt":"2017-05-21T18:42:37","slug":"lalgerie-ratifie-2-memorandums-dentente-de-cooperation-avec-liran-et-les-pays-bas-et-un-avenant-a-un-accord-avec-la-france","status":"publish","type":"post","link":"https:\/\/www.info-algerie.com\/actualites\/lalgerie-ratifie-2-memorandums-dentente-de-cooperation-avec-liran-et-les-pays-bas-et-un-avenant-a-un-accord-avec-la-france\/","title":{"rendered":"L&#039;Alg\u00e9rie ratifie 2 m\u00e9morandums d&#039;entente de coop\u00e9ration avec l&#039;Iran et les Pays-Bas et un avenant \u00e0 un accord avec la France"},"content":{"rendered":"<div class=\"K2FeedIntroText\">\n<p>ALGER &#8211; L&rsquo;Alg\u00e9rie a ratifi\u00e9 deux m\u00e9morandums d&rsquo;entente de coop\u00e9ration avec l&rsquo;Iran et les Pays-Bas ainsi qu&rsquo;un avenant d&rsquo;un accord avec la France, selon des d\u00e9crets pr\u00e9sidentiels sign\u00e9s par le chef de l&rsquo;Etat Abdelaziz Bouteflika, parus dans le dernier num\u00e9ro du Journal officiel.<\/p>\n<p>&#013;\n<\/p><\/div>\n<div class=\"K2FeedFullText\">&#013;<\/p>\n<p>\u00a0Le m\u00e9morandum d&rsquo;entente avec la R\u00e9publique islamique d&rsquo;Iran, sign\u00e9 \u00e0 Alger le 17 d\u00e9cembre 2015, porte sur l&rsquo;Enseignement sup\u00e9rieur et la Recherche scientifique. Il \u00e9nonce que les deux parties s&rsquo;engagent \u00e0 d\u00e9velopper leur coop\u00e9ration dans ce secteur en encourageant notamment la coop\u00e9ration directe entre les universit\u00e9s et les \u00e9tablissements d&rsquo;enseignement sup\u00e9rieur ainsi que les visites de responsables, acad\u00e9miciens et experts des deux pays pour l&rsquo;\u00e9change d&rsquo;exp\u00e9riences.<\/p>\n<p>&#013;<\/p>\n<p>Le deuxi\u00e8me m\u00e9morandum d&rsquo;entente, sign\u00e9 avec le Royaume des Pays-Bas \u00e0 Alger le 26 septembre 2016, concerne le domaine de la protection des v\u00e9g\u00e9taux et la quarantaine v\u00e9g\u00e9tale.\u00a0<\/p>\n<p>&#013;<\/p>\n<p>Selon les termes du m\u00e9morandum, les deux parties \u0153uvrent de mani\u00e8re \u00e0 promouvoir et \u00e0 encourager la coop\u00e9ration dans le domaine de la protection des v\u00e9g\u00e9taux et de la quarantaine v\u00e9g\u00e9tale \u00e0 travers l&rsquo;\u00e9change d&rsquo;informations, d&rsquo;exp\u00e9riences et de connaissances techniques et \u00e0 travers\u00a0 la coop\u00e9ration inter-laboratoires dans les domaines des diagnostics et de contr\u00f4le des produits phytosanitaires, du mat\u00e9riel v\u00e9g\u00e9tal et des produits v\u00e9g\u00e9taux.<\/p>\n<p>&#013;<\/p>\n<p class=\"MsoNormal\">Concernant l&rsquo;avenant \u00e0 un accord relatif \u00e0 la cr\u00e9ation de l\u2019Ecole sup\u00e9rieure des affaires (ESAA), sign\u00e9 avec la R\u00e9publique fran\u00e7aise \u00e0 Alger le 10 avril\u00a0 2016, il pr\u00e9cise que cette Ecole est plac\u00e9e sous la tutelle de la Chambre\u00a0 alg\u00e9rienne de commerce et d&rsquo;industrie. Elle a pour mission d&rsquo;assurer des formations dipl\u00f4mantes en gestion et management dans l&rsquo;ensemble des dipl\u00f4mes et cursus universitaires en gestion au profit des \u00e9tudiants et des \u00e9l\u00e8ves issus des \u00e9coles sup\u00e9rieures ainsi que les jeunes dipl\u00f4m\u00e9s de l&rsquo;Enseignement sup\u00e9rieur, comme elle assure des formations qualifiantes au profit des cadres en activit\u00e9.<\/p>\n<\/div>\n<p>&#013;<br \/>\nSource: <a href=\"http:\/\/www.aps.dz\/algerie\/57967-l-algerie-ratifie-2-memorandums-d-entente-de-cooperation-avec-l-iran-et-les-pays-bas-et-un-avenant-a-un-accord-avec-la-france\" target=\"_blank\">L&rsquo;Alg\u00e9rie ratifie 2 m\u00e9morandums d&rsquo;entente de coop\u00e9ration avec l&rsquo;Iran et les Pays-Bas et un avenant \u00e0 un accord avec la France<\/a><\/p>\n<!--CusAds0-->\n<div style=\"font-size: 0px; height: 0px; line-height: 0px; margin: 0; padding: 0; clear: both;\"><\/div>","protected":false},"excerpt":{"rendered":"<p>ALGER &#8211; L&rsquo;Alg\u00e9rie a ratifi\u00e9 deux m\u00e9morandums d&rsquo;entente de coop\u00e9ration avec l&rsquo;Iran et les Pays-Bas ainsi qu&rsquo;un avenant d&rsquo;un accord avec la France, selon des d\u00e9crets pr\u00e9sidentiels sign\u00e9s par le chef de l&rsquo;Etat Abdelaziz Bouteflika, parus dans le dernier num\u00e9ro du Journal officiel. &#013; &#013; \u00a0Le m\u00e9morandum d&rsquo;entente avec la R\u00e9publique islamique d&rsquo;Iran, sign\u00e9 \u00e0<\/p>\n","protected":false},"author":6,"featured_media":0,"comment_status":"open","ping_status":"open","sticky":false,"template":"","format":"standard","meta":{"footnotes":""},"categories":[22],"tags":[93],"class_list":["post-12318","post","type-post","status-publish","format-standard","hentry","category-infos","tag-onu"],"yoast_head":"<!-- This site is optimized with the Yoast SEO plugin v27.5 - https:\/\/yoast.com\/product\/yoast-seo-wordpress\/ -->\n<title>L&#039;Alg\u00e9rie ratifie 2 m\u00e9morandums d&#039;entente de coop\u00e9ration avec l&#039;Iran et les Pays-Bas et un avenant \u00e0 un accord avec la France - info algerie<\/title>\n<meta name=\"robots\" content=\"index, follow, max-snippet:-1, max-image-preview:large, max-video-preview:-1\" \/>\n<link rel=\"canonical\" href=\"https:\/\/www.info-algerie.com\/actualites\/lalgerie-ratifie-2-memorandums-dentente-de-cooperation-avec-liran-et-les-pays-bas-et-un-avenant-a-un-accord-avec-la-france\/\" \/>\n<meta property=\"og:locale\" content=\"fr_FR\" \/>\n<meta property=\"og:type\" content=\"article\" \/>\n<meta property=\"og:title\" content=\"L&#039;Alg\u00e9rie ratifie 2 m\u00e9morandums d&#039;entente de coop\u00e9ration avec l&#039;Iran et les Pays-Bas et un avenant \u00e0 un accord avec la France - info algerie\" \/>\n<meta property=\"og:description\" content=\"ALGER &#8211; L&rsquo;Alg\u00e9rie a ratifi\u00e9 deux m\u00e9morandums d&rsquo;entente de coop\u00e9ration avec l&rsquo;Iran et les Pays-Bas ainsi qu&rsquo;un avenant d&rsquo;un accord avec la France, selon des d\u00e9crets pr\u00e9sidentiels sign\u00e9s par le chef de l&rsquo;Etat Abdelaziz Bouteflika, parus dans le dernier num\u00e9ro du Journal officiel. &#013; &#013; \u00a0Le m\u00e9morandum d&rsquo;entente avec la R\u00e9publique islamique d&rsquo;Iran, sign\u00e9 \u00e0\" \/>\n<meta property=\"og:url\" content=\"https:\/\/www.info-algerie.com\/actualites\/lalgerie-ratifie-2-memorandums-dentente-de-cooperation-avec-liran-et-les-pays-bas-et-un-avenant-a-un-accord-avec-la-france\/\" \/>\n<meta property=\"og:site_name\" content=\"info algerie\" \/>\n<meta property=\"article:publisher\" content=\"https:\/\/www.facebook.com\/infoalgerieactu\" \/>\n<meta property=\"article:published_time\" content=\"2017-05-21T18:42:37+00:00\" \/>\n<meta name=\"author\" content=\"La r\u00e9daction\" \/>\n<meta name=\"twitter:label1\" content=\"\u00c9crit par\" \/>\n\t<meta name=\"twitter:data1\" content=\"La r\u00e9daction\" \/>\n\t<meta name=\"twitter:label2\" content=\"Dur\u00e9e de lecture estim\u00e9e\" \/>\n\t<meta name=\"twitter:data2\" content=\"2 minutes\" \/>\n<script type=\"application\/ld+json\" class=\"yoast-schema-graph\">{\"@context\":\"https:\\\/\\\/schema.org\",\"@graph\":[{\"@type\":\"Article\",\"@id\":\"https:\\\/\\\/www.info-algerie.com\\\/actualites\\\/lalgerie-ratifie-2-memorandums-dentente-de-cooperation-avec-liran-et-les-pays-bas-et-un-avenant-a-un-accord-avec-la-france\\\/#article\",\"isPartOf\":{\"@id\":\"https:\\\/\\\/www.info-algerie.com\\\/actualites\\\/lalgerie-ratifie-2-memorandums-dentente-de-cooperation-avec-liran-et-les-pays-bas-et-un-avenant-a-un-accord-avec-la-france\\\/\"},\"author\":{\"name\":\"La r\u00e9daction\",\"@id\":\"https:\\\/\\\/www.info-algerie.com\\\/actualites\\\/#\\\/schema\\\/person\\\/847aaec44920825b843a08f30ec6aa1e\"},\"headline\":\"L&#039;Alg\u00e9rie ratifie 2 m\u00e9morandums d&#039;entente de coop\u00e9ration avec l&#039;Iran et les Pays-Bas et un avenant \u00e0 un accord avec la France\",\"datePublished\":\"2017-05-21T18:42:37+00:00\",\"mainEntityOfPage\":{\"@id\":\"https:\\\/\\\/www.info-algerie.com\\\/actualites\\\/lalgerie-ratifie-2-memorandums-dentente-de-cooperation-avec-liran-et-les-pays-bas-et-un-avenant-a-un-accord-avec-la-france\\\/\"},\"wordCount\":408,\"commentCount\":0,\"publisher\":{\"@id\":\"https:\\\/\\\/www.info-algerie.com\\\/actualites\\\/#organization\"},\"keywords\":[\"ONU\"],\"articleSection\":[\"infos\"],\"inLanguage\":\"fr-FR\",\"potentialAction\":[{\"@type\":\"CommentAction\",\"name\":\"Comment\",\"target\":[\"https:\\\/\\\/www.info-algerie.com\\\/actualites\\\/lalgerie-ratifie-2-memorandums-dentente-de-cooperation-avec-liran-et-les-pays-bas-et-un-avenant-a-un-accord-avec-la-france\\\/#respond\"]}]},{\"@type\":\"WebPage\",\"@id\":\"https:\\\/\\\/www.info-algerie.com\\\/actualites\\\/lalgerie-ratifie-2-memorandums-dentente-de-cooperation-avec-liran-et-les-pays-bas-et-un-avenant-a-un-accord-avec-la-france\\\/\",\"url\":\"https:\\\/\\\/www.info-algerie.com\\\/actualites\\\/lalgerie-ratifie-2-memorandums-dentente-de-cooperation-avec-liran-et-les-pays-bas-et-un-avenant-a-un-accord-avec-la-france\\\/\",\"name\":\"L&#039;Alg\u00e9rie ratifie 2 m\u00e9morandums d&#039;entente de coop\u00e9ration avec l&#039;Iran et les Pays-Bas et un avenant \u00e0 un accord avec la France - info algerie\",\"isPartOf\":{\"@id\":\"https:\\\/\\\/www.info-algerie.com\\\/actualites\\\/#website\"},\"datePublished\":\"2017-05-21T18:42:37+00:00\",\"breadcrumb\":{\"@id\":\"https:\\\/\\\/www.info-algerie.com\\\/actualites\\\/lalgerie-ratifie-2-memorandums-dentente-de-cooperation-avec-liran-et-les-pays-bas-et-un-avenant-a-un-accord-avec-la-france\\\/#breadcrumb\"},\"inLanguage\":\"fr-FR\",\"potentialAction\":[{\"@type\":\"ReadAction\",\"target\":[\"https:\\\/\\\/www.info-algerie.com\\\/actualites\\\/lalgerie-ratifie-2-memorandums-dentente-de-cooperation-avec-liran-et-les-pays-bas-et-un-avenant-a-un-accord-avec-la-france\\\/\"]}]},{\"@type\":\"BreadcrumbList\",\"@id\":\"https:\\\/\\\/www.info-algerie.com\\\/actualites\\\/lalgerie-ratifie-2-memorandums-dentente-de-cooperation-avec-liran-et-les-pays-bas-et-un-avenant-a-un-accord-avec-la-france\\\/#breadcrumb\",\"itemListElement\":[{\"@type\":\"ListItem\",\"position\":1,\"name\":\"Accueil\",\"item\":\"https:\\\/\\\/www.info-algerie.com\\\/actualites\\\/\"},{\"@type\":\"ListItem\",\"position\":2,\"name\":\"L&#039;Alg\u00e9rie ratifie 2 m\u00e9morandums d&#039;entente de coop\u00e9ration avec l&#039;Iran et les Pays-Bas et un avenant \u00e0 un accord avec la France\"}]},{\"@type\":\"WebSite\",\"@id\":\"https:\\\/\\\/www.info-algerie.com\\\/actualites\\\/#website\",\"url\":\"https:\\\/\\\/www.info-algerie.com\\\/actualites\\\/\",\"name\":\"info algerie\",\"description\":\"Toutes les actualit\u00e9s\",\"publisher\":{\"@id\":\"https:\\\/\\\/www.info-algerie.com\\\/actualites\\\/#organization\"},\"potentialAction\":[{\"@type\":\"SearchAction\",\"target\":{\"@type\":\"EntryPoint\",\"urlTemplate\":\"https:\\\/\\\/www.info-algerie.com\\\/actualites\\\/?s={search_term_string}\"},\"query-input\":{\"@type\":\"PropertyValueSpecification\",\"valueRequired\":true,\"valueName\":\"search_term_string\"}}],\"inLanguage\":\"fr-FR\"},{\"@type\":\"Organization\",\"@id\":\"https:\\\/\\\/www.info-algerie.com\\\/actualites\\\/#organization\",\"name\":\"info algerie\",\"url\":\"https:\\\/\\\/www.info-algerie.com\\\/actualites\\\/\",\"logo\":{\"@type\":\"ImageObject\",\"inLanguage\":\"fr-FR\",\"@id\":\"https:\\\/\\\/www.info-algerie.com\\\/actualites\\\/#\\\/schema\\\/logo\\\/image\\\/\",\"url\":\"https:\\\/\\\/www.info-algerie.com\\\/actualites\\\/wp-content\\\/uploads\\\/2022\\\/07\\\/logo-ia-120.png\",\"contentUrl\":\"https:\\\/\\\/www.info-algerie.com\\\/actualites\\\/wp-content\\\/uploads\\\/2022\\\/07\\\/logo-ia-120.png\",\"width\":120,\"height\":43,\"caption\":\"info algerie\"},\"image\":{\"@id\":\"https:\\\/\\\/www.info-algerie.com\\\/actualites\\\/#\\\/schema\\\/logo\\\/image\\\/\"},\"sameAs\":[\"https:\\\/\\\/www.facebook.com\\\/infoalgerieactu\",\"https:\\\/\\\/x.com\\\/infoalgerie1\"]},{\"@type\":\"Person\",\"@id\":\"https:\\\/\\\/www.info-algerie.com\\\/actualites\\\/#\\\/schema\\\/person\\\/847aaec44920825b843a08f30ec6aa1e\",\"name\":\"La r\u00e9daction\",\"image\":{\"@type\":\"ImageObject\",\"inLanguage\":\"fr-FR\",\"@id\":\"https:\\\/\\\/secure.gravatar.com\\\/avatar\\\/769db425c6f465158149f1ffd6cf61ce7a8a879d11dfbef8288af36dfddd418c?s=96&d=mm&r=g\",\"url\":\"https:\\\/\\\/secure.gravatar.com\\\/avatar\\\/769db425c6f465158149f1ffd6cf61ce7a8a879d11dfbef8288af36dfddd418c?s=96&d=mm&r=g\",\"contentUrl\":\"https:\\\/\\\/secure.gravatar.com\\\/avatar\\\/769db425c6f465158149f1ffd6cf61ce7a8a879d11dfbef8288af36dfddd418c?s=96&d=mm&r=g\",\"caption\":\"La r\u00e9daction\"},\"sameAs\":[\"http:\\\/\\\/www.lkeria.com\\\/\"],\"url\":\"https:\\\/\\\/www.info-algerie.com\\\/actualites\\\/author\\\/chakib32\\\/\"}]}<\/script>\n<!-- \/ Yoast SEO plugin. -->","yoast_head_json":{"title":"L&#039;Alg\u00e9rie ratifie 2 m\u00e9morandums d&#039;entente de coop\u00e9ration avec l&#039;Iran et les Pays-Bas et un avenant \u00e0 un accord avec la France - info algerie","robots":{"index":"index","follow":"follow","max-snippet":"max-snippet:-1","max-image-preview":"max-image-preview:large","max-video-preview":"max-video-preview:-1"},"canonical":"https:\/\/www.info-algerie.com\/actualites\/lalgerie-ratifie-2-memorandums-dentente-de-cooperation-avec-liran-et-les-pays-bas-et-un-avenant-a-un-accord-avec-la-france\/","og_locale":"fr_FR","og_type":"article","og_title":"L&#039;Alg\u00e9rie ratifie 2 m\u00e9morandums d&#039;entente de coop\u00e9ration avec l&#039;Iran et les Pays-Bas et un avenant \u00e0 un accord avec la France - info algerie","og_description":"ALGER &#8211; L&rsquo;Alg\u00e9rie a ratifi\u00e9 deux m\u00e9morandums d&rsquo;entente de coop\u00e9ration avec l&rsquo;Iran et les Pays-Bas ainsi qu&rsquo;un avenant d&rsquo;un accord avec la France, selon des d\u00e9crets pr\u00e9sidentiels sign\u00e9s par le chef de l&rsquo;Etat Abdelaziz Bouteflika, parus dans le dernier num\u00e9ro du Journal officiel. &#013; &#013; \u00a0Le m\u00e9morandum d&rsquo;entente avec la R\u00e9publique islamique d&rsquo;Iran, sign\u00e9 \u00e0","og_url":"https:\/\/www.info-algerie.com\/actualites\/lalgerie-ratifie-2-memorandums-dentente-de-cooperation-avec-liran-et-les-pays-bas-et-un-avenant-a-un-accord-avec-la-france\/","og_site_name":"info algerie","article_publisher":"https:\/\/www.facebook.com\/infoalgerieactu","article_published_time":"2017-05-21T18:42:37+00:00","author":"La r\u00e9daction","twitter_misc":{"\u00c9crit par":"La r\u00e9daction","Dur\u00e9e de lecture estim\u00e9e":"2 minutes"},"schema":{"@context":"https:\/\/schema.org","@graph":[{"@type":"Article","@id":"https:\/\/www.info-algerie.com\/actualites\/lalgerie-ratifie-2-memorandums-dentente-de-cooperation-avec-liran-et-les-pays-bas-et-un-avenant-a-un-accord-avec-la-france\/#article","isPartOf":{"@id":"https:\/\/www.info-algerie.com\/actualites\/lalgerie-ratifie-2-memorandums-dentente-de-cooperation-avec-liran-et-les-pays-bas-et-un-avenant-a-un-accord-avec-la-france\/"},"author":{"name":"La r\u00e9daction","@id":"https:\/\/www.info-algerie.com\/actualites\/#\/schema\/person\/847aaec44920825b843a08f30ec6aa1e"},"headline":"L&#039;Alg\u00e9rie ratifie 2 m\u00e9morandums d&#039;entente de coop\u00e9ration avec l&#039;Iran et les Pays-Bas et un avenant \u00e0 un accord avec la France","datePublished":"2017-05-21T18:42:37+00:00","mainEntityOfPage":{"@id":"https:\/\/www.info-algerie.com\/actualites\/lalgerie-ratifie-2-memorandums-dentente-de-cooperation-avec-liran-et-les-pays-bas-et-un-avenant-a-un-accord-avec-la-france\/"},"wordCount":408,"commentCount":0,"publisher":{"@id":"https:\/\/www.info-algerie.com\/actualites\/#organization"},"keywords":["ONU"],"articleSection":["infos"],"inLanguage":"fr-FR","potentialAction":[{"@type":"CommentAction","name":"Comment","target":["https:\/\/www.info-algerie.com\/actualites\/lalgerie-ratifie-2-memorandums-dentente-de-cooperation-avec-liran-et-les-pays-bas-et-un-avenant-a-un-accord-avec-la-france\/#respond"]}]},{"@type":"WebPage","@id":"https:\/\/www.info-algerie.com\/actualites\/lalgerie-ratifie-2-memorandums-dentente-de-cooperation-avec-liran-et-les-pays-bas-et-un-avenant-a-un-accord-avec-la-france\/","url":"https:\/\/www.info-algerie.com\/actualites\/lalgerie-ratifie-2-memorandums-dentente-de-cooperation-avec-liran-et-les-pays-bas-et-un-avenant-a-un-accord-avec-la-france\/","name":"L&#039;Alg\u00e9rie ratifie 2 m\u00e9morandums d&#039;entente de coop\u00e9ration avec l&#039;Iran et les Pays-Bas et un avenant \u00e0 un accord avec la France - info algerie","isPartOf":{"@id":"https:\/\/www.info-algerie.com\/actualites\/#website"},"datePublished":"2017-05-21T18:42:37+00:00","breadcrumb":{"@id":"https:\/\/www.info-algerie.com\/actualites\/lalgerie-ratifie-2-memorandums-dentente-de-cooperation-avec-liran-et-les-pays-bas-et-un-avenant-a-un-accord-avec-la-france\/#breadcrumb"},"inLanguage":"fr-FR","potentialAction":[{"@type":"ReadAction","target":["https:\/\/www.info-algerie.com\/actualites\/lalgerie-ratifie-2-memorandums-dentente-de-cooperation-avec-liran-et-les-pays-bas-et-un-avenant-a-un-accord-avec-la-france\/"]}]},{"@type":"BreadcrumbList","@id":"https:\/\/www.info-algerie.com\/actualites\/lalgerie-ratifie-2-memorandums-dentente-de-cooperation-avec-liran-et-les-pays-bas-et-un-avenant-a-un-accord-avec-la-france\/#breadcrumb","itemListElement":[{"@type":"ListItem","position":1,"name":"Accueil","item":"https:\/\/www.info-algerie.com\/actualites\/"},{"@type":"ListItem","position":2,"name":"L&#039;Alg\u00e9rie ratifie 2 m\u00e9morandums d&#039;entente de coop\u00e9ration avec l&#039;Iran et les Pays-Bas et un avenant \u00e0 un accord avec la France"}]},{"@type":"WebSite","@id":"https:\/\/www.info-algerie.com\/actualites\/#website","url":"https:\/\/www.info-algerie.com\/actualites\/","name":"info algerie","description":"Toutes les actualit\u00e9s","publisher":{"@id":"https:\/\/www.info-algerie.com\/actualites\/#organization"},"potentialAction":[{"@type":"SearchAction","target":{"@type":"EntryPoint","urlTemplate":"https:\/\/www.info-algerie.com\/actualites\/?s={search_term_string}"},"query-input":{"@type":"PropertyValueSpecification","valueRequired":true,"valueName":"search_term_string"}}],"inLanguage":"fr-FR"},{"@type":"Organization","@id":"https:\/\/www.info-algerie.com\/actualites\/#organization","name":"info algerie","url":"https:\/\/www.info-algerie.com\/actualites\/","logo":{"@type":"ImageObject","inLanguage":"fr-FR","@id":"https:\/\/www.info-algerie.com\/actualites\/#\/schema\/logo\/image\/","url":"https:\/\/www.info-algerie.com\/actualites\/wp-content\/uploads\/2022\/07\/logo-ia-120.png","contentUrl":"https:\/\/www.info-algerie.com\/actualites\/wp-content\/uploads\/2022\/07\/logo-ia-120.png","width":120,"height":43,"caption":"info algerie"},"image":{"@id":"https:\/\/www.info-algerie.com\/actualites\/#\/schema\/logo\/image\/"},"sameAs":["https:\/\/www.facebook.com\/infoalgerieactu","https:\/\/x.com\/infoalgerie1"]},{"@type":"Person","@id":"https:\/\/www.info-algerie.com\/actualites\/#\/schema\/person\/847aaec44920825b843a08f30ec6aa1e","name":"La r\u00e9daction","image":{"@type":"ImageObject","inLanguage":"fr-FR","@id":"https:\/\/secure.gravatar.com\/avatar\/769db425c6f465158149f1ffd6cf61ce7a8a879d11dfbef8288af36dfddd418c?s=96&d=mm&r=g","url":"https:\/\/secure.gravatar.com\/avatar\/769db425c6f465158149f1ffd6cf61ce7a8a879d11dfbef8288af36dfddd418c?s=96&d=mm&r=g","contentUrl":"https:\/\/secure.gravatar.com\/avatar\/769db425c6f465158149f1ffd6cf61ce7a8a879d11dfbef8288af36dfddd418c?s=96&d=mm&r=g","caption":"La r\u00e9daction"},"sameAs":["http:\/\/www.lkeria.com\/"],"url":"https:\/\/www.info-algerie.com\/actualites\/author\/chakib32\/"}]}},"_links":{"self":[{"href":"https:\/\/www.info-algerie.com\/actualites\/wp-json\/wp\/v2\/posts\/12318","targetHints":{"allow":["GET"]}}],"collection":[{"href":"https:\/\/www.info-algerie.com\/actualites\/wp-json\/wp\/v2\/posts"}],"about":[{"href":"https:\/\/www.info-algerie.com\/actualites\/wp-json\/wp\/v2\/types\/post"}],"author":[{"embeddable":true,"href":"https:\/\/www.info-algerie.com\/actualites\/wp-json\/wp\/v2\/users\/6"}],"replies":[{"embeddable":true,"href":"https:\/\/www.info-algerie.com\/actualites\/wp-json\/wp\/v2\/comments?post=12318"}],"version-history":[{"count":0,"href":"https:\/\/www.info-algerie.com\/actualites\/wp-json\/wp\/v2\/posts\/12318\/revisions"}],"wp:attachment":[{"href":"https:\/\/www.info-algerie.com\/actualites\/wp-json\/wp\/v2\/media?parent=12318"}],"wp:term":[{"taxonomy":"category","embeddable":true,"href":"https:\/\/www.info-algerie.com\/actualites\/wp-json\/wp\/v2\/categories?post=12318"},{"taxonomy":"post_tag","embeddable":true,"href":"https:\/\/www.info-algerie.com\/actualites\/wp-json\/wp\/v2\/tags?post=12318"}],"curies":[{"name":"wp","href":"https:\/\/api.w.org\/{rel}","templated":true}]}}