{"id":12342,"date":"2017-05-22T10:58:12","date_gmt":"2017-05-22T09:58:12","guid":{"rendered":"http:\/\/www.info-algerie.com\/actualites\/le-ffs-compte-poursuivre-son-combat-pour-reconstruire-le-consensus-national\/"},"modified":"2017-05-22T10:58:12","modified_gmt":"2017-05-22T09:58:12","slug":"le-ffs-compte-poursuivre-son-combat-pour-reconstruire-le-consensus-national","status":"publish","type":"post","link":"https:\/\/www.info-algerie.com\/actualites\/le-ffs-compte-poursuivre-son-combat-pour-reconstruire-le-consensus-national\/","title":{"rendered":"Le FFS compte poursuivre son combat pour reconstruire le consensus national"},"content":{"rendered":"<div class=\"K2FeedIntroText\">\n<p>ALGER- Le Front des forces socialistes (FFS) a affirm\u00e9\u00a0 dimanche dans un communiqu\u00e9\u00a0 qu&rsquo;il compte poursuivre son combat pour reconstruire le consensus national\u00a0et populaire, soulignant que la structuration et l&rsquo;organisation de la\u00a0 soci\u00e9t\u00e9 alg\u00e9rienne sont \u00e0 m\u00eame de pr\u00e9server les acquis nationaux.<\/p>\n<p>&#013;\n<\/p><\/div>\n<div class=\"K2FeedFullText\">&#013;<\/p>\n<p>\u00ab\u00a0Au sein de notre parti, nous poursuivrons le combat pour reconstruire le\u00a0 consensus national et populaire\u00a0 malgr\u00e9 tous les obstacles que nous avons rencontr\u00e9s. Nous oeuvrerons dans ce\u00a0 sens en restant fid\u00e8les \u00e0 nos principes fondateurs et nos objectifs primaires dans un esprit de\u00a0 coll\u00e9gialit\u00e9, de concertation, de circonspection, d&rsquo;\u00e9galit\u00e9 et d&rsquo;efficacit\u00e9\u00a0 et dans un cadre de respect et de discipline totale dont se distingue le\u00a0 parti\u00a0\u00bb.<\/p>\n<p>&#013;<\/p>\n<p>\u00a0\u00a0\u00a0 Concernant les L\u00e9gislatives du 4 mai, le FFS a affirm\u00e9 que sa\u00a0 participation \u00e0 ce rendez-vous \u00e9lectoral \u00ab\u00a0ne s&rsquo;est jamais limit\u00e9e \u00e0\u00a0 l&rsquo;obtention d&rsquo;un certain nombre de si\u00e8ges et l&rsquo;on ne peut en aucun cas\u00a0 mesurer son succ\u00e8s au nombre de si\u00e8ges obtenus car tout simplement et au vu\u00a0<\/p>\n<p>&#013;<\/p>\n<p>de la conjoncture politique actuelle, ces derniers ne sont pas r\u00e9ellement\u00a0 repr\u00e9sentatifs d&rsquo;une formation politique ni de son prolongement populaire\u00a0\u00bb,\u00a0 ajoutant que l&rsquo;\u00e9valuation de cette participation ne peut se faire que dans\u00a0 le cadre des objectifs pr\u00e9alablement annonc\u00e9s \u00e0 savoir faire entendre la\u00a0 voix du consensus national, renforcer l&rsquo;ancrage national du parti, \u00e9largir\u00a0 ses bases militantes et r\u00e9habiliter le combat politique en tant que moyen\u00a0 pour la construction de la soci\u00e9t\u00e9 et de l&rsquo;Etat de droit.<\/p>\n<p>&#013;<\/p>\n<p>\u00a0\u00a0\u00a0 Le FFS a pr\u00e9cis\u00e9 \u00e9galement que sa participation \u00e0 ces \u00e9lections o\u00f9 il a\u00a0 obtenu 14 si\u00e8ges \u00ab\u00a0avait pour objectif de redonner espoir aux Alg\u00e9riens et\u00a0 Alg\u00e9riennes en leur permettant de renouer avec la pratique politique\u00a0 saine\u00a0\u00bb. \u00ab\u00a0Elle est intervenue par ailleurs en ad\u00e9quation avec ses positions\u00a0<\/p>\n<p>&#013;<\/p>\n<p>et ses initiatives qui se poursuivent depuis sa cr\u00e9ation outre \u00ab\u00a0la\u00a0 cons\u00e9cration des concepts de lutte et de r\u00e9sistance pacifiques et\u00a0 structur\u00e9s pour arracher tous les droits\u00a0\u00bb.<\/p>\n<p>&#013;<\/p>\n<p>\u00a0<\/p>\n<p>&#013;<\/p>\n<p>\u00a0\u00a0\u00a0 Le FFS\u00a0 a prouv\u00e9, ajoute le communiqu\u00e9, lors de cette \u00e9ch\u00e9ance \u00ab\u00a0sa\u00a0 capacit\u00e9 non seulement \u00e0 respecter et \u00e0 concr\u00e9tiser ses principes\u00a0 constitutifs et ses valeurs d&rsquo;orientation mais aussi \u00e0 les partager avec un\u00a0 nombre accru de citoyens et avec de nombreux partenaires pour la\u00a0 construction de l&rsquo;Etat de droit en tant que seul garant de la souverainet\u00e9\u00a0 des Alg\u00e9riens sur leur terre et leurs richesses et comme unique voix pour\u00a0 la sauvegarde de leur libert\u00e9, de leur dignit\u00e9 et de leur d\u00e9cision\u00a0\u00bb.\u00a0<\/p>\n<\/div>\n<p>&#013;<br \/>\nSource: <a href=\"http:\/\/www.aps.dz\/algerie\/57978-le-ffs-compte-poursuivre-son-combat-pour-reconstruire-le-consensus-national\" target=\"_blank\">Le FFS compte poursuivre son combat pour reconstruire le consensus national<\/a><\/p>\n<!--CusAds0-->\n<div style=\"font-size: 0px; height: 0px; line-height: 0px; margin: 0; padding: 0; clear: both;\"><\/div>","protected":false},"excerpt":{"rendered":"<p>ALGER- Le Front des forces socialistes (FFS) a affirm\u00e9\u00a0 dimanche dans un communiqu\u00e9\u00a0 qu&rsquo;il compte poursuivre son combat pour reconstruire le consensus national\u00a0et populaire, soulignant que la structuration et l&rsquo;organisation de la\u00a0 soci\u00e9t\u00e9 alg\u00e9rienne sont \u00e0 m\u00eame de pr\u00e9server les acquis nationaux. &#013; &#013; \u00ab\u00a0Au sein de notre parti, nous poursuivrons le combat pour reconstruire<\/p>\n","protected":false},"author":6,"featured_media":0,"comment_status":"open","ping_status":"open","sticky":false,"template":"","format":"standard","meta":{"footnotes":""},"categories":[22],"tags":[93],"class_list":["post-12342","post","type-post","status-publish","format-standard","hentry","category-infos","tag-onu"],"yoast_head":"<!-- This site is optimized with the Yoast SEO plugin v27.5 - https:\/\/yoast.com\/product\/yoast-seo-wordpress\/ -->\n<title>Le FFS compte poursuivre son combat pour reconstruire le consensus national - info algerie<\/title>\n<meta name=\"robots\" content=\"index, follow, max-snippet:-1, max-image-preview:large, max-video-preview:-1\" \/>\n<link rel=\"canonical\" href=\"https:\/\/www.info-algerie.com\/actualites\/le-ffs-compte-poursuivre-son-combat-pour-reconstruire-le-consensus-national\/\" \/>\n<meta property=\"og:locale\" content=\"fr_FR\" \/>\n<meta property=\"og:type\" content=\"article\" \/>\n<meta property=\"og:title\" content=\"Le FFS compte poursuivre son combat pour reconstruire le consensus national - info algerie\" \/>\n<meta property=\"og:description\" content=\"ALGER- Le Front des forces socialistes (FFS) a affirm\u00e9\u00a0 dimanche dans un communiqu\u00e9\u00a0 qu&rsquo;il compte poursuivre son combat pour reconstruire le consensus national\u00a0et populaire, soulignant que la structuration et l&rsquo;organisation de la\u00a0 soci\u00e9t\u00e9 alg\u00e9rienne sont \u00e0 m\u00eame de pr\u00e9server les acquis nationaux. &#013; &#013; \u00ab\u00a0Au sein de notre parti, nous poursuivrons le combat pour reconstruire\" \/>\n<meta property=\"og:url\" content=\"https:\/\/www.info-algerie.com\/actualites\/le-ffs-compte-poursuivre-son-combat-pour-reconstruire-le-consensus-national\/\" \/>\n<meta property=\"og:site_name\" content=\"info algerie\" \/>\n<meta property=\"article:publisher\" content=\"https:\/\/www.facebook.com\/infoalgerieactu\" \/>\n<meta property=\"article:published_time\" content=\"2017-05-22T09:58:12+00:00\" \/>\n<meta name=\"author\" content=\"La r\u00e9daction\" \/>\n<meta name=\"twitter:label1\" content=\"\u00c9crit par\" \/>\n\t<meta name=\"twitter:data1\" content=\"La r\u00e9daction\" \/>\n\t<meta name=\"twitter:label2\" content=\"Dur\u00e9e de lecture estim\u00e9e\" \/>\n\t<meta name=\"twitter:data2\" content=\"2 minutes\" \/>\n<script type=\"application\/ld+json\" class=\"yoast-schema-graph\">{\"@context\":\"https:\\\/\\\/schema.org\",\"@graph\":[{\"@type\":\"Article\",\"@id\":\"https:\\\/\\\/www.info-algerie.com\\\/actualites\\\/le-ffs-compte-poursuivre-son-combat-pour-reconstruire-le-consensus-national\\\/#article\",\"isPartOf\":{\"@id\":\"https:\\\/\\\/www.info-algerie.com\\\/actualites\\\/le-ffs-compte-poursuivre-son-combat-pour-reconstruire-le-consensus-national\\\/\"},\"author\":{\"name\":\"La r\u00e9daction\",\"@id\":\"https:\\\/\\\/www.info-algerie.com\\\/actualites\\\/#\\\/schema\\\/person\\\/847aaec44920825b843a08f30ec6aa1e\"},\"headline\":\"Le FFS compte poursuivre son combat pour reconstruire le consensus national\",\"datePublished\":\"2017-05-22T09:58:12+00:00\",\"mainEntityOfPage\":{\"@id\":\"https:\\\/\\\/www.info-algerie.com\\\/actualites\\\/le-ffs-compte-poursuivre-son-combat-pour-reconstruire-le-consensus-national\\\/\"},\"wordCount\":449,\"commentCount\":0,\"publisher\":{\"@id\":\"https:\\\/\\\/www.info-algerie.com\\\/actualites\\\/#organization\"},\"keywords\":[\"ONU\"],\"articleSection\":[\"infos\"],\"inLanguage\":\"fr-FR\",\"potentialAction\":[{\"@type\":\"CommentAction\",\"name\":\"Comment\",\"target\":[\"https:\\\/\\\/www.info-algerie.com\\\/actualites\\\/le-ffs-compte-poursuivre-son-combat-pour-reconstruire-le-consensus-national\\\/#respond\"]}]},{\"@type\":\"WebPage\",\"@id\":\"https:\\\/\\\/www.info-algerie.com\\\/actualites\\\/le-ffs-compte-poursuivre-son-combat-pour-reconstruire-le-consensus-national\\\/\",\"url\":\"https:\\\/\\\/www.info-algerie.com\\\/actualites\\\/le-ffs-compte-poursuivre-son-combat-pour-reconstruire-le-consensus-national\\\/\",\"name\":\"Le FFS compte poursuivre son combat pour reconstruire le consensus national - info algerie\",\"isPartOf\":{\"@id\":\"https:\\\/\\\/www.info-algerie.com\\\/actualites\\\/#website\"},\"datePublished\":\"2017-05-22T09:58:12+00:00\",\"breadcrumb\":{\"@id\":\"https:\\\/\\\/www.info-algerie.com\\\/actualites\\\/le-ffs-compte-poursuivre-son-combat-pour-reconstruire-le-consensus-national\\\/#breadcrumb\"},\"inLanguage\":\"fr-FR\",\"potentialAction\":[{\"@type\":\"ReadAction\",\"target\":[\"https:\\\/\\\/www.info-algerie.com\\\/actualites\\\/le-ffs-compte-poursuivre-son-combat-pour-reconstruire-le-consensus-national\\\/\"]}]},{\"@type\":\"BreadcrumbList\",\"@id\":\"https:\\\/\\\/www.info-algerie.com\\\/actualites\\\/le-ffs-compte-poursuivre-son-combat-pour-reconstruire-le-consensus-national\\\/#breadcrumb\",\"itemListElement\":[{\"@type\":\"ListItem\",\"position\":1,\"name\":\"Accueil\",\"item\":\"https:\\\/\\\/www.info-algerie.com\\\/actualites\\\/\"},{\"@type\":\"ListItem\",\"position\":2,\"name\":\"Le FFS compte poursuivre son combat pour reconstruire le consensus national\"}]},{\"@type\":\"WebSite\",\"@id\":\"https:\\\/\\\/www.info-algerie.com\\\/actualites\\\/#website\",\"url\":\"https:\\\/\\\/www.info-algerie.com\\\/actualites\\\/\",\"name\":\"info algerie\",\"description\":\"Toutes les actualit\u00e9s\",\"publisher\":{\"@id\":\"https:\\\/\\\/www.info-algerie.com\\\/actualites\\\/#organization\"},\"potentialAction\":[{\"@type\":\"SearchAction\",\"target\":{\"@type\":\"EntryPoint\",\"urlTemplate\":\"https:\\\/\\\/www.info-algerie.com\\\/actualites\\\/?s={search_term_string}\"},\"query-input\":{\"@type\":\"PropertyValueSpecification\",\"valueRequired\":true,\"valueName\":\"search_term_string\"}}],\"inLanguage\":\"fr-FR\"},{\"@type\":\"Organization\",\"@id\":\"https:\\\/\\\/www.info-algerie.com\\\/actualites\\\/#organization\",\"name\":\"info algerie\",\"url\":\"https:\\\/\\\/www.info-algerie.com\\\/actualites\\\/\",\"logo\":{\"@type\":\"ImageObject\",\"inLanguage\":\"fr-FR\",\"@id\":\"https:\\\/\\\/www.info-algerie.com\\\/actualites\\\/#\\\/schema\\\/logo\\\/image\\\/\",\"url\":\"https:\\\/\\\/www.info-algerie.com\\\/actualites\\\/wp-content\\\/uploads\\\/2022\\\/07\\\/logo-ia-120.png\",\"contentUrl\":\"https:\\\/\\\/www.info-algerie.com\\\/actualites\\\/wp-content\\\/uploads\\\/2022\\\/07\\\/logo-ia-120.png\",\"width\":120,\"height\":43,\"caption\":\"info algerie\"},\"image\":{\"@id\":\"https:\\\/\\\/www.info-algerie.com\\\/actualites\\\/#\\\/schema\\\/logo\\\/image\\\/\"},\"sameAs\":[\"https:\\\/\\\/www.facebook.com\\\/infoalgerieactu\",\"https:\\\/\\\/x.com\\\/infoalgerie1\"]},{\"@type\":\"Person\",\"@id\":\"https:\\\/\\\/www.info-algerie.com\\\/actualites\\\/#\\\/schema\\\/person\\\/847aaec44920825b843a08f30ec6aa1e\",\"name\":\"La r\u00e9daction\",\"image\":{\"@type\":\"ImageObject\",\"inLanguage\":\"fr-FR\",\"@id\":\"https:\\\/\\\/secure.gravatar.com\\\/avatar\\\/769db425c6f465158149f1ffd6cf61ce7a8a879d11dfbef8288af36dfddd418c?s=96&d=mm&r=g\",\"url\":\"https:\\\/\\\/secure.gravatar.com\\\/avatar\\\/769db425c6f465158149f1ffd6cf61ce7a8a879d11dfbef8288af36dfddd418c?s=96&d=mm&r=g\",\"contentUrl\":\"https:\\\/\\\/secure.gravatar.com\\\/avatar\\\/769db425c6f465158149f1ffd6cf61ce7a8a879d11dfbef8288af36dfddd418c?s=96&d=mm&r=g\",\"caption\":\"La r\u00e9daction\"},\"sameAs\":[\"http:\\\/\\\/www.lkeria.com\\\/\"],\"url\":\"https:\\\/\\\/www.info-algerie.com\\\/actualites\\\/author\\\/chakib32\\\/\"}]}<\/script>\n<!-- \/ Yoast SEO plugin. -->","yoast_head_json":{"title":"Le FFS compte poursuivre son combat pour reconstruire le consensus national - info algerie","robots":{"index":"index","follow":"follow","max-snippet":"max-snippet:-1","max-image-preview":"max-image-preview:large","max-video-preview":"max-video-preview:-1"},"canonical":"https:\/\/www.info-algerie.com\/actualites\/le-ffs-compte-poursuivre-son-combat-pour-reconstruire-le-consensus-national\/","og_locale":"fr_FR","og_type":"article","og_title":"Le FFS compte poursuivre son combat pour reconstruire le consensus national - info algerie","og_description":"ALGER- Le Front des forces socialistes (FFS) a affirm\u00e9\u00a0 dimanche dans un communiqu\u00e9\u00a0 qu&rsquo;il compte poursuivre son combat pour reconstruire le consensus national\u00a0et populaire, soulignant que la structuration et l&rsquo;organisation de la\u00a0 soci\u00e9t\u00e9 alg\u00e9rienne sont \u00e0 m\u00eame de pr\u00e9server les acquis nationaux. &#013; &#013; \u00ab\u00a0Au sein de notre parti, nous poursuivrons le combat pour reconstruire","og_url":"https:\/\/www.info-algerie.com\/actualites\/le-ffs-compte-poursuivre-son-combat-pour-reconstruire-le-consensus-national\/","og_site_name":"info algerie","article_publisher":"https:\/\/www.facebook.com\/infoalgerieactu","article_published_time":"2017-05-22T09:58:12+00:00","author":"La r\u00e9daction","twitter_misc":{"\u00c9crit par":"La r\u00e9daction","Dur\u00e9e de lecture estim\u00e9e":"2 minutes"},"schema":{"@context":"https:\/\/schema.org","@graph":[{"@type":"Article","@id":"https:\/\/www.info-algerie.com\/actualites\/le-ffs-compte-poursuivre-son-combat-pour-reconstruire-le-consensus-national\/#article","isPartOf":{"@id":"https:\/\/www.info-algerie.com\/actualites\/le-ffs-compte-poursuivre-son-combat-pour-reconstruire-le-consensus-national\/"},"author":{"name":"La r\u00e9daction","@id":"https:\/\/www.info-algerie.com\/actualites\/#\/schema\/person\/847aaec44920825b843a08f30ec6aa1e"},"headline":"Le FFS compte poursuivre son combat pour reconstruire le consensus national","datePublished":"2017-05-22T09:58:12+00:00","mainEntityOfPage":{"@id":"https:\/\/www.info-algerie.com\/actualites\/le-ffs-compte-poursuivre-son-combat-pour-reconstruire-le-consensus-national\/"},"wordCount":449,"commentCount":0,"publisher":{"@id":"https:\/\/www.info-algerie.com\/actualites\/#organization"},"keywords":["ONU"],"articleSection":["infos"],"inLanguage":"fr-FR","potentialAction":[{"@type":"CommentAction","name":"Comment","target":["https:\/\/www.info-algerie.com\/actualites\/le-ffs-compte-poursuivre-son-combat-pour-reconstruire-le-consensus-national\/#respond"]}]},{"@type":"WebPage","@id":"https:\/\/www.info-algerie.com\/actualites\/le-ffs-compte-poursuivre-son-combat-pour-reconstruire-le-consensus-national\/","url":"https:\/\/www.info-algerie.com\/actualites\/le-ffs-compte-poursuivre-son-combat-pour-reconstruire-le-consensus-national\/","name":"Le FFS compte poursuivre son combat pour reconstruire le consensus national - info algerie","isPartOf":{"@id":"https:\/\/www.info-algerie.com\/actualites\/#website"},"datePublished":"2017-05-22T09:58:12+00:00","breadcrumb":{"@id":"https:\/\/www.info-algerie.com\/actualites\/le-ffs-compte-poursuivre-son-combat-pour-reconstruire-le-consensus-national\/#breadcrumb"},"inLanguage":"fr-FR","potentialAction":[{"@type":"ReadAction","target":["https:\/\/www.info-algerie.com\/actualites\/le-ffs-compte-poursuivre-son-combat-pour-reconstruire-le-consensus-national\/"]}]},{"@type":"BreadcrumbList","@id":"https:\/\/www.info-algerie.com\/actualites\/le-ffs-compte-poursuivre-son-combat-pour-reconstruire-le-consensus-national\/#breadcrumb","itemListElement":[{"@type":"ListItem","position":1,"name":"Accueil","item":"https:\/\/www.info-algerie.com\/actualites\/"},{"@type":"ListItem","position":2,"name":"Le FFS compte poursuivre son combat pour reconstruire le consensus national"}]},{"@type":"WebSite","@id":"https:\/\/www.info-algerie.com\/actualites\/#website","url":"https:\/\/www.info-algerie.com\/actualites\/","name":"info algerie","description":"Toutes les actualit\u00e9s","publisher":{"@id":"https:\/\/www.info-algerie.com\/actualites\/#organization"},"potentialAction":[{"@type":"SearchAction","target":{"@type":"EntryPoint","urlTemplate":"https:\/\/www.info-algerie.com\/actualites\/?s={search_term_string}"},"query-input":{"@type":"PropertyValueSpecification","valueRequired":true,"valueName":"search_term_string"}}],"inLanguage":"fr-FR"},{"@type":"Organization","@id":"https:\/\/www.info-algerie.com\/actualites\/#organization","name":"info algerie","url":"https:\/\/www.info-algerie.com\/actualites\/","logo":{"@type":"ImageObject","inLanguage":"fr-FR","@id":"https:\/\/www.info-algerie.com\/actualites\/#\/schema\/logo\/image\/","url":"https:\/\/www.info-algerie.com\/actualites\/wp-content\/uploads\/2022\/07\/logo-ia-120.png","contentUrl":"https:\/\/www.info-algerie.com\/actualites\/wp-content\/uploads\/2022\/07\/logo-ia-120.png","width":120,"height":43,"caption":"info algerie"},"image":{"@id":"https:\/\/www.info-algerie.com\/actualites\/#\/schema\/logo\/image\/"},"sameAs":["https:\/\/www.facebook.com\/infoalgerieactu","https:\/\/x.com\/infoalgerie1"]},{"@type":"Person","@id":"https:\/\/www.info-algerie.com\/actualites\/#\/schema\/person\/847aaec44920825b843a08f30ec6aa1e","name":"La r\u00e9daction","image":{"@type":"ImageObject","inLanguage":"fr-FR","@id":"https:\/\/secure.gravatar.com\/avatar\/769db425c6f465158149f1ffd6cf61ce7a8a879d11dfbef8288af36dfddd418c?s=96&d=mm&r=g","url":"https:\/\/secure.gravatar.com\/avatar\/769db425c6f465158149f1ffd6cf61ce7a8a879d11dfbef8288af36dfddd418c?s=96&d=mm&r=g","contentUrl":"https:\/\/secure.gravatar.com\/avatar\/769db425c6f465158149f1ffd6cf61ce7a8a879d11dfbef8288af36dfddd418c?s=96&d=mm&r=g","caption":"La r\u00e9daction"},"sameAs":["http:\/\/www.lkeria.com\/"],"url":"https:\/\/www.info-algerie.com\/actualites\/author\/chakib32\/"}]}},"_links":{"self":[{"href":"https:\/\/www.info-algerie.com\/actualites\/wp-json\/wp\/v2\/posts\/12342","targetHints":{"allow":["GET"]}}],"collection":[{"href":"https:\/\/www.info-algerie.com\/actualites\/wp-json\/wp\/v2\/posts"}],"about":[{"href":"https:\/\/www.info-algerie.com\/actualites\/wp-json\/wp\/v2\/types\/post"}],"author":[{"embeddable":true,"href":"https:\/\/www.info-algerie.com\/actualites\/wp-json\/wp\/v2\/users\/6"}],"replies":[{"embeddable":true,"href":"https:\/\/www.info-algerie.com\/actualites\/wp-json\/wp\/v2\/comments?post=12342"}],"version-history":[{"count":0,"href":"https:\/\/www.info-algerie.com\/actualites\/wp-json\/wp\/v2\/posts\/12342\/revisions"}],"wp:attachment":[{"href":"https:\/\/www.info-algerie.com\/actualites\/wp-json\/wp\/v2\/media?parent=12342"}],"wp:term":[{"taxonomy":"category","embeddable":true,"href":"https:\/\/www.info-algerie.com\/actualites\/wp-json\/wp\/v2\/categories?post=12342"},{"taxonomy":"post_tag","embeddable":true,"href":"https:\/\/www.info-algerie.com\/actualites\/wp-json\/wp\/v2\/tags?post=12342"}],"curies":[{"name":"wp","href":"https:\/\/api.w.org\/{rel}","templated":true}]}}