{"id":12345,"date":"2017-05-22T10:30:56","date_gmt":"2017-05-22T09:30:56","guid":{"rendered":"http:\/\/www.info-algerie.com\/actualites\/messahel-entame-une-visite-de-travail-de-deux-jours-a-bruxelles\/"},"modified":"2017-05-22T10:30:56","modified_gmt":"2017-05-22T09:30:56","slug":"messahel-entame-une-visite-de-travail-de-deux-jours-a-bruxelles","status":"publish","type":"post","link":"https:\/\/www.info-algerie.com\/actualites\/messahel-entame-une-visite-de-travail-de-deux-jours-a-bruxelles\/","title":{"rendered":"Messahel entame une visite de travail de deux jours \u00e0 Bruxelles"},"content":{"rendered":"<div class=\"K2FeedImage\"><img decoding=\"async\" src=\"https:\/\/www.info-algerie.com\/actualites\/wp-content\/uploads\/2017\/05\/38df61836552fba776abf6c618a4981d_S.jpg\" alt=\"Messahel entame une visite de travail de deux jours &#xE0; Bruxelles\" \/><\/div>\n<div class=\"K2FeedIntroText\">\n<p>BRUXELLES- Le ministre des Affaires maghr\u00e9bines, de\u00a0 l&rsquo;Union africaine et de la Ligue des Etats arabes, Abdelkader Messahel a\u00a0 entam\u00e9 lundi une visite de travail aux institutions europ\u00e9ennes, \u00e0\u00a0 Bruxelles, \u00e0 l&rsquo;invitation de la chef de la diplomatie europ\u00e9enne, Federica\u00a0 Mogherini.<\/p>\n<p>&#013;\n<\/p><\/div>\n<div class=\"K2FeedFullText\">&#013;<\/p>\n<p>Lors de cette visite de travail de deux jours, le ministre s&rsquo;entretiendra\u00a0 avec le Commissaire europ\u00e9en en charge de l&rsquo;Union de la s\u00e9curit\u00e9, M. Julian\u00a0 King, avec la Haute repr\u00e9sentante de l&rsquo;Union europ\u00e9enne (UE) pour les\u00a0 Affaires \u00e9trang\u00e8res et la politique de s\u00e9curit\u00e9, ainsi qu&rsquo;avec le\u00a0 Repr\u00e9sentant sp\u00e9cial de l&rsquo;UE pour le Sahel, M. Angela Losada.<\/p>\n<p>&#013;<\/p>\n<p>Les entretiens de M. Messahel avec les responsables europ\u00e9ens devraient\u00a0 permettre \u00ab\u00a0un \u00e9change de vue sur la situation r\u00e9gionale, notamment au\u00a0 Sahel, au Sahara occidental et en Libye\u00a0\u00bb,\u00a0 a indiqu\u00e9 une source\u00a0 diplomatique.<\/p>\n<p>&#013;<\/p>\n<p>Le ministre devrait \u00e9galement examiner avec les responsables europ\u00e9ens,\u00a0 lors de ces rencontres de haut niveau, \u00ab\u00a0les voies et moyens de renforcer le\u00a0 dialogue bilat\u00e9ral dans le domaine de la s\u00e9curit\u00e9, de la lutte contre la\u00a0 radicalisation, le terrorisme et l&rsquo;extr\u00e9misme violent\u00a0\u00bb, a ajout\u00e9 la m\u00eame\u00a0 source.<\/p>\n<p>&#013;<\/p>\n<p>Le ministre pr\u00e9sentera au Comit\u00e9 politique et de s\u00e9curit\u00e9 de l&rsquo;UE, au\u00a0 deuxi\u00e8me et dernier jour de la visite, l&rsquo;exp\u00e9rience de l&rsquo;Alg\u00e9rie en mati\u00e8re\u00a0 de d\u00e9radicalisation et de lutte contre le terrorisme. Il reviendra \u00e9galement sur les efforts de l&rsquo;Alg\u00e9rie pour promouvoir la\u00a0 paix dans la r\u00e9gion en \u00a3uvrant pour le r\u00e8glement pacifique des conflits.<\/p>\n<p>&#013;<\/p>\n<p>Lors d&rsquo;une conf\u00e9rence organis\u00e9e en d\u00e9cembre dernier au Parlement europ\u00e9en\u00a0 \u00e0 Bruxelles, le ministre des Affaires maghr\u00e9bines, de l&rsquo;Union africaine et\u00a0 de la Ligue des Etats arabes, a mis en garde contre la mont\u00e9e de\u00a0 l&rsquo;islamophobie, du racisme, de la x\u00e9nophobie et des interventions\u00a0 militaires \u00e9trang\u00e8res, soulignant que ces facteurs \u00ab\u00a0alimentent la\u00a0 radicalisation\u00a0\u00bb et \u00ab\u00a0le terrorisme\u00a0\u00bb.<\/p>\n<p>&#013;<\/p>\n<p>\u00ab\u00a0(&#8230;) la mont\u00e9e inqui\u00e9tante de l&rsquo;islamophobie, du racisme, de la\u00a0 x\u00e9nophobie ainsi que les interventions militaires \u00e9trang\u00e8res et le non\u00a0 r\u00e8glement des conflits en violation du droit international sont aussi des\u00a0 facteurs qui alimentent la radicalisation et servent les objectifs et les int\u00e9r\u00eats des partisans de l&rsquo;extr\u00e9misme violent et le terrorisme\u00a0\u00bb, avait-il\u00a0 d\u00e9clar\u00e9 lors de cette conf\u00e9rence.<\/p>\n<p>&#013;<\/p>\n<p>\u00a0<\/p>\n<p>&#013;<\/p>\n<p>Il avait affirm\u00e9, dans ce contexte, que l&rsquo;Etat alg\u00e9rien a pris \u00ab\u00a0\u00e0 sa juste\u00a0 mesure\u00a0\u00bb la question de la radicalisation et de l&rsquo;extr\u00e9misme violent et a\u00a0 adopt\u00e9 une strat\u00e9gie de lutte contre les facteurs susceptibles de favoriser\u00a0 l&rsquo;apparition et le d\u00e9veloppement du ph\u00e9nom\u00e8ne de radicalisation.<\/p>\n<\/div>\n<p>&#013;<br \/>\nSource: <a href=\"http:\/\/www.aps.dz\/algerie\/57976-messahel-entame-une-visite-de-travail-de-deux-jours-a-bruxelles\" target=\"_blank\">Messahel entame une visite de travail de deux jours \u00e0 Bruxelles<\/a><\/p>\n<!--CusAds0-->\n<div style=\"font-size: 0px; height: 0px; line-height: 0px; margin: 0; padding: 0; clear: both;\"><\/div>","protected":false},"excerpt":{"rendered":"<p>BRUXELLES- Le ministre des Affaires maghr\u00e9bines, de\u00a0 l&rsquo;Union africaine et de la Ligue des Etats arabes, Abdelkader Messahel a\u00a0 entam\u00e9 lundi une visite de travail aux institutions europ\u00e9ennes, \u00e0\u00a0 Bruxelles, \u00e0 l&rsquo;invitation de la chef de la diplomatie europ\u00e9enne, Federica\u00a0 Mogherini. &#013; &#013; Lors de cette visite de travail de deux jours, le ministre s&rsquo;entretiendra\u00a0<\/p>\n","protected":false},"author":6,"featured_media":12346,"comment_status":"open","ping_status":"open","sticky":false,"template":"","format":"standard","meta":{"footnotes":""},"categories":[22],"tags":[93],"class_list":["post-12345","post","type-post","status-publish","format-standard","has-post-thumbnail","hentry","category-infos","tag-onu"],"yoast_head":"<!-- This site is optimized with the Yoast SEO plugin v27.5 - https:\/\/yoast.com\/product\/yoast-seo-wordpress\/ -->\n<title>Messahel entame une visite de travail de deux jours \u00e0 Bruxelles - info algerie<\/title>\n<meta name=\"robots\" content=\"index, follow, max-snippet:-1, max-image-preview:large, max-video-preview:-1\" \/>\n<link rel=\"canonical\" href=\"https:\/\/www.info-algerie.com\/actualites\/messahel-entame-une-visite-de-travail-de-deux-jours-a-bruxelles\/\" \/>\n<meta property=\"og:locale\" content=\"fr_FR\" \/>\n<meta property=\"og:type\" content=\"article\" \/>\n<meta property=\"og:title\" content=\"Messahel entame une visite de travail de deux jours \u00e0 Bruxelles - info algerie\" \/>\n<meta property=\"og:description\" content=\"BRUXELLES- Le ministre des Affaires maghr\u00e9bines, de\u00a0 l&rsquo;Union africaine et de la Ligue des Etats arabes, Abdelkader Messahel a\u00a0 entam\u00e9 lundi une visite de travail aux institutions europ\u00e9ennes, \u00e0\u00a0 Bruxelles, \u00e0 l&rsquo;invitation de la chef de la diplomatie europ\u00e9enne, Federica\u00a0 Mogherini. &#013; &#013; Lors de cette visite de travail de deux jours, le ministre s&rsquo;entretiendra\u00a0\" \/>\n<meta property=\"og:url\" content=\"https:\/\/www.info-algerie.com\/actualites\/messahel-entame-une-visite-de-travail-de-deux-jours-a-bruxelles\/\" \/>\n<meta property=\"og:site_name\" content=\"info algerie\" \/>\n<meta property=\"article:publisher\" content=\"https:\/\/www.facebook.com\/infoalgerieactu\" \/>\n<meta property=\"article:published_time\" content=\"2017-05-22T09:30:56+00:00\" \/>\n<meta property=\"og:image\" content=\"https:\/\/www.info-algerie.com\/actualites\/wp-content\/uploads\/2017\/05\/38df61836552fba776abf6c618a4981d_S-1.jpg\" \/>\n\t<meta property=\"og:image:width\" content=\"280\" \/>\n\t<meta property=\"og:image:height\" content=\"175\" \/>\n\t<meta property=\"og:image:type\" content=\"image\/jpeg\" \/>\n<meta name=\"author\" content=\"La r\u00e9daction\" \/>\n<meta name=\"twitter:label1\" content=\"\u00c9crit par\" \/>\n\t<meta name=\"twitter:data1\" content=\"La r\u00e9daction\" \/>\n\t<meta name=\"twitter:label2\" content=\"Dur\u00e9e de lecture estim\u00e9e\" \/>\n\t<meta name=\"twitter:data2\" content=\"2 minutes\" \/>\n<script type=\"application\/ld+json\" class=\"yoast-schema-graph\">{\"@context\":\"https:\\\/\\\/schema.org\",\"@graph\":[{\"@type\":\"Article\",\"@id\":\"https:\\\/\\\/www.info-algerie.com\\\/actualites\\\/messahel-entame-une-visite-de-travail-de-deux-jours-a-bruxelles\\\/#article\",\"isPartOf\":{\"@id\":\"https:\\\/\\\/www.info-algerie.com\\\/actualites\\\/messahel-entame-une-visite-de-travail-de-deux-jours-a-bruxelles\\\/\"},\"author\":{\"name\":\"La r\u00e9daction\",\"@id\":\"https:\\\/\\\/www.info-algerie.com\\\/actualites\\\/#\\\/schema\\\/person\\\/847aaec44920825b843a08f30ec6aa1e\"},\"headline\":\"Messahel entame une visite de travail de deux jours \u00e0 Bruxelles\",\"datePublished\":\"2017-05-22T09:30:56+00:00\",\"mainEntityOfPage\":{\"@id\":\"https:\\\/\\\/www.info-algerie.com\\\/actualites\\\/messahel-entame-une-visite-de-travail-de-deux-jours-a-bruxelles\\\/\"},\"wordCount\":478,\"commentCount\":0,\"publisher\":{\"@id\":\"https:\\\/\\\/www.info-algerie.com\\\/actualites\\\/#organization\"},\"image\":{\"@id\":\"https:\\\/\\\/www.info-algerie.com\\\/actualites\\\/messahel-entame-une-visite-de-travail-de-deux-jours-a-bruxelles\\\/#primaryimage\"},\"thumbnailUrl\":\"https:\\\/\\\/www.info-algerie.com\\\/actualites\\\/wp-content\\\/uploads\\\/2017\\\/05\\\/38df61836552fba776abf6c618a4981d_S-1.jpg\",\"keywords\":[\"ONU\"],\"articleSection\":[\"infos\"],\"inLanguage\":\"fr-FR\",\"potentialAction\":[{\"@type\":\"CommentAction\",\"name\":\"Comment\",\"target\":[\"https:\\\/\\\/www.info-algerie.com\\\/actualites\\\/messahel-entame-une-visite-de-travail-de-deux-jours-a-bruxelles\\\/#respond\"]}]},{\"@type\":\"WebPage\",\"@id\":\"https:\\\/\\\/www.info-algerie.com\\\/actualites\\\/messahel-entame-une-visite-de-travail-de-deux-jours-a-bruxelles\\\/\",\"url\":\"https:\\\/\\\/www.info-algerie.com\\\/actualites\\\/messahel-entame-une-visite-de-travail-de-deux-jours-a-bruxelles\\\/\",\"name\":\"Messahel entame une visite de travail de deux jours \u00e0 Bruxelles - info algerie\",\"isPartOf\":{\"@id\":\"https:\\\/\\\/www.info-algerie.com\\\/actualites\\\/#website\"},\"primaryImageOfPage\":{\"@id\":\"https:\\\/\\\/www.info-algerie.com\\\/actualites\\\/messahel-entame-une-visite-de-travail-de-deux-jours-a-bruxelles\\\/#primaryimage\"},\"image\":{\"@id\":\"https:\\\/\\\/www.info-algerie.com\\\/actualites\\\/messahel-entame-une-visite-de-travail-de-deux-jours-a-bruxelles\\\/#primaryimage\"},\"thumbnailUrl\":\"https:\\\/\\\/www.info-algerie.com\\\/actualites\\\/wp-content\\\/uploads\\\/2017\\\/05\\\/38df61836552fba776abf6c618a4981d_S-1.jpg\",\"datePublished\":\"2017-05-22T09:30:56+00:00\",\"breadcrumb\":{\"@id\":\"https:\\\/\\\/www.info-algerie.com\\\/actualites\\\/messahel-entame-une-visite-de-travail-de-deux-jours-a-bruxelles\\\/#breadcrumb\"},\"inLanguage\":\"fr-FR\",\"potentialAction\":[{\"@type\":\"ReadAction\",\"target\":[\"https:\\\/\\\/www.info-algerie.com\\\/actualites\\\/messahel-entame-une-visite-de-travail-de-deux-jours-a-bruxelles\\\/\"]}]},{\"@type\":\"ImageObject\",\"inLanguage\":\"fr-FR\",\"@id\":\"https:\\\/\\\/www.info-algerie.com\\\/actualites\\\/messahel-entame-une-visite-de-travail-de-deux-jours-a-bruxelles\\\/#primaryimage\",\"url\":\"https:\\\/\\\/www.info-algerie.com\\\/actualites\\\/wp-content\\\/uploads\\\/2017\\\/05\\\/38df61836552fba776abf6c618a4981d_S-1.jpg\",\"contentUrl\":\"https:\\\/\\\/www.info-algerie.com\\\/actualites\\\/wp-content\\\/uploads\\\/2017\\\/05\\\/38df61836552fba776abf6c618a4981d_S-1.jpg\",\"width\":280,\"height\":175},{\"@type\":\"BreadcrumbList\",\"@id\":\"https:\\\/\\\/www.info-algerie.com\\\/actualites\\\/messahel-entame-une-visite-de-travail-de-deux-jours-a-bruxelles\\\/#breadcrumb\",\"itemListElement\":[{\"@type\":\"ListItem\",\"position\":1,\"name\":\"Accueil\",\"item\":\"https:\\\/\\\/www.info-algerie.com\\\/actualites\\\/\"},{\"@type\":\"ListItem\",\"position\":2,\"name\":\"Messahel entame une visite de travail de deux jours \u00e0 Bruxelles\"}]},{\"@type\":\"WebSite\",\"@id\":\"https:\\\/\\\/www.info-algerie.com\\\/actualites\\\/#website\",\"url\":\"https:\\\/\\\/www.info-algerie.com\\\/actualites\\\/\",\"name\":\"info algerie\",\"description\":\"Toutes les actualit\u00e9s\",\"publisher\":{\"@id\":\"https:\\\/\\\/www.info-algerie.com\\\/actualites\\\/#organization\"},\"potentialAction\":[{\"@type\":\"SearchAction\",\"target\":{\"@type\":\"EntryPoint\",\"urlTemplate\":\"https:\\\/\\\/www.info-algerie.com\\\/actualites\\\/?s={search_term_string}\"},\"query-input\":{\"@type\":\"PropertyValueSpecification\",\"valueRequired\":true,\"valueName\":\"search_term_string\"}}],\"inLanguage\":\"fr-FR\"},{\"@type\":\"Organization\",\"@id\":\"https:\\\/\\\/www.info-algerie.com\\\/actualites\\\/#organization\",\"name\":\"info algerie\",\"url\":\"https:\\\/\\\/www.info-algerie.com\\\/actualites\\\/\",\"logo\":{\"@type\":\"ImageObject\",\"inLanguage\":\"fr-FR\",\"@id\":\"https:\\\/\\\/www.info-algerie.com\\\/actualites\\\/#\\\/schema\\\/logo\\\/image\\\/\",\"url\":\"https:\\\/\\\/www.info-algerie.com\\\/actualites\\\/wp-content\\\/uploads\\\/2022\\\/07\\\/logo-ia-120.png\",\"contentUrl\":\"https:\\\/\\\/www.info-algerie.com\\\/actualites\\\/wp-content\\\/uploads\\\/2022\\\/07\\\/logo-ia-120.png\",\"width\":120,\"height\":43,\"caption\":\"info algerie\"},\"image\":{\"@id\":\"https:\\\/\\\/www.info-algerie.com\\\/actualites\\\/#\\\/schema\\\/logo\\\/image\\\/\"},\"sameAs\":[\"https:\\\/\\\/www.facebook.com\\\/infoalgerieactu\",\"https:\\\/\\\/x.com\\\/infoalgerie1\"]},{\"@type\":\"Person\",\"@id\":\"https:\\\/\\\/www.info-algerie.com\\\/actualites\\\/#\\\/schema\\\/person\\\/847aaec44920825b843a08f30ec6aa1e\",\"name\":\"La r\u00e9daction\",\"image\":{\"@type\":\"ImageObject\",\"inLanguage\":\"fr-FR\",\"@id\":\"https:\\\/\\\/secure.gravatar.com\\\/avatar\\\/769db425c6f465158149f1ffd6cf61ce7a8a879d11dfbef8288af36dfddd418c?s=96&d=mm&r=g\",\"url\":\"https:\\\/\\\/secure.gravatar.com\\\/avatar\\\/769db425c6f465158149f1ffd6cf61ce7a8a879d11dfbef8288af36dfddd418c?s=96&d=mm&r=g\",\"contentUrl\":\"https:\\\/\\\/secure.gravatar.com\\\/avatar\\\/769db425c6f465158149f1ffd6cf61ce7a8a879d11dfbef8288af36dfddd418c?s=96&d=mm&r=g\",\"caption\":\"La r\u00e9daction\"},\"sameAs\":[\"http:\\\/\\\/www.lkeria.com\\\/\"],\"url\":\"https:\\\/\\\/www.info-algerie.com\\\/actualites\\\/author\\\/chakib32\\\/\"}]}<\/script>\n<!-- \/ Yoast SEO plugin. -->","yoast_head_json":{"title":"Messahel entame une visite de travail de deux jours \u00e0 Bruxelles - info algerie","robots":{"index":"index","follow":"follow","max-snippet":"max-snippet:-1","max-image-preview":"max-image-preview:large","max-video-preview":"max-video-preview:-1"},"canonical":"https:\/\/www.info-algerie.com\/actualites\/messahel-entame-une-visite-de-travail-de-deux-jours-a-bruxelles\/","og_locale":"fr_FR","og_type":"article","og_title":"Messahel entame une visite de travail de deux jours \u00e0 Bruxelles - info algerie","og_description":"BRUXELLES- Le ministre des Affaires maghr\u00e9bines, de\u00a0 l&rsquo;Union africaine et de la Ligue des Etats arabes, Abdelkader Messahel a\u00a0 entam\u00e9 lundi une visite de travail aux institutions europ\u00e9ennes, \u00e0\u00a0 Bruxelles, \u00e0 l&rsquo;invitation de la chef de la diplomatie europ\u00e9enne, Federica\u00a0 Mogherini. &#013; &#013; Lors de cette visite de travail de deux jours, le ministre s&rsquo;entretiendra\u00a0","og_url":"https:\/\/www.info-algerie.com\/actualites\/messahel-entame-une-visite-de-travail-de-deux-jours-a-bruxelles\/","og_site_name":"info algerie","article_publisher":"https:\/\/www.facebook.com\/infoalgerieactu","article_published_time":"2017-05-22T09:30:56+00:00","og_image":[{"width":280,"height":175,"url":"https:\/\/www.info-algerie.com\/actualites\/wp-content\/uploads\/2017\/05\/38df61836552fba776abf6c618a4981d_S-1.jpg","type":"image\/jpeg"}],"author":"La r\u00e9daction","twitter_misc":{"\u00c9crit par":"La r\u00e9daction","Dur\u00e9e de lecture estim\u00e9e":"2 minutes"},"schema":{"@context":"https:\/\/schema.org","@graph":[{"@type":"Article","@id":"https:\/\/www.info-algerie.com\/actualites\/messahel-entame-une-visite-de-travail-de-deux-jours-a-bruxelles\/#article","isPartOf":{"@id":"https:\/\/www.info-algerie.com\/actualites\/messahel-entame-une-visite-de-travail-de-deux-jours-a-bruxelles\/"},"author":{"name":"La r\u00e9daction","@id":"https:\/\/www.info-algerie.com\/actualites\/#\/schema\/person\/847aaec44920825b843a08f30ec6aa1e"},"headline":"Messahel entame une visite de travail de deux jours \u00e0 Bruxelles","datePublished":"2017-05-22T09:30:56+00:00","mainEntityOfPage":{"@id":"https:\/\/www.info-algerie.com\/actualites\/messahel-entame-une-visite-de-travail-de-deux-jours-a-bruxelles\/"},"wordCount":478,"commentCount":0,"publisher":{"@id":"https:\/\/www.info-algerie.com\/actualites\/#organization"},"image":{"@id":"https:\/\/www.info-algerie.com\/actualites\/messahel-entame-une-visite-de-travail-de-deux-jours-a-bruxelles\/#primaryimage"},"thumbnailUrl":"https:\/\/www.info-algerie.com\/actualites\/wp-content\/uploads\/2017\/05\/38df61836552fba776abf6c618a4981d_S-1.jpg","keywords":["ONU"],"articleSection":["infos"],"inLanguage":"fr-FR","potentialAction":[{"@type":"CommentAction","name":"Comment","target":["https:\/\/www.info-algerie.com\/actualites\/messahel-entame-une-visite-de-travail-de-deux-jours-a-bruxelles\/#respond"]}]},{"@type":"WebPage","@id":"https:\/\/www.info-algerie.com\/actualites\/messahel-entame-une-visite-de-travail-de-deux-jours-a-bruxelles\/","url":"https:\/\/www.info-algerie.com\/actualites\/messahel-entame-une-visite-de-travail-de-deux-jours-a-bruxelles\/","name":"Messahel entame une visite de travail de deux jours \u00e0 Bruxelles - info algerie","isPartOf":{"@id":"https:\/\/www.info-algerie.com\/actualites\/#website"},"primaryImageOfPage":{"@id":"https:\/\/www.info-algerie.com\/actualites\/messahel-entame-une-visite-de-travail-de-deux-jours-a-bruxelles\/#primaryimage"},"image":{"@id":"https:\/\/www.info-algerie.com\/actualites\/messahel-entame-une-visite-de-travail-de-deux-jours-a-bruxelles\/#primaryimage"},"thumbnailUrl":"https:\/\/www.info-algerie.com\/actualites\/wp-content\/uploads\/2017\/05\/38df61836552fba776abf6c618a4981d_S-1.jpg","datePublished":"2017-05-22T09:30:56+00:00","breadcrumb":{"@id":"https:\/\/www.info-algerie.com\/actualites\/messahel-entame-une-visite-de-travail-de-deux-jours-a-bruxelles\/#breadcrumb"},"inLanguage":"fr-FR","potentialAction":[{"@type":"ReadAction","target":["https:\/\/www.info-algerie.com\/actualites\/messahel-entame-une-visite-de-travail-de-deux-jours-a-bruxelles\/"]}]},{"@type":"ImageObject","inLanguage":"fr-FR","@id":"https:\/\/www.info-algerie.com\/actualites\/messahel-entame-une-visite-de-travail-de-deux-jours-a-bruxelles\/#primaryimage","url":"https:\/\/www.info-algerie.com\/actualites\/wp-content\/uploads\/2017\/05\/38df61836552fba776abf6c618a4981d_S-1.jpg","contentUrl":"https:\/\/www.info-algerie.com\/actualites\/wp-content\/uploads\/2017\/05\/38df61836552fba776abf6c618a4981d_S-1.jpg","width":280,"height":175},{"@type":"BreadcrumbList","@id":"https:\/\/www.info-algerie.com\/actualites\/messahel-entame-une-visite-de-travail-de-deux-jours-a-bruxelles\/#breadcrumb","itemListElement":[{"@type":"ListItem","position":1,"name":"Accueil","item":"https:\/\/www.info-algerie.com\/actualites\/"},{"@type":"ListItem","position":2,"name":"Messahel entame une visite de travail de deux jours \u00e0 Bruxelles"}]},{"@type":"WebSite","@id":"https:\/\/www.info-algerie.com\/actualites\/#website","url":"https:\/\/www.info-algerie.com\/actualites\/","name":"info algerie","description":"Toutes les actualit\u00e9s","publisher":{"@id":"https:\/\/www.info-algerie.com\/actualites\/#organization"},"potentialAction":[{"@type":"SearchAction","target":{"@type":"EntryPoint","urlTemplate":"https:\/\/www.info-algerie.com\/actualites\/?s={search_term_string}"},"query-input":{"@type":"PropertyValueSpecification","valueRequired":true,"valueName":"search_term_string"}}],"inLanguage":"fr-FR"},{"@type":"Organization","@id":"https:\/\/www.info-algerie.com\/actualites\/#organization","name":"info algerie","url":"https:\/\/www.info-algerie.com\/actualites\/","logo":{"@type":"ImageObject","inLanguage":"fr-FR","@id":"https:\/\/www.info-algerie.com\/actualites\/#\/schema\/logo\/image\/","url":"https:\/\/www.info-algerie.com\/actualites\/wp-content\/uploads\/2022\/07\/logo-ia-120.png","contentUrl":"https:\/\/www.info-algerie.com\/actualites\/wp-content\/uploads\/2022\/07\/logo-ia-120.png","width":120,"height":43,"caption":"info algerie"},"image":{"@id":"https:\/\/www.info-algerie.com\/actualites\/#\/schema\/logo\/image\/"},"sameAs":["https:\/\/www.facebook.com\/infoalgerieactu","https:\/\/x.com\/infoalgerie1"]},{"@type":"Person","@id":"https:\/\/www.info-algerie.com\/actualites\/#\/schema\/person\/847aaec44920825b843a08f30ec6aa1e","name":"La r\u00e9daction","image":{"@type":"ImageObject","inLanguage":"fr-FR","@id":"https:\/\/secure.gravatar.com\/avatar\/769db425c6f465158149f1ffd6cf61ce7a8a879d11dfbef8288af36dfddd418c?s=96&d=mm&r=g","url":"https:\/\/secure.gravatar.com\/avatar\/769db425c6f465158149f1ffd6cf61ce7a8a879d11dfbef8288af36dfddd418c?s=96&d=mm&r=g","contentUrl":"https:\/\/secure.gravatar.com\/avatar\/769db425c6f465158149f1ffd6cf61ce7a8a879d11dfbef8288af36dfddd418c?s=96&d=mm&r=g","caption":"La r\u00e9daction"},"sameAs":["http:\/\/www.lkeria.com\/"],"url":"https:\/\/www.info-algerie.com\/actualites\/author\/chakib32\/"}]}},"_links":{"self":[{"href":"https:\/\/www.info-algerie.com\/actualites\/wp-json\/wp\/v2\/posts\/12345","targetHints":{"allow":["GET"]}}],"collection":[{"href":"https:\/\/www.info-algerie.com\/actualites\/wp-json\/wp\/v2\/posts"}],"about":[{"href":"https:\/\/www.info-algerie.com\/actualites\/wp-json\/wp\/v2\/types\/post"}],"author":[{"embeddable":true,"href":"https:\/\/www.info-algerie.com\/actualites\/wp-json\/wp\/v2\/users\/6"}],"replies":[{"embeddable":true,"href":"https:\/\/www.info-algerie.com\/actualites\/wp-json\/wp\/v2\/comments?post=12345"}],"version-history":[{"count":0,"href":"https:\/\/www.info-algerie.com\/actualites\/wp-json\/wp\/v2\/posts\/12345\/revisions"}],"wp:featuredmedia":[{"embeddable":true,"href":"https:\/\/www.info-algerie.com\/actualites\/wp-json\/wp\/v2\/media\/12346"}],"wp:attachment":[{"href":"https:\/\/www.info-algerie.com\/actualites\/wp-json\/wp\/v2\/media?parent=12345"}],"wp:term":[{"taxonomy":"category","embeddable":true,"href":"https:\/\/www.info-algerie.com\/actualites\/wp-json\/wp\/v2\/categories?post=12345"},{"taxonomy":"post_tag","embeddable":true,"href":"https:\/\/www.info-algerie.com\/actualites\/wp-json\/wp\/v2\/tags?post=12345"}],"curies":[{"name":"wp","href":"https:\/\/api.w.org\/{rel}","templated":true}]}}