{"id":12353,"date":"2017-05-22T13:15:43","date_gmt":"2017-05-22T12:15:43","guid":{"rendered":"http:\/\/www.info-algerie.com\/actualites\/le-front-polisario-condamne-energiquement-le-comportement-agressif-de-la-delegation-marocaine-au-seminaire-des-caraibes\/"},"modified":"2017-05-22T13:15:43","modified_gmt":"2017-05-22T12:15:43","slug":"le-front-polisario-condamne-energiquement-le-comportement-agressif-de-la-delegation-marocaine-au-seminaire-des-caraibes","status":"publish","type":"post","link":"https:\/\/www.info-algerie.com\/actualites\/le-front-polisario-condamne-energiquement-le-comportement-agressif-de-la-delegation-marocaine-au-seminaire-des-caraibes\/","title":{"rendered":"Le Front Polisario condamne &quot;\u00e9nergiquement&quot; le comportement agressif de la\u00a0 d\u00e9l\u00e9gation marocaine au s\u00e9minaire des Cara\u00efbes"},"content":{"rendered":"<div class=\"K2FeedImage\"><img decoding=\"async\" src=\"https:\/\/www.info-algerie.com\/actualites\/wp-content\/uploads\/2017\/05\/b1bac9a057db4103e0e654e62843c23b_S.jpg\" \/><\/div>\n<div class=\"K2FeedIntroText\">\n<p class=\"MsoNoSpacing\">NEW YORK- Le Front Polisario a condamn\u00e9 lundi le\u00a0 comportement \u00a0\u00bb agressif \u00a0\u00bb et \u00a0\u00bb irresponsable\u00a0\u00bb de la d\u00e9l\u00e9gation marocaine\u00a0 contre des repr\u00e9sentants d\u2019Etats souverains au dernier s\u00e9minaire de l&rsquo;ONU\u00a0 sur la d\u00e9colonsation, tenu \u00e0 Kingstown (Saint-Vincent et les Grenadines).<\/p>\n<p>&#013;\n<\/p><\/div>\n<div class=\"K2FeedFullText\">&#013;<\/p>\n<p>\u00ab\u00a0Le comportement agressif et irresponsable contre des repr\u00e9sentants\u00a0 d&rsquo;Etats souverains, membres de l&rsquo;ONU participants \u00e0 des r\u00e9unions\u00a0 officielles, que le Front Polisario condamne \u00e9nergiquement, a fait prendre\u00a0 conscience aux d\u00e9l\u00e9gations de la r\u00e9pression virulente exerc\u00e9e par la\u00a0 puissance occupante contre nos populations civiles dans les zones occup\u00e9es,\u00a0 converties en une immense prison \u00e0 ciel ouvert\u00a0 , indique le repr\u00e9sentant\u00a0 du Front Polisario, aupr\u00e8s de l\u2019ONU, Ahmed Boukhari, dans une d\u00e9claration\u00a0 transmise \u00e0 la presse.<\/p>\n<p>&#013;<\/p>\n<p>M. Boukhari a pr\u00e9cis\u00e9 que \u00a0\u00bb devant l&rsquo;\u00e9chec des manoeuvres et des tentatives\u00a0 visant \u00e0 tromper les participants au s\u00e9minaire, la d\u00e9l\u00e9gation marocaine a\u00a0 eu recours \u00e0 l&rsquo;agression physique directe contre des membres de la\u00a0 d\u00e9l\u00e9gation alg\u00e9rienne, dont a \u00e9t\u00e9 t\u00e9moin\u00a0\u00bb l\u2019ensemble des d\u00e9l\u00e9gations qui\u00a0 ont pris part \u00e0 cette rencontre.<\/p>\n<p>&#013;<\/p>\n<p>Les d\u00e9l\u00e9gations des pays, amis de la cause sahraouie, ont fait l&rsquo;objet\u00a0 d\u2019un v\u00e9ritable \u00a0\u00bb harc\u00e8lement au cours des trois jours qu\u2019a dur\u00e9 le\u00a0 s\u00e9minaire et ont \u00e9t\u00e9 t\u00e9moins de la pi\u00e8ce th\u00e9\u00e2trale exhib\u00e9e par la d\u00e9l\u00e9gation du Maroc visant \u00e0 faire croire en vain que l&rsquo;agresseur a \u00e9t\u00e9\u00a0 victime d\u2019une agression\u00a0\u00bb, ajoute M. Boukhari.<\/p>\n<p>&#013;<\/p>\n<p>\u00ab\u00a0Ce n\u2019est pas la premi\u00e8re fois que le Maroc se livre \u00e0 de telles\u00a0 manoeuvres, dont l\u2019objectif est peut-\u00eatre de tromper l\u2019opinion publique au\u00a0 Maroc mais il ne peut tromper l&rsquo;opinion internationale, ni les Etats\u00a0 membres de l&rsquo;ONU qui ont \u00e9t\u00e9 les t\u00e9moins directs de l&rsquo;\u00e9chec de la manoeuvre\u00a0 et de l&rsquo;agression contre la d\u00e9l\u00e9gation de l&rsquo;Alg\u00e9rie \u00ab\u00a0, encha\u00eene-t-il.<\/p>\n<p>&#013;<\/p>\n<p>Le repr\u00e9sentant du Front Polisario rel\u00e8ve que la juste cause du peuple\u00a0 sahraoui a triomph\u00e9 \u00e0 nouveau lors de ce s\u00e9minaire. \u00a0\u00bb Les Nations Unies ont\u00a0 une nouvelle fois r\u00e9affirm\u00e9 le droit inali\u00e9nable du peuple sahraoui \u00e0\u00a0 l&rsquo;autod\u00e9termination et \u00e0 l&rsquo;ind\u00e9pendance et r\u00e9it\u00e9r\u00e9 que le Front Polisario\u00a0 est son seul repr\u00e9sentant l\u00e9gitime \u00ab\u00a0.<\/p>\n<p>&#013;<\/p>\n<p>Il note que \u00a0\u00bb la tentative \u00e9chou\u00e9e du Maroc intervient apr\u00e8s la r\u00e9solution\u00a0 du Conseil de s\u00e9curit\u00e9 adopt\u00e9e en avril dernier par laquelle l\u2019organe\u00a0 onusien exhorte les deux parties, le Front Polisario et le gouvernement de\u00a0 la puissance occupante, \u00e0 reprendre des n\u00e9gociations directes sous les auspices du secr\u00e9taire g\u00e9n\u00e9ral de l&rsquo;ONU et de son envoy\u00e9 personnel, le\u00a0 pr\u00e9sident Horst Kohler \u00ab\u00a0.<\/p>\n<p>&#013;<\/p>\n<p>M. Boukhari explique que le Maroc \u00a0\u00bb continue \u00e0 dresser des obstacles \u00e0 la\u00a0 reprise des n\u00e9gociations \u00a0\u00bb par des man\u00a3uvres visant \u00e0 retarder la\u00a0 nomination du nouveau \u00e9missaire de l\u2019ONU.<\/p>\n<p>&#013;<\/p>\n<p>\u00a0<\/p>\n<p>&#013;<\/p>\n<p>La tentative rat\u00e9e du Maroc a \u00a0\u00bb eu lieu au moment o\u00f9 la l\u00e9galit\u00e9\u00a0 internationale a \u00e9t\u00e9 activ\u00e9e par notre pays pour freiner et mettre fin au\u00a0 pillage de nos richesses naturelles \u00ab\u00a0, souligne-t-il.<\/p>\n<\/div>\n<p>&#013;<br \/>\nSource: <a href=\"http:\/\/www.aps.dz\/algerie\/57989-le-front-polisario-condamne-energiquement-le-comportement-agressif-de-la-delegation-marocaine-au-seminaire-des-caraibes\" target=\"_blank\">Le Front Polisario condamne \u00ab\u00a0\u00e9nergiquement\u00a0\u00bb le comportement agressif de la\u00a0 d\u00e9l\u00e9gation marocaine au s\u00e9minaire des Cara\u00efbes<\/a><\/p>\n<!--CusAds0-->\n<div style=\"font-size: 0px; height: 0px; line-height: 0px; margin: 0; padding: 0; clear: both;\"><\/div>","protected":false},"excerpt":{"rendered":"<p>NEW YORK- Le Front Polisario a condamn\u00e9 lundi le\u00a0 comportement \u00a0\u00bb agressif \u00a0\u00bb et \u00a0\u00bb irresponsable\u00a0\u00bb de la d\u00e9l\u00e9gation marocaine\u00a0 contre des repr\u00e9sentants d\u2019Etats souverains au dernier s\u00e9minaire de l&rsquo;ONU\u00a0 sur la d\u00e9colonsation, tenu \u00e0 Kingstown (Saint-Vincent et les Grenadines). &#013; &#013; \u00ab\u00a0Le comportement agressif et irresponsable contre des repr\u00e9sentants\u00a0 d&rsquo;Etats souverains, membres de l&rsquo;ONU<\/p>\n","protected":false},"author":6,"featured_media":12354,"comment_status":"open","ping_status":"open","sticky":false,"template":"","format":"standard","meta":{"footnotes":""},"categories":[22],"tags":[93],"class_list":["post-12353","post","type-post","status-publish","format-standard","has-post-thumbnail","hentry","category-infos","tag-onu"],"yoast_head":"<!-- This site is optimized with the Yoast SEO plugin v27.5 - https:\/\/yoast.com\/product\/yoast-seo-wordpress\/ -->\n<title>Le Front Polisario condamne &quot;\u00e9nergiquement&quot; le comportement agressif de la\u00a0 d\u00e9l\u00e9gation marocaine au s\u00e9minaire des Cara\u00efbes - info algerie<\/title>\n<meta name=\"robots\" content=\"index, follow, max-snippet:-1, max-image-preview:large, max-video-preview:-1\" \/>\n<link rel=\"canonical\" href=\"https:\/\/www.info-algerie.com\/actualites\/le-front-polisario-condamne-energiquement-le-comportement-agressif-de-la-delegation-marocaine-au-seminaire-des-caraibes\/\" \/>\n<meta property=\"og:locale\" content=\"fr_FR\" \/>\n<meta property=\"og:type\" content=\"article\" \/>\n<meta property=\"og:title\" content=\"Le Front Polisario condamne &quot;\u00e9nergiquement&quot; le comportement agressif de la\u00a0 d\u00e9l\u00e9gation marocaine au s\u00e9minaire des Cara\u00efbes - info algerie\" \/>\n<meta property=\"og:description\" content=\"NEW YORK- Le Front Polisario a condamn\u00e9 lundi le\u00a0 comportement \u00a0\u00bb agressif \u00a0\u00bb et \u00a0\u00bb irresponsable\u00a0\u00bb de la d\u00e9l\u00e9gation marocaine\u00a0 contre des repr\u00e9sentants d\u2019Etats souverains au dernier s\u00e9minaire de l&rsquo;ONU\u00a0 sur la d\u00e9colonsation, tenu \u00e0 Kingstown (Saint-Vincent et les Grenadines). &#013; &#013; \u00ab\u00a0Le comportement agressif et irresponsable contre des repr\u00e9sentants\u00a0 d&rsquo;Etats souverains, membres de l&rsquo;ONU\" \/>\n<meta property=\"og:url\" content=\"https:\/\/www.info-algerie.com\/actualites\/le-front-polisario-condamne-energiquement-le-comportement-agressif-de-la-delegation-marocaine-au-seminaire-des-caraibes\/\" \/>\n<meta property=\"og:site_name\" content=\"info algerie\" \/>\n<meta property=\"article:publisher\" content=\"https:\/\/www.facebook.com\/infoalgerieactu\" \/>\n<meta property=\"article:published_time\" content=\"2017-05-22T12:15:43+00:00\" \/>\n<meta property=\"og:image\" content=\"https:\/\/www.info-algerie.com\/actualites\/wp-content\/uploads\/2017\/05\/b1bac9a057db4103e0e654e62843c23b_S-1.jpg\" \/>\n\t<meta property=\"og:image:width\" content=\"280\" \/>\n\t<meta property=\"og:image:height\" content=\"186\" \/>\n\t<meta property=\"og:image:type\" content=\"image\/jpeg\" \/>\n<meta name=\"author\" content=\"La r\u00e9daction\" \/>\n<meta name=\"twitter:label1\" content=\"\u00c9crit par\" \/>\n\t<meta name=\"twitter:data1\" content=\"La r\u00e9daction\" \/>\n\t<meta name=\"twitter:label2\" content=\"Dur\u00e9e de lecture estim\u00e9e\" \/>\n\t<meta name=\"twitter:data2\" content=\"3 minutes\" \/>\n<script type=\"application\/ld+json\" class=\"yoast-schema-graph\">{\"@context\":\"https:\\\/\\\/schema.org\",\"@graph\":[{\"@type\":\"Article\",\"@id\":\"https:\\\/\\\/www.info-algerie.com\\\/actualites\\\/le-front-polisario-condamne-energiquement-le-comportement-agressif-de-la-delegation-marocaine-au-seminaire-des-caraibes\\\/#article\",\"isPartOf\":{\"@id\":\"https:\\\/\\\/www.info-algerie.com\\\/actualites\\\/le-front-polisario-condamne-energiquement-le-comportement-agressif-de-la-delegation-marocaine-au-seminaire-des-caraibes\\\/\"},\"author\":{\"name\":\"La r\u00e9daction\",\"@id\":\"https:\\\/\\\/www.info-algerie.com\\\/actualites\\\/#\\\/schema\\\/person\\\/847aaec44920825b843a08f30ec6aa1e\"},\"headline\":\"Le Front Polisario condamne &quot;\u00e9nergiquement&quot; le comportement agressif de la\u00a0 d\u00e9l\u00e9gation marocaine au s\u00e9minaire des Cara\u00efbes\",\"datePublished\":\"2017-05-22T12:15:43+00:00\",\"mainEntityOfPage\":{\"@id\":\"https:\\\/\\\/www.info-algerie.com\\\/actualites\\\/le-front-polisario-condamne-energiquement-le-comportement-agressif-de-la-delegation-marocaine-au-seminaire-des-caraibes\\\/\"},\"wordCount\":566,\"commentCount\":0,\"publisher\":{\"@id\":\"https:\\\/\\\/www.info-algerie.com\\\/actualites\\\/#organization\"},\"image\":{\"@id\":\"https:\\\/\\\/www.info-algerie.com\\\/actualites\\\/le-front-polisario-condamne-energiquement-le-comportement-agressif-de-la-delegation-marocaine-au-seminaire-des-caraibes\\\/#primaryimage\"},\"thumbnailUrl\":\"https:\\\/\\\/www.info-algerie.com\\\/actualites\\\/wp-content\\\/uploads\\\/2017\\\/05\\\/b1bac9a057db4103e0e654e62843c23b_S-1.jpg\",\"keywords\":[\"ONU\"],\"articleSection\":[\"infos\"],\"inLanguage\":\"fr-FR\",\"potentialAction\":[{\"@type\":\"CommentAction\",\"name\":\"Comment\",\"target\":[\"https:\\\/\\\/www.info-algerie.com\\\/actualites\\\/le-front-polisario-condamne-energiquement-le-comportement-agressif-de-la-delegation-marocaine-au-seminaire-des-caraibes\\\/#respond\"]}]},{\"@type\":\"WebPage\",\"@id\":\"https:\\\/\\\/www.info-algerie.com\\\/actualites\\\/le-front-polisario-condamne-energiquement-le-comportement-agressif-de-la-delegation-marocaine-au-seminaire-des-caraibes\\\/\",\"url\":\"https:\\\/\\\/www.info-algerie.com\\\/actualites\\\/le-front-polisario-condamne-energiquement-le-comportement-agressif-de-la-delegation-marocaine-au-seminaire-des-caraibes\\\/\",\"name\":\"Le Front Polisario condamne &quot;\u00e9nergiquement&quot; le comportement agressif de la\u00a0 d\u00e9l\u00e9gation marocaine au s\u00e9minaire des Cara\u00efbes - info algerie\",\"isPartOf\":{\"@id\":\"https:\\\/\\\/www.info-algerie.com\\\/actualites\\\/#website\"},\"primaryImageOfPage\":{\"@id\":\"https:\\\/\\\/www.info-algerie.com\\\/actualites\\\/le-front-polisario-condamne-energiquement-le-comportement-agressif-de-la-delegation-marocaine-au-seminaire-des-caraibes\\\/#primaryimage\"},\"image\":{\"@id\":\"https:\\\/\\\/www.info-algerie.com\\\/actualites\\\/le-front-polisario-condamne-energiquement-le-comportement-agressif-de-la-delegation-marocaine-au-seminaire-des-caraibes\\\/#primaryimage\"},\"thumbnailUrl\":\"https:\\\/\\\/www.info-algerie.com\\\/actualites\\\/wp-content\\\/uploads\\\/2017\\\/05\\\/b1bac9a057db4103e0e654e62843c23b_S-1.jpg\",\"datePublished\":\"2017-05-22T12:15:43+00:00\",\"breadcrumb\":{\"@id\":\"https:\\\/\\\/www.info-algerie.com\\\/actualites\\\/le-front-polisario-condamne-energiquement-le-comportement-agressif-de-la-delegation-marocaine-au-seminaire-des-caraibes\\\/#breadcrumb\"},\"inLanguage\":\"fr-FR\",\"potentialAction\":[{\"@type\":\"ReadAction\",\"target\":[\"https:\\\/\\\/www.info-algerie.com\\\/actualites\\\/le-front-polisario-condamne-energiquement-le-comportement-agressif-de-la-delegation-marocaine-au-seminaire-des-caraibes\\\/\"]}]},{\"@type\":\"ImageObject\",\"inLanguage\":\"fr-FR\",\"@id\":\"https:\\\/\\\/www.info-algerie.com\\\/actualites\\\/le-front-polisario-condamne-energiquement-le-comportement-agressif-de-la-delegation-marocaine-au-seminaire-des-caraibes\\\/#primaryimage\",\"url\":\"https:\\\/\\\/www.info-algerie.com\\\/actualites\\\/wp-content\\\/uploads\\\/2017\\\/05\\\/b1bac9a057db4103e0e654e62843c23b_S-1.jpg\",\"contentUrl\":\"https:\\\/\\\/www.info-algerie.com\\\/actualites\\\/wp-content\\\/uploads\\\/2017\\\/05\\\/b1bac9a057db4103e0e654e62843c23b_S-1.jpg\",\"width\":280,\"height\":186},{\"@type\":\"BreadcrumbList\",\"@id\":\"https:\\\/\\\/www.info-algerie.com\\\/actualites\\\/le-front-polisario-condamne-energiquement-le-comportement-agressif-de-la-delegation-marocaine-au-seminaire-des-caraibes\\\/#breadcrumb\",\"itemListElement\":[{\"@type\":\"ListItem\",\"position\":1,\"name\":\"Accueil\",\"item\":\"https:\\\/\\\/www.info-algerie.com\\\/actualites\\\/\"},{\"@type\":\"ListItem\",\"position\":2,\"name\":\"Le Front Polisario condamne &quot;\u00e9nergiquement&quot; le comportement agressif de la\u00a0 d\u00e9l\u00e9gation marocaine au s\u00e9minaire des Cara\u00efbes\"}]},{\"@type\":\"WebSite\",\"@id\":\"https:\\\/\\\/www.info-algerie.com\\\/actualites\\\/#website\",\"url\":\"https:\\\/\\\/www.info-algerie.com\\\/actualites\\\/\",\"name\":\"info algerie\",\"description\":\"Toutes les actualit\u00e9s\",\"publisher\":{\"@id\":\"https:\\\/\\\/www.info-algerie.com\\\/actualites\\\/#organization\"},\"potentialAction\":[{\"@type\":\"SearchAction\",\"target\":{\"@type\":\"EntryPoint\",\"urlTemplate\":\"https:\\\/\\\/www.info-algerie.com\\\/actualites\\\/?s={search_term_string}\"},\"query-input\":{\"@type\":\"PropertyValueSpecification\",\"valueRequired\":true,\"valueName\":\"search_term_string\"}}],\"inLanguage\":\"fr-FR\"},{\"@type\":\"Organization\",\"@id\":\"https:\\\/\\\/www.info-algerie.com\\\/actualites\\\/#organization\",\"name\":\"info algerie\",\"url\":\"https:\\\/\\\/www.info-algerie.com\\\/actualites\\\/\",\"logo\":{\"@type\":\"ImageObject\",\"inLanguage\":\"fr-FR\",\"@id\":\"https:\\\/\\\/www.info-algerie.com\\\/actualites\\\/#\\\/schema\\\/logo\\\/image\\\/\",\"url\":\"https:\\\/\\\/www.info-algerie.com\\\/actualites\\\/wp-content\\\/uploads\\\/2022\\\/07\\\/logo-ia-120.png\",\"contentUrl\":\"https:\\\/\\\/www.info-algerie.com\\\/actualites\\\/wp-content\\\/uploads\\\/2022\\\/07\\\/logo-ia-120.png\",\"width\":120,\"height\":43,\"caption\":\"info algerie\"},\"image\":{\"@id\":\"https:\\\/\\\/www.info-algerie.com\\\/actualites\\\/#\\\/schema\\\/logo\\\/image\\\/\"},\"sameAs\":[\"https:\\\/\\\/www.facebook.com\\\/infoalgerieactu\",\"https:\\\/\\\/x.com\\\/infoalgerie1\"]},{\"@type\":\"Person\",\"@id\":\"https:\\\/\\\/www.info-algerie.com\\\/actualites\\\/#\\\/schema\\\/person\\\/847aaec44920825b843a08f30ec6aa1e\",\"name\":\"La r\u00e9daction\",\"image\":{\"@type\":\"ImageObject\",\"inLanguage\":\"fr-FR\",\"@id\":\"https:\\\/\\\/secure.gravatar.com\\\/avatar\\\/769db425c6f465158149f1ffd6cf61ce7a8a879d11dfbef8288af36dfddd418c?s=96&d=mm&r=g\",\"url\":\"https:\\\/\\\/secure.gravatar.com\\\/avatar\\\/769db425c6f465158149f1ffd6cf61ce7a8a879d11dfbef8288af36dfddd418c?s=96&d=mm&r=g\",\"contentUrl\":\"https:\\\/\\\/secure.gravatar.com\\\/avatar\\\/769db425c6f465158149f1ffd6cf61ce7a8a879d11dfbef8288af36dfddd418c?s=96&d=mm&r=g\",\"caption\":\"La r\u00e9daction\"},\"sameAs\":[\"http:\\\/\\\/www.lkeria.com\\\/\"],\"url\":\"https:\\\/\\\/www.info-algerie.com\\\/actualites\\\/author\\\/chakib32\\\/\"}]}<\/script>\n<!-- \/ Yoast SEO plugin. -->","yoast_head_json":{"title":"Le Front Polisario condamne &quot;\u00e9nergiquement&quot; le comportement agressif de la\u00a0 d\u00e9l\u00e9gation marocaine au s\u00e9minaire des Cara\u00efbes - info algerie","robots":{"index":"index","follow":"follow","max-snippet":"max-snippet:-1","max-image-preview":"max-image-preview:large","max-video-preview":"max-video-preview:-1"},"canonical":"https:\/\/www.info-algerie.com\/actualites\/le-front-polisario-condamne-energiquement-le-comportement-agressif-de-la-delegation-marocaine-au-seminaire-des-caraibes\/","og_locale":"fr_FR","og_type":"article","og_title":"Le Front Polisario condamne &quot;\u00e9nergiquement&quot; le comportement agressif de la\u00a0 d\u00e9l\u00e9gation marocaine au s\u00e9minaire des Cara\u00efbes - info algerie","og_description":"NEW YORK- Le Front Polisario a condamn\u00e9 lundi le\u00a0 comportement \u00a0\u00bb agressif \u00a0\u00bb et \u00a0\u00bb irresponsable\u00a0\u00bb de la d\u00e9l\u00e9gation marocaine\u00a0 contre des repr\u00e9sentants d\u2019Etats souverains au dernier s\u00e9minaire de l&rsquo;ONU\u00a0 sur la d\u00e9colonsation, tenu \u00e0 Kingstown (Saint-Vincent et les Grenadines). &#013; &#013; \u00ab\u00a0Le comportement agressif et irresponsable contre des repr\u00e9sentants\u00a0 d&rsquo;Etats souverains, membres de l&rsquo;ONU","og_url":"https:\/\/www.info-algerie.com\/actualites\/le-front-polisario-condamne-energiquement-le-comportement-agressif-de-la-delegation-marocaine-au-seminaire-des-caraibes\/","og_site_name":"info algerie","article_publisher":"https:\/\/www.facebook.com\/infoalgerieactu","article_published_time":"2017-05-22T12:15:43+00:00","og_image":[{"width":280,"height":186,"url":"https:\/\/www.info-algerie.com\/actualites\/wp-content\/uploads\/2017\/05\/b1bac9a057db4103e0e654e62843c23b_S-1.jpg","type":"image\/jpeg"}],"author":"La r\u00e9daction","twitter_misc":{"\u00c9crit par":"La r\u00e9daction","Dur\u00e9e de lecture estim\u00e9e":"3 minutes"},"schema":{"@context":"https:\/\/schema.org","@graph":[{"@type":"Article","@id":"https:\/\/www.info-algerie.com\/actualites\/le-front-polisario-condamne-energiquement-le-comportement-agressif-de-la-delegation-marocaine-au-seminaire-des-caraibes\/#article","isPartOf":{"@id":"https:\/\/www.info-algerie.com\/actualites\/le-front-polisario-condamne-energiquement-le-comportement-agressif-de-la-delegation-marocaine-au-seminaire-des-caraibes\/"},"author":{"name":"La r\u00e9daction","@id":"https:\/\/www.info-algerie.com\/actualites\/#\/schema\/person\/847aaec44920825b843a08f30ec6aa1e"},"headline":"Le Front Polisario condamne &quot;\u00e9nergiquement&quot; le comportement agressif de la\u00a0 d\u00e9l\u00e9gation marocaine au s\u00e9minaire des Cara\u00efbes","datePublished":"2017-05-22T12:15:43+00:00","mainEntityOfPage":{"@id":"https:\/\/www.info-algerie.com\/actualites\/le-front-polisario-condamne-energiquement-le-comportement-agressif-de-la-delegation-marocaine-au-seminaire-des-caraibes\/"},"wordCount":566,"commentCount":0,"publisher":{"@id":"https:\/\/www.info-algerie.com\/actualites\/#organization"},"image":{"@id":"https:\/\/www.info-algerie.com\/actualites\/le-front-polisario-condamne-energiquement-le-comportement-agressif-de-la-delegation-marocaine-au-seminaire-des-caraibes\/#primaryimage"},"thumbnailUrl":"https:\/\/www.info-algerie.com\/actualites\/wp-content\/uploads\/2017\/05\/b1bac9a057db4103e0e654e62843c23b_S-1.jpg","keywords":["ONU"],"articleSection":["infos"],"inLanguage":"fr-FR","potentialAction":[{"@type":"CommentAction","name":"Comment","target":["https:\/\/www.info-algerie.com\/actualites\/le-front-polisario-condamne-energiquement-le-comportement-agressif-de-la-delegation-marocaine-au-seminaire-des-caraibes\/#respond"]}]},{"@type":"WebPage","@id":"https:\/\/www.info-algerie.com\/actualites\/le-front-polisario-condamne-energiquement-le-comportement-agressif-de-la-delegation-marocaine-au-seminaire-des-caraibes\/","url":"https:\/\/www.info-algerie.com\/actualites\/le-front-polisario-condamne-energiquement-le-comportement-agressif-de-la-delegation-marocaine-au-seminaire-des-caraibes\/","name":"Le Front Polisario condamne &quot;\u00e9nergiquement&quot; le comportement agressif de la\u00a0 d\u00e9l\u00e9gation marocaine au s\u00e9minaire des Cara\u00efbes - info algerie","isPartOf":{"@id":"https:\/\/www.info-algerie.com\/actualites\/#website"},"primaryImageOfPage":{"@id":"https:\/\/www.info-algerie.com\/actualites\/le-front-polisario-condamne-energiquement-le-comportement-agressif-de-la-delegation-marocaine-au-seminaire-des-caraibes\/#primaryimage"},"image":{"@id":"https:\/\/www.info-algerie.com\/actualites\/le-front-polisario-condamne-energiquement-le-comportement-agressif-de-la-delegation-marocaine-au-seminaire-des-caraibes\/#primaryimage"},"thumbnailUrl":"https:\/\/www.info-algerie.com\/actualites\/wp-content\/uploads\/2017\/05\/b1bac9a057db4103e0e654e62843c23b_S-1.jpg","datePublished":"2017-05-22T12:15:43+00:00","breadcrumb":{"@id":"https:\/\/www.info-algerie.com\/actualites\/le-front-polisario-condamne-energiquement-le-comportement-agressif-de-la-delegation-marocaine-au-seminaire-des-caraibes\/#breadcrumb"},"inLanguage":"fr-FR","potentialAction":[{"@type":"ReadAction","target":["https:\/\/www.info-algerie.com\/actualites\/le-front-polisario-condamne-energiquement-le-comportement-agressif-de-la-delegation-marocaine-au-seminaire-des-caraibes\/"]}]},{"@type":"ImageObject","inLanguage":"fr-FR","@id":"https:\/\/www.info-algerie.com\/actualites\/le-front-polisario-condamne-energiquement-le-comportement-agressif-de-la-delegation-marocaine-au-seminaire-des-caraibes\/#primaryimage","url":"https:\/\/www.info-algerie.com\/actualites\/wp-content\/uploads\/2017\/05\/b1bac9a057db4103e0e654e62843c23b_S-1.jpg","contentUrl":"https:\/\/www.info-algerie.com\/actualites\/wp-content\/uploads\/2017\/05\/b1bac9a057db4103e0e654e62843c23b_S-1.jpg","width":280,"height":186},{"@type":"BreadcrumbList","@id":"https:\/\/www.info-algerie.com\/actualites\/le-front-polisario-condamne-energiquement-le-comportement-agressif-de-la-delegation-marocaine-au-seminaire-des-caraibes\/#breadcrumb","itemListElement":[{"@type":"ListItem","position":1,"name":"Accueil","item":"https:\/\/www.info-algerie.com\/actualites\/"},{"@type":"ListItem","position":2,"name":"Le Front Polisario condamne &quot;\u00e9nergiquement&quot; le comportement agressif de la\u00a0 d\u00e9l\u00e9gation marocaine au s\u00e9minaire des Cara\u00efbes"}]},{"@type":"WebSite","@id":"https:\/\/www.info-algerie.com\/actualites\/#website","url":"https:\/\/www.info-algerie.com\/actualites\/","name":"info algerie","description":"Toutes les actualit\u00e9s","publisher":{"@id":"https:\/\/www.info-algerie.com\/actualites\/#organization"},"potentialAction":[{"@type":"SearchAction","target":{"@type":"EntryPoint","urlTemplate":"https:\/\/www.info-algerie.com\/actualites\/?s={search_term_string}"},"query-input":{"@type":"PropertyValueSpecification","valueRequired":true,"valueName":"search_term_string"}}],"inLanguage":"fr-FR"},{"@type":"Organization","@id":"https:\/\/www.info-algerie.com\/actualites\/#organization","name":"info algerie","url":"https:\/\/www.info-algerie.com\/actualites\/","logo":{"@type":"ImageObject","inLanguage":"fr-FR","@id":"https:\/\/www.info-algerie.com\/actualites\/#\/schema\/logo\/image\/","url":"https:\/\/www.info-algerie.com\/actualites\/wp-content\/uploads\/2022\/07\/logo-ia-120.png","contentUrl":"https:\/\/www.info-algerie.com\/actualites\/wp-content\/uploads\/2022\/07\/logo-ia-120.png","width":120,"height":43,"caption":"info algerie"},"image":{"@id":"https:\/\/www.info-algerie.com\/actualites\/#\/schema\/logo\/image\/"},"sameAs":["https:\/\/www.facebook.com\/infoalgerieactu","https:\/\/x.com\/infoalgerie1"]},{"@type":"Person","@id":"https:\/\/www.info-algerie.com\/actualites\/#\/schema\/person\/847aaec44920825b843a08f30ec6aa1e","name":"La r\u00e9daction","image":{"@type":"ImageObject","inLanguage":"fr-FR","@id":"https:\/\/secure.gravatar.com\/avatar\/769db425c6f465158149f1ffd6cf61ce7a8a879d11dfbef8288af36dfddd418c?s=96&d=mm&r=g","url":"https:\/\/secure.gravatar.com\/avatar\/769db425c6f465158149f1ffd6cf61ce7a8a879d11dfbef8288af36dfddd418c?s=96&d=mm&r=g","contentUrl":"https:\/\/secure.gravatar.com\/avatar\/769db425c6f465158149f1ffd6cf61ce7a8a879d11dfbef8288af36dfddd418c?s=96&d=mm&r=g","caption":"La r\u00e9daction"},"sameAs":["http:\/\/www.lkeria.com\/"],"url":"https:\/\/www.info-algerie.com\/actualites\/author\/chakib32\/"}]}},"_links":{"self":[{"href":"https:\/\/www.info-algerie.com\/actualites\/wp-json\/wp\/v2\/posts\/12353","targetHints":{"allow":["GET"]}}],"collection":[{"href":"https:\/\/www.info-algerie.com\/actualites\/wp-json\/wp\/v2\/posts"}],"about":[{"href":"https:\/\/www.info-algerie.com\/actualites\/wp-json\/wp\/v2\/types\/post"}],"author":[{"embeddable":true,"href":"https:\/\/www.info-algerie.com\/actualites\/wp-json\/wp\/v2\/users\/6"}],"replies":[{"embeddable":true,"href":"https:\/\/www.info-algerie.com\/actualites\/wp-json\/wp\/v2\/comments?post=12353"}],"version-history":[{"count":0,"href":"https:\/\/www.info-algerie.com\/actualites\/wp-json\/wp\/v2\/posts\/12353\/revisions"}],"wp:featuredmedia":[{"embeddable":true,"href":"https:\/\/www.info-algerie.com\/actualites\/wp-json\/wp\/v2\/media\/12354"}],"wp:attachment":[{"href":"https:\/\/www.info-algerie.com\/actualites\/wp-json\/wp\/v2\/media?parent=12353"}],"wp:term":[{"taxonomy":"category","embeddable":true,"href":"https:\/\/www.info-algerie.com\/actualites\/wp-json\/wp\/v2\/categories?post=12353"},{"taxonomy":"post_tag","embeddable":true,"href":"https:\/\/www.info-algerie.com\/actualites\/wp-json\/wp\/v2\/tags?post=12353"}],"curies":[{"name":"wp","href":"https:\/\/api.w.org\/{rel}","templated":true}]}}