{"id":12361,"date":"2017-05-22T15:10:19","date_gmt":"2017-05-22T14:10:19","guid":{"rendered":"http:\/\/www.info-algerie.com\/actualites\/gaid-salah-supervise-un-exercice-tactique-avec-tirs-reels-dans-la-4e-region-militaire\/"},"modified":"2017-05-22T15:10:19","modified_gmt":"2017-05-22T14:10:19","slug":"gaid-salah-supervise-un-exercice-tactique-avec-tirs-reels-dans-la-4e-region-militaire","status":"publish","type":"post","link":"https:\/\/www.info-algerie.com\/actualites\/gaid-salah-supervise-un-exercice-tactique-avec-tirs-reels-dans-la-4e-region-militaire\/","title":{"rendered":"Ga\u00efd Salah supervise un exercice tactique avec tirs r\u00e9els dans la 4e R\u00e9gion militaire"},"content":{"rendered":"<div class=\"K2FeedImage\"><img decoding=\"async\" src=\"https:\/\/www.info-algerie.com\/actualites\/wp-content\/uploads\/2017\/05\/44549b48df337f9b3170af35efa41d2b_S.jpg\" alt=\"Ga&#xEF;d Salah supervise un exercice tactique avec tirs r&#xE9;els dans la 4e R&#xE9;gion militaire\" \/><\/div>\n<div class=\"K2FeedIntroText\">\n<p>ALGER &#8211; Le g\u00e9n\u00e9ral de corps d&rsquo;arm\u00e9e, Ahmed Ga\u00efd Salah, vice-ministre de la D\u00e9fense nationale, chef d&rsquo;Etat-major de l\u2019Arm\u00e9e nationale populaire (ANP) a supervis\u00e9 lundi au niveau du secteur op\u00e9rationnel nord-est In Amenas, dans la wilaya d\u2019Illizi, un exercice tactique avec tirs r\u00e9els de niveau de brigade renforc\u00e9e, auquel ont pris part les unit\u00e9s organiques de la 41e Brigade Blind\u00e9e, appuy\u00e9es par des unit\u00e9s terrestres et a\u00e9riennes.<\/p>\n<p>&#013;\n<\/p><\/div>\n<div class=\"K2FeedFullText\">&#013;<\/p>\n<p>Le g\u00e9n\u00e9ral de corps d&rsquo;arm\u00e9e a supervis\u00e9 cet exercice tactique lors de la deuxi\u00e8me journ\u00e9e de <a href=\"http:\/\/www.aps.dz\/algerie\/57931-le-chef-d-etat-major-de-l-anp-ahmed-gaid-salah-en-visite-de-travail-et-d-inspection-en-4e-region-militaire-a-partir-de-dimanche-mdn\">sa visite dans la 4\u00e8me R\u00e9gion militaire (RM)<\/a>, a pr\u00e9cis\u00e9 un communiqu\u00e9 du minist\u00e8re de la D\u00e9fense nationale (MDN).<\/p>\n<p>&#013;<\/p>\n<p>A l\u2019entame, le g\u00e9n\u00e9ral de corps d\u2019Arm\u00e9e a suivi un expos\u00e9 pr\u00e9sent\u00e9 par le Commandant du secteur op\u00e9rationnel nord-est In Amenas, portant sur l\u2019id\u00e9e g\u00e9n\u00e9rale de l\u2019exercice et les diff\u00e9rentes \u00e9tapes de son d\u00e9roulement, ainsi qu\u2019un expos\u00e9 portant sur la d\u00e9cision du Commandant de la Brigade charg\u00e9 de mener cet exercice.<\/p>\n<p>&#013;<\/p>\n<p>Au niveau du champ de tirs et de man\u0153uvres, en compagnie du g\u00e9n\u00e9ral-major Cherif Abderezzak, Commandant de la 4\u00e8me RM, le g\u00e9n\u00e9ral de Corps d\u2019arm\u00e9e a supervis\u00e9 de pr\u00e8s le d\u00e9roulement de cet exercice qui a pour objectif\u00a0 \u00ab\u00a0l\u2019entrainement des \u00e9l\u00e9ments et des unit\u00e9s aux situations de combat proches du r\u00e9el, ainsi que l\u2019\u00e9valuation du niveau d\u2019aptitude op\u00e9rationnelle des unit\u00e9s \u00e0 mener leurs missions avec la pr\u00e9cision requise\u00a0\u00bb.<\/p>\n<p>&#013;<\/p>\n<p>Le g\u00e9n\u00e9ral de corps d\u2019Arm\u00e9e a suivi les actions de combat des unit\u00e9s engag\u00e9es, \u00ab\u00a0distingu\u00e9es d&rsquo;un professionnalisme remarquable dans toutes leurs \u00e9tapes, avec un niveau tactique et op\u00e9rationnel tr\u00e8s appr\u00e9ciable, refl\u00e9tant une rigueur de planification et d&rsquo;organisation, d&rsquo;un haut niveau de comp\u00e9tence des cadres dans le domaine du montage et de la conduite des diff\u00e9rentes actions de combat, du savoir-faire et de l&rsquo;aptitude des personnels \u00e0 maitriser les diff\u00e9rents syst\u00e8mes d&rsquo;armements et des \u00e9quipements mis en service, ainsi que l\u2019\u00e9valuation des potentiels op\u00e9rationnels acquis par les diverses unit\u00e9s engag\u00e9es aux diff\u00e9rents \u00e9chelons, notamment dans le volet relatif \u00e0 l\u2019interop\u00e9rabilit\u00e9 et l\u2019int\u00e9gration, ce qui a contribu\u00e9 amplement \u00e0 la r\u00e9alisation de tr\u00e8s satisfaisants r\u00e9sultats, notamment en terme de pr\u00e9cision de tirs\u00a0\u00bb.<\/p>\n<p>&#013;<\/p>\n<p><img decoding=\"async\" src=\"https:\/\/www.info-algerie.com\/actualites\/wp-content\/uploads\/2017\/05\/Gaid.jpg\" alt=\"\" \/><\/p>\n<p>&#013;<\/p>\n<p>A l&rsquo;issue et lors d&rsquo;une rencontre de d\u00e9briefing et d&rsquo;\u00e9valuation des \u00e9tapes de cet exercice suivie via visioconf\u00e9rence par l\u2019ensemble des personnels de la R\u00e9gion, le g\u00e9n\u00e9ral de corps d&rsquo;Arm\u00e9e s&rsquo;est r\u00e9uni avec les cadres et \u00e9l\u00e9ments des unit\u00e9s engag\u00e9es, en les f\u00e9licitant de leurs \u00ab\u00a0laborieux efforts, consentis tout au long de l&rsquo;ann\u00e9e de pr\u00e9paration au combat,\u00a0 notamment lors de la pr\u00e9paration et l&rsquo;ex\u00e9cution de cet exercice couronn\u00e9 d&rsquo;une parfaite r\u00e9ussite\u00a0\u00bb.<\/p>\n<p>&#013;<\/p>\n<p>Il a \u00e9galement soulign\u00e9 que son \u00ab\u00a0int\u00e9r\u00eat particulier et permanent \u00e0 assister \u00e0 tous les exercices tactiques d\u2019\u00e9valuation et illustratifs, s\u2019inscrit dans le cadre du suivi sur le terrain du niveau de pr\u00e9paration atteint par le corps de bataille de l\u2019ANP et de sa conviction que le d\u00e9veloppement des exp\u00e9riences op\u00e9rationnelles et l\u2019assimilation des connaissances, des savoir-faire et des qualit\u00e9s des actions coordonn\u00e9es, sont des finalit\u00e9s op\u00e9rationnelles qui ne seront atteintes qu\u2019avec le travail sur le terrain et les exercices men\u00e9s avec succ\u00e8s\u00a0\u00bb.<\/p>\n<p>&#013;<\/p>\n<p>\u00ab\u00a0L\u2019optimisation des performances militaires des \u00e9l\u00e9ments et des unit\u00e9s, l\u2019acquisition de l\u2019habilet\u00e9 op\u00e9rationnelle individuelle et collective voulue, la maitrise et la coordination de leurs actions de combat ainsi que la confirmation de leur \u00e9tat-pr\u00eat \u00e0 mener amplement leurs missions, tels sont les actes nobles et solennels que le Haut Commandement de l\u2019ANP a veill\u00e9, avec le soutien et les orientations de son excellence monsieur le Pr\u00e9sident de la R\u00e9publique, chef supr\u00eame des Forces Arm\u00e9es, ministre de la D\u00e9fense nationale, \u00e0 ce qu\u2019ils soient une d\u00e9marche pratique,\u00a0 professionnelle adopt\u00e9e par l\u2019ensemble des personnels militaires mobilis\u00e9s dans les quatre coins du pays\u00a0\u00bb, a-t-il soutenu.<\/p>\n<p>&#013;<\/p>\n<p>\u00ab\u00a0Cette d\u00e9marche d\u00e9termin\u00e9e que nous avons adopt\u00e9e comme objectif de d\u00e9veloppement, ressort d\u2019un homme qui ne cesse d\u2019ambitionner le meilleur, conscient de la lourde responsabilit\u00e9 du devoir \u00e0 accomplir dignement en toutes circonstances. Telles sont les qualit\u00e9s et le comportement avec lesquels Allah a fait triompher notre Glorieuse R\u00e9volution. Que chacun de nous sache que la d\u00e9marche qui a lib\u00e9r\u00e9 l\u2019Alg\u00e9rie est la m\u00eame qui saura la pr\u00e9server\u00a0\u00bb, a-t-il ajout\u00e9.<\/p>\n<p>&#013;<\/p>\n<p>\u00ab\u00a0Tel est l\u2019objectif de mes rencontres p\u00e9riodiques et r\u00e9guli\u00e8res avec vous et avec vos fr\u00e8res dans toutes les R\u00e9gions Militaires, notamment lors de la supervision et de l\u2019\u00e9valuation de l\u2019ex\u00e9cution des exercices militaires qui ne repr\u00e9sentent pas uniquement le degr\u00e9 de la disponibilit\u00e9 op\u00e9rationnelle du corps de bataille de l\u2019ANP dans cette r\u00e9gion, mais \u00e9galement d\u00e9note de votre amour et votre d\u00e9vouement \u00e0 votre ch\u00e8re Patrie\u00a0\u00bb, a-t-il encore dit.<\/p>\n<p>&#013;<\/p>\n<p class=\"MsoNormal\">A leur tour, les cadres et les personnels participant \u00e0 cet exercice ont r\u00e9it\u00e9r\u00e9 leur \u00ab\u00a0et permanente disponibilit\u00e9 \u00e0 d\u00e9fendre chaque parcelle de notre territoire national\u00a0\u00bb.<\/p>\n<\/div>\n<p>&#013;<br \/>\nSource: <a href=\"http:\/\/www.aps.dz\/algerie\/57995-2e-jour-de-visite-de-gaid-salah-dans-la-4e-region-militaire-a-ouargla\" target=\"_blank\">Ga\u00efd Salah supervise un exercice tactique avec tirs r\u00e9els dans la 4e R\u00e9gion militaire<\/a><\/p>\n<!--CusAds0-->\n<div style=\"font-size: 0px; height: 0px; line-height: 0px; margin: 0; padding: 0; clear: both;\"><\/div>","protected":false},"excerpt":{"rendered":"<p>ALGER &#8211; Le g\u00e9n\u00e9ral de corps d&rsquo;arm\u00e9e, Ahmed Ga\u00efd Salah, vice-ministre de la D\u00e9fense nationale, chef d&rsquo;Etat-major de l\u2019Arm\u00e9e nationale populaire (ANP) a supervis\u00e9 lundi au niveau du secteur op\u00e9rationnel nord-est In Amenas, dans la wilaya d\u2019Illizi, un exercice tactique avec tirs r\u00e9els de niveau de brigade renforc\u00e9e, auquel ont pris part les unit\u00e9s organiques<\/p>\n","protected":false},"author":6,"featured_media":12362,"comment_status":"open","ping_status":"open","sticky":false,"template":"","format":"standard","meta":{"footnotes":""},"categories":[22],"tags":[93],"class_list":["post-12361","post","type-post","status-publish","format-standard","has-post-thumbnail","hentry","category-infos","tag-onu"],"yoast_head":"<!-- This site is optimized with the Yoast SEO plugin v27.5 - https:\/\/yoast.com\/product\/yoast-seo-wordpress\/ -->\n<title>Ga\u00efd Salah supervise un exercice tactique avec tirs r\u00e9els dans la 4e R\u00e9gion militaire - info algerie<\/title>\n<meta name=\"robots\" content=\"index, follow, max-snippet:-1, max-image-preview:large, max-video-preview:-1\" \/>\n<link rel=\"canonical\" href=\"https:\/\/www.info-algerie.com\/actualites\/gaid-salah-supervise-un-exercice-tactique-avec-tirs-reels-dans-la-4e-region-militaire\/\" \/>\n<meta property=\"og:locale\" content=\"fr_FR\" \/>\n<meta property=\"og:type\" content=\"article\" \/>\n<meta property=\"og:title\" content=\"Ga\u00efd Salah supervise un exercice tactique avec tirs r\u00e9els dans la 4e R\u00e9gion militaire - info algerie\" \/>\n<meta property=\"og:description\" content=\"ALGER &#8211; Le g\u00e9n\u00e9ral de corps d&rsquo;arm\u00e9e, Ahmed Ga\u00efd Salah, vice-ministre de la D\u00e9fense nationale, chef d&rsquo;Etat-major de l\u2019Arm\u00e9e nationale populaire (ANP) a supervis\u00e9 lundi au niveau du secteur op\u00e9rationnel nord-est In Amenas, dans la wilaya d\u2019Illizi, un exercice tactique avec tirs r\u00e9els de niveau de brigade renforc\u00e9e, auquel ont pris part les unit\u00e9s organiques\" \/>\n<meta property=\"og:url\" content=\"https:\/\/www.info-algerie.com\/actualites\/gaid-salah-supervise-un-exercice-tactique-avec-tirs-reels-dans-la-4e-region-militaire\/\" \/>\n<meta property=\"og:site_name\" content=\"info algerie\" \/>\n<meta property=\"article:publisher\" content=\"https:\/\/www.facebook.com\/infoalgerieactu\" \/>\n<meta property=\"article:published_time\" content=\"2017-05-22T14:10:19+00:00\" \/>\n<meta property=\"og:image\" content=\"https:\/\/www.info-algerie.com\/actualites\/wp-content\/uploads\/2017\/05\/44549b48df337f9b3170af35efa41d2b_S-1.jpg\" \/>\n\t<meta property=\"og:image:width\" content=\"280\" \/>\n\t<meta property=\"og:image:height\" content=\"169\" \/>\n\t<meta property=\"og:image:type\" content=\"image\/jpeg\" \/>\n<meta name=\"author\" content=\"La r\u00e9daction\" \/>\n<meta name=\"twitter:label1\" content=\"\u00c9crit par\" \/>\n\t<meta name=\"twitter:data1\" content=\"La r\u00e9daction\" \/>\n\t<meta name=\"twitter:label2\" content=\"Dur\u00e9e de lecture estim\u00e9e\" \/>\n\t<meta name=\"twitter:data2\" content=\"5 minutes\" \/>\n<script type=\"application\/ld+json\" class=\"yoast-schema-graph\">{\"@context\":\"https:\\\/\\\/schema.org\",\"@graph\":[{\"@type\":\"Article\",\"@id\":\"https:\\\/\\\/www.info-algerie.com\\\/actualites\\\/gaid-salah-supervise-un-exercice-tactique-avec-tirs-reels-dans-la-4e-region-militaire\\\/#article\",\"isPartOf\":{\"@id\":\"https:\\\/\\\/www.info-algerie.com\\\/actualites\\\/gaid-salah-supervise-un-exercice-tactique-avec-tirs-reels-dans-la-4e-region-militaire\\\/\"},\"author\":{\"name\":\"La r\u00e9daction\",\"@id\":\"https:\\\/\\\/www.info-algerie.com\\\/actualites\\\/#\\\/schema\\\/person\\\/847aaec44920825b843a08f30ec6aa1e\"},\"headline\":\"Ga\u00efd Salah supervise un exercice tactique avec tirs r\u00e9els dans la 4e R\u00e9gion militaire\",\"datePublished\":\"2017-05-22T14:10:19+00:00\",\"mainEntityOfPage\":{\"@id\":\"https:\\\/\\\/www.info-algerie.com\\\/actualites\\\/gaid-salah-supervise-un-exercice-tactique-avec-tirs-reels-dans-la-4e-region-militaire\\\/\"},\"wordCount\":974,\"commentCount\":0,\"publisher\":{\"@id\":\"https:\\\/\\\/www.info-algerie.com\\\/actualites\\\/#organization\"},\"image\":{\"@id\":\"https:\\\/\\\/www.info-algerie.com\\\/actualites\\\/gaid-salah-supervise-un-exercice-tactique-avec-tirs-reels-dans-la-4e-region-militaire\\\/#primaryimage\"},\"thumbnailUrl\":\"https:\\\/\\\/www.info-algerie.com\\\/actualites\\\/wp-content\\\/uploads\\\/2017\\\/05\\\/44549b48df337f9b3170af35efa41d2b_S-1.jpg\",\"keywords\":[\"ONU\"],\"articleSection\":[\"infos\"],\"inLanguage\":\"fr-FR\",\"potentialAction\":[{\"@type\":\"CommentAction\",\"name\":\"Comment\",\"target\":[\"https:\\\/\\\/www.info-algerie.com\\\/actualites\\\/gaid-salah-supervise-un-exercice-tactique-avec-tirs-reels-dans-la-4e-region-militaire\\\/#respond\"]}]},{\"@type\":\"WebPage\",\"@id\":\"https:\\\/\\\/www.info-algerie.com\\\/actualites\\\/gaid-salah-supervise-un-exercice-tactique-avec-tirs-reels-dans-la-4e-region-militaire\\\/\",\"url\":\"https:\\\/\\\/www.info-algerie.com\\\/actualites\\\/gaid-salah-supervise-un-exercice-tactique-avec-tirs-reels-dans-la-4e-region-militaire\\\/\",\"name\":\"Ga\u00efd Salah supervise un exercice tactique avec tirs r\u00e9els dans la 4e R\u00e9gion militaire - info algerie\",\"isPartOf\":{\"@id\":\"https:\\\/\\\/www.info-algerie.com\\\/actualites\\\/#website\"},\"primaryImageOfPage\":{\"@id\":\"https:\\\/\\\/www.info-algerie.com\\\/actualites\\\/gaid-salah-supervise-un-exercice-tactique-avec-tirs-reels-dans-la-4e-region-militaire\\\/#primaryimage\"},\"image\":{\"@id\":\"https:\\\/\\\/www.info-algerie.com\\\/actualites\\\/gaid-salah-supervise-un-exercice-tactique-avec-tirs-reels-dans-la-4e-region-militaire\\\/#primaryimage\"},\"thumbnailUrl\":\"https:\\\/\\\/www.info-algerie.com\\\/actualites\\\/wp-content\\\/uploads\\\/2017\\\/05\\\/44549b48df337f9b3170af35efa41d2b_S-1.jpg\",\"datePublished\":\"2017-05-22T14:10:19+00:00\",\"breadcrumb\":{\"@id\":\"https:\\\/\\\/www.info-algerie.com\\\/actualites\\\/gaid-salah-supervise-un-exercice-tactique-avec-tirs-reels-dans-la-4e-region-militaire\\\/#breadcrumb\"},\"inLanguage\":\"fr-FR\",\"potentialAction\":[{\"@type\":\"ReadAction\",\"target\":[\"https:\\\/\\\/www.info-algerie.com\\\/actualites\\\/gaid-salah-supervise-un-exercice-tactique-avec-tirs-reels-dans-la-4e-region-militaire\\\/\"]}]},{\"@type\":\"ImageObject\",\"inLanguage\":\"fr-FR\",\"@id\":\"https:\\\/\\\/www.info-algerie.com\\\/actualites\\\/gaid-salah-supervise-un-exercice-tactique-avec-tirs-reels-dans-la-4e-region-militaire\\\/#primaryimage\",\"url\":\"https:\\\/\\\/www.info-algerie.com\\\/actualites\\\/wp-content\\\/uploads\\\/2017\\\/05\\\/44549b48df337f9b3170af35efa41d2b_S-1.jpg\",\"contentUrl\":\"https:\\\/\\\/www.info-algerie.com\\\/actualites\\\/wp-content\\\/uploads\\\/2017\\\/05\\\/44549b48df337f9b3170af35efa41d2b_S-1.jpg\",\"width\":280,\"height\":169},{\"@type\":\"BreadcrumbList\",\"@id\":\"https:\\\/\\\/www.info-algerie.com\\\/actualites\\\/gaid-salah-supervise-un-exercice-tactique-avec-tirs-reels-dans-la-4e-region-militaire\\\/#breadcrumb\",\"itemListElement\":[{\"@type\":\"ListItem\",\"position\":1,\"name\":\"Accueil\",\"item\":\"https:\\\/\\\/www.info-algerie.com\\\/actualites\\\/\"},{\"@type\":\"ListItem\",\"position\":2,\"name\":\"Ga\u00efd Salah supervise un exercice tactique avec tirs r\u00e9els dans la 4e R\u00e9gion militaire\"}]},{\"@type\":\"WebSite\",\"@id\":\"https:\\\/\\\/www.info-algerie.com\\\/actualites\\\/#website\",\"url\":\"https:\\\/\\\/www.info-algerie.com\\\/actualites\\\/\",\"name\":\"info algerie\",\"description\":\"Toutes les actualit\u00e9s\",\"publisher\":{\"@id\":\"https:\\\/\\\/www.info-algerie.com\\\/actualites\\\/#organization\"},\"potentialAction\":[{\"@type\":\"SearchAction\",\"target\":{\"@type\":\"EntryPoint\",\"urlTemplate\":\"https:\\\/\\\/www.info-algerie.com\\\/actualites\\\/?s={search_term_string}\"},\"query-input\":{\"@type\":\"PropertyValueSpecification\",\"valueRequired\":true,\"valueName\":\"search_term_string\"}}],\"inLanguage\":\"fr-FR\"},{\"@type\":\"Organization\",\"@id\":\"https:\\\/\\\/www.info-algerie.com\\\/actualites\\\/#organization\",\"name\":\"info algerie\",\"url\":\"https:\\\/\\\/www.info-algerie.com\\\/actualites\\\/\",\"logo\":{\"@type\":\"ImageObject\",\"inLanguage\":\"fr-FR\",\"@id\":\"https:\\\/\\\/www.info-algerie.com\\\/actualites\\\/#\\\/schema\\\/logo\\\/image\\\/\",\"url\":\"https:\\\/\\\/www.info-algerie.com\\\/actualites\\\/wp-content\\\/uploads\\\/2022\\\/07\\\/logo-ia-120.png\",\"contentUrl\":\"https:\\\/\\\/www.info-algerie.com\\\/actualites\\\/wp-content\\\/uploads\\\/2022\\\/07\\\/logo-ia-120.png\",\"width\":120,\"height\":43,\"caption\":\"info algerie\"},\"image\":{\"@id\":\"https:\\\/\\\/www.info-algerie.com\\\/actualites\\\/#\\\/schema\\\/logo\\\/image\\\/\"},\"sameAs\":[\"https:\\\/\\\/www.facebook.com\\\/infoalgerieactu\",\"https:\\\/\\\/x.com\\\/infoalgerie1\"]},{\"@type\":\"Person\",\"@id\":\"https:\\\/\\\/www.info-algerie.com\\\/actualites\\\/#\\\/schema\\\/person\\\/847aaec44920825b843a08f30ec6aa1e\",\"name\":\"La r\u00e9daction\",\"image\":{\"@type\":\"ImageObject\",\"inLanguage\":\"fr-FR\",\"@id\":\"https:\\\/\\\/secure.gravatar.com\\\/avatar\\\/769db425c6f465158149f1ffd6cf61ce7a8a879d11dfbef8288af36dfddd418c?s=96&d=mm&r=g\",\"url\":\"https:\\\/\\\/secure.gravatar.com\\\/avatar\\\/769db425c6f465158149f1ffd6cf61ce7a8a879d11dfbef8288af36dfddd418c?s=96&d=mm&r=g\",\"contentUrl\":\"https:\\\/\\\/secure.gravatar.com\\\/avatar\\\/769db425c6f465158149f1ffd6cf61ce7a8a879d11dfbef8288af36dfddd418c?s=96&d=mm&r=g\",\"caption\":\"La r\u00e9daction\"},\"sameAs\":[\"http:\\\/\\\/www.lkeria.com\\\/\"],\"url\":\"https:\\\/\\\/www.info-algerie.com\\\/actualites\\\/author\\\/chakib32\\\/\"}]}<\/script>\n<!-- \/ Yoast SEO plugin. -->","yoast_head_json":{"title":"Ga\u00efd Salah supervise un exercice tactique avec tirs r\u00e9els dans la 4e R\u00e9gion militaire - info algerie","robots":{"index":"index","follow":"follow","max-snippet":"max-snippet:-1","max-image-preview":"max-image-preview:large","max-video-preview":"max-video-preview:-1"},"canonical":"https:\/\/www.info-algerie.com\/actualites\/gaid-salah-supervise-un-exercice-tactique-avec-tirs-reels-dans-la-4e-region-militaire\/","og_locale":"fr_FR","og_type":"article","og_title":"Ga\u00efd Salah supervise un exercice tactique avec tirs r\u00e9els dans la 4e R\u00e9gion militaire - info algerie","og_description":"ALGER &#8211; Le g\u00e9n\u00e9ral de corps d&rsquo;arm\u00e9e, Ahmed Ga\u00efd Salah, vice-ministre de la D\u00e9fense nationale, chef d&rsquo;Etat-major de l\u2019Arm\u00e9e nationale populaire (ANP) a supervis\u00e9 lundi au niveau du secteur op\u00e9rationnel nord-est In Amenas, dans la wilaya d\u2019Illizi, un exercice tactique avec tirs r\u00e9els de niveau de brigade renforc\u00e9e, auquel ont pris part les unit\u00e9s organiques","og_url":"https:\/\/www.info-algerie.com\/actualites\/gaid-salah-supervise-un-exercice-tactique-avec-tirs-reels-dans-la-4e-region-militaire\/","og_site_name":"info algerie","article_publisher":"https:\/\/www.facebook.com\/infoalgerieactu","article_published_time":"2017-05-22T14:10:19+00:00","og_image":[{"width":280,"height":169,"url":"https:\/\/www.info-algerie.com\/actualites\/wp-content\/uploads\/2017\/05\/44549b48df337f9b3170af35efa41d2b_S-1.jpg","type":"image\/jpeg"}],"author":"La r\u00e9daction","twitter_misc":{"\u00c9crit par":"La r\u00e9daction","Dur\u00e9e de lecture estim\u00e9e":"5 minutes"},"schema":{"@context":"https:\/\/schema.org","@graph":[{"@type":"Article","@id":"https:\/\/www.info-algerie.com\/actualites\/gaid-salah-supervise-un-exercice-tactique-avec-tirs-reels-dans-la-4e-region-militaire\/#article","isPartOf":{"@id":"https:\/\/www.info-algerie.com\/actualites\/gaid-salah-supervise-un-exercice-tactique-avec-tirs-reels-dans-la-4e-region-militaire\/"},"author":{"name":"La r\u00e9daction","@id":"https:\/\/www.info-algerie.com\/actualites\/#\/schema\/person\/847aaec44920825b843a08f30ec6aa1e"},"headline":"Ga\u00efd Salah supervise un exercice tactique avec tirs r\u00e9els dans la 4e R\u00e9gion militaire","datePublished":"2017-05-22T14:10:19+00:00","mainEntityOfPage":{"@id":"https:\/\/www.info-algerie.com\/actualites\/gaid-salah-supervise-un-exercice-tactique-avec-tirs-reels-dans-la-4e-region-militaire\/"},"wordCount":974,"commentCount":0,"publisher":{"@id":"https:\/\/www.info-algerie.com\/actualites\/#organization"},"image":{"@id":"https:\/\/www.info-algerie.com\/actualites\/gaid-salah-supervise-un-exercice-tactique-avec-tirs-reels-dans-la-4e-region-militaire\/#primaryimage"},"thumbnailUrl":"https:\/\/www.info-algerie.com\/actualites\/wp-content\/uploads\/2017\/05\/44549b48df337f9b3170af35efa41d2b_S-1.jpg","keywords":["ONU"],"articleSection":["infos"],"inLanguage":"fr-FR","potentialAction":[{"@type":"CommentAction","name":"Comment","target":["https:\/\/www.info-algerie.com\/actualites\/gaid-salah-supervise-un-exercice-tactique-avec-tirs-reels-dans-la-4e-region-militaire\/#respond"]}]},{"@type":"WebPage","@id":"https:\/\/www.info-algerie.com\/actualites\/gaid-salah-supervise-un-exercice-tactique-avec-tirs-reels-dans-la-4e-region-militaire\/","url":"https:\/\/www.info-algerie.com\/actualites\/gaid-salah-supervise-un-exercice-tactique-avec-tirs-reels-dans-la-4e-region-militaire\/","name":"Ga\u00efd Salah supervise un exercice tactique avec tirs r\u00e9els dans la 4e R\u00e9gion militaire - info algerie","isPartOf":{"@id":"https:\/\/www.info-algerie.com\/actualites\/#website"},"primaryImageOfPage":{"@id":"https:\/\/www.info-algerie.com\/actualites\/gaid-salah-supervise-un-exercice-tactique-avec-tirs-reels-dans-la-4e-region-militaire\/#primaryimage"},"image":{"@id":"https:\/\/www.info-algerie.com\/actualites\/gaid-salah-supervise-un-exercice-tactique-avec-tirs-reels-dans-la-4e-region-militaire\/#primaryimage"},"thumbnailUrl":"https:\/\/www.info-algerie.com\/actualites\/wp-content\/uploads\/2017\/05\/44549b48df337f9b3170af35efa41d2b_S-1.jpg","datePublished":"2017-05-22T14:10:19+00:00","breadcrumb":{"@id":"https:\/\/www.info-algerie.com\/actualites\/gaid-salah-supervise-un-exercice-tactique-avec-tirs-reels-dans-la-4e-region-militaire\/#breadcrumb"},"inLanguage":"fr-FR","potentialAction":[{"@type":"ReadAction","target":["https:\/\/www.info-algerie.com\/actualites\/gaid-salah-supervise-un-exercice-tactique-avec-tirs-reels-dans-la-4e-region-militaire\/"]}]},{"@type":"ImageObject","inLanguage":"fr-FR","@id":"https:\/\/www.info-algerie.com\/actualites\/gaid-salah-supervise-un-exercice-tactique-avec-tirs-reels-dans-la-4e-region-militaire\/#primaryimage","url":"https:\/\/www.info-algerie.com\/actualites\/wp-content\/uploads\/2017\/05\/44549b48df337f9b3170af35efa41d2b_S-1.jpg","contentUrl":"https:\/\/www.info-algerie.com\/actualites\/wp-content\/uploads\/2017\/05\/44549b48df337f9b3170af35efa41d2b_S-1.jpg","width":280,"height":169},{"@type":"BreadcrumbList","@id":"https:\/\/www.info-algerie.com\/actualites\/gaid-salah-supervise-un-exercice-tactique-avec-tirs-reels-dans-la-4e-region-militaire\/#breadcrumb","itemListElement":[{"@type":"ListItem","position":1,"name":"Accueil","item":"https:\/\/www.info-algerie.com\/actualites\/"},{"@type":"ListItem","position":2,"name":"Ga\u00efd Salah supervise un exercice tactique avec tirs r\u00e9els dans la 4e R\u00e9gion militaire"}]},{"@type":"WebSite","@id":"https:\/\/www.info-algerie.com\/actualites\/#website","url":"https:\/\/www.info-algerie.com\/actualites\/","name":"info algerie","description":"Toutes les actualit\u00e9s","publisher":{"@id":"https:\/\/www.info-algerie.com\/actualites\/#organization"},"potentialAction":[{"@type":"SearchAction","target":{"@type":"EntryPoint","urlTemplate":"https:\/\/www.info-algerie.com\/actualites\/?s={search_term_string}"},"query-input":{"@type":"PropertyValueSpecification","valueRequired":true,"valueName":"search_term_string"}}],"inLanguage":"fr-FR"},{"@type":"Organization","@id":"https:\/\/www.info-algerie.com\/actualites\/#organization","name":"info algerie","url":"https:\/\/www.info-algerie.com\/actualites\/","logo":{"@type":"ImageObject","inLanguage":"fr-FR","@id":"https:\/\/www.info-algerie.com\/actualites\/#\/schema\/logo\/image\/","url":"https:\/\/www.info-algerie.com\/actualites\/wp-content\/uploads\/2022\/07\/logo-ia-120.png","contentUrl":"https:\/\/www.info-algerie.com\/actualites\/wp-content\/uploads\/2022\/07\/logo-ia-120.png","width":120,"height":43,"caption":"info algerie"},"image":{"@id":"https:\/\/www.info-algerie.com\/actualites\/#\/schema\/logo\/image\/"},"sameAs":["https:\/\/www.facebook.com\/infoalgerieactu","https:\/\/x.com\/infoalgerie1"]},{"@type":"Person","@id":"https:\/\/www.info-algerie.com\/actualites\/#\/schema\/person\/847aaec44920825b843a08f30ec6aa1e","name":"La r\u00e9daction","image":{"@type":"ImageObject","inLanguage":"fr-FR","@id":"https:\/\/secure.gravatar.com\/avatar\/769db425c6f465158149f1ffd6cf61ce7a8a879d11dfbef8288af36dfddd418c?s=96&d=mm&r=g","url":"https:\/\/secure.gravatar.com\/avatar\/769db425c6f465158149f1ffd6cf61ce7a8a879d11dfbef8288af36dfddd418c?s=96&d=mm&r=g","contentUrl":"https:\/\/secure.gravatar.com\/avatar\/769db425c6f465158149f1ffd6cf61ce7a8a879d11dfbef8288af36dfddd418c?s=96&d=mm&r=g","caption":"La r\u00e9daction"},"sameAs":["http:\/\/www.lkeria.com\/"],"url":"https:\/\/www.info-algerie.com\/actualites\/author\/chakib32\/"}]}},"_links":{"self":[{"href":"https:\/\/www.info-algerie.com\/actualites\/wp-json\/wp\/v2\/posts\/12361","targetHints":{"allow":["GET"]}}],"collection":[{"href":"https:\/\/www.info-algerie.com\/actualites\/wp-json\/wp\/v2\/posts"}],"about":[{"href":"https:\/\/www.info-algerie.com\/actualites\/wp-json\/wp\/v2\/types\/post"}],"author":[{"embeddable":true,"href":"https:\/\/www.info-algerie.com\/actualites\/wp-json\/wp\/v2\/users\/6"}],"replies":[{"embeddable":true,"href":"https:\/\/www.info-algerie.com\/actualites\/wp-json\/wp\/v2\/comments?post=12361"}],"version-history":[{"count":0,"href":"https:\/\/www.info-algerie.com\/actualites\/wp-json\/wp\/v2\/posts\/12361\/revisions"}],"wp:featuredmedia":[{"embeddable":true,"href":"https:\/\/www.info-algerie.com\/actualites\/wp-json\/wp\/v2\/media\/12362"}],"wp:attachment":[{"href":"https:\/\/www.info-algerie.com\/actualites\/wp-json\/wp\/v2\/media?parent=12361"}],"wp:term":[{"taxonomy":"category","embeddable":true,"href":"https:\/\/www.info-algerie.com\/actualites\/wp-json\/wp\/v2\/categories?post=12361"},{"taxonomy":"post_tag","embeddable":true,"href":"https:\/\/www.info-algerie.com\/actualites\/wp-json\/wp\/v2\/tags?post=12361"}],"curies":[{"name":"wp","href":"https:\/\/api.w.org\/{rel}","templated":true}]}}