{"id":12376,"date":"2017-05-22T19:25:17","date_gmt":"2017-05-22T18:25:17","guid":{"rendered":"http:\/\/www.info-algerie.com\/actualites\/securite-lalgerie-et-lue-conviennent-de-la-mise-en-place-dun-mecanisme-de-dialogue-strategique\/"},"modified":"2017-05-22T19:25:17","modified_gmt":"2017-05-22T18:25:17","slug":"securite-lalgerie-et-lue-conviennent-de-la-mise-en-place-dun-mecanisme-de-dialogue-strategique","status":"publish","type":"post","link":"https:\/\/www.info-algerie.com\/actualites\/securite-lalgerie-et-lue-conviennent-de-la-mise-en-place-dun-mecanisme-de-dialogue-strategique\/","title":{"rendered":"S\u00e9curit\u00e9: l&#039;Alg\u00e9rie et l&#039;UE conviennent de la mise en place d&#039;un m\u00e9canisme de dialogue strat\u00e9gique"},"content":{"rendered":"<div class=\"K2FeedImage\"><img decoding=\"async\" src=\"https:\/\/www.info-algerie.com\/actualites\/wp-content\/uploads\/2017\/05\/44941b599a117a1029f293f1895ebc0d_S.jpg\" alt=\"S&#xE9;curit&#xE9;: l'Alg&#xE9;rie et l'UE conviennent de la mise en place d'un m&#xE9;canisme de dialogue strat&#xE9;gique\" \/><\/div>\n<div class=\"K2FeedIntroText\">\n<p>BRUXELLES &#8211; L&rsquo;Alg\u00e9rie et l&rsquo;Union europ\u00e9enne (UE) ont convenu, lundi \u00e0 Bruxelles, de mettre en place un m\u00e9canisme de dialogue strat\u00e9gique dans le domaine politique et s\u00e9curitaire, d\u00e9di\u00e9 notamment \u00e0 la lutte contre le terrorisme, a annonc\u00e9 le ministre des Affaires maghr\u00e9bines, de l&rsquo;Union africaine (UA) et de la Ligue des Etats arabes, Abdelkader Messahel.<\/p>\n<p>&#013;\n<\/p><\/div>\n<div class=\"K2FeedFullText\">&#013;<\/p>\n<blockquote>\n<hr \/>\n<p>\u00ab\u00a0Nous avons convenu de mettre sur pied un m\u00e9canisme entre l&rsquo;Alg\u00e9rie et l&rsquo;UE, \u00e0 l&rsquo;image de ce qui se fait avec d&rsquo;autres partenaires. Un m\u00e9canisme de dialogue strat\u00e9gique, politique et s\u00e9curitaire d\u00e9di\u00e9 notamment \u00e0 la lutte anti-terroriste\u00a0\u00bb, a-t-il d\u00e9clar\u00e9 \u00e0 la presse.<\/p>\n<p>&#013;<\/p>\n<hr \/>\n<\/blockquote>\n<p>&#013;<\/p>\n<p>Selon le ministre, la premi\u00e8re session de ce dialogue strat\u00e9gique entre l&rsquo;Alg\u00e9rie et l&rsquo;UE dans le domaine s\u00e9curitaire \u00ab\u00a0se tiendra en octobre prochain\u00a0\u00bb, alors que le lieu de la rencontre sera fix\u00e9 ult\u00e9rieurement.<\/p>\n<p>&#013;<\/p>\n<p>M. Messahel qui s&rsquo;\u00e9tait entretenu plus t\u00f4t dans la journ\u00e9e de lundi avec le commissaire europ\u00e9en en charge de l&rsquo;Union de la s\u00e9curit\u00e9, Julian King au si\u00e8ge de la Commission a qualifi\u00e9 ces entretiens d'\u00a0\u00bbassez utiles et constructifs\u00a0\u00bb.<\/p>\n<p>&#013;<\/p>\n<p>Les entretiens ont port\u00e9 sur le lancement d&rsquo;un dialogue bilat\u00e9ral de haut niveau dans le domaine de la s\u00e9curit\u00e9 et les perspectives de coop\u00e9ration entre l&rsquo;Alg\u00e9rie et l&rsquo;UE, avait indiqu\u00e9 une source diplomatique.<\/p>\n<p>&#013;<\/p>\n<p>La rencontre entre le ministre et le commissaire europ\u00e9en a permis \u00e9galement d&rsquo;\u00e9changer les vues sur l&rsquo;exp\u00e9rience de l&rsquo;Alg\u00e9rie en mati\u00e8re de d\u00e9radicalisation, de lutte contre le terrorisme et l&rsquo;extr\u00e9misme violent, a ajout\u00e9 la m\u00eame source.<\/p>\n<p>&#013;<\/p>\n<p><strong><a href=\"http:\/\/www.aps.dz\/algerie\/57976-messahel-entame-une-visite-de-travail-de-deux-jours-a-bruxelles\">Le ministre a entam\u00e9 lundi une visite de travail aux institutions europ\u00e9ennes, \u00e0 Bruxelles, \u00e0 l&rsquo;invitation de la chef de la diplomatie europ\u00e9enne, Federica Mogherini.<\/a><\/strong><\/p>\n<p>&#013;<\/p>\n<p>Lors de cette visite de travail de deux jours, le ministre s&rsquo;est entretenu \u00e9galement avec la haute repr\u00e9sentante de l&rsquo;Union europ\u00e9enne (UE) pour les Affaires \u00e9trang\u00e8res et la politique de s\u00e9curit\u00e9.<\/p>\n<p>&#013;<\/p>\n<p>Le ministre pr\u00e9sentera mardi, deuxi\u00e8me et dernier jour de la visite, au Comit\u00e9 politique et de s\u00e9curit\u00e9 de l&rsquo;UE l&rsquo;exp\u00e9rience de l&rsquo;Alg\u00e9rie en mati\u00e8re de d\u00e9radicalisation et de lutte contre le terrorisme.<\/p>\n<p>&#013;<\/p>\n<p class=\"MsoNormal\">Il s&rsquo;entretiendra \u00e9galement avec le repr\u00e9sentant sp\u00e9cial de l&rsquo;UE pour le Sahel, Angela Losada et avec le chef de la mission de l&rsquo;ONU pour la Libye, Martin Kobler.<\/p>\n<\/div>\n<p>&#013;<br \/>\nSource: <a href=\"http:\/\/www.aps.dz\/algerie\/58032-cooperation-securitaire-l-algerie-et-l-ue-conviennent-de-la-mise-en-place-d-un-mecanisme-de-dialogue-strategique\" target=\"_blank\">S\u00e9curit\u00e9: l&rsquo;Alg\u00e9rie et l&rsquo;UE conviennent de la mise en place d&rsquo;un m\u00e9canisme de dialogue strat\u00e9gique<\/a><\/p>\n<!--CusAds0-->\n<div style=\"font-size: 0px; height: 0px; line-height: 0px; margin: 0; padding: 0; clear: both;\"><\/div>","protected":false},"excerpt":{"rendered":"<p>BRUXELLES &#8211; L&rsquo;Alg\u00e9rie et l&rsquo;Union europ\u00e9enne (UE) ont convenu, lundi \u00e0 Bruxelles, de mettre en place un m\u00e9canisme de dialogue strat\u00e9gique dans le domaine politique et s\u00e9curitaire, d\u00e9di\u00e9 notamment \u00e0 la lutte contre le terrorisme, a annonc\u00e9 le ministre des Affaires maghr\u00e9bines, de l&rsquo;Union africaine (UA) et de la Ligue des Etats arabes, Abdelkader Messahel.<\/p>\n","protected":false},"author":6,"featured_media":12377,"comment_status":"open","ping_status":"open","sticky":false,"template":"","format":"standard","meta":{"footnotes":""},"categories":[22],"tags":[93],"class_list":["post-12376","post","type-post","status-publish","format-standard","has-post-thumbnail","hentry","category-infos","tag-onu"],"yoast_head":"<!-- This site is optimized with the Yoast SEO plugin v27.5 - https:\/\/yoast.com\/product\/yoast-seo-wordpress\/ -->\n<title>S\u00e9curit\u00e9: l&#039;Alg\u00e9rie et l&#039;UE conviennent de la mise en place d&#039;un m\u00e9canisme de dialogue strat\u00e9gique - info algerie<\/title>\n<meta name=\"robots\" content=\"index, follow, max-snippet:-1, max-image-preview:large, max-video-preview:-1\" \/>\n<link rel=\"canonical\" href=\"https:\/\/www.info-algerie.com\/actualites\/securite-lalgerie-et-lue-conviennent-de-la-mise-en-place-dun-mecanisme-de-dialogue-strategique\/\" \/>\n<meta property=\"og:locale\" content=\"fr_FR\" \/>\n<meta property=\"og:type\" content=\"article\" \/>\n<meta property=\"og:title\" content=\"S\u00e9curit\u00e9: l&#039;Alg\u00e9rie et l&#039;UE conviennent de la mise en place d&#039;un m\u00e9canisme de dialogue strat\u00e9gique - info algerie\" \/>\n<meta property=\"og:description\" content=\"BRUXELLES &#8211; L&rsquo;Alg\u00e9rie et l&rsquo;Union europ\u00e9enne (UE) ont convenu, lundi \u00e0 Bruxelles, de mettre en place un m\u00e9canisme de dialogue strat\u00e9gique dans le domaine politique et s\u00e9curitaire, d\u00e9di\u00e9 notamment \u00e0 la lutte contre le terrorisme, a annonc\u00e9 le ministre des Affaires maghr\u00e9bines, de l&rsquo;Union africaine (UA) et de la Ligue des Etats arabes, Abdelkader Messahel.\" \/>\n<meta property=\"og:url\" content=\"https:\/\/www.info-algerie.com\/actualites\/securite-lalgerie-et-lue-conviennent-de-la-mise-en-place-dun-mecanisme-de-dialogue-strategique\/\" \/>\n<meta property=\"og:site_name\" content=\"info algerie\" \/>\n<meta property=\"article:publisher\" content=\"https:\/\/www.facebook.com\/infoalgerieactu\" \/>\n<meta property=\"article:published_time\" content=\"2017-05-22T18:25:17+00:00\" \/>\n<meta property=\"og:image\" content=\"https:\/\/www.info-algerie.com\/actualites\/wp-content\/uploads\/2017\/05\/44941b599a117a1029f293f1895ebc0d_S-1.jpg\" \/>\n\t<meta property=\"og:image:width\" content=\"280\" \/>\n\t<meta property=\"og:image:height\" content=\"169\" \/>\n\t<meta property=\"og:image:type\" content=\"image\/jpeg\" \/>\n<meta name=\"author\" content=\"La r\u00e9daction\" \/>\n<meta name=\"twitter:label1\" content=\"\u00c9crit par\" \/>\n\t<meta name=\"twitter:data1\" content=\"La r\u00e9daction\" \/>\n\t<meta name=\"twitter:label2\" content=\"Dur\u00e9e de lecture estim\u00e9e\" \/>\n\t<meta name=\"twitter:data2\" content=\"2 minutes\" \/>\n<script type=\"application\/ld+json\" class=\"yoast-schema-graph\">{\"@context\":\"https:\\\/\\\/schema.org\",\"@graph\":[{\"@type\":\"Article\",\"@id\":\"https:\\\/\\\/www.info-algerie.com\\\/actualites\\\/securite-lalgerie-et-lue-conviennent-de-la-mise-en-place-dun-mecanisme-de-dialogue-strategique\\\/#article\",\"isPartOf\":{\"@id\":\"https:\\\/\\\/www.info-algerie.com\\\/actualites\\\/securite-lalgerie-et-lue-conviennent-de-la-mise-en-place-dun-mecanisme-de-dialogue-strategique\\\/\"},\"author\":{\"name\":\"La r\u00e9daction\",\"@id\":\"https:\\\/\\\/www.info-algerie.com\\\/actualites\\\/#\\\/schema\\\/person\\\/847aaec44920825b843a08f30ec6aa1e\"},\"headline\":\"S\u00e9curit\u00e9: l&#039;Alg\u00e9rie et l&#039;UE conviennent de la mise en place d&#039;un m\u00e9canisme de dialogue strat\u00e9gique\",\"datePublished\":\"2017-05-22T18:25:17+00:00\",\"mainEntityOfPage\":{\"@id\":\"https:\\\/\\\/www.info-algerie.com\\\/actualites\\\/securite-lalgerie-et-lue-conviennent-de-la-mise-en-place-dun-mecanisme-de-dialogue-strategique\\\/\"},\"wordCount\":469,\"commentCount\":0,\"publisher\":{\"@id\":\"https:\\\/\\\/www.info-algerie.com\\\/actualites\\\/#organization\"},\"image\":{\"@id\":\"https:\\\/\\\/www.info-algerie.com\\\/actualites\\\/securite-lalgerie-et-lue-conviennent-de-la-mise-en-place-dun-mecanisme-de-dialogue-strategique\\\/#primaryimage\"},\"thumbnailUrl\":\"https:\\\/\\\/www.info-algerie.com\\\/actualites\\\/wp-content\\\/uploads\\\/2017\\\/05\\\/44941b599a117a1029f293f1895ebc0d_S-1.jpg\",\"keywords\":[\"ONU\"],\"articleSection\":[\"infos\"],\"inLanguage\":\"fr-FR\",\"potentialAction\":[{\"@type\":\"CommentAction\",\"name\":\"Comment\",\"target\":[\"https:\\\/\\\/www.info-algerie.com\\\/actualites\\\/securite-lalgerie-et-lue-conviennent-de-la-mise-en-place-dun-mecanisme-de-dialogue-strategique\\\/#respond\"]}]},{\"@type\":\"WebPage\",\"@id\":\"https:\\\/\\\/www.info-algerie.com\\\/actualites\\\/securite-lalgerie-et-lue-conviennent-de-la-mise-en-place-dun-mecanisme-de-dialogue-strategique\\\/\",\"url\":\"https:\\\/\\\/www.info-algerie.com\\\/actualites\\\/securite-lalgerie-et-lue-conviennent-de-la-mise-en-place-dun-mecanisme-de-dialogue-strategique\\\/\",\"name\":\"S\u00e9curit\u00e9: l&#039;Alg\u00e9rie et l&#039;UE conviennent de la mise en place d&#039;un m\u00e9canisme de dialogue strat\u00e9gique - info algerie\",\"isPartOf\":{\"@id\":\"https:\\\/\\\/www.info-algerie.com\\\/actualites\\\/#website\"},\"primaryImageOfPage\":{\"@id\":\"https:\\\/\\\/www.info-algerie.com\\\/actualites\\\/securite-lalgerie-et-lue-conviennent-de-la-mise-en-place-dun-mecanisme-de-dialogue-strategique\\\/#primaryimage\"},\"image\":{\"@id\":\"https:\\\/\\\/www.info-algerie.com\\\/actualites\\\/securite-lalgerie-et-lue-conviennent-de-la-mise-en-place-dun-mecanisme-de-dialogue-strategique\\\/#primaryimage\"},\"thumbnailUrl\":\"https:\\\/\\\/www.info-algerie.com\\\/actualites\\\/wp-content\\\/uploads\\\/2017\\\/05\\\/44941b599a117a1029f293f1895ebc0d_S-1.jpg\",\"datePublished\":\"2017-05-22T18:25:17+00:00\",\"breadcrumb\":{\"@id\":\"https:\\\/\\\/www.info-algerie.com\\\/actualites\\\/securite-lalgerie-et-lue-conviennent-de-la-mise-en-place-dun-mecanisme-de-dialogue-strategique\\\/#breadcrumb\"},\"inLanguage\":\"fr-FR\",\"potentialAction\":[{\"@type\":\"ReadAction\",\"target\":[\"https:\\\/\\\/www.info-algerie.com\\\/actualites\\\/securite-lalgerie-et-lue-conviennent-de-la-mise-en-place-dun-mecanisme-de-dialogue-strategique\\\/\"]}]},{\"@type\":\"ImageObject\",\"inLanguage\":\"fr-FR\",\"@id\":\"https:\\\/\\\/www.info-algerie.com\\\/actualites\\\/securite-lalgerie-et-lue-conviennent-de-la-mise-en-place-dun-mecanisme-de-dialogue-strategique\\\/#primaryimage\",\"url\":\"https:\\\/\\\/www.info-algerie.com\\\/actualites\\\/wp-content\\\/uploads\\\/2017\\\/05\\\/44941b599a117a1029f293f1895ebc0d_S-1.jpg\",\"contentUrl\":\"https:\\\/\\\/www.info-algerie.com\\\/actualites\\\/wp-content\\\/uploads\\\/2017\\\/05\\\/44941b599a117a1029f293f1895ebc0d_S-1.jpg\",\"width\":280,\"height\":169},{\"@type\":\"BreadcrumbList\",\"@id\":\"https:\\\/\\\/www.info-algerie.com\\\/actualites\\\/securite-lalgerie-et-lue-conviennent-de-la-mise-en-place-dun-mecanisme-de-dialogue-strategique\\\/#breadcrumb\",\"itemListElement\":[{\"@type\":\"ListItem\",\"position\":1,\"name\":\"Accueil\",\"item\":\"https:\\\/\\\/www.info-algerie.com\\\/actualites\\\/\"},{\"@type\":\"ListItem\",\"position\":2,\"name\":\"S\u00e9curit\u00e9: l&#039;Alg\u00e9rie et l&#039;UE conviennent de la mise en place d&#039;un m\u00e9canisme de dialogue strat\u00e9gique\"}]},{\"@type\":\"WebSite\",\"@id\":\"https:\\\/\\\/www.info-algerie.com\\\/actualites\\\/#website\",\"url\":\"https:\\\/\\\/www.info-algerie.com\\\/actualites\\\/\",\"name\":\"info algerie\",\"description\":\"Toutes les actualit\u00e9s\",\"publisher\":{\"@id\":\"https:\\\/\\\/www.info-algerie.com\\\/actualites\\\/#organization\"},\"potentialAction\":[{\"@type\":\"SearchAction\",\"target\":{\"@type\":\"EntryPoint\",\"urlTemplate\":\"https:\\\/\\\/www.info-algerie.com\\\/actualites\\\/?s={search_term_string}\"},\"query-input\":{\"@type\":\"PropertyValueSpecification\",\"valueRequired\":true,\"valueName\":\"search_term_string\"}}],\"inLanguage\":\"fr-FR\"},{\"@type\":\"Organization\",\"@id\":\"https:\\\/\\\/www.info-algerie.com\\\/actualites\\\/#organization\",\"name\":\"info algerie\",\"url\":\"https:\\\/\\\/www.info-algerie.com\\\/actualites\\\/\",\"logo\":{\"@type\":\"ImageObject\",\"inLanguage\":\"fr-FR\",\"@id\":\"https:\\\/\\\/www.info-algerie.com\\\/actualites\\\/#\\\/schema\\\/logo\\\/image\\\/\",\"url\":\"https:\\\/\\\/www.info-algerie.com\\\/actualites\\\/wp-content\\\/uploads\\\/2022\\\/07\\\/logo-ia-120.png\",\"contentUrl\":\"https:\\\/\\\/www.info-algerie.com\\\/actualites\\\/wp-content\\\/uploads\\\/2022\\\/07\\\/logo-ia-120.png\",\"width\":120,\"height\":43,\"caption\":\"info algerie\"},\"image\":{\"@id\":\"https:\\\/\\\/www.info-algerie.com\\\/actualites\\\/#\\\/schema\\\/logo\\\/image\\\/\"},\"sameAs\":[\"https:\\\/\\\/www.facebook.com\\\/infoalgerieactu\",\"https:\\\/\\\/x.com\\\/infoalgerie1\"]},{\"@type\":\"Person\",\"@id\":\"https:\\\/\\\/www.info-algerie.com\\\/actualites\\\/#\\\/schema\\\/person\\\/847aaec44920825b843a08f30ec6aa1e\",\"name\":\"La r\u00e9daction\",\"image\":{\"@type\":\"ImageObject\",\"inLanguage\":\"fr-FR\",\"@id\":\"https:\\\/\\\/secure.gravatar.com\\\/avatar\\\/769db425c6f465158149f1ffd6cf61ce7a8a879d11dfbef8288af36dfddd418c?s=96&d=mm&r=g\",\"url\":\"https:\\\/\\\/secure.gravatar.com\\\/avatar\\\/769db425c6f465158149f1ffd6cf61ce7a8a879d11dfbef8288af36dfddd418c?s=96&d=mm&r=g\",\"contentUrl\":\"https:\\\/\\\/secure.gravatar.com\\\/avatar\\\/769db425c6f465158149f1ffd6cf61ce7a8a879d11dfbef8288af36dfddd418c?s=96&d=mm&r=g\",\"caption\":\"La r\u00e9daction\"},\"sameAs\":[\"http:\\\/\\\/www.lkeria.com\\\/\"],\"url\":\"https:\\\/\\\/www.info-algerie.com\\\/actualites\\\/author\\\/chakib32\\\/\"}]}<\/script>\n<!-- \/ Yoast SEO plugin. -->","yoast_head_json":{"title":"S\u00e9curit\u00e9: l&#039;Alg\u00e9rie et l&#039;UE conviennent de la mise en place d&#039;un m\u00e9canisme de dialogue strat\u00e9gique - info algerie","robots":{"index":"index","follow":"follow","max-snippet":"max-snippet:-1","max-image-preview":"max-image-preview:large","max-video-preview":"max-video-preview:-1"},"canonical":"https:\/\/www.info-algerie.com\/actualites\/securite-lalgerie-et-lue-conviennent-de-la-mise-en-place-dun-mecanisme-de-dialogue-strategique\/","og_locale":"fr_FR","og_type":"article","og_title":"S\u00e9curit\u00e9: l&#039;Alg\u00e9rie et l&#039;UE conviennent de la mise en place d&#039;un m\u00e9canisme de dialogue strat\u00e9gique - info algerie","og_description":"BRUXELLES &#8211; L&rsquo;Alg\u00e9rie et l&rsquo;Union europ\u00e9enne (UE) ont convenu, lundi \u00e0 Bruxelles, de mettre en place un m\u00e9canisme de dialogue strat\u00e9gique dans le domaine politique et s\u00e9curitaire, d\u00e9di\u00e9 notamment \u00e0 la lutte contre le terrorisme, a annonc\u00e9 le ministre des Affaires maghr\u00e9bines, de l&rsquo;Union africaine (UA) et de la Ligue des Etats arabes, Abdelkader Messahel.","og_url":"https:\/\/www.info-algerie.com\/actualites\/securite-lalgerie-et-lue-conviennent-de-la-mise-en-place-dun-mecanisme-de-dialogue-strategique\/","og_site_name":"info algerie","article_publisher":"https:\/\/www.facebook.com\/infoalgerieactu","article_published_time":"2017-05-22T18:25:17+00:00","og_image":[{"width":280,"height":169,"url":"https:\/\/www.info-algerie.com\/actualites\/wp-content\/uploads\/2017\/05\/44941b599a117a1029f293f1895ebc0d_S-1.jpg","type":"image\/jpeg"}],"author":"La r\u00e9daction","twitter_misc":{"\u00c9crit par":"La r\u00e9daction","Dur\u00e9e de lecture estim\u00e9e":"2 minutes"},"schema":{"@context":"https:\/\/schema.org","@graph":[{"@type":"Article","@id":"https:\/\/www.info-algerie.com\/actualites\/securite-lalgerie-et-lue-conviennent-de-la-mise-en-place-dun-mecanisme-de-dialogue-strategique\/#article","isPartOf":{"@id":"https:\/\/www.info-algerie.com\/actualites\/securite-lalgerie-et-lue-conviennent-de-la-mise-en-place-dun-mecanisme-de-dialogue-strategique\/"},"author":{"name":"La r\u00e9daction","@id":"https:\/\/www.info-algerie.com\/actualites\/#\/schema\/person\/847aaec44920825b843a08f30ec6aa1e"},"headline":"S\u00e9curit\u00e9: l&#039;Alg\u00e9rie et l&#039;UE conviennent de la mise en place d&#039;un m\u00e9canisme de dialogue strat\u00e9gique","datePublished":"2017-05-22T18:25:17+00:00","mainEntityOfPage":{"@id":"https:\/\/www.info-algerie.com\/actualites\/securite-lalgerie-et-lue-conviennent-de-la-mise-en-place-dun-mecanisme-de-dialogue-strategique\/"},"wordCount":469,"commentCount":0,"publisher":{"@id":"https:\/\/www.info-algerie.com\/actualites\/#organization"},"image":{"@id":"https:\/\/www.info-algerie.com\/actualites\/securite-lalgerie-et-lue-conviennent-de-la-mise-en-place-dun-mecanisme-de-dialogue-strategique\/#primaryimage"},"thumbnailUrl":"https:\/\/www.info-algerie.com\/actualites\/wp-content\/uploads\/2017\/05\/44941b599a117a1029f293f1895ebc0d_S-1.jpg","keywords":["ONU"],"articleSection":["infos"],"inLanguage":"fr-FR","potentialAction":[{"@type":"CommentAction","name":"Comment","target":["https:\/\/www.info-algerie.com\/actualites\/securite-lalgerie-et-lue-conviennent-de-la-mise-en-place-dun-mecanisme-de-dialogue-strategique\/#respond"]}]},{"@type":"WebPage","@id":"https:\/\/www.info-algerie.com\/actualites\/securite-lalgerie-et-lue-conviennent-de-la-mise-en-place-dun-mecanisme-de-dialogue-strategique\/","url":"https:\/\/www.info-algerie.com\/actualites\/securite-lalgerie-et-lue-conviennent-de-la-mise-en-place-dun-mecanisme-de-dialogue-strategique\/","name":"S\u00e9curit\u00e9: l&#039;Alg\u00e9rie et l&#039;UE conviennent de la mise en place d&#039;un m\u00e9canisme de dialogue strat\u00e9gique - info algerie","isPartOf":{"@id":"https:\/\/www.info-algerie.com\/actualites\/#website"},"primaryImageOfPage":{"@id":"https:\/\/www.info-algerie.com\/actualites\/securite-lalgerie-et-lue-conviennent-de-la-mise-en-place-dun-mecanisme-de-dialogue-strategique\/#primaryimage"},"image":{"@id":"https:\/\/www.info-algerie.com\/actualites\/securite-lalgerie-et-lue-conviennent-de-la-mise-en-place-dun-mecanisme-de-dialogue-strategique\/#primaryimage"},"thumbnailUrl":"https:\/\/www.info-algerie.com\/actualites\/wp-content\/uploads\/2017\/05\/44941b599a117a1029f293f1895ebc0d_S-1.jpg","datePublished":"2017-05-22T18:25:17+00:00","breadcrumb":{"@id":"https:\/\/www.info-algerie.com\/actualites\/securite-lalgerie-et-lue-conviennent-de-la-mise-en-place-dun-mecanisme-de-dialogue-strategique\/#breadcrumb"},"inLanguage":"fr-FR","potentialAction":[{"@type":"ReadAction","target":["https:\/\/www.info-algerie.com\/actualites\/securite-lalgerie-et-lue-conviennent-de-la-mise-en-place-dun-mecanisme-de-dialogue-strategique\/"]}]},{"@type":"ImageObject","inLanguage":"fr-FR","@id":"https:\/\/www.info-algerie.com\/actualites\/securite-lalgerie-et-lue-conviennent-de-la-mise-en-place-dun-mecanisme-de-dialogue-strategique\/#primaryimage","url":"https:\/\/www.info-algerie.com\/actualites\/wp-content\/uploads\/2017\/05\/44941b599a117a1029f293f1895ebc0d_S-1.jpg","contentUrl":"https:\/\/www.info-algerie.com\/actualites\/wp-content\/uploads\/2017\/05\/44941b599a117a1029f293f1895ebc0d_S-1.jpg","width":280,"height":169},{"@type":"BreadcrumbList","@id":"https:\/\/www.info-algerie.com\/actualites\/securite-lalgerie-et-lue-conviennent-de-la-mise-en-place-dun-mecanisme-de-dialogue-strategique\/#breadcrumb","itemListElement":[{"@type":"ListItem","position":1,"name":"Accueil","item":"https:\/\/www.info-algerie.com\/actualites\/"},{"@type":"ListItem","position":2,"name":"S\u00e9curit\u00e9: l&#039;Alg\u00e9rie et l&#039;UE conviennent de la mise en place d&#039;un m\u00e9canisme de dialogue strat\u00e9gique"}]},{"@type":"WebSite","@id":"https:\/\/www.info-algerie.com\/actualites\/#website","url":"https:\/\/www.info-algerie.com\/actualites\/","name":"info algerie","description":"Toutes les actualit\u00e9s","publisher":{"@id":"https:\/\/www.info-algerie.com\/actualites\/#organization"},"potentialAction":[{"@type":"SearchAction","target":{"@type":"EntryPoint","urlTemplate":"https:\/\/www.info-algerie.com\/actualites\/?s={search_term_string}"},"query-input":{"@type":"PropertyValueSpecification","valueRequired":true,"valueName":"search_term_string"}}],"inLanguage":"fr-FR"},{"@type":"Organization","@id":"https:\/\/www.info-algerie.com\/actualites\/#organization","name":"info algerie","url":"https:\/\/www.info-algerie.com\/actualites\/","logo":{"@type":"ImageObject","inLanguage":"fr-FR","@id":"https:\/\/www.info-algerie.com\/actualites\/#\/schema\/logo\/image\/","url":"https:\/\/www.info-algerie.com\/actualites\/wp-content\/uploads\/2022\/07\/logo-ia-120.png","contentUrl":"https:\/\/www.info-algerie.com\/actualites\/wp-content\/uploads\/2022\/07\/logo-ia-120.png","width":120,"height":43,"caption":"info algerie"},"image":{"@id":"https:\/\/www.info-algerie.com\/actualites\/#\/schema\/logo\/image\/"},"sameAs":["https:\/\/www.facebook.com\/infoalgerieactu","https:\/\/x.com\/infoalgerie1"]},{"@type":"Person","@id":"https:\/\/www.info-algerie.com\/actualites\/#\/schema\/person\/847aaec44920825b843a08f30ec6aa1e","name":"La r\u00e9daction","image":{"@type":"ImageObject","inLanguage":"fr-FR","@id":"https:\/\/secure.gravatar.com\/avatar\/769db425c6f465158149f1ffd6cf61ce7a8a879d11dfbef8288af36dfddd418c?s=96&d=mm&r=g","url":"https:\/\/secure.gravatar.com\/avatar\/769db425c6f465158149f1ffd6cf61ce7a8a879d11dfbef8288af36dfddd418c?s=96&d=mm&r=g","contentUrl":"https:\/\/secure.gravatar.com\/avatar\/769db425c6f465158149f1ffd6cf61ce7a8a879d11dfbef8288af36dfddd418c?s=96&d=mm&r=g","caption":"La r\u00e9daction"},"sameAs":["http:\/\/www.lkeria.com\/"],"url":"https:\/\/www.info-algerie.com\/actualites\/author\/chakib32\/"}]}},"_links":{"self":[{"href":"https:\/\/www.info-algerie.com\/actualites\/wp-json\/wp\/v2\/posts\/12376","targetHints":{"allow":["GET"]}}],"collection":[{"href":"https:\/\/www.info-algerie.com\/actualites\/wp-json\/wp\/v2\/posts"}],"about":[{"href":"https:\/\/www.info-algerie.com\/actualites\/wp-json\/wp\/v2\/types\/post"}],"author":[{"embeddable":true,"href":"https:\/\/www.info-algerie.com\/actualites\/wp-json\/wp\/v2\/users\/6"}],"replies":[{"embeddable":true,"href":"https:\/\/www.info-algerie.com\/actualites\/wp-json\/wp\/v2\/comments?post=12376"}],"version-history":[{"count":0,"href":"https:\/\/www.info-algerie.com\/actualites\/wp-json\/wp\/v2\/posts\/12376\/revisions"}],"wp:featuredmedia":[{"embeddable":true,"href":"https:\/\/www.info-algerie.com\/actualites\/wp-json\/wp\/v2\/media\/12377"}],"wp:attachment":[{"href":"https:\/\/www.info-algerie.com\/actualites\/wp-json\/wp\/v2\/media?parent=12376"}],"wp:term":[{"taxonomy":"category","embeddable":true,"href":"https:\/\/www.info-algerie.com\/actualites\/wp-json\/wp\/v2\/categories?post=12376"},{"taxonomy":"post_tag","embeddable":true,"href":"https:\/\/www.info-algerie.com\/actualites\/wp-json\/wp\/v2\/tags?post=12376"}],"curies":[{"name":"wp","href":"https:\/\/api.w.org\/{rel}","templated":true}]}}