{"id":12379,"date":"2017-05-22T19:07:14","date_gmt":"2017-05-22T18:07:14","guid":{"rendered":"http:\/\/www.info-algerie.com\/actualites\/affaire-tibhirine-certaines-hypotheses-emises-sont-fantaisistes\/"},"modified":"2017-05-22T19:07:14","modified_gmt":"2017-05-22T18:07:14","slug":"affaire-tibhirine-certaines-hypotheses-emises-sont-fantaisistes","status":"publish","type":"post","link":"https:\/\/www.info-algerie.com\/actualites\/affaire-tibhirine-certaines-hypotheses-emises-sont-fantaisistes\/","title":{"rendered":"Affaire Tibhirine: certaines hypoth\u00e8ses \u00e9mises &quot;sont fantaisistes&quot;"},"content":{"rendered":"<div class=\"K2FeedImage\"><img decoding=\"async\" src=\"https:\/\/www.info-algerie.com\/actualites\/wp-content\/uploads\/2017\/05\/e21d0509523282bc38713e030161db8f_S.jpg\" alt=\"L&#x2019;ancien directeur de la Direction de la surveillance du territoire (DST), Yves Bonnet\" \/><\/div>\n<div class=\"K2FeedIntroText\">\n<p>PARIS &#8211; L\u2019ancien directeur de la Direction de la surveillance du territoire (DST), Yves Bonnet, a affirm\u00e9 lundi que certaines hypoth\u00e8ses \u00e9mises dans l\u2019affaire des moines de Tibhirine (M\u00e9d\u00e9a), assassin\u00e9s en 1996 par le groupe islamique arm\u00e9 (GIA), \u00ab\u00a0sont fantaisistes\u00a0\u00bb, d\u00e9plorant l\u2019existence en France d\u2019un lobby anti-alg\u00e9rien.<\/p>\n<p>&#013;\n<\/p><\/div>\n<div class=\"K2FeedFullText\">&#013;<\/p>\n<p>\u00ab\u00a0Ce que je regrette, dans cette affaire, chez nos compatriotes c\u2019est qu\u2019il y a une certaine faction de l\u2019opinion fran\u00e7aise qui se d\u00e9lecte en permanence des malheurs de l\u2019Alg\u00e9rie. Il y a lobby anti-alg\u00e9rien, il faut le dire qu&rsquo;il n\u2019est pas tr\u00e8s puissant mais il existe quand m\u00eame\u00a0\u00bb, a-t-il dit sur TV5 Monde au cours d\u2019une interview autour de son dernier ouvrage, nouvellement paru, \u00ab\u00a0La deuxi\u00e8me guerre d&rsquo;Alg\u00e9rie : Les zones d&rsquo;ombre de la trag\u00e9die des moines de Tibhirine enfin lev\u00e9es (280 pages, \u00e9ditions VAPress)\u00a0\u00bb.<\/p>\n<p>&#013;<\/p>\n<p>Pour cet ancien responsable des services de renseignement fran\u00e7ais, ces gens se r\u00e9jouissent des malheurs de l\u2019Alg\u00e9rie et qui ont tendance \u00e0 pr\u00eater aux Alg\u00e9riens des comportements et des pens\u00e9es qu\u2019ils n\u2019ont absolument pas, d\u00e9sapprouvant le r\u00f4le des m\u00e9dias fran\u00e7ais dans cette affaire.<\/p>\n<p>&#013;<\/p>\n<p>\u00ab\u00a0Les m\u00e9dias, particuli\u00e8rement fran\u00e7ais, ont jou\u00e9 dans cette affaire un r\u00f4le que je n\u2019approuve pas. Je ne partage pas en particulier un certain nombre d\u2019hypoth\u00e8ses qui ont \u00e9t\u00e9 \u00e9mises et qui sont d\u2019ailleurs fantaisistes et qui visent uniquement \u00e0 faire de cette trag\u00e9die une sorte de machination alg\u00e9rienne\u00a0\u00bb, a-t-il soulign\u00e9.<\/p>\n<p>&#013;<\/p>\n<p>\u00ab\u00a0Pour moi, il y a deux choses qui me frappent dans l\u2019affaire des moines de Tibh\u00e9rine: d\u2019abord la coop\u00e9ration entre les services fran\u00e7ais et alg\u00e9riens a toujours \u00e9t\u00e9 bonne, au-dessus des d\u00e9bats en d\u00e9pit des instructions d\u00e9livr\u00e9es par le pouvoir politique, en particulier par Alain Jupp\u00e9 (Premier ministre) qui avait clairement interdit aux services fran\u00e7ais de travailler avec les services alg\u00e9riens, a-t-il t\u00e9moign\u00e9, pr\u00e9cisant qu\u2019heureusement qu\u2019ils ne l\u2019ont pas entendu\u00a0\u00bb.<\/p>\n<p>&#013;<\/p>\n<p>Le deuxi\u00e8me fait qu\u2019a relev\u00e9 Yves Bonnet et qui est, selon lui, tr\u00e8s important c\u2019est qu\u2019au plus haut niveau de l\u2019Etat alg\u00e9rien, a-t-il dit, les relations entre l\u2019\u00e9glise catholique d\u2019Alg\u00e9rie, le gouvernement alg\u00e9rien et l\u2019Etat alg\u00e9rien n\u2019ont jamais \u00e9t\u00e9 affect\u00e9es.<\/p>\n<p>&#013;<\/p>\n<p>\u00ab\u00a0Il faut souligner l\u2019attitude exemplaire de l\u2019\u00e9glise catholique d\u2019Alg\u00e9rie qui a su rester au-dessus du d\u00e9bat. Elle a voulu \u00eatre alg\u00e9rienne et elle a parfaitement r\u00e9ussi\u00a0\u00bb, a-t-il ajout\u00e9.<\/p>\n<p>&#013;<\/p>\n<p>Au sujet du partenariat entre les services de renseignement des deux pays, l\u2019ancien directeur de la DST a indiqu\u00e9 qu\u2019il est\u00a0 toujours aussi pertinent.<\/p>\n<p>&#013;<\/p>\n<p>\u00ab\u00a0Avec nos partenaires alg\u00e9riens, il y a des liens, de la confiance, parfois ce sont des liens personnels. Ils sont tr\u00e8s forts. Il faut les maintenir et les d\u00e9velopper. L\u2019Alg\u00e9rie est notre premier partenaire dans la lutte antiterroriste\u00a0\u00bb, a-t-il expliqu\u00e9.<\/p>\n<p>&#013;<\/p>\n<p>Par ailleurs, il a interpell\u00e9 l\u2019actuel ministre de l\u2019Europe et des Affaires \u00e9trang\u00e8res, Jean-Yves Le Drian, de faire un geste intelligent pour rendre \u00e0 l\u2019Alg\u00e9rie le fameux canon Baba Merzoug, surnomm\u00e9 par les Fran\u00e7ais La Consulaire, qui se trouve actuellement \u00e0 Brest.<\/p>\n<p>&#013;<\/p>\n<p>Long de 7 m\u00e8tres, pesant 12 tonnes, d\u2019une port\u00e9e de pr\u00e8s de 5.000 m\u00e8tres, Baba Merzoug avait \u00e9t\u00e9 fabriqu\u00e9 \u00e0 Alger au 16e si\u00e8cle pour la fortification de la ville d&rsquo;Alger.<\/p>\n<p>&#013;<\/p>\n<p>\u00ab\u00a0J\u2019ai saisi Jean-Yves Le Drian, en sa qualit\u00e9 de ministre de la D\u00e9fense, \u00e0 plusieurs reprises sur des dossiers pas tr\u00e8s importants mais intrigants pour les Alg\u00e9riens. Il s\u2019agit par exemple du canon alg\u00e9rien Baba Merzoug qui aujourd\u2019hui se trouve sous le nom de la Consulaire \u00e0 Brest \u00e9rig\u00e9 en colonne idiote et inutile\u00a0\u00bb, a-t-indiqu\u00e9, ajoutant qu\u2019il y a un geste\u00a0 \u00ab\u00a0intelligent\u00a0\u00bb que la France peut faire c\u2019est rendre ce canon \u00e0 l\u2019Alg\u00e9rie.<\/p>\n<p>&#013;<\/p>\n<p class=\"MsoNormal\">\u00ab\u00a0Je milite pour sa restitution \u00e0 l\u2019Alg\u00e9rie, cela fait des ann\u00e9es\u00a0\u00bb, a-t-il affirm\u00e9 appelant le ministre des Affaires \u00e9trang\u00e8res, \u00e0 faire un bon cadeau en le rendant \u00e0 l\u2019Alg\u00e9rie.<\/p>\n<\/div>\n<p>&#013;<br \/>\nSource: <a href=\"http:\/\/www.aps.dz\/algerie\/58030-affaire-tibhirine-certaines-hypotheses-emises-sont-fantaisistes\" target=\"_blank\">Affaire Tibhirine: certaines hypoth\u00e8ses \u00e9mises \u00ab\u00a0sont fantaisistes\u00a0\u00bb<\/a><\/p>\n<!--CusAds0-->\n<div style=\"font-size: 0px; height: 0px; line-height: 0px; margin: 0; padding: 0; clear: both;\"><\/div>","protected":false},"excerpt":{"rendered":"<p>PARIS &#8211; L\u2019ancien directeur de la Direction de la surveillance du territoire (DST), Yves Bonnet, a affirm\u00e9 lundi que certaines hypoth\u00e8ses \u00e9mises dans l\u2019affaire des moines de Tibhirine (M\u00e9d\u00e9a), assassin\u00e9s en 1996 par le groupe islamique arm\u00e9 (GIA), \u00ab\u00a0sont fantaisistes\u00a0\u00bb, d\u00e9plorant l\u2019existence en France d\u2019un lobby anti-alg\u00e9rien. &#013; &#013; \u00ab\u00a0Ce que je regrette, dans cette<\/p>\n","protected":false},"author":6,"featured_media":12380,"comment_status":"open","ping_status":"open","sticky":false,"template":"","format":"standard","meta":{"footnotes":""},"categories":[22],"tags":[93],"class_list":["post-12379","post","type-post","status-publish","format-standard","has-post-thumbnail","hentry","category-infos","tag-onu"],"yoast_head":"<!-- This site is optimized with the Yoast SEO plugin v27.5 - https:\/\/yoast.com\/product\/yoast-seo-wordpress\/ -->\n<title>Affaire Tibhirine: certaines hypoth\u00e8ses \u00e9mises &quot;sont fantaisistes&quot; - info algerie<\/title>\n<meta name=\"robots\" content=\"index, follow, max-snippet:-1, max-image-preview:large, max-video-preview:-1\" \/>\n<link rel=\"canonical\" href=\"https:\/\/www.info-algerie.com\/actualites\/affaire-tibhirine-certaines-hypotheses-emises-sont-fantaisistes\/\" \/>\n<meta property=\"og:locale\" content=\"fr_FR\" \/>\n<meta property=\"og:type\" content=\"article\" \/>\n<meta property=\"og:title\" content=\"Affaire Tibhirine: certaines hypoth\u00e8ses \u00e9mises &quot;sont fantaisistes&quot; - info algerie\" \/>\n<meta property=\"og:description\" content=\"PARIS &#8211; L\u2019ancien directeur de la Direction de la surveillance du territoire (DST), Yves Bonnet, a affirm\u00e9 lundi que certaines hypoth\u00e8ses \u00e9mises dans l\u2019affaire des moines de Tibhirine (M\u00e9d\u00e9a), assassin\u00e9s en 1996 par le groupe islamique arm\u00e9 (GIA), \u00ab\u00a0sont fantaisistes\u00a0\u00bb, d\u00e9plorant l\u2019existence en France d\u2019un lobby anti-alg\u00e9rien. &#013; &#013; \u00ab\u00a0Ce que je regrette, dans cette\" \/>\n<meta property=\"og:url\" content=\"https:\/\/www.info-algerie.com\/actualites\/affaire-tibhirine-certaines-hypotheses-emises-sont-fantaisistes\/\" \/>\n<meta property=\"og:site_name\" content=\"info algerie\" \/>\n<meta property=\"article:publisher\" content=\"https:\/\/www.facebook.com\/infoalgerieactu\" \/>\n<meta property=\"article:published_time\" content=\"2017-05-22T18:07:14+00:00\" \/>\n<meta property=\"og:image\" content=\"https:\/\/www.info-algerie.com\/actualites\/wp-content\/uploads\/2017\/05\/e21d0509523282bc38713e030161db8f_S-1.jpg\" \/>\n\t<meta property=\"og:image:width\" content=\"280\" \/>\n\t<meta property=\"og:image:height\" content=\"169\" \/>\n\t<meta property=\"og:image:type\" content=\"image\/jpeg\" \/>\n<meta name=\"author\" content=\"La r\u00e9daction\" \/>\n<meta name=\"twitter:label1\" content=\"\u00c9crit par\" \/>\n\t<meta name=\"twitter:data1\" content=\"La r\u00e9daction\" \/>\n\t<meta name=\"twitter:label2\" content=\"Dur\u00e9e de lecture estim\u00e9e\" \/>\n\t<meta name=\"twitter:data2\" content=\"4 minutes\" \/>\n<script type=\"application\/ld+json\" class=\"yoast-schema-graph\">{\"@context\":\"https:\\\/\\\/schema.org\",\"@graph\":[{\"@type\":\"Article\",\"@id\":\"https:\\\/\\\/www.info-algerie.com\\\/actualites\\\/affaire-tibhirine-certaines-hypotheses-emises-sont-fantaisistes\\\/#article\",\"isPartOf\":{\"@id\":\"https:\\\/\\\/www.info-algerie.com\\\/actualites\\\/affaire-tibhirine-certaines-hypotheses-emises-sont-fantaisistes\\\/\"},\"author\":{\"name\":\"La r\u00e9daction\",\"@id\":\"https:\\\/\\\/www.info-algerie.com\\\/actualites\\\/#\\\/schema\\\/person\\\/847aaec44920825b843a08f30ec6aa1e\"},\"headline\":\"Affaire Tibhirine: certaines hypoth\u00e8ses \u00e9mises &quot;sont fantaisistes&quot;\",\"datePublished\":\"2017-05-22T18:07:14+00:00\",\"mainEntityOfPage\":{\"@id\":\"https:\\\/\\\/www.info-algerie.com\\\/actualites\\\/affaire-tibhirine-certaines-hypotheses-emises-sont-fantaisistes\\\/\"},\"wordCount\":732,\"commentCount\":0,\"publisher\":{\"@id\":\"https:\\\/\\\/www.info-algerie.com\\\/actualites\\\/#organization\"},\"image\":{\"@id\":\"https:\\\/\\\/www.info-algerie.com\\\/actualites\\\/affaire-tibhirine-certaines-hypotheses-emises-sont-fantaisistes\\\/#primaryimage\"},\"thumbnailUrl\":\"https:\\\/\\\/www.info-algerie.com\\\/actualites\\\/wp-content\\\/uploads\\\/2017\\\/05\\\/e21d0509523282bc38713e030161db8f_S-1.jpg\",\"keywords\":[\"ONU\"],\"articleSection\":[\"infos\"],\"inLanguage\":\"fr-FR\",\"potentialAction\":[{\"@type\":\"CommentAction\",\"name\":\"Comment\",\"target\":[\"https:\\\/\\\/www.info-algerie.com\\\/actualites\\\/affaire-tibhirine-certaines-hypotheses-emises-sont-fantaisistes\\\/#respond\"]}]},{\"@type\":\"WebPage\",\"@id\":\"https:\\\/\\\/www.info-algerie.com\\\/actualites\\\/affaire-tibhirine-certaines-hypotheses-emises-sont-fantaisistes\\\/\",\"url\":\"https:\\\/\\\/www.info-algerie.com\\\/actualites\\\/affaire-tibhirine-certaines-hypotheses-emises-sont-fantaisistes\\\/\",\"name\":\"Affaire Tibhirine: certaines hypoth\u00e8ses \u00e9mises &quot;sont fantaisistes&quot; - info algerie\",\"isPartOf\":{\"@id\":\"https:\\\/\\\/www.info-algerie.com\\\/actualites\\\/#website\"},\"primaryImageOfPage\":{\"@id\":\"https:\\\/\\\/www.info-algerie.com\\\/actualites\\\/affaire-tibhirine-certaines-hypotheses-emises-sont-fantaisistes\\\/#primaryimage\"},\"image\":{\"@id\":\"https:\\\/\\\/www.info-algerie.com\\\/actualites\\\/affaire-tibhirine-certaines-hypotheses-emises-sont-fantaisistes\\\/#primaryimage\"},\"thumbnailUrl\":\"https:\\\/\\\/www.info-algerie.com\\\/actualites\\\/wp-content\\\/uploads\\\/2017\\\/05\\\/e21d0509523282bc38713e030161db8f_S-1.jpg\",\"datePublished\":\"2017-05-22T18:07:14+00:00\",\"breadcrumb\":{\"@id\":\"https:\\\/\\\/www.info-algerie.com\\\/actualites\\\/affaire-tibhirine-certaines-hypotheses-emises-sont-fantaisistes\\\/#breadcrumb\"},\"inLanguage\":\"fr-FR\",\"potentialAction\":[{\"@type\":\"ReadAction\",\"target\":[\"https:\\\/\\\/www.info-algerie.com\\\/actualites\\\/affaire-tibhirine-certaines-hypotheses-emises-sont-fantaisistes\\\/\"]}]},{\"@type\":\"ImageObject\",\"inLanguage\":\"fr-FR\",\"@id\":\"https:\\\/\\\/www.info-algerie.com\\\/actualites\\\/affaire-tibhirine-certaines-hypotheses-emises-sont-fantaisistes\\\/#primaryimage\",\"url\":\"https:\\\/\\\/www.info-algerie.com\\\/actualites\\\/wp-content\\\/uploads\\\/2017\\\/05\\\/e21d0509523282bc38713e030161db8f_S-1.jpg\",\"contentUrl\":\"https:\\\/\\\/www.info-algerie.com\\\/actualites\\\/wp-content\\\/uploads\\\/2017\\\/05\\\/e21d0509523282bc38713e030161db8f_S-1.jpg\",\"width\":280,\"height\":169},{\"@type\":\"BreadcrumbList\",\"@id\":\"https:\\\/\\\/www.info-algerie.com\\\/actualites\\\/affaire-tibhirine-certaines-hypotheses-emises-sont-fantaisistes\\\/#breadcrumb\",\"itemListElement\":[{\"@type\":\"ListItem\",\"position\":1,\"name\":\"Accueil\",\"item\":\"https:\\\/\\\/www.info-algerie.com\\\/actualites\\\/\"},{\"@type\":\"ListItem\",\"position\":2,\"name\":\"Affaire Tibhirine: certaines hypoth\u00e8ses \u00e9mises &quot;sont fantaisistes&quot;\"}]},{\"@type\":\"WebSite\",\"@id\":\"https:\\\/\\\/www.info-algerie.com\\\/actualites\\\/#website\",\"url\":\"https:\\\/\\\/www.info-algerie.com\\\/actualites\\\/\",\"name\":\"info algerie\",\"description\":\"Toutes les actualit\u00e9s\",\"publisher\":{\"@id\":\"https:\\\/\\\/www.info-algerie.com\\\/actualites\\\/#organization\"},\"potentialAction\":[{\"@type\":\"SearchAction\",\"target\":{\"@type\":\"EntryPoint\",\"urlTemplate\":\"https:\\\/\\\/www.info-algerie.com\\\/actualites\\\/?s={search_term_string}\"},\"query-input\":{\"@type\":\"PropertyValueSpecification\",\"valueRequired\":true,\"valueName\":\"search_term_string\"}}],\"inLanguage\":\"fr-FR\"},{\"@type\":\"Organization\",\"@id\":\"https:\\\/\\\/www.info-algerie.com\\\/actualites\\\/#organization\",\"name\":\"info algerie\",\"url\":\"https:\\\/\\\/www.info-algerie.com\\\/actualites\\\/\",\"logo\":{\"@type\":\"ImageObject\",\"inLanguage\":\"fr-FR\",\"@id\":\"https:\\\/\\\/www.info-algerie.com\\\/actualites\\\/#\\\/schema\\\/logo\\\/image\\\/\",\"url\":\"https:\\\/\\\/www.info-algerie.com\\\/actualites\\\/wp-content\\\/uploads\\\/2022\\\/07\\\/logo-ia-120.png\",\"contentUrl\":\"https:\\\/\\\/www.info-algerie.com\\\/actualites\\\/wp-content\\\/uploads\\\/2022\\\/07\\\/logo-ia-120.png\",\"width\":120,\"height\":43,\"caption\":\"info algerie\"},\"image\":{\"@id\":\"https:\\\/\\\/www.info-algerie.com\\\/actualites\\\/#\\\/schema\\\/logo\\\/image\\\/\"},\"sameAs\":[\"https:\\\/\\\/www.facebook.com\\\/infoalgerieactu\",\"https:\\\/\\\/x.com\\\/infoalgerie1\"]},{\"@type\":\"Person\",\"@id\":\"https:\\\/\\\/www.info-algerie.com\\\/actualites\\\/#\\\/schema\\\/person\\\/847aaec44920825b843a08f30ec6aa1e\",\"name\":\"La r\u00e9daction\",\"image\":{\"@type\":\"ImageObject\",\"inLanguage\":\"fr-FR\",\"@id\":\"https:\\\/\\\/secure.gravatar.com\\\/avatar\\\/769db425c6f465158149f1ffd6cf61ce7a8a879d11dfbef8288af36dfddd418c?s=96&d=mm&r=g\",\"url\":\"https:\\\/\\\/secure.gravatar.com\\\/avatar\\\/769db425c6f465158149f1ffd6cf61ce7a8a879d11dfbef8288af36dfddd418c?s=96&d=mm&r=g\",\"contentUrl\":\"https:\\\/\\\/secure.gravatar.com\\\/avatar\\\/769db425c6f465158149f1ffd6cf61ce7a8a879d11dfbef8288af36dfddd418c?s=96&d=mm&r=g\",\"caption\":\"La r\u00e9daction\"},\"sameAs\":[\"http:\\\/\\\/www.lkeria.com\\\/\"],\"url\":\"https:\\\/\\\/www.info-algerie.com\\\/actualites\\\/author\\\/chakib32\\\/\"}]}<\/script>\n<!-- \/ Yoast SEO plugin. -->","yoast_head_json":{"title":"Affaire Tibhirine: certaines hypoth\u00e8ses \u00e9mises &quot;sont fantaisistes&quot; - info algerie","robots":{"index":"index","follow":"follow","max-snippet":"max-snippet:-1","max-image-preview":"max-image-preview:large","max-video-preview":"max-video-preview:-1"},"canonical":"https:\/\/www.info-algerie.com\/actualites\/affaire-tibhirine-certaines-hypotheses-emises-sont-fantaisistes\/","og_locale":"fr_FR","og_type":"article","og_title":"Affaire Tibhirine: certaines hypoth\u00e8ses \u00e9mises &quot;sont fantaisistes&quot; - info algerie","og_description":"PARIS &#8211; L\u2019ancien directeur de la Direction de la surveillance du territoire (DST), Yves Bonnet, a affirm\u00e9 lundi que certaines hypoth\u00e8ses \u00e9mises dans l\u2019affaire des moines de Tibhirine (M\u00e9d\u00e9a), assassin\u00e9s en 1996 par le groupe islamique arm\u00e9 (GIA), \u00ab\u00a0sont fantaisistes\u00a0\u00bb, d\u00e9plorant l\u2019existence en France d\u2019un lobby anti-alg\u00e9rien. &#013; &#013; \u00ab\u00a0Ce que je regrette, dans cette","og_url":"https:\/\/www.info-algerie.com\/actualites\/affaire-tibhirine-certaines-hypotheses-emises-sont-fantaisistes\/","og_site_name":"info algerie","article_publisher":"https:\/\/www.facebook.com\/infoalgerieactu","article_published_time":"2017-05-22T18:07:14+00:00","og_image":[{"width":280,"height":169,"url":"https:\/\/www.info-algerie.com\/actualites\/wp-content\/uploads\/2017\/05\/e21d0509523282bc38713e030161db8f_S-1.jpg","type":"image\/jpeg"}],"author":"La r\u00e9daction","twitter_misc":{"\u00c9crit par":"La r\u00e9daction","Dur\u00e9e de lecture estim\u00e9e":"4 minutes"},"schema":{"@context":"https:\/\/schema.org","@graph":[{"@type":"Article","@id":"https:\/\/www.info-algerie.com\/actualites\/affaire-tibhirine-certaines-hypotheses-emises-sont-fantaisistes\/#article","isPartOf":{"@id":"https:\/\/www.info-algerie.com\/actualites\/affaire-tibhirine-certaines-hypotheses-emises-sont-fantaisistes\/"},"author":{"name":"La r\u00e9daction","@id":"https:\/\/www.info-algerie.com\/actualites\/#\/schema\/person\/847aaec44920825b843a08f30ec6aa1e"},"headline":"Affaire Tibhirine: certaines hypoth\u00e8ses \u00e9mises &quot;sont fantaisistes&quot;","datePublished":"2017-05-22T18:07:14+00:00","mainEntityOfPage":{"@id":"https:\/\/www.info-algerie.com\/actualites\/affaire-tibhirine-certaines-hypotheses-emises-sont-fantaisistes\/"},"wordCount":732,"commentCount":0,"publisher":{"@id":"https:\/\/www.info-algerie.com\/actualites\/#organization"},"image":{"@id":"https:\/\/www.info-algerie.com\/actualites\/affaire-tibhirine-certaines-hypotheses-emises-sont-fantaisistes\/#primaryimage"},"thumbnailUrl":"https:\/\/www.info-algerie.com\/actualites\/wp-content\/uploads\/2017\/05\/e21d0509523282bc38713e030161db8f_S-1.jpg","keywords":["ONU"],"articleSection":["infos"],"inLanguage":"fr-FR","potentialAction":[{"@type":"CommentAction","name":"Comment","target":["https:\/\/www.info-algerie.com\/actualites\/affaire-tibhirine-certaines-hypotheses-emises-sont-fantaisistes\/#respond"]}]},{"@type":"WebPage","@id":"https:\/\/www.info-algerie.com\/actualites\/affaire-tibhirine-certaines-hypotheses-emises-sont-fantaisistes\/","url":"https:\/\/www.info-algerie.com\/actualites\/affaire-tibhirine-certaines-hypotheses-emises-sont-fantaisistes\/","name":"Affaire Tibhirine: certaines hypoth\u00e8ses \u00e9mises &quot;sont fantaisistes&quot; - info algerie","isPartOf":{"@id":"https:\/\/www.info-algerie.com\/actualites\/#website"},"primaryImageOfPage":{"@id":"https:\/\/www.info-algerie.com\/actualites\/affaire-tibhirine-certaines-hypotheses-emises-sont-fantaisistes\/#primaryimage"},"image":{"@id":"https:\/\/www.info-algerie.com\/actualites\/affaire-tibhirine-certaines-hypotheses-emises-sont-fantaisistes\/#primaryimage"},"thumbnailUrl":"https:\/\/www.info-algerie.com\/actualites\/wp-content\/uploads\/2017\/05\/e21d0509523282bc38713e030161db8f_S-1.jpg","datePublished":"2017-05-22T18:07:14+00:00","breadcrumb":{"@id":"https:\/\/www.info-algerie.com\/actualites\/affaire-tibhirine-certaines-hypotheses-emises-sont-fantaisistes\/#breadcrumb"},"inLanguage":"fr-FR","potentialAction":[{"@type":"ReadAction","target":["https:\/\/www.info-algerie.com\/actualites\/affaire-tibhirine-certaines-hypotheses-emises-sont-fantaisistes\/"]}]},{"@type":"ImageObject","inLanguage":"fr-FR","@id":"https:\/\/www.info-algerie.com\/actualites\/affaire-tibhirine-certaines-hypotheses-emises-sont-fantaisistes\/#primaryimage","url":"https:\/\/www.info-algerie.com\/actualites\/wp-content\/uploads\/2017\/05\/e21d0509523282bc38713e030161db8f_S-1.jpg","contentUrl":"https:\/\/www.info-algerie.com\/actualites\/wp-content\/uploads\/2017\/05\/e21d0509523282bc38713e030161db8f_S-1.jpg","width":280,"height":169},{"@type":"BreadcrumbList","@id":"https:\/\/www.info-algerie.com\/actualites\/affaire-tibhirine-certaines-hypotheses-emises-sont-fantaisistes\/#breadcrumb","itemListElement":[{"@type":"ListItem","position":1,"name":"Accueil","item":"https:\/\/www.info-algerie.com\/actualites\/"},{"@type":"ListItem","position":2,"name":"Affaire Tibhirine: certaines hypoth\u00e8ses \u00e9mises &quot;sont fantaisistes&quot;"}]},{"@type":"WebSite","@id":"https:\/\/www.info-algerie.com\/actualites\/#website","url":"https:\/\/www.info-algerie.com\/actualites\/","name":"info algerie","description":"Toutes les actualit\u00e9s","publisher":{"@id":"https:\/\/www.info-algerie.com\/actualites\/#organization"},"potentialAction":[{"@type":"SearchAction","target":{"@type":"EntryPoint","urlTemplate":"https:\/\/www.info-algerie.com\/actualites\/?s={search_term_string}"},"query-input":{"@type":"PropertyValueSpecification","valueRequired":true,"valueName":"search_term_string"}}],"inLanguage":"fr-FR"},{"@type":"Organization","@id":"https:\/\/www.info-algerie.com\/actualites\/#organization","name":"info algerie","url":"https:\/\/www.info-algerie.com\/actualites\/","logo":{"@type":"ImageObject","inLanguage":"fr-FR","@id":"https:\/\/www.info-algerie.com\/actualites\/#\/schema\/logo\/image\/","url":"https:\/\/www.info-algerie.com\/actualites\/wp-content\/uploads\/2022\/07\/logo-ia-120.png","contentUrl":"https:\/\/www.info-algerie.com\/actualites\/wp-content\/uploads\/2022\/07\/logo-ia-120.png","width":120,"height":43,"caption":"info algerie"},"image":{"@id":"https:\/\/www.info-algerie.com\/actualites\/#\/schema\/logo\/image\/"},"sameAs":["https:\/\/www.facebook.com\/infoalgerieactu","https:\/\/x.com\/infoalgerie1"]},{"@type":"Person","@id":"https:\/\/www.info-algerie.com\/actualites\/#\/schema\/person\/847aaec44920825b843a08f30ec6aa1e","name":"La r\u00e9daction","image":{"@type":"ImageObject","inLanguage":"fr-FR","@id":"https:\/\/secure.gravatar.com\/avatar\/769db425c6f465158149f1ffd6cf61ce7a8a879d11dfbef8288af36dfddd418c?s=96&d=mm&r=g","url":"https:\/\/secure.gravatar.com\/avatar\/769db425c6f465158149f1ffd6cf61ce7a8a879d11dfbef8288af36dfddd418c?s=96&d=mm&r=g","contentUrl":"https:\/\/secure.gravatar.com\/avatar\/769db425c6f465158149f1ffd6cf61ce7a8a879d11dfbef8288af36dfddd418c?s=96&d=mm&r=g","caption":"La r\u00e9daction"},"sameAs":["http:\/\/www.lkeria.com\/"],"url":"https:\/\/www.info-algerie.com\/actualites\/author\/chakib32\/"}]}},"_links":{"self":[{"href":"https:\/\/www.info-algerie.com\/actualites\/wp-json\/wp\/v2\/posts\/12379","targetHints":{"allow":["GET"]}}],"collection":[{"href":"https:\/\/www.info-algerie.com\/actualites\/wp-json\/wp\/v2\/posts"}],"about":[{"href":"https:\/\/www.info-algerie.com\/actualites\/wp-json\/wp\/v2\/types\/post"}],"author":[{"embeddable":true,"href":"https:\/\/www.info-algerie.com\/actualites\/wp-json\/wp\/v2\/users\/6"}],"replies":[{"embeddable":true,"href":"https:\/\/www.info-algerie.com\/actualites\/wp-json\/wp\/v2\/comments?post=12379"}],"version-history":[{"count":0,"href":"https:\/\/www.info-algerie.com\/actualites\/wp-json\/wp\/v2\/posts\/12379\/revisions"}],"wp:featuredmedia":[{"embeddable":true,"href":"https:\/\/www.info-algerie.com\/actualites\/wp-json\/wp\/v2\/media\/12380"}],"wp:attachment":[{"href":"https:\/\/www.info-algerie.com\/actualites\/wp-json\/wp\/v2\/media?parent=12379"}],"wp:term":[{"taxonomy":"category","embeddable":true,"href":"https:\/\/www.info-algerie.com\/actualites\/wp-json\/wp\/v2\/categories?post=12379"},{"taxonomy":"post_tag","embeddable":true,"href":"https:\/\/www.info-algerie.com\/actualites\/wp-json\/wp\/v2\/tags?post=12379"}],"curies":[{"name":"wp","href":"https:\/\/api.w.org\/{rel}","templated":true}]}}