{"id":12382,"date":"2017-05-22T18:53:39","date_gmt":"2017-05-22T17:53:39","guid":{"rendered":"http:\/\/www.info-algerie.com\/actualites\/la-nuit-du-doute-pour-lobservation-du-1er-jour-de-ramadhan-est-prevue-vendredi\/"},"modified":"2017-05-22T18:53:39","modified_gmt":"2017-05-22T17:53:39","slug":"la-nuit-du-doute-pour-lobservation-du-1er-jour-de-ramadhan-est-prevue-vendredi","status":"publish","type":"post","link":"https:\/\/www.info-algerie.com\/actualites\/la-nuit-du-doute-pour-lobservation-du-1er-jour-de-ramadhan-est-prevue-vendredi\/","title":{"rendered":"La nuit du doute pour l&#039;observation du 1er jour de Ramadhan est pr\u00e9vue vendredi"},"content":{"rendered":"<div class=\"K2FeedImage\"><img decoding=\"async\" src=\"https:\/\/www.info-algerie.com\/actualites\/wp-content\/uploads\/2017\/05\/d800ffc5811cae67292e2f51d588b9f1_S.jpg\" alt=\"La nuit du doute pour l'observation du 1er jour de Ramadhan est pr&#xE9;vue vendredi\" \/><\/div>\n<div class=\"K2FeedIntroText\">\n<p>ALGER &#8211; La commission nationale d&rsquo;observation du croissant lunaire du <strong><a href=\"http:\/\/www.aps.dz\/societe\/57903-l-observation-du-croissant-lunaire-etant-impossible-jeudi-aura-lieu-le-vendredi-soir\">minist\u00e8re des Affaires religieuses et du Waqf <\/a><\/strong>a annonc\u00e9 que la nuit du doute consacr\u00e9e \u00e0 l&rsquo;observation du croissant lunaire annon\u00e7ant le premier jour du mois sacr\u00e9 de Ramadhan pour l&rsquo;ann\u00e9e 2017 est pr\u00e9vue vendredi, a indiqu\u00e9 lundi un communiqu\u00e9 du minist\u00e8re.<\/p>\n<p>&#013;\n<\/p><\/div>\n<div class=\"K2FeedFullText\">&#013;<\/p>\n<p class=\"MsoNormal\">Le vendredi prochain co\u00efncidera avec le 29 Chaabane de l&rsquo;an 1438 de l&rsquo;h\u00e9gire.<\/p>\n<\/div>\n<p>&#013;<br \/>\nSource: <a href=\"http:\/\/www.aps.dz\/algerie\/58028-la-nuit-du-doute-pour-l-observation-du-1er-jour-de-ramadhan-est-prevue-vendredi\" target=\"_blank\">La nuit du doute pour l&rsquo;observation du 1er jour de Ramadhan est pr\u00e9vue vendredi<\/a><\/p>\n<!--CusAds0-->\n<div style=\"font-size: 0px; height: 0px; line-height: 0px; margin: 0; padding: 0; clear: both;\"><\/div>","protected":false},"excerpt":{"rendered":"<p>ALGER &#8211; La commission nationale d&rsquo;observation du croissant lunaire du minist\u00e8re des Affaires religieuses et du Waqf a annonc\u00e9 que la nuit du doute consacr\u00e9e \u00e0 l&rsquo;observation du croissant lunaire annon\u00e7ant le premier jour du mois sacr\u00e9 de Ramadhan pour l&rsquo;ann\u00e9e 2017 est pr\u00e9vue vendredi, a indiqu\u00e9 lundi un communiqu\u00e9 du minist\u00e8re. &#013; &#013; Le<\/p>\n","protected":false},"author":6,"featured_media":12383,"comment_status":"open","ping_status":"open","sticky":false,"template":"","format":"standard","meta":{"footnotes":""},"categories":[22],"tags":[93],"class_list":["post-12382","post","type-post","status-publish","format-standard","has-post-thumbnail","hentry","category-infos","tag-onu"],"yoast_head":"<!-- This site is optimized with the Yoast SEO plugin v27.5 - https:\/\/yoast.com\/product\/yoast-seo-wordpress\/ -->\n<title>La nuit du doute pour l&#039;observation du 1er jour de Ramadhan est pr\u00e9vue vendredi - info algerie<\/title>\n<meta name=\"robots\" content=\"index, follow, max-snippet:-1, max-image-preview:large, max-video-preview:-1\" \/>\n<link rel=\"canonical\" href=\"https:\/\/www.info-algerie.com\/actualites\/la-nuit-du-doute-pour-lobservation-du-1er-jour-de-ramadhan-est-prevue-vendredi\/\" \/>\n<meta property=\"og:locale\" content=\"fr_FR\" \/>\n<meta property=\"og:type\" content=\"article\" \/>\n<meta property=\"og:title\" content=\"La nuit du doute pour l&#039;observation du 1er jour de Ramadhan est pr\u00e9vue vendredi - info algerie\" \/>\n<meta property=\"og:description\" content=\"ALGER &#8211; La commission nationale d&rsquo;observation du croissant lunaire du minist\u00e8re des Affaires religieuses et du Waqf a annonc\u00e9 que la nuit du doute consacr\u00e9e \u00e0 l&rsquo;observation du croissant lunaire annon\u00e7ant le premier jour du mois sacr\u00e9 de Ramadhan pour l&rsquo;ann\u00e9e 2017 est pr\u00e9vue vendredi, a indiqu\u00e9 lundi un communiqu\u00e9 du minist\u00e8re. &#013; &#013; Le\" \/>\n<meta property=\"og:url\" content=\"https:\/\/www.info-algerie.com\/actualites\/la-nuit-du-doute-pour-lobservation-du-1er-jour-de-ramadhan-est-prevue-vendredi\/\" \/>\n<meta property=\"og:site_name\" content=\"info algerie\" \/>\n<meta property=\"article:publisher\" content=\"https:\/\/www.facebook.com\/infoalgerieactu\" \/>\n<meta property=\"article:published_time\" content=\"2017-05-22T17:53:39+00:00\" \/>\n<meta property=\"og:image\" content=\"https:\/\/www.info-algerie.com\/actualites\/wp-content\/uploads\/2017\/05\/d800ffc5811cae67292e2f51d588b9f1_S-1.jpg\" \/>\n\t<meta property=\"og:image:width\" content=\"280\" \/>\n\t<meta property=\"og:image:height\" content=\"169\" \/>\n\t<meta property=\"og:image:type\" content=\"image\/jpeg\" \/>\n<meta name=\"author\" content=\"La r\u00e9daction\" \/>\n<meta name=\"twitter:label1\" content=\"\u00c9crit par\" \/>\n\t<meta name=\"twitter:data1\" content=\"La r\u00e9daction\" \/>\n<script type=\"application\/ld+json\" class=\"yoast-schema-graph\">{\"@context\":\"https:\\\/\\\/schema.org\",\"@graph\":[{\"@type\":\"Article\",\"@id\":\"https:\\\/\\\/www.info-algerie.com\\\/actualites\\\/la-nuit-du-doute-pour-lobservation-du-1er-jour-de-ramadhan-est-prevue-vendredi\\\/#article\",\"isPartOf\":{\"@id\":\"https:\\\/\\\/www.info-algerie.com\\\/actualites\\\/la-nuit-du-doute-pour-lobservation-du-1er-jour-de-ramadhan-est-prevue-vendredi\\\/\"},\"author\":{\"name\":\"La r\u00e9daction\",\"@id\":\"https:\\\/\\\/www.info-algerie.com\\\/actualites\\\/#\\\/schema\\\/person\\\/847aaec44920825b843a08f30ec6aa1e\"},\"headline\":\"La nuit du doute pour l&#039;observation du 1er jour de Ramadhan est pr\u00e9vue vendredi\",\"datePublished\":\"2017-05-22T17:53:39+00:00\",\"mainEntityOfPage\":{\"@id\":\"https:\\\/\\\/www.info-algerie.com\\\/actualites\\\/la-nuit-du-doute-pour-lobservation-du-1er-jour-de-ramadhan-est-prevue-vendredi\\\/\"},\"wordCount\":107,\"commentCount\":0,\"publisher\":{\"@id\":\"https:\\\/\\\/www.info-algerie.com\\\/actualites\\\/#organization\"},\"image\":{\"@id\":\"https:\\\/\\\/www.info-algerie.com\\\/actualites\\\/la-nuit-du-doute-pour-lobservation-du-1er-jour-de-ramadhan-est-prevue-vendredi\\\/#primaryimage\"},\"thumbnailUrl\":\"https:\\\/\\\/www.info-algerie.com\\\/actualites\\\/wp-content\\\/uploads\\\/2017\\\/05\\\/d800ffc5811cae67292e2f51d588b9f1_S-1.jpg\",\"keywords\":[\"ONU\"],\"articleSection\":[\"infos\"],\"inLanguage\":\"fr-FR\",\"potentialAction\":[{\"@type\":\"CommentAction\",\"name\":\"Comment\",\"target\":[\"https:\\\/\\\/www.info-algerie.com\\\/actualites\\\/la-nuit-du-doute-pour-lobservation-du-1er-jour-de-ramadhan-est-prevue-vendredi\\\/#respond\"]}]},{\"@type\":\"WebPage\",\"@id\":\"https:\\\/\\\/www.info-algerie.com\\\/actualites\\\/la-nuit-du-doute-pour-lobservation-du-1er-jour-de-ramadhan-est-prevue-vendredi\\\/\",\"url\":\"https:\\\/\\\/www.info-algerie.com\\\/actualites\\\/la-nuit-du-doute-pour-lobservation-du-1er-jour-de-ramadhan-est-prevue-vendredi\\\/\",\"name\":\"La nuit du doute pour l&#039;observation du 1er jour de Ramadhan est pr\u00e9vue vendredi - info algerie\",\"isPartOf\":{\"@id\":\"https:\\\/\\\/www.info-algerie.com\\\/actualites\\\/#website\"},\"primaryImageOfPage\":{\"@id\":\"https:\\\/\\\/www.info-algerie.com\\\/actualites\\\/la-nuit-du-doute-pour-lobservation-du-1er-jour-de-ramadhan-est-prevue-vendredi\\\/#primaryimage\"},\"image\":{\"@id\":\"https:\\\/\\\/www.info-algerie.com\\\/actualites\\\/la-nuit-du-doute-pour-lobservation-du-1er-jour-de-ramadhan-est-prevue-vendredi\\\/#primaryimage\"},\"thumbnailUrl\":\"https:\\\/\\\/www.info-algerie.com\\\/actualites\\\/wp-content\\\/uploads\\\/2017\\\/05\\\/d800ffc5811cae67292e2f51d588b9f1_S-1.jpg\",\"datePublished\":\"2017-05-22T17:53:39+00:00\",\"breadcrumb\":{\"@id\":\"https:\\\/\\\/www.info-algerie.com\\\/actualites\\\/la-nuit-du-doute-pour-lobservation-du-1er-jour-de-ramadhan-est-prevue-vendredi\\\/#breadcrumb\"},\"inLanguage\":\"fr-FR\",\"potentialAction\":[{\"@type\":\"ReadAction\",\"target\":[\"https:\\\/\\\/www.info-algerie.com\\\/actualites\\\/la-nuit-du-doute-pour-lobservation-du-1er-jour-de-ramadhan-est-prevue-vendredi\\\/\"]}]},{\"@type\":\"ImageObject\",\"inLanguage\":\"fr-FR\",\"@id\":\"https:\\\/\\\/www.info-algerie.com\\\/actualites\\\/la-nuit-du-doute-pour-lobservation-du-1er-jour-de-ramadhan-est-prevue-vendredi\\\/#primaryimage\",\"url\":\"https:\\\/\\\/www.info-algerie.com\\\/actualites\\\/wp-content\\\/uploads\\\/2017\\\/05\\\/d800ffc5811cae67292e2f51d588b9f1_S-1.jpg\",\"contentUrl\":\"https:\\\/\\\/www.info-algerie.com\\\/actualites\\\/wp-content\\\/uploads\\\/2017\\\/05\\\/d800ffc5811cae67292e2f51d588b9f1_S-1.jpg\",\"width\":280,\"height\":169},{\"@type\":\"BreadcrumbList\",\"@id\":\"https:\\\/\\\/www.info-algerie.com\\\/actualites\\\/la-nuit-du-doute-pour-lobservation-du-1er-jour-de-ramadhan-est-prevue-vendredi\\\/#breadcrumb\",\"itemListElement\":[{\"@type\":\"ListItem\",\"position\":1,\"name\":\"Accueil\",\"item\":\"https:\\\/\\\/www.info-algerie.com\\\/actualites\\\/\"},{\"@type\":\"ListItem\",\"position\":2,\"name\":\"La nuit du doute pour l&#039;observation du 1er jour de Ramadhan est pr\u00e9vue vendredi\"}]},{\"@type\":\"WebSite\",\"@id\":\"https:\\\/\\\/www.info-algerie.com\\\/actualites\\\/#website\",\"url\":\"https:\\\/\\\/www.info-algerie.com\\\/actualites\\\/\",\"name\":\"info algerie\",\"description\":\"Toutes les actualit\u00e9s\",\"publisher\":{\"@id\":\"https:\\\/\\\/www.info-algerie.com\\\/actualites\\\/#organization\"},\"potentialAction\":[{\"@type\":\"SearchAction\",\"target\":{\"@type\":\"EntryPoint\",\"urlTemplate\":\"https:\\\/\\\/www.info-algerie.com\\\/actualites\\\/?s={search_term_string}\"},\"query-input\":{\"@type\":\"PropertyValueSpecification\",\"valueRequired\":true,\"valueName\":\"search_term_string\"}}],\"inLanguage\":\"fr-FR\"},{\"@type\":\"Organization\",\"@id\":\"https:\\\/\\\/www.info-algerie.com\\\/actualites\\\/#organization\",\"name\":\"info algerie\",\"url\":\"https:\\\/\\\/www.info-algerie.com\\\/actualites\\\/\",\"logo\":{\"@type\":\"ImageObject\",\"inLanguage\":\"fr-FR\",\"@id\":\"https:\\\/\\\/www.info-algerie.com\\\/actualites\\\/#\\\/schema\\\/logo\\\/image\\\/\",\"url\":\"https:\\\/\\\/www.info-algerie.com\\\/actualites\\\/wp-content\\\/uploads\\\/2022\\\/07\\\/logo-ia-120.png\",\"contentUrl\":\"https:\\\/\\\/www.info-algerie.com\\\/actualites\\\/wp-content\\\/uploads\\\/2022\\\/07\\\/logo-ia-120.png\",\"width\":120,\"height\":43,\"caption\":\"info algerie\"},\"image\":{\"@id\":\"https:\\\/\\\/www.info-algerie.com\\\/actualites\\\/#\\\/schema\\\/logo\\\/image\\\/\"},\"sameAs\":[\"https:\\\/\\\/www.facebook.com\\\/infoalgerieactu\",\"https:\\\/\\\/x.com\\\/infoalgerie1\"]},{\"@type\":\"Person\",\"@id\":\"https:\\\/\\\/www.info-algerie.com\\\/actualites\\\/#\\\/schema\\\/person\\\/847aaec44920825b843a08f30ec6aa1e\",\"name\":\"La r\u00e9daction\",\"image\":{\"@type\":\"ImageObject\",\"inLanguage\":\"fr-FR\",\"@id\":\"https:\\\/\\\/secure.gravatar.com\\\/avatar\\\/769db425c6f465158149f1ffd6cf61ce7a8a879d11dfbef8288af36dfddd418c?s=96&d=mm&r=g\",\"url\":\"https:\\\/\\\/secure.gravatar.com\\\/avatar\\\/769db425c6f465158149f1ffd6cf61ce7a8a879d11dfbef8288af36dfddd418c?s=96&d=mm&r=g\",\"contentUrl\":\"https:\\\/\\\/secure.gravatar.com\\\/avatar\\\/769db425c6f465158149f1ffd6cf61ce7a8a879d11dfbef8288af36dfddd418c?s=96&d=mm&r=g\",\"caption\":\"La r\u00e9daction\"},\"sameAs\":[\"http:\\\/\\\/www.lkeria.com\\\/\"],\"url\":\"https:\\\/\\\/www.info-algerie.com\\\/actualites\\\/author\\\/chakib32\\\/\"}]}<\/script>\n<!-- \/ Yoast SEO plugin. -->","yoast_head_json":{"title":"La nuit du doute pour l&#039;observation du 1er jour de Ramadhan est pr\u00e9vue vendredi - info algerie","robots":{"index":"index","follow":"follow","max-snippet":"max-snippet:-1","max-image-preview":"max-image-preview:large","max-video-preview":"max-video-preview:-1"},"canonical":"https:\/\/www.info-algerie.com\/actualites\/la-nuit-du-doute-pour-lobservation-du-1er-jour-de-ramadhan-est-prevue-vendredi\/","og_locale":"fr_FR","og_type":"article","og_title":"La nuit du doute pour l&#039;observation du 1er jour de Ramadhan est pr\u00e9vue vendredi - info algerie","og_description":"ALGER &#8211; La commission nationale d&rsquo;observation du croissant lunaire du minist\u00e8re des Affaires religieuses et du Waqf a annonc\u00e9 que la nuit du doute consacr\u00e9e \u00e0 l&rsquo;observation du croissant lunaire annon\u00e7ant le premier jour du mois sacr\u00e9 de Ramadhan pour l&rsquo;ann\u00e9e 2017 est pr\u00e9vue vendredi, a indiqu\u00e9 lundi un communiqu\u00e9 du minist\u00e8re. &#013; &#013; Le","og_url":"https:\/\/www.info-algerie.com\/actualites\/la-nuit-du-doute-pour-lobservation-du-1er-jour-de-ramadhan-est-prevue-vendredi\/","og_site_name":"info algerie","article_publisher":"https:\/\/www.facebook.com\/infoalgerieactu","article_published_time":"2017-05-22T17:53:39+00:00","og_image":[{"width":280,"height":169,"url":"https:\/\/www.info-algerie.com\/actualites\/wp-content\/uploads\/2017\/05\/d800ffc5811cae67292e2f51d588b9f1_S-1.jpg","type":"image\/jpeg"}],"author":"La r\u00e9daction","twitter_misc":{"\u00c9crit par":"La r\u00e9daction"},"schema":{"@context":"https:\/\/schema.org","@graph":[{"@type":"Article","@id":"https:\/\/www.info-algerie.com\/actualites\/la-nuit-du-doute-pour-lobservation-du-1er-jour-de-ramadhan-est-prevue-vendredi\/#article","isPartOf":{"@id":"https:\/\/www.info-algerie.com\/actualites\/la-nuit-du-doute-pour-lobservation-du-1er-jour-de-ramadhan-est-prevue-vendredi\/"},"author":{"name":"La r\u00e9daction","@id":"https:\/\/www.info-algerie.com\/actualites\/#\/schema\/person\/847aaec44920825b843a08f30ec6aa1e"},"headline":"La nuit du doute pour l&#039;observation du 1er jour de Ramadhan est pr\u00e9vue vendredi","datePublished":"2017-05-22T17:53:39+00:00","mainEntityOfPage":{"@id":"https:\/\/www.info-algerie.com\/actualites\/la-nuit-du-doute-pour-lobservation-du-1er-jour-de-ramadhan-est-prevue-vendredi\/"},"wordCount":107,"commentCount":0,"publisher":{"@id":"https:\/\/www.info-algerie.com\/actualites\/#organization"},"image":{"@id":"https:\/\/www.info-algerie.com\/actualites\/la-nuit-du-doute-pour-lobservation-du-1er-jour-de-ramadhan-est-prevue-vendredi\/#primaryimage"},"thumbnailUrl":"https:\/\/www.info-algerie.com\/actualites\/wp-content\/uploads\/2017\/05\/d800ffc5811cae67292e2f51d588b9f1_S-1.jpg","keywords":["ONU"],"articleSection":["infos"],"inLanguage":"fr-FR","potentialAction":[{"@type":"CommentAction","name":"Comment","target":["https:\/\/www.info-algerie.com\/actualites\/la-nuit-du-doute-pour-lobservation-du-1er-jour-de-ramadhan-est-prevue-vendredi\/#respond"]}]},{"@type":"WebPage","@id":"https:\/\/www.info-algerie.com\/actualites\/la-nuit-du-doute-pour-lobservation-du-1er-jour-de-ramadhan-est-prevue-vendredi\/","url":"https:\/\/www.info-algerie.com\/actualites\/la-nuit-du-doute-pour-lobservation-du-1er-jour-de-ramadhan-est-prevue-vendredi\/","name":"La nuit du doute pour l&#039;observation du 1er jour de Ramadhan est pr\u00e9vue vendredi - info algerie","isPartOf":{"@id":"https:\/\/www.info-algerie.com\/actualites\/#website"},"primaryImageOfPage":{"@id":"https:\/\/www.info-algerie.com\/actualites\/la-nuit-du-doute-pour-lobservation-du-1er-jour-de-ramadhan-est-prevue-vendredi\/#primaryimage"},"image":{"@id":"https:\/\/www.info-algerie.com\/actualites\/la-nuit-du-doute-pour-lobservation-du-1er-jour-de-ramadhan-est-prevue-vendredi\/#primaryimage"},"thumbnailUrl":"https:\/\/www.info-algerie.com\/actualites\/wp-content\/uploads\/2017\/05\/d800ffc5811cae67292e2f51d588b9f1_S-1.jpg","datePublished":"2017-05-22T17:53:39+00:00","breadcrumb":{"@id":"https:\/\/www.info-algerie.com\/actualites\/la-nuit-du-doute-pour-lobservation-du-1er-jour-de-ramadhan-est-prevue-vendredi\/#breadcrumb"},"inLanguage":"fr-FR","potentialAction":[{"@type":"ReadAction","target":["https:\/\/www.info-algerie.com\/actualites\/la-nuit-du-doute-pour-lobservation-du-1er-jour-de-ramadhan-est-prevue-vendredi\/"]}]},{"@type":"ImageObject","inLanguage":"fr-FR","@id":"https:\/\/www.info-algerie.com\/actualites\/la-nuit-du-doute-pour-lobservation-du-1er-jour-de-ramadhan-est-prevue-vendredi\/#primaryimage","url":"https:\/\/www.info-algerie.com\/actualites\/wp-content\/uploads\/2017\/05\/d800ffc5811cae67292e2f51d588b9f1_S-1.jpg","contentUrl":"https:\/\/www.info-algerie.com\/actualites\/wp-content\/uploads\/2017\/05\/d800ffc5811cae67292e2f51d588b9f1_S-1.jpg","width":280,"height":169},{"@type":"BreadcrumbList","@id":"https:\/\/www.info-algerie.com\/actualites\/la-nuit-du-doute-pour-lobservation-du-1er-jour-de-ramadhan-est-prevue-vendredi\/#breadcrumb","itemListElement":[{"@type":"ListItem","position":1,"name":"Accueil","item":"https:\/\/www.info-algerie.com\/actualites\/"},{"@type":"ListItem","position":2,"name":"La nuit du doute pour l&#039;observation du 1er jour de Ramadhan est pr\u00e9vue vendredi"}]},{"@type":"WebSite","@id":"https:\/\/www.info-algerie.com\/actualites\/#website","url":"https:\/\/www.info-algerie.com\/actualites\/","name":"info algerie","description":"Toutes les actualit\u00e9s","publisher":{"@id":"https:\/\/www.info-algerie.com\/actualites\/#organization"},"potentialAction":[{"@type":"SearchAction","target":{"@type":"EntryPoint","urlTemplate":"https:\/\/www.info-algerie.com\/actualites\/?s={search_term_string}"},"query-input":{"@type":"PropertyValueSpecification","valueRequired":true,"valueName":"search_term_string"}}],"inLanguage":"fr-FR"},{"@type":"Organization","@id":"https:\/\/www.info-algerie.com\/actualites\/#organization","name":"info algerie","url":"https:\/\/www.info-algerie.com\/actualites\/","logo":{"@type":"ImageObject","inLanguage":"fr-FR","@id":"https:\/\/www.info-algerie.com\/actualites\/#\/schema\/logo\/image\/","url":"https:\/\/www.info-algerie.com\/actualites\/wp-content\/uploads\/2022\/07\/logo-ia-120.png","contentUrl":"https:\/\/www.info-algerie.com\/actualites\/wp-content\/uploads\/2022\/07\/logo-ia-120.png","width":120,"height":43,"caption":"info algerie"},"image":{"@id":"https:\/\/www.info-algerie.com\/actualites\/#\/schema\/logo\/image\/"},"sameAs":["https:\/\/www.facebook.com\/infoalgerieactu","https:\/\/x.com\/infoalgerie1"]},{"@type":"Person","@id":"https:\/\/www.info-algerie.com\/actualites\/#\/schema\/person\/847aaec44920825b843a08f30ec6aa1e","name":"La r\u00e9daction","image":{"@type":"ImageObject","inLanguage":"fr-FR","@id":"https:\/\/secure.gravatar.com\/avatar\/769db425c6f465158149f1ffd6cf61ce7a8a879d11dfbef8288af36dfddd418c?s=96&d=mm&r=g","url":"https:\/\/secure.gravatar.com\/avatar\/769db425c6f465158149f1ffd6cf61ce7a8a879d11dfbef8288af36dfddd418c?s=96&d=mm&r=g","contentUrl":"https:\/\/secure.gravatar.com\/avatar\/769db425c6f465158149f1ffd6cf61ce7a8a879d11dfbef8288af36dfddd418c?s=96&d=mm&r=g","caption":"La r\u00e9daction"},"sameAs":["http:\/\/www.lkeria.com\/"],"url":"https:\/\/www.info-algerie.com\/actualites\/author\/chakib32\/"}]}},"_links":{"self":[{"href":"https:\/\/www.info-algerie.com\/actualites\/wp-json\/wp\/v2\/posts\/12382","targetHints":{"allow":["GET"]}}],"collection":[{"href":"https:\/\/www.info-algerie.com\/actualites\/wp-json\/wp\/v2\/posts"}],"about":[{"href":"https:\/\/www.info-algerie.com\/actualites\/wp-json\/wp\/v2\/types\/post"}],"author":[{"embeddable":true,"href":"https:\/\/www.info-algerie.com\/actualites\/wp-json\/wp\/v2\/users\/6"}],"replies":[{"embeddable":true,"href":"https:\/\/www.info-algerie.com\/actualites\/wp-json\/wp\/v2\/comments?post=12382"}],"version-history":[{"count":0,"href":"https:\/\/www.info-algerie.com\/actualites\/wp-json\/wp\/v2\/posts\/12382\/revisions"}],"wp:featuredmedia":[{"embeddable":true,"href":"https:\/\/www.info-algerie.com\/actualites\/wp-json\/wp\/v2\/media\/12383"}],"wp:attachment":[{"href":"https:\/\/www.info-algerie.com\/actualites\/wp-json\/wp\/v2\/media?parent=12382"}],"wp:term":[{"taxonomy":"category","embeddable":true,"href":"https:\/\/www.info-algerie.com\/actualites\/wp-json\/wp\/v2\/categories?post=12382"},{"taxonomy":"post_tag","embeddable":true,"href":"https:\/\/www.info-algerie.com\/actualites\/wp-json\/wp\/v2\/tags?post=12382"}],"curies":[{"name":"wp","href":"https:\/\/api.w.org\/{rel}","templated":true}]}}