{"id":12394,"date":"2017-05-23T08:26:35","date_gmt":"2017-05-23T07:26:35","guid":{"rendered":"http:\/\/www.info-algerie.com\/actualites\/pretendue-agression-dun-diplomate-marocain-lonu-evoque-une-perturbation-du-debat-qui-na-pas-necessite-lintervention-de-la-securite\/"},"modified":"2017-05-23T08:26:35","modified_gmt":"2017-05-23T07:26:35","slug":"pretendue-agression-dun-diplomate-marocain-lonu-evoque-une-perturbation-du-debat-qui-na-pas-necessite-lintervention-de-la-securite","status":"publish","type":"post","link":"https:\/\/www.info-algerie.com\/actualites\/pretendue-agression-dun-diplomate-marocain-lonu-evoque-une-perturbation-du-debat-qui-na-pas-necessite-lintervention-de-la-securite\/","title":{"rendered":"Pr\u00e9tendue agression d\u2019un diplomate marocain: l\u2019ONU \u00e9voque une perturbation du d\u00e9bat qui n\u2019a pas n\u00e9cessit\u00e9 l\u2019intervention de la s\u00e9curit\u00e9"},"content":{"rendered":"<div class=\"K2FeedImage\"><img decoding=\"async\" src=\"https:\/\/www.info-algerie.com\/actualites\/wp-content\/uploads\/2017\/05\/81efd49a0bd49ac0d19076cedd8eba64_S.jpg\" alt=\"Pr&#xE9;tendue agression d&#x2019;un diplomate marocain: l&#x2019;ONU &#xE9;voque une perturbation du d&#xE9;bat qui n&#x2019;a pas n&#xE9;cessit&#xE9; l&#x2019;intervention de la s&#xE9;curit&#xE9;\" \/><\/div>\n<div class=\"K2FeedIntroText\">\n<p>NEW YORK- Le porte parole du secr\u00e9taire g\u00e9n\u00e9ral de\u00a0 l\u2019ONU, St\u00e9phane Dujarric, a apport\u00e9 des pr\u00e9cisions concernant l\u2019incident\u00a0 survenu lors d\u2019une r\u00e9union de l\u2019ONU sur la d\u00e9colonisation \u00e0 Kingstown, en\u00a0 affirmant qu\u2019il s\u2019agissait \u00ab\u00a0d\u2019une perturbation\u00a0\u00bb du d\u00e9bat qui n\u2019a pas\u00a0 n\u00e9cessit\u00e9 l\u2019intervention de la s\u00e9curit\u00e9.<\/p>\n<p>&#013;\n<\/p><\/div>\n<div class=\"K2FeedFullText\">&#013;<\/p>\n<p>\u00a0\u00bb Nous sommes conscients qu&rsquo;il y a eu une perturbation \u00e0 cette r\u00e9union du\u00a0 Comit\u00e9 des 24. Nous esp\u00e9rons que les personnes concern\u00e9es puissent r\u00e9soudre\u00a0 les probl\u00e8mes survenus et nous souhaitons certainement que les prochaines\u00a0 r\u00e9unions du Comit\u00e9 des 24 se d\u00e9rouleront pacifiquement \u00ab\u00a0, a d\u00e9clar\u00e9 le\u00a0 porte parole de Guterres au cours d\u2019un point de presse.<\/p>\n<p>&#013;<\/p>\n<p>M. Dujarric r\u00e9pondait \u00e0 une question sur la pr\u00e9tendue agression d\u2019un\u00a0 diplomate marocain par un responsable alg\u00e9rien de haut rang, rapport\u00e9e par\u00a0 l\u2019AFP.\u00a0Il a \u00e9voqu\u00e9 \u00ab\u00a0une courte altercation \u00a0\u00bb survenu au cours de cette rencontre\u00a0 qu\u2019il a qualifi\u00e9 de \u00a0\u00bb perturbation \u00a0\u00bb n\u2019ayant pas n\u00e9cessit\u00e9 l\u2019intervention\u00a0 des agents de s\u00e9curit\u00e9, d\u00e9mentant implicitement la version avanc\u00e9e par\u00a0 le Maroc.\u00a0<\/p>\n<p>&#013;<\/p>\n<p>\u00a0\u00bb Les r\u00e9unions sont s\u00e9curis\u00e9es. Apparemment, il s&rsquo;agit d&rsquo;un incident qui a\u00a0 \u00e9t\u00e9 r\u00e9solu assez rapidement. L\u2019incident n\u2019a pas impliqu\u00e9 l\u2019intervention de\u00a0 la s\u00e9curit\u00e9 \u00ab\u00a0, a -t-il r\u00e9pondu \u00e0 un journaliste qui lui a demand\u00e9 si l\u2019ONU\u00a0 assurait la s\u00e9curit\u00e9 des diplomates lors des r\u00e9unions avant d\u2019ajouter \u00a0\u00bb Ce\u00a0n&rsquo;\u00e9tait pas une longue altercation ou quelque chose de ce genre. C&rsquo;\u00e9tait\u00a0 une perturbation parmi des gens, ce qui semble avoir \u00e9t\u00e9 r\u00e9solu depuis\u00a0\u00bb.\u00a0\u00a0\u00bb L&rsquo;incident a \u00e9t\u00e9 r\u00e9solu, et nous souhaitons que toutes les r\u00e9unions\u00a0 futures seront men\u00e9es avec le d\u00e9corum appropri\u00e9 \u00ab\u00a0, a-t-il dit.<\/p>\n<p>&#013;<\/p>\n<p>Les pr\u00e9cisions apport\u00e9es par l\u2019ONU ne font r\u00e9f\u00e9rence ni \u00e0 un accrochage\u00a0 ayant conduit \u00e0 des blessures ni \u00e0 une intervention des services de\u00a0 l\u2019ordre, tels que faussement rapport\u00e9s par les autorit\u00e9s marocaines.<\/p>\n<p>&#013;<\/p>\n<p>Vendredi, l\u2019<a href=\"http:\/\/www.aps.dz\/algerie\/57856-pretendue-agression-d-un-diplomate-marocain-par-un-diplomate-algerien-une-pietre-mise-en-scene-d-une-mediocre-piece-de-theatre-mae\">Alg\u00e9rie avait qualifi\u00e9 les accusations marocaines <\/a>de \u00a0\u00bb pi\u00e8tre\u00a0 mise sc\u00e8ne d\u2019une m\u00e9diocre pi\u00e8ce de th\u00e9\u00e2tre \u00a0\u00bb en affirmant que les\u00a0 informations avanc\u00e9es par le Maroc sont \u00a0\u00bb invent\u00e9es, infond\u00e9es, mensong\u00e8res\u00a0 et sans aucun lien avec la r\u00e9alit\u00e9\u00a0\u00bb.<\/p>\n<p>&#013;<\/p>\n<p>La r\u00e9union du Comit\u00e9 sp\u00e9cial de la d\u00e9colonisation de l\u2019ONU, dit Comit\u00e9 des\u00a0 24, qui s\u2019est d\u00e9roul\u00e9 du 16 au 18 mai \u00e0 Kingstown (Saint-Vincent et les\u00a0 Grenadines), a \u00e9t\u00e9 par contre marqu\u00e9 par un grave incident o\u00f9 des membres\u00a0 de la d\u00e9l\u00e9gation marocaine ont tent\u00e9 d\u2019agresser une jeune diplomate\u00a0 alg\u00e9rienne ce qui a amen\u00e9 les autorit\u00e9s du pays organisateur de cette\u00a0 rencontre \u00e0 d\u00e9signer des agents pour assurer sa s\u00e9curit\u00e9, a pr\u00e9cis\u00e9 le\u00a0 minist\u00e8re des Affaires Etrang\u00e8res.<\/p>\n<p>&#013;<\/p>\n<p>La d\u00e9l\u00e9gation marocaine s\u2019est d\u00e9j\u00e0 distingu\u00e9e par le pass\u00e9 d\u2019une mani\u00e8re\u00a0 scandaleuse lors des r\u00e9unions de l\u2019ONU sur le Sahara Occidental en\u00a0 recourant \u00e0 l\u2019invective contre toutes les d\u00e9l\u00e9gations qui refusaient de\u00a0 s\u2019aligner aux th\u00e8ses annexionnistes du Maroc.<\/p>\n<p>&#013;<\/p>\n<p>En 2016 le pr\u00e9sident de la s\u00e9ance du Comit\u00e9 des 24 a d\u00fb recourir \u00e0 la\u00a0 brigade sp\u00e9ciale de s\u00e9curit\u00e9 pour faire face au d\u00e9cha\u00eenement du\u00a0 repr\u00e9sentant du Maroc aupr\u00e8s de l\u2019ONU, Omar Hillal, qui voulait emp\u00eacher le\u00a0 repr\u00e9sentant du Front Polisario, Ahmed Boukhari de prendre la parole.<\/p>\n<p>&#013;<\/p>\n<p>\u00a0<\/p>\n<p>&#013;<\/p>\n<p>L<a href=\"http:\/\/www.aps.dz\/algerie\/57989-le-front-polisario-condamne-energiquement-le-comportement-agressif-de-la-delegation-marocaine-au-seminaire-des-caraibes\">\u2019intervention de M. Boukhari<\/a> a \u00e9t\u00e9 fortement chahut\u00e9e par un tumulte\u00a0 provoqu\u00e9 par le d\u00e9l\u00e9gu\u00e9 du Maroc qui a enfreint les r\u00e8gles de la\u00a0 diplomatie, selon les membres de ce Comit\u00e9.\u00a0<\/p>\n<\/div>\n<p>&#013;<br \/>\nSource: <a href=\"http:\/\/www.aps.dz\/algerie\/58035-pretendue-agression-d-un-diplomate-marocain-l-onu-evoque-une-perturbation-du-debat-qui-n-a-pas-necessite-l-intervention-de-la-securite\" target=\"_blank\">Pr\u00e9tendue agression d\u2019un diplomate marocain: l\u2019ONU \u00e9voque une perturbation du d\u00e9bat qui n\u2019a pas n\u00e9cessit\u00e9 l\u2019intervention de la s\u00e9curit\u00e9<\/a><\/p>\n<!--CusAds0-->\n<div style=\"font-size: 0px; height: 0px; line-height: 0px; margin: 0; padding: 0; clear: both;\"><\/div>","protected":false},"excerpt":{"rendered":"<p>NEW YORK- Le porte parole du secr\u00e9taire g\u00e9n\u00e9ral de\u00a0 l\u2019ONU, St\u00e9phane Dujarric, a apport\u00e9 des pr\u00e9cisions concernant l\u2019incident\u00a0 survenu lors d\u2019une r\u00e9union de l\u2019ONU sur la d\u00e9colonisation \u00e0 Kingstown, en\u00a0 affirmant qu\u2019il s\u2019agissait \u00ab\u00a0d\u2019une perturbation\u00a0\u00bb du d\u00e9bat qui n\u2019a pas\u00a0 n\u00e9cessit\u00e9 l\u2019intervention de la s\u00e9curit\u00e9. &#013; &#013; \u00a0\u00bb Nous sommes conscients qu&rsquo;il y a eu<\/p>\n","protected":false},"author":6,"featured_media":12395,"comment_status":"open","ping_status":"open","sticky":false,"template":"","format":"standard","meta":{"footnotes":""},"categories":[22],"tags":[93],"class_list":["post-12394","post","type-post","status-publish","format-standard","has-post-thumbnail","hentry","category-infos","tag-onu"],"yoast_head":"<!-- This site is optimized with the Yoast SEO plugin v27.5 - https:\/\/yoast.com\/product\/yoast-seo-wordpress\/ -->\n<title>Pr\u00e9tendue agression d\u2019un diplomate marocain: l\u2019ONU \u00e9voque une perturbation du d\u00e9bat qui n\u2019a pas n\u00e9cessit\u00e9 l\u2019intervention de la s\u00e9curit\u00e9 - info algerie<\/title>\n<meta name=\"robots\" content=\"index, follow, max-snippet:-1, max-image-preview:large, max-video-preview:-1\" \/>\n<link rel=\"canonical\" href=\"https:\/\/www.info-algerie.com\/actualites\/pretendue-agression-dun-diplomate-marocain-lonu-evoque-une-perturbation-du-debat-qui-na-pas-necessite-lintervention-de-la-securite\/\" \/>\n<meta property=\"og:locale\" content=\"fr_FR\" \/>\n<meta property=\"og:type\" content=\"article\" \/>\n<meta property=\"og:title\" content=\"Pr\u00e9tendue agression d\u2019un diplomate marocain: l\u2019ONU \u00e9voque une perturbation du d\u00e9bat qui n\u2019a pas n\u00e9cessit\u00e9 l\u2019intervention de la s\u00e9curit\u00e9 - info algerie\" \/>\n<meta property=\"og:description\" content=\"NEW YORK- Le porte parole du secr\u00e9taire g\u00e9n\u00e9ral de\u00a0 l\u2019ONU, St\u00e9phane Dujarric, a apport\u00e9 des pr\u00e9cisions concernant l\u2019incident\u00a0 survenu lors d\u2019une r\u00e9union de l\u2019ONU sur la d\u00e9colonisation \u00e0 Kingstown, en\u00a0 affirmant qu\u2019il s\u2019agissait \u00ab\u00a0d\u2019une perturbation\u00a0\u00bb du d\u00e9bat qui n\u2019a pas\u00a0 n\u00e9cessit\u00e9 l\u2019intervention de la s\u00e9curit\u00e9. &#013; &#013; \u00a0\u00bb Nous sommes conscients qu&rsquo;il y a eu\" \/>\n<meta property=\"og:url\" content=\"https:\/\/www.info-algerie.com\/actualites\/pretendue-agression-dun-diplomate-marocain-lonu-evoque-une-perturbation-du-debat-qui-na-pas-necessite-lintervention-de-la-securite\/\" \/>\n<meta property=\"og:site_name\" content=\"info algerie\" \/>\n<meta property=\"article:publisher\" content=\"https:\/\/www.facebook.com\/infoalgerieactu\" \/>\n<meta property=\"article:published_time\" content=\"2017-05-23T07:26:35+00:00\" \/>\n<meta property=\"og:image\" content=\"https:\/\/www.info-algerie.com\/actualites\/wp-content\/uploads\/2017\/05\/81efd49a0bd49ac0d19076cedd8eba64_S-1.jpg\" \/>\n\t<meta property=\"og:image:width\" content=\"280\" \/>\n\t<meta property=\"og:image:height\" content=\"174\" \/>\n\t<meta property=\"og:image:type\" content=\"image\/jpeg\" \/>\n<meta name=\"author\" content=\"La r\u00e9daction\" \/>\n<meta name=\"twitter:label1\" content=\"\u00c9crit par\" \/>\n\t<meta name=\"twitter:data1\" content=\"La r\u00e9daction\" \/>\n\t<meta name=\"twitter:label2\" content=\"Dur\u00e9e de lecture estim\u00e9e\" \/>\n\t<meta name=\"twitter:data2\" content=\"3 minutes\" \/>\n<script type=\"application\/ld+json\" class=\"yoast-schema-graph\">{\"@context\":\"https:\\\/\\\/schema.org\",\"@graph\":[{\"@type\":\"Article\",\"@id\":\"https:\\\/\\\/www.info-algerie.com\\\/actualites\\\/pretendue-agression-dun-diplomate-marocain-lonu-evoque-une-perturbation-du-debat-qui-na-pas-necessite-lintervention-de-la-securite\\\/#article\",\"isPartOf\":{\"@id\":\"https:\\\/\\\/www.info-algerie.com\\\/actualites\\\/pretendue-agression-dun-diplomate-marocain-lonu-evoque-une-perturbation-du-debat-qui-na-pas-necessite-lintervention-de-la-securite\\\/\"},\"author\":{\"name\":\"La r\u00e9daction\",\"@id\":\"https:\\\/\\\/www.info-algerie.com\\\/actualites\\\/#\\\/schema\\\/person\\\/847aaec44920825b843a08f30ec6aa1e\"},\"headline\":\"Pr\u00e9tendue agression d\u2019un diplomate marocain: l\u2019ONU \u00e9voque une perturbation du d\u00e9bat qui n\u2019a pas n\u00e9cessit\u00e9 l\u2019intervention de la s\u00e9curit\u00e9\",\"datePublished\":\"2017-05-23T07:26:35+00:00\",\"mainEntityOfPage\":{\"@id\":\"https:\\\/\\\/www.info-algerie.com\\\/actualites\\\/pretendue-agression-dun-diplomate-marocain-lonu-evoque-une-perturbation-du-debat-qui-na-pas-necessite-lintervention-de-la-securite\\\/\"},\"wordCount\":679,\"commentCount\":0,\"publisher\":{\"@id\":\"https:\\\/\\\/www.info-algerie.com\\\/actualites\\\/#organization\"},\"image\":{\"@id\":\"https:\\\/\\\/www.info-algerie.com\\\/actualites\\\/pretendue-agression-dun-diplomate-marocain-lonu-evoque-une-perturbation-du-debat-qui-na-pas-necessite-lintervention-de-la-securite\\\/#primaryimage\"},\"thumbnailUrl\":\"https:\\\/\\\/www.info-algerie.com\\\/actualites\\\/wp-content\\\/uploads\\\/2017\\\/05\\\/81efd49a0bd49ac0d19076cedd8eba64_S-1.jpg\",\"keywords\":[\"ONU\"],\"articleSection\":[\"infos\"],\"inLanguage\":\"fr-FR\",\"potentialAction\":[{\"@type\":\"CommentAction\",\"name\":\"Comment\",\"target\":[\"https:\\\/\\\/www.info-algerie.com\\\/actualites\\\/pretendue-agression-dun-diplomate-marocain-lonu-evoque-une-perturbation-du-debat-qui-na-pas-necessite-lintervention-de-la-securite\\\/#respond\"]}]},{\"@type\":\"WebPage\",\"@id\":\"https:\\\/\\\/www.info-algerie.com\\\/actualites\\\/pretendue-agression-dun-diplomate-marocain-lonu-evoque-une-perturbation-du-debat-qui-na-pas-necessite-lintervention-de-la-securite\\\/\",\"url\":\"https:\\\/\\\/www.info-algerie.com\\\/actualites\\\/pretendue-agression-dun-diplomate-marocain-lonu-evoque-une-perturbation-du-debat-qui-na-pas-necessite-lintervention-de-la-securite\\\/\",\"name\":\"Pr\u00e9tendue agression d\u2019un diplomate marocain: l\u2019ONU \u00e9voque une perturbation du d\u00e9bat qui n\u2019a pas n\u00e9cessit\u00e9 l\u2019intervention de la s\u00e9curit\u00e9 - info algerie\",\"isPartOf\":{\"@id\":\"https:\\\/\\\/www.info-algerie.com\\\/actualites\\\/#website\"},\"primaryImageOfPage\":{\"@id\":\"https:\\\/\\\/www.info-algerie.com\\\/actualites\\\/pretendue-agression-dun-diplomate-marocain-lonu-evoque-une-perturbation-du-debat-qui-na-pas-necessite-lintervention-de-la-securite\\\/#primaryimage\"},\"image\":{\"@id\":\"https:\\\/\\\/www.info-algerie.com\\\/actualites\\\/pretendue-agression-dun-diplomate-marocain-lonu-evoque-une-perturbation-du-debat-qui-na-pas-necessite-lintervention-de-la-securite\\\/#primaryimage\"},\"thumbnailUrl\":\"https:\\\/\\\/www.info-algerie.com\\\/actualites\\\/wp-content\\\/uploads\\\/2017\\\/05\\\/81efd49a0bd49ac0d19076cedd8eba64_S-1.jpg\",\"datePublished\":\"2017-05-23T07:26:35+00:00\",\"breadcrumb\":{\"@id\":\"https:\\\/\\\/www.info-algerie.com\\\/actualites\\\/pretendue-agression-dun-diplomate-marocain-lonu-evoque-une-perturbation-du-debat-qui-na-pas-necessite-lintervention-de-la-securite\\\/#breadcrumb\"},\"inLanguage\":\"fr-FR\",\"potentialAction\":[{\"@type\":\"ReadAction\",\"target\":[\"https:\\\/\\\/www.info-algerie.com\\\/actualites\\\/pretendue-agression-dun-diplomate-marocain-lonu-evoque-une-perturbation-du-debat-qui-na-pas-necessite-lintervention-de-la-securite\\\/\"]}]},{\"@type\":\"ImageObject\",\"inLanguage\":\"fr-FR\",\"@id\":\"https:\\\/\\\/www.info-algerie.com\\\/actualites\\\/pretendue-agression-dun-diplomate-marocain-lonu-evoque-une-perturbation-du-debat-qui-na-pas-necessite-lintervention-de-la-securite\\\/#primaryimage\",\"url\":\"https:\\\/\\\/www.info-algerie.com\\\/actualites\\\/wp-content\\\/uploads\\\/2017\\\/05\\\/81efd49a0bd49ac0d19076cedd8eba64_S-1.jpg\",\"contentUrl\":\"https:\\\/\\\/www.info-algerie.com\\\/actualites\\\/wp-content\\\/uploads\\\/2017\\\/05\\\/81efd49a0bd49ac0d19076cedd8eba64_S-1.jpg\",\"width\":280,\"height\":174},{\"@type\":\"BreadcrumbList\",\"@id\":\"https:\\\/\\\/www.info-algerie.com\\\/actualites\\\/pretendue-agression-dun-diplomate-marocain-lonu-evoque-une-perturbation-du-debat-qui-na-pas-necessite-lintervention-de-la-securite\\\/#breadcrumb\",\"itemListElement\":[{\"@type\":\"ListItem\",\"position\":1,\"name\":\"Accueil\",\"item\":\"https:\\\/\\\/www.info-algerie.com\\\/actualites\\\/\"},{\"@type\":\"ListItem\",\"position\":2,\"name\":\"Pr\u00e9tendue agression d\u2019un diplomate marocain: l\u2019ONU \u00e9voque une perturbation du d\u00e9bat qui n\u2019a pas n\u00e9cessit\u00e9 l\u2019intervention de la s\u00e9curit\u00e9\"}]},{\"@type\":\"WebSite\",\"@id\":\"https:\\\/\\\/www.info-algerie.com\\\/actualites\\\/#website\",\"url\":\"https:\\\/\\\/www.info-algerie.com\\\/actualites\\\/\",\"name\":\"info algerie\",\"description\":\"Toutes les actualit\u00e9s\",\"publisher\":{\"@id\":\"https:\\\/\\\/www.info-algerie.com\\\/actualites\\\/#organization\"},\"potentialAction\":[{\"@type\":\"SearchAction\",\"target\":{\"@type\":\"EntryPoint\",\"urlTemplate\":\"https:\\\/\\\/www.info-algerie.com\\\/actualites\\\/?s={search_term_string}\"},\"query-input\":{\"@type\":\"PropertyValueSpecification\",\"valueRequired\":true,\"valueName\":\"search_term_string\"}}],\"inLanguage\":\"fr-FR\"},{\"@type\":\"Organization\",\"@id\":\"https:\\\/\\\/www.info-algerie.com\\\/actualites\\\/#organization\",\"name\":\"info algerie\",\"url\":\"https:\\\/\\\/www.info-algerie.com\\\/actualites\\\/\",\"logo\":{\"@type\":\"ImageObject\",\"inLanguage\":\"fr-FR\",\"@id\":\"https:\\\/\\\/www.info-algerie.com\\\/actualites\\\/#\\\/schema\\\/logo\\\/image\\\/\",\"url\":\"https:\\\/\\\/www.info-algerie.com\\\/actualites\\\/wp-content\\\/uploads\\\/2022\\\/07\\\/logo-ia-120.png\",\"contentUrl\":\"https:\\\/\\\/www.info-algerie.com\\\/actualites\\\/wp-content\\\/uploads\\\/2022\\\/07\\\/logo-ia-120.png\",\"width\":120,\"height\":43,\"caption\":\"info algerie\"},\"image\":{\"@id\":\"https:\\\/\\\/www.info-algerie.com\\\/actualites\\\/#\\\/schema\\\/logo\\\/image\\\/\"},\"sameAs\":[\"https:\\\/\\\/www.facebook.com\\\/infoalgerieactu\",\"https:\\\/\\\/x.com\\\/infoalgerie1\"]},{\"@type\":\"Person\",\"@id\":\"https:\\\/\\\/www.info-algerie.com\\\/actualites\\\/#\\\/schema\\\/person\\\/847aaec44920825b843a08f30ec6aa1e\",\"name\":\"La r\u00e9daction\",\"image\":{\"@type\":\"ImageObject\",\"inLanguage\":\"fr-FR\",\"@id\":\"https:\\\/\\\/secure.gravatar.com\\\/avatar\\\/769db425c6f465158149f1ffd6cf61ce7a8a879d11dfbef8288af36dfddd418c?s=96&d=mm&r=g\",\"url\":\"https:\\\/\\\/secure.gravatar.com\\\/avatar\\\/769db425c6f465158149f1ffd6cf61ce7a8a879d11dfbef8288af36dfddd418c?s=96&d=mm&r=g\",\"contentUrl\":\"https:\\\/\\\/secure.gravatar.com\\\/avatar\\\/769db425c6f465158149f1ffd6cf61ce7a8a879d11dfbef8288af36dfddd418c?s=96&d=mm&r=g\",\"caption\":\"La r\u00e9daction\"},\"sameAs\":[\"http:\\\/\\\/www.lkeria.com\\\/\"],\"url\":\"https:\\\/\\\/www.info-algerie.com\\\/actualites\\\/author\\\/chakib32\\\/\"}]}<\/script>\n<!-- \/ Yoast SEO plugin. -->","yoast_head_json":{"title":"Pr\u00e9tendue agression d\u2019un diplomate marocain: l\u2019ONU \u00e9voque une perturbation du d\u00e9bat qui n\u2019a pas n\u00e9cessit\u00e9 l\u2019intervention de la s\u00e9curit\u00e9 - info algerie","robots":{"index":"index","follow":"follow","max-snippet":"max-snippet:-1","max-image-preview":"max-image-preview:large","max-video-preview":"max-video-preview:-1"},"canonical":"https:\/\/www.info-algerie.com\/actualites\/pretendue-agression-dun-diplomate-marocain-lonu-evoque-une-perturbation-du-debat-qui-na-pas-necessite-lintervention-de-la-securite\/","og_locale":"fr_FR","og_type":"article","og_title":"Pr\u00e9tendue agression d\u2019un diplomate marocain: l\u2019ONU \u00e9voque une perturbation du d\u00e9bat qui n\u2019a pas n\u00e9cessit\u00e9 l\u2019intervention de la s\u00e9curit\u00e9 - info algerie","og_description":"NEW YORK- Le porte parole du secr\u00e9taire g\u00e9n\u00e9ral de\u00a0 l\u2019ONU, St\u00e9phane Dujarric, a apport\u00e9 des pr\u00e9cisions concernant l\u2019incident\u00a0 survenu lors d\u2019une r\u00e9union de l\u2019ONU sur la d\u00e9colonisation \u00e0 Kingstown, en\u00a0 affirmant qu\u2019il s\u2019agissait \u00ab\u00a0d\u2019une perturbation\u00a0\u00bb du d\u00e9bat qui n\u2019a pas\u00a0 n\u00e9cessit\u00e9 l\u2019intervention de la s\u00e9curit\u00e9. &#013; &#013; \u00a0\u00bb Nous sommes conscients qu&rsquo;il y a eu","og_url":"https:\/\/www.info-algerie.com\/actualites\/pretendue-agression-dun-diplomate-marocain-lonu-evoque-une-perturbation-du-debat-qui-na-pas-necessite-lintervention-de-la-securite\/","og_site_name":"info algerie","article_publisher":"https:\/\/www.facebook.com\/infoalgerieactu","article_published_time":"2017-05-23T07:26:35+00:00","og_image":[{"width":280,"height":174,"url":"https:\/\/www.info-algerie.com\/actualites\/wp-content\/uploads\/2017\/05\/81efd49a0bd49ac0d19076cedd8eba64_S-1.jpg","type":"image\/jpeg"}],"author":"La r\u00e9daction","twitter_misc":{"\u00c9crit par":"La r\u00e9daction","Dur\u00e9e de lecture estim\u00e9e":"3 minutes"},"schema":{"@context":"https:\/\/schema.org","@graph":[{"@type":"Article","@id":"https:\/\/www.info-algerie.com\/actualites\/pretendue-agression-dun-diplomate-marocain-lonu-evoque-une-perturbation-du-debat-qui-na-pas-necessite-lintervention-de-la-securite\/#article","isPartOf":{"@id":"https:\/\/www.info-algerie.com\/actualites\/pretendue-agression-dun-diplomate-marocain-lonu-evoque-une-perturbation-du-debat-qui-na-pas-necessite-lintervention-de-la-securite\/"},"author":{"name":"La r\u00e9daction","@id":"https:\/\/www.info-algerie.com\/actualites\/#\/schema\/person\/847aaec44920825b843a08f30ec6aa1e"},"headline":"Pr\u00e9tendue agression d\u2019un diplomate marocain: l\u2019ONU \u00e9voque une perturbation du d\u00e9bat qui n\u2019a pas n\u00e9cessit\u00e9 l\u2019intervention de la s\u00e9curit\u00e9","datePublished":"2017-05-23T07:26:35+00:00","mainEntityOfPage":{"@id":"https:\/\/www.info-algerie.com\/actualites\/pretendue-agression-dun-diplomate-marocain-lonu-evoque-une-perturbation-du-debat-qui-na-pas-necessite-lintervention-de-la-securite\/"},"wordCount":679,"commentCount":0,"publisher":{"@id":"https:\/\/www.info-algerie.com\/actualites\/#organization"},"image":{"@id":"https:\/\/www.info-algerie.com\/actualites\/pretendue-agression-dun-diplomate-marocain-lonu-evoque-une-perturbation-du-debat-qui-na-pas-necessite-lintervention-de-la-securite\/#primaryimage"},"thumbnailUrl":"https:\/\/www.info-algerie.com\/actualites\/wp-content\/uploads\/2017\/05\/81efd49a0bd49ac0d19076cedd8eba64_S-1.jpg","keywords":["ONU"],"articleSection":["infos"],"inLanguage":"fr-FR","potentialAction":[{"@type":"CommentAction","name":"Comment","target":["https:\/\/www.info-algerie.com\/actualites\/pretendue-agression-dun-diplomate-marocain-lonu-evoque-une-perturbation-du-debat-qui-na-pas-necessite-lintervention-de-la-securite\/#respond"]}]},{"@type":"WebPage","@id":"https:\/\/www.info-algerie.com\/actualites\/pretendue-agression-dun-diplomate-marocain-lonu-evoque-une-perturbation-du-debat-qui-na-pas-necessite-lintervention-de-la-securite\/","url":"https:\/\/www.info-algerie.com\/actualites\/pretendue-agression-dun-diplomate-marocain-lonu-evoque-une-perturbation-du-debat-qui-na-pas-necessite-lintervention-de-la-securite\/","name":"Pr\u00e9tendue agression d\u2019un diplomate marocain: l\u2019ONU \u00e9voque une perturbation du d\u00e9bat qui n\u2019a pas n\u00e9cessit\u00e9 l\u2019intervention de la s\u00e9curit\u00e9 - info algerie","isPartOf":{"@id":"https:\/\/www.info-algerie.com\/actualites\/#website"},"primaryImageOfPage":{"@id":"https:\/\/www.info-algerie.com\/actualites\/pretendue-agression-dun-diplomate-marocain-lonu-evoque-une-perturbation-du-debat-qui-na-pas-necessite-lintervention-de-la-securite\/#primaryimage"},"image":{"@id":"https:\/\/www.info-algerie.com\/actualites\/pretendue-agression-dun-diplomate-marocain-lonu-evoque-une-perturbation-du-debat-qui-na-pas-necessite-lintervention-de-la-securite\/#primaryimage"},"thumbnailUrl":"https:\/\/www.info-algerie.com\/actualites\/wp-content\/uploads\/2017\/05\/81efd49a0bd49ac0d19076cedd8eba64_S-1.jpg","datePublished":"2017-05-23T07:26:35+00:00","breadcrumb":{"@id":"https:\/\/www.info-algerie.com\/actualites\/pretendue-agression-dun-diplomate-marocain-lonu-evoque-une-perturbation-du-debat-qui-na-pas-necessite-lintervention-de-la-securite\/#breadcrumb"},"inLanguage":"fr-FR","potentialAction":[{"@type":"ReadAction","target":["https:\/\/www.info-algerie.com\/actualites\/pretendue-agression-dun-diplomate-marocain-lonu-evoque-une-perturbation-du-debat-qui-na-pas-necessite-lintervention-de-la-securite\/"]}]},{"@type":"ImageObject","inLanguage":"fr-FR","@id":"https:\/\/www.info-algerie.com\/actualites\/pretendue-agression-dun-diplomate-marocain-lonu-evoque-une-perturbation-du-debat-qui-na-pas-necessite-lintervention-de-la-securite\/#primaryimage","url":"https:\/\/www.info-algerie.com\/actualites\/wp-content\/uploads\/2017\/05\/81efd49a0bd49ac0d19076cedd8eba64_S-1.jpg","contentUrl":"https:\/\/www.info-algerie.com\/actualites\/wp-content\/uploads\/2017\/05\/81efd49a0bd49ac0d19076cedd8eba64_S-1.jpg","width":280,"height":174},{"@type":"BreadcrumbList","@id":"https:\/\/www.info-algerie.com\/actualites\/pretendue-agression-dun-diplomate-marocain-lonu-evoque-une-perturbation-du-debat-qui-na-pas-necessite-lintervention-de-la-securite\/#breadcrumb","itemListElement":[{"@type":"ListItem","position":1,"name":"Accueil","item":"https:\/\/www.info-algerie.com\/actualites\/"},{"@type":"ListItem","position":2,"name":"Pr\u00e9tendue agression d\u2019un diplomate marocain: l\u2019ONU \u00e9voque une perturbation du d\u00e9bat qui n\u2019a pas n\u00e9cessit\u00e9 l\u2019intervention de la s\u00e9curit\u00e9"}]},{"@type":"WebSite","@id":"https:\/\/www.info-algerie.com\/actualites\/#website","url":"https:\/\/www.info-algerie.com\/actualites\/","name":"info algerie","description":"Toutes les actualit\u00e9s","publisher":{"@id":"https:\/\/www.info-algerie.com\/actualites\/#organization"},"potentialAction":[{"@type":"SearchAction","target":{"@type":"EntryPoint","urlTemplate":"https:\/\/www.info-algerie.com\/actualites\/?s={search_term_string}"},"query-input":{"@type":"PropertyValueSpecification","valueRequired":true,"valueName":"search_term_string"}}],"inLanguage":"fr-FR"},{"@type":"Organization","@id":"https:\/\/www.info-algerie.com\/actualites\/#organization","name":"info algerie","url":"https:\/\/www.info-algerie.com\/actualites\/","logo":{"@type":"ImageObject","inLanguage":"fr-FR","@id":"https:\/\/www.info-algerie.com\/actualites\/#\/schema\/logo\/image\/","url":"https:\/\/www.info-algerie.com\/actualites\/wp-content\/uploads\/2022\/07\/logo-ia-120.png","contentUrl":"https:\/\/www.info-algerie.com\/actualites\/wp-content\/uploads\/2022\/07\/logo-ia-120.png","width":120,"height":43,"caption":"info algerie"},"image":{"@id":"https:\/\/www.info-algerie.com\/actualites\/#\/schema\/logo\/image\/"},"sameAs":["https:\/\/www.facebook.com\/infoalgerieactu","https:\/\/x.com\/infoalgerie1"]},{"@type":"Person","@id":"https:\/\/www.info-algerie.com\/actualites\/#\/schema\/person\/847aaec44920825b843a08f30ec6aa1e","name":"La r\u00e9daction","image":{"@type":"ImageObject","inLanguage":"fr-FR","@id":"https:\/\/secure.gravatar.com\/avatar\/769db425c6f465158149f1ffd6cf61ce7a8a879d11dfbef8288af36dfddd418c?s=96&d=mm&r=g","url":"https:\/\/secure.gravatar.com\/avatar\/769db425c6f465158149f1ffd6cf61ce7a8a879d11dfbef8288af36dfddd418c?s=96&d=mm&r=g","contentUrl":"https:\/\/secure.gravatar.com\/avatar\/769db425c6f465158149f1ffd6cf61ce7a8a879d11dfbef8288af36dfddd418c?s=96&d=mm&r=g","caption":"La r\u00e9daction"},"sameAs":["http:\/\/www.lkeria.com\/"],"url":"https:\/\/www.info-algerie.com\/actualites\/author\/chakib32\/"}]}},"_links":{"self":[{"href":"https:\/\/www.info-algerie.com\/actualites\/wp-json\/wp\/v2\/posts\/12394","targetHints":{"allow":["GET"]}}],"collection":[{"href":"https:\/\/www.info-algerie.com\/actualites\/wp-json\/wp\/v2\/posts"}],"about":[{"href":"https:\/\/www.info-algerie.com\/actualites\/wp-json\/wp\/v2\/types\/post"}],"author":[{"embeddable":true,"href":"https:\/\/www.info-algerie.com\/actualites\/wp-json\/wp\/v2\/users\/6"}],"replies":[{"embeddable":true,"href":"https:\/\/www.info-algerie.com\/actualites\/wp-json\/wp\/v2\/comments?post=12394"}],"version-history":[{"count":0,"href":"https:\/\/www.info-algerie.com\/actualites\/wp-json\/wp\/v2\/posts\/12394\/revisions"}],"wp:featuredmedia":[{"embeddable":true,"href":"https:\/\/www.info-algerie.com\/actualites\/wp-json\/wp\/v2\/media\/12395"}],"wp:attachment":[{"href":"https:\/\/www.info-algerie.com\/actualites\/wp-json\/wp\/v2\/media?parent=12394"}],"wp:term":[{"taxonomy":"category","embeddable":true,"href":"https:\/\/www.info-algerie.com\/actualites\/wp-json\/wp\/v2\/categories?post=12394"},{"taxonomy":"post_tag","embeddable":true,"href":"https:\/\/www.info-algerie.com\/actualites\/wp-json\/wp\/v2\/tags?post=12394"}],"curies":[{"name":"wp","href":"https:\/\/api.w.org\/{rel}","templated":true}]}}