{"id":12397,"date":"2017-05-23T09:08:02","date_gmt":"2017-05-23T08:08:02","guid":{"rendered":"http:\/\/www.info-algerie.com\/actualites\/messahel-releve-une-convergence-de-vues-entre-lalgerie-et-lue-sur-le-processus-politique-en-libye\/"},"modified":"2017-05-23T09:08:02","modified_gmt":"2017-05-23T08:08:02","slug":"messahel-releve-une-convergence-de-vues-entre-lalgerie-et-lue-sur-le-processus-politique-en-libye","status":"publish","type":"post","link":"https:\/\/www.info-algerie.com\/actualites\/messahel-releve-une-convergence-de-vues-entre-lalgerie-et-lue-sur-le-processus-politique-en-libye\/","title":{"rendered":"Messahel rel\u00e8ve une convergence de vues entre l&#039;Alg\u00e9rie et l&#039;UE sur le\u00a0 processus politique en Libye"},"content":{"rendered":"<div class=\"K2FeedImage\"><img decoding=\"async\" src=\"https:\/\/www.info-algerie.com\/actualites\/wp-content\/uploads\/2017\/05\/40314d67af15c57583e27dad272a96bb_S.jpg\" alt=\"Messahel rel&#xE8;ve une convergence de vues entre l'Alg&#xE9;rie et l'UE sur le&#xA0; processus politique en Libye\" \/><\/div>\n<div class=\"K2FeedIntroText\">\n<p class=\"MsoNoSpacing\">\u00a0BRUXELLES- Le ministre des Affaires maghr\u00e9bines, de\u00a0 l&rsquo;Union africaine (UA) et de la Ligue des Etats arabes, Abdelkader Messahel\u00a0 a relev\u00e9, lundi \u00e0 Bruxelles, une convergence de vues entre l&rsquo;Alg\u00e9rie et\u00a0 l&rsquo;Union europ\u00e9enne (UE) sur le processus politique en cours en Libye.<\/p>\n<p>&#013;\n<\/p><\/div>\n<div class=\"K2FeedFullText\">&#013;<\/p>\n<p>\u00ab\u00a0Mme Mogherini s&rsquo;est f\u00e9licit\u00e9e de cette r\u00e9union (des pays voisins de la\u00a0 Libye tenue \u00e0 Alger) et des r\u00e9sultats qui ont sanctionn\u00e9 les travaux. Ces\u00a0 r\u00e9sultats ont fait le consensus, surtout sur les principaux fondamentaux\u00a0 qui se d\u00e9gageaient de la d\u00e9claration finale\u00a0\u00bb, a-t-il d\u00e9clar\u00e9 \u00e0 la presse \u00e0\u00a0 l&rsquo;issue de sa rencontre avec la chef de la diplomatie europ\u00e9enne, Federica\u00a0 Mogherini.<\/p>\n<p>&#013;<\/p>\n<p>Selon le ministre, les principaux fondamentaux de la d\u00e9claration finale de\u00a0 la r\u00e9union des pays voisins de la Libye, tenue \u00e0 Alger le 8 mai dernier,\u00a0 \u00ab\u00a0correspondent \u00e0 la vision de l&rsquo;UE\u00a0\u00bb. Il s&rsquo;agit de \u00ab\u00a0l&rsquo;int\u00e9grit\u00e9 territoriale\u00a0 de la Libye, le dialogue politique et le non recours \u00e0 la force\u00a0\u00bb, a-t-il\u00a0 pr\u00e9cis\u00e9, soulignant que \u00ab\u00a0tous ces \u00e9l\u00e9ments fondateurs d&rsquo;une solution, nous\u00a0 les partageons\u00a0\u00bb.<\/p>\n<p>&#013;<\/p>\n<p>Les pays voisins de la Libye ont r\u00e9affirm\u00e9, \u00e0 l&rsquo;issue de leur 11\u00e8me\u00a0 r\u00e9union minist\u00e9rielle, tenue \u00e0 Alger, leur engagement en faveur d\u2019une\u00a0 solution durable \u00e0 la crise libyenne, laquelle \u00ab\u00a0ne peut se r\u00e9aliser sans la\u00a0 voie politique et le dialogue\u00a0\u00bb.<\/p>\n<p>&#013;<\/p>\n<p>A l&rsquo;issue de cette r\u00e9union minist\u00e9rielle, les cinq pays voisins ont\u00a0 soulign\u00e9 qu'\u00a0\u00bbune issue salutaire et durable \u00e0 la crise qui secoue ce pays\u00a0 (&#8230;) ne peut \u00eatre trouv\u00e9e qu\u2019\u00e0 travers la solution politique que les\u00a0 Libyens ont souverainement choisie en signant l\u2019accord du 17 d\u00e9cembre\u00a0 2015&Prime;.<\/p>\n<p>&#013;<\/p>\n<p>Les ministres des pays voisins de la Libye ont soulign\u00e9 \u00e9galement la\u00a0 n\u00e9cessit\u00e9 de \u00ab\u00a0pr\u00e9server l\u2019unit\u00e9, l\u2019int\u00e9grit\u00e9 territoriale, la souverainet\u00e9\u00a0 et la coh\u00e9sion sociale de la Libye\u00a0\u00bb, et exprim\u00e9 leur \u00ab\u00a0rejet de toute\u00a0 interf\u00e9rence \u00e9trang\u00e8re dans les affaires de la Libye et de toute option\u00a0 militaire\u00a0\u00bb.<\/p>\n<p>&#013;<\/p>\n<p>Dans le m\u00eame sillage, les ministres\u00a0 ont r\u00e9affirm\u00e9 que la lutte contre le\u00a0 terrorisme dans ce pays \u00ab\u00a0doit \u00eatre men\u00e9e \u00e0 la demande du Conseil\u00a0 pr\u00e9sidentiel du Gouvernement d\u2019entente nationale et en coordination avec ce\u00a0 dernier dans le cadre de la l\u00e9galit\u00e9 internationale\u00a0\u00bb.<\/p>\n<p>&#013;<\/p>\n<p>Ils ont \u00e9galement lanc\u00e9 un appel pour \u00ab\u00a0la lev\u00e9e du gel des avoirs libyens\u00a0 dans les banques \u00e9trang\u00e8res pour que ces fonds, propri\u00e9t\u00e9 du peuple libyen,\u00a0 soient mobilis\u00e9s pour r\u00e9pondre aux besoins nationaux, au moment o\u00f9 le\u00a0 Conseil pr\u00e9sidentiel jugera opportun\u00a0\u00bb.<\/p>\n<p>&#013;<\/p>\n<p>L&rsquo;UE r\u00e9unira, mardi \u00e0 Bruxelles, les \u00e9missaires des Nations unies, de\u00a0 l&rsquo;Union africaine (UA) et le secr\u00e9taire g\u00e9n\u00e9ral de la Ligue des Etats\u00a0 arabes sur la Libye pour \u00ab\u00a0faire progresser le processus politique\u00a0\u00bb en vue\u00a0 de parvenir \u00e0 une solution \u00e0 la crise qui secoue le pays depuis 2011.<\/p>\n<p>&#013;<\/p>\n<p>Selon les services de Mogherini, la r\u00e9union du quartet vise \u00e0 \u00ab\u00a0soutenir la\u00a0 m\u00e9diation de l&rsquo;ONU et l&rsquo;effort r\u00e9gional\u00a0\u00bb, ainsi qu&rsquo;\u00e0 \u00ab\u00a0renforcer la\u00a0 coordination\u00a0\u00bb entre tous les acteurs pour \u00ab\u00a0faire progresser le processus\u00a0 politique en Libye\u00a0\u00bb.<\/p>\n<p>&#013;<\/p>\n<p>Cette r\u00e9union se tient \u00ab\u00a0dans l&rsquo;esprit d&rsquo;accompagner les efforts des\u00a0 Libyens dans le cadre du dialogue interne\u00a0 entre Libyens, une approche que\u00a0 l&rsquo;Alg\u00e9rie a toujours d\u00e9fendu\u00a0\u00bb, a affirm\u00e9 le ministre.<\/p>\n<p>&#013;<\/p>\n<p>\u00a0<\/p>\n<p>&#013;<\/p>\n<p>M. Messahel a effectu\u00e9, d\u00e9but mai, une tourn\u00e9e dans le sud de la Libye, apr\u00e8s celles effectu\u00e9es en avril \u00e0 l\u2019est et \u00e0 l\u2019ouest de ce pays, dans le\u00a0 cadre des efforts visant \u00e0 rapprocher les vues entre les Libyens afin de\u00a0 parvenir \u00e0 une solution politique \u00e0 la crise qui d\u00e9chire la Libye.<\/p>\n<\/div>\n<p>&#013;<br \/>\nSource: <a href=\"http:\/\/www.aps.dz\/algerie\/58038-messahel-releve-une-convergence-de-vues-entre-l-algerie-et-l-ue-sur-le-processus-politique-en-libye\" target=\"_blank\">Messahel rel\u00e8ve une convergence de vues entre l&rsquo;Alg\u00e9rie et l&rsquo;UE sur le\u00a0 processus politique en Libye<\/a><\/p>\n<!--CusAds0-->\n<div style=\"font-size: 0px; height: 0px; line-height: 0px; margin: 0; padding: 0; clear: both;\"><\/div>","protected":false},"excerpt":{"rendered":"<p>\u00a0BRUXELLES- Le ministre des Affaires maghr\u00e9bines, de\u00a0 l&rsquo;Union africaine (UA) et de la Ligue des Etats arabes, Abdelkader Messahel\u00a0 a relev\u00e9, lundi \u00e0 Bruxelles, une convergence de vues entre l&rsquo;Alg\u00e9rie et\u00a0 l&rsquo;Union europ\u00e9enne (UE) sur le processus politique en cours en Libye. &#013; &#013; \u00ab\u00a0Mme Mogherini s&rsquo;est f\u00e9licit\u00e9e de cette r\u00e9union (des pays voisins de<\/p>\n","protected":false},"author":6,"featured_media":12398,"comment_status":"open","ping_status":"open","sticky":false,"template":"","format":"standard","meta":{"footnotes":""},"categories":[22],"tags":[93],"class_list":["post-12397","post","type-post","status-publish","format-standard","has-post-thumbnail","hentry","category-infos","tag-onu"],"yoast_head":"<!-- This site is optimized with the Yoast SEO plugin v27.5 - https:\/\/yoast.com\/product\/yoast-seo-wordpress\/ -->\n<title>Messahel rel\u00e8ve une convergence de vues entre l&#039;Alg\u00e9rie et l&#039;UE sur le\u00a0 processus politique en Libye - info algerie<\/title>\n<meta name=\"robots\" content=\"index, follow, max-snippet:-1, max-image-preview:large, max-video-preview:-1\" \/>\n<link rel=\"canonical\" href=\"https:\/\/www.info-algerie.com\/actualites\/messahel-releve-une-convergence-de-vues-entre-lalgerie-et-lue-sur-le-processus-politique-en-libye\/\" \/>\n<meta property=\"og:locale\" content=\"fr_FR\" \/>\n<meta property=\"og:type\" content=\"article\" \/>\n<meta property=\"og:title\" content=\"Messahel rel\u00e8ve une convergence de vues entre l&#039;Alg\u00e9rie et l&#039;UE sur le\u00a0 processus politique en Libye - info algerie\" \/>\n<meta property=\"og:description\" content=\"\u00a0BRUXELLES- Le ministre des Affaires maghr\u00e9bines, de\u00a0 l&rsquo;Union africaine (UA) et de la Ligue des Etats arabes, Abdelkader Messahel\u00a0 a relev\u00e9, lundi \u00e0 Bruxelles, une convergence de vues entre l&rsquo;Alg\u00e9rie et\u00a0 l&rsquo;Union europ\u00e9enne (UE) sur le processus politique en cours en Libye. &#013; &#013; \u00ab\u00a0Mme Mogherini s&rsquo;est f\u00e9licit\u00e9e de cette r\u00e9union (des pays voisins de\" \/>\n<meta property=\"og:url\" content=\"https:\/\/www.info-algerie.com\/actualites\/messahel-releve-une-convergence-de-vues-entre-lalgerie-et-lue-sur-le-processus-politique-en-libye\/\" \/>\n<meta property=\"og:site_name\" content=\"info algerie\" \/>\n<meta property=\"article:publisher\" content=\"https:\/\/www.facebook.com\/infoalgerieactu\" \/>\n<meta property=\"article:published_time\" content=\"2017-05-23T08:08:02+00:00\" \/>\n<meta property=\"og:image\" content=\"https:\/\/www.info-algerie.com\/actualites\/wp-content\/uploads\/2017\/05\/40314d67af15c57583e27dad272a96bb_S-1.jpg\" \/>\n\t<meta property=\"og:image:width\" content=\"280\" \/>\n\t<meta property=\"og:image:height\" content=\"158\" \/>\n\t<meta property=\"og:image:type\" content=\"image\/jpeg\" \/>\n<meta name=\"author\" content=\"La r\u00e9daction\" \/>\n<meta name=\"twitter:label1\" content=\"\u00c9crit par\" \/>\n\t<meta name=\"twitter:data1\" content=\"La r\u00e9daction\" \/>\n\t<meta name=\"twitter:label2\" content=\"Dur\u00e9e de lecture estim\u00e9e\" \/>\n\t<meta name=\"twitter:data2\" content=\"3 minutes\" \/>\n<script type=\"application\/ld+json\" class=\"yoast-schema-graph\">{\"@context\":\"https:\\\/\\\/schema.org\",\"@graph\":[{\"@type\":\"Article\",\"@id\":\"https:\\\/\\\/www.info-algerie.com\\\/actualites\\\/messahel-releve-une-convergence-de-vues-entre-lalgerie-et-lue-sur-le-processus-politique-en-libye\\\/#article\",\"isPartOf\":{\"@id\":\"https:\\\/\\\/www.info-algerie.com\\\/actualites\\\/messahel-releve-une-convergence-de-vues-entre-lalgerie-et-lue-sur-le-processus-politique-en-libye\\\/\"},\"author\":{\"name\":\"La r\u00e9daction\",\"@id\":\"https:\\\/\\\/www.info-algerie.com\\\/actualites\\\/#\\\/schema\\\/person\\\/847aaec44920825b843a08f30ec6aa1e\"},\"headline\":\"Messahel rel\u00e8ve une convergence de vues entre l&#039;Alg\u00e9rie et l&#039;UE sur le\u00a0 processus politique en Libye\",\"datePublished\":\"2017-05-23T08:08:02+00:00\",\"mainEntityOfPage\":{\"@id\":\"https:\\\/\\\/www.info-algerie.com\\\/actualites\\\/messahel-releve-une-convergence-de-vues-entre-lalgerie-et-lue-sur-le-processus-politique-en-libye\\\/\"},\"wordCount\":651,\"commentCount\":0,\"publisher\":{\"@id\":\"https:\\\/\\\/www.info-algerie.com\\\/actualites\\\/#organization\"},\"image\":{\"@id\":\"https:\\\/\\\/www.info-algerie.com\\\/actualites\\\/messahel-releve-une-convergence-de-vues-entre-lalgerie-et-lue-sur-le-processus-politique-en-libye\\\/#primaryimage\"},\"thumbnailUrl\":\"https:\\\/\\\/www.info-algerie.com\\\/actualites\\\/wp-content\\\/uploads\\\/2017\\\/05\\\/40314d67af15c57583e27dad272a96bb_S-1.jpg\",\"keywords\":[\"ONU\"],\"articleSection\":[\"infos\"],\"inLanguage\":\"fr-FR\",\"potentialAction\":[{\"@type\":\"CommentAction\",\"name\":\"Comment\",\"target\":[\"https:\\\/\\\/www.info-algerie.com\\\/actualites\\\/messahel-releve-une-convergence-de-vues-entre-lalgerie-et-lue-sur-le-processus-politique-en-libye\\\/#respond\"]}]},{\"@type\":\"WebPage\",\"@id\":\"https:\\\/\\\/www.info-algerie.com\\\/actualites\\\/messahel-releve-une-convergence-de-vues-entre-lalgerie-et-lue-sur-le-processus-politique-en-libye\\\/\",\"url\":\"https:\\\/\\\/www.info-algerie.com\\\/actualites\\\/messahel-releve-une-convergence-de-vues-entre-lalgerie-et-lue-sur-le-processus-politique-en-libye\\\/\",\"name\":\"Messahel rel\u00e8ve une convergence de vues entre l&#039;Alg\u00e9rie et l&#039;UE sur le\u00a0 processus politique en Libye - info algerie\",\"isPartOf\":{\"@id\":\"https:\\\/\\\/www.info-algerie.com\\\/actualites\\\/#website\"},\"primaryImageOfPage\":{\"@id\":\"https:\\\/\\\/www.info-algerie.com\\\/actualites\\\/messahel-releve-une-convergence-de-vues-entre-lalgerie-et-lue-sur-le-processus-politique-en-libye\\\/#primaryimage\"},\"image\":{\"@id\":\"https:\\\/\\\/www.info-algerie.com\\\/actualites\\\/messahel-releve-une-convergence-de-vues-entre-lalgerie-et-lue-sur-le-processus-politique-en-libye\\\/#primaryimage\"},\"thumbnailUrl\":\"https:\\\/\\\/www.info-algerie.com\\\/actualites\\\/wp-content\\\/uploads\\\/2017\\\/05\\\/40314d67af15c57583e27dad272a96bb_S-1.jpg\",\"datePublished\":\"2017-05-23T08:08:02+00:00\",\"breadcrumb\":{\"@id\":\"https:\\\/\\\/www.info-algerie.com\\\/actualites\\\/messahel-releve-une-convergence-de-vues-entre-lalgerie-et-lue-sur-le-processus-politique-en-libye\\\/#breadcrumb\"},\"inLanguage\":\"fr-FR\",\"potentialAction\":[{\"@type\":\"ReadAction\",\"target\":[\"https:\\\/\\\/www.info-algerie.com\\\/actualites\\\/messahel-releve-une-convergence-de-vues-entre-lalgerie-et-lue-sur-le-processus-politique-en-libye\\\/\"]}]},{\"@type\":\"ImageObject\",\"inLanguage\":\"fr-FR\",\"@id\":\"https:\\\/\\\/www.info-algerie.com\\\/actualites\\\/messahel-releve-une-convergence-de-vues-entre-lalgerie-et-lue-sur-le-processus-politique-en-libye\\\/#primaryimage\",\"url\":\"https:\\\/\\\/www.info-algerie.com\\\/actualites\\\/wp-content\\\/uploads\\\/2017\\\/05\\\/40314d67af15c57583e27dad272a96bb_S-1.jpg\",\"contentUrl\":\"https:\\\/\\\/www.info-algerie.com\\\/actualites\\\/wp-content\\\/uploads\\\/2017\\\/05\\\/40314d67af15c57583e27dad272a96bb_S-1.jpg\",\"width\":280,\"height\":158},{\"@type\":\"BreadcrumbList\",\"@id\":\"https:\\\/\\\/www.info-algerie.com\\\/actualites\\\/messahel-releve-une-convergence-de-vues-entre-lalgerie-et-lue-sur-le-processus-politique-en-libye\\\/#breadcrumb\",\"itemListElement\":[{\"@type\":\"ListItem\",\"position\":1,\"name\":\"Accueil\",\"item\":\"https:\\\/\\\/www.info-algerie.com\\\/actualites\\\/\"},{\"@type\":\"ListItem\",\"position\":2,\"name\":\"Messahel rel\u00e8ve une convergence de vues entre l&#039;Alg\u00e9rie et l&#039;UE sur le\u00a0 processus politique en Libye\"}]},{\"@type\":\"WebSite\",\"@id\":\"https:\\\/\\\/www.info-algerie.com\\\/actualites\\\/#website\",\"url\":\"https:\\\/\\\/www.info-algerie.com\\\/actualites\\\/\",\"name\":\"info algerie\",\"description\":\"Toutes les actualit\u00e9s\",\"publisher\":{\"@id\":\"https:\\\/\\\/www.info-algerie.com\\\/actualites\\\/#organization\"},\"potentialAction\":[{\"@type\":\"SearchAction\",\"target\":{\"@type\":\"EntryPoint\",\"urlTemplate\":\"https:\\\/\\\/www.info-algerie.com\\\/actualites\\\/?s={search_term_string}\"},\"query-input\":{\"@type\":\"PropertyValueSpecification\",\"valueRequired\":true,\"valueName\":\"search_term_string\"}}],\"inLanguage\":\"fr-FR\"},{\"@type\":\"Organization\",\"@id\":\"https:\\\/\\\/www.info-algerie.com\\\/actualites\\\/#organization\",\"name\":\"info algerie\",\"url\":\"https:\\\/\\\/www.info-algerie.com\\\/actualites\\\/\",\"logo\":{\"@type\":\"ImageObject\",\"inLanguage\":\"fr-FR\",\"@id\":\"https:\\\/\\\/www.info-algerie.com\\\/actualites\\\/#\\\/schema\\\/logo\\\/image\\\/\",\"url\":\"https:\\\/\\\/www.info-algerie.com\\\/actualites\\\/wp-content\\\/uploads\\\/2022\\\/07\\\/logo-ia-120.png\",\"contentUrl\":\"https:\\\/\\\/www.info-algerie.com\\\/actualites\\\/wp-content\\\/uploads\\\/2022\\\/07\\\/logo-ia-120.png\",\"width\":120,\"height\":43,\"caption\":\"info algerie\"},\"image\":{\"@id\":\"https:\\\/\\\/www.info-algerie.com\\\/actualites\\\/#\\\/schema\\\/logo\\\/image\\\/\"},\"sameAs\":[\"https:\\\/\\\/www.facebook.com\\\/infoalgerieactu\",\"https:\\\/\\\/x.com\\\/infoalgerie1\"]},{\"@type\":\"Person\",\"@id\":\"https:\\\/\\\/www.info-algerie.com\\\/actualites\\\/#\\\/schema\\\/person\\\/847aaec44920825b843a08f30ec6aa1e\",\"name\":\"La r\u00e9daction\",\"image\":{\"@type\":\"ImageObject\",\"inLanguage\":\"fr-FR\",\"@id\":\"https:\\\/\\\/secure.gravatar.com\\\/avatar\\\/769db425c6f465158149f1ffd6cf61ce7a8a879d11dfbef8288af36dfddd418c?s=96&d=mm&r=g\",\"url\":\"https:\\\/\\\/secure.gravatar.com\\\/avatar\\\/769db425c6f465158149f1ffd6cf61ce7a8a879d11dfbef8288af36dfddd418c?s=96&d=mm&r=g\",\"contentUrl\":\"https:\\\/\\\/secure.gravatar.com\\\/avatar\\\/769db425c6f465158149f1ffd6cf61ce7a8a879d11dfbef8288af36dfddd418c?s=96&d=mm&r=g\",\"caption\":\"La r\u00e9daction\"},\"sameAs\":[\"http:\\\/\\\/www.lkeria.com\\\/\"],\"url\":\"https:\\\/\\\/www.info-algerie.com\\\/actualites\\\/author\\\/chakib32\\\/\"}]}<\/script>\n<!-- \/ Yoast SEO plugin. -->","yoast_head_json":{"title":"Messahel rel\u00e8ve une convergence de vues entre l&#039;Alg\u00e9rie et l&#039;UE sur le\u00a0 processus politique en Libye - info algerie","robots":{"index":"index","follow":"follow","max-snippet":"max-snippet:-1","max-image-preview":"max-image-preview:large","max-video-preview":"max-video-preview:-1"},"canonical":"https:\/\/www.info-algerie.com\/actualites\/messahel-releve-une-convergence-de-vues-entre-lalgerie-et-lue-sur-le-processus-politique-en-libye\/","og_locale":"fr_FR","og_type":"article","og_title":"Messahel rel\u00e8ve une convergence de vues entre l&#039;Alg\u00e9rie et l&#039;UE sur le\u00a0 processus politique en Libye - info algerie","og_description":"\u00a0BRUXELLES- Le ministre des Affaires maghr\u00e9bines, de\u00a0 l&rsquo;Union africaine (UA) et de la Ligue des Etats arabes, Abdelkader Messahel\u00a0 a relev\u00e9, lundi \u00e0 Bruxelles, une convergence de vues entre l&rsquo;Alg\u00e9rie et\u00a0 l&rsquo;Union europ\u00e9enne (UE) sur le processus politique en cours en Libye. &#013; &#013; \u00ab\u00a0Mme Mogherini s&rsquo;est f\u00e9licit\u00e9e de cette r\u00e9union (des pays voisins de","og_url":"https:\/\/www.info-algerie.com\/actualites\/messahel-releve-une-convergence-de-vues-entre-lalgerie-et-lue-sur-le-processus-politique-en-libye\/","og_site_name":"info algerie","article_publisher":"https:\/\/www.facebook.com\/infoalgerieactu","article_published_time":"2017-05-23T08:08:02+00:00","og_image":[{"width":280,"height":158,"url":"https:\/\/www.info-algerie.com\/actualites\/wp-content\/uploads\/2017\/05\/40314d67af15c57583e27dad272a96bb_S-1.jpg","type":"image\/jpeg"}],"author":"La r\u00e9daction","twitter_misc":{"\u00c9crit par":"La r\u00e9daction","Dur\u00e9e de lecture estim\u00e9e":"3 minutes"},"schema":{"@context":"https:\/\/schema.org","@graph":[{"@type":"Article","@id":"https:\/\/www.info-algerie.com\/actualites\/messahel-releve-une-convergence-de-vues-entre-lalgerie-et-lue-sur-le-processus-politique-en-libye\/#article","isPartOf":{"@id":"https:\/\/www.info-algerie.com\/actualites\/messahel-releve-une-convergence-de-vues-entre-lalgerie-et-lue-sur-le-processus-politique-en-libye\/"},"author":{"name":"La r\u00e9daction","@id":"https:\/\/www.info-algerie.com\/actualites\/#\/schema\/person\/847aaec44920825b843a08f30ec6aa1e"},"headline":"Messahel rel\u00e8ve une convergence de vues entre l&#039;Alg\u00e9rie et l&#039;UE sur le\u00a0 processus politique en Libye","datePublished":"2017-05-23T08:08:02+00:00","mainEntityOfPage":{"@id":"https:\/\/www.info-algerie.com\/actualites\/messahel-releve-une-convergence-de-vues-entre-lalgerie-et-lue-sur-le-processus-politique-en-libye\/"},"wordCount":651,"commentCount":0,"publisher":{"@id":"https:\/\/www.info-algerie.com\/actualites\/#organization"},"image":{"@id":"https:\/\/www.info-algerie.com\/actualites\/messahel-releve-une-convergence-de-vues-entre-lalgerie-et-lue-sur-le-processus-politique-en-libye\/#primaryimage"},"thumbnailUrl":"https:\/\/www.info-algerie.com\/actualites\/wp-content\/uploads\/2017\/05\/40314d67af15c57583e27dad272a96bb_S-1.jpg","keywords":["ONU"],"articleSection":["infos"],"inLanguage":"fr-FR","potentialAction":[{"@type":"CommentAction","name":"Comment","target":["https:\/\/www.info-algerie.com\/actualites\/messahel-releve-une-convergence-de-vues-entre-lalgerie-et-lue-sur-le-processus-politique-en-libye\/#respond"]}]},{"@type":"WebPage","@id":"https:\/\/www.info-algerie.com\/actualites\/messahel-releve-une-convergence-de-vues-entre-lalgerie-et-lue-sur-le-processus-politique-en-libye\/","url":"https:\/\/www.info-algerie.com\/actualites\/messahel-releve-une-convergence-de-vues-entre-lalgerie-et-lue-sur-le-processus-politique-en-libye\/","name":"Messahel rel\u00e8ve une convergence de vues entre l&#039;Alg\u00e9rie et l&#039;UE sur le\u00a0 processus politique en Libye - info algerie","isPartOf":{"@id":"https:\/\/www.info-algerie.com\/actualites\/#website"},"primaryImageOfPage":{"@id":"https:\/\/www.info-algerie.com\/actualites\/messahel-releve-une-convergence-de-vues-entre-lalgerie-et-lue-sur-le-processus-politique-en-libye\/#primaryimage"},"image":{"@id":"https:\/\/www.info-algerie.com\/actualites\/messahel-releve-une-convergence-de-vues-entre-lalgerie-et-lue-sur-le-processus-politique-en-libye\/#primaryimage"},"thumbnailUrl":"https:\/\/www.info-algerie.com\/actualites\/wp-content\/uploads\/2017\/05\/40314d67af15c57583e27dad272a96bb_S-1.jpg","datePublished":"2017-05-23T08:08:02+00:00","breadcrumb":{"@id":"https:\/\/www.info-algerie.com\/actualites\/messahel-releve-une-convergence-de-vues-entre-lalgerie-et-lue-sur-le-processus-politique-en-libye\/#breadcrumb"},"inLanguage":"fr-FR","potentialAction":[{"@type":"ReadAction","target":["https:\/\/www.info-algerie.com\/actualites\/messahel-releve-une-convergence-de-vues-entre-lalgerie-et-lue-sur-le-processus-politique-en-libye\/"]}]},{"@type":"ImageObject","inLanguage":"fr-FR","@id":"https:\/\/www.info-algerie.com\/actualites\/messahel-releve-une-convergence-de-vues-entre-lalgerie-et-lue-sur-le-processus-politique-en-libye\/#primaryimage","url":"https:\/\/www.info-algerie.com\/actualites\/wp-content\/uploads\/2017\/05\/40314d67af15c57583e27dad272a96bb_S-1.jpg","contentUrl":"https:\/\/www.info-algerie.com\/actualites\/wp-content\/uploads\/2017\/05\/40314d67af15c57583e27dad272a96bb_S-1.jpg","width":280,"height":158},{"@type":"BreadcrumbList","@id":"https:\/\/www.info-algerie.com\/actualites\/messahel-releve-une-convergence-de-vues-entre-lalgerie-et-lue-sur-le-processus-politique-en-libye\/#breadcrumb","itemListElement":[{"@type":"ListItem","position":1,"name":"Accueil","item":"https:\/\/www.info-algerie.com\/actualites\/"},{"@type":"ListItem","position":2,"name":"Messahel rel\u00e8ve une convergence de vues entre l&#039;Alg\u00e9rie et l&#039;UE sur le\u00a0 processus politique en Libye"}]},{"@type":"WebSite","@id":"https:\/\/www.info-algerie.com\/actualites\/#website","url":"https:\/\/www.info-algerie.com\/actualites\/","name":"info algerie","description":"Toutes les actualit\u00e9s","publisher":{"@id":"https:\/\/www.info-algerie.com\/actualites\/#organization"},"potentialAction":[{"@type":"SearchAction","target":{"@type":"EntryPoint","urlTemplate":"https:\/\/www.info-algerie.com\/actualites\/?s={search_term_string}"},"query-input":{"@type":"PropertyValueSpecification","valueRequired":true,"valueName":"search_term_string"}}],"inLanguage":"fr-FR"},{"@type":"Organization","@id":"https:\/\/www.info-algerie.com\/actualites\/#organization","name":"info algerie","url":"https:\/\/www.info-algerie.com\/actualites\/","logo":{"@type":"ImageObject","inLanguage":"fr-FR","@id":"https:\/\/www.info-algerie.com\/actualites\/#\/schema\/logo\/image\/","url":"https:\/\/www.info-algerie.com\/actualites\/wp-content\/uploads\/2022\/07\/logo-ia-120.png","contentUrl":"https:\/\/www.info-algerie.com\/actualites\/wp-content\/uploads\/2022\/07\/logo-ia-120.png","width":120,"height":43,"caption":"info algerie"},"image":{"@id":"https:\/\/www.info-algerie.com\/actualites\/#\/schema\/logo\/image\/"},"sameAs":["https:\/\/www.facebook.com\/infoalgerieactu","https:\/\/x.com\/infoalgerie1"]},{"@type":"Person","@id":"https:\/\/www.info-algerie.com\/actualites\/#\/schema\/person\/847aaec44920825b843a08f30ec6aa1e","name":"La r\u00e9daction","image":{"@type":"ImageObject","inLanguage":"fr-FR","@id":"https:\/\/secure.gravatar.com\/avatar\/769db425c6f465158149f1ffd6cf61ce7a8a879d11dfbef8288af36dfddd418c?s=96&d=mm&r=g","url":"https:\/\/secure.gravatar.com\/avatar\/769db425c6f465158149f1ffd6cf61ce7a8a879d11dfbef8288af36dfddd418c?s=96&d=mm&r=g","contentUrl":"https:\/\/secure.gravatar.com\/avatar\/769db425c6f465158149f1ffd6cf61ce7a8a879d11dfbef8288af36dfddd418c?s=96&d=mm&r=g","caption":"La r\u00e9daction"},"sameAs":["http:\/\/www.lkeria.com\/"],"url":"https:\/\/www.info-algerie.com\/actualites\/author\/chakib32\/"}]}},"_links":{"self":[{"href":"https:\/\/www.info-algerie.com\/actualites\/wp-json\/wp\/v2\/posts\/12397","targetHints":{"allow":["GET"]}}],"collection":[{"href":"https:\/\/www.info-algerie.com\/actualites\/wp-json\/wp\/v2\/posts"}],"about":[{"href":"https:\/\/www.info-algerie.com\/actualites\/wp-json\/wp\/v2\/types\/post"}],"author":[{"embeddable":true,"href":"https:\/\/www.info-algerie.com\/actualites\/wp-json\/wp\/v2\/users\/6"}],"replies":[{"embeddable":true,"href":"https:\/\/www.info-algerie.com\/actualites\/wp-json\/wp\/v2\/comments?post=12397"}],"version-history":[{"count":0,"href":"https:\/\/www.info-algerie.com\/actualites\/wp-json\/wp\/v2\/posts\/12397\/revisions"}],"wp:featuredmedia":[{"embeddable":true,"href":"https:\/\/www.info-algerie.com\/actualites\/wp-json\/wp\/v2\/media\/12398"}],"wp:attachment":[{"href":"https:\/\/www.info-algerie.com\/actualites\/wp-json\/wp\/v2\/media?parent=12397"}],"wp:term":[{"taxonomy":"category","embeddable":true,"href":"https:\/\/www.info-algerie.com\/actualites\/wp-json\/wp\/v2\/categories?post=12397"},{"taxonomy":"post_tag","embeddable":true,"href":"https:\/\/www.info-algerie.com\/actualites\/wp-json\/wp\/v2\/tags?post=12397"}],"curies":[{"name":"wp","href":"https:\/\/api.w.org\/{rel}","templated":true}]}}