{"id":124,"date":"2015-08-20T13:40:20","date_gmt":"2015-08-20T12:40:20","guid":{"rendered":"http:\/\/www.info-algerie.com\/actualites\/journee-nationale-du-moudjahid-le-president-bouteflika-met-en-exergue-le-combat-militant-du-maghreb\/"},"modified":"2015-08-20T13:40:20","modified_gmt":"2015-08-20T12:40:20","slug":"journee-nationale-du-moudjahid-le-president-bouteflika-met-en-exergue-le-combat-militant-du-maghreb","status":"publish","type":"post","link":"https:\/\/www.info-algerie.com\/actualites\/journee-nationale-du-moudjahid-le-president-bouteflika-met-en-exergue-le-combat-militant-du-maghreb\/","title":{"rendered":"Journ\u00e9e nationale du moudjahid: le pr\u00e9sident Bouteflika met en exergue le combat militant du Maghreb"},"content":{"rendered":"<div class=\"K2FeedImage\"><img decoding=\"async\" src=\"\" alt=\"Journ&#xE9;e nationale du moudjahid: le pr&#xE9;sident Bouteflika met en exergue le combat militant du Maghreb\" \/><\/div>\n<div class=\"K2FeedIntroText\"> CONSTANTINE- Le pr\u00e9sident de la r\u00e9publique, Abdelaziz Bouteflika a mis l\u2019accent, dans une lettre adress\u00e9e au peuple alg\u00e9rien, \u00e0 l\u2019occasion de la journ\u00e9e nationale du moudjahid sur la dimension maghr\u00e9bine de l\u2019offensive du 20 ao\u00fbt 1955. La lettre du pr\u00e9sident de la r\u00e9publique, lue par le ministre de la culture\u2026<\/div>\n<p>&#013;<br \/>\nSource: <a href=\"http:\/\/www.aps.dz\/algerie\/27414-journ%C3%A9e-nationale-du-moudjahid-le-pr%C3%A9sident-bouteflika-met-en-exergue-le-combat-militant-du-maghreb\" target=\"_blank\">Journ\u00e9e nationale du moudjahid: le pr\u00e9sident Bouteflika met en exergue le combat militant du Maghreb<\/a><\/p>\n<!--CusAds0-->\n<div style=\"font-size: 0px; height: 0px; line-height: 0px; margin: 0; padding: 0; clear: both;\"><\/div>","protected":false},"excerpt":{"rendered":"<p>CONSTANTINE- Le pr\u00e9sident de la r\u00e9publique, Abdelaziz Bouteflika a mis l\u2019accent, dans une lettre adress\u00e9e au peuple alg\u00e9rien, \u00e0 l\u2019occasion de la journ\u00e9e nationale du moudjahid sur la dimension maghr\u00e9bine de l\u2019offensive du 20 ao\u00fbt 1955. La lettre du pr\u00e9sident de la r\u00e9publique, lue par le ministre de la culture\u2026 &#013; Source: Journ\u00e9e nationale du<\/p>\n","protected":false},"author":6,"featured_media":0,"comment_status":"open","ping_status":"open","sticky":false,"template":"","format":"standard","meta":{"footnotes":""},"categories":[],"tags":[],"class_list":["post-124","post","type-post","status-publish","format-standard","hentry"],"yoast_head":"<!-- This site is optimized with the Yoast SEO plugin v27.5 - https:\/\/yoast.com\/product\/yoast-seo-wordpress\/ -->\n<title>Journ\u00e9e nationale du moudjahid: le pr\u00e9sident Bouteflika met en exergue le combat militant du Maghreb - info algerie<\/title>\n<meta name=\"robots\" content=\"index, follow, max-snippet:-1, max-image-preview:large, max-video-preview:-1\" \/>\n<link rel=\"canonical\" href=\"https:\/\/www.info-algerie.com\/actualites\/journee-nationale-du-moudjahid-le-president-bouteflika-met-en-exergue-le-combat-militant-du-maghreb\/\" \/>\n<meta property=\"og:locale\" content=\"fr_FR\" \/>\n<meta property=\"og:type\" content=\"article\" \/>\n<meta property=\"og:title\" content=\"Journ\u00e9e nationale du moudjahid: le pr\u00e9sident Bouteflika met en exergue le combat militant du Maghreb - info algerie\" \/>\n<meta property=\"og:description\" content=\"CONSTANTINE- Le pr\u00e9sident de la r\u00e9publique, Abdelaziz Bouteflika a mis l\u2019accent, dans une lettre adress\u00e9e au peuple alg\u00e9rien, \u00e0 l\u2019occasion de la journ\u00e9e nationale du moudjahid sur la dimension maghr\u00e9bine de l\u2019offensive du 20 ao\u00fbt 1955. La lettre du pr\u00e9sident de la r\u00e9publique, lue par le ministre de la culture\u2026 &#013; Source: Journ\u00e9e nationale du\" \/>\n<meta property=\"og:url\" content=\"https:\/\/www.info-algerie.com\/actualites\/journee-nationale-du-moudjahid-le-president-bouteflika-met-en-exergue-le-combat-militant-du-maghreb\/\" \/>\n<meta property=\"og:site_name\" content=\"info algerie\" \/>\n<meta property=\"article:publisher\" content=\"https:\/\/www.facebook.com\/infoalgerieactu\" \/>\n<meta property=\"article:published_time\" content=\"2015-08-20T12:40:20+00:00\" \/>\n<meta name=\"author\" content=\"La r\u00e9daction\" \/>\n<meta name=\"twitter:label1\" content=\"\u00c9crit par\" \/>\n\t<meta name=\"twitter:data1\" content=\"La r\u00e9daction\" \/>\n<script type=\"application\/ld+json\" class=\"yoast-schema-graph\">{\"@context\":\"https:\\\/\\\/schema.org\",\"@graph\":[{\"@type\":\"Article\",\"@id\":\"https:\\\/\\\/www.info-algerie.com\\\/actualites\\\/journee-nationale-du-moudjahid-le-president-bouteflika-met-en-exergue-le-combat-militant-du-maghreb\\\/#article\",\"isPartOf\":{\"@id\":\"https:\\\/\\\/www.info-algerie.com\\\/actualites\\\/journee-nationale-du-moudjahid-le-president-bouteflika-met-en-exergue-le-combat-militant-du-maghreb\\\/\"},\"author\":{\"name\":\"La r\u00e9daction\",\"@id\":\"https:\\\/\\\/www.info-algerie.com\\\/actualites\\\/#\\\/schema\\\/person\\\/847aaec44920825b843a08f30ec6aa1e\"},\"headline\":\"Journ\u00e9e nationale du moudjahid: le pr\u00e9sident Bouteflika met en exergue le combat militant du Maghreb\",\"datePublished\":\"2015-08-20T12:40:20+00:00\",\"mainEntityOfPage\":{\"@id\":\"https:\\\/\\\/www.info-algerie.com\\\/actualites\\\/journee-nationale-du-moudjahid-le-president-bouteflika-met-en-exergue-le-combat-militant-du-maghreb\\\/\"},\"wordCount\":94,\"commentCount\":0,\"publisher\":{\"@id\":\"https:\\\/\\\/www.info-algerie.com\\\/actualites\\\/#organization\"},\"inLanguage\":\"fr-FR\",\"potentialAction\":[{\"@type\":\"CommentAction\",\"name\":\"Comment\",\"target\":[\"https:\\\/\\\/www.info-algerie.com\\\/actualites\\\/journee-nationale-du-moudjahid-le-president-bouteflika-met-en-exergue-le-combat-militant-du-maghreb\\\/#respond\"]}]},{\"@type\":\"WebPage\",\"@id\":\"https:\\\/\\\/www.info-algerie.com\\\/actualites\\\/journee-nationale-du-moudjahid-le-president-bouteflika-met-en-exergue-le-combat-militant-du-maghreb\\\/\",\"url\":\"https:\\\/\\\/www.info-algerie.com\\\/actualites\\\/journee-nationale-du-moudjahid-le-president-bouteflika-met-en-exergue-le-combat-militant-du-maghreb\\\/\",\"name\":\"Journ\u00e9e nationale du moudjahid: le pr\u00e9sident Bouteflika met en exergue le combat militant du Maghreb - info algerie\",\"isPartOf\":{\"@id\":\"https:\\\/\\\/www.info-algerie.com\\\/actualites\\\/#website\"},\"datePublished\":\"2015-08-20T12:40:20+00:00\",\"breadcrumb\":{\"@id\":\"https:\\\/\\\/www.info-algerie.com\\\/actualites\\\/journee-nationale-du-moudjahid-le-president-bouteflika-met-en-exergue-le-combat-militant-du-maghreb\\\/#breadcrumb\"},\"inLanguage\":\"fr-FR\",\"potentialAction\":[{\"@type\":\"ReadAction\",\"target\":[\"https:\\\/\\\/www.info-algerie.com\\\/actualites\\\/journee-nationale-du-moudjahid-le-president-bouteflika-met-en-exergue-le-combat-militant-du-maghreb\\\/\"]}]},{\"@type\":\"BreadcrumbList\",\"@id\":\"https:\\\/\\\/www.info-algerie.com\\\/actualites\\\/journee-nationale-du-moudjahid-le-president-bouteflika-met-en-exergue-le-combat-militant-du-maghreb\\\/#breadcrumb\",\"itemListElement\":[{\"@type\":\"ListItem\",\"position\":1,\"name\":\"Accueil\",\"item\":\"https:\\\/\\\/www.info-algerie.com\\\/actualites\\\/\"},{\"@type\":\"ListItem\",\"position\":2,\"name\":\"Journ\u00e9e nationale du moudjahid: le pr\u00e9sident Bouteflika met en exergue le combat militant du Maghreb\"}]},{\"@type\":\"WebSite\",\"@id\":\"https:\\\/\\\/www.info-algerie.com\\\/actualites\\\/#website\",\"url\":\"https:\\\/\\\/www.info-algerie.com\\\/actualites\\\/\",\"name\":\"info algerie\",\"description\":\"Toutes les actualit\u00e9s\",\"publisher\":{\"@id\":\"https:\\\/\\\/www.info-algerie.com\\\/actualites\\\/#organization\"},\"potentialAction\":[{\"@type\":\"SearchAction\",\"target\":{\"@type\":\"EntryPoint\",\"urlTemplate\":\"https:\\\/\\\/www.info-algerie.com\\\/actualites\\\/?s={search_term_string}\"},\"query-input\":{\"@type\":\"PropertyValueSpecification\",\"valueRequired\":true,\"valueName\":\"search_term_string\"}}],\"inLanguage\":\"fr-FR\"},{\"@type\":\"Organization\",\"@id\":\"https:\\\/\\\/www.info-algerie.com\\\/actualites\\\/#organization\",\"name\":\"info algerie\",\"url\":\"https:\\\/\\\/www.info-algerie.com\\\/actualites\\\/\",\"logo\":{\"@type\":\"ImageObject\",\"inLanguage\":\"fr-FR\",\"@id\":\"https:\\\/\\\/www.info-algerie.com\\\/actualites\\\/#\\\/schema\\\/logo\\\/image\\\/\",\"url\":\"https:\\\/\\\/www.info-algerie.com\\\/actualites\\\/wp-content\\\/uploads\\\/2022\\\/07\\\/logo-ia-120.png\",\"contentUrl\":\"https:\\\/\\\/www.info-algerie.com\\\/actualites\\\/wp-content\\\/uploads\\\/2022\\\/07\\\/logo-ia-120.png\",\"width\":120,\"height\":43,\"caption\":\"info algerie\"},\"image\":{\"@id\":\"https:\\\/\\\/www.info-algerie.com\\\/actualites\\\/#\\\/schema\\\/logo\\\/image\\\/\"},\"sameAs\":[\"https:\\\/\\\/www.facebook.com\\\/infoalgerieactu\",\"https:\\\/\\\/x.com\\\/infoalgerie1\"]},{\"@type\":\"Person\",\"@id\":\"https:\\\/\\\/www.info-algerie.com\\\/actualites\\\/#\\\/schema\\\/person\\\/847aaec44920825b843a08f30ec6aa1e\",\"name\":\"La r\u00e9daction\",\"image\":{\"@type\":\"ImageObject\",\"inLanguage\":\"fr-FR\",\"@id\":\"https:\\\/\\\/secure.gravatar.com\\\/avatar\\\/769db425c6f465158149f1ffd6cf61ce7a8a879d11dfbef8288af36dfddd418c?s=96&d=mm&r=g\",\"url\":\"https:\\\/\\\/secure.gravatar.com\\\/avatar\\\/769db425c6f465158149f1ffd6cf61ce7a8a879d11dfbef8288af36dfddd418c?s=96&d=mm&r=g\",\"contentUrl\":\"https:\\\/\\\/secure.gravatar.com\\\/avatar\\\/769db425c6f465158149f1ffd6cf61ce7a8a879d11dfbef8288af36dfddd418c?s=96&d=mm&r=g\",\"caption\":\"La r\u00e9daction\"},\"sameAs\":[\"http:\\\/\\\/www.lkeria.com\\\/\"],\"url\":\"https:\\\/\\\/www.info-algerie.com\\\/actualites\\\/author\\\/chakib32\\\/\"}]}<\/script>\n<!-- \/ Yoast SEO plugin. -->","yoast_head_json":{"title":"Journ\u00e9e nationale du moudjahid: le pr\u00e9sident Bouteflika met en exergue le combat militant du Maghreb - info algerie","robots":{"index":"index","follow":"follow","max-snippet":"max-snippet:-1","max-image-preview":"max-image-preview:large","max-video-preview":"max-video-preview:-1"},"canonical":"https:\/\/www.info-algerie.com\/actualites\/journee-nationale-du-moudjahid-le-president-bouteflika-met-en-exergue-le-combat-militant-du-maghreb\/","og_locale":"fr_FR","og_type":"article","og_title":"Journ\u00e9e nationale du moudjahid: le pr\u00e9sident Bouteflika met en exergue le combat militant du Maghreb - info algerie","og_description":"CONSTANTINE- Le pr\u00e9sident de la r\u00e9publique, Abdelaziz Bouteflika a mis l\u2019accent, dans une lettre adress\u00e9e au peuple alg\u00e9rien, \u00e0 l\u2019occasion de la journ\u00e9e nationale du moudjahid sur la dimension maghr\u00e9bine de l\u2019offensive du 20 ao\u00fbt 1955. La lettre du pr\u00e9sident de la r\u00e9publique, lue par le ministre de la culture\u2026 &#013; Source: Journ\u00e9e nationale du","og_url":"https:\/\/www.info-algerie.com\/actualites\/journee-nationale-du-moudjahid-le-president-bouteflika-met-en-exergue-le-combat-militant-du-maghreb\/","og_site_name":"info algerie","article_publisher":"https:\/\/www.facebook.com\/infoalgerieactu","article_published_time":"2015-08-20T12:40:20+00:00","author":"La r\u00e9daction","twitter_misc":{"\u00c9crit par":"La r\u00e9daction"},"schema":{"@context":"https:\/\/schema.org","@graph":[{"@type":"Article","@id":"https:\/\/www.info-algerie.com\/actualites\/journee-nationale-du-moudjahid-le-president-bouteflika-met-en-exergue-le-combat-militant-du-maghreb\/#article","isPartOf":{"@id":"https:\/\/www.info-algerie.com\/actualites\/journee-nationale-du-moudjahid-le-president-bouteflika-met-en-exergue-le-combat-militant-du-maghreb\/"},"author":{"name":"La r\u00e9daction","@id":"https:\/\/www.info-algerie.com\/actualites\/#\/schema\/person\/847aaec44920825b843a08f30ec6aa1e"},"headline":"Journ\u00e9e nationale du moudjahid: le pr\u00e9sident Bouteflika met en exergue le combat militant du Maghreb","datePublished":"2015-08-20T12:40:20+00:00","mainEntityOfPage":{"@id":"https:\/\/www.info-algerie.com\/actualites\/journee-nationale-du-moudjahid-le-president-bouteflika-met-en-exergue-le-combat-militant-du-maghreb\/"},"wordCount":94,"commentCount":0,"publisher":{"@id":"https:\/\/www.info-algerie.com\/actualites\/#organization"},"inLanguage":"fr-FR","potentialAction":[{"@type":"CommentAction","name":"Comment","target":["https:\/\/www.info-algerie.com\/actualites\/journee-nationale-du-moudjahid-le-president-bouteflika-met-en-exergue-le-combat-militant-du-maghreb\/#respond"]}]},{"@type":"WebPage","@id":"https:\/\/www.info-algerie.com\/actualites\/journee-nationale-du-moudjahid-le-president-bouteflika-met-en-exergue-le-combat-militant-du-maghreb\/","url":"https:\/\/www.info-algerie.com\/actualites\/journee-nationale-du-moudjahid-le-president-bouteflika-met-en-exergue-le-combat-militant-du-maghreb\/","name":"Journ\u00e9e nationale du moudjahid: le pr\u00e9sident Bouteflika met en exergue le combat militant du Maghreb - info algerie","isPartOf":{"@id":"https:\/\/www.info-algerie.com\/actualites\/#website"},"datePublished":"2015-08-20T12:40:20+00:00","breadcrumb":{"@id":"https:\/\/www.info-algerie.com\/actualites\/journee-nationale-du-moudjahid-le-president-bouteflika-met-en-exergue-le-combat-militant-du-maghreb\/#breadcrumb"},"inLanguage":"fr-FR","potentialAction":[{"@type":"ReadAction","target":["https:\/\/www.info-algerie.com\/actualites\/journee-nationale-du-moudjahid-le-president-bouteflika-met-en-exergue-le-combat-militant-du-maghreb\/"]}]},{"@type":"BreadcrumbList","@id":"https:\/\/www.info-algerie.com\/actualites\/journee-nationale-du-moudjahid-le-president-bouteflika-met-en-exergue-le-combat-militant-du-maghreb\/#breadcrumb","itemListElement":[{"@type":"ListItem","position":1,"name":"Accueil","item":"https:\/\/www.info-algerie.com\/actualites\/"},{"@type":"ListItem","position":2,"name":"Journ\u00e9e nationale du moudjahid: le pr\u00e9sident Bouteflika met en exergue le combat militant du Maghreb"}]},{"@type":"WebSite","@id":"https:\/\/www.info-algerie.com\/actualites\/#website","url":"https:\/\/www.info-algerie.com\/actualites\/","name":"info algerie","description":"Toutes les actualit\u00e9s","publisher":{"@id":"https:\/\/www.info-algerie.com\/actualites\/#organization"},"potentialAction":[{"@type":"SearchAction","target":{"@type":"EntryPoint","urlTemplate":"https:\/\/www.info-algerie.com\/actualites\/?s={search_term_string}"},"query-input":{"@type":"PropertyValueSpecification","valueRequired":true,"valueName":"search_term_string"}}],"inLanguage":"fr-FR"},{"@type":"Organization","@id":"https:\/\/www.info-algerie.com\/actualites\/#organization","name":"info algerie","url":"https:\/\/www.info-algerie.com\/actualites\/","logo":{"@type":"ImageObject","inLanguage":"fr-FR","@id":"https:\/\/www.info-algerie.com\/actualites\/#\/schema\/logo\/image\/","url":"https:\/\/www.info-algerie.com\/actualites\/wp-content\/uploads\/2022\/07\/logo-ia-120.png","contentUrl":"https:\/\/www.info-algerie.com\/actualites\/wp-content\/uploads\/2022\/07\/logo-ia-120.png","width":120,"height":43,"caption":"info algerie"},"image":{"@id":"https:\/\/www.info-algerie.com\/actualites\/#\/schema\/logo\/image\/"},"sameAs":["https:\/\/www.facebook.com\/infoalgerieactu","https:\/\/x.com\/infoalgerie1"]},{"@type":"Person","@id":"https:\/\/www.info-algerie.com\/actualites\/#\/schema\/person\/847aaec44920825b843a08f30ec6aa1e","name":"La r\u00e9daction","image":{"@type":"ImageObject","inLanguage":"fr-FR","@id":"https:\/\/secure.gravatar.com\/avatar\/769db425c6f465158149f1ffd6cf61ce7a8a879d11dfbef8288af36dfddd418c?s=96&d=mm&r=g","url":"https:\/\/secure.gravatar.com\/avatar\/769db425c6f465158149f1ffd6cf61ce7a8a879d11dfbef8288af36dfddd418c?s=96&d=mm&r=g","contentUrl":"https:\/\/secure.gravatar.com\/avatar\/769db425c6f465158149f1ffd6cf61ce7a8a879d11dfbef8288af36dfddd418c?s=96&d=mm&r=g","caption":"La r\u00e9daction"},"sameAs":["http:\/\/www.lkeria.com\/"],"url":"https:\/\/www.info-algerie.com\/actualites\/author\/chakib32\/"}]}},"_links":{"self":[{"href":"https:\/\/www.info-algerie.com\/actualites\/wp-json\/wp\/v2\/posts\/124","targetHints":{"allow":["GET"]}}],"collection":[{"href":"https:\/\/www.info-algerie.com\/actualites\/wp-json\/wp\/v2\/posts"}],"about":[{"href":"https:\/\/www.info-algerie.com\/actualites\/wp-json\/wp\/v2\/types\/post"}],"author":[{"embeddable":true,"href":"https:\/\/www.info-algerie.com\/actualites\/wp-json\/wp\/v2\/users\/6"}],"replies":[{"embeddable":true,"href":"https:\/\/www.info-algerie.com\/actualites\/wp-json\/wp\/v2\/comments?post=124"}],"version-history":[{"count":0,"href":"https:\/\/www.info-algerie.com\/actualites\/wp-json\/wp\/v2\/posts\/124\/revisions"}],"wp:attachment":[{"href":"https:\/\/www.info-algerie.com\/actualites\/wp-json\/wp\/v2\/media?parent=124"}],"wp:term":[{"taxonomy":"category","embeddable":true,"href":"https:\/\/www.info-algerie.com\/actualites\/wp-json\/wp\/v2\/categories?post=124"},{"taxonomy":"post_tag","embeddable":true,"href":"https:\/\/www.info-algerie.com\/actualites\/wp-json\/wp\/v2\/tags?post=124"}],"curies":[{"name":"wp","href":"https:\/\/api.w.org\/{rel}","templated":true}]}}