{"id":12400,"date":"2017-05-23T08:43:09","date_gmt":"2017-05-23T07:43:09","guid":{"rendered":"http:\/\/www.info-algerie.com\/actualites\/entretiens-messahel-mogherini-a-bruxelles-la-rencontre-a-permis-dapprofondir-les-discussions-sur-les-questions-dinteret-commun\/"},"modified":"2017-05-23T08:43:09","modified_gmt":"2017-05-23T07:43:09","slug":"entretiens-messahel-mogherini-a-bruxelles-la-rencontre-a-permis-dapprofondir-les-discussions-sur-les-questions-dinteret-commun","status":"publish","type":"post","link":"https:\/\/www.info-algerie.com\/actualites\/entretiens-messahel-mogherini-a-bruxelles-la-rencontre-a-permis-dapprofondir-les-discussions-sur-les-questions-dinteret-commun\/","title":{"rendered":"Entretiens Messahel-Mogherini \u00e0 Bruxelles: la rencontre a permis d&#039;approfondir les discussions sur les questions d&#039;int\u00e9r\u00eat commun"},"content":{"rendered":"<div class=\"K2FeedImage\"><img decoding=\"async\" src=\"https:\/\/www.info-algerie.com\/actualites\/wp-content\/uploads\/2017\/05\/d79c5b5665b2d4ca289560395f7b0c63_S.jpg\" alt=\"Entretiens Messahel-Mogherini &#xE0; Bruxelles: la rencontre a permis d'approfondir les discussions sur les questions d'int&#xE9;r&#xEA;t commun\" \/><\/div>\n<div class=\"K2FeedIntroText\">\n<p>BRUXELLES- La rencontre avec la chef de la diplomatie\u00a0 europ\u00e9enne, Federica Mogherini a permis d'\u00a0\u00bbapprofondir\u00a0\u00bb les discussions sur\u00a0 les questions d&rsquo;int\u00e9r\u00eat commun, notamment sur la situation au Sahel, et sur\u00a0 le partenariat alg\u00e9ro-europ\u00e9en dans le domaine de la lutte contre le\u00a0 terrorisme, a indiqu\u00e9 lundi \u00e0 Bruxelles le ministre des Affaires\u00a0 maghr\u00e9bines, de l&rsquo;Union africaine (UA) et de la Ligue des Etats arabes,\u00a0 Abdelkader Messahel.<\/p>\n<p>&#013;\n<\/p><\/div>\n<div class=\"K2FeedFullText\">&#013;<\/p>\n<p>\u00ab\u00a0Nous avons entam\u00e9 le dialogue sur certaines questions qui nous\u00a0 int\u00e9ressent, notamment sur la Libye, sur le sahel, particuli\u00e8rement au\u00a0 Mali, et sur le partenariat alg\u00e9ro-europ\u00e9en dans le domaine de la lutte\u00a0 contre le terrorisme et la d\u00e9radicalisation lors de la visite de Mogherini\u00a0 \u00e0 Alger. Aujourd&rsquo;hui, la rencontre a \u00e9t\u00e9 pour nous l&rsquo;occasion d&rsquo;approfondir\u00a0 toutes ces questions\u00a0\u00bb, a-t-il d\u00e9clar\u00e9 \u00e0 l&rsquo;issue de sa rencontre avec Mme\u00a0 Mogherini.<\/p>\n<p>&#013;<\/p>\n<p>Selon le ministre, ces entretiens ont permis de faire part \u00e0 la haute\u00a0 repr\u00e9sentante de l&rsquo;UE pour les Affaires \u00e9trang\u00e8res et la politique de\u00a0 s\u00e9curit\u00e9 des \u00ab\u00a0avanc\u00e9es\u00a0\u00bb r\u00e9alis\u00e9es dans la mise en oeuvre de l&rsquo;accord de\u00a0 paix au Mali issu du processus d&rsquo;Alger, soulignant les \u00ab\u00a0trois grands\u00a0 acquis\u00a0\u00bb enregistr\u00e9s: la mise en place des autorit\u00e9s int\u00e9rimaires,\u00a0 l&rsquo;organisation de patrouilles mixtes et la mise sur pied d&rsquo;un comit\u00e9\u00a0 permanent de dialogue inter-malien pour faciliter la mise en oeuvre de\u00a0 l&rsquo;accord de paix.<\/p>\n<p>&#013;<\/p>\n<p>Dans le domaine de la lutte anti-terroriste, M. Messahel a affirm\u00e9 que\u00a0 l&rsquo;Alg\u00e9rie et l&rsquo;UE \u00ab\u00a0partagent les points de vue\u00a0\u00bb, relevant la n\u00e9cessit\u00e9 de\u00a0 lutter \u00e9galement contre le crime organis\u00e9, le trafic d&rsquo;\u00eatre humain, le\u00a0 trafic de drogue et tous les fl\u00e9aux et d\u00e9fis auxquels fait face la r\u00e9gion.<\/p>\n<p>&#013;<\/p>\n<p>\u00ab\u00a0Nous nous sommes engag\u00e9s \u00e0 poursuivre le dialogue, notamment sur deux\u00a0 grands sujets qui nous interpellent: la Libye et le Sahel, particuli\u00e8rement\u00a0 le Mali\u00a0\u00bb, a-t-il soulign\u00e9.<\/p>\n<p>&#013;<\/p>\n<p>Le ministre a entam\u00e9 lundi une visite de travail aux institutions\u00a0 europ\u00e9ennes, \u00e0 Bruxelles, \u00e0 l&rsquo;invitation de la chef de la diplomatie\u00a0 europ\u00e9enne, Federica Mogherini.<\/p>\n<p>&#013;<\/p>\n<p>Lors de cette visite de travail de deux jours, le ministre s&rsquo;est entretenu\u00a0 \u00e9galement avec le commissaire europ\u00e9en en charge de l&rsquo;union de la s\u00e9curit\u00e9,\u00a0 Julian King.<\/p>\n<p>&#013;<\/p>\n<p>Le ministre pr\u00e9sentera mardi, au deuxi\u00e8me et dernier jour de la visite, au\u00a0 Comit\u00e9 politique et de s\u00e9curit\u00e9 de l&rsquo;UE l&rsquo;exp\u00e9rience de l&rsquo;Alg\u00e9rie en\u00a0 mati\u00e8re de d\u00e9radicalisation et de lutte contre le terrorisme.<\/p>\n<p>&#013;<\/p>\n<p>\u00a0<\/p>\n<p>&#013;<\/p>\n<p>Il s&rsquo;entretiendra \u00e9galement avec le repr\u00e9sentant sp\u00e9cial de l&rsquo;UE pour le\u00a0 Sahel, Angela Losada et avec le chef de la mission de l&rsquo;ONU pour la Libye,\u00a0 Martin Kobler.<\/p>\n<\/div>\n<p>&#013;<br \/>\nSource: <a href=\"http:\/\/www.aps.dz\/algerie\/58036-entretiens-messahel-mogherini-a-bruxelles-la-rencontre-a-permis-d-approfondir-les-discussions-sur-les-questions-d-interet-commun\" target=\"_blank\">Entretiens Messahel-Mogherini \u00e0 Bruxelles: la rencontre a permis d&rsquo;approfondir les discussions sur les questions d&rsquo;int\u00e9r\u00eat commun<\/a><\/p>\n<!--CusAds0-->\n<div style=\"font-size: 0px; height: 0px; line-height: 0px; margin: 0; padding: 0; clear: both;\"><\/div>","protected":false},"excerpt":{"rendered":"<p>BRUXELLES- La rencontre avec la chef de la diplomatie\u00a0 europ\u00e9enne, Federica Mogherini a permis d&rsquo;\u00a0\u00bbapprofondir\u00a0\u00bb les discussions sur\u00a0 les questions d&rsquo;int\u00e9r\u00eat commun, notamment sur la situation au Sahel, et sur\u00a0 le partenariat alg\u00e9ro-europ\u00e9en dans le domaine de la lutte contre le\u00a0 terrorisme, a indiqu\u00e9 lundi \u00e0 Bruxelles le ministre des Affaires\u00a0 maghr\u00e9bines, de l&rsquo;Union africaine<\/p>\n","protected":false},"author":6,"featured_media":12401,"comment_status":"open","ping_status":"open","sticky":false,"template":"","format":"standard","meta":{"footnotes":""},"categories":[22],"tags":[93],"class_list":["post-12400","post","type-post","status-publish","format-standard","has-post-thumbnail","hentry","category-infos","tag-onu"],"yoast_head":"<!-- This site is optimized with the Yoast SEO plugin v27.5 - https:\/\/yoast.com\/product\/yoast-seo-wordpress\/ -->\n<title>Entretiens Messahel-Mogherini \u00e0 Bruxelles: la rencontre a permis d&#039;approfondir les discussions sur les questions d&#039;int\u00e9r\u00eat commun - info algerie<\/title>\n<meta name=\"robots\" content=\"index, follow, max-snippet:-1, max-image-preview:large, max-video-preview:-1\" \/>\n<link rel=\"canonical\" href=\"https:\/\/www.info-algerie.com\/actualites\/entretiens-messahel-mogherini-a-bruxelles-la-rencontre-a-permis-dapprofondir-les-discussions-sur-les-questions-dinteret-commun\/\" \/>\n<meta property=\"og:locale\" content=\"fr_FR\" \/>\n<meta property=\"og:type\" content=\"article\" \/>\n<meta property=\"og:title\" content=\"Entretiens Messahel-Mogherini \u00e0 Bruxelles: la rencontre a permis d&#039;approfondir les discussions sur les questions d&#039;int\u00e9r\u00eat commun - info algerie\" \/>\n<meta property=\"og:description\" content=\"BRUXELLES- La rencontre avec la chef de la diplomatie\u00a0 europ\u00e9enne, Federica Mogherini a permis d&#039;\u00a0\u00bbapprofondir\u00a0\u00bb les discussions sur\u00a0 les questions d&rsquo;int\u00e9r\u00eat commun, notamment sur la situation au Sahel, et sur\u00a0 le partenariat alg\u00e9ro-europ\u00e9en dans le domaine de la lutte contre le\u00a0 terrorisme, a indiqu\u00e9 lundi \u00e0 Bruxelles le ministre des Affaires\u00a0 maghr\u00e9bines, de l&rsquo;Union africaine\" \/>\n<meta property=\"og:url\" content=\"https:\/\/www.info-algerie.com\/actualites\/entretiens-messahel-mogherini-a-bruxelles-la-rencontre-a-permis-dapprofondir-les-discussions-sur-les-questions-dinteret-commun\/\" \/>\n<meta property=\"og:site_name\" content=\"info algerie\" \/>\n<meta property=\"article:publisher\" content=\"https:\/\/www.facebook.com\/infoalgerieactu\" \/>\n<meta property=\"article:published_time\" content=\"2017-05-23T07:43:09+00:00\" \/>\n<meta property=\"og:image\" content=\"https:\/\/www.info-algerie.com\/actualites\/wp-content\/uploads\/2017\/05\/d79c5b5665b2d4ca289560395f7b0c63_S-1.jpg\" \/>\n\t<meta property=\"og:image:width\" content=\"280\" \/>\n\t<meta property=\"og:image:height\" content=\"175\" \/>\n\t<meta property=\"og:image:type\" content=\"image\/jpeg\" \/>\n<meta name=\"author\" content=\"La r\u00e9daction\" \/>\n<meta name=\"twitter:label1\" content=\"\u00c9crit par\" \/>\n\t<meta name=\"twitter:data1\" content=\"La r\u00e9daction\" \/>\n\t<meta name=\"twitter:label2\" content=\"Dur\u00e9e de lecture estim\u00e9e\" \/>\n\t<meta name=\"twitter:data2\" content=\"2 minutes\" \/>\n<script type=\"application\/ld+json\" class=\"yoast-schema-graph\">{\"@context\":\"https:\\\/\\\/schema.org\",\"@graph\":[{\"@type\":\"Article\",\"@id\":\"https:\\\/\\\/www.info-algerie.com\\\/actualites\\\/entretiens-messahel-mogherini-a-bruxelles-la-rencontre-a-permis-dapprofondir-les-discussions-sur-les-questions-dinteret-commun\\\/#article\",\"isPartOf\":{\"@id\":\"https:\\\/\\\/www.info-algerie.com\\\/actualites\\\/entretiens-messahel-mogherini-a-bruxelles-la-rencontre-a-permis-dapprofondir-les-discussions-sur-les-questions-dinteret-commun\\\/\"},\"author\":{\"name\":\"La r\u00e9daction\",\"@id\":\"https:\\\/\\\/www.info-algerie.com\\\/actualites\\\/#\\\/schema\\\/person\\\/847aaec44920825b843a08f30ec6aa1e\"},\"headline\":\"Entretiens Messahel-Mogherini \u00e0 Bruxelles: la rencontre a permis d&#039;approfondir les discussions sur les questions d&#039;int\u00e9r\u00eat commun\",\"datePublished\":\"2017-05-23T07:43:09+00:00\",\"mainEntityOfPage\":{\"@id\":\"https:\\\/\\\/www.info-algerie.com\\\/actualites\\\/entretiens-messahel-mogherini-a-bruxelles-la-rencontre-a-permis-dapprofondir-les-discussions-sur-les-questions-dinteret-commun\\\/\"},\"wordCount\":500,\"commentCount\":0,\"publisher\":{\"@id\":\"https:\\\/\\\/www.info-algerie.com\\\/actualites\\\/#organization\"},\"image\":{\"@id\":\"https:\\\/\\\/www.info-algerie.com\\\/actualites\\\/entretiens-messahel-mogherini-a-bruxelles-la-rencontre-a-permis-dapprofondir-les-discussions-sur-les-questions-dinteret-commun\\\/#primaryimage\"},\"thumbnailUrl\":\"https:\\\/\\\/www.info-algerie.com\\\/actualites\\\/wp-content\\\/uploads\\\/2017\\\/05\\\/d79c5b5665b2d4ca289560395f7b0c63_S-1.jpg\",\"keywords\":[\"ONU\"],\"articleSection\":[\"infos\"],\"inLanguage\":\"fr-FR\",\"potentialAction\":[{\"@type\":\"CommentAction\",\"name\":\"Comment\",\"target\":[\"https:\\\/\\\/www.info-algerie.com\\\/actualites\\\/entretiens-messahel-mogherini-a-bruxelles-la-rencontre-a-permis-dapprofondir-les-discussions-sur-les-questions-dinteret-commun\\\/#respond\"]}]},{\"@type\":\"WebPage\",\"@id\":\"https:\\\/\\\/www.info-algerie.com\\\/actualites\\\/entretiens-messahel-mogherini-a-bruxelles-la-rencontre-a-permis-dapprofondir-les-discussions-sur-les-questions-dinteret-commun\\\/\",\"url\":\"https:\\\/\\\/www.info-algerie.com\\\/actualites\\\/entretiens-messahel-mogherini-a-bruxelles-la-rencontre-a-permis-dapprofondir-les-discussions-sur-les-questions-dinteret-commun\\\/\",\"name\":\"Entretiens Messahel-Mogherini \u00e0 Bruxelles: la rencontre a permis d&#039;approfondir les discussions sur les questions d&#039;int\u00e9r\u00eat commun - info algerie\",\"isPartOf\":{\"@id\":\"https:\\\/\\\/www.info-algerie.com\\\/actualites\\\/#website\"},\"primaryImageOfPage\":{\"@id\":\"https:\\\/\\\/www.info-algerie.com\\\/actualites\\\/entretiens-messahel-mogherini-a-bruxelles-la-rencontre-a-permis-dapprofondir-les-discussions-sur-les-questions-dinteret-commun\\\/#primaryimage\"},\"image\":{\"@id\":\"https:\\\/\\\/www.info-algerie.com\\\/actualites\\\/entretiens-messahel-mogherini-a-bruxelles-la-rencontre-a-permis-dapprofondir-les-discussions-sur-les-questions-dinteret-commun\\\/#primaryimage\"},\"thumbnailUrl\":\"https:\\\/\\\/www.info-algerie.com\\\/actualites\\\/wp-content\\\/uploads\\\/2017\\\/05\\\/d79c5b5665b2d4ca289560395f7b0c63_S-1.jpg\",\"datePublished\":\"2017-05-23T07:43:09+00:00\",\"breadcrumb\":{\"@id\":\"https:\\\/\\\/www.info-algerie.com\\\/actualites\\\/entretiens-messahel-mogherini-a-bruxelles-la-rencontre-a-permis-dapprofondir-les-discussions-sur-les-questions-dinteret-commun\\\/#breadcrumb\"},\"inLanguage\":\"fr-FR\",\"potentialAction\":[{\"@type\":\"ReadAction\",\"target\":[\"https:\\\/\\\/www.info-algerie.com\\\/actualites\\\/entretiens-messahel-mogherini-a-bruxelles-la-rencontre-a-permis-dapprofondir-les-discussions-sur-les-questions-dinteret-commun\\\/\"]}]},{\"@type\":\"ImageObject\",\"inLanguage\":\"fr-FR\",\"@id\":\"https:\\\/\\\/www.info-algerie.com\\\/actualites\\\/entretiens-messahel-mogherini-a-bruxelles-la-rencontre-a-permis-dapprofondir-les-discussions-sur-les-questions-dinteret-commun\\\/#primaryimage\",\"url\":\"https:\\\/\\\/www.info-algerie.com\\\/actualites\\\/wp-content\\\/uploads\\\/2017\\\/05\\\/d79c5b5665b2d4ca289560395f7b0c63_S-1.jpg\",\"contentUrl\":\"https:\\\/\\\/www.info-algerie.com\\\/actualites\\\/wp-content\\\/uploads\\\/2017\\\/05\\\/d79c5b5665b2d4ca289560395f7b0c63_S-1.jpg\",\"width\":280,\"height\":175},{\"@type\":\"BreadcrumbList\",\"@id\":\"https:\\\/\\\/www.info-algerie.com\\\/actualites\\\/entretiens-messahel-mogherini-a-bruxelles-la-rencontre-a-permis-dapprofondir-les-discussions-sur-les-questions-dinteret-commun\\\/#breadcrumb\",\"itemListElement\":[{\"@type\":\"ListItem\",\"position\":1,\"name\":\"Accueil\",\"item\":\"https:\\\/\\\/www.info-algerie.com\\\/actualites\\\/\"},{\"@type\":\"ListItem\",\"position\":2,\"name\":\"Entretiens Messahel-Mogherini \u00e0 Bruxelles: la rencontre a permis d&#039;approfondir les discussions sur les questions d&#039;int\u00e9r\u00eat commun\"}]},{\"@type\":\"WebSite\",\"@id\":\"https:\\\/\\\/www.info-algerie.com\\\/actualites\\\/#website\",\"url\":\"https:\\\/\\\/www.info-algerie.com\\\/actualites\\\/\",\"name\":\"info algerie\",\"description\":\"Toutes les actualit\u00e9s\",\"publisher\":{\"@id\":\"https:\\\/\\\/www.info-algerie.com\\\/actualites\\\/#organization\"},\"potentialAction\":[{\"@type\":\"SearchAction\",\"target\":{\"@type\":\"EntryPoint\",\"urlTemplate\":\"https:\\\/\\\/www.info-algerie.com\\\/actualites\\\/?s={search_term_string}\"},\"query-input\":{\"@type\":\"PropertyValueSpecification\",\"valueRequired\":true,\"valueName\":\"search_term_string\"}}],\"inLanguage\":\"fr-FR\"},{\"@type\":\"Organization\",\"@id\":\"https:\\\/\\\/www.info-algerie.com\\\/actualites\\\/#organization\",\"name\":\"info algerie\",\"url\":\"https:\\\/\\\/www.info-algerie.com\\\/actualites\\\/\",\"logo\":{\"@type\":\"ImageObject\",\"inLanguage\":\"fr-FR\",\"@id\":\"https:\\\/\\\/www.info-algerie.com\\\/actualites\\\/#\\\/schema\\\/logo\\\/image\\\/\",\"url\":\"https:\\\/\\\/www.info-algerie.com\\\/actualites\\\/wp-content\\\/uploads\\\/2022\\\/07\\\/logo-ia-120.png\",\"contentUrl\":\"https:\\\/\\\/www.info-algerie.com\\\/actualites\\\/wp-content\\\/uploads\\\/2022\\\/07\\\/logo-ia-120.png\",\"width\":120,\"height\":43,\"caption\":\"info algerie\"},\"image\":{\"@id\":\"https:\\\/\\\/www.info-algerie.com\\\/actualites\\\/#\\\/schema\\\/logo\\\/image\\\/\"},\"sameAs\":[\"https:\\\/\\\/www.facebook.com\\\/infoalgerieactu\",\"https:\\\/\\\/x.com\\\/infoalgerie1\"]},{\"@type\":\"Person\",\"@id\":\"https:\\\/\\\/www.info-algerie.com\\\/actualites\\\/#\\\/schema\\\/person\\\/847aaec44920825b843a08f30ec6aa1e\",\"name\":\"La r\u00e9daction\",\"image\":{\"@type\":\"ImageObject\",\"inLanguage\":\"fr-FR\",\"@id\":\"https:\\\/\\\/secure.gravatar.com\\\/avatar\\\/769db425c6f465158149f1ffd6cf61ce7a8a879d11dfbef8288af36dfddd418c?s=96&d=mm&r=g\",\"url\":\"https:\\\/\\\/secure.gravatar.com\\\/avatar\\\/769db425c6f465158149f1ffd6cf61ce7a8a879d11dfbef8288af36dfddd418c?s=96&d=mm&r=g\",\"contentUrl\":\"https:\\\/\\\/secure.gravatar.com\\\/avatar\\\/769db425c6f465158149f1ffd6cf61ce7a8a879d11dfbef8288af36dfddd418c?s=96&d=mm&r=g\",\"caption\":\"La r\u00e9daction\"},\"sameAs\":[\"http:\\\/\\\/www.lkeria.com\\\/\"],\"url\":\"https:\\\/\\\/www.info-algerie.com\\\/actualites\\\/author\\\/chakib32\\\/\"}]}<\/script>\n<!-- \/ Yoast SEO plugin. -->","yoast_head_json":{"title":"Entretiens Messahel-Mogherini \u00e0 Bruxelles: la rencontre a permis d&#039;approfondir les discussions sur les questions d&#039;int\u00e9r\u00eat commun - info algerie","robots":{"index":"index","follow":"follow","max-snippet":"max-snippet:-1","max-image-preview":"max-image-preview:large","max-video-preview":"max-video-preview:-1"},"canonical":"https:\/\/www.info-algerie.com\/actualites\/entretiens-messahel-mogherini-a-bruxelles-la-rencontre-a-permis-dapprofondir-les-discussions-sur-les-questions-dinteret-commun\/","og_locale":"fr_FR","og_type":"article","og_title":"Entretiens Messahel-Mogherini \u00e0 Bruxelles: la rencontre a permis d&#039;approfondir les discussions sur les questions d&#039;int\u00e9r\u00eat commun - info algerie","og_description":"BRUXELLES- La rencontre avec la chef de la diplomatie\u00a0 europ\u00e9enne, Federica Mogherini a permis d'\u00a0\u00bbapprofondir\u00a0\u00bb les discussions sur\u00a0 les questions d&rsquo;int\u00e9r\u00eat commun, notamment sur la situation au Sahel, et sur\u00a0 le partenariat alg\u00e9ro-europ\u00e9en dans le domaine de la lutte contre le\u00a0 terrorisme, a indiqu\u00e9 lundi \u00e0 Bruxelles le ministre des Affaires\u00a0 maghr\u00e9bines, de l&rsquo;Union africaine","og_url":"https:\/\/www.info-algerie.com\/actualites\/entretiens-messahel-mogherini-a-bruxelles-la-rencontre-a-permis-dapprofondir-les-discussions-sur-les-questions-dinteret-commun\/","og_site_name":"info algerie","article_publisher":"https:\/\/www.facebook.com\/infoalgerieactu","article_published_time":"2017-05-23T07:43:09+00:00","og_image":[{"width":280,"height":175,"url":"https:\/\/www.info-algerie.com\/actualites\/wp-content\/uploads\/2017\/05\/d79c5b5665b2d4ca289560395f7b0c63_S-1.jpg","type":"image\/jpeg"}],"author":"La r\u00e9daction","twitter_misc":{"\u00c9crit par":"La r\u00e9daction","Dur\u00e9e de lecture estim\u00e9e":"2 minutes"},"schema":{"@context":"https:\/\/schema.org","@graph":[{"@type":"Article","@id":"https:\/\/www.info-algerie.com\/actualites\/entretiens-messahel-mogherini-a-bruxelles-la-rencontre-a-permis-dapprofondir-les-discussions-sur-les-questions-dinteret-commun\/#article","isPartOf":{"@id":"https:\/\/www.info-algerie.com\/actualites\/entretiens-messahel-mogherini-a-bruxelles-la-rencontre-a-permis-dapprofondir-les-discussions-sur-les-questions-dinteret-commun\/"},"author":{"name":"La r\u00e9daction","@id":"https:\/\/www.info-algerie.com\/actualites\/#\/schema\/person\/847aaec44920825b843a08f30ec6aa1e"},"headline":"Entretiens Messahel-Mogherini \u00e0 Bruxelles: la rencontre a permis d&#039;approfondir les discussions sur les questions d&#039;int\u00e9r\u00eat commun","datePublished":"2017-05-23T07:43:09+00:00","mainEntityOfPage":{"@id":"https:\/\/www.info-algerie.com\/actualites\/entretiens-messahel-mogherini-a-bruxelles-la-rencontre-a-permis-dapprofondir-les-discussions-sur-les-questions-dinteret-commun\/"},"wordCount":500,"commentCount":0,"publisher":{"@id":"https:\/\/www.info-algerie.com\/actualites\/#organization"},"image":{"@id":"https:\/\/www.info-algerie.com\/actualites\/entretiens-messahel-mogherini-a-bruxelles-la-rencontre-a-permis-dapprofondir-les-discussions-sur-les-questions-dinteret-commun\/#primaryimage"},"thumbnailUrl":"https:\/\/www.info-algerie.com\/actualites\/wp-content\/uploads\/2017\/05\/d79c5b5665b2d4ca289560395f7b0c63_S-1.jpg","keywords":["ONU"],"articleSection":["infos"],"inLanguage":"fr-FR","potentialAction":[{"@type":"CommentAction","name":"Comment","target":["https:\/\/www.info-algerie.com\/actualites\/entretiens-messahel-mogherini-a-bruxelles-la-rencontre-a-permis-dapprofondir-les-discussions-sur-les-questions-dinteret-commun\/#respond"]}]},{"@type":"WebPage","@id":"https:\/\/www.info-algerie.com\/actualites\/entretiens-messahel-mogherini-a-bruxelles-la-rencontre-a-permis-dapprofondir-les-discussions-sur-les-questions-dinteret-commun\/","url":"https:\/\/www.info-algerie.com\/actualites\/entretiens-messahel-mogherini-a-bruxelles-la-rencontre-a-permis-dapprofondir-les-discussions-sur-les-questions-dinteret-commun\/","name":"Entretiens Messahel-Mogherini \u00e0 Bruxelles: la rencontre a permis d&#039;approfondir les discussions sur les questions d&#039;int\u00e9r\u00eat commun - info algerie","isPartOf":{"@id":"https:\/\/www.info-algerie.com\/actualites\/#website"},"primaryImageOfPage":{"@id":"https:\/\/www.info-algerie.com\/actualites\/entretiens-messahel-mogherini-a-bruxelles-la-rencontre-a-permis-dapprofondir-les-discussions-sur-les-questions-dinteret-commun\/#primaryimage"},"image":{"@id":"https:\/\/www.info-algerie.com\/actualites\/entretiens-messahel-mogherini-a-bruxelles-la-rencontre-a-permis-dapprofondir-les-discussions-sur-les-questions-dinteret-commun\/#primaryimage"},"thumbnailUrl":"https:\/\/www.info-algerie.com\/actualites\/wp-content\/uploads\/2017\/05\/d79c5b5665b2d4ca289560395f7b0c63_S-1.jpg","datePublished":"2017-05-23T07:43:09+00:00","breadcrumb":{"@id":"https:\/\/www.info-algerie.com\/actualites\/entretiens-messahel-mogherini-a-bruxelles-la-rencontre-a-permis-dapprofondir-les-discussions-sur-les-questions-dinteret-commun\/#breadcrumb"},"inLanguage":"fr-FR","potentialAction":[{"@type":"ReadAction","target":["https:\/\/www.info-algerie.com\/actualites\/entretiens-messahel-mogherini-a-bruxelles-la-rencontre-a-permis-dapprofondir-les-discussions-sur-les-questions-dinteret-commun\/"]}]},{"@type":"ImageObject","inLanguage":"fr-FR","@id":"https:\/\/www.info-algerie.com\/actualites\/entretiens-messahel-mogherini-a-bruxelles-la-rencontre-a-permis-dapprofondir-les-discussions-sur-les-questions-dinteret-commun\/#primaryimage","url":"https:\/\/www.info-algerie.com\/actualites\/wp-content\/uploads\/2017\/05\/d79c5b5665b2d4ca289560395f7b0c63_S-1.jpg","contentUrl":"https:\/\/www.info-algerie.com\/actualites\/wp-content\/uploads\/2017\/05\/d79c5b5665b2d4ca289560395f7b0c63_S-1.jpg","width":280,"height":175},{"@type":"BreadcrumbList","@id":"https:\/\/www.info-algerie.com\/actualites\/entretiens-messahel-mogherini-a-bruxelles-la-rencontre-a-permis-dapprofondir-les-discussions-sur-les-questions-dinteret-commun\/#breadcrumb","itemListElement":[{"@type":"ListItem","position":1,"name":"Accueil","item":"https:\/\/www.info-algerie.com\/actualites\/"},{"@type":"ListItem","position":2,"name":"Entretiens Messahel-Mogherini \u00e0 Bruxelles: la rencontre a permis d&#039;approfondir les discussions sur les questions d&#039;int\u00e9r\u00eat commun"}]},{"@type":"WebSite","@id":"https:\/\/www.info-algerie.com\/actualites\/#website","url":"https:\/\/www.info-algerie.com\/actualites\/","name":"info algerie","description":"Toutes les actualit\u00e9s","publisher":{"@id":"https:\/\/www.info-algerie.com\/actualites\/#organization"},"potentialAction":[{"@type":"SearchAction","target":{"@type":"EntryPoint","urlTemplate":"https:\/\/www.info-algerie.com\/actualites\/?s={search_term_string}"},"query-input":{"@type":"PropertyValueSpecification","valueRequired":true,"valueName":"search_term_string"}}],"inLanguage":"fr-FR"},{"@type":"Organization","@id":"https:\/\/www.info-algerie.com\/actualites\/#organization","name":"info algerie","url":"https:\/\/www.info-algerie.com\/actualites\/","logo":{"@type":"ImageObject","inLanguage":"fr-FR","@id":"https:\/\/www.info-algerie.com\/actualites\/#\/schema\/logo\/image\/","url":"https:\/\/www.info-algerie.com\/actualites\/wp-content\/uploads\/2022\/07\/logo-ia-120.png","contentUrl":"https:\/\/www.info-algerie.com\/actualites\/wp-content\/uploads\/2022\/07\/logo-ia-120.png","width":120,"height":43,"caption":"info algerie"},"image":{"@id":"https:\/\/www.info-algerie.com\/actualites\/#\/schema\/logo\/image\/"},"sameAs":["https:\/\/www.facebook.com\/infoalgerieactu","https:\/\/x.com\/infoalgerie1"]},{"@type":"Person","@id":"https:\/\/www.info-algerie.com\/actualites\/#\/schema\/person\/847aaec44920825b843a08f30ec6aa1e","name":"La r\u00e9daction","image":{"@type":"ImageObject","inLanguage":"fr-FR","@id":"https:\/\/secure.gravatar.com\/avatar\/769db425c6f465158149f1ffd6cf61ce7a8a879d11dfbef8288af36dfddd418c?s=96&d=mm&r=g","url":"https:\/\/secure.gravatar.com\/avatar\/769db425c6f465158149f1ffd6cf61ce7a8a879d11dfbef8288af36dfddd418c?s=96&d=mm&r=g","contentUrl":"https:\/\/secure.gravatar.com\/avatar\/769db425c6f465158149f1ffd6cf61ce7a8a879d11dfbef8288af36dfddd418c?s=96&d=mm&r=g","caption":"La r\u00e9daction"},"sameAs":["http:\/\/www.lkeria.com\/"],"url":"https:\/\/www.info-algerie.com\/actualites\/author\/chakib32\/"}]}},"_links":{"self":[{"href":"https:\/\/www.info-algerie.com\/actualites\/wp-json\/wp\/v2\/posts\/12400","targetHints":{"allow":["GET"]}}],"collection":[{"href":"https:\/\/www.info-algerie.com\/actualites\/wp-json\/wp\/v2\/posts"}],"about":[{"href":"https:\/\/www.info-algerie.com\/actualites\/wp-json\/wp\/v2\/types\/post"}],"author":[{"embeddable":true,"href":"https:\/\/www.info-algerie.com\/actualites\/wp-json\/wp\/v2\/users\/6"}],"replies":[{"embeddable":true,"href":"https:\/\/www.info-algerie.com\/actualites\/wp-json\/wp\/v2\/comments?post=12400"}],"version-history":[{"count":0,"href":"https:\/\/www.info-algerie.com\/actualites\/wp-json\/wp\/v2\/posts\/12400\/revisions"}],"wp:featuredmedia":[{"embeddable":true,"href":"https:\/\/www.info-algerie.com\/actualites\/wp-json\/wp\/v2\/media\/12401"}],"wp:attachment":[{"href":"https:\/\/www.info-algerie.com\/actualites\/wp-json\/wp\/v2\/media?parent=12400"}],"wp:term":[{"taxonomy":"category","embeddable":true,"href":"https:\/\/www.info-algerie.com\/actualites\/wp-json\/wp\/v2\/categories?post=12400"},{"taxonomy":"post_tag","embeddable":true,"href":"https:\/\/www.info-algerie.com\/actualites\/wp-json\/wp\/v2\/tags?post=12400"}],"curies":[{"name":"wp","href":"https:\/\/api.w.org\/{rel}","templated":true}]}}