{"id":12406,"date":"2017-05-23T10:41:57","date_gmt":"2017-05-23T09:41:57","guid":{"rendered":"http:\/\/www.info-algerie.com\/actualites\/debut-de-la-8eme-legislature-de-lapn\/"},"modified":"2017-05-23T10:41:57","modified_gmt":"2017-05-23T09:41:57","slug":"debut-de-la-8eme-legislature-de-lapn","status":"publish","type":"post","link":"https:\/\/www.info-algerie.com\/actualites\/debut-de-la-8eme-legislature-de-lapn\/","title":{"rendered":"D\u00e9but de la 8\u00e8me l\u00e9gislature de l&#039;APN"},"content":{"rendered":"<div class=\"K2FeedImage\"><img decoding=\"async\" src=\"https:\/\/www.info-algerie.com\/actualites\/wp-content\/uploads\/2017\/05\/b7e236974a36c28de93fdf45dff53b85_S.jpg\" alt=\"D&#xE9;but de la 8&#xE8;me l&#xE9;gislature de l'APN\" \/><\/div>\n<div class=\"K2FeedIntroText\">\n<p>ALGER- La 8\u00e8me l\u00e9gislature de l&rsquo;Assembl\u00e9e populaire\u00a0 nationale (APN), issue des \u00e9lections l\u00e9gislatives du 4 mai, a d\u00e9but\u00e9 mardi\u00a0 \u00e0 Alger lors d&rsquo;une s\u00e9ance pl\u00e9ni\u00e8re.Les travaux de cette s\u00e9ance pl\u00e9ni\u00e8re se tiennent sous la pr\u00e9sidence du\u00a0 doyen d&rsquo;\u00e2ge de l&rsquo;APN, M. Said Bouhedja, assist\u00e9 des deux d\u00e9put\u00e9s les plus\u00a0 jeunes.<\/p>\n<p>&#013;\n<\/p><\/div>\n<div class=\"K2FeedFullText\">&#013;<\/p>\n<p>L&rsquo;APN constitue, lors de cette premi\u00e8re s\u00e9ance de la l\u00e9gislature, une\u00a0 commission de validation des mandats compos\u00e9e de vingt (20) membres choisis\u00a0 proportionnellement \u00e0 leur repr\u00e9sentation. La chambre basse proc\u00e8dera lors de cette s\u00e9ance, comme le stipule la\u00a0 Constitution, \u00e0 l&rsquo;\u00e9lection de son bureau et \u00e0 la constitution de ses\u00a0 commissions et l&rsquo;\u00e9lection de son pr\u00e9sident.<\/p>\n<p>&#013;<\/p>\n<p>\u00a0<\/p>\n<p>&#013;<\/p>\n<p><strong>L&rsquo;APN proc\u00e8dera \u00e0 la validation des mandats de ses membres lors de sa 1\u00e8re\u00a0 s\u00e9ance<\/strong><\/p>\n<p>&#013;<\/p>\n<p>ALGER- L&rsquo;Assembl\u00e9e populaire nationale (APN), issue des\u00a0 \u00e9lections l\u00e9gislatives du 4 mai dernier, proc\u00e9dera\u00a0 ce mardi, lors de sa\u00a0 premi\u00e8re s\u00e9ance de l\u00e9gislature \u00e0 la constitution d&rsquo;une commission pour\u00a0 valider les mandats des d\u00e9put\u00e9s.<\/p>\n<p>&#013;<\/p>\n<p>L&rsquo;article 4 du R\u00e8glement int\u00e9rieur de l&rsquo;Assembl\u00e9e stipule \u00e0 ce propos que\u00a0 l&rsquo;APN constitue, lors de la premi\u00e8re s\u00e9ance de la l\u00e9gislature, une\u00a0 commission de validation des mandats compos\u00e9e de vingt (20) membres choisis\u00a0 proportionnellement \u00e0 leur repr\u00e9sentation.<\/p>\n<p>&#013;<\/p>\n<p>L&rsquo;APN valide les mandats de ses membres conform\u00e9ment \u00e0 la proclamation du\u00a0 Conseil constitutionnel et sous r\u00e9serve des d\u00e9cisions d&rsquo;annulation\u00a0 d&rsquo;\u00e9lection ou de r\u00e9formation de r\u00e9sultats que celui-ci viendrait \u00e0 rendre.<\/p>\n<p>&#013;<\/p>\n<p>La m\u00eame disposition \u00e9nonce que le rapport de la Commission de validation\u00a0 des mandats est soumis \u00e0 l&rsquo;adoption de l&rsquo;Assembl\u00e9e.<\/p>\n<p>&#013;<\/p>\n<p>En outre, l&rsquo;article 5 du R\u00e8glement int\u00e9rieur stipule que l&rsquo;Assembl\u00e9e prend\u00a0 acte en s\u00e9ance pl\u00e9ni\u00e8re de l&rsquo;invalidation du mandat de l&rsquo;un ou de plusieurs\u00a0 de ses membres ou de la validation du mandat d&rsquo;un nouveau ou de plusieurs\u00a0 de ses membres par communication par le Pr\u00e9sident de l&rsquo;APN des d\u00e9cisions rendues par le Conseil constitutionnel en mati\u00e8re de contentieux des\u00a0 \u00e9lections l\u00e9gislatives.<\/p>\n<p>&#013;<\/p>\n<p>Enfin, l&rsquo;article 6 \u00e9nonce que la commission de validation des mandats est\u00a0 dissoute d\u00e8s adoption de son rapport par l&rsquo;APN.<\/p>\n<\/div>\n<p>&#013;<br \/>\nSource: <a href=\"http:\/\/www.aps.dz\/algerie\/58043-debut-de-la-8eme-legislature-de-l-apn\" target=\"_blank\">D\u00e9but de la 8\u00e8me l\u00e9gislature de l&rsquo;APN<\/a><\/p>\n<!--CusAds0-->\n<div style=\"font-size: 0px; height: 0px; line-height: 0px; margin: 0; padding: 0; clear: both;\"><\/div>","protected":false},"excerpt":{"rendered":"<p>ALGER- La 8\u00e8me l\u00e9gislature de l&rsquo;Assembl\u00e9e populaire\u00a0 nationale (APN), issue des \u00e9lections l\u00e9gislatives du 4 mai, a d\u00e9but\u00e9 mardi\u00a0 \u00e0 Alger lors d&rsquo;une s\u00e9ance pl\u00e9ni\u00e8re.Les travaux de cette s\u00e9ance pl\u00e9ni\u00e8re se tiennent sous la pr\u00e9sidence du\u00a0 doyen d&rsquo;\u00e2ge de l&rsquo;APN, M. Said Bouhedja, assist\u00e9 des deux d\u00e9put\u00e9s les plus\u00a0 jeunes. &#013; &#013; L&rsquo;APN constitue, lors<\/p>\n","protected":false},"author":6,"featured_media":12407,"comment_status":"open","ping_status":"open","sticky":false,"template":"","format":"standard","meta":{"footnotes":""},"categories":[22],"tags":[93],"class_list":["post-12406","post","type-post","status-publish","format-standard","has-post-thumbnail","hentry","category-infos","tag-onu"],"yoast_head":"<!-- This site is optimized with the Yoast SEO plugin v27.5 - https:\/\/yoast.com\/product\/yoast-seo-wordpress\/ -->\n<title>D\u00e9but de la 8\u00e8me l\u00e9gislature de l&#039;APN - info algerie<\/title>\n<meta name=\"robots\" content=\"index, follow, max-snippet:-1, max-image-preview:large, max-video-preview:-1\" \/>\n<link rel=\"canonical\" href=\"https:\/\/www.info-algerie.com\/actualites\/debut-de-la-8eme-legislature-de-lapn\/\" \/>\n<meta property=\"og:locale\" content=\"fr_FR\" \/>\n<meta property=\"og:type\" content=\"article\" \/>\n<meta property=\"og:title\" content=\"D\u00e9but de la 8\u00e8me l\u00e9gislature de l&#039;APN - info algerie\" \/>\n<meta property=\"og:description\" content=\"ALGER- La 8\u00e8me l\u00e9gislature de l&rsquo;Assembl\u00e9e populaire\u00a0 nationale (APN), issue des \u00e9lections l\u00e9gislatives du 4 mai, a d\u00e9but\u00e9 mardi\u00a0 \u00e0 Alger lors d&rsquo;une s\u00e9ance pl\u00e9ni\u00e8re.Les travaux de cette s\u00e9ance pl\u00e9ni\u00e8re se tiennent sous la pr\u00e9sidence du\u00a0 doyen d&rsquo;\u00e2ge de l&rsquo;APN, M. Said Bouhedja, assist\u00e9 des deux d\u00e9put\u00e9s les plus\u00a0 jeunes. &#013; &#013; L&rsquo;APN constitue, lors\" \/>\n<meta property=\"og:url\" content=\"https:\/\/www.info-algerie.com\/actualites\/debut-de-la-8eme-legislature-de-lapn\/\" \/>\n<meta property=\"og:site_name\" content=\"info algerie\" \/>\n<meta property=\"article:publisher\" content=\"https:\/\/www.facebook.com\/infoalgerieactu\" \/>\n<meta property=\"article:published_time\" content=\"2017-05-23T09:41:57+00:00\" \/>\n<meta property=\"og:image\" content=\"https:\/\/www.info-algerie.com\/actualites\/wp-content\/uploads\/2017\/05\/b7e236974a36c28de93fdf45dff53b85_S-1.jpg\" \/>\n\t<meta property=\"og:image:width\" content=\"280\" \/>\n\t<meta property=\"og:image:height\" content=\"172\" \/>\n\t<meta property=\"og:image:type\" content=\"image\/jpeg\" \/>\n<meta name=\"author\" content=\"La r\u00e9daction\" \/>\n<meta name=\"twitter:label1\" content=\"\u00c9crit par\" \/>\n\t<meta name=\"twitter:data1\" content=\"La r\u00e9daction\" \/>\n\t<meta name=\"twitter:label2\" content=\"Dur\u00e9e de lecture estim\u00e9e\" \/>\n\t<meta name=\"twitter:data2\" content=\"2 minutes\" \/>\n<script type=\"application\/ld+json\" class=\"yoast-schema-graph\">{\"@context\":\"https:\\\/\\\/schema.org\",\"@graph\":[{\"@type\":\"Article\",\"@id\":\"https:\\\/\\\/www.info-algerie.com\\\/actualites\\\/debut-de-la-8eme-legislature-de-lapn\\\/#article\",\"isPartOf\":{\"@id\":\"https:\\\/\\\/www.info-algerie.com\\\/actualites\\\/debut-de-la-8eme-legislature-de-lapn\\\/\"},\"author\":{\"name\":\"La r\u00e9daction\",\"@id\":\"https:\\\/\\\/www.info-algerie.com\\\/actualites\\\/#\\\/schema\\\/person\\\/847aaec44920825b843a08f30ec6aa1e\"},\"headline\":\"D\u00e9but de la 8\u00e8me l\u00e9gislature de l&#039;APN\",\"datePublished\":\"2017-05-23T09:41:57+00:00\",\"mainEntityOfPage\":{\"@id\":\"https:\\\/\\\/www.info-algerie.com\\\/actualites\\\/debut-de-la-8eme-legislature-de-lapn\\\/\"},\"wordCount\":413,\"commentCount\":0,\"publisher\":{\"@id\":\"https:\\\/\\\/www.info-algerie.com\\\/actualites\\\/#organization\"},\"image\":{\"@id\":\"https:\\\/\\\/www.info-algerie.com\\\/actualites\\\/debut-de-la-8eme-legislature-de-lapn\\\/#primaryimage\"},\"thumbnailUrl\":\"https:\\\/\\\/www.info-algerie.com\\\/actualites\\\/wp-content\\\/uploads\\\/2017\\\/05\\\/b7e236974a36c28de93fdf45dff53b85_S-1.jpg\",\"keywords\":[\"ONU\"],\"articleSection\":[\"infos\"],\"inLanguage\":\"fr-FR\",\"potentialAction\":[{\"@type\":\"CommentAction\",\"name\":\"Comment\",\"target\":[\"https:\\\/\\\/www.info-algerie.com\\\/actualites\\\/debut-de-la-8eme-legislature-de-lapn\\\/#respond\"]}]},{\"@type\":\"WebPage\",\"@id\":\"https:\\\/\\\/www.info-algerie.com\\\/actualites\\\/debut-de-la-8eme-legislature-de-lapn\\\/\",\"url\":\"https:\\\/\\\/www.info-algerie.com\\\/actualites\\\/debut-de-la-8eme-legislature-de-lapn\\\/\",\"name\":\"D\u00e9but de la 8\u00e8me l\u00e9gislature de l&#039;APN - info algerie\",\"isPartOf\":{\"@id\":\"https:\\\/\\\/www.info-algerie.com\\\/actualites\\\/#website\"},\"primaryImageOfPage\":{\"@id\":\"https:\\\/\\\/www.info-algerie.com\\\/actualites\\\/debut-de-la-8eme-legislature-de-lapn\\\/#primaryimage\"},\"image\":{\"@id\":\"https:\\\/\\\/www.info-algerie.com\\\/actualites\\\/debut-de-la-8eme-legislature-de-lapn\\\/#primaryimage\"},\"thumbnailUrl\":\"https:\\\/\\\/www.info-algerie.com\\\/actualites\\\/wp-content\\\/uploads\\\/2017\\\/05\\\/b7e236974a36c28de93fdf45dff53b85_S-1.jpg\",\"datePublished\":\"2017-05-23T09:41:57+00:00\",\"breadcrumb\":{\"@id\":\"https:\\\/\\\/www.info-algerie.com\\\/actualites\\\/debut-de-la-8eme-legislature-de-lapn\\\/#breadcrumb\"},\"inLanguage\":\"fr-FR\",\"potentialAction\":[{\"@type\":\"ReadAction\",\"target\":[\"https:\\\/\\\/www.info-algerie.com\\\/actualites\\\/debut-de-la-8eme-legislature-de-lapn\\\/\"]}]},{\"@type\":\"ImageObject\",\"inLanguage\":\"fr-FR\",\"@id\":\"https:\\\/\\\/www.info-algerie.com\\\/actualites\\\/debut-de-la-8eme-legislature-de-lapn\\\/#primaryimage\",\"url\":\"https:\\\/\\\/www.info-algerie.com\\\/actualites\\\/wp-content\\\/uploads\\\/2017\\\/05\\\/b7e236974a36c28de93fdf45dff53b85_S-1.jpg\",\"contentUrl\":\"https:\\\/\\\/www.info-algerie.com\\\/actualites\\\/wp-content\\\/uploads\\\/2017\\\/05\\\/b7e236974a36c28de93fdf45dff53b85_S-1.jpg\",\"width\":280,\"height\":172},{\"@type\":\"BreadcrumbList\",\"@id\":\"https:\\\/\\\/www.info-algerie.com\\\/actualites\\\/debut-de-la-8eme-legislature-de-lapn\\\/#breadcrumb\",\"itemListElement\":[{\"@type\":\"ListItem\",\"position\":1,\"name\":\"Accueil\",\"item\":\"https:\\\/\\\/www.info-algerie.com\\\/actualites\\\/\"},{\"@type\":\"ListItem\",\"position\":2,\"name\":\"D\u00e9but de la 8\u00e8me l\u00e9gislature de l&#039;APN\"}]},{\"@type\":\"WebSite\",\"@id\":\"https:\\\/\\\/www.info-algerie.com\\\/actualites\\\/#website\",\"url\":\"https:\\\/\\\/www.info-algerie.com\\\/actualites\\\/\",\"name\":\"info algerie\",\"description\":\"Toutes les actualit\u00e9s\",\"publisher\":{\"@id\":\"https:\\\/\\\/www.info-algerie.com\\\/actualites\\\/#organization\"},\"potentialAction\":[{\"@type\":\"SearchAction\",\"target\":{\"@type\":\"EntryPoint\",\"urlTemplate\":\"https:\\\/\\\/www.info-algerie.com\\\/actualites\\\/?s={search_term_string}\"},\"query-input\":{\"@type\":\"PropertyValueSpecification\",\"valueRequired\":true,\"valueName\":\"search_term_string\"}}],\"inLanguage\":\"fr-FR\"},{\"@type\":\"Organization\",\"@id\":\"https:\\\/\\\/www.info-algerie.com\\\/actualites\\\/#organization\",\"name\":\"info algerie\",\"url\":\"https:\\\/\\\/www.info-algerie.com\\\/actualites\\\/\",\"logo\":{\"@type\":\"ImageObject\",\"inLanguage\":\"fr-FR\",\"@id\":\"https:\\\/\\\/www.info-algerie.com\\\/actualites\\\/#\\\/schema\\\/logo\\\/image\\\/\",\"url\":\"https:\\\/\\\/www.info-algerie.com\\\/actualites\\\/wp-content\\\/uploads\\\/2022\\\/07\\\/logo-ia-120.png\",\"contentUrl\":\"https:\\\/\\\/www.info-algerie.com\\\/actualites\\\/wp-content\\\/uploads\\\/2022\\\/07\\\/logo-ia-120.png\",\"width\":120,\"height\":43,\"caption\":\"info algerie\"},\"image\":{\"@id\":\"https:\\\/\\\/www.info-algerie.com\\\/actualites\\\/#\\\/schema\\\/logo\\\/image\\\/\"},\"sameAs\":[\"https:\\\/\\\/www.facebook.com\\\/infoalgerieactu\",\"https:\\\/\\\/x.com\\\/infoalgerie1\"]},{\"@type\":\"Person\",\"@id\":\"https:\\\/\\\/www.info-algerie.com\\\/actualites\\\/#\\\/schema\\\/person\\\/847aaec44920825b843a08f30ec6aa1e\",\"name\":\"La r\u00e9daction\",\"image\":{\"@type\":\"ImageObject\",\"inLanguage\":\"fr-FR\",\"@id\":\"https:\\\/\\\/secure.gravatar.com\\\/avatar\\\/769db425c6f465158149f1ffd6cf61ce7a8a879d11dfbef8288af36dfddd418c?s=96&d=mm&r=g\",\"url\":\"https:\\\/\\\/secure.gravatar.com\\\/avatar\\\/769db425c6f465158149f1ffd6cf61ce7a8a879d11dfbef8288af36dfddd418c?s=96&d=mm&r=g\",\"contentUrl\":\"https:\\\/\\\/secure.gravatar.com\\\/avatar\\\/769db425c6f465158149f1ffd6cf61ce7a8a879d11dfbef8288af36dfddd418c?s=96&d=mm&r=g\",\"caption\":\"La r\u00e9daction\"},\"sameAs\":[\"http:\\\/\\\/www.lkeria.com\\\/\"],\"url\":\"https:\\\/\\\/www.info-algerie.com\\\/actualites\\\/author\\\/chakib32\\\/\"}]}<\/script>\n<!-- \/ Yoast SEO plugin. -->","yoast_head_json":{"title":"D\u00e9but de la 8\u00e8me l\u00e9gislature de l&#039;APN - info algerie","robots":{"index":"index","follow":"follow","max-snippet":"max-snippet:-1","max-image-preview":"max-image-preview:large","max-video-preview":"max-video-preview:-1"},"canonical":"https:\/\/www.info-algerie.com\/actualites\/debut-de-la-8eme-legislature-de-lapn\/","og_locale":"fr_FR","og_type":"article","og_title":"D\u00e9but de la 8\u00e8me l\u00e9gislature de l&#039;APN - info algerie","og_description":"ALGER- La 8\u00e8me l\u00e9gislature de l&rsquo;Assembl\u00e9e populaire\u00a0 nationale (APN), issue des \u00e9lections l\u00e9gislatives du 4 mai, a d\u00e9but\u00e9 mardi\u00a0 \u00e0 Alger lors d&rsquo;une s\u00e9ance pl\u00e9ni\u00e8re.Les travaux de cette s\u00e9ance pl\u00e9ni\u00e8re se tiennent sous la pr\u00e9sidence du\u00a0 doyen d&rsquo;\u00e2ge de l&rsquo;APN, M. Said Bouhedja, assist\u00e9 des deux d\u00e9put\u00e9s les plus\u00a0 jeunes. &#013; &#013; L&rsquo;APN constitue, lors","og_url":"https:\/\/www.info-algerie.com\/actualites\/debut-de-la-8eme-legislature-de-lapn\/","og_site_name":"info algerie","article_publisher":"https:\/\/www.facebook.com\/infoalgerieactu","article_published_time":"2017-05-23T09:41:57+00:00","og_image":[{"width":280,"height":172,"url":"https:\/\/www.info-algerie.com\/actualites\/wp-content\/uploads\/2017\/05\/b7e236974a36c28de93fdf45dff53b85_S-1.jpg","type":"image\/jpeg"}],"author":"La r\u00e9daction","twitter_misc":{"\u00c9crit par":"La r\u00e9daction","Dur\u00e9e de lecture estim\u00e9e":"2 minutes"},"schema":{"@context":"https:\/\/schema.org","@graph":[{"@type":"Article","@id":"https:\/\/www.info-algerie.com\/actualites\/debut-de-la-8eme-legislature-de-lapn\/#article","isPartOf":{"@id":"https:\/\/www.info-algerie.com\/actualites\/debut-de-la-8eme-legislature-de-lapn\/"},"author":{"name":"La r\u00e9daction","@id":"https:\/\/www.info-algerie.com\/actualites\/#\/schema\/person\/847aaec44920825b843a08f30ec6aa1e"},"headline":"D\u00e9but de la 8\u00e8me l\u00e9gislature de l&#039;APN","datePublished":"2017-05-23T09:41:57+00:00","mainEntityOfPage":{"@id":"https:\/\/www.info-algerie.com\/actualites\/debut-de-la-8eme-legislature-de-lapn\/"},"wordCount":413,"commentCount":0,"publisher":{"@id":"https:\/\/www.info-algerie.com\/actualites\/#organization"},"image":{"@id":"https:\/\/www.info-algerie.com\/actualites\/debut-de-la-8eme-legislature-de-lapn\/#primaryimage"},"thumbnailUrl":"https:\/\/www.info-algerie.com\/actualites\/wp-content\/uploads\/2017\/05\/b7e236974a36c28de93fdf45dff53b85_S-1.jpg","keywords":["ONU"],"articleSection":["infos"],"inLanguage":"fr-FR","potentialAction":[{"@type":"CommentAction","name":"Comment","target":["https:\/\/www.info-algerie.com\/actualites\/debut-de-la-8eme-legislature-de-lapn\/#respond"]}]},{"@type":"WebPage","@id":"https:\/\/www.info-algerie.com\/actualites\/debut-de-la-8eme-legislature-de-lapn\/","url":"https:\/\/www.info-algerie.com\/actualites\/debut-de-la-8eme-legislature-de-lapn\/","name":"D\u00e9but de la 8\u00e8me l\u00e9gislature de l&#039;APN - info algerie","isPartOf":{"@id":"https:\/\/www.info-algerie.com\/actualites\/#website"},"primaryImageOfPage":{"@id":"https:\/\/www.info-algerie.com\/actualites\/debut-de-la-8eme-legislature-de-lapn\/#primaryimage"},"image":{"@id":"https:\/\/www.info-algerie.com\/actualites\/debut-de-la-8eme-legislature-de-lapn\/#primaryimage"},"thumbnailUrl":"https:\/\/www.info-algerie.com\/actualites\/wp-content\/uploads\/2017\/05\/b7e236974a36c28de93fdf45dff53b85_S-1.jpg","datePublished":"2017-05-23T09:41:57+00:00","breadcrumb":{"@id":"https:\/\/www.info-algerie.com\/actualites\/debut-de-la-8eme-legislature-de-lapn\/#breadcrumb"},"inLanguage":"fr-FR","potentialAction":[{"@type":"ReadAction","target":["https:\/\/www.info-algerie.com\/actualites\/debut-de-la-8eme-legislature-de-lapn\/"]}]},{"@type":"ImageObject","inLanguage":"fr-FR","@id":"https:\/\/www.info-algerie.com\/actualites\/debut-de-la-8eme-legislature-de-lapn\/#primaryimage","url":"https:\/\/www.info-algerie.com\/actualites\/wp-content\/uploads\/2017\/05\/b7e236974a36c28de93fdf45dff53b85_S-1.jpg","contentUrl":"https:\/\/www.info-algerie.com\/actualites\/wp-content\/uploads\/2017\/05\/b7e236974a36c28de93fdf45dff53b85_S-1.jpg","width":280,"height":172},{"@type":"BreadcrumbList","@id":"https:\/\/www.info-algerie.com\/actualites\/debut-de-la-8eme-legislature-de-lapn\/#breadcrumb","itemListElement":[{"@type":"ListItem","position":1,"name":"Accueil","item":"https:\/\/www.info-algerie.com\/actualites\/"},{"@type":"ListItem","position":2,"name":"D\u00e9but de la 8\u00e8me l\u00e9gislature de l&#039;APN"}]},{"@type":"WebSite","@id":"https:\/\/www.info-algerie.com\/actualites\/#website","url":"https:\/\/www.info-algerie.com\/actualites\/","name":"info algerie","description":"Toutes les actualit\u00e9s","publisher":{"@id":"https:\/\/www.info-algerie.com\/actualites\/#organization"},"potentialAction":[{"@type":"SearchAction","target":{"@type":"EntryPoint","urlTemplate":"https:\/\/www.info-algerie.com\/actualites\/?s={search_term_string}"},"query-input":{"@type":"PropertyValueSpecification","valueRequired":true,"valueName":"search_term_string"}}],"inLanguage":"fr-FR"},{"@type":"Organization","@id":"https:\/\/www.info-algerie.com\/actualites\/#organization","name":"info algerie","url":"https:\/\/www.info-algerie.com\/actualites\/","logo":{"@type":"ImageObject","inLanguage":"fr-FR","@id":"https:\/\/www.info-algerie.com\/actualites\/#\/schema\/logo\/image\/","url":"https:\/\/www.info-algerie.com\/actualites\/wp-content\/uploads\/2022\/07\/logo-ia-120.png","contentUrl":"https:\/\/www.info-algerie.com\/actualites\/wp-content\/uploads\/2022\/07\/logo-ia-120.png","width":120,"height":43,"caption":"info algerie"},"image":{"@id":"https:\/\/www.info-algerie.com\/actualites\/#\/schema\/logo\/image\/"},"sameAs":["https:\/\/www.facebook.com\/infoalgerieactu","https:\/\/x.com\/infoalgerie1"]},{"@type":"Person","@id":"https:\/\/www.info-algerie.com\/actualites\/#\/schema\/person\/847aaec44920825b843a08f30ec6aa1e","name":"La r\u00e9daction","image":{"@type":"ImageObject","inLanguage":"fr-FR","@id":"https:\/\/secure.gravatar.com\/avatar\/769db425c6f465158149f1ffd6cf61ce7a8a879d11dfbef8288af36dfddd418c?s=96&d=mm&r=g","url":"https:\/\/secure.gravatar.com\/avatar\/769db425c6f465158149f1ffd6cf61ce7a8a879d11dfbef8288af36dfddd418c?s=96&d=mm&r=g","contentUrl":"https:\/\/secure.gravatar.com\/avatar\/769db425c6f465158149f1ffd6cf61ce7a8a879d11dfbef8288af36dfddd418c?s=96&d=mm&r=g","caption":"La r\u00e9daction"},"sameAs":["http:\/\/www.lkeria.com\/"],"url":"https:\/\/www.info-algerie.com\/actualites\/author\/chakib32\/"}]}},"_links":{"self":[{"href":"https:\/\/www.info-algerie.com\/actualites\/wp-json\/wp\/v2\/posts\/12406","targetHints":{"allow":["GET"]}}],"collection":[{"href":"https:\/\/www.info-algerie.com\/actualites\/wp-json\/wp\/v2\/posts"}],"about":[{"href":"https:\/\/www.info-algerie.com\/actualites\/wp-json\/wp\/v2\/types\/post"}],"author":[{"embeddable":true,"href":"https:\/\/www.info-algerie.com\/actualites\/wp-json\/wp\/v2\/users\/6"}],"replies":[{"embeddable":true,"href":"https:\/\/www.info-algerie.com\/actualites\/wp-json\/wp\/v2\/comments?post=12406"}],"version-history":[{"count":0,"href":"https:\/\/www.info-algerie.com\/actualites\/wp-json\/wp\/v2\/posts\/12406\/revisions"}],"wp:featuredmedia":[{"embeddable":true,"href":"https:\/\/www.info-algerie.com\/actualites\/wp-json\/wp\/v2\/media\/12407"}],"wp:attachment":[{"href":"https:\/\/www.info-algerie.com\/actualites\/wp-json\/wp\/v2\/media?parent=12406"}],"wp:term":[{"taxonomy":"category","embeddable":true,"href":"https:\/\/www.info-algerie.com\/actualites\/wp-json\/wp\/v2\/categories?post=12406"},{"taxonomy":"post_tag","embeddable":true,"href":"https:\/\/www.info-algerie.com\/actualites\/wp-json\/wp\/v2\/tags?post=12406"}],"curies":[{"name":"wp","href":"https:\/\/api.w.org\/{rel}","templated":true}]}}