{"id":12422,"date":"2017-05-23T12:36:40","date_gmt":"2017-05-23T11:36:40","guid":{"rendered":"http:\/\/www.info-algerie.com\/actualites\/attentat-de-manchester-aucun-algerien-parmi-les-victimes\/"},"modified":"2017-05-23T12:36:40","modified_gmt":"2017-05-23T11:36:40","slug":"attentat-de-manchester-aucun-algerien-parmi-les-victimes","status":"publish","type":"post","link":"https:\/\/www.info-algerie.com\/actualites\/attentat-de-manchester-aucun-algerien-parmi-les-victimes\/","title":{"rendered":"Attentat de Manchester : aucun Alg\u00e9rien parmi les victimes"},"content":{"rendered":"<div class=\"K2FeedImage\"><img decoding=\"async\" src=\"https:\/\/www.info-algerie.com\/actualites\/wp-content\/uploads\/2017\/05\/182b609e4dc9cc40bf6d2091cfd4934a_S.jpg\" alt=\"Attentat de Manchester : aucun Alg&#xE9;rien parmi les victimes\" \/><\/div>\n<div class=\"K2FeedIntroText\">\n<p>LONDRES- Aucun Alg\u00e9rien ne figure parmi les victimes de\u00a0 l<a href=\"http:\/\/www.aps.dz\/monde\/58034-royaume-uni-22-morts-dans-l-attentat-de-manchester-son-auteur-tue\">\u2019attentat terroriste qui a fait 22 morts et 59 bless\u00e9s \u00e0 Mancheste<\/a>r durant\u00a0 la nuit du lundi \u00e0 mardi, a-t-on appris aupr\u00e8s du consulat d\u2019Alg\u00e9rie \u00e0\u00a0 Londres. Manchester est la ville o\u00f9 est install\u00e9e la plus grande communaut\u00e9\u00a0 alg\u00e9rienne r\u00e9sidant au Royaume-Uni, apr\u00e8s Londres.<\/p>\n<p>&#013;\n<\/p><\/div>\n<div class=\"K2FeedFullText\">&#013;<\/p>\n<p>Le consulat a soulign\u00e9 qu\u2019il suivait \u00ab\u00a0de pr\u00e8s la situation\u00a0\u00bb et qu\u2019il \u00e9tait\u00a0 en contact avec les membres de la communaut\u00e9 pour suivre les nouvelles. Un kamikaze s\u2019est fait explos\u00e9 \u00e0 la fin d\u2019un concert de la chanteuse\u00a0 am\u00e9ricaine, Ariana Grande, \u00e0 Manchester, quand les gens commen\u00e7aient \u00e0\u00a0 sortir de la salle.\u00a0<\/p>\n<p>&#013;<\/p>\n<p>L&rsquo;attentat a eu lieu deux mois apr\u00e8s celui de Londres qui avait fait 5\u00a0 morts, devant le parlement de Westminster.<\/p>\n<\/div>\n<p>&#013;<br \/>\nSource: <a href=\"http:\/\/www.aps.dz\/algerie\/58052-attentat-de-manchester-aucun-algerien-parmi-les-victimes\" target=\"_blank\">Attentat de Manchester : aucun Alg\u00e9rien parmi les victimes<\/a><\/p>\n<!--CusAds0-->\n<div style=\"font-size: 0px; height: 0px; line-height: 0px; margin: 0; padding: 0; clear: both;\"><\/div>","protected":false},"excerpt":{"rendered":"<p>LONDRES- Aucun Alg\u00e9rien ne figure parmi les victimes de\u00a0 l\u2019attentat terroriste qui a fait 22 morts et 59 bless\u00e9s \u00e0 Manchester durant\u00a0 la nuit du lundi \u00e0 mardi, a-t-on appris aupr\u00e8s du consulat d\u2019Alg\u00e9rie \u00e0\u00a0 Londres. Manchester est la ville o\u00f9 est install\u00e9e la plus grande communaut\u00e9\u00a0 alg\u00e9rienne r\u00e9sidant au Royaume-Uni, apr\u00e8s Londres. &#013; &#013;<\/p>\n","protected":false},"author":6,"featured_media":12423,"comment_status":"open","ping_status":"open","sticky":false,"template":"","format":"standard","meta":{"footnotes":""},"categories":[22],"tags":[93],"class_list":["post-12422","post","type-post","status-publish","format-standard","has-post-thumbnail","hentry","category-infos","tag-onu"],"yoast_head":"<!-- This site is optimized with the Yoast SEO plugin v27.5 - https:\/\/yoast.com\/product\/yoast-seo-wordpress\/ -->\n<title>Attentat de Manchester : aucun Alg\u00e9rien parmi les victimes - info algerie<\/title>\n<meta name=\"robots\" content=\"index, follow, max-snippet:-1, max-image-preview:large, max-video-preview:-1\" \/>\n<link rel=\"canonical\" href=\"https:\/\/www.info-algerie.com\/actualites\/attentat-de-manchester-aucun-algerien-parmi-les-victimes\/\" \/>\n<meta property=\"og:locale\" content=\"fr_FR\" \/>\n<meta property=\"og:type\" content=\"article\" \/>\n<meta property=\"og:title\" content=\"Attentat de Manchester : aucun Alg\u00e9rien parmi les victimes - info algerie\" \/>\n<meta property=\"og:description\" content=\"LONDRES- Aucun Alg\u00e9rien ne figure parmi les victimes de\u00a0 l\u2019attentat terroriste qui a fait 22 morts et 59 bless\u00e9s \u00e0 Manchester durant\u00a0 la nuit du lundi \u00e0 mardi, a-t-on appris aupr\u00e8s du consulat d\u2019Alg\u00e9rie \u00e0\u00a0 Londres. Manchester est la ville o\u00f9 est install\u00e9e la plus grande communaut\u00e9\u00a0 alg\u00e9rienne r\u00e9sidant au Royaume-Uni, apr\u00e8s Londres. &#013; &#013;\" \/>\n<meta property=\"og:url\" content=\"https:\/\/www.info-algerie.com\/actualites\/attentat-de-manchester-aucun-algerien-parmi-les-victimes\/\" \/>\n<meta property=\"og:site_name\" content=\"info algerie\" \/>\n<meta property=\"article:publisher\" content=\"https:\/\/www.facebook.com\/infoalgerieactu\" \/>\n<meta property=\"article:published_time\" content=\"2017-05-23T11:36:40+00:00\" \/>\n<meta property=\"og:image\" content=\"https:\/\/www.info-algerie.com\/actualites\/wp-content\/uploads\/2017\/05\/182b609e4dc9cc40bf6d2091cfd4934a_S-1.jpg\" \/>\n\t<meta property=\"og:image:width\" content=\"280\" \/>\n\t<meta property=\"og:image:height\" content=\"184\" \/>\n\t<meta property=\"og:image:type\" content=\"image\/jpeg\" \/>\n<meta name=\"author\" content=\"La r\u00e9daction\" \/>\n<meta name=\"twitter:label1\" content=\"\u00c9crit par\" \/>\n\t<meta name=\"twitter:data1\" content=\"La r\u00e9daction\" \/>\n\t<meta name=\"twitter:label2\" content=\"Dur\u00e9e de lecture estim\u00e9e\" \/>\n\t<meta name=\"twitter:data2\" content=\"1 minute\" \/>\n<script type=\"application\/ld+json\" class=\"yoast-schema-graph\">{\"@context\":\"https:\\\/\\\/schema.org\",\"@graph\":[{\"@type\":\"Article\",\"@id\":\"https:\\\/\\\/www.info-algerie.com\\\/actualites\\\/attentat-de-manchester-aucun-algerien-parmi-les-victimes\\\/#article\",\"isPartOf\":{\"@id\":\"https:\\\/\\\/www.info-algerie.com\\\/actualites\\\/attentat-de-manchester-aucun-algerien-parmi-les-victimes\\\/\"},\"author\":{\"name\":\"La r\u00e9daction\",\"@id\":\"https:\\\/\\\/www.info-algerie.com\\\/actualites\\\/#\\\/schema\\\/person\\\/847aaec44920825b843a08f30ec6aa1e\"},\"headline\":\"Attentat de Manchester : aucun Alg\u00e9rien parmi les victimes\",\"datePublished\":\"2017-05-23T11:36:40+00:00\",\"mainEntityOfPage\":{\"@id\":\"https:\\\/\\\/www.info-algerie.com\\\/actualites\\\/attentat-de-manchester-aucun-algerien-parmi-les-victimes\\\/\"},\"wordCount\":154,\"commentCount\":0,\"publisher\":{\"@id\":\"https:\\\/\\\/www.info-algerie.com\\\/actualites\\\/#organization\"},\"image\":{\"@id\":\"https:\\\/\\\/www.info-algerie.com\\\/actualites\\\/attentat-de-manchester-aucun-algerien-parmi-les-victimes\\\/#primaryimage\"},\"thumbnailUrl\":\"https:\\\/\\\/www.info-algerie.com\\\/actualites\\\/wp-content\\\/uploads\\\/2017\\\/05\\\/182b609e4dc9cc40bf6d2091cfd4934a_S-1.jpg\",\"keywords\":[\"ONU\"],\"articleSection\":[\"infos\"],\"inLanguage\":\"fr-FR\",\"potentialAction\":[{\"@type\":\"CommentAction\",\"name\":\"Comment\",\"target\":[\"https:\\\/\\\/www.info-algerie.com\\\/actualites\\\/attentat-de-manchester-aucun-algerien-parmi-les-victimes\\\/#respond\"]}]},{\"@type\":\"WebPage\",\"@id\":\"https:\\\/\\\/www.info-algerie.com\\\/actualites\\\/attentat-de-manchester-aucun-algerien-parmi-les-victimes\\\/\",\"url\":\"https:\\\/\\\/www.info-algerie.com\\\/actualites\\\/attentat-de-manchester-aucun-algerien-parmi-les-victimes\\\/\",\"name\":\"Attentat de Manchester : aucun Alg\u00e9rien parmi les victimes - info algerie\",\"isPartOf\":{\"@id\":\"https:\\\/\\\/www.info-algerie.com\\\/actualites\\\/#website\"},\"primaryImageOfPage\":{\"@id\":\"https:\\\/\\\/www.info-algerie.com\\\/actualites\\\/attentat-de-manchester-aucun-algerien-parmi-les-victimes\\\/#primaryimage\"},\"image\":{\"@id\":\"https:\\\/\\\/www.info-algerie.com\\\/actualites\\\/attentat-de-manchester-aucun-algerien-parmi-les-victimes\\\/#primaryimage\"},\"thumbnailUrl\":\"https:\\\/\\\/www.info-algerie.com\\\/actualites\\\/wp-content\\\/uploads\\\/2017\\\/05\\\/182b609e4dc9cc40bf6d2091cfd4934a_S-1.jpg\",\"datePublished\":\"2017-05-23T11:36:40+00:00\",\"breadcrumb\":{\"@id\":\"https:\\\/\\\/www.info-algerie.com\\\/actualites\\\/attentat-de-manchester-aucun-algerien-parmi-les-victimes\\\/#breadcrumb\"},\"inLanguage\":\"fr-FR\",\"potentialAction\":[{\"@type\":\"ReadAction\",\"target\":[\"https:\\\/\\\/www.info-algerie.com\\\/actualites\\\/attentat-de-manchester-aucun-algerien-parmi-les-victimes\\\/\"]}]},{\"@type\":\"ImageObject\",\"inLanguage\":\"fr-FR\",\"@id\":\"https:\\\/\\\/www.info-algerie.com\\\/actualites\\\/attentat-de-manchester-aucun-algerien-parmi-les-victimes\\\/#primaryimage\",\"url\":\"https:\\\/\\\/www.info-algerie.com\\\/actualites\\\/wp-content\\\/uploads\\\/2017\\\/05\\\/182b609e4dc9cc40bf6d2091cfd4934a_S-1.jpg\",\"contentUrl\":\"https:\\\/\\\/www.info-algerie.com\\\/actualites\\\/wp-content\\\/uploads\\\/2017\\\/05\\\/182b609e4dc9cc40bf6d2091cfd4934a_S-1.jpg\",\"width\":280,\"height\":184},{\"@type\":\"BreadcrumbList\",\"@id\":\"https:\\\/\\\/www.info-algerie.com\\\/actualites\\\/attentat-de-manchester-aucun-algerien-parmi-les-victimes\\\/#breadcrumb\",\"itemListElement\":[{\"@type\":\"ListItem\",\"position\":1,\"name\":\"Accueil\",\"item\":\"https:\\\/\\\/www.info-algerie.com\\\/actualites\\\/\"},{\"@type\":\"ListItem\",\"position\":2,\"name\":\"Attentat de Manchester : aucun Alg\u00e9rien parmi les victimes\"}]},{\"@type\":\"WebSite\",\"@id\":\"https:\\\/\\\/www.info-algerie.com\\\/actualites\\\/#website\",\"url\":\"https:\\\/\\\/www.info-algerie.com\\\/actualites\\\/\",\"name\":\"info algerie\",\"description\":\"Toutes les actualit\u00e9s\",\"publisher\":{\"@id\":\"https:\\\/\\\/www.info-algerie.com\\\/actualites\\\/#organization\"},\"potentialAction\":[{\"@type\":\"SearchAction\",\"target\":{\"@type\":\"EntryPoint\",\"urlTemplate\":\"https:\\\/\\\/www.info-algerie.com\\\/actualites\\\/?s={search_term_string}\"},\"query-input\":{\"@type\":\"PropertyValueSpecification\",\"valueRequired\":true,\"valueName\":\"search_term_string\"}}],\"inLanguage\":\"fr-FR\"},{\"@type\":\"Organization\",\"@id\":\"https:\\\/\\\/www.info-algerie.com\\\/actualites\\\/#organization\",\"name\":\"info algerie\",\"url\":\"https:\\\/\\\/www.info-algerie.com\\\/actualites\\\/\",\"logo\":{\"@type\":\"ImageObject\",\"inLanguage\":\"fr-FR\",\"@id\":\"https:\\\/\\\/www.info-algerie.com\\\/actualites\\\/#\\\/schema\\\/logo\\\/image\\\/\",\"url\":\"https:\\\/\\\/www.info-algerie.com\\\/actualites\\\/wp-content\\\/uploads\\\/2022\\\/07\\\/logo-ia-120.png\",\"contentUrl\":\"https:\\\/\\\/www.info-algerie.com\\\/actualites\\\/wp-content\\\/uploads\\\/2022\\\/07\\\/logo-ia-120.png\",\"width\":120,\"height\":43,\"caption\":\"info algerie\"},\"image\":{\"@id\":\"https:\\\/\\\/www.info-algerie.com\\\/actualites\\\/#\\\/schema\\\/logo\\\/image\\\/\"},\"sameAs\":[\"https:\\\/\\\/www.facebook.com\\\/infoalgerieactu\",\"https:\\\/\\\/x.com\\\/infoalgerie1\"]},{\"@type\":\"Person\",\"@id\":\"https:\\\/\\\/www.info-algerie.com\\\/actualites\\\/#\\\/schema\\\/person\\\/847aaec44920825b843a08f30ec6aa1e\",\"name\":\"La r\u00e9daction\",\"image\":{\"@type\":\"ImageObject\",\"inLanguage\":\"fr-FR\",\"@id\":\"https:\\\/\\\/secure.gravatar.com\\\/avatar\\\/769db425c6f465158149f1ffd6cf61ce7a8a879d11dfbef8288af36dfddd418c?s=96&d=mm&r=g\",\"url\":\"https:\\\/\\\/secure.gravatar.com\\\/avatar\\\/769db425c6f465158149f1ffd6cf61ce7a8a879d11dfbef8288af36dfddd418c?s=96&d=mm&r=g\",\"contentUrl\":\"https:\\\/\\\/secure.gravatar.com\\\/avatar\\\/769db425c6f465158149f1ffd6cf61ce7a8a879d11dfbef8288af36dfddd418c?s=96&d=mm&r=g\",\"caption\":\"La r\u00e9daction\"},\"sameAs\":[\"http:\\\/\\\/www.lkeria.com\\\/\"],\"url\":\"https:\\\/\\\/www.info-algerie.com\\\/actualites\\\/author\\\/chakib32\\\/\"}]}<\/script>\n<!-- \/ Yoast SEO plugin. -->","yoast_head_json":{"title":"Attentat de Manchester : aucun Alg\u00e9rien parmi les victimes - info algerie","robots":{"index":"index","follow":"follow","max-snippet":"max-snippet:-1","max-image-preview":"max-image-preview:large","max-video-preview":"max-video-preview:-1"},"canonical":"https:\/\/www.info-algerie.com\/actualites\/attentat-de-manchester-aucun-algerien-parmi-les-victimes\/","og_locale":"fr_FR","og_type":"article","og_title":"Attentat de Manchester : aucun Alg\u00e9rien parmi les victimes - info algerie","og_description":"LONDRES- Aucun Alg\u00e9rien ne figure parmi les victimes de\u00a0 l\u2019attentat terroriste qui a fait 22 morts et 59 bless\u00e9s \u00e0 Manchester durant\u00a0 la nuit du lundi \u00e0 mardi, a-t-on appris aupr\u00e8s du consulat d\u2019Alg\u00e9rie \u00e0\u00a0 Londres. Manchester est la ville o\u00f9 est install\u00e9e la plus grande communaut\u00e9\u00a0 alg\u00e9rienne r\u00e9sidant au Royaume-Uni, apr\u00e8s Londres. &#013; &#013;","og_url":"https:\/\/www.info-algerie.com\/actualites\/attentat-de-manchester-aucun-algerien-parmi-les-victimes\/","og_site_name":"info algerie","article_publisher":"https:\/\/www.facebook.com\/infoalgerieactu","article_published_time":"2017-05-23T11:36:40+00:00","og_image":[{"width":280,"height":184,"url":"https:\/\/www.info-algerie.com\/actualites\/wp-content\/uploads\/2017\/05\/182b609e4dc9cc40bf6d2091cfd4934a_S-1.jpg","type":"image\/jpeg"}],"author":"La r\u00e9daction","twitter_misc":{"\u00c9crit par":"La r\u00e9daction","Dur\u00e9e de lecture estim\u00e9e":"1 minute"},"schema":{"@context":"https:\/\/schema.org","@graph":[{"@type":"Article","@id":"https:\/\/www.info-algerie.com\/actualites\/attentat-de-manchester-aucun-algerien-parmi-les-victimes\/#article","isPartOf":{"@id":"https:\/\/www.info-algerie.com\/actualites\/attentat-de-manchester-aucun-algerien-parmi-les-victimes\/"},"author":{"name":"La r\u00e9daction","@id":"https:\/\/www.info-algerie.com\/actualites\/#\/schema\/person\/847aaec44920825b843a08f30ec6aa1e"},"headline":"Attentat de Manchester : aucun Alg\u00e9rien parmi les victimes","datePublished":"2017-05-23T11:36:40+00:00","mainEntityOfPage":{"@id":"https:\/\/www.info-algerie.com\/actualites\/attentat-de-manchester-aucun-algerien-parmi-les-victimes\/"},"wordCount":154,"commentCount":0,"publisher":{"@id":"https:\/\/www.info-algerie.com\/actualites\/#organization"},"image":{"@id":"https:\/\/www.info-algerie.com\/actualites\/attentat-de-manchester-aucun-algerien-parmi-les-victimes\/#primaryimage"},"thumbnailUrl":"https:\/\/www.info-algerie.com\/actualites\/wp-content\/uploads\/2017\/05\/182b609e4dc9cc40bf6d2091cfd4934a_S-1.jpg","keywords":["ONU"],"articleSection":["infos"],"inLanguage":"fr-FR","potentialAction":[{"@type":"CommentAction","name":"Comment","target":["https:\/\/www.info-algerie.com\/actualites\/attentat-de-manchester-aucun-algerien-parmi-les-victimes\/#respond"]}]},{"@type":"WebPage","@id":"https:\/\/www.info-algerie.com\/actualites\/attentat-de-manchester-aucun-algerien-parmi-les-victimes\/","url":"https:\/\/www.info-algerie.com\/actualites\/attentat-de-manchester-aucun-algerien-parmi-les-victimes\/","name":"Attentat de Manchester : aucun Alg\u00e9rien parmi les victimes - info algerie","isPartOf":{"@id":"https:\/\/www.info-algerie.com\/actualites\/#website"},"primaryImageOfPage":{"@id":"https:\/\/www.info-algerie.com\/actualites\/attentat-de-manchester-aucun-algerien-parmi-les-victimes\/#primaryimage"},"image":{"@id":"https:\/\/www.info-algerie.com\/actualites\/attentat-de-manchester-aucun-algerien-parmi-les-victimes\/#primaryimage"},"thumbnailUrl":"https:\/\/www.info-algerie.com\/actualites\/wp-content\/uploads\/2017\/05\/182b609e4dc9cc40bf6d2091cfd4934a_S-1.jpg","datePublished":"2017-05-23T11:36:40+00:00","breadcrumb":{"@id":"https:\/\/www.info-algerie.com\/actualites\/attentat-de-manchester-aucun-algerien-parmi-les-victimes\/#breadcrumb"},"inLanguage":"fr-FR","potentialAction":[{"@type":"ReadAction","target":["https:\/\/www.info-algerie.com\/actualites\/attentat-de-manchester-aucun-algerien-parmi-les-victimes\/"]}]},{"@type":"ImageObject","inLanguage":"fr-FR","@id":"https:\/\/www.info-algerie.com\/actualites\/attentat-de-manchester-aucun-algerien-parmi-les-victimes\/#primaryimage","url":"https:\/\/www.info-algerie.com\/actualites\/wp-content\/uploads\/2017\/05\/182b609e4dc9cc40bf6d2091cfd4934a_S-1.jpg","contentUrl":"https:\/\/www.info-algerie.com\/actualites\/wp-content\/uploads\/2017\/05\/182b609e4dc9cc40bf6d2091cfd4934a_S-1.jpg","width":280,"height":184},{"@type":"BreadcrumbList","@id":"https:\/\/www.info-algerie.com\/actualites\/attentat-de-manchester-aucun-algerien-parmi-les-victimes\/#breadcrumb","itemListElement":[{"@type":"ListItem","position":1,"name":"Accueil","item":"https:\/\/www.info-algerie.com\/actualites\/"},{"@type":"ListItem","position":2,"name":"Attentat de Manchester : aucun Alg\u00e9rien parmi les victimes"}]},{"@type":"WebSite","@id":"https:\/\/www.info-algerie.com\/actualites\/#website","url":"https:\/\/www.info-algerie.com\/actualites\/","name":"info algerie","description":"Toutes les actualit\u00e9s","publisher":{"@id":"https:\/\/www.info-algerie.com\/actualites\/#organization"},"potentialAction":[{"@type":"SearchAction","target":{"@type":"EntryPoint","urlTemplate":"https:\/\/www.info-algerie.com\/actualites\/?s={search_term_string}"},"query-input":{"@type":"PropertyValueSpecification","valueRequired":true,"valueName":"search_term_string"}}],"inLanguage":"fr-FR"},{"@type":"Organization","@id":"https:\/\/www.info-algerie.com\/actualites\/#organization","name":"info algerie","url":"https:\/\/www.info-algerie.com\/actualites\/","logo":{"@type":"ImageObject","inLanguage":"fr-FR","@id":"https:\/\/www.info-algerie.com\/actualites\/#\/schema\/logo\/image\/","url":"https:\/\/www.info-algerie.com\/actualites\/wp-content\/uploads\/2022\/07\/logo-ia-120.png","contentUrl":"https:\/\/www.info-algerie.com\/actualites\/wp-content\/uploads\/2022\/07\/logo-ia-120.png","width":120,"height":43,"caption":"info algerie"},"image":{"@id":"https:\/\/www.info-algerie.com\/actualites\/#\/schema\/logo\/image\/"},"sameAs":["https:\/\/www.facebook.com\/infoalgerieactu","https:\/\/x.com\/infoalgerie1"]},{"@type":"Person","@id":"https:\/\/www.info-algerie.com\/actualites\/#\/schema\/person\/847aaec44920825b843a08f30ec6aa1e","name":"La r\u00e9daction","image":{"@type":"ImageObject","inLanguage":"fr-FR","@id":"https:\/\/secure.gravatar.com\/avatar\/769db425c6f465158149f1ffd6cf61ce7a8a879d11dfbef8288af36dfddd418c?s=96&d=mm&r=g","url":"https:\/\/secure.gravatar.com\/avatar\/769db425c6f465158149f1ffd6cf61ce7a8a879d11dfbef8288af36dfddd418c?s=96&d=mm&r=g","contentUrl":"https:\/\/secure.gravatar.com\/avatar\/769db425c6f465158149f1ffd6cf61ce7a8a879d11dfbef8288af36dfddd418c?s=96&d=mm&r=g","caption":"La r\u00e9daction"},"sameAs":["http:\/\/www.lkeria.com\/"],"url":"https:\/\/www.info-algerie.com\/actualites\/author\/chakib32\/"}]}},"_links":{"self":[{"href":"https:\/\/www.info-algerie.com\/actualites\/wp-json\/wp\/v2\/posts\/12422","targetHints":{"allow":["GET"]}}],"collection":[{"href":"https:\/\/www.info-algerie.com\/actualites\/wp-json\/wp\/v2\/posts"}],"about":[{"href":"https:\/\/www.info-algerie.com\/actualites\/wp-json\/wp\/v2\/types\/post"}],"author":[{"embeddable":true,"href":"https:\/\/www.info-algerie.com\/actualites\/wp-json\/wp\/v2\/users\/6"}],"replies":[{"embeddable":true,"href":"https:\/\/www.info-algerie.com\/actualites\/wp-json\/wp\/v2\/comments?post=12422"}],"version-history":[{"count":0,"href":"https:\/\/www.info-algerie.com\/actualites\/wp-json\/wp\/v2\/posts\/12422\/revisions"}],"wp:featuredmedia":[{"embeddable":true,"href":"https:\/\/www.info-algerie.com\/actualites\/wp-json\/wp\/v2\/media\/12423"}],"wp:attachment":[{"href":"https:\/\/www.info-algerie.com\/actualites\/wp-json\/wp\/v2\/media?parent=12422"}],"wp:term":[{"taxonomy":"category","embeddable":true,"href":"https:\/\/www.info-algerie.com\/actualites\/wp-json\/wp\/v2\/categories?post=12422"},{"taxonomy":"post_tag","embeddable":true,"href":"https:\/\/www.info-algerie.com\/actualites\/wp-json\/wp\/v2\/tags?post=12422"}],"curies":[{"name":"wp","href":"https:\/\/api.w.org\/{rel}","templated":true}]}}