{"id":12445,"date":"2017-05-23T17:33:17","date_gmt":"2017-05-23T16:33:17","guid":{"rendered":"http:\/\/www.info-algerie.com\/actualites\/lexperience-de-lalgerie-en-matiere-de-lutte-contre-le-terrorisme-exposee-a-bruxelles\/"},"modified":"2017-05-23T17:33:17","modified_gmt":"2017-05-23T16:33:17","slug":"lexperience-de-lalgerie-en-matiere-de-lutte-contre-le-terrorisme-exposee-a-bruxelles","status":"publish","type":"post","link":"https:\/\/www.info-algerie.com\/actualites\/lexperience-de-lalgerie-en-matiere-de-lutte-contre-le-terrorisme-exposee-a-bruxelles\/","title":{"rendered":"L&#039;exp\u00e9rience de l&#039;Alg\u00e9rie en mati\u00e8re de lutte contre le terrorisme expos\u00e9e \u00e0 Bruxelles"},"content":{"rendered":"<div class=\"K2FeedImage\"><img decoding=\"async\" src=\"https:\/\/www.info-algerie.com\/actualites\/wp-content\/uploads\/2017\/05\/5f438af07d2d71f3ad9c8ef20c88c0f9_S.jpg\" alt=\"L'exp&#xE9;rience de l'Alg&#xE9;rie en mati&#xE8;re de lutte contre le terrorisme expos&#xE9;e &#xE0; Bruxelles\" \/><\/div>\n<div class=\"K2FeedIntroText\">\n<p>BRUXELLES &#8211; Le ministre des Affaires maghr\u00e9bines, de l&rsquo;Union africaine (UA) et de la Ligue des Etats arabes, Abdelkader Messahel a expos\u00e9, mardi \u00e0 Bruxelles, l&rsquo;exp\u00e9rience de l&rsquo;Alg\u00e9rie en mati\u00e8re de d\u00e9-radicalisation, affirmant que la lutte contre l&rsquo;extr\u00e9misme violent et le terrorisme consiste \u00e0 \u00ab\u00a0priver leurs tenants et promoteurs de facteurs\u00a0 d&rsquo;ancrage dans la soci\u00e9t\u00e9 et dans son mode de fonctionnement politique et socio\u00e9conomique\u00a0\u00bb.<\/p>\n<p>&#013;\n<\/p><\/div>\n<div class=\"K2FeedFullText\">&#013;<\/p>\n<p>Exposant l&rsquo;exp\u00e9rience de l&rsquo;Alg\u00e9rie en mati\u00e8re de d\u00e9-radicalisation et de lutte contre le terrorisme devant le comit\u00e9 politique et s\u00e9curit\u00e9 de l&rsquo;Union europ\u00e9enne (UE), le ministre a soulign\u00e9 que la politique alg\u00e9rienne repose sur la lutte contre les facteurs de marginalisation et d&rsquo;exclusion, la promotion de la justice sociale et de l&rsquo;\u00e9galit\u00e9 des chances.<\/p>\n<p>&#013;<\/p>\n<p>La politique de d\u00e9-radicalisation en Alg\u00e9rie repose \u00e9galement, a-t-il poursuivi, sur \u00a0\u00bb la r\u00e9conciliation nationale, la promotion de la d\u00e9mocratie, de l&rsquo;Etat de droit, de la bonne gouvernance, des droits de l&rsquo;homme et des libert\u00e9s fondamentales, ainsi que l&rsquo;ind\u00e9pendance de la justice\u00a0\u00bb.<\/p>\n<p>&#013;<\/p>\n<p>\u00ab\u00a0La d\u00e9mocratie s&rsquo;affirme comme le meilleur antidote \u00e0 l&rsquo;extr\u00e9misme violent et au terrorisme\u00a0\u00bb, a-t-il soutenu, relevant l&rsquo;importance de la politique de r\u00e9conciliation nationale qui, a-t-il dit, \u00ab\u00a0sacralise la vie humaine et la place au-dessus de toute autre consid\u00e9ration\u00a0\u00bb.<\/p>\n<p>&#013;<\/p>\n<p>Il a expliqu\u00e9, \u00e0 ce titre, que cette politique de r\u00e9conciliation nationale repose sur les valeurs fondamentales de tol\u00e9rance, de dialogue, du vivre ensemble, de l&rsquo;acceptation mutuelle et du respect de la diff\u00e9rence.<\/p>\n<p>&#013;<\/p>\n<p>M. Messahel a mis en exergue, en outre l&rsquo;importance de la justice sociale pour r\u00e9duire les vuln\u00e9rabilit\u00e9s ainsi que les marges d&rsquo;exposition aux arguments d\u00e9velopp\u00e9s et \u00ab\u00a0fortement\u00a0\u00bb exploit\u00e9s par les id\u00e9ologues et les recruteurs des groupes extr\u00e9mistes et terroristes.<\/p>\n<p>&#013;<\/p>\n<p>\u00ab\u00a0C&rsquo;est dans cette voie que l&rsquo;Alg\u00e9rie s&rsquo;est engag\u00e9e depuis l&rsquo;accession de Abdelaziz Bouteflika \u00e0 la magistrature supr\u00eame du pays en 1999. Et c&rsquo;est gr\u00e2ce \u00e0 cette politique que le pays a rapidement referm\u00e9, par des voies pacifiques et en partant de la conviction que la voie de la r\u00e9pression l\u00e9gale a n\u00e9cessairement ses limites, les plaies de la d\u00e9cennie noire\u00a0\u00bb,\u00a0 a-t-il affirm\u00e9.<\/p>\n<p>&#013;<\/p>\n<p>D\u00e9taillant les domaines couverts par la politique de d\u00e9-radicalisation mise en \u0153uvre en Alg\u00e9rie, le ministre a fait savoir que les autorit\u00e9s alg\u00e9riennes ont d\u00e9cid\u00e9 d&rsquo;impliquer tous les secteurs: politique, socio-\u00e9conomique, culturel, cultuel, \u00e9ducationnel et m\u00e9diatique dans la guerre livr\u00e9e au terrorisme.<\/p>\n<p>&#013;<\/p>\n<p>\u00a0<\/p>\n<p>&#013;<\/p>\n<p style=\"text-align: center\"><strong>Une politique de d\u00e9-radicalisation qui couvre tous les secteurs<\/strong><\/p>\n<p>&#013;<\/p>\n<p>\u00a0<\/p>\n<p>&#013;<\/p>\n<p>Sur le plan politique, M. Messahel a cit\u00e9 la r\u00e9vision constitutionnel de 2016 qui a couronn\u00e9 de nombreuses r\u00e9formes institutionnelles lanc\u00e9es les ann\u00e9es pr\u00e9c\u00e9dentes et la consolidation de la d\u00e9mocratie \u00e0 travers \u00ab\u00a0l&rsquo;\u00e9largissement des espaces d\u00e9mocratiques et le renforcement des fondements de l&rsquo;Etat de droit, notamment l&rsquo;extension des droits de\u00a0 l&rsquo;opposition, des partis politiques et de la soci\u00e9t\u00e9 civile dans la participation \u00e0 la gestion des affaires publiques\u00a0\u00bb.<\/p>\n<p>&#013;<\/p>\n<p>Au plan \u00e9conomique, le gouvernement alg\u00e9rien a fait de la r\u00e9duction du ch\u00f4mage son cheval de bataille pour \u00ab\u00a0offrir aux jeunes des opportunit\u00e9s d&rsquo;int\u00e9gration \u00e0 l&rsquo;\u00e9conomie et les soustraire \u00e0 la menace de l&rsquo;influence des groupes terroristes\u00a0\u00bb, a-t-il rappel\u00e9, pr\u00e9cisant que le taux de ch\u00f4mage en Alg\u00e9rie est pass\u00e9 de 29% en 1999 \u00e0 9,8% actuellement.<\/p>\n<p>&#013;<\/p>\n<p>Le ministre a rappel\u00e9 \u00e9galement la \u00ab\u00a0r\u00e9forme en profondeur\u00a0\u00bb qu&rsquo;a connue le secteur de l&rsquo;\u00e9ducation en 2008, et l&rsquo;action de l&rsquo;Etat sur le plan religieux, une action concentr\u00e9e, a-t-il dit, sur \u00ab\u00a0le r\u00e9tablissement de la centralit\u00e9 du r\u00e9f\u00e9rent national religieux dans la vie religieuse de la Nation\u00a0\u00bb.<\/p>\n<p>&#013;<\/p>\n<p>Une action, a-t-il poursuivi, qui a port\u00e9 essentiellement sur l&rsquo;am\u00e9lioration de la formation des imams, le recours aux mourchidates, le r\u00e9tablissement de la mosqu\u00e9e dans son r\u00f4le traditionnel, la centralisation du discours religieux et de la fetwa et leur mise \u00e0 l&rsquo;abri des influences et manipulations extr\u00e9mistes ou politiciennes.<\/p>\n<p>&#013;<\/p>\n<p>Le ministre a cit\u00e9, en outre, la cr\u00e9ation en cours d&rsquo;une acad\u00e9mie du Fiqh et d&rsquo;un observatoire national de l&rsquo;extr\u00e9misme violent, ainsi que d&rsquo;une chaire de l&rsquo;orientation religieuse et de l&rsquo;imamat au niveau de l&rsquo;universit\u00e9.<\/p>\n<p>&#013;<\/p>\n<p>L&rsquo;Alg\u00e9rie contribue \u00e9galement \u00e0 la formation des imams des pays du Sahel et envoie des imams pr\u00eacher un islam mod\u00e9r\u00e9 aupr\u00e8s de la communaut\u00e9 alg\u00e9rienne install\u00e9e en France, dans le cadre d&rsquo;un accord bilat\u00e9ral avec ce pays, a-t-il ajout\u00e9, marquant la disposition de l&rsquo;Alg\u00e9rie \u00e0 \u00ab\u00a0\u00e9largir cette exp\u00e9rience positive \u00e0 d&rsquo;autres pays int\u00e9ress\u00e9s par cette formule\u00a0\u00bb.<\/p>\n<p>&#013;<\/p>\n<p>D&rsquo;autres actions destin\u00e9es \u00e0 encourager \u00ab\u00a0l&rsquo;exercice effective de la libert\u00e9 d&rsquo;expression\u00a0\u00bb ont \u00e9t\u00e9 men\u00e9es par le gouvernement alg\u00e9rien, a rappel\u00e9 le ministre qui a mis l&rsquo;accent sur l&rsquo;ouverture du champ audiovisuel au capital priv\u00e9, dont le premier r\u00e9sultat positif, selon M. Messahel, a \u00e9t\u00e9 de \u00ab\u00a0d\u00e9tourner l&rsquo;attention de l&rsquo;\u00e9crasante majorit\u00e9 des jeunes alg\u00e9riens du discours extr\u00e9miste d\u00e9velopp\u00e9 par certaines stations de t\u00e9l\u00e9vision du Moyen Orient.<\/p>\n<p>&#013;<\/p>\n<p class=\"MsoNormal\">La politique de d\u00e9-radicalisation mise en \u0153uvre en Alg\u00e9rie a \u00e9t\u00e9 men\u00e9e gr\u00e2ce \u00e0 \u00ab\u00a0la combinaison des efforts de l&rsquo;Etat et de la soci\u00e9t\u00e9 civile\u00a0\u00bb, a-t-il affirm\u00e9.<\/p>\n<\/div>\n<p>&#013;<br \/>\nSource: <a href=\"http:\/\/www.aps.dz\/algerie\/58084-l-experience-de-l-algerie-en-matiere-de-lutte-contre-le-terrorisme-exposee-a-bruxelles\" target=\"_blank\">L&rsquo;exp\u00e9rience de l&rsquo;Alg\u00e9rie en mati\u00e8re de lutte contre le terrorisme expos\u00e9e \u00e0 Bruxelles<\/a><\/p>\n<!--CusAds0-->\n<div style=\"font-size: 0px; height: 0px; line-height: 0px; margin: 0; padding: 0; clear: both;\"><\/div>","protected":false},"excerpt":{"rendered":"<p>BRUXELLES &#8211; Le ministre des Affaires maghr\u00e9bines, de l&rsquo;Union africaine (UA) et de la Ligue des Etats arabes, Abdelkader Messahel a expos\u00e9, mardi \u00e0 Bruxelles, l&rsquo;exp\u00e9rience de l&rsquo;Alg\u00e9rie en mati\u00e8re de d\u00e9-radicalisation, affirmant que la lutte contre l&rsquo;extr\u00e9misme violent et le terrorisme consiste \u00e0 \u00ab\u00a0priver leurs tenants et promoteurs de facteurs\u00a0 d&rsquo;ancrage dans la soci\u00e9t\u00e9<\/p>\n","protected":false},"author":6,"featured_media":12446,"comment_status":"open","ping_status":"open","sticky":false,"template":"","format":"standard","meta":{"footnotes":""},"categories":[22],"tags":[93],"class_list":["post-12445","post","type-post","status-publish","format-standard","has-post-thumbnail","hentry","category-infos","tag-onu"],"yoast_head":"<!-- This site is optimized with the Yoast SEO plugin v27.5 - https:\/\/yoast.com\/product\/yoast-seo-wordpress\/ -->\n<title>L&#039;exp\u00e9rience de l&#039;Alg\u00e9rie en mati\u00e8re de lutte contre le terrorisme expos\u00e9e \u00e0 Bruxelles - info algerie<\/title>\n<meta name=\"robots\" content=\"index, follow, max-snippet:-1, max-image-preview:large, max-video-preview:-1\" \/>\n<link rel=\"canonical\" href=\"https:\/\/www.info-algerie.com\/actualites\/lexperience-de-lalgerie-en-matiere-de-lutte-contre-le-terrorisme-exposee-a-bruxelles\/\" \/>\n<meta property=\"og:locale\" content=\"fr_FR\" \/>\n<meta property=\"og:type\" content=\"article\" \/>\n<meta property=\"og:title\" content=\"L&#039;exp\u00e9rience de l&#039;Alg\u00e9rie en mati\u00e8re de lutte contre le terrorisme expos\u00e9e \u00e0 Bruxelles - info algerie\" \/>\n<meta property=\"og:description\" content=\"BRUXELLES &#8211; Le ministre des Affaires maghr\u00e9bines, de l&rsquo;Union africaine (UA) et de la Ligue des Etats arabes, Abdelkader Messahel a expos\u00e9, mardi \u00e0 Bruxelles, l&rsquo;exp\u00e9rience de l&rsquo;Alg\u00e9rie en mati\u00e8re de d\u00e9-radicalisation, affirmant que la lutte contre l&rsquo;extr\u00e9misme violent et le terrorisme consiste \u00e0 \u00ab\u00a0priver leurs tenants et promoteurs de facteurs\u00a0 d&rsquo;ancrage dans la soci\u00e9t\u00e9\" \/>\n<meta property=\"og:url\" content=\"https:\/\/www.info-algerie.com\/actualites\/lexperience-de-lalgerie-en-matiere-de-lutte-contre-le-terrorisme-exposee-a-bruxelles\/\" \/>\n<meta property=\"og:site_name\" content=\"info algerie\" \/>\n<meta property=\"article:publisher\" content=\"https:\/\/www.facebook.com\/infoalgerieactu\" \/>\n<meta property=\"article:published_time\" content=\"2017-05-23T16:33:17+00:00\" \/>\n<meta property=\"og:image\" content=\"https:\/\/www.info-algerie.com\/actualites\/wp-content\/uploads\/2017\/05\/5f438af07d2d71f3ad9c8ef20c88c0f9_S-1.jpg\" \/>\n\t<meta property=\"og:image:width\" content=\"280\" \/>\n\t<meta property=\"og:image:height\" content=\"169\" \/>\n\t<meta property=\"og:image:type\" content=\"image\/jpeg\" \/>\n<meta name=\"author\" content=\"La r\u00e9daction\" \/>\n<meta name=\"twitter:label1\" content=\"\u00c9crit par\" \/>\n\t<meta name=\"twitter:data1\" content=\"La r\u00e9daction\" \/>\n\t<meta name=\"twitter:label2\" content=\"Dur\u00e9e de lecture estim\u00e9e\" \/>\n\t<meta name=\"twitter:data2\" content=\"4 minutes\" \/>\n<script type=\"application\/ld+json\" class=\"yoast-schema-graph\">{\"@context\":\"https:\\\/\\\/schema.org\",\"@graph\":[{\"@type\":\"Article\",\"@id\":\"https:\\\/\\\/www.info-algerie.com\\\/actualites\\\/lexperience-de-lalgerie-en-matiere-de-lutte-contre-le-terrorisme-exposee-a-bruxelles\\\/#article\",\"isPartOf\":{\"@id\":\"https:\\\/\\\/www.info-algerie.com\\\/actualites\\\/lexperience-de-lalgerie-en-matiere-de-lutte-contre-le-terrorisme-exposee-a-bruxelles\\\/\"},\"author\":{\"name\":\"La r\u00e9daction\",\"@id\":\"https:\\\/\\\/www.info-algerie.com\\\/actualites\\\/#\\\/schema\\\/person\\\/847aaec44920825b843a08f30ec6aa1e\"},\"headline\":\"L&#039;exp\u00e9rience de l&#039;Alg\u00e9rie en mati\u00e8re de lutte contre le terrorisme expos\u00e9e \u00e0 Bruxelles\",\"datePublished\":\"2017-05-23T16:33:17+00:00\",\"mainEntityOfPage\":{\"@id\":\"https:\\\/\\\/www.info-algerie.com\\\/actualites\\\/lexperience-de-lalgerie-en-matiere-de-lutte-contre-le-terrorisme-exposee-a-bruxelles\\\/\"},\"wordCount\":966,\"commentCount\":0,\"publisher\":{\"@id\":\"https:\\\/\\\/www.info-algerie.com\\\/actualites\\\/#organization\"},\"image\":{\"@id\":\"https:\\\/\\\/www.info-algerie.com\\\/actualites\\\/lexperience-de-lalgerie-en-matiere-de-lutte-contre-le-terrorisme-exposee-a-bruxelles\\\/#primaryimage\"},\"thumbnailUrl\":\"https:\\\/\\\/www.info-algerie.com\\\/actualites\\\/wp-content\\\/uploads\\\/2017\\\/05\\\/5f438af07d2d71f3ad9c8ef20c88c0f9_S-1.jpg\",\"keywords\":[\"ONU\"],\"articleSection\":[\"infos\"],\"inLanguage\":\"fr-FR\",\"potentialAction\":[{\"@type\":\"CommentAction\",\"name\":\"Comment\",\"target\":[\"https:\\\/\\\/www.info-algerie.com\\\/actualites\\\/lexperience-de-lalgerie-en-matiere-de-lutte-contre-le-terrorisme-exposee-a-bruxelles\\\/#respond\"]}]},{\"@type\":\"WebPage\",\"@id\":\"https:\\\/\\\/www.info-algerie.com\\\/actualites\\\/lexperience-de-lalgerie-en-matiere-de-lutte-contre-le-terrorisme-exposee-a-bruxelles\\\/\",\"url\":\"https:\\\/\\\/www.info-algerie.com\\\/actualites\\\/lexperience-de-lalgerie-en-matiere-de-lutte-contre-le-terrorisme-exposee-a-bruxelles\\\/\",\"name\":\"L&#039;exp\u00e9rience de l&#039;Alg\u00e9rie en mati\u00e8re de lutte contre le terrorisme expos\u00e9e \u00e0 Bruxelles - info algerie\",\"isPartOf\":{\"@id\":\"https:\\\/\\\/www.info-algerie.com\\\/actualites\\\/#website\"},\"primaryImageOfPage\":{\"@id\":\"https:\\\/\\\/www.info-algerie.com\\\/actualites\\\/lexperience-de-lalgerie-en-matiere-de-lutte-contre-le-terrorisme-exposee-a-bruxelles\\\/#primaryimage\"},\"image\":{\"@id\":\"https:\\\/\\\/www.info-algerie.com\\\/actualites\\\/lexperience-de-lalgerie-en-matiere-de-lutte-contre-le-terrorisme-exposee-a-bruxelles\\\/#primaryimage\"},\"thumbnailUrl\":\"https:\\\/\\\/www.info-algerie.com\\\/actualites\\\/wp-content\\\/uploads\\\/2017\\\/05\\\/5f438af07d2d71f3ad9c8ef20c88c0f9_S-1.jpg\",\"datePublished\":\"2017-05-23T16:33:17+00:00\",\"breadcrumb\":{\"@id\":\"https:\\\/\\\/www.info-algerie.com\\\/actualites\\\/lexperience-de-lalgerie-en-matiere-de-lutte-contre-le-terrorisme-exposee-a-bruxelles\\\/#breadcrumb\"},\"inLanguage\":\"fr-FR\",\"potentialAction\":[{\"@type\":\"ReadAction\",\"target\":[\"https:\\\/\\\/www.info-algerie.com\\\/actualites\\\/lexperience-de-lalgerie-en-matiere-de-lutte-contre-le-terrorisme-exposee-a-bruxelles\\\/\"]}]},{\"@type\":\"ImageObject\",\"inLanguage\":\"fr-FR\",\"@id\":\"https:\\\/\\\/www.info-algerie.com\\\/actualites\\\/lexperience-de-lalgerie-en-matiere-de-lutte-contre-le-terrorisme-exposee-a-bruxelles\\\/#primaryimage\",\"url\":\"https:\\\/\\\/www.info-algerie.com\\\/actualites\\\/wp-content\\\/uploads\\\/2017\\\/05\\\/5f438af07d2d71f3ad9c8ef20c88c0f9_S-1.jpg\",\"contentUrl\":\"https:\\\/\\\/www.info-algerie.com\\\/actualites\\\/wp-content\\\/uploads\\\/2017\\\/05\\\/5f438af07d2d71f3ad9c8ef20c88c0f9_S-1.jpg\",\"width\":280,\"height\":169},{\"@type\":\"BreadcrumbList\",\"@id\":\"https:\\\/\\\/www.info-algerie.com\\\/actualites\\\/lexperience-de-lalgerie-en-matiere-de-lutte-contre-le-terrorisme-exposee-a-bruxelles\\\/#breadcrumb\",\"itemListElement\":[{\"@type\":\"ListItem\",\"position\":1,\"name\":\"Accueil\",\"item\":\"https:\\\/\\\/www.info-algerie.com\\\/actualites\\\/\"},{\"@type\":\"ListItem\",\"position\":2,\"name\":\"L&#039;exp\u00e9rience de l&#039;Alg\u00e9rie en mati\u00e8re de lutte contre le terrorisme expos\u00e9e \u00e0 Bruxelles\"}]},{\"@type\":\"WebSite\",\"@id\":\"https:\\\/\\\/www.info-algerie.com\\\/actualites\\\/#website\",\"url\":\"https:\\\/\\\/www.info-algerie.com\\\/actualites\\\/\",\"name\":\"info algerie\",\"description\":\"Toutes les actualit\u00e9s\",\"publisher\":{\"@id\":\"https:\\\/\\\/www.info-algerie.com\\\/actualites\\\/#organization\"},\"potentialAction\":[{\"@type\":\"SearchAction\",\"target\":{\"@type\":\"EntryPoint\",\"urlTemplate\":\"https:\\\/\\\/www.info-algerie.com\\\/actualites\\\/?s={search_term_string}\"},\"query-input\":{\"@type\":\"PropertyValueSpecification\",\"valueRequired\":true,\"valueName\":\"search_term_string\"}}],\"inLanguage\":\"fr-FR\"},{\"@type\":\"Organization\",\"@id\":\"https:\\\/\\\/www.info-algerie.com\\\/actualites\\\/#organization\",\"name\":\"info algerie\",\"url\":\"https:\\\/\\\/www.info-algerie.com\\\/actualites\\\/\",\"logo\":{\"@type\":\"ImageObject\",\"inLanguage\":\"fr-FR\",\"@id\":\"https:\\\/\\\/www.info-algerie.com\\\/actualites\\\/#\\\/schema\\\/logo\\\/image\\\/\",\"url\":\"https:\\\/\\\/www.info-algerie.com\\\/actualites\\\/wp-content\\\/uploads\\\/2022\\\/07\\\/logo-ia-120.png\",\"contentUrl\":\"https:\\\/\\\/www.info-algerie.com\\\/actualites\\\/wp-content\\\/uploads\\\/2022\\\/07\\\/logo-ia-120.png\",\"width\":120,\"height\":43,\"caption\":\"info algerie\"},\"image\":{\"@id\":\"https:\\\/\\\/www.info-algerie.com\\\/actualites\\\/#\\\/schema\\\/logo\\\/image\\\/\"},\"sameAs\":[\"https:\\\/\\\/www.facebook.com\\\/infoalgerieactu\",\"https:\\\/\\\/x.com\\\/infoalgerie1\"]},{\"@type\":\"Person\",\"@id\":\"https:\\\/\\\/www.info-algerie.com\\\/actualites\\\/#\\\/schema\\\/person\\\/847aaec44920825b843a08f30ec6aa1e\",\"name\":\"La r\u00e9daction\",\"image\":{\"@type\":\"ImageObject\",\"inLanguage\":\"fr-FR\",\"@id\":\"https:\\\/\\\/secure.gravatar.com\\\/avatar\\\/769db425c6f465158149f1ffd6cf61ce7a8a879d11dfbef8288af36dfddd418c?s=96&d=mm&r=g\",\"url\":\"https:\\\/\\\/secure.gravatar.com\\\/avatar\\\/769db425c6f465158149f1ffd6cf61ce7a8a879d11dfbef8288af36dfddd418c?s=96&d=mm&r=g\",\"contentUrl\":\"https:\\\/\\\/secure.gravatar.com\\\/avatar\\\/769db425c6f465158149f1ffd6cf61ce7a8a879d11dfbef8288af36dfddd418c?s=96&d=mm&r=g\",\"caption\":\"La r\u00e9daction\"},\"sameAs\":[\"http:\\\/\\\/www.lkeria.com\\\/\"],\"url\":\"https:\\\/\\\/www.info-algerie.com\\\/actualites\\\/author\\\/chakib32\\\/\"}]}<\/script>\n<!-- \/ Yoast SEO plugin. -->","yoast_head_json":{"title":"L&#039;exp\u00e9rience de l&#039;Alg\u00e9rie en mati\u00e8re de lutte contre le terrorisme expos\u00e9e \u00e0 Bruxelles - info algerie","robots":{"index":"index","follow":"follow","max-snippet":"max-snippet:-1","max-image-preview":"max-image-preview:large","max-video-preview":"max-video-preview:-1"},"canonical":"https:\/\/www.info-algerie.com\/actualites\/lexperience-de-lalgerie-en-matiere-de-lutte-contre-le-terrorisme-exposee-a-bruxelles\/","og_locale":"fr_FR","og_type":"article","og_title":"L&#039;exp\u00e9rience de l&#039;Alg\u00e9rie en mati\u00e8re de lutte contre le terrorisme expos\u00e9e \u00e0 Bruxelles - info algerie","og_description":"BRUXELLES &#8211; Le ministre des Affaires maghr\u00e9bines, de l&rsquo;Union africaine (UA) et de la Ligue des Etats arabes, Abdelkader Messahel a expos\u00e9, mardi \u00e0 Bruxelles, l&rsquo;exp\u00e9rience de l&rsquo;Alg\u00e9rie en mati\u00e8re de d\u00e9-radicalisation, affirmant que la lutte contre l&rsquo;extr\u00e9misme violent et le terrorisme consiste \u00e0 \u00ab\u00a0priver leurs tenants et promoteurs de facteurs\u00a0 d&rsquo;ancrage dans la soci\u00e9t\u00e9","og_url":"https:\/\/www.info-algerie.com\/actualites\/lexperience-de-lalgerie-en-matiere-de-lutte-contre-le-terrorisme-exposee-a-bruxelles\/","og_site_name":"info algerie","article_publisher":"https:\/\/www.facebook.com\/infoalgerieactu","article_published_time":"2017-05-23T16:33:17+00:00","og_image":[{"width":280,"height":169,"url":"https:\/\/www.info-algerie.com\/actualites\/wp-content\/uploads\/2017\/05\/5f438af07d2d71f3ad9c8ef20c88c0f9_S-1.jpg","type":"image\/jpeg"}],"author":"La r\u00e9daction","twitter_misc":{"\u00c9crit par":"La r\u00e9daction","Dur\u00e9e de lecture estim\u00e9e":"4 minutes"},"schema":{"@context":"https:\/\/schema.org","@graph":[{"@type":"Article","@id":"https:\/\/www.info-algerie.com\/actualites\/lexperience-de-lalgerie-en-matiere-de-lutte-contre-le-terrorisme-exposee-a-bruxelles\/#article","isPartOf":{"@id":"https:\/\/www.info-algerie.com\/actualites\/lexperience-de-lalgerie-en-matiere-de-lutte-contre-le-terrorisme-exposee-a-bruxelles\/"},"author":{"name":"La r\u00e9daction","@id":"https:\/\/www.info-algerie.com\/actualites\/#\/schema\/person\/847aaec44920825b843a08f30ec6aa1e"},"headline":"L&#039;exp\u00e9rience de l&#039;Alg\u00e9rie en mati\u00e8re de lutte contre le terrorisme expos\u00e9e \u00e0 Bruxelles","datePublished":"2017-05-23T16:33:17+00:00","mainEntityOfPage":{"@id":"https:\/\/www.info-algerie.com\/actualites\/lexperience-de-lalgerie-en-matiere-de-lutte-contre-le-terrorisme-exposee-a-bruxelles\/"},"wordCount":966,"commentCount":0,"publisher":{"@id":"https:\/\/www.info-algerie.com\/actualites\/#organization"},"image":{"@id":"https:\/\/www.info-algerie.com\/actualites\/lexperience-de-lalgerie-en-matiere-de-lutte-contre-le-terrorisme-exposee-a-bruxelles\/#primaryimage"},"thumbnailUrl":"https:\/\/www.info-algerie.com\/actualites\/wp-content\/uploads\/2017\/05\/5f438af07d2d71f3ad9c8ef20c88c0f9_S-1.jpg","keywords":["ONU"],"articleSection":["infos"],"inLanguage":"fr-FR","potentialAction":[{"@type":"CommentAction","name":"Comment","target":["https:\/\/www.info-algerie.com\/actualites\/lexperience-de-lalgerie-en-matiere-de-lutte-contre-le-terrorisme-exposee-a-bruxelles\/#respond"]}]},{"@type":"WebPage","@id":"https:\/\/www.info-algerie.com\/actualites\/lexperience-de-lalgerie-en-matiere-de-lutte-contre-le-terrorisme-exposee-a-bruxelles\/","url":"https:\/\/www.info-algerie.com\/actualites\/lexperience-de-lalgerie-en-matiere-de-lutte-contre-le-terrorisme-exposee-a-bruxelles\/","name":"L&#039;exp\u00e9rience de l&#039;Alg\u00e9rie en mati\u00e8re de lutte contre le terrorisme expos\u00e9e \u00e0 Bruxelles - info algerie","isPartOf":{"@id":"https:\/\/www.info-algerie.com\/actualites\/#website"},"primaryImageOfPage":{"@id":"https:\/\/www.info-algerie.com\/actualites\/lexperience-de-lalgerie-en-matiere-de-lutte-contre-le-terrorisme-exposee-a-bruxelles\/#primaryimage"},"image":{"@id":"https:\/\/www.info-algerie.com\/actualites\/lexperience-de-lalgerie-en-matiere-de-lutte-contre-le-terrorisme-exposee-a-bruxelles\/#primaryimage"},"thumbnailUrl":"https:\/\/www.info-algerie.com\/actualites\/wp-content\/uploads\/2017\/05\/5f438af07d2d71f3ad9c8ef20c88c0f9_S-1.jpg","datePublished":"2017-05-23T16:33:17+00:00","breadcrumb":{"@id":"https:\/\/www.info-algerie.com\/actualites\/lexperience-de-lalgerie-en-matiere-de-lutte-contre-le-terrorisme-exposee-a-bruxelles\/#breadcrumb"},"inLanguage":"fr-FR","potentialAction":[{"@type":"ReadAction","target":["https:\/\/www.info-algerie.com\/actualites\/lexperience-de-lalgerie-en-matiere-de-lutte-contre-le-terrorisme-exposee-a-bruxelles\/"]}]},{"@type":"ImageObject","inLanguage":"fr-FR","@id":"https:\/\/www.info-algerie.com\/actualites\/lexperience-de-lalgerie-en-matiere-de-lutte-contre-le-terrorisme-exposee-a-bruxelles\/#primaryimage","url":"https:\/\/www.info-algerie.com\/actualites\/wp-content\/uploads\/2017\/05\/5f438af07d2d71f3ad9c8ef20c88c0f9_S-1.jpg","contentUrl":"https:\/\/www.info-algerie.com\/actualites\/wp-content\/uploads\/2017\/05\/5f438af07d2d71f3ad9c8ef20c88c0f9_S-1.jpg","width":280,"height":169},{"@type":"BreadcrumbList","@id":"https:\/\/www.info-algerie.com\/actualites\/lexperience-de-lalgerie-en-matiere-de-lutte-contre-le-terrorisme-exposee-a-bruxelles\/#breadcrumb","itemListElement":[{"@type":"ListItem","position":1,"name":"Accueil","item":"https:\/\/www.info-algerie.com\/actualites\/"},{"@type":"ListItem","position":2,"name":"L&#039;exp\u00e9rience de l&#039;Alg\u00e9rie en mati\u00e8re de lutte contre le terrorisme expos\u00e9e \u00e0 Bruxelles"}]},{"@type":"WebSite","@id":"https:\/\/www.info-algerie.com\/actualites\/#website","url":"https:\/\/www.info-algerie.com\/actualites\/","name":"info algerie","description":"Toutes les actualit\u00e9s","publisher":{"@id":"https:\/\/www.info-algerie.com\/actualites\/#organization"},"potentialAction":[{"@type":"SearchAction","target":{"@type":"EntryPoint","urlTemplate":"https:\/\/www.info-algerie.com\/actualites\/?s={search_term_string}"},"query-input":{"@type":"PropertyValueSpecification","valueRequired":true,"valueName":"search_term_string"}}],"inLanguage":"fr-FR"},{"@type":"Organization","@id":"https:\/\/www.info-algerie.com\/actualites\/#organization","name":"info algerie","url":"https:\/\/www.info-algerie.com\/actualites\/","logo":{"@type":"ImageObject","inLanguage":"fr-FR","@id":"https:\/\/www.info-algerie.com\/actualites\/#\/schema\/logo\/image\/","url":"https:\/\/www.info-algerie.com\/actualites\/wp-content\/uploads\/2022\/07\/logo-ia-120.png","contentUrl":"https:\/\/www.info-algerie.com\/actualites\/wp-content\/uploads\/2022\/07\/logo-ia-120.png","width":120,"height":43,"caption":"info algerie"},"image":{"@id":"https:\/\/www.info-algerie.com\/actualites\/#\/schema\/logo\/image\/"},"sameAs":["https:\/\/www.facebook.com\/infoalgerieactu","https:\/\/x.com\/infoalgerie1"]},{"@type":"Person","@id":"https:\/\/www.info-algerie.com\/actualites\/#\/schema\/person\/847aaec44920825b843a08f30ec6aa1e","name":"La r\u00e9daction","image":{"@type":"ImageObject","inLanguage":"fr-FR","@id":"https:\/\/secure.gravatar.com\/avatar\/769db425c6f465158149f1ffd6cf61ce7a8a879d11dfbef8288af36dfddd418c?s=96&d=mm&r=g","url":"https:\/\/secure.gravatar.com\/avatar\/769db425c6f465158149f1ffd6cf61ce7a8a879d11dfbef8288af36dfddd418c?s=96&d=mm&r=g","contentUrl":"https:\/\/secure.gravatar.com\/avatar\/769db425c6f465158149f1ffd6cf61ce7a8a879d11dfbef8288af36dfddd418c?s=96&d=mm&r=g","caption":"La r\u00e9daction"},"sameAs":["http:\/\/www.lkeria.com\/"],"url":"https:\/\/www.info-algerie.com\/actualites\/author\/chakib32\/"}]}},"_links":{"self":[{"href":"https:\/\/www.info-algerie.com\/actualites\/wp-json\/wp\/v2\/posts\/12445","targetHints":{"allow":["GET"]}}],"collection":[{"href":"https:\/\/www.info-algerie.com\/actualites\/wp-json\/wp\/v2\/posts"}],"about":[{"href":"https:\/\/www.info-algerie.com\/actualites\/wp-json\/wp\/v2\/types\/post"}],"author":[{"embeddable":true,"href":"https:\/\/www.info-algerie.com\/actualites\/wp-json\/wp\/v2\/users\/6"}],"replies":[{"embeddable":true,"href":"https:\/\/www.info-algerie.com\/actualites\/wp-json\/wp\/v2\/comments?post=12445"}],"version-history":[{"count":0,"href":"https:\/\/www.info-algerie.com\/actualites\/wp-json\/wp\/v2\/posts\/12445\/revisions"}],"wp:featuredmedia":[{"embeddable":true,"href":"https:\/\/www.info-algerie.com\/actualites\/wp-json\/wp\/v2\/media\/12446"}],"wp:attachment":[{"href":"https:\/\/www.info-algerie.com\/actualites\/wp-json\/wp\/v2\/media?parent=12445"}],"wp:term":[{"taxonomy":"category","embeddable":true,"href":"https:\/\/www.info-algerie.com\/actualites\/wp-json\/wp\/v2\/categories?post=12445"},{"taxonomy":"post_tag","embeddable":true,"href":"https:\/\/www.info-algerie.com\/actualites\/wp-json\/wp\/v2\/tags?post=12445"}],"curies":[{"name":"wp","href":"https:\/\/api.w.org\/{rel}","templated":true}]}}